{"id":26750,"date":"2017-10-01T16:20:06","date_gmt":"2017-10-01T23:20:06","guid":{"rendered":"http:\/\/www.sonoraenequipo.com.mx\/?p=26750"},"modified":"2017-10-01T20:02:53","modified_gmt":"2017-10-02T03:02:53","slug":"va-hermosillo-rumbo-correcto","status":"publish","type":"post","link":"https:\/\/www.sonoraenequipo.com.mx\/va-hermosillo-rumbo-correcto\/","title":{"rendered":"Va Hermosillo por el rumbo correcto"},"content":{"rendered":"<p>HERMOSILLO, SONORA. MX.\u2014 \u201cMe queda muy claro de que no todo se cosecha de inmediato, sin embargo estamos reconstruyendo los cimientos que encontramos destrozados\u201d, expres\u00f3 Manuel Ignacio Maloro Acosta, durante un encuentro con empresarios de la localidad.<\/p>\n<p> <\/p>\n<p>Ante l\u00edderes e integrantes de organismos como la Uni\u00f3n Ganadera, CANACO y Canadevi; agricultores; instituciones acad\u00e9micas de nivel superior y diputados locales, as\u00ed como los titulares de dependencias municipales y Regidores del Cabildo hermosillense, se\u00f1al\u00f3 que Hermosillo va en la direcci\u00f3n correcta.<\/p>\n<p>Durante este di\u00e1logo Maloro Acosta describi\u00f3 entre los proyectos de corto plazo previstos para lo que resta de la administraci\u00f3n un parque lineal en el bulevar L\u00e1zaro C\u00e1rdenas; el rescate de la laguna de La Sauceda; continuidad en el bacheo y recarpeteo y gesti\u00f3n de obra p\u00fablica, tanto de la que se ve como la que queda oculta.<\/p>\n<p>Dej\u00f3 en claro que el proyecto del Parque Metropolitano est\u00e1 m\u00e1s vigente que nunca. \u201cA m\u00ed me ense\u00f1aron el valor de la palabra y es lo que importa, Hermosillo contar\u00e1 con este parque antes de que termine este periodo de gobierno, en eso queda mi palabra empe\u00f1ada\u201d, expres\u00f3.<\/p>\n<p>Ubic\u00f3 lo hecho durante los dos a\u00f1os de su gesti\u00f3n en el contexto de una limitada disponibilidad de recursos federales; un endeudamiento irresponsablemente generado y pr\u00e1cticas incorrectas como desincorporaci\u00f3n irregular de valiosos predios propiedad del municipio, de los cuales m\u00e1s de 15 ya se recuperaron.<\/p>\n<p>Maloro Acosta revel\u00f3 que en estos momentos se desahogan en Contralor\u00eda Municipal procedimientos de responsabilidad por temas administrativos; se presentaron 6 denuncias ante la Fiscal\u00eda Anticorrupci\u00f3n y se sancionaron a 29 servidores p\u00fablicos.<\/p>\n<p>Por su parte, Roberto Ruibal Astiazar\u00e1n, Director de la Comisi\u00f3n de Fomento Econ\u00f3mico del Municipio de Hermosillo, explic\u00f3 que esta capital cuenta con fortalezas econ\u00f3micas importantes de las que dan cuenta publicaciones y organismos evaluadores especializados.<\/p>\n<p>Mencion\u00f3 que de enero a julio de este a\u00f1o, se han creado en todo el estado 15 mil 674 empleos formales, de los cuales 7 mil 734 son en Hermosillo.<\/p>\n<p>El Director de la Comisi\u00f3n de Fomento Econ\u00f3mico anunci\u00f3 que pronto 3 empresas del ramo de la energ\u00eda solar se instalar\u00e1n en el Municipio e invertir\u00e1n alrededor de 450 millones de d\u00f3lares en un periodo de 25 a\u00f1os.<\/p>\n<p>Eduardo Lemmen Meyer, Director de la Comisi\u00f3n de Fomento Tur\u00edstico Municipal, describi\u00f3 las estrategias que el Gobierno Municipal tiene en marcha para desarrollar el potencial de \u00e1reas como el Centro Hist\u00f3rico de la ciudad, Bah\u00eda de Kino y el \u00e1rea rural Oriente, entre los que se cuentan V\u00edactiva, Kino M\u00e1gico y el Corredor Gastron\u00f3mico de San Pedro El Saucito.<\/p>\n<p>Durante la charla, Mirtha Alvarado, de CANACO celebr\u00f3 la reducci\u00f3n de tr\u00e1mites para la apertura y operaci\u00f3n de empresas en esta capital y sostuvo que esa es una muy buena manera de facilitar la generaci\u00f3n de empleos y riqueza en beneficio de todos.<\/p>\n<p>Aprovech\u00f3 para sugerir que se garantice un plazo para la resoluci\u00f3n de los tr\u00e1mites, como una forma de hacer m\u00e1s eficaz la interacci\u00f3n entre los emprendedores y el municipio, en caso de apertura de negocios, cierres o revalidaciones.<\/p>\n<p>En el intercambio de ideas surgi\u00f3 la propuesta de organizar una misi\u00f3n comercial a la ciudad de Phoenix encabezada por Maloro Acosta y a la vez invitar a que los empresarios y el Alcalde de aquella ciudad, Greg Stanton hagan lo propio en Hermosillo.<\/p>\n<p>Tambi\u00e9n se plante\u00f3 la disposici\u00f3n de la empresa Index para emplear a egresados del programa EnCausa. como una forma de contribuir al esfuerzo que el Gobierno Municipal emprendi\u00f3 para que familias en situaci\u00f3n de pobreza extrema, logren superar su condici\u00f3n.<\/p>\n<p>Adolfo L\u00f3pez, quien acudi\u00f3 a la reuni\u00f3n con la representaci\u00f3n de la Asociaci\u00f3n Mexicana de Promotores Inmobiliarios (AMPI), secci\u00f3n Hermosillo, dio la primicia de que ya es un hecho la instalaci\u00f3n de una planta de energ\u00eda fotovoltaica en 380 hect\u00e1reas ubicadas en la zona conocida como Pedernal en el \u00e1rea de Tastiota.<\/p>\n<p>\u201cMuchas felicidades por la apertura de negociaci\u00f3n y la apertura de tramitolog\u00eda\u201d, concluy\u00f3.<\/p>\n<p>En respuesta, Maloro Acosta refrend\u00f3 el inter\u00e9s de su gobierno de entrarle con todo a la reglamentaci\u00f3n para la operaci\u00f3n de este tipo de industria en el Municipio, en aras de darle certeza a estas inversiones, pero tambi\u00e9n considerando el bienestar de la comunidad ahora y para el futuro.<\/p>\n<p>(Fecha de publicaci\u00f3n 01102017)<\/p>\n","protected":false},"excerpt":{"rendered":"<p>HERMOSILLO, SONORA. MX.\u2014 \u201cMe queda muy claro de que no todo se cosecha de inmediato,&#8230;<\/p>\n","protected":false},"author":1,"featured_media":26751,"comment_status":"open","ping_status":"open","sticky":false,"template":"","format":"standard","meta":{"_monsterinsights_skip_tracking":false,"_monsterinsights_sitenote_active":false,"_monsterinsights_sitenote_note":"","_monsterinsights_sitenote_category":0,"footnotes":""},"categories":[13,4],"tags":[],"class_list":["post"],"yoast_head":" \n<title>Sonora en Equipo. Va Hermosillo por el rumbo correcto Destacadas<\/title>\n<meta name=\"description\" content=\"HERMOSILLO, SONORA. MX.\u2014 \u201cMe queda muy claro de que no todo se cosecha de inmediato, sin embargo estamos reconstruyendo los cimientos que encontramos En Sonora en Equipo publicamos toda la informaci\u00f3n de Sonora, M\u00e9xico y el Mundo de manera oportuna y busca que la libertad de expresi\u00f3n sea real. Visita nuestro medio informativo publicado desde Hermosillo, Sonora. %\" \/>\n<meta name=\"robots\" content=\"index, follow, max-snippet:-1, max-image-preview:large, max-video-preview:-1\" \/>\n<link rel=\"canonical\" href=\"https:\/\/www.sonoraenequipo.com.mx\/va-hermosillo-rumbo-correcto\/\" \/>\n<meta property=\"og:locale\" content=\"es_ES\" \/>\n<meta property=\"og:type\" content=\"article\" \/>\n<meta property=\"og:title\" content=\"Sonora en Equipo. Va Hermosillo por el rumbo correcto Destacadas\" \/>\n<meta property=\"og:description\" content=\"HERMOSILLO, SONORA. MX.\u2014 \u201cMe queda muy claro de que no todo se cosecha de inmediato, sin embargo estamos reconstruyendo los cimientos que encontramos En Sonora en Equipo publicamos toda la informaci\u00f3n de Sonora, M\u00e9xico y el Mundo de manera oportuna y busca que la libertad de expresi\u00f3n sea real. Visita nuestro medio informativo publicado desde Hermosillo, Sonora. %\" \/>\n<meta property=\"og:url\" content=\"https:\/\/www.sonoraenequipo.com.mx\/va-hermosillo-rumbo-correcto\/\" \/>\n<meta property=\"og:site_name\" content=\"Sonora en Equipo.\" \/>\n<meta property=\"article:publisher\" content=\"https:\/\/www.facebook.com\/SonoraEE\/\" \/>\n<meta property=\"article:author\" content=\"https:\/\/www.facebook.com\/SonoraEE\" \/>\n<meta property=\"article:published_time\" content=\"2017-10-01T23:20:06+00:00\" \/>\n<meta property=\"article:modified_time\" content=\"2017-10-02T03:02:53+00:00\" \/>\n<meta property=\"og:image\" content=\"https:\/\/www.sonoraenequipo.com.mx\/storage\/2017\/10\/vahilloxelrumbocorrecto_opt1.jpg\" \/>\n\t<meta property=\"og:image:width\" content=\"900\" \/>\n\t<meta property=\"og:image:height\" content=\"500\" \/>\n\t<meta property=\"og:image:type\" content=\"image\/jpeg\" \/>\n<meta name=\"author\" content=\"enequipo\" \/>\n<meta name=\"twitter:card\" content=\"summary_large_image\" \/>\n<meta name=\"twitter:creator\" content=\"@sonoraenequipo\" \/>\n<meta name=\"twitter:site\" content=\"@sonoraenequipo\" \/>\n<meta name=\"twitter:label1\" content=\"Escrito por\" \/>\n\t<meta name=\"twitter:data1\" content=\"enequipo\" \/>\n\t<meta name=\"twitter:label2\" content=\"Tiempo de lectura\" \/>\n\t<meta name=\"twitter:data2\" content=\"4 minutos\" \/>\n<script type=\"application\/ld+json\" class=\"yoast-schema-graph\">{\"@context\":\"https:\/\/schema.org\",\"@graph\":[{\"@type\":\"Article\",\"@id\":\"https:\/\/www.sonoraenequipo.com.mx\/va-hermosillo-rumbo-correcto\/#article\",\"isPartOf\":{\"@id\":\"https:\/\/www.sonoraenequipo.com.mx\/va-hermosillo-rumbo-correcto\/\"},\"author\":{\"name\":\"enequipo\",\"@id\":\"https:\/\/www.sonoraenequipo.com.mx\/#\/schema\/person\/50102df0fb23a8fa9e8effad8fa81386\"},\"headline\":\"Va Hermosillo por el rumbo correcto\",\"datePublished\":\"2017-10-01T23:20:06+00:00\",\"dateModified\":\"2017-10-02T03:02:53+00:00\",\"mainEntityOfPage\":{\"@id\":\"https:\/\/www.sonoraenequipo.com.mx\/va-hermosillo-rumbo-correcto\/\"},\"wordCount\":773,\"commentCount\":0,\"publisher\":{\"@id\":\"https:\/\/www.sonoraenequipo.com.mx\/#organization\"},\"image\":{\"@id\":\"https:\/\/www.sonoraenequipo.com.mx\/va-hermosillo-rumbo-correcto\/#primaryimage\"},\"thumbnailUrl\":\"https:\/\/www.sonoraenequipo.com.mx\/storage\/2017\/10\/vahilloxelrumbocorrecto_opt1.jpg\",\"articleSection\":[\"Destacadas\",\"Municipios\"],\"inLanguage\":\"es\",\"potentialAction\":[{\"@type\":\"CommentAction\",\"name\":\"Comment\",\"target\":[\"https:\/\/www.sonoraenequipo.com.mx\/va-hermosillo-rumbo-correcto\/#respond\"]}]},{\"@type\":\"WebPage\",\"@id\":\"https:\/\/www.sonoraenequipo.com.mx\/va-hermosillo-rumbo-correcto\/\",\"url\":\"https:\/\/www.sonoraenequipo.com.mx\/va-hermosillo-rumbo-correcto\/\",\"name\":\"Sonora en Equipo. Va Hermosillo por el rumbo correcto Destacadas\",\"isPartOf\":{\"@id\":\"https:\/\/www.sonoraenequipo.com.mx\/#website\"},\"primaryImageOfPage\":{\"@id\":\"https:\/\/www.sonoraenequipo.com.mx\/va-hermosillo-rumbo-correcto\/#primaryimage\"},\"image\":{\"@id\":\"https:\/\/www.sonoraenequipo.com.mx\/va-hermosillo-rumbo-correcto\/#primaryimage\"},\"thumbnailUrl\":\"https:\/\/www.sonoraenequipo.com.mx\/storage\/2017\/10\/vahilloxelrumbocorrecto_opt1.jpg\",\"datePublished\":\"2017-10-01T23:20:06+00:00\",\"dateModified\":\"2017-10-02T03:02:53+00:00\",\"description\":\"HERMOSILLO, SONORA. MX.\u2014 \u201cMe queda muy claro de que no todo se cosecha de inmediato, sin embargo estamos reconstruyendo los cimientos que encontramos En Sonora en Equipo publicamos toda la informaci\u00f3n de Sonora, M\u00e9xico y el Mundo de manera oportuna y busca que la libertad de expresi\u00f3n sea real. Visita nuestro medio informativo publicado desde Hermosillo, Sonora. %\",\"breadcrumb\":{\"@id\":\"https:\/\/www.sonoraenequipo.com.mx\/va-hermosillo-rumbo-correcto\/#breadcrumb\"},\"inLanguage\":\"es\",\"potentialAction\":[{\"@type\":\"ReadAction\",\"target\":[\"https:\/\/www.sonoraenequipo.com.mx\/va-hermosillo-rumbo-correcto\/\"]}]},{\"@type\":\"ImageObject\",\"inLanguage\":\"es\",\"@id\":\"https:\/\/www.sonoraenequipo.com.mx\/va-hermosillo-rumbo-correcto\/#primaryimage\",\"url\":\"https:\/\/www.sonoraenequipo.com.mx\/storage\/2017\/10\/vahilloxelrumbocorrecto_opt1.jpg\",\"contentUrl\":\"https:\/\/www.sonoraenequipo.com.mx\/storage\/2017\/10\/vahilloxelrumbocorrecto_opt1.jpg\",\"width\":900,\"height\":500},{\"@type\":\"BreadcrumbList\",\"@id\":\"https:\/\/www.sonoraenequipo.com.mx\/va-hermosillo-rumbo-correcto\/#breadcrumb\",\"itemListElement\":[{\"@type\":\"ListItem\",\"position\":1,\"name\":\"Portada\",\"item\":\"https:\/\/www.sonoraenequipo.com.mx\/\"},{\"@type\":\"ListItem\",\"position\":2,\"name\":\"Va Hermosillo por el rumbo correcto\"}]},{\"@type\":\"WebSite\",\"@id\":\"https:\/\/www.sonoraenequipo.com.mx\/#website\",\"url\":\"https:\/\/www.sonoraenequipo.com.mx\/\",\"name\":\"Sonora en Equipo.\",\"description\":\"Diario en l\u00ednea con Noticias desde Hermosillo, Sonora\",\"publisher\":{\"@id\":\"https:\/\/www.sonoraenequipo.com.mx\/#organization\"},\"potentialAction\":[{\"@type\":\"SearchAction\",\"target\":{\"@type\":\"EntryPoint\",\"urlTemplate\":\"https:\/\/www.sonoraenequipo.com.mx\/?s={search_term_string}\"},\"query-input\":{\"@type\":\"PropertyValueSpecification\",\"valueRequired\":true,\"valueName\":\"search_term_string\"}}],\"inLanguage\":\"es\"},{\"@type\":\"Organization\",\"@id\":\"https:\/\/www.sonoraenequipo.com.mx\/#organization\",\"name\":\"Sonoraenequipo.com.mx\",\"url\":\"https:\/\/www.sonoraenequipo.com.mx\/\",\"logo\":{\"@type\":\"ImageObject\",\"inLanguage\":\"es\",\"@id\":\"https:\/\/www.sonoraenequipo.com.mx\/#\/schema\/logo\/image\/\",\"url\":\"https:\/\/www.sonoraenequipo.com.mx\/storage\/2019\/01\/sonoraenequipo_opt.png\",\"contentUrl\":\"https:\/\/www.sonoraenequipo.com.mx\/storage\/2019\/01\/sonoraenequipo_opt.png\",\"width\":375,\"height\":125,\"caption\":\"Sonoraenequipo.com.mx\"},\"image\":{\"@id\":\"https:\/\/www.sonoraenequipo.com.mx\/#\/schema\/logo\/image\/\"},\"sameAs\":[\"https:\/\/www.facebook.com\/SonoraEE\/\",\"https:\/\/x.com\/sonoraenequipo\",\"https:\/\/www.youtube.com\/channel\/UC338nW-lPEYmJQs4ZABQ1SQ\"]},{\"@type\":\"Person\",\"@id\":\"https:\/\/www.sonoraenequipo.com.mx\/#\/schema\/person\/50102df0fb23a8fa9e8effad8fa81386\",\"name\":\"enequipo\",\"image\":{\"@type\":\"ImageObject\",\"inLanguage\":\"es\",\"@id\":\"https:\/\/www.sonoraenequipo.com.mx\/#\/schema\/person\/image\/\",\"url\":\"https:\/\/secure.gravatar.com\/avatar\/049821681b589dabc0bc20695993ccebb09f5b5d4d790cd9251b97faac7c652b?s=96&d=blank&r=g\",\"contentUrl\":\"https:\/\/secure.gravatar.com\/avatar\/049821681b589dabc0bc20695993ccebb09f5b5d4d790cd9251b97faac7c652b?s=96&d=blank&r=g\",\"caption\":\"enequipo\"},\"sameAs\":[\"https:\/\/www.facebook.com\/SonoraEE\"]}]}<\/script>\n ","yoast_head_json":{"title":"Sonora en Equipo. Va Hermosillo por el rumbo correcto Destacadas","description":"HERMOSILLO, SONORA. MX.\u2014 \u201cMe queda muy claro de que no todo se cosecha de inmediato, sin embargo estamos reconstruyendo los cimientos que encontramos En Sonora en Equipo publicamos toda la informaci\u00f3n de Sonora, M\u00e9xico y el Mundo de manera oportuna y busca que la libertad de expresi\u00f3n sea real. Visita nuestro medio informativo publicado desde Hermosillo, Sonora. %","robots":{"index":"index","follow":"follow","max-snippet":"max-snippet:-1","max-image-preview":"max-image-preview:large","max-video-preview":"max-video-preview:-1"},"canonical":"https:\/\/www.sonoraenequipo.com.mx\/va-hermosillo-rumbo-correcto\/","og_locale":"es_ES","og_type":"article","og_title":"Sonora en Equipo. Va Hermosillo por el rumbo correcto Destacadas","og_description":"HERMOSILLO, SONORA. MX.\u2014 \u201cMe queda muy claro de que no todo se cosecha de inmediato, sin embargo estamos reconstruyendo los cimientos que encontramos En Sonora en Equipo publicamos toda la informaci\u00f3n de Sonora, M\u00e9xico y el Mundo de manera oportuna y busca que la libertad de expresi\u00f3n sea real. Visita nuestro medio informativo publicado desde Hermosillo, Sonora. %","og_url":"https:\/\/www.sonoraenequipo.com.mx\/va-hermosillo-rumbo-correcto\/","og_site_name":"Sonora en Equipo.","article_publisher":"https:\/\/www.facebook.com\/SonoraEE\/","article_author":"https:\/\/www.facebook.com\/SonoraEE","article_published_time":"2017-10-01T23:20:06+00:00","article_modified_time":"2017-10-02T03:02:53+00:00","og_image":[{"width":900,"height":500,"url":"https:\/\/www.sonoraenequipo.com.mx\/storage\/2017\/10\/vahilloxelrumbocorrecto_opt1.jpg","type":"image\/jpeg"}],"author":"enequipo","twitter_card":"summary_large_image","twitter_creator":"@sonoraenequipo","twitter_site":"@sonoraenequipo","twitter_misc":{"Escrito por":"enequipo","Tiempo de lectura":"4 minutos"},"schema":{"@context":"https:\/\/schema.org","@graph":[{"@type":"Article","@id":"https:\/\/www.sonoraenequipo.com.mx\/va-hermosillo-rumbo-correcto\/#article","isPartOf":{"@id":"https:\/\/www.sonoraenequipo.com.mx\/va-hermosillo-rumbo-correcto\/"},"author":{"name":"enequipo","@id":"https:\/\/www.sonoraenequipo.com.mx\/#\/schema\/person\/50102df0fb23a8fa9e8effad8fa81386"},"headline":"Va Hermosillo por el rumbo correcto","datePublished":"2017-10-01T23:20:06+00:00","dateModified":"2017-10-02T03:02:53+00:00","mainEntityOfPage":{"@id":"https:\/\/www.sonoraenequipo.com.mx\/va-hermosillo-rumbo-correcto\/"},"wordCount":773,"commentCount":0,"publisher":{"@id":"https:\/\/www.sonoraenequipo.com.mx\/#organization"},"image":{"@id":"https:\/\/www.sonoraenequipo.com.mx\/va-hermosillo-rumbo-correcto\/#primaryimage"},"thumbnailUrl":"https:\/\/www.sonoraenequipo.com.mx\/storage\/2017\/10\/vahilloxelrumbocorrecto_opt1.jpg","articleSection":["Destacadas","Municipios"],"inLanguage":"es","potentialAction":[{"@type":"CommentAction","name":"Comment","target":["https:\/\/www.sonoraenequipo.com.mx\/va-hermosillo-rumbo-correcto\/#respond"]}]},{"@type":"WebPage","@id":"https:\/\/www.sonoraenequipo.com.mx\/va-hermosillo-rumbo-correcto\/","url":"https:\/\/www.sonoraenequipo.com.mx\/va-hermosillo-rumbo-correcto\/","name":"Sonora en Equipo. Va Hermosillo por el rumbo correcto Destacadas","isPartOf":{"@id":"https:\/\/www.sonoraenequipo.com.mx\/#website"},"primaryImageOfPage":{"@id":"https:\/\/www.sonoraenequipo.com.mx\/va-hermosillo-rumbo-correcto\/#primaryimage"},"image":{"@id":"https:\/\/www.sonoraenequipo.com.mx\/va-hermosillo-rumbo-correcto\/#primaryimage"},"thumbnailUrl":"https:\/\/www.sonoraenequipo.com.mx\/storage\/2017\/10\/vahilloxelrumbocorrecto_opt1.jpg","datePublished":"2017-10-01T23:20:06+00:00","dateModified":"2017-10-02T03:02:53+00:00","description":"HERMOSILLO, SONORA. MX.\u2014 \u201cMe queda muy claro de que no todo se cosecha de inmediato, sin embargo estamos reconstruyendo los cimientos que encontramos En Sonora en Equipo publicamos toda la informaci\u00f3n de Sonora, M\u00e9xico y el Mundo de manera oportuna y busca que la libertad de expresi\u00f3n sea real. Visita nuestro medio informativo publicado desde Hermosillo, Sonora. %","breadcrumb":{"@id":"https:\/\/www.sonoraenequipo.com.mx\/va-hermosillo-rumbo-correcto\/#breadcrumb"},"inLanguage":"es","potentialAction":[{"@type":"ReadAction","target":["https:\/\/www.sonoraenequipo.com.mx\/va-hermosillo-rumbo-correcto\/"]}]},{"@type":"ImageObject","inLanguage":"es","@id":"https:\/\/www.sonoraenequipo.com.mx\/va-hermosillo-rumbo-correcto\/#primaryimage","url":"https:\/\/www.sonoraenequipo.com.mx\/storage\/2017\/10\/vahilloxelrumbocorrecto_opt1.jpg","contentUrl":"https:\/\/www.sonoraenequipo.com.mx\/storage\/2017\/10\/vahilloxelrumbocorrecto_opt1.jpg","width":900,"height":500},{"@type":"BreadcrumbList","@id":"https:\/\/www.sonoraenequipo.com.mx\/va-hermosillo-rumbo-correcto\/#breadcrumb","itemListElement":[{"@type":"ListItem","position":1,"name":"Portada","item":"https:\/\/www.sonoraenequipo.com.mx\/"},{"@type":"ListItem","position":2,"name":"Va Hermosillo por el rumbo correcto"}]},{"@type":"WebSite","@id":"https:\/\/www.sonoraenequipo.com.mx\/#website","url":"https:\/\/www.sonoraenequipo.com.mx\/","name":"Sonora en Equipo.","description":"Diario en l\u00ednea con Noticias desde Hermosillo, Sonora","publisher":{"@id":"https:\/\/www.sonoraenequipo.com.mx\/#organization"},"potentialAction":[{"@type":"SearchAction","target":{"@type":"EntryPoint","urlTemplate":"https:\/\/www.sonoraenequipo.com.mx\/?s={search_term_string}"},"query-input":{"@type":"PropertyValueSpecification","valueRequired":true,"valueName":"search_term_string"}}],"inLanguage":"es"},{"@type":"Organization","@id":"https:\/\/www.sonoraenequipo.com.mx\/#organization","name":"Sonoraenequipo.com.mx","url":"https:\/\/www.sonoraenequipo.com.mx\/","logo":{"@type":"ImageObject","inLanguage":"es","@id":"https:\/\/www.sonoraenequipo.com.mx\/#\/schema\/logo\/image\/","url":"https:\/\/www.sonoraenequipo.com.mx\/storage\/2019\/01\/sonoraenequipo_opt.png","contentUrl":"https:\/\/www.sonoraenequipo.com.mx\/storage\/2019\/01\/sonoraenequipo_opt.png","width":375,"height":125,"caption":"Sonoraenequipo.com.mx"},"image":{"@id":"https:\/\/www.sonoraenequipo.com.mx\/#\/schema\/logo\/image\/"},"sameAs":["https:\/\/www.facebook.com\/SonoraEE\/","https:\/\/x.com\/sonoraenequipo","https:\/\/www.youtube.com\/channel\/UC338nW-lPEYmJQs4ZABQ1SQ"]},{"@type":"Person","@id":"https:\/\/www.sonoraenequipo.com.mx\/#\/schema\/person\/50102df0fb23a8fa9e8effad8fa81386","name":"enequipo","image":{"@type":"ImageObject","inLanguage":"es","@id":"https:\/\/www.sonoraenequipo.com.mx\/#\/schema\/person\/image\/","url":"https:\/\/secure.gravatar.com\/avatar\/049821681b589dabc0bc20695993ccebb09f5b5d4d790cd9251b97faac7c652b?s=96&d=blank&r=g","contentUrl":"https:\/\/secure.gravatar.com\/avatar\/049821681b589dabc0bc20695993ccebb09f5b5d4d790cd9251b97faac7c652b?s=96&d=blank&r=g","caption":"enequipo"},"sameAs":["https:\/\/www.facebook.com\/SonoraEE"]}]}},"jetpack_featured_media_url":"https:\/\/www.sonoraenequipo.com.mx\/storage\/2017\/10\/vahilloxelrumbocorrecto_opt1.jpg","_links":{"self":[{"href":"https:\/\/www.sonoraenequipo.com.mx\/api\/wp\/v2\/posts\/26750","targetHints":{"allow":["GET"]}}],"collection":[{"href":"https:\/\/www.sonoraenequipo.com.mx\/api\/wp\/v2\/posts"}],"about":[{"href":"https:\/\/www.sonoraenequipo.com.mx\/api\/wp\/v2\/types\/post"}],"author":[{"embeddable":true,"href":"https:\/\/www.sonoraenequipo.com.mx\/api\/wp\/v2\/users\/1"}],"replies":[{"embeddable":true,"href":"https:\/\/www.sonoraenequipo.com.mx\/api\/wp\/v2\/comments?post=26750"}],"version-history":[{"count":0,"href":"https:\/\/www.sonoraenequipo.com.mx\/api\/wp\/v2\/posts\/26750\/revisions"}],"wp:featuredmedia":[{"embeddable":true,"href":"https:\/\/www.sonoraenequipo.com.mx\/api\/wp\/v2\/media\/26751"}],"wp:attachment":[{"href":"https:\/\/www.sonoraenequipo.com.mx\/api\/wp\/v2\/media?parent=26750"}],"wp:term":[{"taxonomy":"category","embeddable":true,"href":"https:\/\/www.sonoraenequipo.com.mx\/api\/wp\/v2\/categories?post=26750"},{"taxonomy":"post_tag","embeddable":true,"href":"https:\/\/www.sonoraenequipo.com.mx\/api\/wp\/v2\/tags?post=26750"}],"curies":[{"name":"wp","href":"https:\/\/api.w.org\/{rel}","templated":true}]}}