{"id":26758,"date":"2017-10-01T13:28:10","date_gmt":"2017-10-01T20:28:10","guid":{"rendered":"http:\/\/www.sonoraenequipo.com.mx\/?p=26758"},"modified":"2017-10-01T20:24:14","modified_gmt":"2017-10-02T03:24:14","slug":"capacita-sedesson-personal-centros-dia-del-adulto-mayor","status":"publish","type":"post","link":"https:\/\/www.sonoraenequipo.com.mx\/capacita-sedesson-personal-centros-dia-del-adulto-mayor\/","title":{"rendered":"Capacita SEDESSON a personal de Centros de D\u00eda del Adulto Mayor"},"content":{"rendered":"<p>HERMOSILLO, SONORA. MX.\u2014 Personal que desempe\u00f1ar\u00e1 sus funciones en los Centros de D\u00eda del Adulto Mayor de la Secretar\u00eda de Desarrollo Social (SEDESSON) del Gobierno del Estado asistieron a una capacitaci\u00f3n, inform\u00f3 Rogelio D\u00edaz Brown.<\/p>\n<p> <\/p>\n<p>El titular de SEDESSON puntualiz\u00f3 que con ello buscan que se brinde la mejor atenci\u00f3n a las personas de la tercera edad que har\u00e1n uso de este servicio, que est\u00e1 pr\u00f3ximo a funcionar en Hermosillo, Cajeme y Agua Prieta en una primera etapa.<\/p>\n<p>Acompa\u00f1ado de la Subsecretaria de Desarrollo Social y Humano de SEDESSON, Irma Ter\u00e1n Villalobos; y el delegado de Instituto Nacional de las Personas Adultas Mayores (INAPAM), Manuel Tapia Fonllem, encabez\u00f3 la capacitaci\u00f3n.<\/p>\n<p>D\u00edaz Brown agradeci\u00f3 la disponibilidad de los presentes, ya que para la Gobernadora Claudia Pavlovich, dijo, es muy importante contar con personal capacitado y conocedor de las necesidades y atenci\u00f3n de los adultos mayores.<\/p>\n<p><em>\u00abLa Gobernadora Pavlovich ha pedido que nuestros adultos mayores reciban un trato digno y de respeto, es por eso importante que las personas que operar\u00e1n Centros de D\u00eda tengan conocimientos, t\u00e9cnicas y herramientas necesarias para brindarles una muy buena atenci\u00f3n\u00bb,<\/em> subray\u00f3.<\/p>\n<p>El funcionario estatal a\u00f1adi\u00f3 es necesario estar a la vanguardia en el cuidado de este grupo de la poblaci\u00f3n, que cada d\u00eda aumenta.<\/p>\n<p>Los Centros ofrecer\u00e1n un espacio seguro y confortable para que los adultos mayores participen en actividades que promueven el envejecimiento activo, tengan acceso a los programas y servicios de instituciones gubernamentales y organismos de la sociedad civil.<\/p>\n<p><em>\u00abPretendemos contar con un modelo de atenci\u00f3n integral que promueva la inclusi\u00f3n social de las personas adultas mayores, en un entorno de calidez y calidad en el servicio\u00bb,<\/em> apunt\u00f3.<\/p>\n<p>Ter\u00e1n Villalobos expuso las pol\u00edticas de operaci\u00f3n de estos centros que son parte de los 100 compromisos de campa\u00f1a de la Gobernadora Pavlovich, y constituyen una de las vertientes del Programa Unidos por tu Mayor Bienestar.<\/p>\n<p>Juan Lorenzo Baz, Director de Programas Sociales, enfatiz\u00f3 que las instalaciones de los centros son adecuadas y dignas para que los adultos mayores tengan un espacio seguro y confortable para la convivencia.<\/p>\n<p>En los Centros, detall\u00f3, se desarrollar\u00e1n cursos, pl\u00e1ticas, baile, activaci\u00f3n f\u00edsica, consulta m\u00e9dica, corte de cabello, festejos, tardes de caf\u00e9, juegos de loter\u00eda, orientaci\u00f3n para acceso a programas sociales, entre otras actividades.<\/p>\n<p>En pr\u00f3ximas fechas entrar\u00e1n en servicio estos Centros, donde diariamente se podr\u00e1 atender a m\u00e1s de 300 adultos mayores, quienes realizar\u00e1n actividades acordes a su edad, adem\u00e1s de tener una sana convivencia y permanecer en un lugar seguro durante el d\u00eda.<\/p>\n<p>En esta capacitaci\u00f3n participaron las coordinadoras operativas de los Centros de D\u00eda, personal de la Secretar\u00eda de Salud P\u00fablica, Secretar\u00eda de Educaci\u00f3n y Cultura, Secretar\u00eda de Econom\u00eda, Procuradur\u00eda de la Defensa del Adulto Mayor, Instituto Sonorense de Cultura, Instituto Sonorense de la Juventud e Instituto Sonorense de las Mujeres.<\/p>\n<p>&nbsp;<\/p>\n<p>(Fecha de publicaci\u00f3n 01102017)<\/p>\n","protected":false},"excerpt":{"rendered":"<p>HERMOSILLO, SONORA. MX.\u2014 Personal que desempe\u00f1ar\u00e1 sus funciones en los Centros de D\u00eda del Adulto&#8230;<\/p>\n","protected":false},"author":1,"featured_media":26760,"comment_status":"open","ping_status":"open","sticky":false,"template":"","format":"standard","meta":{"_monsterinsights_skip_tracking":false,"_monsterinsights_sitenote_active":false,"_monsterinsights_sitenote_note":"","_monsterinsights_sitenote_category":0,"footnotes":""},"categories":[13,22],"tags":[],"class_list":["post"],"yoast_head":" \n<title>Sonora en Equipo. Capacita SEDESSON a personal de Centros de D\u00eda del Adulto Mayor Destacadas<\/title>\n<meta name=\"description\" content=\"HERMOSILLO, SONORA. MX.\u2014 Personal que desempe\u00f1ar\u00e1 sus funciones en los Centros de D\u00eda del Adulto Mayor de la Secretar\u00eda de Desarrollo Social (SEDESSON) En Sonora en Equipo publicamos toda la informaci\u00f3n de Sonora, M\u00e9xico y el Mundo de manera oportuna y busca que la libertad de expresi\u00f3n sea real. Visita nuestro medio informativo publicado desde Hermosillo, Sonora. %\" \/>\n<meta name=\"robots\" content=\"index, follow, max-snippet:-1, max-image-preview:large, max-video-preview:-1\" \/>\n<link rel=\"canonical\" href=\"https:\/\/www.sonoraenequipo.com.mx\/capacita-sedesson-personal-centros-dia-del-adulto-mayor\/\" \/>\n<meta property=\"og:locale\" content=\"es_ES\" \/>\n<meta property=\"og:type\" content=\"article\" \/>\n<meta property=\"og:title\" content=\"Sonora en Equipo. Capacita SEDESSON a personal de Centros de D\u00eda del Adulto Mayor Destacadas\" \/>\n<meta property=\"og:description\" content=\"HERMOSILLO, SONORA. MX.\u2014 Personal que desempe\u00f1ar\u00e1 sus funciones en los Centros de D\u00eda del Adulto Mayor de la Secretar\u00eda de Desarrollo Social (SEDESSON) En Sonora en Equipo publicamos toda la informaci\u00f3n de Sonora, M\u00e9xico y el Mundo de manera oportuna y busca que la libertad de expresi\u00f3n sea real. Visita nuestro medio informativo publicado desde Hermosillo, Sonora. %\" \/>\n<meta property=\"og:url\" content=\"https:\/\/www.sonoraenequipo.com.mx\/capacita-sedesson-personal-centros-dia-del-adulto-mayor\/\" \/>\n<meta property=\"og:site_name\" content=\"Sonora en Equipo.\" \/>\n<meta property=\"article:publisher\" content=\"https:\/\/www.facebook.com\/SonoraEE\/\" \/>\n<meta property=\"article:author\" content=\"https:\/\/www.facebook.com\/SonoraEE\" \/>\n<meta property=\"article:published_time\" content=\"2017-10-01T20:28:10+00:00\" \/>\n<meta property=\"article:modified_time\" content=\"2017-10-02T03:24:14+00:00\" \/>\n<meta property=\"og:image\" content=\"https:\/\/www.sonoraenequipo.com.mx\/storage\/2017\/10\/sedessson0110_opt.jpg\" \/>\n\t<meta property=\"og:image:width\" content=\"800\" \/>\n\t<meta property=\"og:image:height\" content=\"450\" \/>\n\t<meta property=\"og:image:type\" content=\"image\/jpeg\" \/>\n<meta name=\"author\" content=\"enequipo\" \/>\n<meta name=\"twitter:card\" content=\"summary_large_image\" \/>\n<meta name=\"twitter:creator\" content=\"@sonoraenequipo\" \/>\n<meta name=\"twitter:site\" content=\"@sonoraenequipo\" \/>\n<meta name=\"twitter:label1\" content=\"Escrito por\" \/>\n\t<meta name=\"twitter:data1\" content=\"enequipo\" \/>\n\t<meta name=\"twitter:label2\" content=\"Tiempo de lectura\" \/>\n\t<meta name=\"twitter:data2\" content=\"3 minutos\" \/>\n<script type=\"application\/ld+json\" class=\"yoast-schema-graph\">{\"@context\":\"https:\/\/schema.org\",\"@graph\":[{\"@type\":\"Article\",\"@id\":\"https:\/\/www.sonoraenequipo.com.mx\/capacita-sedesson-personal-centros-dia-del-adulto-mayor\/#article\",\"isPartOf\":{\"@id\":\"https:\/\/www.sonoraenequipo.com.mx\/capacita-sedesson-personal-centros-dia-del-adulto-mayor\/\"},\"author\":{\"name\":\"enequipo\",\"@id\":\"https:\/\/www.sonoraenequipo.com.mx\/#\/schema\/person\/50102df0fb23a8fa9e8effad8fa81386\"},\"headline\":\"Capacita SEDESSON a personal de Centros de D\u00eda del Adulto Mayor\",\"datePublished\":\"2017-10-01T20:28:10+00:00\",\"dateModified\":\"2017-10-02T03:24:14+00:00\",\"mainEntityOfPage\":{\"@id\":\"https:\/\/www.sonoraenequipo.com.mx\/capacita-sedesson-personal-centros-dia-del-adulto-mayor\/\"},\"wordCount\":528,\"commentCount\":0,\"publisher\":{\"@id\":\"https:\/\/www.sonoraenequipo.com.mx\/#organization\"},\"image\":{\"@id\":\"https:\/\/www.sonoraenequipo.com.mx\/capacita-sedesson-personal-centros-dia-del-adulto-mayor\/#primaryimage\"},\"thumbnailUrl\":\"https:\/\/www.sonoraenequipo.com.mx\/storage\/2017\/10\/sedessson0110_opt.jpg\",\"articleSection\":[\"Destacadas\",\"Sonora\"],\"inLanguage\":\"es\",\"potentialAction\":[{\"@type\":\"CommentAction\",\"name\":\"Comment\",\"target\":[\"https:\/\/www.sonoraenequipo.com.mx\/capacita-sedesson-personal-centros-dia-del-adulto-mayor\/#respond\"]}]},{\"@type\":\"WebPage\",\"@id\":\"https:\/\/www.sonoraenequipo.com.mx\/capacita-sedesson-personal-centros-dia-del-adulto-mayor\/\",\"url\":\"https:\/\/www.sonoraenequipo.com.mx\/capacita-sedesson-personal-centros-dia-del-adulto-mayor\/\",\"name\":\"Sonora en Equipo. Capacita SEDESSON a personal de Centros de D\u00eda del Adulto Mayor Destacadas\",\"isPartOf\":{\"@id\":\"https:\/\/www.sonoraenequipo.com.mx\/#website\"},\"primaryImageOfPage\":{\"@id\":\"https:\/\/www.sonoraenequipo.com.mx\/capacita-sedesson-personal-centros-dia-del-adulto-mayor\/#primaryimage\"},\"image\":{\"@id\":\"https:\/\/www.sonoraenequipo.com.mx\/capacita-sedesson-personal-centros-dia-del-adulto-mayor\/#primaryimage\"},\"thumbnailUrl\":\"https:\/\/www.sonoraenequipo.com.mx\/storage\/2017\/10\/sedessson0110_opt.jpg\",\"datePublished\":\"2017-10-01T20:28:10+00:00\",\"dateModified\":\"2017-10-02T03:24:14+00:00\",\"description\":\"HERMOSILLO, SONORA. MX.\u2014 Personal que desempe\u00f1ar\u00e1 sus funciones en los Centros de D\u00eda del Adulto Mayor de la Secretar\u00eda de Desarrollo Social (SEDESSON) En Sonora en Equipo publicamos toda la informaci\u00f3n de Sonora, M\u00e9xico y el Mundo de manera oportuna y busca que la libertad de expresi\u00f3n sea real. Visita nuestro medio informativo publicado desde Hermosillo, Sonora. %\",\"breadcrumb\":{\"@id\":\"https:\/\/www.sonoraenequipo.com.mx\/capacita-sedesson-personal-centros-dia-del-adulto-mayor\/#breadcrumb\"},\"inLanguage\":\"es\",\"potentialAction\":[{\"@type\":\"ReadAction\",\"target\":[\"https:\/\/www.sonoraenequipo.com.mx\/capacita-sedesson-personal-centros-dia-del-adulto-mayor\/\"]}]},{\"@type\":\"ImageObject\",\"inLanguage\":\"es\",\"@id\":\"https:\/\/www.sonoraenequipo.com.mx\/capacita-sedesson-personal-centros-dia-del-adulto-mayor\/#primaryimage\",\"url\":\"https:\/\/www.sonoraenequipo.com.mx\/storage\/2017\/10\/sedessson0110_opt.jpg\",\"contentUrl\":\"https:\/\/www.sonoraenequipo.com.mx\/storage\/2017\/10\/sedessson0110_opt.jpg\",\"width\":800,\"height\":450},{\"@type\":\"BreadcrumbList\",\"@id\":\"https:\/\/www.sonoraenequipo.com.mx\/capacita-sedesson-personal-centros-dia-del-adulto-mayor\/#breadcrumb\",\"itemListElement\":[{\"@type\":\"ListItem\",\"position\":1,\"name\":\"Portada\",\"item\":\"https:\/\/www.sonoraenequipo.com.mx\/\"},{\"@type\":\"ListItem\",\"position\":2,\"name\":\"Capacita SEDESSON a personal de Centros de D\u00eda del Adulto Mayor\"}]},{\"@type\":\"WebSite\",\"@id\":\"https:\/\/www.sonoraenequipo.com.mx\/#website\",\"url\":\"https:\/\/www.sonoraenequipo.com.mx\/\",\"name\":\"Sonora en Equipo.\",\"description\":\"Diario en l\u00ednea con Noticias desde Hermosillo, Sonora\",\"publisher\":{\"@id\":\"https:\/\/www.sonoraenequipo.com.mx\/#organization\"},\"potentialAction\":[{\"@type\":\"SearchAction\",\"target\":{\"@type\":\"EntryPoint\",\"urlTemplate\":\"https:\/\/www.sonoraenequipo.com.mx\/?s={search_term_string}\"},\"query-input\":{\"@type\":\"PropertyValueSpecification\",\"valueRequired\":true,\"valueName\":\"search_term_string\"}}],\"inLanguage\":\"es\"},{\"@type\":\"Organization\",\"@id\":\"https:\/\/www.sonoraenequipo.com.mx\/#organization\",\"name\":\"Sonoraenequipo.com.mx\",\"url\":\"https:\/\/www.sonoraenequipo.com.mx\/\",\"logo\":{\"@type\":\"ImageObject\",\"inLanguage\":\"es\",\"@id\":\"https:\/\/www.sonoraenequipo.com.mx\/#\/schema\/logo\/image\/\",\"url\":\"https:\/\/www.sonoraenequipo.com.mx\/storage\/2019\/01\/sonoraenequipo_opt.png\",\"contentUrl\":\"https:\/\/www.sonoraenequipo.com.mx\/storage\/2019\/01\/sonoraenequipo_opt.png\",\"width\":375,\"height\":125,\"caption\":\"Sonoraenequipo.com.mx\"},\"image\":{\"@id\":\"https:\/\/www.sonoraenequipo.com.mx\/#\/schema\/logo\/image\/\"},\"sameAs\":[\"https:\/\/www.facebook.com\/SonoraEE\/\",\"https:\/\/x.com\/sonoraenequipo\",\"https:\/\/www.youtube.com\/channel\/UC338nW-lPEYmJQs4ZABQ1SQ\"]},{\"@type\":\"Person\",\"@id\":\"https:\/\/www.sonoraenequipo.com.mx\/#\/schema\/person\/50102df0fb23a8fa9e8effad8fa81386\",\"name\":\"enequipo\",\"image\":{\"@type\":\"ImageObject\",\"inLanguage\":\"es\",\"@id\":\"https:\/\/www.sonoraenequipo.com.mx\/#\/schema\/person\/image\/\",\"url\":\"https:\/\/secure.gravatar.com\/avatar\/049821681b589dabc0bc20695993ccebb09f5b5d4d790cd9251b97faac7c652b?s=96&d=blank&r=g\",\"contentUrl\":\"https:\/\/secure.gravatar.com\/avatar\/049821681b589dabc0bc20695993ccebb09f5b5d4d790cd9251b97faac7c652b?s=96&d=blank&r=g\",\"caption\":\"enequipo\"},\"sameAs\":[\"https:\/\/www.facebook.com\/SonoraEE\"]}]}<\/script>\n ","yoast_head_json":{"title":"Sonora en Equipo. Capacita SEDESSON a personal de Centros de D\u00eda del Adulto Mayor Destacadas","description":"HERMOSILLO, SONORA. MX.\u2014 Personal que desempe\u00f1ar\u00e1 sus funciones en los Centros de D\u00eda del Adulto Mayor de la Secretar\u00eda de Desarrollo Social (SEDESSON) En Sonora en Equipo publicamos toda la informaci\u00f3n de Sonora, M\u00e9xico y el Mundo de manera oportuna y busca que la libertad de expresi\u00f3n sea real. Visita nuestro medio informativo publicado desde Hermosillo, Sonora. %","robots":{"index":"index","follow":"follow","max-snippet":"max-snippet:-1","max-image-preview":"max-image-preview:large","max-video-preview":"max-video-preview:-1"},"canonical":"https:\/\/www.sonoraenequipo.com.mx\/capacita-sedesson-personal-centros-dia-del-adulto-mayor\/","og_locale":"es_ES","og_type":"article","og_title":"Sonora en Equipo. Capacita SEDESSON a personal de Centros de D\u00eda del Adulto Mayor Destacadas","og_description":"HERMOSILLO, SONORA. MX.\u2014 Personal que desempe\u00f1ar\u00e1 sus funciones en los Centros de D\u00eda del Adulto Mayor de la Secretar\u00eda de Desarrollo Social (SEDESSON) En Sonora en Equipo publicamos toda la informaci\u00f3n de Sonora, M\u00e9xico y el Mundo de manera oportuna y busca que la libertad de expresi\u00f3n sea real. Visita nuestro medio informativo publicado desde Hermosillo, Sonora. %","og_url":"https:\/\/www.sonoraenequipo.com.mx\/capacita-sedesson-personal-centros-dia-del-adulto-mayor\/","og_site_name":"Sonora en Equipo.","article_publisher":"https:\/\/www.facebook.com\/SonoraEE\/","article_author":"https:\/\/www.facebook.com\/SonoraEE","article_published_time":"2017-10-01T20:28:10+00:00","article_modified_time":"2017-10-02T03:24:14+00:00","og_image":[{"width":800,"height":450,"url":"https:\/\/www.sonoraenequipo.com.mx\/storage\/2017\/10\/sedessson0110_opt.jpg","type":"image\/jpeg"}],"author":"enequipo","twitter_card":"summary_large_image","twitter_creator":"@sonoraenequipo","twitter_site":"@sonoraenequipo","twitter_misc":{"Escrito por":"enequipo","Tiempo de lectura":"3 minutos"},"schema":{"@context":"https:\/\/schema.org","@graph":[{"@type":"Article","@id":"https:\/\/www.sonoraenequipo.com.mx\/capacita-sedesson-personal-centros-dia-del-adulto-mayor\/#article","isPartOf":{"@id":"https:\/\/www.sonoraenequipo.com.mx\/capacita-sedesson-personal-centros-dia-del-adulto-mayor\/"},"author":{"name":"enequipo","@id":"https:\/\/www.sonoraenequipo.com.mx\/#\/schema\/person\/50102df0fb23a8fa9e8effad8fa81386"},"headline":"Capacita SEDESSON a personal de Centros de D\u00eda del Adulto Mayor","datePublished":"2017-10-01T20:28:10+00:00","dateModified":"2017-10-02T03:24:14+00:00","mainEntityOfPage":{"@id":"https:\/\/www.sonoraenequipo.com.mx\/capacita-sedesson-personal-centros-dia-del-adulto-mayor\/"},"wordCount":528,"commentCount":0,"publisher":{"@id":"https:\/\/www.sonoraenequipo.com.mx\/#organization"},"image":{"@id":"https:\/\/www.sonoraenequipo.com.mx\/capacita-sedesson-personal-centros-dia-del-adulto-mayor\/#primaryimage"},"thumbnailUrl":"https:\/\/www.sonoraenequipo.com.mx\/storage\/2017\/10\/sedessson0110_opt.jpg","articleSection":["Destacadas","Sonora"],"inLanguage":"es","potentialAction":[{"@type":"CommentAction","name":"Comment","target":["https:\/\/www.sonoraenequipo.com.mx\/capacita-sedesson-personal-centros-dia-del-adulto-mayor\/#respond"]}]},{"@type":"WebPage","@id":"https:\/\/www.sonoraenequipo.com.mx\/capacita-sedesson-personal-centros-dia-del-adulto-mayor\/","url":"https:\/\/www.sonoraenequipo.com.mx\/capacita-sedesson-personal-centros-dia-del-adulto-mayor\/","name":"Sonora en Equipo. Capacita SEDESSON a personal de Centros de D\u00eda del Adulto Mayor Destacadas","isPartOf":{"@id":"https:\/\/www.sonoraenequipo.com.mx\/#website"},"primaryImageOfPage":{"@id":"https:\/\/www.sonoraenequipo.com.mx\/capacita-sedesson-personal-centros-dia-del-adulto-mayor\/#primaryimage"},"image":{"@id":"https:\/\/www.sonoraenequipo.com.mx\/capacita-sedesson-personal-centros-dia-del-adulto-mayor\/#primaryimage"},"thumbnailUrl":"https:\/\/www.sonoraenequipo.com.mx\/storage\/2017\/10\/sedessson0110_opt.jpg","datePublished":"2017-10-01T20:28:10+00:00","dateModified":"2017-10-02T03:24:14+00:00","description":"HERMOSILLO, SONORA. MX.\u2014 Personal que desempe\u00f1ar\u00e1 sus funciones en los Centros de D\u00eda del Adulto Mayor de la Secretar\u00eda de Desarrollo Social (SEDESSON) En Sonora en Equipo publicamos toda la informaci\u00f3n de Sonora, M\u00e9xico y el Mundo de manera oportuna y busca que la libertad de expresi\u00f3n sea real. Visita nuestro medio informativo publicado desde Hermosillo, Sonora. %","breadcrumb":{"@id":"https:\/\/www.sonoraenequipo.com.mx\/capacita-sedesson-personal-centros-dia-del-adulto-mayor\/#breadcrumb"},"inLanguage":"es","potentialAction":[{"@type":"ReadAction","target":["https:\/\/www.sonoraenequipo.com.mx\/capacita-sedesson-personal-centros-dia-del-adulto-mayor\/"]}]},{"@type":"ImageObject","inLanguage":"es","@id":"https:\/\/www.sonoraenequipo.com.mx\/capacita-sedesson-personal-centros-dia-del-adulto-mayor\/#primaryimage","url":"https:\/\/www.sonoraenequipo.com.mx\/storage\/2017\/10\/sedessson0110_opt.jpg","contentUrl":"https:\/\/www.sonoraenequipo.com.mx\/storage\/2017\/10\/sedessson0110_opt.jpg","width":800,"height":450},{"@type":"BreadcrumbList","@id":"https:\/\/www.sonoraenequipo.com.mx\/capacita-sedesson-personal-centros-dia-del-adulto-mayor\/#breadcrumb","itemListElement":[{"@type":"ListItem","position":1,"name":"Portada","item":"https:\/\/www.sonoraenequipo.com.mx\/"},{"@type":"ListItem","position":2,"name":"Capacita SEDESSON a personal de Centros de D\u00eda del Adulto Mayor"}]},{"@type":"WebSite","@id":"https:\/\/www.sonoraenequipo.com.mx\/#website","url":"https:\/\/www.sonoraenequipo.com.mx\/","name":"Sonora en Equipo.","description":"Diario en l\u00ednea con Noticias desde Hermosillo, Sonora","publisher":{"@id":"https:\/\/www.sonoraenequipo.com.mx\/#organization"},"potentialAction":[{"@type":"SearchAction","target":{"@type":"EntryPoint","urlTemplate":"https:\/\/www.sonoraenequipo.com.mx\/?s={search_term_string}"},"query-input":{"@type":"PropertyValueSpecification","valueRequired":true,"valueName":"search_term_string"}}],"inLanguage":"es"},{"@type":"Organization","@id":"https:\/\/www.sonoraenequipo.com.mx\/#organization","name":"Sonoraenequipo.com.mx","url":"https:\/\/www.sonoraenequipo.com.mx\/","logo":{"@type":"ImageObject","inLanguage":"es","@id":"https:\/\/www.sonoraenequipo.com.mx\/#\/schema\/logo\/image\/","url":"https:\/\/www.sonoraenequipo.com.mx\/storage\/2019\/01\/sonoraenequipo_opt.png","contentUrl":"https:\/\/www.sonoraenequipo.com.mx\/storage\/2019\/01\/sonoraenequipo_opt.png","width":375,"height":125,"caption":"Sonoraenequipo.com.mx"},"image":{"@id":"https:\/\/www.sonoraenequipo.com.mx\/#\/schema\/logo\/image\/"},"sameAs":["https:\/\/www.facebook.com\/SonoraEE\/","https:\/\/x.com\/sonoraenequipo","https:\/\/www.youtube.com\/channel\/UC338nW-lPEYmJQs4ZABQ1SQ"]},{"@type":"Person","@id":"https:\/\/www.sonoraenequipo.com.mx\/#\/schema\/person\/50102df0fb23a8fa9e8effad8fa81386","name":"enequipo","image":{"@type":"ImageObject","inLanguage":"es","@id":"https:\/\/www.sonoraenequipo.com.mx\/#\/schema\/person\/image\/","url":"https:\/\/secure.gravatar.com\/avatar\/049821681b589dabc0bc20695993ccebb09f5b5d4d790cd9251b97faac7c652b?s=96&d=blank&r=g","contentUrl":"https:\/\/secure.gravatar.com\/avatar\/049821681b589dabc0bc20695993ccebb09f5b5d4d790cd9251b97faac7c652b?s=96&d=blank&r=g","caption":"enequipo"},"sameAs":["https:\/\/www.facebook.com\/SonoraEE"]}]}},"jetpack_featured_media_url":"https:\/\/www.sonoraenequipo.com.mx\/storage\/2017\/10\/sedessson0110_opt.jpg","_links":{"self":[{"href":"https:\/\/www.sonoraenequipo.com.mx\/api\/wp\/v2\/posts\/26758","targetHints":{"allow":["GET"]}}],"collection":[{"href":"https:\/\/www.sonoraenequipo.com.mx\/api\/wp\/v2\/posts"}],"about":[{"href":"https:\/\/www.sonoraenequipo.com.mx\/api\/wp\/v2\/types\/post"}],"author":[{"embeddable":true,"href":"https:\/\/www.sonoraenequipo.com.mx\/api\/wp\/v2\/users\/1"}],"replies":[{"embeddable":true,"href":"https:\/\/www.sonoraenequipo.com.mx\/api\/wp\/v2\/comments?post=26758"}],"version-history":[{"count":0,"href":"https:\/\/www.sonoraenequipo.com.mx\/api\/wp\/v2\/posts\/26758\/revisions"}],"wp:featuredmedia":[{"embeddable":true,"href":"https:\/\/www.sonoraenequipo.com.mx\/api\/wp\/v2\/media\/26760"}],"wp:attachment":[{"href":"https:\/\/www.sonoraenequipo.com.mx\/api\/wp\/v2\/media?parent=26758"}],"wp:term":[{"taxonomy":"category","embeddable":true,"href":"https:\/\/www.sonoraenequipo.com.mx\/api\/wp\/v2\/categories?post=26758"},{"taxonomy":"post_tag","embeddable":true,"href":"https:\/\/www.sonoraenequipo.com.mx\/api\/wp\/v2\/tags?post=26758"}],"curies":[{"name":"wp","href":"https:\/\/api.w.org\/{rel}","templated":true}]}}