{"id":26968,"date":"2017-10-05T13:20:56","date_gmt":"2017-10-05T20:20:56","guid":{"rendered":"http:\/\/www.sonoraenequipo.com.mx\/?p=26968"},"modified":"2017-10-05T14:53:06","modified_gmt":"2017-10-05T21:53:06","slug":"busca-ism-certificacion-ec0263-empleados-la-secretaria-salud","status":"publish","type":"post","link":"https:\/\/www.sonoraenequipo.com.mx\/busca-ism-certificacion-ec0263-empleados-la-secretaria-salud\/","title":{"rendered":"Busca ISM certificaci\u00f3n EC0263 para empleados de la Secretar\u00eda de Salud"},"content":{"rendered":"<p>HERMOSILLO, SONORA. MX.\u2014 Para profesionalizar, a trav\u00e9s de la evaluaci\u00f3n y certificaci\u00f3n, a las personas que brindan servicios de acompa\u00f1amiento emocional a mujeres diagnosticadas con c\u00e1ncer de mama, el Instituto Sonorense de la Mujeres (ISM) inici\u00f3 un curso de capacitaci\u00f3n.<\/p>\n<p> <\/p>\n<p>Blanca Luz Salda\u00f1a L\u00f3pez, Coordinadora Ejecutiva del ISM, inform\u00f3 que con ello buscan lograr la certificaci\u00f3n EC0263 para trabajadores de la Secretar\u00eda de Salud y de organizaciones civiles.<\/p>\n<p>Destac\u00f3 que esta capacitaci\u00f3n se imparte a 12 personas, trabajadoras sociales, sic\u00f3logas y enfermeras, entre otras de la Secretar\u00eda de Salud y asociaciones civiles como George Papanicolaou y Grupo Reto, quienes brindan acompa\u00f1amiento emocional a las pacientes.<\/p>\n<p><em>\u201cLa certificaci\u00f3n es subir de nivel de conocimiento de las personas que hacemos las cosas porque ya lo manejamos como m\u00e9dicas, enfermeras, como trabajadoras sociales, pero tambi\u00e9n es importante que conozcamos t\u00e9cnicas, protocolos y sobre todo, esta parte tan sensible que es la emocional\u201d,<\/em> expres\u00f3.<\/p>\n<p>Salda\u00f1a L\u00f3pez explic\u00f3 que el curso de capacitaci\u00f3n consta de 36 horas y que en su segunda etapa se realizar\u00e1 un examen que de aprobarlo, las 12 personas lograr\u00e1n la certificaci\u00f3n EC0263 de acompa\u00f1amiento emocional a mujeres diagnosticadas con c\u00e1ncer de mama.<\/p>\n<p>Con ello, dijo, se proporcionar\u00e1 a la mujer diagnosticada con esta enfermedad, alternativas de apoyo emocional durante su sesi\u00f3n de acompa\u00f1amiento personalizado.<\/p>\n<p><em>\u201cLa Gobernadora lo sabe muy bien, Miguel Pompa, Secretario de Gobierno es quien nos anda consiguiendo los recursos y tienen muy claro este proceso, y parte del empoderamiento que la Gobernadora promueve en las mujeres es que el personal de Gobierno, la gente de sociedad civil, tengan m\u00e1s herramientas, conocimientos, habilidades, para poder hacer extensivo el beneficio a la comunidad de las mujeres en Sonora\u201d,<\/em> asegur\u00f3.<\/p>\n<p>Estuvieron presentes Gabriela Soledad Cuellar Ceja, instructora del curso de Acompa\u00f1amiento emocional a mujeres con c\u00e1ncer de mama; Ramiro Laguna Montiel, Director General de Servicios de Salud a la Persona; y Manuel Carvajal Burruel, Director de Programas Prioritarios de la Secretar\u00eda de Salud.<\/p>\n<p>(Fecha de publicaci\u00f3n 05102017)<\/p>\n","protected":false},"excerpt":{"rendered":"<p>HERMOSILLO, SONORA. MX.\u2014 Para profesionalizar, a trav\u00e9s de la evaluaci\u00f3n y certificaci\u00f3n, a las personas&#8230;<\/p>\n","protected":false},"author":1,"featured_media":26969,"comment_status":"open","ping_status":"open","sticky":false,"template":"","format":"standard","meta":{"_monsterinsights_skip_tracking":false,"_monsterinsights_sitenote_active":false,"_monsterinsights_sitenote_note":"","_monsterinsights_sitenote_category":0,"footnotes":""},"categories":[13,22],"tags":[],"class_list":["post"],"yoast_head":" \n<title>Sonora en Equipo. Busca ISM certificaci\u00f3n EC0263 para empleados de la Secretar\u00eda de Salud Destacadas<\/title>\n<meta name=\"description\" content=\"HERMOSILLO, SONORA. MX.\u2014 Para profesionalizar, a trav\u00e9s de la evaluaci\u00f3n y certificaci\u00f3n, a las personas que brindan servicios de acompa\u00f1amiento emocional En Sonora en Equipo publicamos toda la informaci\u00f3n de Sonora, M\u00e9xico y el Mundo de manera oportuna y busca que la libertad de expresi\u00f3n sea real. Visita nuestro medio informativo publicado desde Hermosillo, Sonora. %\" \/>\n<meta name=\"robots\" content=\"index, follow, max-snippet:-1, max-image-preview:large, max-video-preview:-1\" \/>\n<link rel=\"canonical\" href=\"https:\/\/www.sonoraenequipo.com.mx\/busca-ism-certificacion-ec0263-empleados-la-secretaria-salud\/\" \/>\n<meta property=\"og:locale\" content=\"es_ES\" \/>\n<meta property=\"og:type\" content=\"article\" \/>\n<meta property=\"og:title\" content=\"Sonora en Equipo. Busca ISM certificaci\u00f3n EC0263 para empleados de la Secretar\u00eda de Salud Destacadas\" \/>\n<meta property=\"og:description\" content=\"HERMOSILLO, SONORA. MX.\u2014 Para profesionalizar, a trav\u00e9s de la evaluaci\u00f3n y certificaci\u00f3n, a las personas que brindan servicios de acompa\u00f1amiento emocional En Sonora en Equipo publicamos toda la informaci\u00f3n de Sonora, M\u00e9xico y el Mundo de manera oportuna y busca que la libertad de expresi\u00f3n sea real. Visita nuestro medio informativo publicado desde Hermosillo, Sonora. %\" \/>\n<meta property=\"og:url\" content=\"https:\/\/www.sonoraenequipo.com.mx\/busca-ism-certificacion-ec0263-empleados-la-secretaria-salud\/\" \/>\n<meta property=\"og:site_name\" content=\"Sonora en Equipo.\" \/>\n<meta property=\"article:publisher\" content=\"https:\/\/www.facebook.com\/SonoraEE\/\" \/>\n<meta property=\"article:author\" content=\"https:\/\/www.facebook.com\/SonoraEE\" \/>\n<meta property=\"article:published_time\" content=\"2017-10-05T20:20:56+00:00\" \/>\n<meta property=\"article:modified_time\" content=\"2017-10-05T21:53:06+00:00\" \/>\n<meta property=\"og:image\" content=\"https:\/\/www.sonoraenequipo.com.mx\/storage\/2017\/10\/ismujer_opt2.jpg\" \/>\n\t<meta property=\"og:image:width\" content=\"639\" \/>\n\t<meta property=\"og:image:height\" content=\"405\" \/>\n\t<meta property=\"og:image:type\" content=\"image\/jpeg\" \/>\n<meta name=\"author\" content=\"enequipo\" \/>\n<meta name=\"twitter:card\" content=\"summary_large_image\" \/>\n<meta name=\"twitter:creator\" content=\"@sonoraenequipo\" \/>\n<meta name=\"twitter:site\" content=\"@sonoraenequipo\" \/>\n<meta name=\"twitter:label1\" content=\"Escrito por\" \/>\n\t<meta name=\"twitter:data1\" content=\"enequipo\" \/>\n\t<meta name=\"twitter:label2\" content=\"Tiempo de lectura\" \/>\n\t<meta name=\"twitter:data2\" content=\"2 minutos\" \/>\n<script type=\"application\/ld+json\" class=\"yoast-schema-graph\">{\"@context\":\"https:\/\/schema.org\",\"@graph\":[{\"@type\":\"Article\",\"@id\":\"https:\/\/www.sonoraenequipo.com.mx\/busca-ism-certificacion-ec0263-empleados-la-secretaria-salud\/#article\",\"isPartOf\":{\"@id\":\"https:\/\/www.sonoraenequipo.com.mx\/busca-ism-certificacion-ec0263-empleados-la-secretaria-salud\/\"},\"author\":{\"name\":\"enequipo\",\"@id\":\"https:\/\/www.sonoraenequipo.com.mx\/#\/schema\/person\/50102df0fb23a8fa9e8effad8fa81386\"},\"headline\":\"Busca ISM certificaci\u00f3n EC0263 para empleados de la Secretar\u00eda de Salud\",\"datePublished\":\"2017-10-05T20:20:56+00:00\",\"dateModified\":\"2017-10-05T21:53:06+00:00\",\"mainEntityOfPage\":{\"@id\":\"https:\/\/www.sonoraenequipo.com.mx\/busca-ism-certificacion-ec0263-empleados-la-secretaria-salud\/\"},\"wordCount\":368,\"commentCount\":0,\"publisher\":{\"@id\":\"https:\/\/www.sonoraenequipo.com.mx\/#organization\"},\"image\":{\"@id\":\"https:\/\/www.sonoraenequipo.com.mx\/busca-ism-certificacion-ec0263-empleados-la-secretaria-salud\/#primaryimage\"},\"thumbnailUrl\":\"https:\/\/www.sonoraenequipo.com.mx\/storage\/2017\/10\/ismujer_opt2.jpg\",\"articleSection\":[\"Destacadas\",\"Sonora\"],\"inLanguage\":\"es\",\"potentialAction\":[{\"@type\":\"CommentAction\",\"name\":\"Comment\",\"target\":[\"https:\/\/www.sonoraenequipo.com.mx\/busca-ism-certificacion-ec0263-empleados-la-secretaria-salud\/#respond\"]}]},{\"@type\":\"WebPage\",\"@id\":\"https:\/\/www.sonoraenequipo.com.mx\/busca-ism-certificacion-ec0263-empleados-la-secretaria-salud\/\",\"url\":\"https:\/\/www.sonoraenequipo.com.mx\/busca-ism-certificacion-ec0263-empleados-la-secretaria-salud\/\",\"name\":\"Sonora en Equipo. Busca ISM certificaci\u00f3n EC0263 para empleados de la Secretar\u00eda de Salud Destacadas\",\"isPartOf\":{\"@id\":\"https:\/\/www.sonoraenequipo.com.mx\/#website\"},\"primaryImageOfPage\":{\"@id\":\"https:\/\/www.sonoraenequipo.com.mx\/busca-ism-certificacion-ec0263-empleados-la-secretaria-salud\/#primaryimage\"},\"image\":{\"@id\":\"https:\/\/www.sonoraenequipo.com.mx\/busca-ism-certificacion-ec0263-empleados-la-secretaria-salud\/#primaryimage\"},\"thumbnailUrl\":\"https:\/\/www.sonoraenequipo.com.mx\/storage\/2017\/10\/ismujer_opt2.jpg\",\"datePublished\":\"2017-10-05T20:20:56+00:00\",\"dateModified\":\"2017-10-05T21:53:06+00:00\",\"description\":\"HERMOSILLO, SONORA. MX.\u2014 Para profesionalizar, a trav\u00e9s de la evaluaci\u00f3n y certificaci\u00f3n, a las personas que brindan servicios de acompa\u00f1amiento emocional En Sonora en Equipo publicamos toda la informaci\u00f3n de Sonora, M\u00e9xico y el Mundo de manera oportuna y busca que la libertad de expresi\u00f3n sea real. Visita nuestro medio informativo publicado desde Hermosillo, Sonora. %\",\"breadcrumb\":{\"@id\":\"https:\/\/www.sonoraenequipo.com.mx\/busca-ism-certificacion-ec0263-empleados-la-secretaria-salud\/#breadcrumb\"},\"inLanguage\":\"es\",\"potentialAction\":[{\"@type\":\"ReadAction\",\"target\":[\"https:\/\/www.sonoraenequipo.com.mx\/busca-ism-certificacion-ec0263-empleados-la-secretaria-salud\/\"]}]},{\"@type\":\"ImageObject\",\"inLanguage\":\"es\",\"@id\":\"https:\/\/www.sonoraenequipo.com.mx\/busca-ism-certificacion-ec0263-empleados-la-secretaria-salud\/#primaryimage\",\"url\":\"https:\/\/www.sonoraenequipo.com.mx\/storage\/2017\/10\/ismujer_opt2.jpg\",\"contentUrl\":\"https:\/\/www.sonoraenequipo.com.mx\/storage\/2017\/10\/ismujer_opt2.jpg\",\"width\":639,\"height\":405},{\"@type\":\"BreadcrumbList\",\"@id\":\"https:\/\/www.sonoraenequipo.com.mx\/busca-ism-certificacion-ec0263-empleados-la-secretaria-salud\/#breadcrumb\",\"itemListElement\":[{\"@type\":\"ListItem\",\"position\":1,\"name\":\"Portada\",\"item\":\"https:\/\/www.sonoraenequipo.com.mx\/\"},{\"@type\":\"ListItem\",\"position\":2,\"name\":\"Busca ISM certificaci\u00f3n EC0263 para empleados de la Secretar\u00eda de Salud\"}]},{\"@type\":\"WebSite\",\"@id\":\"https:\/\/www.sonoraenequipo.com.mx\/#website\",\"url\":\"https:\/\/www.sonoraenequipo.com.mx\/\",\"name\":\"Sonora en Equipo.\",\"description\":\"Diario en l\u00ednea con Noticias desde Hermosillo, Sonora\",\"publisher\":{\"@id\":\"https:\/\/www.sonoraenequipo.com.mx\/#organization\"},\"potentialAction\":[{\"@type\":\"SearchAction\",\"target\":{\"@type\":\"EntryPoint\",\"urlTemplate\":\"https:\/\/www.sonoraenequipo.com.mx\/?s={search_term_string}\"},\"query-input\":{\"@type\":\"PropertyValueSpecification\",\"valueRequired\":true,\"valueName\":\"search_term_string\"}}],\"inLanguage\":\"es\"},{\"@type\":\"Organization\",\"@id\":\"https:\/\/www.sonoraenequipo.com.mx\/#organization\",\"name\":\"Sonoraenequipo.com.mx\",\"url\":\"https:\/\/www.sonoraenequipo.com.mx\/\",\"logo\":{\"@type\":\"ImageObject\",\"inLanguage\":\"es\",\"@id\":\"https:\/\/www.sonoraenequipo.com.mx\/#\/schema\/logo\/image\/\",\"url\":\"https:\/\/www.sonoraenequipo.com.mx\/storage\/2019\/01\/sonoraenequipo_opt.png\",\"contentUrl\":\"https:\/\/www.sonoraenequipo.com.mx\/storage\/2019\/01\/sonoraenequipo_opt.png\",\"width\":375,\"height\":125,\"caption\":\"Sonoraenequipo.com.mx\"},\"image\":{\"@id\":\"https:\/\/www.sonoraenequipo.com.mx\/#\/schema\/logo\/image\/\"},\"sameAs\":[\"https:\/\/www.facebook.com\/SonoraEE\/\",\"https:\/\/x.com\/sonoraenequipo\",\"https:\/\/www.youtube.com\/channel\/UC338nW-lPEYmJQs4ZABQ1SQ\"]},{\"@type\":\"Person\",\"@id\":\"https:\/\/www.sonoraenequipo.com.mx\/#\/schema\/person\/50102df0fb23a8fa9e8effad8fa81386\",\"name\":\"enequipo\",\"image\":{\"@type\":\"ImageObject\",\"inLanguage\":\"es\",\"@id\":\"https:\/\/www.sonoraenequipo.com.mx\/#\/schema\/person\/image\/\",\"url\":\"https:\/\/secure.gravatar.com\/avatar\/049821681b589dabc0bc20695993ccebb09f5b5d4d790cd9251b97faac7c652b?s=96&d=blank&r=g\",\"contentUrl\":\"https:\/\/secure.gravatar.com\/avatar\/049821681b589dabc0bc20695993ccebb09f5b5d4d790cd9251b97faac7c652b?s=96&d=blank&r=g\",\"caption\":\"enequipo\"},\"sameAs\":[\"https:\/\/www.facebook.com\/SonoraEE\"]}]}<\/script>\n ","yoast_head_json":{"title":"Sonora en Equipo. Busca ISM certificaci\u00f3n EC0263 para empleados de la Secretar\u00eda de Salud Destacadas","description":"HERMOSILLO, SONORA. MX.\u2014 Para profesionalizar, a trav\u00e9s de la evaluaci\u00f3n y certificaci\u00f3n, a las personas que brindan servicios de acompa\u00f1amiento emocional En Sonora en Equipo publicamos toda la informaci\u00f3n de Sonora, M\u00e9xico y el Mundo de manera oportuna y busca que la libertad de expresi\u00f3n sea real. Visita nuestro medio informativo publicado desde Hermosillo, Sonora. %","robots":{"index":"index","follow":"follow","max-snippet":"max-snippet:-1","max-image-preview":"max-image-preview:large","max-video-preview":"max-video-preview:-1"},"canonical":"https:\/\/www.sonoraenequipo.com.mx\/busca-ism-certificacion-ec0263-empleados-la-secretaria-salud\/","og_locale":"es_ES","og_type":"article","og_title":"Sonora en Equipo. Busca ISM certificaci\u00f3n EC0263 para empleados de la Secretar\u00eda de Salud Destacadas","og_description":"HERMOSILLO, SONORA. MX.\u2014 Para profesionalizar, a trav\u00e9s de la evaluaci\u00f3n y certificaci\u00f3n, a las personas que brindan servicios de acompa\u00f1amiento emocional En Sonora en Equipo publicamos toda la informaci\u00f3n de Sonora, M\u00e9xico y el Mundo de manera oportuna y busca que la libertad de expresi\u00f3n sea real. Visita nuestro medio informativo publicado desde Hermosillo, Sonora. %","og_url":"https:\/\/www.sonoraenequipo.com.mx\/busca-ism-certificacion-ec0263-empleados-la-secretaria-salud\/","og_site_name":"Sonora en Equipo.","article_publisher":"https:\/\/www.facebook.com\/SonoraEE\/","article_author":"https:\/\/www.facebook.com\/SonoraEE","article_published_time":"2017-10-05T20:20:56+00:00","article_modified_time":"2017-10-05T21:53:06+00:00","og_image":[{"width":639,"height":405,"url":"https:\/\/www.sonoraenequipo.com.mx\/storage\/2017\/10\/ismujer_opt2.jpg","type":"image\/jpeg"}],"author":"enequipo","twitter_card":"summary_large_image","twitter_creator":"@sonoraenequipo","twitter_site":"@sonoraenequipo","twitter_misc":{"Escrito por":"enequipo","Tiempo de lectura":"2 minutos"},"schema":{"@context":"https:\/\/schema.org","@graph":[{"@type":"Article","@id":"https:\/\/www.sonoraenequipo.com.mx\/busca-ism-certificacion-ec0263-empleados-la-secretaria-salud\/#article","isPartOf":{"@id":"https:\/\/www.sonoraenequipo.com.mx\/busca-ism-certificacion-ec0263-empleados-la-secretaria-salud\/"},"author":{"name":"enequipo","@id":"https:\/\/www.sonoraenequipo.com.mx\/#\/schema\/person\/50102df0fb23a8fa9e8effad8fa81386"},"headline":"Busca ISM certificaci\u00f3n EC0263 para empleados de la Secretar\u00eda de Salud","datePublished":"2017-10-05T20:20:56+00:00","dateModified":"2017-10-05T21:53:06+00:00","mainEntityOfPage":{"@id":"https:\/\/www.sonoraenequipo.com.mx\/busca-ism-certificacion-ec0263-empleados-la-secretaria-salud\/"},"wordCount":368,"commentCount":0,"publisher":{"@id":"https:\/\/www.sonoraenequipo.com.mx\/#organization"},"image":{"@id":"https:\/\/www.sonoraenequipo.com.mx\/busca-ism-certificacion-ec0263-empleados-la-secretaria-salud\/#primaryimage"},"thumbnailUrl":"https:\/\/www.sonoraenequipo.com.mx\/storage\/2017\/10\/ismujer_opt2.jpg","articleSection":["Destacadas","Sonora"],"inLanguage":"es","potentialAction":[{"@type":"CommentAction","name":"Comment","target":["https:\/\/www.sonoraenequipo.com.mx\/busca-ism-certificacion-ec0263-empleados-la-secretaria-salud\/#respond"]}]},{"@type":"WebPage","@id":"https:\/\/www.sonoraenequipo.com.mx\/busca-ism-certificacion-ec0263-empleados-la-secretaria-salud\/","url":"https:\/\/www.sonoraenequipo.com.mx\/busca-ism-certificacion-ec0263-empleados-la-secretaria-salud\/","name":"Sonora en Equipo. Busca ISM certificaci\u00f3n EC0263 para empleados de la Secretar\u00eda de Salud Destacadas","isPartOf":{"@id":"https:\/\/www.sonoraenequipo.com.mx\/#website"},"primaryImageOfPage":{"@id":"https:\/\/www.sonoraenequipo.com.mx\/busca-ism-certificacion-ec0263-empleados-la-secretaria-salud\/#primaryimage"},"image":{"@id":"https:\/\/www.sonoraenequipo.com.mx\/busca-ism-certificacion-ec0263-empleados-la-secretaria-salud\/#primaryimage"},"thumbnailUrl":"https:\/\/www.sonoraenequipo.com.mx\/storage\/2017\/10\/ismujer_opt2.jpg","datePublished":"2017-10-05T20:20:56+00:00","dateModified":"2017-10-05T21:53:06+00:00","description":"HERMOSILLO, SONORA. MX.\u2014 Para profesionalizar, a trav\u00e9s de la evaluaci\u00f3n y certificaci\u00f3n, a las personas que brindan servicios de acompa\u00f1amiento emocional En Sonora en Equipo publicamos toda la informaci\u00f3n de Sonora, M\u00e9xico y el Mundo de manera oportuna y busca que la libertad de expresi\u00f3n sea real. Visita nuestro medio informativo publicado desde Hermosillo, Sonora. %","breadcrumb":{"@id":"https:\/\/www.sonoraenequipo.com.mx\/busca-ism-certificacion-ec0263-empleados-la-secretaria-salud\/#breadcrumb"},"inLanguage":"es","potentialAction":[{"@type":"ReadAction","target":["https:\/\/www.sonoraenequipo.com.mx\/busca-ism-certificacion-ec0263-empleados-la-secretaria-salud\/"]}]},{"@type":"ImageObject","inLanguage":"es","@id":"https:\/\/www.sonoraenequipo.com.mx\/busca-ism-certificacion-ec0263-empleados-la-secretaria-salud\/#primaryimage","url":"https:\/\/www.sonoraenequipo.com.mx\/storage\/2017\/10\/ismujer_opt2.jpg","contentUrl":"https:\/\/www.sonoraenequipo.com.mx\/storage\/2017\/10\/ismujer_opt2.jpg","width":639,"height":405},{"@type":"BreadcrumbList","@id":"https:\/\/www.sonoraenequipo.com.mx\/busca-ism-certificacion-ec0263-empleados-la-secretaria-salud\/#breadcrumb","itemListElement":[{"@type":"ListItem","position":1,"name":"Portada","item":"https:\/\/www.sonoraenequipo.com.mx\/"},{"@type":"ListItem","position":2,"name":"Busca ISM certificaci\u00f3n EC0263 para empleados de la Secretar\u00eda de Salud"}]},{"@type":"WebSite","@id":"https:\/\/www.sonoraenequipo.com.mx\/#website","url":"https:\/\/www.sonoraenequipo.com.mx\/","name":"Sonora en Equipo.","description":"Diario en l\u00ednea con Noticias desde Hermosillo, Sonora","publisher":{"@id":"https:\/\/www.sonoraenequipo.com.mx\/#organization"},"potentialAction":[{"@type":"SearchAction","target":{"@type":"EntryPoint","urlTemplate":"https:\/\/www.sonoraenequipo.com.mx\/?s={search_term_string}"},"query-input":{"@type":"PropertyValueSpecification","valueRequired":true,"valueName":"search_term_string"}}],"inLanguage":"es"},{"@type":"Organization","@id":"https:\/\/www.sonoraenequipo.com.mx\/#organization","name":"Sonoraenequipo.com.mx","url":"https:\/\/www.sonoraenequipo.com.mx\/","logo":{"@type":"ImageObject","inLanguage":"es","@id":"https:\/\/www.sonoraenequipo.com.mx\/#\/schema\/logo\/image\/","url":"https:\/\/www.sonoraenequipo.com.mx\/storage\/2019\/01\/sonoraenequipo_opt.png","contentUrl":"https:\/\/www.sonoraenequipo.com.mx\/storage\/2019\/01\/sonoraenequipo_opt.png","width":375,"height":125,"caption":"Sonoraenequipo.com.mx"},"image":{"@id":"https:\/\/www.sonoraenequipo.com.mx\/#\/schema\/logo\/image\/"},"sameAs":["https:\/\/www.facebook.com\/SonoraEE\/","https:\/\/x.com\/sonoraenequipo","https:\/\/www.youtube.com\/channel\/UC338nW-lPEYmJQs4ZABQ1SQ"]},{"@type":"Person","@id":"https:\/\/www.sonoraenequipo.com.mx\/#\/schema\/person\/50102df0fb23a8fa9e8effad8fa81386","name":"enequipo","image":{"@type":"ImageObject","inLanguage":"es","@id":"https:\/\/www.sonoraenequipo.com.mx\/#\/schema\/person\/image\/","url":"https:\/\/secure.gravatar.com\/avatar\/049821681b589dabc0bc20695993ccebb09f5b5d4d790cd9251b97faac7c652b?s=96&d=blank&r=g","contentUrl":"https:\/\/secure.gravatar.com\/avatar\/049821681b589dabc0bc20695993ccebb09f5b5d4d790cd9251b97faac7c652b?s=96&d=blank&r=g","caption":"enequipo"},"sameAs":["https:\/\/www.facebook.com\/SonoraEE"]}]}},"jetpack_featured_media_url":"https:\/\/www.sonoraenequipo.com.mx\/storage\/2017\/10\/ismujer_opt2.jpg","_links":{"self":[{"href":"https:\/\/www.sonoraenequipo.com.mx\/api\/wp\/v2\/posts\/26968","targetHints":{"allow":["GET"]}}],"collection":[{"href":"https:\/\/www.sonoraenequipo.com.mx\/api\/wp\/v2\/posts"}],"about":[{"href":"https:\/\/www.sonoraenequipo.com.mx\/api\/wp\/v2\/types\/post"}],"author":[{"embeddable":true,"href":"https:\/\/www.sonoraenequipo.com.mx\/api\/wp\/v2\/users\/1"}],"replies":[{"embeddable":true,"href":"https:\/\/www.sonoraenequipo.com.mx\/api\/wp\/v2\/comments?post=26968"}],"version-history":[{"count":0,"href":"https:\/\/www.sonoraenequipo.com.mx\/api\/wp\/v2\/posts\/26968\/revisions"}],"wp:featuredmedia":[{"embeddable":true,"href":"https:\/\/www.sonoraenequipo.com.mx\/api\/wp\/v2\/media\/26969"}],"wp:attachment":[{"href":"https:\/\/www.sonoraenequipo.com.mx\/api\/wp\/v2\/media?parent=26968"}],"wp:term":[{"taxonomy":"category","embeddable":true,"href":"https:\/\/www.sonoraenequipo.com.mx\/api\/wp\/v2\/categories?post=26968"},{"taxonomy":"post_tag","embeddable":true,"href":"https:\/\/www.sonoraenequipo.com.mx\/api\/wp\/v2\/tags?post=26968"}],"curies":[{"name":"wp","href":"https:\/\/api.w.org\/{rel}","templated":true}]}}