{"id":26985,"date":"2017-10-05T09:50:55","date_gmt":"2017-10-05T16:50:55","guid":{"rendered":"http:\/\/www.sonoraenequipo.com.mx\/?p=26985"},"modified":"2017-10-05T18:16:25","modified_gmt":"2017-10-06T01:16:25","slug":"cuatro-museos-mas-del-inba-reabren-puertas-tras-sismos","status":"publish","type":"post","link":"https:\/\/www.sonoraenequipo.com.mx\/cuatro-museos-mas-del-inba-reabren-puertas-tras-sismos\/","title":{"rendered":"Cuatro museos m\u00e1s del INBA reabren sus puertas tras sismos"},"content":{"rendered":"<p>CIUDAD DE M\u00c9XICO. MX. \u2014 Luego de la suspensi\u00f3n de actividades en diferentes recintos culturales como consecuencia del sismo del pasado 19 de septiembre y de la Declaratoria de Emergencia, este jueves cuatro museos m\u00e1s del Instituto Nacional de Bellas Artes (INBA) abrir\u00e1n sus puertas al p\u00fablico.<\/p>\n<p> <\/p>\n<p>La Galer\u00eda Jos\u00e9 Mar\u00eda Velasco, ubicada en Peralvillo 55, exhibe <em>\u00abZapatero \u00a1a tus c\u00e1maras! Jes\u00fas Maga\u00f1a obra a color\u00bb<\/em> hasta el domingo 29 de octubre en un horario de martes a domingo de 9:00 a 17:00 horas.<\/p>\n<p>Se trata de la colecci\u00f3n antol\u00f3gica de este peculiar fot\u00f3grafo mexicano, quien a partir de sofisticaci\u00f3n y la seducci\u00f3n visual, captur\u00f3 a personajes del espect\u00e1culo y el deporte que significaron modelos aspiracionales para toda una generaci\u00f3n durante los a\u00f1os 60 y 70.<\/p>\n<p>El Museo Nacional de Arte, localizado en el Centro Hist\u00f3rico de la Ciudad de M\u00e9xico, reabre sus puertas con la exposici\u00f3n <em>\u00abDiscursos de la piel. Felipe Santiago Guti\u00e9rrez (1824-1904)\u00bb,<\/em> con admisi\u00f3n de martes a domingo de 10:00 a 18:00 horas hasta el 14 de enero de 2018.<\/p>\n<p>Esta muestra denota las contribuciones que Felipe Santiago Guti\u00e9rrez realiz\u00f3 al desarrollo de la pintura decimon\u00f3nica en M\u00e9xico, al haber sido un agente de cambio estil\u00edstico entre el romanticismo y el realismo.<\/p>\n<p>Adem\u00e1s de la exhibici\u00f3n <em>\u00abPor los siglos de los siglos\u00bb<\/em>, un di\u00e1logo entre obras del reconocido artista contempor\u00e1neo Bosco Sodi, y la obra que conforma la colecci\u00f3n permanente del Museo Nacional de Arte, desde la \u00e9poca virreinal, decimon\u00f3nica y del siglo XX.<\/p>\n<p>Ubicado en la Plaza de la Santa Veracruz del Centro Hist\u00f3rico, el Museo Nacional de la Estampa reanuda actividades con la exposici\u00f3n <em>\u00abEdiciones &amp; coediciones\u00bb<\/em> que permanecer\u00e1 hasta el 19 de noviembre, la cual presenta obra gr\u00e1fica, desde m\u00faltiples motivaciones y temas.<\/p>\n<p>As\u00ed como el <em>\u00abForo gr\u00e1fico: miradas cruzadas\u00bb<\/em>, que re\u00fane las \u00faltimas ediciones gr\u00e1ficas realizadas por el artista Luis Moro, en colaboraci\u00f3n con los c\u00e9lebres escritores Antonio Gamoneda y Elena Poniatowska, el cual concluir\u00e1 el domingo 15 de octubre.<\/p>\n<p>Por \u00faltimo, el Museo Nacional de San Carlos, recinto ubicado en la colonia Tabacalera se presenta <em>\u00abDel Pontormo a Murillo. Entre lo sagrado y lo profano\u00bb<\/em>, la cual integra piezas pertenecientes al renacimiento, manierismo y barroco jam\u00e1s expuestas en M\u00e9xico.<\/p>\n<p>Se incluye una obra maestra del g\u00f3tico espa\u00f1ol, el \u00abretablo de la Adoraci\u00f3n de los Magos\u00bb, del denominado Maestro de Perea, (pintor activo en Valencia a fines del siglo XV), con el objetivo de comparar sus caracter\u00edsticas y estilo con la \u00abAdoraci\u00f3n de los Mago\u00bbs, de Pedro Berruguete, extender\u00e1 su permanencia hasta el 15 de octubre.<\/p>\n<p>Notimex<\/p>\n","protected":false},"excerpt":{"rendered":"<p>CIUDAD DE M\u00c9XICO. MX. \u2014 Luego de la suspensi\u00f3n de actividades en diferentes recintos culturales&#8230;<\/p>\n","protected":false},"author":1,"featured_media":26989,"comment_status":"open","ping_status":"open","sticky":false,"template":"","format":"standard","meta":{"_monsterinsights_skip_tracking":false,"_monsterinsights_sitenote_active":false,"_monsterinsights_sitenote_note":"","_monsterinsights_sitenote_category":0,"footnotes":""},"categories":[9,1],"tags":[],"class_list":["post"],"yoast_head":" \n<title>Sonora en Equipo. Cuatro museos m\u00e1s del INBA reabren sus puertas tras sismos Sin categorizar<\/title>\n<meta name=\"description\" content=\"CIUDAD DE M\u00c9XICO. MX. \u2014 Luego de la suspensi\u00f3n de actividades en diferentes recintos culturales como consecuencia del sismo del pasado 19 de septiembre y En Sonora en Equipo publicamos toda la informaci\u00f3n de Sonora, M\u00e9xico y el Mundo de manera oportuna y busca que la libertad de expresi\u00f3n sea real. Visita nuestro medio informativo publicado desde Hermosillo, Sonora. %\" \/>\n<meta name=\"robots\" content=\"index, follow, max-snippet:-1, max-image-preview:large, max-video-preview:-1\" \/>\n<link rel=\"canonical\" href=\"https:\/\/www.sonoraenequipo.com.mx\/cuatro-museos-mas-del-inba-reabren-puertas-tras-sismos\/\" \/>\n<meta property=\"og:locale\" content=\"es_ES\" \/>\n<meta property=\"og:type\" content=\"article\" \/>\n<meta property=\"og:title\" content=\"Sonora en Equipo. Cuatro museos m\u00e1s del INBA reabren sus puertas tras sismos Sin categorizar\" \/>\n<meta property=\"og:description\" content=\"CIUDAD DE M\u00c9XICO. MX. \u2014 Luego de la suspensi\u00f3n de actividades en diferentes recintos culturales como consecuencia del sismo del pasado 19 de septiembre y En Sonora en Equipo publicamos toda la informaci\u00f3n de Sonora, M\u00e9xico y el Mundo de manera oportuna y busca que la libertad de expresi\u00f3n sea real. Visita nuestro medio informativo publicado desde Hermosillo, Sonora. %\" \/>\n<meta property=\"og:url\" content=\"https:\/\/www.sonoraenequipo.com.mx\/cuatro-museos-mas-del-inba-reabren-puertas-tras-sismos\/\" \/>\n<meta property=\"og:site_name\" content=\"Sonora en Equipo.\" \/>\n<meta property=\"article:publisher\" content=\"https:\/\/www.facebook.com\/SonoraEE\/\" \/>\n<meta property=\"article:author\" content=\"https:\/\/www.facebook.com\/SonoraEE\" \/>\n<meta property=\"article:published_time\" content=\"2017-10-05T16:50:55+00:00\" \/>\n<meta property=\"article:modified_time\" content=\"2017-10-06T01:16:25+00:00\" \/>\n<meta property=\"og:image\" content=\"https:\/\/www.sonoraenequipo.com.mx\/storage\/2017\/10\/museonaldearte_opt.jpg\" \/>\n\t<meta property=\"og:image:width\" content=\"675\" \/>\n\t<meta property=\"og:image:height\" content=\"450\" \/>\n\t<meta property=\"og:image:type\" content=\"image\/jpeg\" \/>\n<meta name=\"author\" content=\"enequipo\" \/>\n<meta name=\"twitter:card\" content=\"summary_large_image\" \/>\n<meta name=\"twitter:creator\" content=\"@sonoraenequipo\" \/>\n<meta name=\"twitter:site\" content=\"@sonoraenequipo\" \/>\n<meta name=\"twitter:label1\" content=\"Escrito por\" \/>\n\t<meta name=\"twitter:data1\" content=\"enequipo\" \/>\n\t<meta name=\"twitter:label2\" content=\"Tiempo de lectura\" \/>\n\t<meta name=\"twitter:data2\" content=\"2 minutos\" \/>\n<script type=\"application\/ld+json\" class=\"yoast-schema-graph\">{\"@context\":\"https:\/\/schema.org\",\"@graph\":[{\"@type\":\"Article\",\"@id\":\"https:\/\/www.sonoraenequipo.com.mx\/cuatro-museos-mas-del-inba-reabren-puertas-tras-sismos\/#article\",\"isPartOf\":{\"@id\":\"https:\/\/www.sonoraenequipo.com.mx\/cuatro-museos-mas-del-inba-reabren-puertas-tras-sismos\/\"},\"author\":{\"name\":\"enequipo\",\"@id\":\"https:\/\/www.sonoraenequipo.com.mx\/#\/schema\/person\/50102df0fb23a8fa9e8effad8fa81386\"},\"headline\":\"Cuatro museos m\u00e1s del INBA reabren sus puertas tras sismos\",\"datePublished\":\"2017-10-05T16:50:55+00:00\",\"dateModified\":\"2017-10-06T01:16:25+00:00\",\"mainEntityOfPage\":{\"@id\":\"https:\/\/www.sonoraenequipo.com.mx\/cuatro-museos-mas-del-inba-reabren-puertas-tras-sismos\/\"},\"wordCount\":470,\"commentCount\":0,\"publisher\":{\"@id\":\"https:\/\/www.sonoraenequipo.com.mx\/#organization\"},\"image\":{\"@id\":\"https:\/\/www.sonoraenequipo.com.mx\/cuatro-museos-mas-del-inba-reabren-puertas-tras-sismos\/#primaryimage\"},\"thumbnailUrl\":\"https:\/\/www.sonoraenequipo.com.mx\/storage\/2017\/10\/museonaldearte_opt.jpg\",\"articleSection\":[\"Etc\u00e9tera\",\"Sin categorizar\"],\"inLanguage\":\"es\",\"potentialAction\":[{\"@type\":\"CommentAction\",\"name\":\"Comment\",\"target\":[\"https:\/\/www.sonoraenequipo.com.mx\/cuatro-museos-mas-del-inba-reabren-puertas-tras-sismos\/#respond\"]}]},{\"@type\":\"WebPage\",\"@id\":\"https:\/\/www.sonoraenequipo.com.mx\/cuatro-museos-mas-del-inba-reabren-puertas-tras-sismos\/\",\"url\":\"https:\/\/www.sonoraenequipo.com.mx\/cuatro-museos-mas-del-inba-reabren-puertas-tras-sismos\/\",\"name\":\"Sonora en Equipo. Cuatro museos m\u00e1s del INBA reabren sus puertas tras sismos Sin categorizar\",\"isPartOf\":{\"@id\":\"https:\/\/www.sonoraenequipo.com.mx\/#website\"},\"primaryImageOfPage\":{\"@id\":\"https:\/\/www.sonoraenequipo.com.mx\/cuatro-museos-mas-del-inba-reabren-puertas-tras-sismos\/#primaryimage\"},\"image\":{\"@id\":\"https:\/\/www.sonoraenequipo.com.mx\/cuatro-museos-mas-del-inba-reabren-puertas-tras-sismos\/#primaryimage\"},\"thumbnailUrl\":\"https:\/\/www.sonoraenequipo.com.mx\/storage\/2017\/10\/museonaldearte_opt.jpg\",\"datePublished\":\"2017-10-05T16:50:55+00:00\",\"dateModified\":\"2017-10-06T01:16:25+00:00\",\"description\":\"CIUDAD DE M\u00c9XICO. MX. \u2014 Luego de la suspensi\u00f3n de actividades en diferentes recintos culturales como consecuencia del sismo del pasado 19 de septiembre y En Sonora en Equipo publicamos toda la informaci\u00f3n de Sonora, M\u00e9xico y el Mundo de manera oportuna y busca que la libertad de expresi\u00f3n sea real. Visita nuestro medio informativo publicado desde Hermosillo, Sonora. %\",\"breadcrumb\":{\"@id\":\"https:\/\/www.sonoraenequipo.com.mx\/cuatro-museos-mas-del-inba-reabren-puertas-tras-sismos\/#breadcrumb\"},\"inLanguage\":\"es\",\"potentialAction\":[{\"@type\":\"ReadAction\",\"target\":[\"https:\/\/www.sonoraenequipo.com.mx\/cuatro-museos-mas-del-inba-reabren-puertas-tras-sismos\/\"]}]},{\"@type\":\"ImageObject\",\"inLanguage\":\"es\",\"@id\":\"https:\/\/www.sonoraenequipo.com.mx\/cuatro-museos-mas-del-inba-reabren-puertas-tras-sismos\/#primaryimage\",\"url\":\"https:\/\/www.sonoraenequipo.com.mx\/storage\/2017\/10\/museonaldearte_opt.jpg\",\"contentUrl\":\"https:\/\/www.sonoraenequipo.com.mx\/storage\/2017\/10\/museonaldearte_opt.jpg\",\"width\":675,\"height\":450},{\"@type\":\"BreadcrumbList\",\"@id\":\"https:\/\/www.sonoraenequipo.com.mx\/cuatro-museos-mas-del-inba-reabren-puertas-tras-sismos\/#breadcrumb\",\"itemListElement\":[{\"@type\":\"ListItem\",\"position\":1,\"name\":\"Portada\",\"item\":\"https:\/\/www.sonoraenequipo.com.mx\/\"},{\"@type\":\"ListItem\",\"position\":2,\"name\":\"Cuatro museos m\u00e1s del INBA reabren sus puertas tras sismos\"}]},{\"@type\":\"WebSite\",\"@id\":\"https:\/\/www.sonoraenequipo.com.mx\/#website\",\"url\":\"https:\/\/www.sonoraenequipo.com.mx\/\",\"name\":\"Sonora en Equipo.\",\"description\":\"Diario en l\u00ednea con Noticias desde Hermosillo, Sonora\",\"publisher\":{\"@id\":\"https:\/\/www.sonoraenequipo.com.mx\/#organization\"},\"potentialAction\":[{\"@type\":\"SearchAction\",\"target\":{\"@type\":\"EntryPoint\",\"urlTemplate\":\"https:\/\/www.sonoraenequipo.com.mx\/?s={search_term_string}\"},\"query-input\":{\"@type\":\"PropertyValueSpecification\",\"valueRequired\":true,\"valueName\":\"search_term_string\"}}],\"inLanguage\":\"es\"},{\"@type\":\"Organization\",\"@id\":\"https:\/\/www.sonoraenequipo.com.mx\/#organization\",\"name\":\"Sonoraenequipo.com.mx\",\"url\":\"https:\/\/www.sonoraenequipo.com.mx\/\",\"logo\":{\"@type\":\"ImageObject\",\"inLanguage\":\"es\",\"@id\":\"https:\/\/www.sonoraenequipo.com.mx\/#\/schema\/logo\/image\/\",\"url\":\"https:\/\/www.sonoraenequipo.com.mx\/storage\/2019\/01\/sonoraenequipo_opt.png\",\"contentUrl\":\"https:\/\/www.sonoraenequipo.com.mx\/storage\/2019\/01\/sonoraenequipo_opt.png\",\"width\":375,\"height\":125,\"caption\":\"Sonoraenequipo.com.mx\"},\"image\":{\"@id\":\"https:\/\/www.sonoraenequipo.com.mx\/#\/schema\/logo\/image\/\"},\"sameAs\":[\"https:\/\/www.facebook.com\/SonoraEE\/\",\"https:\/\/x.com\/sonoraenequipo\",\"https:\/\/www.youtube.com\/channel\/UC338nW-lPEYmJQs4ZABQ1SQ\"]},{\"@type\":\"Person\",\"@id\":\"https:\/\/www.sonoraenequipo.com.mx\/#\/schema\/person\/50102df0fb23a8fa9e8effad8fa81386\",\"name\":\"enequipo\",\"image\":{\"@type\":\"ImageObject\",\"inLanguage\":\"es\",\"@id\":\"https:\/\/www.sonoraenequipo.com.mx\/#\/schema\/person\/image\/\",\"url\":\"https:\/\/secure.gravatar.com\/avatar\/049821681b589dabc0bc20695993ccebb09f5b5d4d790cd9251b97faac7c652b?s=96&d=blank&r=g\",\"contentUrl\":\"https:\/\/secure.gravatar.com\/avatar\/049821681b589dabc0bc20695993ccebb09f5b5d4d790cd9251b97faac7c652b?s=96&d=blank&r=g\",\"caption\":\"enequipo\"},\"sameAs\":[\"https:\/\/www.facebook.com\/SonoraEE\"]}]}<\/script>\n ","yoast_head_json":{"title":"Sonora en Equipo. Cuatro museos m\u00e1s del INBA reabren sus puertas tras sismos Sin categorizar","description":"CIUDAD DE M\u00c9XICO. MX. \u2014 Luego de la suspensi\u00f3n de actividades en diferentes recintos culturales como consecuencia del sismo del pasado 19 de septiembre y En Sonora en Equipo publicamos toda la informaci\u00f3n de Sonora, M\u00e9xico y el Mundo de manera oportuna y busca que la libertad de expresi\u00f3n sea real. Visita nuestro medio informativo publicado desde Hermosillo, Sonora. %","robots":{"index":"index","follow":"follow","max-snippet":"max-snippet:-1","max-image-preview":"max-image-preview:large","max-video-preview":"max-video-preview:-1"},"canonical":"https:\/\/www.sonoraenequipo.com.mx\/cuatro-museos-mas-del-inba-reabren-puertas-tras-sismos\/","og_locale":"es_ES","og_type":"article","og_title":"Sonora en Equipo. Cuatro museos m\u00e1s del INBA reabren sus puertas tras sismos Sin categorizar","og_description":"CIUDAD DE M\u00c9XICO. MX. \u2014 Luego de la suspensi\u00f3n de actividades en diferentes recintos culturales como consecuencia del sismo del pasado 19 de septiembre y En Sonora en Equipo publicamos toda la informaci\u00f3n de Sonora, M\u00e9xico y el Mundo de manera oportuna y busca que la libertad de expresi\u00f3n sea real. Visita nuestro medio informativo publicado desde Hermosillo, Sonora. %","og_url":"https:\/\/www.sonoraenequipo.com.mx\/cuatro-museos-mas-del-inba-reabren-puertas-tras-sismos\/","og_site_name":"Sonora en Equipo.","article_publisher":"https:\/\/www.facebook.com\/SonoraEE\/","article_author":"https:\/\/www.facebook.com\/SonoraEE","article_published_time":"2017-10-05T16:50:55+00:00","article_modified_time":"2017-10-06T01:16:25+00:00","og_image":[{"width":675,"height":450,"url":"https:\/\/www.sonoraenequipo.com.mx\/storage\/2017\/10\/museonaldearte_opt.jpg","type":"image\/jpeg"}],"author":"enequipo","twitter_card":"summary_large_image","twitter_creator":"@sonoraenequipo","twitter_site":"@sonoraenequipo","twitter_misc":{"Escrito por":"enequipo","Tiempo de lectura":"2 minutos"},"schema":{"@context":"https:\/\/schema.org","@graph":[{"@type":"Article","@id":"https:\/\/www.sonoraenequipo.com.mx\/cuatro-museos-mas-del-inba-reabren-puertas-tras-sismos\/#article","isPartOf":{"@id":"https:\/\/www.sonoraenequipo.com.mx\/cuatro-museos-mas-del-inba-reabren-puertas-tras-sismos\/"},"author":{"name":"enequipo","@id":"https:\/\/www.sonoraenequipo.com.mx\/#\/schema\/person\/50102df0fb23a8fa9e8effad8fa81386"},"headline":"Cuatro museos m\u00e1s del INBA reabren sus puertas tras sismos","datePublished":"2017-10-05T16:50:55+00:00","dateModified":"2017-10-06T01:16:25+00:00","mainEntityOfPage":{"@id":"https:\/\/www.sonoraenequipo.com.mx\/cuatro-museos-mas-del-inba-reabren-puertas-tras-sismos\/"},"wordCount":470,"commentCount":0,"publisher":{"@id":"https:\/\/www.sonoraenequipo.com.mx\/#organization"},"image":{"@id":"https:\/\/www.sonoraenequipo.com.mx\/cuatro-museos-mas-del-inba-reabren-puertas-tras-sismos\/#primaryimage"},"thumbnailUrl":"https:\/\/www.sonoraenequipo.com.mx\/storage\/2017\/10\/museonaldearte_opt.jpg","articleSection":["Etc\u00e9tera","Sin categorizar"],"inLanguage":"es","potentialAction":[{"@type":"CommentAction","name":"Comment","target":["https:\/\/www.sonoraenequipo.com.mx\/cuatro-museos-mas-del-inba-reabren-puertas-tras-sismos\/#respond"]}]},{"@type":"WebPage","@id":"https:\/\/www.sonoraenequipo.com.mx\/cuatro-museos-mas-del-inba-reabren-puertas-tras-sismos\/","url":"https:\/\/www.sonoraenequipo.com.mx\/cuatro-museos-mas-del-inba-reabren-puertas-tras-sismos\/","name":"Sonora en Equipo. Cuatro museos m\u00e1s del INBA reabren sus puertas tras sismos Sin categorizar","isPartOf":{"@id":"https:\/\/www.sonoraenequipo.com.mx\/#website"},"primaryImageOfPage":{"@id":"https:\/\/www.sonoraenequipo.com.mx\/cuatro-museos-mas-del-inba-reabren-puertas-tras-sismos\/#primaryimage"},"image":{"@id":"https:\/\/www.sonoraenequipo.com.mx\/cuatro-museos-mas-del-inba-reabren-puertas-tras-sismos\/#primaryimage"},"thumbnailUrl":"https:\/\/www.sonoraenequipo.com.mx\/storage\/2017\/10\/museonaldearte_opt.jpg","datePublished":"2017-10-05T16:50:55+00:00","dateModified":"2017-10-06T01:16:25+00:00","description":"CIUDAD DE M\u00c9XICO. MX. \u2014 Luego de la suspensi\u00f3n de actividades en diferentes recintos culturales como consecuencia del sismo del pasado 19 de septiembre y En Sonora en Equipo publicamos toda la informaci\u00f3n de Sonora, M\u00e9xico y el Mundo de manera oportuna y busca que la libertad de expresi\u00f3n sea real. Visita nuestro medio informativo publicado desde Hermosillo, Sonora. %","breadcrumb":{"@id":"https:\/\/www.sonoraenequipo.com.mx\/cuatro-museos-mas-del-inba-reabren-puertas-tras-sismos\/#breadcrumb"},"inLanguage":"es","potentialAction":[{"@type":"ReadAction","target":["https:\/\/www.sonoraenequipo.com.mx\/cuatro-museos-mas-del-inba-reabren-puertas-tras-sismos\/"]}]},{"@type":"ImageObject","inLanguage":"es","@id":"https:\/\/www.sonoraenequipo.com.mx\/cuatro-museos-mas-del-inba-reabren-puertas-tras-sismos\/#primaryimage","url":"https:\/\/www.sonoraenequipo.com.mx\/storage\/2017\/10\/museonaldearte_opt.jpg","contentUrl":"https:\/\/www.sonoraenequipo.com.mx\/storage\/2017\/10\/museonaldearte_opt.jpg","width":675,"height":450},{"@type":"BreadcrumbList","@id":"https:\/\/www.sonoraenequipo.com.mx\/cuatro-museos-mas-del-inba-reabren-puertas-tras-sismos\/#breadcrumb","itemListElement":[{"@type":"ListItem","position":1,"name":"Portada","item":"https:\/\/www.sonoraenequipo.com.mx\/"},{"@type":"ListItem","position":2,"name":"Cuatro museos m\u00e1s del INBA reabren sus puertas tras sismos"}]},{"@type":"WebSite","@id":"https:\/\/www.sonoraenequipo.com.mx\/#website","url":"https:\/\/www.sonoraenequipo.com.mx\/","name":"Sonora en Equipo.","description":"Diario en l\u00ednea con Noticias desde Hermosillo, Sonora","publisher":{"@id":"https:\/\/www.sonoraenequipo.com.mx\/#organization"},"potentialAction":[{"@type":"SearchAction","target":{"@type":"EntryPoint","urlTemplate":"https:\/\/www.sonoraenequipo.com.mx\/?s={search_term_string}"},"query-input":{"@type":"PropertyValueSpecification","valueRequired":true,"valueName":"search_term_string"}}],"inLanguage":"es"},{"@type":"Organization","@id":"https:\/\/www.sonoraenequipo.com.mx\/#organization","name":"Sonoraenequipo.com.mx","url":"https:\/\/www.sonoraenequipo.com.mx\/","logo":{"@type":"ImageObject","inLanguage":"es","@id":"https:\/\/www.sonoraenequipo.com.mx\/#\/schema\/logo\/image\/","url":"https:\/\/www.sonoraenequipo.com.mx\/storage\/2019\/01\/sonoraenequipo_opt.png","contentUrl":"https:\/\/www.sonoraenequipo.com.mx\/storage\/2019\/01\/sonoraenequipo_opt.png","width":375,"height":125,"caption":"Sonoraenequipo.com.mx"},"image":{"@id":"https:\/\/www.sonoraenequipo.com.mx\/#\/schema\/logo\/image\/"},"sameAs":["https:\/\/www.facebook.com\/SonoraEE\/","https:\/\/x.com\/sonoraenequipo","https:\/\/www.youtube.com\/channel\/UC338nW-lPEYmJQs4ZABQ1SQ"]},{"@type":"Person","@id":"https:\/\/www.sonoraenequipo.com.mx\/#\/schema\/person\/50102df0fb23a8fa9e8effad8fa81386","name":"enequipo","image":{"@type":"ImageObject","inLanguage":"es","@id":"https:\/\/www.sonoraenequipo.com.mx\/#\/schema\/person\/image\/","url":"https:\/\/secure.gravatar.com\/avatar\/049821681b589dabc0bc20695993ccebb09f5b5d4d790cd9251b97faac7c652b?s=96&d=blank&r=g","contentUrl":"https:\/\/secure.gravatar.com\/avatar\/049821681b589dabc0bc20695993ccebb09f5b5d4d790cd9251b97faac7c652b?s=96&d=blank&r=g","caption":"enequipo"},"sameAs":["https:\/\/www.facebook.com\/SonoraEE"]}]}},"jetpack_featured_media_url":"https:\/\/www.sonoraenequipo.com.mx\/storage\/2017\/10\/museonaldearte_opt.jpg","_links":{"self":[{"href":"https:\/\/www.sonoraenequipo.com.mx\/api\/wp\/v2\/posts\/26985","targetHints":{"allow":["GET"]}}],"collection":[{"href":"https:\/\/www.sonoraenequipo.com.mx\/api\/wp\/v2\/posts"}],"about":[{"href":"https:\/\/www.sonoraenequipo.com.mx\/api\/wp\/v2\/types\/post"}],"author":[{"embeddable":true,"href":"https:\/\/www.sonoraenequipo.com.mx\/api\/wp\/v2\/users\/1"}],"replies":[{"embeddable":true,"href":"https:\/\/www.sonoraenequipo.com.mx\/api\/wp\/v2\/comments?post=26985"}],"version-history":[{"count":0,"href":"https:\/\/www.sonoraenequipo.com.mx\/api\/wp\/v2\/posts\/26985\/revisions"}],"wp:featuredmedia":[{"embeddable":true,"href":"https:\/\/www.sonoraenequipo.com.mx\/api\/wp\/v2\/media\/26989"}],"wp:attachment":[{"href":"https:\/\/www.sonoraenequipo.com.mx\/api\/wp\/v2\/media?parent=26985"}],"wp:term":[{"taxonomy":"category","embeddable":true,"href":"https:\/\/www.sonoraenequipo.com.mx\/api\/wp\/v2\/categories?post=26985"},{"taxonomy":"post_tag","embeddable":true,"href":"https:\/\/www.sonoraenequipo.com.mx\/api\/wp\/v2\/tags?post=26985"}],"curies":[{"name":"wp","href":"https:\/\/api.w.org\/{rel}","templated":true}]}}