{"id":26990,"date":"2017-10-05T10:17:18","date_gmt":"2017-10-05T17:17:18","guid":{"rendered":"http:\/\/www.sonoraenequipo.com.mx\/?p=26990"},"modified":"2017-10-05T18:28:32","modified_gmt":"2017-10-06T01:28:32","slug":"garantiza-meade-apoyos-damnificados-no-se-politizaran","status":"publish","type":"post","link":"https:\/\/www.sonoraenequipo.com.mx\/garantiza-meade-apoyos-damnificados-no-se-politizaran\/","title":{"rendered":"Garantiza Meade que apoyos a damnificados no se politizar\u00e1n"},"content":{"rendered":"<p>CIUDAD DE M\u00c9XICO. MX.\u2014\u00a0 Tras empezar con una hora de retraso el inicio de su comparecencia ante el pleno de la C\u00e1mara de Diputados, el secretario de Hacienda y Cr\u00e9dito P\u00fablico (SHCP), Jos\u00e9 Antonio Meade, ratific\u00f3 que se tendr\u00e1 que realizar un ajuste en el paquete econ\u00f3mico del pr\u00f3ximo a\u00f1o debido a los desastres naturales que han azotado el pa\u00eds.<\/p>\n<p> <\/p>\n<p>Dijo que este presupuesto deber\u00e1 estar marcado por las necesidades y la reconstrucci\u00f3n que vendr\u00e1 luego de los sismos y huracanes que han ocurrido a lo largo del a\u00f1o.<\/p>\n<p>El funcionario garantiz\u00f3 a los legisladores que no se van a politizar los apoyos para la reconstrucci\u00f3n tras los sismos del 7 y 19 de septiembre pasado y precis\u00f3 que ya inici\u00f3 la entrega de apoyos a los afectados de manera directa mediante una tarjeta.<\/p>\n<p><em>\u00abQue no haya ninguna duda de que cada uno de los recursos ser\u00e1 entregado al beneficiario, habremos de hacerlo sin burocracia, pero con transparencia, de manera ordenada y prudente y que los afectados no vean los recursos politizados\u00bb,<\/em> asegur\u00f3.<\/p>\n<p>A los legisladores les record\u00f3 que son necesarios recursos pero se deben respetar los compromisos de responsabilidad fiscal ya que de lo contrario habr\u00eda calamidades financieras que se sumar\u00edan a los desastres naturales.<\/p>\n<p><em>\u00abEste es un paquete responsable dise\u00f1ado para dar certeza y estabilidad a los mexicanos que se esfuerzan diariamente por sacar adelante a sus familias y es una propuesta que habr\u00e1 de permitir a esta administraci\u00f3n entregar finanzas p\u00fablicas sanas, sostenibles, estables y transparentes\u00bb<\/em>, indic\u00f3.<\/p>\n<p>Y se comprometi\u00f3 a establecer un di\u00e1logo y acompa\u00f1amiento para se ayude a recuperar esperanza y dar certeza a todos aquellos mexicanos que fueron afectados por los desastres naturales.<\/p>\n<p>Luego de dos horas y media de comparecencia nadie logro poner en aprietos al funcionario, y salvo algunas pancartas, el trato de los legisladores hacia Meade Kuribre\u00f1a, fue amable.<\/p>\n<p>En su intervenci\u00f3n, el senador Marko Cort\u00e9s insisti\u00f3 en la postura del Frente Ciudadano por M\u00e9xico, en el sentido de que haya transparencia y asegur\u00f3 que los panistas est\u00e1n dispuestos al di\u00e1logo y pareciera que en el gobierno no es as\u00ed.<\/p>\n<p><em>\u00abNosotros no somos enemigos, somos contrincantes pol\u00edticos, debemos sabernos escuchar, nuestro verdadero enemigo es la pobreza, es la desigualdad, la inseguridad y ah\u00ed es en donde debemos cerrar filas. El fracaso de la pol\u00edtica ocurre cuando se escuchan m\u00e1s lo que gritan m\u00e1s\u00bb<\/em>, dijo ante el pleno.<\/p>\n<p>Por su parte, el diputado Francisco Mart\u00ednez Neri, coordinador del grupo parlamentario del PRD consider\u00f3 como lamentable que el proyecto econ\u00f3mico presentado por el gobierno federal para el 2018 no resuelva los retos nacionales, por lo que los supuestos con que se dise\u00f1\u00f3, de por s\u00ed poco convincentes, deben corregirse.<\/p>\n<p>Expres\u00f3 que la crisis econ\u00f3mica y social que actualmente atraviesa la naci\u00f3n hace a\u00fan m\u00e1s evidente el fracaso del actual gobierno. <em>\u00abBasta con decir que inici\u00f3 con una deuda del 37 por ciento del Producto Interno Bruto (PIB) y para el 2017 lleg\u00f3 al 50 por ciento y el crecimiento econ\u00f3mico alcanz\u00f3 apenas el 3 por ciento; es decir, nos endeudamos pero no crecimos. Estos dos indicadores nos permiten calificar a esta administraci\u00f3n como fallida\u00bb<\/em>.<\/p>\n<p>El l\u00edder parlamentario perredista advirti\u00f3 que en el paquete econ\u00f3mico el gobierno busca que el Congreso autorice un endeudamiento injustificado por 66 mil millones de pesos, para tener un margen artificial para cerrar su administraci\u00f3n. <em>\u00abLo que resulta inmoral, porque si el total de la inversi\u00f3n del gobierno federal es menor al endeudamiento solicitado, el remanente no se justifica; si el Congreso autoriza, estar\u00e1 entregando un cheque en blanco por 66 mil millones, lo que es inaceptable\u00bb.<\/em><\/p>\n<p>Ante este panorama, dijo el parlamentario, el PRD propondr\u00e1 que en lugar de dejarle un monto discrecional al gobierno, el margen financiero sea aprovechado para atender a los millones de damnificados de los sismos del 7 y 19 de septiembre pasados.<\/p>\n<p><em>\u00abEs decir, autorizar ese endeudamiento pero direccionarlo hacia la reconstrucci\u00f3n y que, al mismo tiempo, se acuerde un mandato de mediano plazo para que la deuda sea transparente y dejen de existir manejos contables ficticios\u00bb<\/em>, se\u00f1al\u00f3.<\/p>\n<p>Calific\u00f3 de rid\u00edculos y una verdadera burla la ayuda que el Ejecutivo pretende dar a los afectados, de 120 mil pesos. <em>\u00abDemandamos incluir medidas reales de alivio fiscal a los damnificados para proteger a las clases populares y medias. No basta con diferir el pago de impuestos, lo que proponemos son condonaciones efectivas en las \u00e1reas afectadas\u00bb.<\/em><\/p>\n<p>El coordinador parlamentario detall\u00f3 que respecto al Presupuesto, su grupo parlamentario no aceptar\u00e1 los recortes a diversos ramos estrat\u00e9gicos, <em>\u00abcomo las carreteras y obras de infraestructura, que pierden 7 mil millones de pesos; el campo, donde faltan 6 mil millones de pesos; o para los organismos de agua de las entidades y municipios, donde se requieren 12 mil millones de pesos\u00bb.<\/em><\/p>\n<p>Explic\u00f3 que para consensar el Ejecutivo debe reducir sus gastos de propaganda gubernamental, \u00abque resulta oprobiosa. Es inaceptable que el gobierno eluda los mandatos del Legislativo al modificar, a\u00f1o con a\u00f1o, las partidas presupuestales autorizadas\u00bb.<\/p>\n<p>Agreg\u00f3 que quienes integran el PRD presentar\u00e1n un proyecto de recortes al gasto superfluo. No vamos a proponer generalidades, afectando derechos de servidores p\u00fablicos como maestros, soldados, m\u00e9dicos y otros trabajadores. Vamos en contra de las prebendas de la alta burocracia.<\/p>\n<p><em>\u00abLo que demanda el pueblo es que sus diputados y diputadas privilegien el inter\u00e9s nacional, no el inter\u00e9s partidario; que las instituciones del Estado no aprobemos un paquete econ\u00f3mico inercial, como si nada hubiera ocurrido en el pa\u00eds. Hagamos el esfuerzo por corregir este paquete en beneficio de M\u00e9xico\u00bb,<\/em> sentenci\u00f3.<\/p>\n<p>(Fecha de publicaci\u00f3n 05102017 Con informaci\u00f3n de Sara Pablo de Radio Formula)<\/p>\n","protected":false},"excerpt":{"rendered":"<p>CIUDAD DE M\u00c9XICO. MX.\u2014\u00a0 Tras empezar con una hora de retraso el inicio de su&#8230;<\/p>\n","protected":false},"author":1,"featured_media":26991,"comment_status":"open","ping_status":"open","sticky":false,"template":"","format":"standard","meta":{"_monsterinsights_skip_tracking":false,"_monsterinsights_sitenote_active":false,"_monsterinsights_sitenote_note":"","_monsterinsights_sitenote_category":0,"footnotes":""},"categories":[13,5],"tags":[],"class_list":["post"],"yoast_head":" \n<title>Sonora en Equipo. Garantiza Meade que apoyos a damnificados no se politizar\u00e1n Destacadas<\/title>\n<meta name=\"description\" content=\"CIUDAD DE M\u00c9XICO. MX.\u2014\u00a0 Tras empezar con una hora de retraso el inicio de su comparecencia ante el pleno de la C\u00e1mara de Diputados, el secretario de En Sonora en Equipo publicamos toda la informaci\u00f3n de Sonora, M\u00e9xico y el Mundo de manera oportuna y busca que la libertad de expresi\u00f3n sea real. Visita nuestro medio informativo publicado desde Hermosillo, Sonora. %\" \/>\n<meta name=\"robots\" content=\"index, follow, max-snippet:-1, max-image-preview:large, max-video-preview:-1\" \/>\n<link rel=\"canonical\" href=\"https:\/\/www.sonoraenequipo.com.mx\/garantiza-meade-apoyos-damnificados-no-se-politizaran\/\" \/>\n<meta property=\"og:locale\" content=\"es_ES\" \/>\n<meta property=\"og:type\" content=\"article\" \/>\n<meta property=\"og:title\" content=\"Sonora en Equipo. Garantiza Meade que apoyos a damnificados no se politizar\u00e1n Destacadas\" \/>\n<meta property=\"og:description\" content=\"CIUDAD DE M\u00c9XICO. MX.\u2014\u00a0 Tras empezar con una hora de retraso el inicio de su comparecencia ante el pleno de la C\u00e1mara de Diputados, el secretario de En Sonora en Equipo publicamos toda la informaci\u00f3n de Sonora, M\u00e9xico y el Mundo de manera oportuna y busca que la libertad de expresi\u00f3n sea real. Visita nuestro medio informativo publicado desde Hermosillo, Sonora. %\" \/>\n<meta property=\"og:url\" content=\"https:\/\/www.sonoraenequipo.com.mx\/garantiza-meade-apoyos-damnificados-no-se-politizaran\/\" \/>\n<meta property=\"og:site_name\" content=\"Sonora en Equipo.\" \/>\n<meta property=\"article:publisher\" content=\"https:\/\/www.facebook.com\/SonoraEE\/\" \/>\n<meta property=\"article:author\" content=\"https:\/\/www.facebook.com\/SonoraEE\" \/>\n<meta property=\"article:published_time\" content=\"2017-10-05T17:17:18+00:00\" \/>\n<meta property=\"article:modified_time\" content=\"2017-10-06T01:28:32+00:00\" \/>\n<meta property=\"og:image\" content=\"https:\/\/www.sonoraenequipo.com.mx\/storage\/2017\/10\/meade_opt.jpg\" \/>\n\t<meta property=\"og:image:width\" content=\"794\" \/>\n\t<meta property=\"og:image:height\" content=\"445\" \/>\n\t<meta property=\"og:image:type\" content=\"image\/jpeg\" \/>\n<meta name=\"author\" content=\"enequipo\" \/>\n<meta name=\"twitter:card\" content=\"summary_large_image\" \/>\n<meta name=\"twitter:creator\" content=\"@sonoraenequipo\" \/>\n<meta name=\"twitter:site\" content=\"@sonoraenequipo\" \/>\n<meta name=\"twitter:label1\" content=\"Escrito por\" \/>\n\t<meta name=\"twitter:data1\" content=\"enequipo\" \/>\n\t<meta name=\"twitter:label2\" content=\"Tiempo de lectura\" \/>\n\t<meta name=\"twitter:data2\" content=\"5 minutos\" \/>\n<script type=\"application\/ld+json\" class=\"yoast-schema-graph\">{\"@context\":\"https:\/\/schema.org\",\"@graph\":[{\"@type\":\"Article\",\"@id\":\"https:\/\/www.sonoraenequipo.com.mx\/garantiza-meade-apoyos-damnificados-no-se-politizaran\/#article\",\"isPartOf\":{\"@id\":\"https:\/\/www.sonoraenequipo.com.mx\/garantiza-meade-apoyos-damnificados-no-se-politizaran\/\"},\"author\":{\"name\":\"enequipo\",\"@id\":\"https:\/\/www.sonoraenequipo.com.mx\/#\/schema\/person\/50102df0fb23a8fa9e8effad8fa81386\"},\"headline\":\"Garantiza Meade que apoyos a damnificados no se politizar\u00e1n\",\"datePublished\":\"2017-10-05T17:17:18+00:00\",\"dateModified\":\"2017-10-06T01:28:32+00:00\",\"mainEntityOfPage\":{\"@id\":\"https:\/\/www.sonoraenequipo.com.mx\/garantiza-meade-apoyos-damnificados-no-se-politizaran\/\"},\"wordCount\":981,\"commentCount\":0,\"publisher\":{\"@id\":\"https:\/\/www.sonoraenequipo.com.mx\/#organization\"},\"image\":{\"@id\":\"https:\/\/www.sonoraenequipo.com.mx\/garantiza-meade-apoyos-damnificados-no-se-politizaran\/#primaryimage\"},\"thumbnailUrl\":\"https:\/\/www.sonoraenequipo.com.mx\/storage\/2017\/10\/meade_opt.jpg\",\"articleSection\":[\"Destacadas\",\"Rep\u00fablica\"],\"inLanguage\":\"es\",\"potentialAction\":[{\"@type\":\"CommentAction\",\"name\":\"Comment\",\"target\":[\"https:\/\/www.sonoraenequipo.com.mx\/garantiza-meade-apoyos-damnificados-no-se-politizaran\/#respond\"]}]},{\"@type\":\"WebPage\",\"@id\":\"https:\/\/www.sonoraenequipo.com.mx\/garantiza-meade-apoyos-damnificados-no-se-politizaran\/\",\"url\":\"https:\/\/www.sonoraenequipo.com.mx\/garantiza-meade-apoyos-damnificados-no-se-politizaran\/\",\"name\":\"Sonora en Equipo. Garantiza Meade que apoyos a damnificados no se politizar\u00e1n Destacadas\",\"isPartOf\":{\"@id\":\"https:\/\/www.sonoraenequipo.com.mx\/#website\"},\"primaryImageOfPage\":{\"@id\":\"https:\/\/www.sonoraenequipo.com.mx\/garantiza-meade-apoyos-damnificados-no-se-politizaran\/#primaryimage\"},\"image\":{\"@id\":\"https:\/\/www.sonoraenequipo.com.mx\/garantiza-meade-apoyos-damnificados-no-se-politizaran\/#primaryimage\"},\"thumbnailUrl\":\"https:\/\/www.sonoraenequipo.com.mx\/storage\/2017\/10\/meade_opt.jpg\",\"datePublished\":\"2017-10-05T17:17:18+00:00\",\"dateModified\":\"2017-10-06T01:28:32+00:00\",\"description\":\"CIUDAD DE M\u00c9XICO. MX.\u2014\u00a0 Tras empezar con una hora de retraso el inicio de su comparecencia ante el pleno de la C\u00e1mara de Diputados, el secretario de En Sonora en Equipo publicamos toda la informaci\u00f3n de Sonora, M\u00e9xico y el Mundo de manera oportuna y busca que la libertad de expresi\u00f3n sea real. Visita nuestro medio informativo publicado desde Hermosillo, Sonora. %\",\"breadcrumb\":{\"@id\":\"https:\/\/www.sonoraenequipo.com.mx\/garantiza-meade-apoyos-damnificados-no-se-politizaran\/#breadcrumb\"},\"inLanguage\":\"es\",\"potentialAction\":[{\"@type\":\"ReadAction\",\"target\":[\"https:\/\/www.sonoraenequipo.com.mx\/garantiza-meade-apoyos-damnificados-no-se-politizaran\/\"]}]},{\"@type\":\"ImageObject\",\"inLanguage\":\"es\",\"@id\":\"https:\/\/www.sonoraenequipo.com.mx\/garantiza-meade-apoyos-damnificados-no-se-politizaran\/#primaryimage\",\"url\":\"https:\/\/www.sonoraenequipo.com.mx\/storage\/2017\/10\/meade_opt.jpg\",\"contentUrl\":\"https:\/\/www.sonoraenequipo.com.mx\/storage\/2017\/10\/meade_opt.jpg\",\"width\":794,\"height\":445},{\"@type\":\"BreadcrumbList\",\"@id\":\"https:\/\/www.sonoraenequipo.com.mx\/garantiza-meade-apoyos-damnificados-no-se-politizaran\/#breadcrumb\",\"itemListElement\":[{\"@type\":\"ListItem\",\"position\":1,\"name\":\"Portada\",\"item\":\"https:\/\/www.sonoraenequipo.com.mx\/\"},{\"@type\":\"ListItem\",\"position\":2,\"name\":\"Garantiza Meade que apoyos a damnificados no se politizar\u00e1n\"}]},{\"@type\":\"WebSite\",\"@id\":\"https:\/\/www.sonoraenequipo.com.mx\/#website\",\"url\":\"https:\/\/www.sonoraenequipo.com.mx\/\",\"name\":\"Sonora en Equipo.\",\"description\":\"Diario en l\u00ednea con Noticias desde Hermosillo, Sonora\",\"publisher\":{\"@id\":\"https:\/\/www.sonoraenequipo.com.mx\/#organization\"},\"potentialAction\":[{\"@type\":\"SearchAction\",\"target\":{\"@type\":\"EntryPoint\",\"urlTemplate\":\"https:\/\/www.sonoraenequipo.com.mx\/?s={search_term_string}\"},\"query-input\":{\"@type\":\"PropertyValueSpecification\",\"valueRequired\":true,\"valueName\":\"search_term_string\"}}],\"inLanguage\":\"es\"},{\"@type\":\"Organization\",\"@id\":\"https:\/\/www.sonoraenequipo.com.mx\/#organization\",\"name\":\"Sonoraenequipo.com.mx\",\"url\":\"https:\/\/www.sonoraenequipo.com.mx\/\",\"logo\":{\"@type\":\"ImageObject\",\"inLanguage\":\"es\",\"@id\":\"https:\/\/www.sonoraenequipo.com.mx\/#\/schema\/logo\/image\/\",\"url\":\"https:\/\/www.sonoraenequipo.com.mx\/storage\/2019\/01\/sonoraenequipo_opt.png\",\"contentUrl\":\"https:\/\/www.sonoraenequipo.com.mx\/storage\/2019\/01\/sonoraenequipo_opt.png\",\"width\":375,\"height\":125,\"caption\":\"Sonoraenequipo.com.mx\"},\"image\":{\"@id\":\"https:\/\/www.sonoraenequipo.com.mx\/#\/schema\/logo\/image\/\"},\"sameAs\":[\"https:\/\/www.facebook.com\/SonoraEE\/\",\"https:\/\/x.com\/sonoraenequipo\",\"https:\/\/www.youtube.com\/channel\/UC338nW-lPEYmJQs4ZABQ1SQ\"]},{\"@type\":\"Person\",\"@id\":\"https:\/\/www.sonoraenequipo.com.mx\/#\/schema\/person\/50102df0fb23a8fa9e8effad8fa81386\",\"name\":\"enequipo\",\"image\":{\"@type\":\"ImageObject\",\"inLanguage\":\"es\",\"@id\":\"https:\/\/www.sonoraenequipo.com.mx\/#\/schema\/person\/image\/\",\"url\":\"https:\/\/secure.gravatar.com\/avatar\/049821681b589dabc0bc20695993ccebb09f5b5d4d790cd9251b97faac7c652b?s=96&d=blank&r=g\",\"contentUrl\":\"https:\/\/secure.gravatar.com\/avatar\/049821681b589dabc0bc20695993ccebb09f5b5d4d790cd9251b97faac7c652b?s=96&d=blank&r=g\",\"caption\":\"enequipo\"},\"sameAs\":[\"https:\/\/www.facebook.com\/SonoraEE\"]}]}<\/script>\n ","yoast_head_json":{"title":"Sonora en Equipo. Garantiza Meade que apoyos a damnificados no se politizar\u00e1n Destacadas","description":"CIUDAD DE M\u00c9XICO. MX.\u2014\u00a0 Tras empezar con una hora de retraso el inicio de su comparecencia ante el pleno de la C\u00e1mara de Diputados, el secretario de En Sonora en Equipo publicamos toda la informaci\u00f3n de Sonora, M\u00e9xico y el Mundo de manera oportuna y busca que la libertad de expresi\u00f3n sea real. Visita nuestro medio informativo publicado desde Hermosillo, Sonora. %","robots":{"index":"index","follow":"follow","max-snippet":"max-snippet:-1","max-image-preview":"max-image-preview:large","max-video-preview":"max-video-preview:-1"},"canonical":"https:\/\/www.sonoraenequipo.com.mx\/garantiza-meade-apoyos-damnificados-no-se-politizaran\/","og_locale":"es_ES","og_type":"article","og_title":"Sonora en Equipo. Garantiza Meade que apoyos a damnificados no se politizar\u00e1n Destacadas","og_description":"CIUDAD DE M\u00c9XICO. MX.\u2014\u00a0 Tras empezar con una hora de retraso el inicio de su comparecencia ante el pleno de la C\u00e1mara de Diputados, el secretario de En Sonora en Equipo publicamos toda la informaci\u00f3n de Sonora, M\u00e9xico y el Mundo de manera oportuna y busca que la libertad de expresi\u00f3n sea real. Visita nuestro medio informativo publicado desde Hermosillo, Sonora. %","og_url":"https:\/\/www.sonoraenequipo.com.mx\/garantiza-meade-apoyos-damnificados-no-se-politizaran\/","og_site_name":"Sonora en Equipo.","article_publisher":"https:\/\/www.facebook.com\/SonoraEE\/","article_author":"https:\/\/www.facebook.com\/SonoraEE","article_published_time":"2017-10-05T17:17:18+00:00","article_modified_time":"2017-10-06T01:28:32+00:00","og_image":[{"width":794,"height":445,"url":"https:\/\/www.sonoraenequipo.com.mx\/storage\/2017\/10\/meade_opt.jpg","type":"image\/jpeg"}],"author":"enequipo","twitter_card":"summary_large_image","twitter_creator":"@sonoraenequipo","twitter_site":"@sonoraenequipo","twitter_misc":{"Escrito por":"enequipo","Tiempo de lectura":"5 minutos"},"schema":{"@context":"https:\/\/schema.org","@graph":[{"@type":"Article","@id":"https:\/\/www.sonoraenequipo.com.mx\/garantiza-meade-apoyos-damnificados-no-se-politizaran\/#article","isPartOf":{"@id":"https:\/\/www.sonoraenequipo.com.mx\/garantiza-meade-apoyos-damnificados-no-se-politizaran\/"},"author":{"name":"enequipo","@id":"https:\/\/www.sonoraenequipo.com.mx\/#\/schema\/person\/50102df0fb23a8fa9e8effad8fa81386"},"headline":"Garantiza Meade que apoyos a damnificados no se politizar\u00e1n","datePublished":"2017-10-05T17:17:18+00:00","dateModified":"2017-10-06T01:28:32+00:00","mainEntityOfPage":{"@id":"https:\/\/www.sonoraenequipo.com.mx\/garantiza-meade-apoyos-damnificados-no-se-politizaran\/"},"wordCount":981,"commentCount":0,"publisher":{"@id":"https:\/\/www.sonoraenequipo.com.mx\/#organization"},"image":{"@id":"https:\/\/www.sonoraenequipo.com.mx\/garantiza-meade-apoyos-damnificados-no-se-politizaran\/#primaryimage"},"thumbnailUrl":"https:\/\/www.sonoraenequipo.com.mx\/storage\/2017\/10\/meade_opt.jpg","articleSection":["Destacadas","Rep\u00fablica"],"inLanguage":"es","potentialAction":[{"@type":"CommentAction","name":"Comment","target":["https:\/\/www.sonoraenequipo.com.mx\/garantiza-meade-apoyos-damnificados-no-se-politizaran\/#respond"]}]},{"@type":"WebPage","@id":"https:\/\/www.sonoraenequipo.com.mx\/garantiza-meade-apoyos-damnificados-no-se-politizaran\/","url":"https:\/\/www.sonoraenequipo.com.mx\/garantiza-meade-apoyos-damnificados-no-se-politizaran\/","name":"Sonora en Equipo. Garantiza Meade que apoyos a damnificados no se politizar\u00e1n Destacadas","isPartOf":{"@id":"https:\/\/www.sonoraenequipo.com.mx\/#website"},"primaryImageOfPage":{"@id":"https:\/\/www.sonoraenequipo.com.mx\/garantiza-meade-apoyos-damnificados-no-se-politizaran\/#primaryimage"},"image":{"@id":"https:\/\/www.sonoraenequipo.com.mx\/garantiza-meade-apoyos-damnificados-no-se-politizaran\/#primaryimage"},"thumbnailUrl":"https:\/\/www.sonoraenequipo.com.mx\/storage\/2017\/10\/meade_opt.jpg","datePublished":"2017-10-05T17:17:18+00:00","dateModified":"2017-10-06T01:28:32+00:00","description":"CIUDAD DE M\u00c9XICO. MX.\u2014\u00a0 Tras empezar con una hora de retraso el inicio de su comparecencia ante el pleno de la C\u00e1mara de Diputados, el secretario de En Sonora en Equipo publicamos toda la informaci\u00f3n de Sonora, M\u00e9xico y el Mundo de manera oportuna y busca que la libertad de expresi\u00f3n sea real. Visita nuestro medio informativo publicado desde Hermosillo, Sonora. %","breadcrumb":{"@id":"https:\/\/www.sonoraenequipo.com.mx\/garantiza-meade-apoyos-damnificados-no-se-politizaran\/#breadcrumb"},"inLanguage":"es","potentialAction":[{"@type":"ReadAction","target":["https:\/\/www.sonoraenequipo.com.mx\/garantiza-meade-apoyos-damnificados-no-se-politizaran\/"]}]},{"@type":"ImageObject","inLanguage":"es","@id":"https:\/\/www.sonoraenequipo.com.mx\/garantiza-meade-apoyos-damnificados-no-se-politizaran\/#primaryimage","url":"https:\/\/www.sonoraenequipo.com.mx\/storage\/2017\/10\/meade_opt.jpg","contentUrl":"https:\/\/www.sonoraenequipo.com.mx\/storage\/2017\/10\/meade_opt.jpg","width":794,"height":445},{"@type":"BreadcrumbList","@id":"https:\/\/www.sonoraenequipo.com.mx\/garantiza-meade-apoyos-damnificados-no-se-politizaran\/#breadcrumb","itemListElement":[{"@type":"ListItem","position":1,"name":"Portada","item":"https:\/\/www.sonoraenequipo.com.mx\/"},{"@type":"ListItem","position":2,"name":"Garantiza Meade que apoyos a damnificados no se politizar\u00e1n"}]},{"@type":"WebSite","@id":"https:\/\/www.sonoraenequipo.com.mx\/#website","url":"https:\/\/www.sonoraenequipo.com.mx\/","name":"Sonora en Equipo.","description":"Diario en l\u00ednea con Noticias desde Hermosillo, Sonora","publisher":{"@id":"https:\/\/www.sonoraenequipo.com.mx\/#organization"},"potentialAction":[{"@type":"SearchAction","target":{"@type":"EntryPoint","urlTemplate":"https:\/\/www.sonoraenequipo.com.mx\/?s={search_term_string}"},"query-input":{"@type":"PropertyValueSpecification","valueRequired":true,"valueName":"search_term_string"}}],"inLanguage":"es"},{"@type":"Organization","@id":"https:\/\/www.sonoraenequipo.com.mx\/#organization","name":"Sonoraenequipo.com.mx","url":"https:\/\/www.sonoraenequipo.com.mx\/","logo":{"@type":"ImageObject","inLanguage":"es","@id":"https:\/\/www.sonoraenequipo.com.mx\/#\/schema\/logo\/image\/","url":"https:\/\/www.sonoraenequipo.com.mx\/storage\/2019\/01\/sonoraenequipo_opt.png","contentUrl":"https:\/\/www.sonoraenequipo.com.mx\/storage\/2019\/01\/sonoraenequipo_opt.png","width":375,"height":125,"caption":"Sonoraenequipo.com.mx"},"image":{"@id":"https:\/\/www.sonoraenequipo.com.mx\/#\/schema\/logo\/image\/"},"sameAs":["https:\/\/www.facebook.com\/SonoraEE\/","https:\/\/x.com\/sonoraenequipo","https:\/\/www.youtube.com\/channel\/UC338nW-lPEYmJQs4ZABQ1SQ"]},{"@type":"Person","@id":"https:\/\/www.sonoraenequipo.com.mx\/#\/schema\/person\/50102df0fb23a8fa9e8effad8fa81386","name":"enequipo","image":{"@type":"ImageObject","inLanguage":"es","@id":"https:\/\/www.sonoraenequipo.com.mx\/#\/schema\/person\/image\/","url":"https:\/\/secure.gravatar.com\/avatar\/049821681b589dabc0bc20695993ccebb09f5b5d4d790cd9251b97faac7c652b?s=96&d=blank&r=g","contentUrl":"https:\/\/secure.gravatar.com\/avatar\/049821681b589dabc0bc20695993ccebb09f5b5d4d790cd9251b97faac7c652b?s=96&d=blank&r=g","caption":"enequipo"},"sameAs":["https:\/\/www.facebook.com\/SonoraEE"]}]}},"jetpack_featured_media_url":"https:\/\/www.sonoraenequipo.com.mx\/storage\/2017\/10\/meade_opt.jpg","_links":{"self":[{"href":"https:\/\/www.sonoraenequipo.com.mx\/api\/wp\/v2\/posts\/26990","targetHints":{"allow":["GET"]}}],"collection":[{"href":"https:\/\/www.sonoraenequipo.com.mx\/api\/wp\/v2\/posts"}],"about":[{"href":"https:\/\/www.sonoraenequipo.com.mx\/api\/wp\/v2\/types\/post"}],"author":[{"embeddable":true,"href":"https:\/\/www.sonoraenequipo.com.mx\/api\/wp\/v2\/users\/1"}],"replies":[{"embeddable":true,"href":"https:\/\/www.sonoraenequipo.com.mx\/api\/wp\/v2\/comments?post=26990"}],"version-history":[{"count":0,"href":"https:\/\/www.sonoraenequipo.com.mx\/api\/wp\/v2\/posts\/26990\/revisions"}],"wp:featuredmedia":[{"embeddable":true,"href":"https:\/\/www.sonoraenequipo.com.mx\/api\/wp\/v2\/media\/26991"}],"wp:attachment":[{"href":"https:\/\/www.sonoraenequipo.com.mx\/api\/wp\/v2\/media?parent=26990"}],"wp:term":[{"taxonomy":"category","embeddable":true,"href":"https:\/\/www.sonoraenequipo.com.mx\/api\/wp\/v2\/categories?post=26990"},{"taxonomy":"post_tag","embeddable":true,"href":"https:\/\/www.sonoraenequipo.com.mx\/api\/wp\/v2\/tags?post=26990"}],"curies":[{"name":"wp","href":"https:\/\/api.w.org\/{rel}","templated":true}]}}