{"id":26993,"date":"2017-10-05T10:50:28","date_gmt":"2017-10-05T17:50:28","guid":{"rendered":"http:\/\/www.sonoraenequipo.com.mx\/?p=26993"},"modified":"2017-10-05T18:54:41","modified_gmt":"2017-10-06T01:54:41","slug":"bien-esposa-calderon-revelarse-esta-mejor-posicionada-anaya-amlo","status":"publish","type":"post","link":"https:\/\/www.sonoraenequipo.com.mx\/bien-esposa-calderon-revelarse-esta-mejor-posicionada-anaya-amlo\/","title":{"rendered":"Hace bien esposa de Calder\u00f3n en revelarse, est\u00e1 mejor posicionada que Anaya: AMLO"},"content":{"rendered":"<p>CIUDAD DE M\u00c9XICO. MX.\u2014 A trav\u00e9s de su cuenta de Twitter, el pol\u00edtico tabasque\u00f1o admiti\u00f3 que la esposa del expresidente Felipe Calder\u00f3n est\u00e1 mejor posicionada que el l\u00edder del PAN, Ricardo Anaya. Incluso recomend\u00f3 al secretario de Gobernaci\u00f3n, Miguel \u00c1ngel Osorio Chong, <em>\u00abhacer lo mismo porque lo van a cepillar\u00bb.<\/em><\/p>\n<p> <\/p>\n<p>El l\u00edder del partido Movimiento Regeneraci\u00f3n Nacional (Morena), Andr\u00e9s Manuel L\u00f3pez Obrador se refiri\u00f3 a la renuncia de Margarita Zavala al PAN para registrarse como candidata independiente y consider\u00f3 que <em>\u00abhace bien en revelarse\u00bb<\/em> pues \u00abla excluyen\u00bb de este proceso interno.<\/p>\n<p>A trav\u00e9s de su cuenta de Twitter, el pol\u00edtico tabasque\u00f1o admiti\u00f3 que la esposa del expresidente Felipe Calder\u00f3n est\u00e1 mejor posicionada que el l\u00edder del PAN, Ricardo Anaya.<\/p>\n<p>Incluso, recomend\u00f3 al secretario de Gobernaci\u00f3n, Miguel \u00c1ngel Osorio Chong, <em>\u00abhacer lo mismo porque lo van a cepillar\u00bb.<\/em><\/p>\n<p>\u00abHace bien la esposa de Calder\u00f3n en rebelarse. Est\u00e1 mejor posicionada que Anaya y la excluyen. Chong debe hacer lo mismo: lo van a cepillar\u00bb, escribi\u00f3 estar tarde el tambi\u00e9n aspirante presidencial.<\/p>\n<p>Cabe mencionar que hoy por la ma\u00f1ana, en el noticiero de Ciro G\u00f3mez Leyva se dio a conocer que de acuerdo con fuentes del equipo de Zavala G\u00f3mez del Campo, tom\u00f3 la decisi\u00f3n de renunciar a su militancia panista, a dos d\u00edas de que de cierre el plazo para el registro ante el Instituto Nacional Electoral (INE), de su candidatura independiente a la Presidencia.<\/p>\n<p>(Fecha de publicaci\u00f3n 05102017)<\/p>\n","protected":false},"excerpt":{"rendered":"<p>CIUDAD DE M\u00c9XICO. MX.\u2014 A trav\u00e9s de su cuenta de Twitter, el pol\u00edtico tabasque\u00f1o admiti\u00f3&#8230;<\/p>\n","protected":false},"author":1,"featured_media":26994,"comment_status":"open","ping_status":"open","sticky":false,"template":"","format":"standard","meta":{"_monsterinsights_skip_tracking":false,"_monsterinsights_sitenote_active":false,"_monsterinsights_sitenote_note":"","_monsterinsights_sitenote_category":0,"footnotes":""},"categories":[13,5],"tags":[],"class_list":["post"],"yoast_head":" \n<title>Sonora en Equipo. Hace bien esposa de Calder\u00f3n en revelarse, est\u00e1 mejor posicionada que Anaya: AMLO Destacadas<\/title>\n<meta name=\"description\" content=\"CIUDAD DE M\u00c9XICO. MX.\u2014 A trav\u00e9s de su cuenta de Twitter, el pol\u00edtico tabasque\u00f1o admiti\u00f3 que la esposa del expresidente Felipe Calder\u00f3n est\u00e1 mejor En Sonora en Equipo publicamos toda la informaci\u00f3n de Sonora, M\u00e9xico y el Mundo de manera oportuna y busca que la libertad de expresi\u00f3n sea real. Visita nuestro medio informativo publicado desde Hermosillo, Sonora. %\" \/>\n<meta name=\"robots\" content=\"index, follow, max-snippet:-1, max-image-preview:large, max-video-preview:-1\" \/>\n<link rel=\"canonical\" href=\"https:\/\/www.sonoraenequipo.com.mx\/bien-esposa-calderon-revelarse-esta-mejor-posicionada-anaya-amlo\/\" \/>\n<meta property=\"og:locale\" content=\"es_ES\" \/>\n<meta property=\"og:type\" content=\"article\" \/>\n<meta property=\"og:title\" content=\"Sonora en Equipo. Hace bien esposa de Calder\u00f3n en revelarse, est\u00e1 mejor posicionada que Anaya: AMLO Destacadas\" \/>\n<meta property=\"og:description\" content=\"CIUDAD DE M\u00c9XICO. MX.\u2014 A trav\u00e9s de su cuenta de Twitter, el pol\u00edtico tabasque\u00f1o admiti\u00f3 que la esposa del expresidente Felipe Calder\u00f3n est\u00e1 mejor En Sonora en Equipo publicamos toda la informaci\u00f3n de Sonora, M\u00e9xico y el Mundo de manera oportuna y busca que la libertad de expresi\u00f3n sea real. Visita nuestro medio informativo publicado desde Hermosillo, Sonora. %\" \/>\n<meta property=\"og:url\" content=\"https:\/\/www.sonoraenequipo.com.mx\/bien-esposa-calderon-revelarse-esta-mejor-posicionada-anaya-amlo\/\" \/>\n<meta property=\"og:site_name\" content=\"Sonora en Equipo.\" \/>\n<meta property=\"article:publisher\" content=\"https:\/\/www.facebook.com\/SonoraEE\/\" \/>\n<meta property=\"article:author\" content=\"https:\/\/www.facebook.com\/SonoraEE\" \/>\n<meta property=\"article:published_time\" content=\"2017-10-05T17:50:28+00:00\" \/>\n<meta property=\"article:modified_time\" content=\"2017-10-06T01:54:41+00:00\" \/>\n<meta property=\"og:image\" content=\"https:\/\/www.sonoraenequipo.com.mx\/storage\/2017\/10\/amlo_margarita_opt1.jpg\" \/>\n\t<meta property=\"og:image:width\" content=\"750\" \/>\n\t<meta property=\"og:image:height\" content=\"500\" \/>\n\t<meta property=\"og:image:type\" content=\"image\/jpeg\" \/>\n<meta name=\"author\" content=\"enequipo\" \/>\n<meta name=\"twitter:card\" content=\"summary_large_image\" \/>\n<meta name=\"twitter:creator\" content=\"@sonoraenequipo\" \/>\n<meta name=\"twitter:site\" content=\"@sonoraenequipo\" \/>\n<meta name=\"twitter:label1\" content=\"Escrito por\" \/>\n\t<meta name=\"twitter:data1\" content=\"enequipo\" \/>\n\t<meta name=\"twitter:label2\" content=\"Tiempo de lectura\" \/>\n\t<meta name=\"twitter:data2\" content=\"1 minuto\" \/>\n<script type=\"application\/ld+json\" class=\"yoast-schema-graph\">{\"@context\":\"https:\/\/schema.org\",\"@graph\":[{\"@type\":\"Article\",\"@id\":\"https:\/\/www.sonoraenequipo.com.mx\/bien-esposa-calderon-revelarse-esta-mejor-posicionada-anaya-amlo\/#article\",\"isPartOf\":{\"@id\":\"https:\/\/www.sonoraenequipo.com.mx\/bien-esposa-calderon-revelarse-esta-mejor-posicionada-anaya-amlo\/\"},\"author\":{\"name\":\"enequipo\",\"@id\":\"https:\/\/www.sonoraenequipo.com.mx\/#\/schema\/person\/50102df0fb23a8fa9e8effad8fa81386\"},\"headline\":\"Hace bien esposa de Calder\u00f3n en revelarse, est\u00e1 mejor posicionada que Anaya: AMLO\",\"datePublished\":\"2017-10-05T17:50:28+00:00\",\"dateModified\":\"2017-10-06T01:54:41+00:00\",\"mainEntityOfPage\":{\"@id\":\"https:\/\/www.sonoraenequipo.com.mx\/bien-esposa-calderon-revelarse-esta-mejor-posicionada-anaya-amlo\/\"},\"wordCount\":275,\"commentCount\":0,\"publisher\":{\"@id\":\"https:\/\/www.sonoraenequipo.com.mx\/#organization\"},\"image\":{\"@id\":\"https:\/\/www.sonoraenequipo.com.mx\/bien-esposa-calderon-revelarse-esta-mejor-posicionada-anaya-amlo\/#primaryimage\"},\"thumbnailUrl\":\"https:\/\/www.sonoraenequipo.com.mx\/storage\/2017\/10\/amlo_margarita_opt1.jpg\",\"articleSection\":[\"Destacadas\",\"Rep\u00fablica\"],\"inLanguage\":\"es\",\"potentialAction\":[{\"@type\":\"CommentAction\",\"name\":\"Comment\",\"target\":[\"https:\/\/www.sonoraenequipo.com.mx\/bien-esposa-calderon-revelarse-esta-mejor-posicionada-anaya-amlo\/#respond\"]}]},{\"@type\":\"WebPage\",\"@id\":\"https:\/\/www.sonoraenequipo.com.mx\/bien-esposa-calderon-revelarse-esta-mejor-posicionada-anaya-amlo\/\",\"url\":\"https:\/\/www.sonoraenequipo.com.mx\/bien-esposa-calderon-revelarse-esta-mejor-posicionada-anaya-amlo\/\",\"name\":\"Sonora en Equipo. Hace bien esposa de Calder\u00f3n en revelarse, est\u00e1 mejor posicionada que Anaya: AMLO Destacadas\",\"isPartOf\":{\"@id\":\"https:\/\/www.sonoraenequipo.com.mx\/#website\"},\"primaryImageOfPage\":{\"@id\":\"https:\/\/www.sonoraenequipo.com.mx\/bien-esposa-calderon-revelarse-esta-mejor-posicionada-anaya-amlo\/#primaryimage\"},\"image\":{\"@id\":\"https:\/\/www.sonoraenequipo.com.mx\/bien-esposa-calderon-revelarse-esta-mejor-posicionada-anaya-amlo\/#primaryimage\"},\"thumbnailUrl\":\"https:\/\/www.sonoraenequipo.com.mx\/storage\/2017\/10\/amlo_margarita_opt1.jpg\",\"datePublished\":\"2017-10-05T17:50:28+00:00\",\"dateModified\":\"2017-10-06T01:54:41+00:00\",\"description\":\"CIUDAD DE M\u00c9XICO. MX.\u2014 A trav\u00e9s de su cuenta de Twitter, el pol\u00edtico tabasque\u00f1o admiti\u00f3 que la esposa del expresidente Felipe Calder\u00f3n est\u00e1 mejor En Sonora en Equipo publicamos toda la informaci\u00f3n de Sonora, M\u00e9xico y el Mundo de manera oportuna y busca que la libertad de expresi\u00f3n sea real. Visita nuestro medio informativo publicado desde Hermosillo, Sonora. %\",\"breadcrumb\":{\"@id\":\"https:\/\/www.sonoraenequipo.com.mx\/bien-esposa-calderon-revelarse-esta-mejor-posicionada-anaya-amlo\/#breadcrumb\"},\"inLanguage\":\"es\",\"potentialAction\":[{\"@type\":\"ReadAction\",\"target\":[\"https:\/\/www.sonoraenequipo.com.mx\/bien-esposa-calderon-revelarse-esta-mejor-posicionada-anaya-amlo\/\"]}]},{\"@type\":\"ImageObject\",\"inLanguage\":\"es\",\"@id\":\"https:\/\/www.sonoraenequipo.com.mx\/bien-esposa-calderon-revelarse-esta-mejor-posicionada-anaya-amlo\/#primaryimage\",\"url\":\"https:\/\/www.sonoraenequipo.com.mx\/storage\/2017\/10\/amlo_margarita_opt1.jpg\",\"contentUrl\":\"https:\/\/www.sonoraenequipo.com.mx\/storage\/2017\/10\/amlo_margarita_opt1.jpg\",\"width\":750,\"height\":500},{\"@type\":\"BreadcrumbList\",\"@id\":\"https:\/\/www.sonoraenequipo.com.mx\/bien-esposa-calderon-revelarse-esta-mejor-posicionada-anaya-amlo\/#breadcrumb\",\"itemListElement\":[{\"@type\":\"ListItem\",\"position\":1,\"name\":\"Portada\",\"item\":\"https:\/\/www.sonoraenequipo.com.mx\/\"},{\"@type\":\"ListItem\",\"position\":2,\"name\":\"Hace bien esposa de Calder\u00f3n en revelarse, est\u00e1 mejor posicionada que Anaya: AMLO\"}]},{\"@type\":\"WebSite\",\"@id\":\"https:\/\/www.sonoraenequipo.com.mx\/#website\",\"url\":\"https:\/\/www.sonoraenequipo.com.mx\/\",\"name\":\"Sonora en Equipo.\",\"description\":\"Diario en l\u00ednea con Noticias desde Hermosillo, Sonora\",\"publisher\":{\"@id\":\"https:\/\/www.sonoraenequipo.com.mx\/#organization\"},\"potentialAction\":[{\"@type\":\"SearchAction\",\"target\":{\"@type\":\"EntryPoint\",\"urlTemplate\":\"https:\/\/www.sonoraenequipo.com.mx\/?s={search_term_string}\"},\"query-input\":{\"@type\":\"PropertyValueSpecification\",\"valueRequired\":true,\"valueName\":\"search_term_string\"}}],\"inLanguage\":\"es\"},{\"@type\":\"Organization\",\"@id\":\"https:\/\/www.sonoraenequipo.com.mx\/#organization\",\"name\":\"Sonoraenequipo.com.mx\",\"url\":\"https:\/\/www.sonoraenequipo.com.mx\/\",\"logo\":{\"@type\":\"ImageObject\",\"inLanguage\":\"es\",\"@id\":\"https:\/\/www.sonoraenequipo.com.mx\/#\/schema\/logo\/image\/\",\"url\":\"https:\/\/www.sonoraenequipo.com.mx\/storage\/2019\/01\/sonoraenequipo_opt.png\",\"contentUrl\":\"https:\/\/www.sonoraenequipo.com.mx\/storage\/2019\/01\/sonoraenequipo_opt.png\",\"width\":375,\"height\":125,\"caption\":\"Sonoraenequipo.com.mx\"},\"image\":{\"@id\":\"https:\/\/www.sonoraenequipo.com.mx\/#\/schema\/logo\/image\/\"},\"sameAs\":[\"https:\/\/www.facebook.com\/SonoraEE\/\",\"https:\/\/x.com\/sonoraenequipo\",\"https:\/\/www.youtube.com\/channel\/UC338nW-lPEYmJQs4ZABQ1SQ\"]},{\"@type\":\"Person\",\"@id\":\"https:\/\/www.sonoraenequipo.com.mx\/#\/schema\/person\/50102df0fb23a8fa9e8effad8fa81386\",\"name\":\"enequipo\",\"image\":{\"@type\":\"ImageObject\",\"inLanguage\":\"es\",\"@id\":\"https:\/\/www.sonoraenequipo.com.mx\/#\/schema\/person\/image\/\",\"url\":\"https:\/\/secure.gravatar.com\/avatar\/049821681b589dabc0bc20695993ccebb09f5b5d4d790cd9251b97faac7c652b?s=96&d=blank&r=g\",\"contentUrl\":\"https:\/\/secure.gravatar.com\/avatar\/049821681b589dabc0bc20695993ccebb09f5b5d4d790cd9251b97faac7c652b?s=96&d=blank&r=g\",\"caption\":\"enequipo\"},\"sameAs\":[\"https:\/\/www.facebook.com\/SonoraEE\"]}]}<\/script>\n ","yoast_head_json":{"title":"Sonora en Equipo. Hace bien esposa de Calder\u00f3n en revelarse, est\u00e1 mejor posicionada que Anaya: AMLO Destacadas","description":"CIUDAD DE M\u00c9XICO. MX.\u2014 A trav\u00e9s de su cuenta de Twitter, el pol\u00edtico tabasque\u00f1o admiti\u00f3 que la esposa del expresidente Felipe Calder\u00f3n est\u00e1 mejor En Sonora en Equipo publicamos toda la informaci\u00f3n de Sonora, M\u00e9xico y el Mundo de manera oportuna y busca que la libertad de expresi\u00f3n sea real. Visita nuestro medio informativo publicado desde Hermosillo, Sonora. %","robots":{"index":"index","follow":"follow","max-snippet":"max-snippet:-1","max-image-preview":"max-image-preview:large","max-video-preview":"max-video-preview:-1"},"canonical":"https:\/\/www.sonoraenequipo.com.mx\/bien-esposa-calderon-revelarse-esta-mejor-posicionada-anaya-amlo\/","og_locale":"es_ES","og_type":"article","og_title":"Sonora en Equipo. Hace bien esposa de Calder\u00f3n en revelarse, est\u00e1 mejor posicionada que Anaya: AMLO Destacadas","og_description":"CIUDAD DE M\u00c9XICO. MX.\u2014 A trav\u00e9s de su cuenta de Twitter, el pol\u00edtico tabasque\u00f1o admiti\u00f3 que la esposa del expresidente Felipe Calder\u00f3n est\u00e1 mejor En Sonora en Equipo publicamos toda la informaci\u00f3n de Sonora, M\u00e9xico y el Mundo de manera oportuna y busca que la libertad de expresi\u00f3n sea real. Visita nuestro medio informativo publicado desde Hermosillo, Sonora. %","og_url":"https:\/\/www.sonoraenequipo.com.mx\/bien-esposa-calderon-revelarse-esta-mejor-posicionada-anaya-amlo\/","og_site_name":"Sonora en Equipo.","article_publisher":"https:\/\/www.facebook.com\/SonoraEE\/","article_author":"https:\/\/www.facebook.com\/SonoraEE","article_published_time":"2017-10-05T17:50:28+00:00","article_modified_time":"2017-10-06T01:54:41+00:00","og_image":[{"width":750,"height":500,"url":"https:\/\/www.sonoraenequipo.com.mx\/storage\/2017\/10\/amlo_margarita_opt1.jpg","type":"image\/jpeg"}],"author":"enequipo","twitter_card":"summary_large_image","twitter_creator":"@sonoraenequipo","twitter_site":"@sonoraenequipo","twitter_misc":{"Escrito por":"enequipo","Tiempo de lectura":"1 minuto"},"schema":{"@context":"https:\/\/schema.org","@graph":[{"@type":"Article","@id":"https:\/\/www.sonoraenequipo.com.mx\/bien-esposa-calderon-revelarse-esta-mejor-posicionada-anaya-amlo\/#article","isPartOf":{"@id":"https:\/\/www.sonoraenequipo.com.mx\/bien-esposa-calderon-revelarse-esta-mejor-posicionada-anaya-amlo\/"},"author":{"name":"enequipo","@id":"https:\/\/www.sonoraenequipo.com.mx\/#\/schema\/person\/50102df0fb23a8fa9e8effad8fa81386"},"headline":"Hace bien esposa de Calder\u00f3n en revelarse, est\u00e1 mejor posicionada que Anaya: AMLO","datePublished":"2017-10-05T17:50:28+00:00","dateModified":"2017-10-06T01:54:41+00:00","mainEntityOfPage":{"@id":"https:\/\/www.sonoraenequipo.com.mx\/bien-esposa-calderon-revelarse-esta-mejor-posicionada-anaya-amlo\/"},"wordCount":275,"commentCount":0,"publisher":{"@id":"https:\/\/www.sonoraenequipo.com.mx\/#organization"},"image":{"@id":"https:\/\/www.sonoraenequipo.com.mx\/bien-esposa-calderon-revelarse-esta-mejor-posicionada-anaya-amlo\/#primaryimage"},"thumbnailUrl":"https:\/\/www.sonoraenequipo.com.mx\/storage\/2017\/10\/amlo_margarita_opt1.jpg","articleSection":["Destacadas","Rep\u00fablica"],"inLanguage":"es","potentialAction":[{"@type":"CommentAction","name":"Comment","target":["https:\/\/www.sonoraenequipo.com.mx\/bien-esposa-calderon-revelarse-esta-mejor-posicionada-anaya-amlo\/#respond"]}]},{"@type":"WebPage","@id":"https:\/\/www.sonoraenequipo.com.mx\/bien-esposa-calderon-revelarse-esta-mejor-posicionada-anaya-amlo\/","url":"https:\/\/www.sonoraenequipo.com.mx\/bien-esposa-calderon-revelarse-esta-mejor-posicionada-anaya-amlo\/","name":"Sonora en Equipo. Hace bien esposa de Calder\u00f3n en revelarse, est\u00e1 mejor posicionada que Anaya: AMLO Destacadas","isPartOf":{"@id":"https:\/\/www.sonoraenequipo.com.mx\/#website"},"primaryImageOfPage":{"@id":"https:\/\/www.sonoraenequipo.com.mx\/bien-esposa-calderon-revelarse-esta-mejor-posicionada-anaya-amlo\/#primaryimage"},"image":{"@id":"https:\/\/www.sonoraenequipo.com.mx\/bien-esposa-calderon-revelarse-esta-mejor-posicionada-anaya-amlo\/#primaryimage"},"thumbnailUrl":"https:\/\/www.sonoraenequipo.com.mx\/storage\/2017\/10\/amlo_margarita_opt1.jpg","datePublished":"2017-10-05T17:50:28+00:00","dateModified":"2017-10-06T01:54:41+00:00","description":"CIUDAD DE M\u00c9XICO. MX.\u2014 A trav\u00e9s de su cuenta de Twitter, el pol\u00edtico tabasque\u00f1o admiti\u00f3 que la esposa del expresidente Felipe Calder\u00f3n est\u00e1 mejor En Sonora en Equipo publicamos toda la informaci\u00f3n de Sonora, M\u00e9xico y el Mundo de manera oportuna y busca que la libertad de expresi\u00f3n sea real. Visita nuestro medio informativo publicado desde Hermosillo, Sonora. %","breadcrumb":{"@id":"https:\/\/www.sonoraenequipo.com.mx\/bien-esposa-calderon-revelarse-esta-mejor-posicionada-anaya-amlo\/#breadcrumb"},"inLanguage":"es","potentialAction":[{"@type":"ReadAction","target":["https:\/\/www.sonoraenequipo.com.mx\/bien-esposa-calderon-revelarse-esta-mejor-posicionada-anaya-amlo\/"]}]},{"@type":"ImageObject","inLanguage":"es","@id":"https:\/\/www.sonoraenequipo.com.mx\/bien-esposa-calderon-revelarse-esta-mejor-posicionada-anaya-amlo\/#primaryimage","url":"https:\/\/www.sonoraenequipo.com.mx\/storage\/2017\/10\/amlo_margarita_opt1.jpg","contentUrl":"https:\/\/www.sonoraenequipo.com.mx\/storage\/2017\/10\/amlo_margarita_opt1.jpg","width":750,"height":500},{"@type":"BreadcrumbList","@id":"https:\/\/www.sonoraenequipo.com.mx\/bien-esposa-calderon-revelarse-esta-mejor-posicionada-anaya-amlo\/#breadcrumb","itemListElement":[{"@type":"ListItem","position":1,"name":"Portada","item":"https:\/\/www.sonoraenequipo.com.mx\/"},{"@type":"ListItem","position":2,"name":"Hace bien esposa de Calder\u00f3n en revelarse, est\u00e1 mejor posicionada que Anaya: AMLO"}]},{"@type":"WebSite","@id":"https:\/\/www.sonoraenequipo.com.mx\/#website","url":"https:\/\/www.sonoraenequipo.com.mx\/","name":"Sonora en Equipo.","description":"Diario en l\u00ednea con Noticias desde Hermosillo, Sonora","publisher":{"@id":"https:\/\/www.sonoraenequipo.com.mx\/#organization"},"potentialAction":[{"@type":"SearchAction","target":{"@type":"EntryPoint","urlTemplate":"https:\/\/www.sonoraenequipo.com.mx\/?s={search_term_string}"},"query-input":{"@type":"PropertyValueSpecification","valueRequired":true,"valueName":"search_term_string"}}],"inLanguage":"es"},{"@type":"Organization","@id":"https:\/\/www.sonoraenequipo.com.mx\/#organization","name":"Sonoraenequipo.com.mx","url":"https:\/\/www.sonoraenequipo.com.mx\/","logo":{"@type":"ImageObject","inLanguage":"es","@id":"https:\/\/www.sonoraenequipo.com.mx\/#\/schema\/logo\/image\/","url":"https:\/\/www.sonoraenequipo.com.mx\/storage\/2019\/01\/sonoraenequipo_opt.png","contentUrl":"https:\/\/www.sonoraenequipo.com.mx\/storage\/2019\/01\/sonoraenequipo_opt.png","width":375,"height":125,"caption":"Sonoraenequipo.com.mx"},"image":{"@id":"https:\/\/www.sonoraenequipo.com.mx\/#\/schema\/logo\/image\/"},"sameAs":["https:\/\/www.facebook.com\/SonoraEE\/","https:\/\/x.com\/sonoraenequipo","https:\/\/www.youtube.com\/channel\/UC338nW-lPEYmJQs4ZABQ1SQ"]},{"@type":"Person","@id":"https:\/\/www.sonoraenequipo.com.mx\/#\/schema\/person\/50102df0fb23a8fa9e8effad8fa81386","name":"enequipo","image":{"@type":"ImageObject","inLanguage":"es","@id":"https:\/\/www.sonoraenequipo.com.mx\/#\/schema\/person\/image\/","url":"https:\/\/secure.gravatar.com\/avatar\/049821681b589dabc0bc20695993ccebb09f5b5d4d790cd9251b97faac7c652b?s=96&d=blank&r=g","contentUrl":"https:\/\/secure.gravatar.com\/avatar\/049821681b589dabc0bc20695993ccebb09f5b5d4d790cd9251b97faac7c652b?s=96&d=blank&r=g","caption":"enequipo"},"sameAs":["https:\/\/www.facebook.com\/SonoraEE"]}]}},"jetpack_featured_media_url":"https:\/\/www.sonoraenequipo.com.mx\/storage\/2017\/10\/amlo_margarita_opt1.jpg","_links":{"self":[{"href":"https:\/\/www.sonoraenequipo.com.mx\/api\/wp\/v2\/posts\/26993","targetHints":{"allow":["GET"]}}],"collection":[{"href":"https:\/\/www.sonoraenequipo.com.mx\/api\/wp\/v2\/posts"}],"about":[{"href":"https:\/\/www.sonoraenequipo.com.mx\/api\/wp\/v2\/types\/post"}],"author":[{"embeddable":true,"href":"https:\/\/www.sonoraenequipo.com.mx\/api\/wp\/v2\/users\/1"}],"replies":[{"embeddable":true,"href":"https:\/\/www.sonoraenequipo.com.mx\/api\/wp\/v2\/comments?post=26993"}],"version-history":[{"count":0,"href":"https:\/\/www.sonoraenequipo.com.mx\/api\/wp\/v2\/posts\/26993\/revisions"}],"wp:featuredmedia":[{"embeddable":true,"href":"https:\/\/www.sonoraenequipo.com.mx\/api\/wp\/v2\/media\/26994"}],"wp:attachment":[{"href":"https:\/\/www.sonoraenequipo.com.mx\/api\/wp\/v2\/media?parent=26993"}],"wp:term":[{"taxonomy":"category","embeddable":true,"href":"https:\/\/www.sonoraenequipo.com.mx\/api\/wp\/v2\/categories?post=26993"},{"taxonomy":"post_tag","embeddable":true,"href":"https:\/\/www.sonoraenequipo.com.mx\/api\/wp\/v2\/tags?post=26993"}],"curies":[{"name":"wp","href":"https:\/\/api.w.org\/{rel}","templated":true}]}}