{"id":26997,"date":"2017-10-05T11:00:13","date_gmt":"2017-10-05T18:00:13","guid":{"rendered":"http:\/\/www.sonoraenequipo.com.mx\/?p=26997"},"modified":"2017-10-05T19:24:06","modified_gmt":"2017-10-06T02:24:06","slug":"procuradores-eu-refuerzan-demanda-trump-daca","status":"publish","type":"post","link":"https:\/\/www.sonoraenequipo.com.mx\/procuradores-eu-refuerzan-demanda-trump-daca\/","title":{"rendered":"Procuradores de EU refuerzan demanda contra Trump por el DACA"},"content":{"rendered":"<p>CIUDAD DE M\u00c9XICO. MX. <a href=\"http:\/\/aristeguinoticias.com\/\"><strong>ARISTEGUI NOTICIAS<\/strong><\/a>. \u2014\u00a0 Una coalici\u00f3n de 16 procuradores generales, as\u00ed como el estado de Colorado, reforzaron la demanda ingresada el mes pasado contra el presidente de Estados Unidos, Donald Trump, por su decisi\u00f3n de cancelar el Programa de Acci\u00f3n Diferida para los llegados en la Infancia (DACA).<\/p>\n<p> <\/p>\n<p>En un comunicado emitido este jueves, el procurador de Nueva York, Eric Schneiderman, indic\u00f3 que la coalici\u00f3n present\u00f3 una enmienda a la demanda ingresada en la Corte del distrito este de Nueva York, con apoyo de empresas y organismos civiles y con nuevos argumentos legales.<\/p>\n<p>El anuncio fue realizado justo en el d\u00eda en que termina el plazo para que aquellos beneficiarios de DACA, cuyo permiso de trabajo expira antes del 5 de marzo, pudieran solicitar una renovaci\u00f3n. El gobierno inform\u00f3 que hasta el mi\u00e9rcoles poco m\u00e1s de 40 mil j\u00f3venes no hab\u00edan pedido renovaci\u00f3n.<\/p>\n<p>En la enmienda de la demanda agregaron su apoyo la cadena de tiendas \u00f3pticas Warby Parker, la televisora Univision Communications, la Asociaci\u00f3n para la Ciudad de Nueva York y la Asociaci\u00f3n por un Mejor Nueva York (ABNY).<\/p>\n<p>El argumento principal de la demanda es que Trump ha violado la cl\u00e1usula de igualdad de la Constituci\u00f3n debido a que discrimina contra un grupo espec\u00edfico de personas, ya que 78 por ciento de los beneficiarios de DACA son de origen mexicano.<\/p>\n<p>El documento ante la corte argumenta, adem\u00e1s, que la eliminaci\u00f3n de DACA representa una violaci\u00f3n del debido proceso y que perjudica a los residentes de los estados demandantes, as\u00ed como a sus instituciones y econom\u00eda.<\/p>\n<p>La enmienda de la demanda ingresada ayer mi\u00e9rcoles agrega dos nuevas causas de acci\u00f3n. Se\u00f1ala que el gobierno viola la llamada \u201cdoctrina de los actos propios\u201d debido a que incumpli\u00f3 la promesa realizada a los j\u00f3venes DACA de que su informaci\u00f3n personal no ser\u00eda usada en su contra.<\/p>\n<p>La informaci\u00f3n personal de los beneficiarios de DACA, sin embargo, ser\u00eda empleada por las autoridades de inmigraci\u00f3n para deportar a las casi 800 mil personas que se acogen a este programa cuando sus permisos laborales expiren, de acuerdo con el argumento legal.<\/p>\n<p>La otra causa agregada es que el gobierno fall\u00f3 en proporcionar a los beneficiarios de DACA la notificaci\u00f3n con tiempo suficiente y de manera adecuada sobre los procedimientos que deber\u00edan emprender para renovar sus estatus de DACA.<\/p>\n<p>En ese sentido, la demanda argumenta que la eliminaci\u00f3n de DACA neg\u00f3 a los beneficiarios las prerrogativas de que gozan de acuerdo con la Ley de Procedimiento Administrativo.<\/p>\n<p><em>\u201cEl plan del presidente Trump de poner fin a DACA es ca\u00f3tico, incorrecto e inconstitucional\u201d,<\/em> explic\u00f3 Schneiderman.<\/p>\n<p>El procurador declar\u00f3 que los l\u00edderes empresariales de Nueva York se unieron en apoyo a la demanda porque saben que extender DACA no es s\u00f3lo lo correcto, sino que tambi\u00e9n beneficia a la econom\u00eda de Nueva York.<\/p>\n<p>Por su parte, el gobernador Andrew Cuomo asegur\u00f3 que \u201c<em>el gobierno federal ha declarado la guerra a los valores de tolerancia e inclusi\u00f3n que construyeron este estado y esta naci\u00f3n\u201d.<\/p>\n<p>\u201cEsta cruel decisi\u00f3n para rescindir DACA alimenta a la bestia de la intolerancia, y afecta las vidas de cientos de miles de j\u00f3venes a trav\u00e9s de la naci\u00f3n. No podemos y no nos sentaremos al margen al ver la vida de estos j\u00f3venes arruinadas\u201d,<\/em> enfatiz\u00f3 Cuomo.<\/p>\n<p>(Fecha de publicaci\u00f3n 05102017 con informaci\u00f3n de Aristegui Noticias)<\/p>\n","protected":false},"excerpt":{"rendered":"<p>CIUDAD DE M\u00c9XICO. MX. ARISTEGUI NOTICIAS. \u2014\u00a0 Una coalici\u00f3n de 16 procuradores generales, as\u00ed como&#8230;<\/p>\n","protected":false},"author":1,"featured_media":26998,"comment_status":"open","ping_status":"open","sticky":false,"template":"","format":"standard","meta":{"_monsterinsights_skip_tracking":false,"_monsterinsights_sitenote_active":false,"_monsterinsights_sitenote_note":"","_monsterinsights_sitenote_category":0,"footnotes":""},"categories":[13,3],"tags":[],"class_list":["post"],"yoast_head":" \n<title>Sonora en Equipo. Procuradores de EU refuerzan demanda contra Trump por el DACA Destacadas<\/title>\n<meta name=\"description\" content=\"CIUDAD DE M\u00c9XICO. MX. ARISTEGUI NOTICIAS. \u2014\u00a0 Una coalici\u00f3n de 16 procuradores generales, as\u00ed como el estado de Colorado, reforzaron la demanda ingresada En Sonora en Equipo publicamos toda la informaci\u00f3n de Sonora, M\u00e9xico y el Mundo de manera oportuna y busca que la libertad de expresi\u00f3n sea real. Visita nuestro medio informativo publicado desde Hermosillo, Sonora. %\" \/>\n<meta name=\"robots\" content=\"index, follow, max-snippet:-1, max-image-preview:large, max-video-preview:-1\" \/>\n<link rel=\"canonical\" href=\"https:\/\/www.sonoraenequipo.com.mx\/procuradores-eu-refuerzan-demanda-trump-daca\/\" \/>\n<meta property=\"og:locale\" content=\"es_ES\" \/>\n<meta property=\"og:type\" content=\"article\" \/>\n<meta property=\"og:title\" content=\"Sonora en Equipo. Procuradores de EU refuerzan demanda contra Trump por el DACA Destacadas\" \/>\n<meta property=\"og:description\" content=\"CIUDAD DE M\u00c9XICO. MX. ARISTEGUI NOTICIAS. \u2014\u00a0 Una coalici\u00f3n de 16 procuradores generales, as\u00ed como el estado de Colorado, reforzaron la demanda ingresada En Sonora en Equipo publicamos toda la informaci\u00f3n de Sonora, M\u00e9xico y el Mundo de manera oportuna y busca que la libertad de expresi\u00f3n sea real. Visita nuestro medio informativo publicado desde Hermosillo, Sonora. %\" \/>\n<meta property=\"og:url\" content=\"https:\/\/www.sonoraenequipo.com.mx\/procuradores-eu-refuerzan-demanda-trump-daca\/\" \/>\n<meta property=\"og:site_name\" content=\"Sonora en Equipo.\" \/>\n<meta property=\"article:publisher\" content=\"https:\/\/www.facebook.com\/SonoraEE\/\" \/>\n<meta property=\"article:author\" content=\"https:\/\/www.facebook.com\/SonoraEE\" \/>\n<meta property=\"article:published_time\" content=\"2017-10-05T18:00:13+00:00\" \/>\n<meta property=\"article:modified_time\" content=\"2017-10-06T02:24:06+00:00\" \/>\n<meta property=\"og:image\" content=\"https:\/\/www.sonoraenequipo.com.mx\/storage\/2017\/10\/jeffsessions_opt.jpg\" \/>\n\t<meta property=\"og:image:width\" content=\"750\" \/>\n\t<meta property=\"og:image:height\" content=\"500\" \/>\n\t<meta property=\"og:image:type\" content=\"image\/jpeg\" \/>\n<meta name=\"author\" content=\"enequipo\" \/>\n<meta name=\"twitter:card\" content=\"summary_large_image\" \/>\n<meta name=\"twitter:creator\" content=\"@sonoraenequipo\" \/>\n<meta name=\"twitter:site\" content=\"@sonoraenequipo\" \/>\n<meta name=\"twitter:label1\" content=\"Escrito por\" \/>\n\t<meta name=\"twitter:data1\" content=\"enequipo\" \/>\n\t<meta name=\"twitter:label2\" content=\"Tiempo de lectura\" \/>\n\t<meta name=\"twitter:data2\" content=\"3 minutos\" \/>\n<script type=\"application\/ld+json\" class=\"yoast-schema-graph\">{\"@context\":\"https:\/\/schema.org\",\"@graph\":[{\"@type\":\"Article\",\"@id\":\"https:\/\/www.sonoraenequipo.com.mx\/procuradores-eu-refuerzan-demanda-trump-daca\/#article\",\"isPartOf\":{\"@id\":\"https:\/\/www.sonoraenequipo.com.mx\/procuradores-eu-refuerzan-demanda-trump-daca\/\"},\"author\":{\"name\":\"enequipo\",\"@id\":\"https:\/\/www.sonoraenequipo.com.mx\/#\/schema\/person\/50102df0fb23a8fa9e8effad8fa81386\"},\"headline\":\"Procuradores de EU refuerzan demanda contra Trump por el DACA\",\"datePublished\":\"2017-10-05T18:00:13+00:00\",\"dateModified\":\"2017-10-06T02:24:06+00:00\",\"mainEntityOfPage\":{\"@id\":\"https:\/\/www.sonoraenequipo.com.mx\/procuradores-eu-refuerzan-demanda-trump-daca\/\"},\"wordCount\":604,\"commentCount\":0,\"publisher\":{\"@id\":\"https:\/\/www.sonoraenequipo.com.mx\/#organization\"},\"image\":{\"@id\":\"https:\/\/www.sonoraenequipo.com.mx\/procuradores-eu-refuerzan-demanda-trump-daca\/#primaryimage\"},\"thumbnailUrl\":\"https:\/\/www.sonoraenequipo.com.mx\/storage\/2017\/10\/jeffsessions_opt.jpg\",\"articleSection\":[\"Destacadas\",\"MUNDO\"],\"inLanguage\":\"es\",\"potentialAction\":[{\"@type\":\"CommentAction\",\"name\":\"Comment\",\"target\":[\"https:\/\/www.sonoraenequipo.com.mx\/procuradores-eu-refuerzan-demanda-trump-daca\/#respond\"]}]},{\"@type\":\"WebPage\",\"@id\":\"https:\/\/www.sonoraenequipo.com.mx\/procuradores-eu-refuerzan-demanda-trump-daca\/\",\"url\":\"https:\/\/www.sonoraenequipo.com.mx\/procuradores-eu-refuerzan-demanda-trump-daca\/\",\"name\":\"Sonora en Equipo. Procuradores de EU refuerzan demanda contra Trump por el DACA Destacadas\",\"isPartOf\":{\"@id\":\"https:\/\/www.sonoraenequipo.com.mx\/#website\"},\"primaryImageOfPage\":{\"@id\":\"https:\/\/www.sonoraenequipo.com.mx\/procuradores-eu-refuerzan-demanda-trump-daca\/#primaryimage\"},\"image\":{\"@id\":\"https:\/\/www.sonoraenequipo.com.mx\/procuradores-eu-refuerzan-demanda-trump-daca\/#primaryimage\"},\"thumbnailUrl\":\"https:\/\/www.sonoraenequipo.com.mx\/storage\/2017\/10\/jeffsessions_opt.jpg\",\"datePublished\":\"2017-10-05T18:00:13+00:00\",\"dateModified\":\"2017-10-06T02:24:06+00:00\",\"description\":\"CIUDAD DE M\u00c9XICO. MX. ARISTEGUI NOTICIAS. \u2014\u00a0 Una coalici\u00f3n de 16 procuradores generales, as\u00ed como el estado de Colorado, reforzaron la demanda ingresada En Sonora en Equipo publicamos toda la informaci\u00f3n de Sonora, M\u00e9xico y el Mundo de manera oportuna y busca que la libertad de expresi\u00f3n sea real. Visita nuestro medio informativo publicado desde Hermosillo, Sonora. %\",\"breadcrumb\":{\"@id\":\"https:\/\/www.sonoraenequipo.com.mx\/procuradores-eu-refuerzan-demanda-trump-daca\/#breadcrumb\"},\"inLanguage\":\"es\",\"potentialAction\":[{\"@type\":\"ReadAction\",\"target\":[\"https:\/\/www.sonoraenequipo.com.mx\/procuradores-eu-refuerzan-demanda-trump-daca\/\"]}]},{\"@type\":\"ImageObject\",\"inLanguage\":\"es\",\"@id\":\"https:\/\/www.sonoraenequipo.com.mx\/procuradores-eu-refuerzan-demanda-trump-daca\/#primaryimage\",\"url\":\"https:\/\/www.sonoraenequipo.com.mx\/storage\/2017\/10\/jeffsessions_opt.jpg\",\"contentUrl\":\"https:\/\/www.sonoraenequipo.com.mx\/storage\/2017\/10\/jeffsessions_opt.jpg\",\"width\":750,\"height\":500},{\"@type\":\"BreadcrumbList\",\"@id\":\"https:\/\/www.sonoraenequipo.com.mx\/procuradores-eu-refuerzan-demanda-trump-daca\/#breadcrumb\",\"itemListElement\":[{\"@type\":\"ListItem\",\"position\":1,\"name\":\"Portada\",\"item\":\"https:\/\/www.sonoraenequipo.com.mx\/\"},{\"@type\":\"ListItem\",\"position\":2,\"name\":\"Procuradores de EU refuerzan demanda contra Trump por el DACA\"}]},{\"@type\":\"WebSite\",\"@id\":\"https:\/\/www.sonoraenequipo.com.mx\/#website\",\"url\":\"https:\/\/www.sonoraenequipo.com.mx\/\",\"name\":\"Sonora en Equipo.\",\"description\":\"Diario en l\u00ednea con Noticias desde Hermosillo, Sonora\",\"publisher\":{\"@id\":\"https:\/\/www.sonoraenequipo.com.mx\/#organization\"},\"potentialAction\":[{\"@type\":\"SearchAction\",\"target\":{\"@type\":\"EntryPoint\",\"urlTemplate\":\"https:\/\/www.sonoraenequipo.com.mx\/?s={search_term_string}\"},\"query-input\":{\"@type\":\"PropertyValueSpecification\",\"valueRequired\":true,\"valueName\":\"search_term_string\"}}],\"inLanguage\":\"es\"},{\"@type\":\"Organization\",\"@id\":\"https:\/\/www.sonoraenequipo.com.mx\/#organization\",\"name\":\"Sonoraenequipo.com.mx\",\"url\":\"https:\/\/www.sonoraenequipo.com.mx\/\",\"logo\":{\"@type\":\"ImageObject\",\"inLanguage\":\"es\",\"@id\":\"https:\/\/www.sonoraenequipo.com.mx\/#\/schema\/logo\/image\/\",\"url\":\"https:\/\/www.sonoraenequipo.com.mx\/storage\/2019\/01\/sonoraenequipo_opt.png\",\"contentUrl\":\"https:\/\/www.sonoraenequipo.com.mx\/storage\/2019\/01\/sonoraenequipo_opt.png\",\"width\":375,\"height\":125,\"caption\":\"Sonoraenequipo.com.mx\"},\"image\":{\"@id\":\"https:\/\/www.sonoraenequipo.com.mx\/#\/schema\/logo\/image\/\"},\"sameAs\":[\"https:\/\/www.facebook.com\/SonoraEE\/\",\"https:\/\/x.com\/sonoraenequipo\",\"https:\/\/www.youtube.com\/channel\/UC338nW-lPEYmJQs4ZABQ1SQ\"]},{\"@type\":\"Person\",\"@id\":\"https:\/\/www.sonoraenequipo.com.mx\/#\/schema\/person\/50102df0fb23a8fa9e8effad8fa81386\",\"name\":\"enequipo\",\"image\":{\"@type\":\"ImageObject\",\"inLanguage\":\"es\",\"@id\":\"https:\/\/www.sonoraenequipo.com.mx\/#\/schema\/person\/image\/\",\"url\":\"https:\/\/secure.gravatar.com\/avatar\/049821681b589dabc0bc20695993ccebb09f5b5d4d790cd9251b97faac7c652b?s=96&d=blank&r=g\",\"contentUrl\":\"https:\/\/secure.gravatar.com\/avatar\/049821681b589dabc0bc20695993ccebb09f5b5d4d790cd9251b97faac7c652b?s=96&d=blank&r=g\",\"caption\":\"enequipo\"},\"sameAs\":[\"https:\/\/www.facebook.com\/SonoraEE\"]}]}<\/script>\n ","yoast_head_json":{"title":"Sonora en Equipo. Procuradores de EU refuerzan demanda contra Trump por el DACA Destacadas","description":"CIUDAD DE M\u00c9XICO. MX. ARISTEGUI NOTICIAS. \u2014\u00a0 Una coalici\u00f3n de 16 procuradores generales, as\u00ed como el estado de Colorado, reforzaron la demanda ingresada En Sonora en Equipo publicamos toda la informaci\u00f3n de Sonora, M\u00e9xico y el Mundo de manera oportuna y busca que la libertad de expresi\u00f3n sea real. Visita nuestro medio informativo publicado desde Hermosillo, Sonora. %","robots":{"index":"index","follow":"follow","max-snippet":"max-snippet:-1","max-image-preview":"max-image-preview:large","max-video-preview":"max-video-preview:-1"},"canonical":"https:\/\/www.sonoraenequipo.com.mx\/procuradores-eu-refuerzan-demanda-trump-daca\/","og_locale":"es_ES","og_type":"article","og_title":"Sonora en Equipo. Procuradores de EU refuerzan demanda contra Trump por el DACA Destacadas","og_description":"CIUDAD DE M\u00c9XICO. MX. ARISTEGUI NOTICIAS. \u2014\u00a0 Una coalici\u00f3n de 16 procuradores generales, as\u00ed como el estado de Colorado, reforzaron la demanda ingresada En Sonora en Equipo publicamos toda la informaci\u00f3n de Sonora, M\u00e9xico y el Mundo de manera oportuna y busca que la libertad de expresi\u00f3n sea real. Visita nuestro medio informativo publicado desde Hermosillo, Sonora. %","og_url":"https:\/\/www.sonoraenequipo.com.mx\/procuradores-eu-refuerzan-demanda-trump-daca\/","og_site_name":"Sonora en Equipo.","article_publisher":"https:\/\/www.facebook.com\/SonoraEE\/","article_author":"https:\/\/www.facebook.com\/SonoraEE","article_published_time":"2017-10-05T18:00:13+00:00","article_modified_time":"2017-10-06T02:24:06+00:00","og_image":[{"width":750,"height":500,"url":"https:\/\/www.sonoraenequipo.com.mx\/storage\/2017\/10\/jeffsessions_opt.jpg","type":"image\/jpeg"}],"author":"enequipo","twitter_card":"summary_large_image","twitter_creator":"@sonoraenequipo","twitter_site":"@sonoraenequipo","twitter_misc":{"Escrito por":"enequipo","Tiempo de lectura":"3 minutos"},"schema":{"@context":"https:\/\/schema.org","@graph":[{"@type":"Article","@id":"https:\/\/www.sonoraenequipo.com.mx\/procuradores-eu-refuerzan-demanda-trump-daca\/#article","isPartOf":{"@id":"https:\/\/www.sonoraenequipo.com.mx\/procuradores-eu-refuerzan-demanda-trump-daca\/"},"author":{"name":"enequipo","@id":"https:\/\/www.sonoraenequipo.com.mx\/#\/schema\/person\/50102df0fb23a8fa9e8effad8fa81386"},"headline":"Procuradores de EU refuerzan demanda contra Trump por el DACA","datePublished":"2017-10-05T18:00:13+00:00","dateModified":"2017-10-06T02:24:06+00:00","mainEntityOfPage":{"@id":"https:\/\/www.sonoraenequipo.com.mx\/procuradores-eu-refuerzan-demanda-trump-daca\/"},"wordCount":604,"commentCount":0,"publisher":{"@id":"https:\/\/www.sonoraenequipo.com.mx\/#organization"},"image":{"@id":"https:\/\/www.sonoraenequipo.com.mx\/procuradores-eu-refuerzan-demanda-trump-daca\/#primaryimage"},"thumbnailUrl":"https:\/\/www.sonoraenequipo.com.mx\/storage\/2017\/10\/jeffsessions_opt.jpg","articleSection":["Destacadas","MUNDO"],"inLanguage":"es","potentialAction":[{"@type":"CommentAction","name":"Comment","target":["https:\/\/www.sonoraenequipo.com.mx\/procuradores-eu-refuerzan-demanda-trump-daca\/#respond"]}]},{"@type":"WebPage","@id":"https:\/\/www.sonoraenequipo.com.mx\/procuradores-eu-refuerzan-demanda-trump-daca\/","url":"https:\/\/www.sonoraenequipo.com.mx\/procuradores-eu-refuerzan-demanda-trump-daca\/","name":"Sonora en Equipo. Procuradores de EU refuerzan demanda contra Trump por el DACA Destacadas","isPartOf":{"@id":"https:\/\/www.sonoraenequipo.com.mx\/#website"},"primaryImageOfPage":{"@id":"https:\/\/www.sonoraenequipo.com.mx\/procuradores-eu-refuerzan-demanda-trump-daca\/#primaryimage"},"image":{"@id":"https:\/\/www.sonoraenequipo.com.mx\/procuradores-eu-refuerzan-demanda-trump-daca\/#primaryimage"},"thumbnailUrl":"https:\/\/www.sonoraenequipo.com.mx\/storage\/2017\/10\/jeffsessions_opt.jpg","datePublished":"2017-10-05T18:00:13+00:00","dateModified":"2017-10-06T02:24:06+00:00","description":"CIUDAD DE M\u00c9XICO. MX. ARISTEGUI NOTICIAS. \u2014\u00a0 Una coalici\u00f3n de 16 procuradores generales, as\u00ed como el estado de Colorado, reforzaron la demanda ingresada En Sonora en Equipo publicamos toda la informaci\u00f3n de Sonora, M\u00e9xico y el Mundo de manera oportuna y busca que la libertad de expresi\u00f3n sea real. Visita nuestro medio informativo publicado desde Hermosillo, Sonora. %","breadcrumb":{"@id":"https:\/\/www.sonoraenequipo.com.mx\/procuradores-eu-refuerzan-demanda-trump-daca\/#breadcrumb"},"inLanguage":"es","potentialAction":[{"@type":"ReadAction","target":["https:\/\/www.sonoraenequipo.com.mx\/procuradores-eu-refuerzan-demanda-trump-daca\/"]}]},{"@type":"ImageObject","inLanguage":"es","@id":"https:\/\/www.sonoraenequipo.com.mx\/procuradores-eu-refuerzan-demanda-trump-daca\/#primaryimage","url":"https:\/\/www.sonoraenequipo.com.mx\/storage\/2017\/10\/jeffsessions_opt.jpg","contentUrl":"https:\/\/www.sonoraenequipo.com.mx\/storage\/2017\/10\/jeffsessions_opt.jpg","width":750,"height":500},{"@type":"BreadcrumbList","@id":"https:\/\/www.sonoraenequipo.com.mx\/procuradores-eu-refuerzan-demanda-trump-daca\/#breadcrumb","itemListElement":[{"@type":"ListItem","position":1,"name":"Portada","item":"https:\/\/www.sonoraenequipo.com.mx\/"},{"@type":"ListItem","position":2,"name":"Procuradores de EU refuerzan demanda contra Trump por el DACA"}]},{"@type":"WebSite","@id":"https:\/\/www.sonoraenequipo.com.mx\/#website","url":"https:\/\/www.sonoraenequipo.com.mx\/","name":"Sonora en Equipo.","description":"Diario en l\u00ednea con Noticias desde Hermosillo, Sonora","publisher":{"@id":"https:\/\/www.sonoraenequipo.com.mx\/#organization"},"potentialAction":[{"@type":"SearchAction","target":{"@type":"EntryPoint","urlTemplate":"https:\/\/www.sonoraenequipo.com.mx\/?s={search_term_string}"},"query-input":{"@type":"PropertyValueSpecification","valueRequired":true,"valueName":"search_term_string"}}],"inLanguage":"es"},{"@type":"Organization","@id":"https:\/\/www.sonoraenequipo.com.mx\/#organization","name":"Sonoraenequipo.com.mx","url":"https:\/\/www.sonoraenequipo.com.mx\/","logo":{"@type":"ImageObject","inLanguage":"es","@id":"https:\/\/www.sonoraenequipo.com.mx\/#\/schema\/logo\/image\/","url":"https:\/\/www.sonoraenequipo.com.mx\/storage\/2019\/01\/sonoraenequipo_opt.png","contentUrl":"https:\/\/www.sonoraenequipo.com.mx\/storage\/2019\/01\/sonoraenequipo_opt.png","width":375,"height":125,"caption":"Sonoraenequipo.com.mx"},"image":{"@id":"https:\/\/www.sonoraenequipo.com.mx\/#\/schema\/logo\/image\/"},"sameAs":["https:\/\/www.facebook.com\/SonoraEE\/","https:\/\/x.com\/sonoraenequipo","https:\/\/www.youtube.com\/channel\/UC338nW-lPEYmJQs4ZABQ1SQ"]},{"@type":"Person","@id":"https:\/\/www.sonoraenequipo.com.mx\/#\/schema\/person\/50102df0fb23a8fa9e8effad8fa81386","name":"enequipo","image":{"@type":"ImageObject","inLanguage":"es","@id":"https:\/\/www.sonoraenequipo.com.mx\/#\/schema\/person\/image\/","url":"https:\/\/secure.gravatar.com\/avatar\/049821681b589dabc0bc20695993ccebb09f5b5d4d790cd9251b97faac7c652b?s=96&d=blank&r=g","contentUrl":"https:\/\/secure.gravatar.com\/avatar\/049821681b589dabc0bc20695993ccebb09f5b5d4d790cd9251b97faac7c652b?s=96&d=blank&r=g","caption":"enequipo"},"sameAs":["https:\/\/www.facebook.com\/SonoraEE"]}]}},"jetpack_featured_media_url":"https:\/\/www.sonoraenequipo.com.mx\/storage\/2017\/10\/jeffsessions_opt.jpg","_links":{"self":[{"href":"https:\/\/www.sonoraenequipo.com.mx\/api\/wp\/v2\/posts\/26997","targetHints":{"allow":["GET"]}}],"collection":[{"href":"https:\/\/www.sonoraenequipo.com.mx\/api\/wp\/v2\/posts"}],"about":[{"href":"https:\/\/www.sonoraenequipo.com.mx\/api\/wp\/v2\/types\/post"}],"author":[{"embeddable":true,"href":"https:\/\/www.sonoraenequipo.com.mx\/api\/wp\/v2\/users\/1"}],"replies":[{"embeddable":true,"href":"https:\/\/www.sonoraenequipo.com.mx\/api\/wp\/v2\/comments?post=26997"}],"version-history":[{"count":0,"href":"https:\/\/www.sonoraenequipo.com.mx\/api\/wp\/v2\/posts\/26997\/revisions"}],"wp:featuredmedia":[{"embeddable":true,"href":"https:\/\/www.sonoraenequipo.com.mx\/api\/wp\/v2\/media\/26998"}],"wp:attachment":[{"href":"https:\/\/www.sonoraenequipo.com.mx\/api\/wp\/v2\/media?parent=26997"}],"wp:term":[{"taxonomy":"category","embeddable":true,"href":"https:\/\/www.sonoraenequipo.com.mx\/api\/wp\/v2\/categories?post=26997"},{"taxonomy":"post_tag","embeddable":true,"href":"https:\/\/www.sonoraenequipo.com.mx\/api\/wp\/v2\/tags?post=26997"}],"curies":[{"name":"wp","href":"https:\/\/api.w.org\/{rel}","templated":true}]}}