{"id":27000,"date":"2017-10-05T13:30:41","date_gmt":"2017-10-05T20:30:41","guid":{"rendered":"http:\/\/www.sonoraenequipo.com.mx\/?p=27000"},"modified":"2017-10-05T19:29:20","modified_gmt":"2017-10-06T02:29:20","slug":"asciende-15-mil-cifra-escuelas-afectadas-sismos","status":"publish","type":"post","link":"https:\/\/www.sonoraenequipo.com.mx\/asciende-15-mil-cifra-escuelas-afectadas-sismos\/","title":{"rendered":"Asciende a 15 mil cifra de escuelas afectadas por sismos"},"content":{"rendered":"<p>TLAXCALA, TLAXCALA. MX.\u2014 El secretario de Educaci\u00f3n P\u00fablica (SEP), Aurelio Nu\u00f1o Mayer, dijo que de acuerdo al \u00faltimo ajuste de cifras, ascendieron a 15 mil las escuelas con alg\u00fan tipo de afectaci\u00f3n en los estados afectados por los sismos, 10 mil con da\u00f1os menores.<\/p>\n<p> <\/p>\n<p>Durante un recorrido por escuelas de Tlaxcala, se a\u00f1adi\u00f3 en un comunicado, anunci\u00f3, adem\u00e1s, una inversi\u00f3n de m\u00e1s de 300 millones para rehabilitar mil cuatro planteles educativos en el estado.<\/p>\n<p>Nu\u00f1o Mayer explic\u00f3 que a trav\u00e9s del programa Escuelas al CIEN se tiene garantizada la totalidad de 250 millones de pesos para atender las afectaciones a las escuelas, as\u00ed como otros 58 millones de pesos del Fondo de Desastres Naturales (Fonden) para construir aulas provisionales, demoler bardas y retirar escombros.<\/p>\n<p>Inform\u00f3 que la semana pr\u00f3xima se transferir\u00e1n poco m\u00e1s de 100 millones de pesos para los trabajos, as\u00ed como los fondos de Fonden. Aurelio Nu\u00f1o Mayer se reuni\u00f3 con las comunidades escolares de la Escuela Secundaria Ignacio Ram\u00edrez, de Santa Justina Ecatepec, y del CBTIS 211, de San Jorge Tezoquipan, a las que coment\u00f3 que el regreso a clases despu\u00e9s del sismo ha sido paulatino, para que personal calificado revise las condiciones estructurales de las escuelas, a fin de dar seguridad a ni\u00f1os y maestros, as\u00ed como tranquilidad a los padres de familia.<\/p>\n<p>En al recorrido, el gobernador le inform\u00f3 que de las mil cuatro escuelas afectadas 266 tienen da\u00f1os considerables, y cuatro requerir\u00e1n reconstrucci\u00f3n.<\/p>\n<p>Adem\u00e1s abund\u00f3, se avanza en la apertura de planteles en los que se regresa a clases, y explic\u00f3 que en los planteles que requieren rehabilitaci\u00f3n, los alumnos ser\u00e1n reubicados en otros planteles o en aulas provisionales.<\/p>\n<p>Colegio Enrique R\u00e9bsamen En cuanto al Colegio Enrique R\u00e9bsamen de la Ciudad de M\u00e9xico, explic\u00f3 que se le suspendieron los permisos porque est\u00e1 sujeto a una investigaci\u00f3n,\u00a0 e indic\u00f3 que el plantel contaba con los papeles para su operaci\u00f3n.<\/p>\n<p>Se\u00f1al\u00f3 que las autoridades competentes deben supervisar que las escuelas tengan sus permisos de seguridad estructural, protecci\u00f3n civil y uso del suelo. Destac\u00f3 la uni\u00f3n de los mexicanos para enfrentar los retos, y expres\u00f3 que M\u00e9xico est\u00e1 de pie, y que se avanza en la reconstrucci\u00f3n de las escuelas.<\/p>\n<p>Y reconoci\u00f3 a los maestros por su cuidado a los ni\u00f1os durante el sismo, y por haber operado la evacuaci\u00f3n de las escuelas.<\/p>\n<p>&nbsp;<\/p>\n<p>&nbsp;<\/p>\n<p>(Fecha de publicaci\u00f3n 05102017 Con informaci\u00f3n de Quadrat\u00edn)<\/p>\n","protected":false},"excerpt":{"rendered":"<p>TLAXCALA, TLAXCALA. MX.\u2014 El secretario de Educaci\u00f3n P\u00fablica (SEP), Aurelio Nu\u00f1o Mayer, dijo que de&#8230;<\/p>\n","protected":false},"author":1,"featured_media":27001,"comment_status":"open","ping_status":"open","sticky":false,"template":"","format":"standard","meta":{"_monsterinsights_skip_tracking":false,"_monsterinsights_sitenote_active":false,"_monsterinsights_sitenote_note":"","_monsterinsights_sitenote_category":0,"footnotes":""},"categories":[5,1],"tags":[],"class_list":["post"],"yoast_head":" \n<title>Sonora en Equipo. Asciende a 15 mil cifra de escuelas afectadas por sismos Rep\u00fablica<\/title>\n<meta name=\"description\" content=\"TLAXCALA, TLAXCALA. MX.\u2014 El secretario de Educaci\u00f3n P\u00fablica (SEP), Aurelio Nu\u00f1o Mayer, dijo que de acuerdo al \u00faltimo ajuste de cifras, ascendieron a 15 En Sonora en Equipo publicamos toda la informaci\u00f3n de Sonora, M\u00e9xico y el Mundo de manera oportuna y busca que la libertad de expresi\u00f3n sea real. Visita nuestro medio informativo publicado desde Hermosillo, Sonora. %\" \/>\n<meta name=\"robots\" content=\"index, follow, max-snippet:-1, max-image-preview:large, max-video-preview:-1\" \/>\n<link rel=\"canonical\" href=\"https:\/\/www.sonoraenequipo.com.mx\/asciende-15-mil-cifra-escuelas-afectadas-sismos\/\" \/>\n<meta property=\"og:locale\" content=\"es_ES\" \/>\n<meta property=\"og:type\" content=\"article\" \/>\n<meta property=\"og:title\" content=\"Sonora en Equipo. Asciende a 15 mil cifra de escuelas afectadas por sismos Rep\u00fablica\" \/>\n<meta property=\"og:description\" content=\"TLAXCALA, TLAXCALA. MX.\u2014 El secretario de Educaci\u00f3n P\u00fablica (SEP), Aurelio Nu\u00f1o Mayer, dijo que de acuerdo al \u00faltimo ajuste de cifras, ascendieron a 15 En Sonora en Equipo publicamos toda la informaci\u00f3n de Sonora, M\u00e9xico y el Mundo de manera oportuna y busca que la libertad de expresi\u00f3n sea real. Visita nuestro medio informativo publicado desde Hermosillo, Sonora. %\" \/>\n<meta property=\"og:url\" content=\"https:\/\/www.sonoraenequipo.com.mx\/asciende-15-mil-cifra-escuelas-afectadas-sismos\/\" \/>\n<meta property=\"og:site_name\" content=\"Sonora en Equipo.\" \/>\n<meta property=\"article:publisher\" content=\"https:\/\/www.facebook.com\/SonoraEE\/\" \/>\n<meta property=\"article:author\" content=\"https:\/\/www.facebook.com\/SonoraEE\" \/>\n<meta property=\"article:published_time\" content=\"2017-10-05T20:30:41+00:00\" \/>\n<meta property=\"article:modified_time\" content=\"2017-10-06T02:29:20+00:00\" \/>\n<meta property=\"og:image\" content=\"https:\/\/www.sonoraenequipo.com.mx\/storage\/2017\/10\/aurelio-oax_opt.jpg\" \/>\n\t<meta property=\"og:image:width\" content=\"783\" \/>\n\t<meta property=\"og:image:height\" content=\"430\" \/>\n\t<meta property=\"og:image:type\" content=\"image\/jpeg\" \/>\n<meta name=\"author\" content=\"enequipo\" \/>\n<meta name=\"twitter:card\" content=\"summary_large_image\" \/>\n<meta name=\"twitter:creator\" content=\"@sonoraenequipo\" \/>\n<meta name=\"twitter:site\" content=\"@sonoraenequipo\" \/>\n<meta name=\"twitter:label1\" content=\"Escrito por\" \/>\n\t<meta name=\"twitter:data1\" content=\"enequipo\" \/>\n\t<meta name=\"twitter:label2\" content=\"Tiempo de lectura\" \/>\n\t<meta name=\"twitter:data2\" content=\"2 minutos\" \/>\n<script type=\"application\/ld+json\" class=\"yoast-schema-graph\">{\"@context\":\"https:\/\/schema.org\",\"@graph\":[{\"@type\":\"Article\",\"@id\":\"https:\/\/www.sonoraenequipo.com.mx\/asciende-15-mil-cifra-escuelas-afectadas-sismos\/#article\",\"isPartOf\":{\"@id\":\"https:\/\/www.sonoraenequipo.com.mx\/asciende-15-mil-cifra-escuelas-afectadas-sismos\/\"},\"author\":{\"name\":\"enequipo\",\"@id\":\"https:\/\/www.sonoraenequipo.com.mx\/#\/schema\/person\/50102df0fb23a8fa9e8effad8fa81386\"},\"headline\":\"Asciende a 15 mil cifra de escuelas afectadas por sismos\",\"datePublished\":\"2017-10-05T20:30:41+00:00\",\"dateModified\":\"2017-10-06T02:29:20+00:00\",\"mainEntityOfPage\":{\"@id\":\"https:\/\/www.sonoraenequipo.com.mx\/asciende-15-mil-cifra-escuelas-afectadas-sismos\/\"},\"wordCount\":436,\"commentCount\":0,\"publisher\":{\"@id\":\"https:\/\/www.sonoraenequipo.com.mx\/#organization\"},\"image\":{\"@id\":\"https:\/\/www.sonoraenequipo.com.mx\/asciende-15-mil-cifra-escuelas-afectadas-sismos\/#primaryimage\"},\"thumbnailUrl\":\"https:\/\/www.sonoraenequipo.com.mx\/storage\/2017\/10\/aurelio-oax_opt.jpg\",\"articleSection\":[\"Rep\u00fablica\",\"Sin categorizar\"],\"inLanguage\":\"es\",\"potentialAction\":[{\"@type\":\"CommentAction\",\"name\":\"Comment\",\"target\":[\"https:\/\/www.sonoraenequipo.com.mx\/asciende-15-mil-cifra-escuelas-afectadas-sismos\/#respond\"]}]},{\"@type\":\"WebPage\",\"@id\":\"https:\/\/www.sonoraenequipo.com.mx\/asciende-15-mil-cifra-escuelas-afectadas-sismos\/\",\"url\":\"https:\/\/www.sonoraenequipo.com.mx\/asciende-15-mil-cifra-escuelas-afectadas-sismos\/\",\"name\":\"Sonora en Equipo. Asciende a 15 mil cifra de escuelas afectadas por sismos Rep\u00fablica\",\"isPartOf\":{\"@id\":\"https:\/\/www.sonoraenequipo.com.mx\/#website\"},\"primaryImageOfPage\":{\"@id\":\"https:\/\/www.sonoraenequipo.com.mx\/asciende-15-mil-cifra-escuelas-afectadas-sismos\/#primaryimage\"},\"image\":{\"@id\":\"https:\/\/www.sonoraenequipo.com.mx\/asciende-15-mil-cifra-escuelas-afectadas-sismos\/#primaryimage\"},\"thumbnailUrl\":\"https:\/\/www.sonoraenequipo.com.mx\/storage\/2017\/10\/aurelio-oax_opt.jpg\",\"datePublished\":\"2017-10-05T20:30:41+00:00\",\"dateModified\":\"2017-10-06T02:29:20+00:00\",\"description\":\"TLAXCALA, TLAXCALA. MX.\u2014 El secretario de Educaci\u00f3n P\u00fablica (SEP), Aurelio Nu\u00f1o Mayer, dijo que de acuerdo al \u00faltimo ajuste de cifras, ascendieron a 15 En Sonora en Equipo publicamos toda la informaci\u00f3n de Sonora, M\u00e9xico y el Mundo de manera oportuna y busca que la libertad de expresi\u00f3n sea real. Visita nuestro medio informativo publicado desde Hermosillo, Sonora. %\",\"breadcrumb\":{\"@id\":\"https:\/\/www.sonoraenequipo.com.mx\/asciende-15-mil-cifra-escuelas-afectadas-sismos\/#breadcrumb\"},\"inLanguage\":\"es\",\"potentialAction\":[{\"@type\":\"ReadAction\",\"target\":[\"https:\/\/www.sonoraenequipo.com.mx\/asciende-15-mil-cifra-escuelas-afectadas-sismos\/\"]}]},{\"@type\":\"ImageObject\",\"inLanguage\":\"es\",\"@id\":\"https:\/\/www.sonoraenequipo.com.mx\/asciende-15-mil-cifra-escuelas-afectadas-sismos\/#primaryimage\",\"url\":\"https:\/\/www.sonoraenequipo.com.mx\/storage\/2017\/10\/aurelio-oax_opt.jpg\",\"contentUrl\":\"https:\/\/www.sonoraenequipo.com.mx\/storage\/2017\/10\/aurelio-oax_opt.jpg\",\"width\":783,\"height\":430},{\"@type\":\"BreadcrumbList\",\"@id\":\"https:\/\/www.sonoraenequipo.com.mx\/asciende-15-mil-cifra-escuelas-afectadas-sismos\/#breadcrumb\",\"itemListElement\":[{\"@type\":\"ListItem\",\"position\":1,\"name\":\"Portada\",\"item\":\"https:\/\/www.sonoraenequipo.com.mx\/\"},{\"@type\":\"ListItem\",\"position\":2,\"name\":\"Asciende a 15 mil cifra de escuelas afectadas por sismos\"}]},{\"@type\":\"WebSite\",\"@id\":\"https:\/\/www.sonoraenequipo.com.mx\/#website\",\"url\":\"https:\/\/www.sonoraenequipo.com.mx\/\",\"name\":\"Sonora en Equipo.\",\"description\":\"Diario en l\u00ednea con Noticias desde Hermosillo, Sonora\",\"publisher\":{\"@id\":\"https:\/\/www.sonoraenequipo.com.mx\/#organization\"},\"potentialAction\":[{\"@type\":\"SearchAction\",\"target\":{\"@type\":\"EntryPoint\",\"urlTemplate\":\"https:\/\/www.sonoraenequipo.com.mx\/?s={search_term_string}\"},\"query-input\":{\"@type\":\"PropertyValueSpecification\",\"valueRequired\":true,\"valueName\":\"search_term_string\"}}],\"inLanguage\":\"es\"},{\"@type\":\"Organization\",\"@id\":\"https:\/\/www.sonoraenequipo.com.mx\/#organization\",\"name\":\"Sonoraenequipo.com.mx\",\"url\":\"https:\/\/www.sonoraenequipo.com.mx\/\",\"logo\":{\"@type\":\"ImageObject\",\"inLanguage\":\"es\",\"@id\":\"https:\/\/www.sonoraenequipo.com.mx\/#\/schema\/logo\/image\/\",\"url\":\"https:\/\/www.sonoraenequipo.com.mx\/storage\/2019\/01\/sonoraenequipo_opt.png\",\"contentUrl\":\"https:\/\/www.sonoraenequipo.com.mx\/storage\/2019\/01\/sonoraenequipo_opt.png\",\"width\":375,\"height\":125,\"caption\":\"Sonoraenequipo.com.mx\"},\"image\":{\"@id\":\"https:\/\/www.sonoraenequipo.com.mx\/#\/schema\/logo\/image\/\"},\"sameAs\":[\"https:\/\/www.facebook.com\/SonoraEE\/\",\"https:\/\/x.com\/sonoraenequipo\",\"https:\/\/www.youtube.com\/channel\/UC338nW-lPEYmJQs4ZABQ1SQ\"]},{\"@type\":\"Person\",\"@id\":\"https:\/\/www.sonoraenequipo.com.mx\/#\/schema\/person\/50102df0fb23a8fa9e8effad8fa81386\",\"name\":\"enequipo\",\"image\":{\"@type\":\"ImageObject\",\"inLanguage\":\"es\",\"@id\":\"https:\/\/www.sonoraenequipo.com.mx\/#\/schema\/person\/image\/\",\"url\":\"https:\/\/secure.gravatar.com\/avatar\/049821681b589dabc0bc20695993ccebb09f5b5d4d790cd9251b97faac7c652b?s=96&d=blank&r=g\",\"contentUrl\":\"https:\/\/secure.gravatar.com\/avatar\/049821681b589dabc0bc20695993ccebb09f5b5d4d790cd9251b97faac7c652b?s=96&d=blank&r=g\",\"caption\":\"enequipo\"},\"sameAs\":[\"https:\/\/www.facebook.com\/SonoraEE\"]}]}<\/script>\n ","yoast_head_json":{"title":"Sonora en Equipo. Asciende a 15 mil cifra de escuelas afectadas por sismos Rep\u00fablica","description":"TLAXCALA, TLAXCALA. MX.\u2014 El secretario de Educaci\u00f3n P\u00fablica (SEP), Aurelio Nu\u00f1o Mayer, dijo que de acuerdo al \u00faltimo ajuste de cifras, ascendieron a 15 En Sonora en Equipo publicamos toda la informaci\u00f3n de Sonora, M\u00e9xico y el Mundo de manera oportuna y busca que la libertad de expresi\u00f3n sea real. Visita nuestro medio informativo publicado desde Hermosillo, Sonora. %","robots":{"index":"index","follow":"follow","max-snippet":"max-snippet:-1","max-image-preview":"max-image-preview:large","max-video-preview":"max-video-preview:-1"},"canonical":"https:\/\/www.sonoraenequipo.com.mx\/asciende-15-mil-cifra-escuelas-afectadas-sismos\/","og_locale":"es_ES","og_type":"article","og_title":"Sonora en Equipo. Asciende a 15 mil cifra de escuelas afectadas por sismos Rep\u00fablica","og_description":"TLAXCALA, TLAXCALA. MX.\u2014 El secretario de Educaci\u00f3n P\u00fablica (SEP), Aurelio Nu\u00f1o Mayer, dijo que de acuerdo al \u00faltimo ajuste de cifras, ascendieron a 15 En Sonora en Equipo publicamos toda la informaci\u00f3n de Sonora, M\u00e9xico y el Mundo de manera oportuna y busca que la libertad de expresi\u00f3n sea real. Visita nuestro medio informativo publicado desde Hermosillo, Sonora. %","og_url":"https:\/\/www.sonoraenequipo.com.mx\/asciende-15-mil-cifra-escuelas-afectadas-sismos\/","og_site_name":"Sonora en Equipo.","article_publisher":"https:\/\/www.facebook.com\/SonoraEE\/","article_author":"https:\/\/www.facebook.com\/SonoraEE","article_published_time":"2017-10-05T20:30:41+00:00","article_modified_time":"2017-10-06T02:29:20+00:00","og_image":[{"width":783,"height":430,"url":"https:\/\/www.sonoraenequipo.com.mx\/storage\/2017\/10\/aurelio-oax_opt.jpg","type":"image\/jpeg"}],"author":"enequipo","twitter_card":"summary_large_image","twitter_creator":"@sonoraenequipo","twitter_site":"@sonoraenequipo","twitter_misc":{"Escrito por":"enequipo","Tiempo de lectura":"2 minutos"},"schema":{"@context":"https:\/\/schema.org","@graph":[{"@type":"Article","@id":"https:\/\/www.sonoraenequipo.com.mx\/asciende-15-mil-cifra-escuelas-afectadas-sismos\/#article","isPartOf":{"@id":"https:\/\/www.sonoraenequipo.com.mx\/asciende-15-mil-cifra-escuelas-afectadas-sismos\/"},"author":{"name":"enequipo","@id":"https:\/\/www.sonoraenequipo.com.mx\/#\/schema\/person\/50102df0fb23a8fa9e8effad8fa81386"},"headline":"Asciende a 15 mil cifra de escuelas afectadas por sismos","datePublished":"2017-10-05T20:30:41+00:00","dateModified":"2017-10-06T02:29:20+00:00","mainEntityOfPage":{"@id":"https:\/\/www.sonoraenequipo.com.mx\/asciende-15-mil-cifra-escuelas-afectadas-sismos\/"},"wordCount":436,"commentCount":0,"publisher":{"@id":"https:\/\/www.sonoraenequipo.com.mx\/#organization"},"image":{"@id":"https:\/\/www.sonoraenequipo.com.mx\/asciende-15-mil-cifra-escuelas-afectadas-sismos\/#primaryimage"},"thumbnailUrl":"https:\/\/www.sonoraenequipo.com.mx\/storage\/2017\/10\/aurelio-oax_opt.jpg","articleSection":["Rep\u00fablica","Sin categorizar"],"inLanguage":"es","potentialAction":[{"@type":"CommentAction","name":"Comment","target":["https:\/\/www.sonoraenequipo.com.mx\/asciende-15-mil-cifra-escuelas-afectadas-sismos\/#respond"]}]},{"@type":"WebPage","@id":"https:\/\/www.sonoraenequipo.com.mx\/asciende-15-mil-cifra-escuelas-afectadas-sismos\/","url":"https:\/\/www.sonoraenequipo.com.mx\/asciende-15-mil-cifra-escuelas-afectadas-sismos\/","name":"Sonora en Equipo. Asciende a 15 mil cifra de escuelas afectadas por sismos Rep\u00fablica","isPartOf":{"@id":"https:\/\/www.sonoraenequipo.com.mx\/#website"},"primaryImageOfPage":{"@id":"https:\/\/www.sonoraenequipo.com.mx\/asciende-15-mil-cifra-escuelas-afectadas-sismos\/#primaryimage"},"image":{"@id":"https:\/\/www.sonoraenequipo.com.mx\/asciende-15-mil-cifra-escuelas-afectadas-sismos\/#primaryimage"},"thumbnailUrl":"https:\/\/www.sonoraenequipo.com.mx\/storage\/2017\/10\/aurelio-oax_opt.jpg","datePublished":"2017-10-05T20:30:41+00:00","dateModified":"2017-10-06T02:29:20+00:00","description":"TLAXCALA, TLAXCALA. MX.\u2014 El secretario de Educaci\u00f3n P\u00fablica (SEP), Aurelio Nu\u00f1o Mayer, dijo que de acuerdo al \u00faltimo ajuste de cifras, ascendieron a 15 En Sonora en Equipo publicamos toda la informaci\u00f3n de Sonora, M\u00e9xico y el Mundo de manera oportuna y busca que la libertad de expresi\u00f3n sea real. Visita nuestro medio informativo publicado desde Hermosillo, Sonora. %","breadcrumb":{"@id":"https:\/\/www.sonoraenequipo.com.mx\/asciende-15-mil-cifra-escuelas-afectadas-sismos\/#breadcrumb"},"inLanguage":"es","potentialAction":[{"@type":"ReadAction","target":["https:\/\/www.sonoraenequipo.com.mx\/asciende-15-mil-cifra-escuelas-afectadas-sismos\/"]}]},{"@type":"ImageObject","inLanguage":"es","@id":"https:\/\/www.sonoraenequipo.com.mx\/asciende-15-mil-cifra-escuelas-afectadas-sismos\/#primaryimage","url":"https:\/\/www.sonoraenequipo.com.mx\/storage\/2017\/10\/aurelio-oax_opt.jpg","contentUrl":"https:\/\/www.sonoraenequipo.com.mx\/storage\/2017\/10\/aurelio-oax_opt.jpg","width":783,"height":430},{"@type":"BreadcrumbList","@id":"https:\/\/www.sonoraenequipo.com.mx\/asciende-15-mil-cifra-escuelas-afectadas-sismos\/#breadcrumb","itemListElement":[{"@type":"ListItem","position":1,"name":"Portada","item":"https:\/\/www.sonoraenequipo.com.mx\/"},{"@type":"ListItem","position":2,"name":"Asciende a 15 mil cifra de escuelas afectadas por sismos"}]},{"@type":"WebSite","@id":"https:\/\/www.sonoraenequipo.com.mx\/#website","url":"https:\/\/www.sonoraenequipo.com.mx\/","name":"Sonora en Equipo.","description":"Diario en l\u00ednea con Noticias desde Hermosillo, Sonora","publisher":{"@id":"https:\/\/www.sonoraenequipo.com.mx\/#organization"},"potentialAction":[{"@type":"SearchAction","target":{"@type":"EntryPoint","urlTemplate":"https:\/\/www.sonoraenequipo.com.mx\/?s={search_term_string}"},"query-input":{"@type":"PropertyValueSpecification","valueRequired":true,"valueName":"search_term_string"}}],"inLanguage":"es"},{"@type":"Organization","@id":"https:\/\/www.sonoraenequipo.com.mx\/#organization","name":"Sonoraenequipo.com.mx","url":"https:\/\/www.sonoraenequipo.com.mx\/","logo":{"@type":"ImageObject","inLanguage":"es","@id":"https:\/\/www.sonoraenequipo.com.mx\/#\/schema\/logo\/image\/","url":"https:\/\/www.sonoraenequipo.com.mx\/storage\/2019\/01\/sonoraenequipo_opt.png","contentUrl":"https:\/\/www.sonoraenequipo.com.mx\/storage\/2019\/01\/sonoraenequipo_opt.png","width":375,"height":125,"caption":"Sonoraenequipo.com.mx"},"image":{"@id":"https:\/\/www.sonoraenequipo.com.mx\/#\/schema\/logo\/image\/"},"sameAs":["https:\/\/www.facebook.com\/SonoraEE\/","https:\/\/x.com\/sonoraenequipo","https:\/\/www.youtube.com\/channel\/UC338nW-lPEYmJQs4ZABQ1SQ"]},{"@type":"Person","@id":"https:\/\/www.sonoraenequipo.com.mx\/#\/schema\/person\/50102df0fb23a8fa9e8effad8fa81386","name":"enequipo","image":{"@type":"ImageObject","inLanguage":"es","@id":"https:\/\/www.sonoraenequipo.com.mx\/#\/schema\/person\/image\/","url":"https:\/\/secure.gravatar.com\/avatar\/049821681b589dabc0bc20695993ccebb09f5b5d4d790cd9251b97faac7c652b?s=96&d=blank&r=g","contentUrl":"https:\/\/secure.gravatar.com\/avatar\/049821681b589dabc0bc20695993ccebb09f5b5d4d790cd9251b97faac7c652b?s=96&d=blank&r=g","caption":"enequipo"},"sameAs":["https:\/\/www.facebook.com\/SonoraEE"]}]}},"jetpack_featured_media_url":"https:\/\/www.sonoraenequipo.com.mx\/storage\/2017\/10\/aurelio-oax_opt.jpg","_links":{"self":[{"href":"https:\/\/www.sonoraenequipo.com.mx\/api\/wp\/v2\/posts\/27000","targetHints":{"allow":["GET"]}}],"collection":[{"href":"https:\/\/www.sonoraenequipo.com.mx\/api\/wp\/v2\/posts"}],"about":[{"href":"https:\/\/www.sonoraenequipo.com.mx\/api\/wp\/v2\/types\/post"}],"author":[{"embeddable":true,"href":"https:\/\/www.sonoraenequipo.com.mx\/api\/wp\/v2\/users\/1"}],"replies":[{"embeddable":true,"href":"https:\/\/www.sonoraenequipo.com.mx\/api\/wp\/v2\/comments?post=27000"}],"version-history":[{"count":0,"href":"https:\/\/www.sonoraenequipo.com.mx\/api\/wp\/v2\/posts\/27000\/revisions"}],"wp:featuredmedia":[{"embeddable":true,"href":"https:\/\/www.sonoraenequipo.com.mx\/api\/wp\/v2\/media\/27001"}],"wp:attachment":[{"href":"https:\/\/www.sonoraenequipo.com.mx\/api\/wp\/v2\/media?parent=27000"}],"wp:term":[{"taxonomy":"category","embeddable":true,"href":"https:\/\/www.sonoraenequipo.com.mx\/api\/wp\/v2\/categories?post=27000"},{"taxonomy":"post_tag","embeddable":true,"href":"https:\/\/www.sonoraenequipo.com.mx\/api\/wp\/v2\/tags?post=27000"}],"curies":[{"name":"wp","href":"https:\/\/api.w.org\/{rel}","templated":true}]}}