{"id":27003,"date":"2017-10-05T14:00:52","date_gmt":"2017-10-05T21:00:52","guid":{"rendered":"http:\/\/www.sonoraenequipo.com.mx\/?p=27003"},"modified":"2017-10-05T19:35:42","modified_gmt":"2017-10-06T02:35:42","slug":"margarita-zavala-renunciara-al-pan-sera-independiente","status":"publish","type":"post","link":"https:\/\/www.sonoraenequipo.com.mx\/margarita-zavala-renunciara-al-pan-sera-independiente\/","title":{"rendered":"Margarita Zavala renunciar\u00e1 al PAN, ser\u00e1 independiente"},"content":{"rendered":"<p>CIUDAD DE M\u00c9XICO. MX.\u2014 Margarita Zavala y su equipo de trabajo decidieron anoche renunciar al Partido Acci\u00f3n Nacional (PAN) con la finalidad de participar en la contienda electoral a la Presidencia de la Rep\u00fablica en el 2018, como candidata independiente.<\/p>\n<p> <\/p>\n<p>De acuerdo con informaci\u00f3n confirmada al equipo de Ciro G\u00f3mez Leyva, la esposa del expresidente Felipe Calder\u00f3n presentar\u00e1 su renuncia en las pr\u00f3ximas 36 horas y ha decidido, junto con su equipo de trabajo abandonar su militancia toda vez que no encuentra condiciones para alcanzar la candidatura del PAN.<\/p>\n<p>Zavala G\u00f3mez del Campo decidi\u00f3 no ofrecer entrevistas, en tanto hace el anuncio p\u00fablico de su renuncia.<\/p>\n<p>Esta decisi\u00f3n fue tomada anoche por Margarita Zavala y su equipo ya que el domingo es la fecha l\u00edmite para que concluya el registro de las candidaturas independientes ante el Instituto Nacional Electoral (INE).<\/p>\n<p>Cabe mencionar que de acuerdo con encuestas publicadas por diversos medios de comunicaci\u00f3n y agencias especializadas, la aspirante presidencial es la mejor posicionada por el PAN para contender por la Presidencia del pa\u00eds, sin embargo no contaba con el respaldo de la dirigencia panista, e incluso mantuvo una disputa abierta contra el dirigente nacional del albiazul, Ricardo Anaya.<\/p>\n<p>Hace unos d\u00edas, en entrevista con Ciro G\u00f3mez Leyva, declar\u00f3 que evaluar\u00eda todas las alternativas posibles para poder contender por la Presidencia de la Rep\u00fablica, y no cerr\u00f3 la puerta a una posible candidatura independiente.<\/p>\n<p><em>\u00abTodos los caminos se valoran y yo lo valoro seriamente, pero para eso son los casos y, de cualquier manera, estoy haciendo todo lo posible para hablar con la dirigencia nacional y llegar a los mejores acuerdos\u00bb<\/em>, dijo.<\/p>\n<p>Adem\u00e1s, el fin de semana pasado, se pronunci\u00f3 junto con Rafael Moreno Valle y Silvano Aureoles en favor de abrir la elecci\u00f3n del candidato del Frente Ciudadano por M\u00e9xico, tras considerar que el m\u00e9todo debe responder a una condici\u00f3n elemental democr\u00e1tica.<\/p>\n<p>Hasta las 10:00 horas de este d\u00eda, la aspirante presidencial no hab\u00eda declarado nada en redes sociales, as\u00ed como presidente del PAN Ricardo Anaya, ni el expresidente Felipe Calder\u00f3n.<\/p>\n<p><strong>TRAYECTORIA<\/strong><\/p>\n<p>Zavala G\u00f3mez del Campo es abogada por la Escuela Libre de Derecho, militante del Partido Acci\u00f3n Nacional, integrante de la Comisi\u00f3n Permanente de este partido y consejera nacional desde 1991.<\/p>\n<p>Ha sido, directora Jur\u00eddica y Secretaria de Promoci\u00f3n Pol\u00edtica de la Mujer. Fue Diputada Local del Distrito Federal y Diputada Federal de la LIX Legislatura (2003-2006).<\/p>\n<p>Es maestra de derecho a nivel preparatoria. Promotora y defensora de la equidad de g\u00e9nero, e impulsora de la creaci\u00f3n del Instituto Nacional de las Mujeres (Inmujeres).<\/p>\n<p>Durante el gobierno del presidente Felipe Calder\u00f3n (2006-2012) presidi\u00f3 el Consejo Ciudadano Consultivo del DIF Nacional, desde donde trabaj\u00f3 en la prevenci\u00f3n de adicciones, a trav\u00e9s de la Estrategia Nacional para una Nueva Vida, as\u00ed como en el tema de migraci\u00f3n, particularmente de ni\u00f1as, ni\u00f1os y adolescentes no acompa\u00f1ados, haciendo \u00e9nfasis en la necesidad de tener una mayor coordinaci\u00f3n entre las distintas instancias nacionales e internacionales.<\/p>\n<p>Trabaj\u00f3 en la coordinaci\u00f3n de la Mesa Interinstitucional para la Atenci\u00f3n y Protecci\u00f3n de los Derechos de Ni\u00f1as, Ni\u00f1os y Adolescentes en Escenarios de Delincuencia Organizada.<\/p>\n<p>Al encabezar la Red Voluntaria del DIF, colabor\u00f3 en la atenci\u00f3n y apoyo a las zonas afectadas por desastres naturales. Recientemente realiz\u00f3 trabajos de investigaci\u00f3n sobre ni\u00f1os y adolescentes migrantes no acompa\u00f1ados, en la facultad de Derecho de la Universidad de Harvard. Articulista semanal en el peri\u00f3dico El Universal.<\/p>\n<p>Ha recibido diversos premios y reconocimientos como: la Medalla de Oro del Consejo de las Am\u00e9ricas en Nueva York. El Premio Clares a la responsabilidad social del 2012 en la categor\u00eda L\u00edder Social, otorgado por la Universidad An\u00e1huac; la medalla Benemeritus de la Cruz Roja Mexicana; el Premio ASICOM-Universidad de Oviedo otorgado por la Asociaci\u00f3n Iberoamericana de la Comunicaci\u00f3n; el Premio Pillars of Justice por su trabajo con ni\u00f1os migrantes; entre otros.<\/p>\n<p>(Fecha de publicaci\u00f3n 05102017 Con informaci\u00f3n de Manuel Feregrino)<\/p>\n","protected":false},"excerpt":{"rendered":"<p>CIUDAD DE M\u00c9XICO. MX.\u2014 Margarita Zavala y su equipo de trabajo decidieron anoche renunciar al&#8230;<\/p>\n","protected":false},"author":1,"featured_media":27004,"comment_status":"open","ping_status":"open","sticky":false,"template":"","format":"standard","meta":{"_monsterinsights_skip_tracking":false,"_monsterinsights_sitenote_active":false,"_monsterinsights_sitenote_note":"","_monsterinsights_sitenote_category":0,"footnotes":""},"categories":[13,5],"tags":[],"class_list":["post"],"yoast_head":" \n<title>Sonora en Equipo. Margarita Zavala renunciar\u00e1 al PAN, ser\u00e1 independiente Destacadas<\/title>\n<meta name=\"description\" content=\"CIUDAD DE M\u00c9XICO. MX.\u2014 Margarita Zavala y su equipo de trabajo decidieron anoche renunciar al Partido Acci\u00f3n Nacional (PAN) con la finalidad de participar En Sonora en Equipo publicamos toda la informaci\u00f3n de Sonora, M\u00e9xico y el Mundo de manera oportuna y busca que la libertad de expresi\u00f3n sea real. Visita nuestro medio informativo publicado desde Hermosillo, Sonora. %\" \/>\n<meta name=\"robots\" content=\"index, follow, max-snippet:-1, max-image-preview:large, max-video-preview:-1\" \/>\n<link rel=\"canonical\" href=\"https:\/\/www.sonoraenequipo.com.mx\/margarita-zavala-renunciara-al-pan-sera-independiente\/\" \/>\n<meta property=\"og:locale\" content=\"es_ES\" \/>\n<meta property=\"og:type\" content=\"article\" \/>\n<meta property=\"og:title\" content=\"Sonora en Equipo. Margarita Zavala renunciar\u00e1 al PAN, ser\u00e1 independiente Destacadas\" \/>\n<meta property=\"og:description\" content=\"CIUDAD DE M\u00c9XICO. MX.\u2014 Margarita Zavala y su equipo de trabajo decidieron anoche renunciar al Partido Acci\u00f3n Nacional (PAN) con la finalidad de participar En Sonora en Equipo publicamos toda la informaci\u00f3n de Sonora, M\u00e9xico y el Mundo de manera oportuna y busca que la libertad de expresi\u00f3n sea real. Visita nuestro medio informativo publicado desde Hermosillo, Sonora. %\" \/>\n<meta property=\"og:url\" content=\"https:\/\/www.sonoraenequipo.com.mx\/margarita-zavala-renunciara-al-pan-sera-independiente\/\" \/>\n<meta property=\"og:site_name\" content=\"Sonora en Equipo.\" \/>\n<meta property=\"article:publisher\" content=\"https:\/\/www.facebook.com\/SonoraEE\/\" \/>\n<meta property=\"article:author\" content=\"https:\/\/www.facebook.com\/SonoraEE\" \/>\n<meta property=\"article:published_time\" content=\"2017-10-05T21:00:52+00:00\" \/>\n<meta property=\"article:modified_time\" content=\"2017-10-06T02:35:42+00:00\" \/>\n<meta property=\"og:image\" content=\"https:\/\/www.sonoraenequipo.com.mx\/storage\/2017\/10\/margaritazavala_opt.jpg\" \/>\n\t<meta property=\"og:image:width\" content=\"745\" \/>\n\t<meta property=\"og:image:height\" content=\"413\" \/>\n\t<meta property=\"og:image:type\" content=\"image\/jpeg\" \/>\n<meta name=\"author\" content=\"enequipo\" \/>\n<meta name=\"twitter:card\" content=\"summary_large_image\" \/>\n<meta name=\"twitter:creator\" content=\"@sonoraenequipo\" \/>\n<meta name=\"twitter:site\" content=\"@sonoraenequipo\" \/>\n<meta name=\"twitter:label1\" content=\"Escrito por\" \/>\n\t<meta name=\"twitter:data1\" content=\"enequipo\" \/>\n\t<meta name=\"twitter:label2\" content=\"Tiempo de lectura\" \/>\n\t<meta name=\"twitter:data2\" content=\"4 minutos\" \/>\n<script type=\"application\/ld+json\" class=\"yoast-schema-graph\">{\"@context\":\"https:\/\/schema.org\",\"@graph\":[{\"@type\":\"Article\",\"@id\":\"https:\/\/www.sonoraenequipo.com.mx\/margarita-zavala-renunciara-al-pan-sera-independiente\/#article\",\"isPartOf\":{\"@id\":\"https:\/\/www.sonoraenequipo.com.mx\/margarita-zavala-renunciara-al-pan-sera-independiente\/\"},\"author\":{\"name\":\"enequipo\",\"@id\":\"https:\/\/www.sonoraenequipo.com.mx\/#\/schema\/person\/50102df0fb23a8fa9e8effad8fa81386\"},\"headline\":\"Margarita Zavala renunciar\u00e1 al PAN, ser\u00e1 independiente\",\"datePublished\":\"2017-10-05T21:00:52+00:00\",\"dateModified\":\"2017-10-06T02:35:42+00:00\",\"mainEntityOfPage\":{\"@id\":\"https:\/\/www.sonoraenequipo.com.mx\/margarita-zavala-renunciara-al-pan-sera-independiente\/\"},\"wordCount\":709,\"commentCount\":0,\"publisher\":{\"@id\":\"https:\/\/www.sonoraenequipo.com.mx\/#organization\"},\"image\":{\"@id\":\"https:\/\/www.sonoraenequipo.com.mx\/margarita-zavala-renunciara-al-pan-sera-independiente\/#primaryimage\"},\"thumbnailUrl\":\"https:\/\/www.sonoraenequipo.com.mx\/storage\/2017\/10\/margaritazavala_opt.jpg\",\"articleSection\":[\"Destacadas\",\"Rep\u00fablica\"],\"inLanguage\":\"es\",\"potentialAction\":[{\"@type\":\"CommentAction\",\"name\":\"Comment\",\"target\":[\"https:\/\/www.sonoraenequipo.com.mx\/margarita-zavala-renunciara-al-pan-sera-independiente\/#respond\"]}]},{\"@type\":\"WebPage\",\"@id\":\"https:\/\/www.sonoraenequipo.com.mx\/margarita-zavala-renunciara-al-pan-sera-independiente\/\",\"url\":\"https:\/\/www.sonoraenequipo.com.mx\/margarita-zavala-renunciara-al-pan-sera-independiente\/\",\"name\":\"Sonora en Equipo. Margarita Zavala renunciar\u00e1 al PAN, ser\u00e1 independiente Destacadas\",\"isPartOf\":{\"@id\":\"https:\/\/www.sonoraenequipo.com.mx\/#website\"},\"primaryImageOfPage\":{\"@id\":\"https:\/\/www.sonoraenequipo.com.mx\/margarita-zavala-renunciara-al-pan-sera-independiente\/#primaryimage\"},\"image\":{\"@id\":\"https:\/\/www.sonoraenequipo.com.mx\/margarita-zavala-renunciara-al-pan-sera-independiente\/#primaryimage\"},\"thumbnailUrl\":\"https:\/\/www.sonoraenequipo.com.mx\/storage\/2017\/10\/margaritazavala_opt.jpg\",\"datePublished\":\"2017-10-05T21:00:52+00:00\",\"dateModified\":\"2017-10-06T02:35:42+00:00\",\"description\":\"CIUDAD DE M\u00c9XICO. MX.\u2014 Margarita Zavala y su equipo de trabajo decidieron anoche renunciar al Partido Acci\u00f3n Nacional (PAN) con la finalidad de participar En Sonora en Equipo publicamos toda la informaci\u00f3n de Sonora, M\u00e9xico y el Mundo de manera oportuna y busca que la libertad de expresi\u00f3n sea real. Visita nuestro medio informativo publicado desde Hermosillo, Sonora. %\",\"breadcrumb\":{\"@id\":\"https:\/\/www.sonoraenequipo.com.mx\/margarita-zavala-renunciara-al-pan-sera-independiente\/#breadcrumb\"},\"inLanguage\":\"es\",\"potentialAction\":[{\"@type\":\"ReadAction\",\"target\":[\"https:\/\/www.sonoraenequipo.com.mx\/margarita-zavala-renunciara-al-pan-sera-independiente\/\"]}]},{\"@type\":\"ImageObject\",\"inLanguage\":\"es\",\"@id\":\"https:\/\/www.sonoraenequipo.com.mx\/margarita-zavala-renunciara-al-pan-sera-independiente\/#primaryimage\",\"url\":\"https:\/\/www.sonoraenequipo.com.mx\/storage\/2017\/10\/margaritazavala_opt.jpg\",\"contentUrl\":\"https:\/\/www.sonoraenequipo.com.mx\/storage\/2017\/10\/margaritazavala_opt.jpg\",\"width\":745,\"height\":413},{\"@type\":\"BreadcrumbList\",\"@id\":\"https:\/\/www.sonoraenequipo.com.mx\/margarita-zavala-renunciara-al-pan-sera-independiente\/#breadcrumb\",\"itemListElement\":[{\"@type\":\"ListItem\",\"position\":1,\"name\":\"Portada\",\"item\":\"https:\/\/www.sonoraenequipo.com.mx\/\"},{\"@type\":\"ListItem\",\"position\":2,\"name\":\"Margarita Zavala renunciar\u00e1 al PAN, ser\u00e1 independiente\"}]},{\"@type\":\"WebSite\",\"@id\":\"https:\/\/www.sonoraenequipo.com.mx\/#website\",\"url\":\"https:\/\/www.sonoraenequipo.com.mx\/\",\"name\":\"Sonora en Equipo.\",\"description\":\"Diario en l\u00ednea con Noticias desde Hermosillo, Sonora\",\"publisher\":{\"@id\":\"https:\/\/www.sonoraenequipo.com.mx\/#organization\"},\"potentialAction\":[{\"@type\":\"SearchAction\",\"target\":{\"@type\":\"EntryPoint\",\"urlTemplate\":\"https:\/\/www.sonoraenequipo.com.mx\/?s={search_term_string}\"},\"query-input\":{\"@type\":\"PropertyValueSpecification\",\"valueRequired\":true,\"valueName\":\"search_term_string\"}}],\"inLanguage\":\"es\"},{\"@type\":\"Organization\",\"@id\":\"https:\/\/www.sonoraenequipo.com.mx\/#organization\",\"name\":\"Sonoraenequipo.com.mx\",\"url\":\"https:\/\/www.sonoraenequipo.com.mx\/\",\"logo\":{\"@type\":\"ImageObject\",\"inLanguage\":\"es\",\"@id\":\"https:\/\/www.sonoraenequipo.com.mx\/#\/schema\/logo\/image\/\",\"url\":\"https:\/\/www.sonoraenequipo.com.mx\/storage\/2019\/01\/sonoraenequipo_opt.png\",\"contentUrl\":\"https:\/\/www.sonoraenequipo.com.mx\/storage\/2019\/01\/sonoraenequipo_opt.png\",\"width\":375,\"height\":125,\"caption\":\"Sonoraenequipo.com.mx\"},\"image\":{\"@id\":\"https:\/\/www.sonoraenequipo.com.mx\/#\/schema\/logo\/image\/\"},\"sameAs\":[\"https:\/\/www.facebook.com\/SonoraEE\/\",\"https:\/\/x.com\/sonoraenequipo\",\"https:\/\/www.youtube.com\/channel\/UC338nW-lPEYmJQs4ZABQ1SQ\"]},{\"@type\":\"Person\",\"@id\":\"https:\/\/www.sonoraenequipo.com.mx\/#\/schema\/person\/50102df0fb23a8fa9e8effad8fa81386\",\"name\":\"enequipo\",\"image\":{\"@type\":\"ImageObject\",\"inLanguage\":\"es\",\"@id\":\"https:\/\/www.sonoraenequipo.com.mx\/#\/schema\/person\/image\/\",\"url\":\"https:\/\/secure.gravatar.com\/avatar\/049821681b589dabc0bc20695993ccebb09f5b5d4d790cd9251b97faac7c652b?s=96&d=blank&r=g\",\"contentUrl\":\"https:\/\/secure.gravatar.com\/avatar\/049821681b589dabc0bc20695993ccebb09f5b5d4d790cd9251b97faac7c652b?s=96&d=blank&r=g\",\"caption\":\"enequipo\"},\"sameAs\":[\"https:\/\/www.facebook.com\/SonoraEE\"]}]}<\/script>\n ","yoast_head_json":{"title":"Sonora en Equipo. Margarita Zavala renunciar\u00e1 al PAN, ser\u00e1 independiente Destacadas","description":"CIUDAD DE M\u00c9XICO. MX.\u2014 Margarita Zavala y su equipo de trabajo decidieron anoche renunciar al Partido Acci\u00f3n Nacional (PAN) con la finalidad de participar En Sonora en Equipo publicamos toda la informaci\u00f3n de Sonora, M\u00e9xico y el Mundo de manera oportuna y busca que la libertad de expresi\u00f3n sea real. Visita nuestro medio informativo publicado desde Hermosillo, Sonora. %","robots":{"index":"index","follow":"follow","max-snippet":"max-snippet:-1","max-image-preview":"max-image-preview:large","max-video-preview":"max-video-preview:-1"},"canonical":"https:\/\/www.sonoraenequipo.com.mx\/margarita-zavala-renunciara-al-pan-sera-independiente\/","og_locale":"es_ES","og_type":"article","og_title":"Sonora en Equipo. Margarita Zavala renunciar\u00e1 al PAN, ser\u00e1 independiente Destacadas","og_description":"CIUDAD DE M\u00c9XICO. MX.\u2014 Margarita Zavala y su equipo de trabajo decidieron anoche renunciar al Partido Acci\u00f3n Nacional (PAN) con la finalidad de participar En Sonora en Equipo publicamos toda la informaci\u00f3n de Sonora, M\u00e9xico y el Mundo de manera oportuna y busca que la libertad de expresi\u00f3n sea real. Visita nuestro medio informativo publicado desde Hermosillo, Sonora. %","og_url":"https:\/\/www.sonoraenequipo.com.mx\/margarita-zavala-renunciara-al-pan-sera-independiente\/","og_site_name":"Sonora en Equipo.","article_publisher":"https:\/\/www.facebook.com\/SonoraEE\/","article_author":"https:\/\/www.facebook.com\/SonoraEE","article_published_time":"2017-10-05T21:00:52+00:00","article_modified_time":"2017-10-06T02:35:42+00:00","og_image":[{"width":745,"height":413,"url":"https:\/\/www.sonoraenequipo.com.mx\/storage\/2017\/10\/margaritazavala_opt.jpg","type":"image\/jpeg"}],"author":"enequipo","twitter_card":"summary_large_image","twitter_creator":"@sonoraenequipo","twitter_site":"@sonoraenequipo","twitter_misc":{"Escrito por":"enequipo","Tiempo de lectura":"4 minutos"},"schema":{"@context":"https:\/\/schema.org","@graph":[{"@type":"Article","@id":"https:\/\/www.sonoraenequipo.com.mx\/margarita-zavala-renunciara-al-pan-sera-independiente\/#article","isPartOf":{"@id":"https:\/\/www.sonoraenequipo.com.mx\/margarita-zavala-renunciara-al-pan-sera-independiente\/"},"author":{"name":"enequipo","@id":"https:\/\/www.sonoraenequipo.com.mx\/#\/schema\/person\/50102df0fb23a8fa9e8effad8fa81386"},"headline":"Margarita Zavala renunciar\u00e1 al PAN, ser\u00e1 independiente","datePublished":"2017-10-05T21:00:52+00:00","dateModified":"2017-10-06T02:35:42+00:00","mainEntityOfPage":{"@id":"https:\/\/www.sonoraenequipo.com.mx\/margarita-zavala-renunciara-al-pan-sera-independiente\/"},"wordCount":709,"commentCount":0,"publisher":{"@id":"https:\/\/www.sonoraenequipo.com.mx\/#organization"},"image":{"@id":"https:\/\/www.sonoraenequipo.com.mx\/margarita-zavala-renunciara-al-pan-sera-independiente\/#primaryimage"},"thumbnailUrl":"https:\/\/www.sonoraenequipo.com.mx\/storage\/2017\/10\/margaritazavala_opt.jpg","articleSection":["Destacadas","Rep\u00fablica"],"inLanguage":"es","potentialAction":[{"@type":"CommentAction","name":"Comment","target":["https:\/\/www.sonoraenequipo.com.mx\/margarita-zavala-renunciara-al-pan-sera-independiente\/#respond"]}]},{"@type":"WebPage","@id":"https:\/\/www.sonoraenequipo.com.mx\/margarita-zavala-renunciara-al-pan-sera-independiente\/","url":"https:\/\/www.sonoraenequipo.com.mx\/margarita-zavala-renunciara-al-pan-sera-independiente\/","name":"Sonora en Equipo. Margarita Zavala renunciar\u00e1 al PAN, ser\u00e1 independiente Destacadas","isPartOf":{"@id":"https:\/\/www.sonoraenequipo.com.mx\/#website"},"primaryImageOfPage":{"@id":"https:\/\/www.sonoraenequipo.com.mx\/margarita-zavala-renunciara-al-pan-sera-independiente\/#primaryimage"},"image":{"@id":"https:\/\/www.sonoraenequipo.com.mx\/margarita-zavala-renunciara-al-pan-sera-independiente\/#primaryimage"},"thumbnailUrl":"https:\/\/www.sonoraenequipo.com.mx\/storage\/2017\/10\/margaritazavala_opt.jpg","datePublished":"2017-10-05T21:00:52+00:00","dateModified":"2017-10-06T02:35:42+00:00","description":"CIUDAD DE M\u00c9XICO. MX.\u2014 Margarita Zavala y su equipo de trabajo decidieron anoche renunciar al Partido Acci\u00f3n Nacional (PAN) con la finalidad de participar En Sonora en Equipo publicamos toda la informaci\u00f3n de Sonora, M\u00e9xico y el Mundo de manera oportuna y busca que la libertad de expresi\u00f3n sea real. Visita nuestro medio informativo publicado desde Hermosillo, Sonora. %","breadcrumb":{"@id":"https:\/\/www.sonoraenequipo.com.mx\/margarita-zavala-renunciara-al-pan-sera-independiente\/#breadcrumb"},"inLanguage":"es","potentialAction":[{"@type":"ReadAction","target":["https:\/\/www.sonoraenequipo.com.mx\/margarita-zavala-renunciara-al-pan-sera-independiente\/"]}]},{"@type":"ImageObject","inLanguage":"es","@id":"https:\/\/www.sonoraenequipo.com.mx\/margarita-zavala-renunciara-al-pan-sera-independiente\/#primaryimage","url":"https:\/\/www.sonoraenequipo.com.mx\/storage\/2017\/10\/margaritazavala_opt.jpg","contentUrl":"https:\/\/www.sonoraenequipo.com.mx\/storage\/2017\/10\/margaritazavala_opt.jpg","width":745,"height":413},{"@type":"BreadcrumbList","@id":"https:\/\/www.sonoraenequipo.com.mx\/margarita-zavala-renunciara-al-pan-sera-independiente\/#breadcrumb","itemListElement":[{"@type":"ListItem","position":1,"name":"Portada","item":"https:\/\/www.sonoraenequipo.com.mx\/"},{"@type":"ListItem","position":2,"name":"Margarita Zavala renunciar\u00e1 al PAN, ser\u00e1 independiente"}]},{"@type":"WebSite","@id":"https:\/\/www.sonoraenequipo.com.mx\/#website","url":"https:\/\/www.sonoraenequipo.com.mx\/","name":"Sonora en Equipo.","description":"Diario en l\u00ednea con Noticias desde Hermosillo, Sonora","publisher":{"@id":"https:\/\/www.sonoraenequipo.com.mx\/#organization"},"potentialAction":[{"@type":"SearchAction","target":{"@type":"EntryPoint","urlTemplate":"https:\/\/www.sonoraenequipo.com.mx\/?s={search_term_string}"},"query-input":{"@type":"PropertyValueSpecification","valueRequired":true,"valueName":"search_term_string"}}],"inLanguage":"es"},{"@type":"Organization","@id":"https:\/\/www.sonoraenequipo.com.mx\/#organization","name":"Sonoraenequipo.com.mx","url":"https:\/\/www.sonoraenequipo.com.mx\/","logo":{"@type":"ImageObject","inLanguage":"es","@id":"https:\/\/www.sonoraenequipo.com.mx\/#\/schema\/logo\/image\/","url":"https:\/\/www.sonoraenequipo.com.mx\/storage\/2019\/01\/sonoraenequipo_opt.png","contentUrl":"https:\/\/www.sonoraenequipo.com.mx\/storage\/2019\/01\/sonoraenequipo_opt.png","width":375,"height":125,"caption":"Sonoraenequipo.com.mx"},"image":{"@id":"https:\/\/www.sonoraenequipo.com.mx\/#\/schema\/logo\/image\/"},"sameAs":["https:\/\/www.facebook.com\/SonoraEE\/","https:\/\/x.com\/sonoraenequipo","https:\/\/www.youtube.com\/channel\/UC338nW-lPEYmJQs4ZABQ1SQ"]},{"@type":"Person","@id":"https:\/\/www.sonoraenequipo.com.mx\/#\/schema\/person\/50102df0fb23a8fa9e8effad8fa81386","name":"enequipo","image":{"@type":"ImageObject","inLanguage":"es","@id":"https:\/\/www.sonoraenequipo.com.mx\/#\/schema\/person\/image\/","url":"https:\/\/secure.gravatar.com\/avatar\/049821681b589dabc0bc20695993ccebb09f5b5d4d790cd9251b97faac7c652b?s=96&d=blank&r=g","contentUrl":"https:\/\/secure.gravatar.com\/avatar\/049821681b589dabc0bc20695993ccebb09f5b5d4d790cd9251b97faac7c652b?s=96&d=blank&r=g","caption":"enequipo"},"sameAs":["https:\/\/www.facebook.com\/SonoraEE"]}]}},"jetpack_featured_media_url":"https:\/\/www.sonoraenequipo.com.mx\/storage\/2017\/10\/margaritazavala_opt.jpg","_links":{"self":[{"href":"https:\/\/www.sonoraenequipo.com.mx\/api\/wp\/v2\/posts\/27003","targetHints":{"allow":["GET"]}}],"collection":[{"href":"https:\/\/www.sonoraenequipo.com.mx\/api\/wp\/v2\/posts"}],"about":[{"href":"https:\/\/www.sonoraenequipo.com.mx\/api\/wp\/v2\/types\/post"}],"author":[{"embeddable":true,"href":"https:\/\/www.sonoraenequipo.com.mx\/api\/wp\/v2\/users\/1"}],"replies":[{"embeddable":true,"href":"https:\/\/www.sonoraenequipo.com.mx\/api\/wp\/v2\/comments?post=27003"}],"version-history":[{"count":0,"href":"https:\/\/www.sonoraenequipo.com.mx\/api\/wp\/v2\/posts\/27003\/revisions"}],"wp:featuredmedia":[{"embeddable":true,"href":"https:\/\/www.sonoraenequipo.com.mx\/api\/wp\/v2\/media\/27004"}],"wp:attachment":[{"href":"https:\/\/www.sonoraenequipo.com.mx\/api\/wp\/v2\/media?parent=27003"}],"wp:term":[{"taxonomy":"category","embeddable":true,"href":"https:\/\/www.sonoraenequipo.com.mx\/api\/wp\/v2\/categories?post=27003"},{"taxonomy":"post_tag","embeddable":true,"href":"https:\/\/www.sonoraenequipo.com.mx\/api\/wp\/v2\/tags?post=27003"}],"curies":[{"name":"wp","href":"https:\/\/api.w.org\/{rel}","templated":true}]}}