{"id":27009,"date":"2017-10-05T14:45:24","date_gmt":"2017-10-05T21:45:24","guid":{"rendered":"http:\/\/www.sonoraenequipo.com.mx\/?p=27009"},"modified":"2017-10-06T08:34:32","modified_gmt":"2017-10-06T15:34:32","slug":"decreto-austeridad-se-fusionan-tres-organismos-al-isc","status":"publish","type":"post","link":"https:\/\/www.sonoraenequipo.com.mx\/decreto-austeridad-se-fusionan-tres-organismos-al-isc\/","title":{"rendered":"Por decreto de austeridad se fusionan tres organismos al ISC"},"content":{"rendered":"<p>HERMOSILLO, SONORA. MX.\u2014 El Museo de Arte de Sonora (MUSAS), Museo Sonora en la Revoluci\u00f3n (MUSOR) y Biblioteca P\u00fablica \u201cJes\u00fas Corral Ruiz\u201d se fusionaron al Instituto Sonorense de Cultura (ISC).<\/p>\n<p> <\/p>\n<p>En el marco de la reestructura y simplificaci\u00f3n del andamiaje administrativo y jur\u00eddico de los organismos p\u00fablicos descentralizados del Gobierno del Estado de Sonora, instruido por la Gobernadora Claudia Pavlovich Arellano, el 3 de octubre se public\u00f3 el Decreto en el Bolet\u00edn Oficial<\/p>\n<p>El Director General del ISC, Mario Welfo \u00c1lvarez Beltr\u00e1n, explic\u00f3 que los objetivos de dicho reordenamiento son simplificar y homologar la estructura administrativa de los organismos que se fusionan; consolidar los mecanismos de transparencia y rendici\u00f3n de cuentas, as\u00ed como optimizar el presupuesto en una \u00fanica entidad rectora en materia de cultura a nivel estatal, todo ello enmarcado en el acuerdo de austeridad puesto en marcha en enero pasado.<\/p>\n<p><em>\u201cEl plazo para llevar a cabo la reorganizaci\u00f3n es de 120 d\u00edas m\u00e1ximo, por ello hemos conformado una comisi\u00f3n con los organismos fusionados para instrumentar la incorporaci\u00f3n de los mismos al Instituto\u201d,<\/em> se\u00f1al\u00f3.<\/p>\n<p>Los tres organismos culturales se integran al ISC como unidades administrativas, por lo que con la publicaci\u00f3n en el Bolet\u00edn Oficial se abrogan sus decretos de creaci\u00f3n y con ello se incorporan de manera oficial a la estructura org\u00e1nica de ISC.<\/p>\n<p>El Instituto Sonorense de Cultura es un organismo p\u00fablico descentralizado, adscrito a la Secretar\u00eda de Educaci\u00f3n y Cultura del Gobierno del Estado de Sonora. Fue creado mediante decreto el 26 de diciembre de 1988, siendo gobernador Rodolfo F\u00e9lix Vald\u00e9s. De acuerdo a dicho decreto de creaci\u00f3n, su objetivo principal es promover el desarrollo cultural integral en la entidad.<\/p>\n<p>&nbsp;<\/p>\n<p>(Fecha de publicaci\u00f3n 05102017)<\/p>\n","protected":false},"excerpt":{"rendered":"<p>HERMOSILLO, SONORA. MX.\u2014 El Museo de Arte de Sonora (MUSAS), Museo Sonora en la Revoluci\u00f3n&#8230;<\/p>\n","protected":false},"author":1,"featured_media":27010,"comment_status":"open","ping_status":"open","sticky":false,"template":"","format":"standard","meta":{"_monsterinsights_skip_tracking":false,"_monsterinsights_sitenote_active":false,"_monsterinsights_sitenote_note":"","_monsterinsights_sitenote_category":0,"footnotes":""},"categories":[9,1],"tags":[],"class_list":["post"],"yoast_head":" \n<title>Sonora en Equipo. Por decreto de austeridad se fusionan tres organismos al ISC Sin categorizar<\/title>\n<meta name=\"description\" content=\"HERMOSILLO, SONORA. MX.\u2014 El Museo de Arte de Sonora (MUSAS), Museo Sonora en la Revoluci\u00f3n (MUSOR) y Biblioteca P\u00fablica \u201cJes\u00fas Corral Ruiz\u201d se fusionaron En Sonora en Equipo publicamos toda la informaci\u00f3n de Sonora, M\u00e9xico y el Mundo de manera oportuna y busca que la libertad de expresi\u00f3n sea real. Visita nuestro medio informativo publicado desde Hermosillo, Sonora. %\" \/>\n<meta name=\"robots\" content=\"index, follow, max-snippet:-1, max-image-preview:large, max-video-preview:-1\" \/>\n<link rel=\"canonical\" href=\"https:\/\/www.sonoraenequipo.com.mx\/decreto-austeridad-se-fusionan-tres-organismos-al-isc\/\" \/>\n<meta property=\"og:locale\" content=\"es_ES\" \/>\n<meta property=\"og:type\" content=\"article\" \/>\n<meta property=\"og:title\" content=\"Sonora en Equipo. Por decreto de austeridad se fusionan tres organismos al ISC Sin categorizar\" \/>\n<meta property=\"og:description\" content=\"HERMOSILLO, SONORA. MX.\u2014 El Museo de Arte de Sonora (MUSAS), Museo Sonora en la Revoluci\u00f3n (MUSOR) y Biblioteca P\u00fablica \u201cJes\u00fas Corral Ruiz\u201d se fusionaron En Sonora en Equipo publicamos toda la informaci\u00f3n de Sonora, M\u00e9xico y el Mundo de manera oportuna y busca que la libertad de expresi\u00f3n sea real. Visita nuestro medio informativo publicado desde Hermosillo, Sonora. %\" \/>\n<meta property=\"og:url\" content=\"https:\/\/www.sonoraenequipo.com.mx\/decreto-austeridad-se-fusionan-tres-organismos-al-isc\/\" \/>\n<meta property=\"og:site_name\" content=\"Sonora en Equipo.\" \/>\n<meta property=\"article:publisher\" content=\"https:\/\/www.facebook.com\/SonoraEE\/\" \/>\n<meta property=\"article:author\" content=\"https:\/\/www.facebook.com\/SonoraEE\" \/>\n<meta property=\"article:published_time\" content=\"2017-10-05T21:45:24+00:00\" \/>\n<meta property=\"article:modified_time\" content=\"2017-10-06T15:34:32+00:00\" \/>\n<meta property=\"og:image\" content=\"https:\/\/www.sonoraenequipo.com.mx\/storage\/2017\/10\/musas_2_opt.jpg\" \/>\n\t<meta property=\"og:image:width\" content=\"524\" \/>\n\t<meta property=\"og:image:height\" content=\"400\" \/>\n\t<meta property=\"og:image:type\" content=\"image\/jpeg\" \/>\n<meta name=\"author\" content=\"enequipo\" \/>\n<meta name=\"twitter:card\" content=\"summary_large_image\" \/>\n<meta name=\"twitter:creator\" content=\"@sonoraenequipo\" \/>\n<meta name=\"twitter:site\" content=\"@sonoraenequipo\" \/>\n<meta name=\"twitter:label1\" content=\"Escrito por\" \/>\n\t<meta name=\"twitter:data1\" content=\"enequipo\" \/>\n\t<meta name=\"twitter:label2\" content=\"Tiempo de lectura\" \/>\n\t<meta name=\"twitter:data2\" content=\"2 minutos\" \/>\n<script type=\"application\/ld+json\" class=\"yoast-schema-graph\">{\"@context\":\"https:\/\/schema.org\",\"@graph\":[{\"@type\":\"Article\",\"@id\":\"https:\/\/www.sonoraenequipo.com.mx\/decreto-austeridad-se-fusionan-tres-organismos-al-isc\/#article\",\"isPartOf\":{\"@id\":\"https:\/\/www.sonoraenequipo.com.mx\/decreto-austeridad-se-fusionan-tres-organismos-al-isc\/\"},\"author\":{\"name\":\"enequipo\",\"@id\":\"https:\/\/www.sonoraenequipo.com.mx\/#\/schema\/person\/50102df0fb23a8fa9e8effad8fa81386\"},\"headline\":\"Por decreto de austeridad se fusionan tres organismos al ISC\",\"datePublished\":\"2017-10-05T21:45:24+00:00\",\"dateModified\":\"2017-10-06T15:34:32+00:00\",\"mainEntityOfPage\":{\"@id\":\"https:\/\/www.sonoraenequipo.com.mx\/decreto-austeridad-se-fusionan-tres-organismos-al-isc\/\"},\"wordCount\":310,\"commentCount\":0,\"publisher\":{\"@id\":\"https:\/\/www.sonoraenequipo.com.mx\/#organization\"},\"image\":{\"@id\":\"https:\/\/www.sonoraenequipo.com.mx\/decreto-austeridad-se-fusionan-tres-organismos-al-isc\/#primaryimage\"},\"thumbnailUrl\":\"https:\/\/www.sonoraenequipo.com.mx\/storage\/2017\/10\/musas_2_opt.jpg\",\"articleSection\":[\"Etc\u00e9tera\",\"Sin categorizar\"],\"inLanguage\":\"es\",\"potentialAction\":[{\"@type\":\"CommentAction\",\"name\":\"Comment\",\"target\":[\"https:\/\/www.sonoraenequipo.com.mx\/decreto-austeridad-se-fusionan-tres-organismos-al-isc\/#respond\"]}]},{\"@type\":\"WebPage\",\"@id\":\"https:\/\/www.sonoraenequipo.com.mx\/decreto-austeridad-se-fusionan-tres-organismos-al-isc\/\",\"url\":\"https:\/\/www.sonoraenequipo.com.mx\/decreto-austeridad-se-fusionan-tres-organismos-al-isc\/\",\"name\":\"Sonora en Equipo. Por decreto de austeridad se fusionan tres organismos al ISC Sin categorizar\",\"isPartOf\":{\"@id\":\"https:\/\/www.sonoraenequipo.com.mx\/#website\"},\"primaryImageOfPage\":{\"@id\":\"https:\/\/www.sonoraenequipo.com.mx\/decreto-austeridad-se-fusionan-tres-organismos-al-isc\/#primaryimage\"},\"image\":{\"@id\":\"https:\/\/www.sonoraenequipo.com.mx\/decreto-austeridad-se-fusionan-tres-organismos-al-isc\/#primaryimage\"},\"thumbnailUrl\":\"https:\/\/www.sonoraenequipo.com.mx\/storage\/2017\/10\/musas_2_opt.jpg\",\"datePublished\":\"2017-10-05T21:45:24+00:00\",\"dateModified\":\"2017-10-06T15:34:32+00:00\",\"description\":\"HERMOSILLO, SONORA. MX.\u2014 El Museo de Arte de Sonora (MUSAS), Museo Sonora en la Revoluci\u00f3n (MUSOR) y Biblioteca P\u00fablica \u201cJes\u00fas Corral Ruiz\u201d se fusionaron En Sonora en Equipo publicamos toda la informaci\u00f3n de Sonora, M\u00e9xico y el Mundo de manera oportuna y busca que la libertad de expresi\u00f3n sea real. Visita nuestro medio informativo publicado desde Hermosillo, Sonora. %\",\"breadcrumb\":{\"@id\":\"https:\/\/www.sonoraenequipo.com.mx\/decreto-austeridad-se-fusionan-tres-organismos-al-isc\/#breadcrumb\"},\"inLanguage\":\"es\",\"potentialAction\":[{\"@type\":\"ReadAction\",\"target\":[\"https:\/\/www.sonoraenequipo.com.mx\/decreto-austeridad-se-fusionan-tres-organismos-al-isc\/\"]}]},{\"@type\":\"ImageObject\",\"inLanguage\":\"es\",\"@id\":\"https:\/\/www.sonoraenequipo.com.mx\/decreto-austeridad-se-fusionan-tres-organismos-al-isc\/#primaryimage\",\"url\":\"https:\/\/www.sonoraenequipo.com.mx\/storage\/2017\/10\/musas_2_opt.jpg\",\"contentUrl\":\"https:\/\/www.sonoraenequipo.com.mx\/storage\/2017\/10\/musas_2_opt.jpg\",\"width\":524,\"height\":400},{\"@type\":\"BreadcrumbList\",\"@id\":\"https:\/\/www.sonoraenequipo.com.mx\/decreto-austeridad-se-fusionan-tres-organismos-al-isc\/#breadcrumb\",\"itemListElement\":[{\"@type\":\"ListItem\",\"position\":1,\"name\":\"Portada\",\"item\":\"https:\/\/www.sonoraenequipo.com.mx\/\"},{\"@type\":\"ListItem\",\"position\":2,\"name\":\"Por decreto de austeridad se fusionan tres organismos al ISC\"}]},{\"@type\":\"WebSite\",\"@id\":\"https:\/\/www.sonoraenequipo.com.mx\/#website\",\"url\":\"https:\/\/www.sonoraenequipo.com.mx\/\",\"name\":\"Sonora en Equipo.\",\"description\":\"Diario en l\u00ednea con Noticias desde Hermosillo, Sonora\",\"publisher\":{\"@id\":\"https:\/\/www.sonoraenequipo.com.mx\/#organization\"},\"potentialAction\":[{\"@type\":\"SearchAction\",\"target\":{\"@type\":\"EntryPoint\",\"urlTemplate\":\"https:\/\/www.sonoraenequipo.com.mx\/?s={search_term_string}\"},\"query-input\":{\"@type\":\"PropertyValueSpecification\",\"valueRequired\":true,\"valueName\":\"search_term_string\"}}],\"inLanguage\":\"es\"},{\"@type\":\"Organization\",\"@id\":\"https:\/\/www.sonoraenequipo.com.mx\/#organization\",\"name\":\"Sonoraenequipo.com.mx\",\"url\":\"https:\/\/www.sonoraenequipo.com.mx\/\",\"logo\":{\"@type\":\"ImageObject\",\"inLanguage\":\"es\",\"@id\":\"https:\/\/www.sonoraenequipo.com.mx\/#\/schema\/logo\/image\/\",\"url\":\"https:\/\/www.sonoraenequipo.com.mx\/storage\/2019\/01\/sonoraenequipo_opt.png\",\"contentUrl\":\"https:\/\/www.sonoraenequipo.com.mx\/storage\/2019\/01\/sonoraenequipo_opt.png\",\"width\":375,\"height\":125,\"caption\":\"Sonoraenequipo.com.mx\"},\"image\":{\"@id\":\"https:\/\/www.sonoraenequipo.com.mx\/#\/schema\/logo\/image\/\"},\"sameAs\":[\"https:\/\/www.facebook.com\/SonoraEE\/\",\"https:\/\/x.com\/sonoraenequipo\",\"https:\/\/www.youtube.com\/channel\/UC338nW-lPEYmJQs4ZABQ1SQ\"]},{\"@type\":\"Person\",\"@id\":\"https:\/\/www.sonoraenequipo.com.mx\/#\/schema\/person\/50102df0fb23a8fa9e8effad8fa81386\",\"name\":\"enequipo\",\"image\":{\"@type\":\"ImageObject\",\"inLanguage\":\"es\",\"@id\":\"https:\/\/www.sonoraenequipo.com.mx\/#\/schema\/person\/image\/\",\"url\":\"https:\/\/secure.gravatar.com\/avatar\/049821681b589dabc0bc20695993ccebb09f5b5d4d790cd9251b97faac7c652b?s=96&d=blank&r=g\",\"contentUrl\":\"https:\/\/secure.gravatar.com\/avatar\/049821681b589dabc0bc20695993ccebb09f5b5d4d790cd9251b97faac7c652b?s=96&d=blank&r=g\",\"caption\":\"enequipo\"},\"sameAs\":[\"https:\/\/www.facebook.com\/SonoraEE\"]}]}<\/script>\n ","yoast_head_json":{"title":"Sonora en Equipo. Por decreto de austeridad se fusionan tres organismos al ISC Sin categorizar","description":"HERMOSILLO, SONORA. MX.\u2014 El Museo de Arte de Sonora (MUSAS), Museo Sonora en la Revoluci\u00f3n (MUSOR) y Biblioteca P\u00fablica \u201cJes\u00fas Corral Ruiz\u201d se fusionaron En Sonora en Equipo publicamos toda la informaci\u00f3n de Sonora, M\u00e9xico y el Mundo de manera oportuna y busca que la libertad de expresi\u00f3n sea real. Visita nuestro medio informativo publicado desde Hermosillo, Sonora. %","robots":{"index":"index","follow":"follow","max-snippet":"max-snippet:-1","max-image-preview":"max-image-preview:large","max-video-preview":"max-video-preview:-1"},"canonical":"https:\/\/www.sonoraenequipo.com.mx\/decreto-austeridad-se-fusionan-tres-organismos-al-isc\/","og_locale":"es_ES","og_type":"article","og_title":"Sonora en Equipo. Por decreto de austeridad se fusionan tres organismos al ISC Sin categorizar","og_description":"HERMOSILLO, SONORA. MX.\u2014 El Museo de Arte de Sonora (MUSAS), Museo Sonora en la Revoluci\u00f3n (MUSOR) y Biblioteca P\u00fablica \u201cJes\u00fas Corral Ruiz\u201d se fusionaron En Sonora en Equipo publicamos toda la informaci\u00f3n de Sonora, M\u00e9xico y el Mundo de manera oportuna y busca que la libertad de expresi\u00f3n sea real. Visita nuestro medio informativo publicado desde Hermosillo, Sonora. %","og_url":"https:\/\/www.sonoraenequipo.com.mx\/decreto-austeridad-se-fusionan-tres-organismos-al-isc\/","og_site_name":"Sonora en Equipo.","article_publisher":"https:\/\/www.facebook.com\/SonoraEE\/","article_author":"https:\/\/www.facebook.com\/SonoraEE","article_published_time":"2017-10-05T21:45:24+00:00","article_modified_time":"2017-10-06T15:34:32+00:00","og_image":[{"width":524,"height":400,"url":"https:\/\/www.sonoraenequipo.com.mx\/storage\/2017\/10\/musas_2_opt.jpg","type":"image\/jpeg"}],"author":"enequipo","twitter_card":"summary_large_image","twitter_creator":"@sonoraenequipo","twitter_site":"@sonoraenequipo","twitter_misc":{"Escrito por":"enequipo","Tiempo de lectura":"2 minutos"},"schema":{"@context":"https:\/\/schema.org","@graph":[{"@type":"Article","@id":"https:\/\/www.sonoraenequipo.com.mx\/decreto-austeridad-se-fusionan-tres-organismos-al-isc\/#article","isPartOf":{"@id":"https:\/\/www.sonoraenequipo.com.mx\/decreto-austeridad-se-fusionan-tres-organismos-al-isc\/"},"author":{"name":"enequipo","@id":"https:\/\/www.sonoraenequipo.com.mx\/#\/schema\/person\/50102df0fb23a8fa9e8effad8fa81386"},"headline":"Por decreto de austeridad se fusionan tres organismos al ISC","datePublished":"2017-10-05T21:45:24+00:00","dateModified":"2017-10-06T15:34:32+00:00","mainEntityOfPage":{"@id":"https:\/\/www.sonoraenequipo.com.mx\/decreto-austeridad-se-fusionan-tres-organismos-al-isc\/"},"wordCount":310,"commentCount":0,"publisher":{"@id":"https:\/\/www.sonoraenequipo.com.mx\/#organization"},"image":{"@id":"https:\/\/www.sonoraenequipo.com.mx\/decreto-austeridad-se-fusionan-tres-organismos-al-isc\/#primaryimage"},"thumbnailUrl":"https:\/\/www.sonoraenequipo.com.mx\/storage\/2017\/10\/musas_2_opt.jpg","articleSection":["Etc\u00e9tera","Sin categorizar"],"inLanguage":"es","potentialAction":[{"@type":"CommentAction","name":"Comment","target":["https:\/\/www.sonoraenequipo.com.mx\/decreto-austeridad-se-fusionan-tres-organismos-al-isc\/#respond"]}]},{"@type":"WebPage","@id":"https:\/\/www.sonoraenequipo.com.mx\/decreto-austeridad-se-fusionan-tres-organismos-al-isc\/","url":"https:\/\/www.sonoraenequipo.com.mx\/decreto-austeridad-se-fusionan-tres-organismos-al-isc\/","name":"Sonora en Equipo. Por decreto de austeridad se fusionan tres organismos al ISC Sin categorizar","isPartOf":{"@id":"https:\/\/www.sonoraenequipo.com.mx\/#website"},"primaryImageOfPage":{"@id":"https:\/\/www.sonoraenequipo.com.mx\/decreto-austeridad-se-fusionan-tres-organismos-al-isc\/#primaryimage"},"image":{"@id":"https:\/\/www.sonoraenequipo.com.mx\/decreto-austeridad-se-fusionan-tres-organismos-al-isc\/#primaryimage"},"thumbnailUrl":"https:\/\/www.sonoraenequipo.com.mx\/storage\/2017\/10\/musas_2_opt.jpg","datePublished":"2017-10-05T21:45:24+00:00","dateModified":"2017-10-06T15:34:32+00:00","description":"HERMOSILLO, SONORA. MX.\u2014 El Museo de Arte de Sonora (MUSAS), Museo Sonora en la Revoluci\u00f3n (MUSOR) y Biblioteca P\u00fablica \u201cJes\u00fas Corral Ruiz\u201d se fusionaron En Sonora en Equipo publicamos toda la informaci\u00f3n de Sonora, M\u00e9xico y el Mundo de manera oportuna y busca que la libertad de expresi\u00f3n sea real. Visita nuestro medio informativo publicado desde Hermosillo, Sonora. %","breadcrumb":{"@id":"https:\/\/www.sonoraenequipo.com.mx\/decreto-austeridad-se-fusionan-tres-organismos-al-isc\/#breadcrumb"},"inLanguage":"es","potentialAction":[{"@type":"ReadAction","target":["https:\/\/www.sonoraenequipo.com.mx\/decreto-austeridad-se-fusionan-tres-organismos-al-isc\/"]}]},{"@type":"ImageObject","inLanguage":"es","@id":"https:\/\/www.sonoraenequipo.com.mx\/decreto-austeridad-se-fusionan-tres-organismos-al-isc\/#primaryimage","url":"https:\/\/www.sonoraenequipo.com.mx\/storage\/2017\/10\/musas_2_opt.jpg","contentUrl":"https:\/\/www.sonoraenequipo.com.mx\/storage\/2017\/10\/musas_2_opt.jpg","width":524,"height":400},{"@type":"BreadcrumbList","@id":"https:\/\/www.sonoraenequipo.com.mx\/decreto-austeridad-se-fusionan-tres-organismos-al-isc\/#breadcrumb","itemListElement":[{"@type":"ListItem","position":1,"name":"Portada","item":"https:\/\/www.sonoraenequipo.com.mx\/"},{"@type":"ListItem","position":2,"name":"Por decreto de austeridad se fusionan tres organismos al ISC"}]},{"@type":"WebSite","@id":"https:\/\/www.sonoraenequipo.com.mx\/#website","url":"https:\/\/www.sonoraenequipo.com.mx\/","name":"Sonora en Equipo.","description":"Diario en l\u00ednea con Noticias desde Hermosillo, Sonora","publisher":{"@id":"https:\/\/www.sonoraenequipo.com.mx\/#organization"},"potentialAction":[{"@type":"SearchAction","target":{"@type":"EntryPoint","urlTemplate":"https:\/\/www.sonoraenequipo.com.mx\/?s={search_term_string}"},"query-input":{"@type":"PropertyValueSpecification","valueRequired":true,"valueName":"search_term_string"}}],"inLanguage":"es"},{"@type":"Organization","@id":"https:\/\/www.sonoraenequipo.com.mx\/#organization","name":"Sonoraenequipo.com.mx","url":"https:\/\/www.sonoraenequipo.com.mx\/","logo":{"@type":"ImageObject","inLanguage":"es","@id":"https:\/\/www.sonoraenequipo.com.mx\/#\/schema\/logo\/image\/","url":"https:\/\/www.sonoraenequipo.com.mx\/storage\/2019\/01\/sonoraenequipo_opt.png","contentUrl":"https:\/\/www.sonoraenequipo.com.mx\/storage\/2019\/01\/sonoraenequipo_opt.png","width":375,"height":125,"caption":"Sonoraenequipo.com.mx"},"image":{"@id":"https:\/\/www.sonoraenequipo.com.mx\/#\/schema\/logo\/image\/"},"sameAs":["https:\/\/www.facebook.com\/SonoraEE\/","https:\/\/x.com\/sonoraenequipo","https:\/\/www.youtube.com\/channel\/UC338nW-lPEYmJQs4ZABQ1SQ"]},{"@type":"Person","@id":"https:\/\/www.sonoraenequipo.com.mx\/#\/schema\/person\/50102df0fb23a8fa9e8effad8fa81386","name":"enequipo","image":{"@type":"ImageObject","inLanguage":"es","@id":"https:\/\/www.sonoraenequipo.com.mx\/#\/schema\/person\/image\/","url":"https:\/\/secure.gravatar.com\/avatar\/049821681b589dabc0bc20695993ccebb09f5b5d4d790cd9251b97faac7c652b?s=96&d=blank&r=g","contentUrl":"https:\/\/secure.gravatar.com\/avatar\/049821681b589dabc0bc20695993ccebb09f5b5d4d790cd9251b97faac7c652b?s=96&d=blank&r=g","caption":"enequipo"},"sameAs":["https:\/\/www.facebook.com\/SonoraEE"]}]}},"jetpack_featured_media_url":"https:\/\/www.sonoraenequipo.com.mx\/storage\/2017\/10\/musas_2_opt.jpg","_links":{"self":[{"href":"https:\/\/www.sonoraenequipo.com.mx\/api\/wp\/v2\/posts\/27009","targetHints":{"allow":["GET"]}}],"collection":[{"href":"https:\/\/www.sonoraenequipo.com.mx\/api\/wp\/v2\/posts"}],"about":[{"href":"https:\/\/www.sonoraenequipo.com.mx\/api\/wp\/v2\/types\/post"}],"author":[{"embeddable":true,"href":"https:\/\/www.sonoraenequipo.com.mx\/api\/wp\/v2\/users\/1"}],"replies":[{"embeddable":true,"href":"https:\/\/www.sonoraenequipo.com.mx\/api\/wp\/v2\/comments?post=27009"}],"version-history":[{"count":0,"href":"https:\/\/www.sonoraenequipo.com.mx\/api\/wp\/v2\/posts\/27009\/revisions"}],"wp:featuredmedia":[{"embeddable":true,"href":"https:\/\/www.sonoraenequipo.com.mx\/api\/wp\/v2\/media\/27010"}],"wp:attachment":[{"href":"https:\/\/www.sonoraenequipo.com.mx\/api\/wp\/v2\/media?parent=27009"}],"wp:term":[{"taxonomy":"category","embeddable":true,"href":"https:\/\/www.sonoraenequipo.com.mx\/api\/wp\/v2\/categories?post=27009"},{"taxonomy":"post_tag","embeddable":true,"href":"https:\/\/www.sonoraenequipo.com.mx\/api\/wp\/v2\/tags?post=27009"}],"curies":[{"name":"wp","href":"https:\/\/api.w.org\/{rel}","templated":true}]}}