{"id":27040,"date":"2017-10-05T16:00:40","date_gmt":"2017-10-05T23:00:40","guid":{"rendered":"http:\/\/www.sonoraenequipo.com.mx\/?p=27040"},"modified":"2017-10-06T09:48:29","modified_gmt":"2017-10-06T16:48:29","slug":"se-transformara-ring-la-viactiva","status":"publish","type":"post","link":"https:\/\/www.sonoraenequipo.com.mx\/se-transformara-ring-la-viactiva\/","title":{"rendered":"Se transformar\u00e1 en un ring la V\u00edactiva"},"content":{"rendered":"<p>HERMOSILLO, SONORA. MX.\u2014 El pr\u00f3ximo domingo V\u00edactiva se subir\u00e1 al cuadril\u00e1tero con un espect\u00e1culo en el que participar\u00e1n luchadores de esta capital y se ofrecer\u00e1 homenaje a Santo, el Enmascarado de Plata, anunci\u00f3 C\u00e9sar Trevi\u00f1o Robledo, Coordinador de este programa de activaci\u00f3n f\u00edsica y convivencia familiar del Ayuntamiento de Hermosillo.<\/p>\n<p> <\/p>\n<p>Acompa\u00f1ado por Bernardo Romero Teyechea, Director del Instituto del Deporte de Hermosillo, y los luchadores profesionales \u201cEl Extra\u00f1o\u201d, \u201cArc\u00e1ngel de la luz\u201d y \u201cEmbajador del infierno\u201d, Trevi\u00f1o Robledo dio a conocer las actividades del pr\u00f3ximo domingo en el Centro Hist\u00f3rico de la ciudad.<\/p>\n<p>La edici\u00f3n 79 de V\u00edactiva iniciar\u00e1 desde las 17:00 horas y contar\u00e1 con una exhibici\u00f3n de lucha libre, en un ring rodeado de 400 sillas en la Plaza Zaragoza, con dedicatoria especial para Santo, El Enmascarado de Plata, a cien a\u00f1os de su nacimiento.<\/p>\n<p>El Director del IDH detall\u00f3 que como parte de la exhibici\u00f3n de lucha, H\u00e9ctor Verdugo, Secretario de la Liga Municipal de Lucha Libre de Hermosillo, y Francisco Manuel Mouet, Presidente de la Comisi\u00f3n de Box, Lucha Libre y Artes Marciales Mixtas del Estado de Sonora, relatar\u00e1n a los asistentes detalles biogr\u00e1ficos de la vida de Santo.<\/p>\n<p>Entre las actividades de este domingo en la V\u00edactiva se realizar\u00e1 tambi\u00e9n el concierto \u201cEs puro amor lo que me obliga\u201d, organizado en coordinaci\u00f3n entre el Instituto Municipal de Cultura y Arte (IMCA) y un grupo de m\u00fasicos locales.<\/p>\n<p>Tal evento tendr\u00e1 lugar de las 17:00 a 23:00 horas en la Plaza Alonso Vidal y tendr\u00e1 como cover alg\u00fan alimento no perecedero. Los donativos ser\u00e1n para los damnificados por los sismos ocurridos recientemente en el centro y sur del Pa\u00eds.<\/p>\n<p>Como cada domingo de V\u00edactiva, los asistentes al Centro Hist\u00f3rico de la ciudad podr\u00e1n disfrutar a su vez del Andador Cultural y el Andador Gastron\u00f3mico, actividades de promoci\u00f3n de valores para ni\u00f1os y el talento de artistas de la localidad, entre muchos otros atractivos.<\/p>\n<p>(Fecha de publicaci\u00f3n 05102017)<\/p>\n","protected":false},"excerpt":{"rendered":"<p>HERMOSILLO, SONORA. MX.\u2014 El pr\u00f3ximo domingo V\u00edactiva se subir\u00e1 al cuadril\u00e1tero con un espect\u00e1culo en&#8230;<\/p>\n","protected":false},"author":1,"featured_media":27041,"comment_status":"open","ping_status":"open","sticky":false,"template":"","format":"standard","meta":{"_monsterinsights_skip_tracking":false,"_monsterinsights_sitenote_active":false,"_monsterinsights_sitenote_note":"","_monsterinsights_sitenote_category":0,"footnotes":""},"categories":[10,4,1],"tags":[],"class_list":["post"],"yoast_head":" \n<title>Sonora en Equipo. Se transformar\u00e1 en un ring la V\u00edactiva Sin categorizar<\/title>\n<meta name=\"description\" content=\"HERMOSILLO, SONORA. MX.\u2014 El pr\u00f3ximo domingo V\u00edactiva se subir\u00e1 al cuadril\u00e1tero con un espect\u00e1culo en el que participar\u00e1n luchadores de esta capital y se En Sonora en Equipo publicamos toda la informaci\u00f3n de Sonora, M\u00e9xico y el Mundo de manera oportuna y busca que la libertad de expresi\u00f3n sea real. Visita nuestro medio informativo publicado desde Hermosillo, Sonora. %\" \/>\n<meta name=\"robots\" content=\"index, follow, max-snippet:-1, max-image-preview:large, max-video-preview:-1\" \/>\n<link rel=\"canonical\" href=\"https:\/\/www.sonoraenequipo.com.mx\/se-transformara-ring-la-viactiva\/\" \/>\n<meta property=\"og:locale\" content=\"es_ES\" \/>\n<meta property=\"og:type\" content=\"article\" \/>\n<meta property=\"og:title\" content=\"Sonora en Equipo. Se transformar\u00e1 en un ring la V\u00edactiva Sin categorizar\" \/>\n<meta property=\"og:description\" content=\"HERMOSILLO, SONORA. MX.\u2014 El pr\u00f3ximo domingo V\u00edactiva se subir\u00e1 al cuadril\u00e1tero con un espect\u00e1culo en el que participar\u00e1n luchadores de esta capital y se En Sonora en Equipo publicamos toda la informaci\u00f3n de Sonora, M\u00e9xico y el Mundo de manera oportuna y busca que la libertad de expresi\u00f3n sea real. Visita nuestro medio informativo publicado desde Hermosillo, Sonora. %\" \/>\n<meta property=\"og:url\" content=\"https:\/\/www.sonoraenequipo.com.mx\/se-transformara-ring-la-viactiva\/\" \/>\n<meta property=\"og:site_name\" content=\"Sonora en Equipo.\" \/>\n<meta property=\"article:publisher\" content=\"https:\/\/www.facebook.com\/SonoraEE\/\" \/>\n<meta property=\"article:author\" content=\"https:\/\/www.facebook.com\/SonoraEE\" \/>\n<meta property=\"article:published_time\" content=\"2017-10-05T23:00:40+00:00\" \/>\n<meta property=\"article:modified_time\" content=\"2017-10-06T16:48:29+00:00\" \/>\n<meta property=\"og:image\" content=\"https:\/\/www.sonoraenequipo.com.mx\/storage\/2017\/10\/viactiva_opt2.jpg\" \/>\n\t<meta property=\"og:image:width\" content=\"630\" \/>\n\t<meta property=\"og:image:height\" content=\"450\" \/>\n\t<meta property=\"og:image:type\" content=\"image\/jpeg\" \/>\n<meta name=\"author\" content=\"enequipo\" \/>\n<meta name=\"twitter:card\" content=\"summary_large_image\" \/>\n<meta name=\"twitter:creator\" content=\"@sonoraenequipo\" \/>\n<meta name=\"twitter:site\" content=\"@sonoraenequipo\" \/>\n<meta name=\"twitter:label1\" content=\"Escrito por\" \/>\n\t<meta name=\"twitter:data1\" content=\"enequipo\" \/>\n\t<meta name=\"twitter:label2\" content=\"Tiempo de lectura\" \/>\n\t<meta name=\"twitter:data2\" content=\"2 minutos\" \/>\n<script type=\"application\/ld+json\" class=\"yoast-schema-graph\">{\"@context\":\"https:\/\/schema.org\",\"@graph\":[{\"@type\":\"Article\",\"@id\":\"https:\/\/www.sonoraenequipo.com.mx\/se-transformara-ring-la-viactiva\/#article\",\"isPartOf\":{\"@id\":\"https:\/\/www.sonoraenequipo.com.mx\/se-transformara-ring-la-viactiva\/\"},\"author\":{\"name\":\"enequipo\",\"@id\":\"https:\/\/www.sonoraenequipo.com.mx\/#\/schema\/person\/50102df0fb23a8fa9e8effad8fa81386\"},\"headline\":\"Se transformar\u00e1 en un ring la V\u00edactiva\",\"datePublished\":\"2017-10-05T23:00:40+00:00\",\"dateModified\":\"2017-10-06T16:48:29+00:00\",\"mainEntityOfPage\":{\"@id\":\"https:\/\/www.sonoraenequipo.com.mx\/se-transformara-ring-la-viactiva\/\"},\"wordCount\":361,\"commentCount\":0,\"publisher\":{\"@id\":\"https:\/\/www.sonoraenequipo.com.mx\/#organization\"},\"image\":{\"@id\":\"https:\/\/www.sonoraenequipo.com.mx\/se-transformara-ring-la-viactiva\/#primaryimage\"},\"thumbnailUrl\":\"https:\/\/www.sonoraenequipo.com.mx\/storage\/2017\/10\/viactiva_opt2.jpg\",\"articleSection\":[\"Deportes\",\"Municipios\",\"Sin categorizar\"],\"inLanguage\":\"es\",\"potentialAction\":[{\"@type\":\"CommentAction\",\"name\":\"Comment\",\"target\":[\"https:\/\/www.sonoraenequipo.com.mx\/se-transformara-ring-la-viactiva\/#respond\"]}]},{\"@type\":\"WebPage\",\"@id\":\"https:\/\/www.sonoraenequipo.com.mx\/se-transformara-ring-la-viactiva\/\",\"url\":\"https:\/\/www.sonoraenequipo.com.mx\/se-transformara-ring-la-viactiva\/\",\"name\":\"Sonora en Equipo. Se transformar\u00e1 en un ring la V\u00edactiva Sin categorizar\",\"isPartOf\":{\"@id\":\"https:\/\/www.sonoraenequipo.com.mx\/#website\"},\"primaryImageOfPage\":{\"@id\":\"https:\/\/www.sonoraenequipo.com.mx\/se-transformara-ring-la-viactiva\/#primaryimage\"},\"image\":{\"@id\":\"https:\/\/www.sonoraenequipo.com.mx\/se-transformara-ring-la-viactiva\/#primaryimage\"},\"thumbnailUrl\":\"https:\/\/www.sonoraenequipo.com.mx\/storage\/2017\/10\/viactiva_opt2.jpg\",\"datePublished\":\"2017-10-05T23:00:40+00:00\",\"dateModified\":\"2017-10-06T16:48:29+00:00\",\"description\":\"HERMOSILLO, SONORA. MX.\u2014 El pr\u00f3ximo domingo V\u00edactiva se subir\u00e1 al cuadril\u00e1tero con un espect\u00e1culo en el que participar\u00e1n luchadores de esta capital y se En Sonora en Equipo publicamos toda la informaci\u00f3n de Sonora, M\u00e9xico y el Mundo de manera oportuna y busca que la libertad de expresi\u00f3n sea real. Visita nuestro medio informativo publicado desde Hermosillo, Sonora. %\",\"breadcrumb\":{\"@id\":\"https:\/\/www.sonoraenequipo.com.mx\/se-transformara-ring-la-viactiva\/#breadcrumb\"},\"inLanguage\":\"es\",\"potentialAction\":[{\"@type\":\"ReadAction\",\"target\":[\"https:\/\/www.sonoraenequipo.com.mx\/se-transformara-ring-la-viactiva\/\"]}]},{\"@type\":\"ImageObject\",\"inLanguage\":\"es\",\"@id\":\"https:\/\/www.sonoraenequipo.com.mx\/se-transformara-ring-la-viactiva\/#primaryimage\",\"url\":\"https:\/\/www.sonoraenequipo.com.mx\/storage\/2017\/10\/viactiva_opt2.jpg\",\"contentUrl\":\"https:\/\/www.sonoraenequipo.com.mx\/storage\/2017\/10\/viactiva_opt2.jpg\",\"width\":630,\"height\":450},{\"@type\":\"BreadcrumbList\",\"@id\":\"https:\/\/www.sonoraenequipo.com.mx\/se-transformara-ring-la-viactiva\/#breadcrumb\",\"itemListElement\":[{\"@type\":\"ListItem\",\"position\":1,\"name\":\"Portada\",\"item\":\"https:\/\/www.sonoraenequipo.com.mx\/\"},{\"@type\":\"ListItem\",\"position\":2,\"name\":\"Se transformar\u00e1 en un ring la V\u00edactiva\"}]},{\"@type\":\"WebSite\",\"@id\":\"https:\/\/www.sonoraenequipo.com.mx\/#website\",\"url\":\"https:\/\/www.sonoraenequipo.com.mx\/\",\"name\":\"Sonora en Equipo.\",\"description\":\"Diario en l\u00ednea con Noticias desde Hermosillo, Sonora\",\"publisher\":{\"@id\":\"https:\/\/www.sonoraenequipo.com.mx\/#organization\"},\"potentialAction\":[{\"@type\":\"SearchAction\",\"target\":{\"@type\":\"EntryPoint\",\"urlTemplate\":\"https:\/\/www.sonoraenequipo.com.mx\/?s={search_term_string}\"},\"query-input\":{\"@type\":\"PropertyValueSpecification\",\"valueRequired\":true,\"valueName\":\"search_term_string\"}}],\"inLanguage\":\"es\"},{\"@type\":\"Organization\",\"@id\":\"https:\/\/www.sonoraenequipo.com.mx\/#organization\",\"name\":\"Sonoraenequipo.com.mx\",\"url\":\"https:\/\/www.sonoraenequipo.com.mx\/\",\"logo\":{\"@type\":\"ImageObject\",\"inLanguage\":\"es\",\"@id\":\"https:\/\/www.sonoraenequipo.com.mx\/#\/schema\/logo\/image\/\",\"url\":\"https:\/\/www.sonoraenequipo.com.mx\/storage\/2019\/01\/sonoraenequipo_opt.png\",\"contentUrl\":\"https:\/\/www.sonoraenequipo.com.mx\/storage\/2019\/01\/sonoraenequipo_opt.png\",\"width\":375,\"height\":125,\"caption\":\"Sonoraenequipo.com.mx\"},\"image\":{\"@id\":\"https:\/\/www.sonoraenequipo.com.mx\/#\/schema\/logo\/image\/\"},\"sameAs\":[\"https:\/\/www.facebook.com\/SonoraEE\/\",\"https:\/\/x.com\/sonoraenequipo\",\"https:\/\/www.youtube.com\/channel\/UC338nW-lPEYmJQs4ZABQ1SQ\"]},{\"@type\":\"Person\",\"@id\":\"https:\/\/www.sonoraenequipo.com.mx\/#\/schema\/person\/50102df0fb23a8fa9e8effad8fa81386\",\"name\":\"enequipo\",\"image\":{\"@type\":\"ImageObject\",\"inLanguage\":\"es\",\"@id\":\"https:\/\/www.sonoraenequipo.com.mx\/#\/schema\/person\/image\/\",\"url\":\"https:\/\/secure.gravatar.com\/avatar\/049821681b589dabc0bc20695993ccebb09f5b5d4d790cd9251b97faac7c652b?s=96&d=blank&r=g\",\"contentUrl\":\"https:\/\/secure.gravatar.com\/avatar\/049821681b589dabc0bc20695993ccebb09f5b5d4d790cd9251b97faac7c652b?s=96&d=blank&r=g\",\"caption\":\"enequipo\"},\"sameAs\":[\"https:\/\/www.facebook.com\/SonoraEE\"]}]}<\/script>\n ","yoast_head_json":{"title":"Sonora en Equipo. Se transformar\u00e1 en un ring la V\u00edactiva Sin categorizar","description":"HERMOSILLO, SONORA. MX.\u2014 El pr\u00f3ximo domingo V\u00edactiva se subir\u00e1 al cuadril\u00e1tero con un espect\u00e1culo en el que participar\u00e1n luchadores de esta capital y se En Sonora en Equipo publicamos toda la informaci\u00f3n de Sonora, M\u00e9xico y el Mundo de manera oportuna y busca que la libertad de expresi\u00f3n sea real. Visita nuestro medio informativo publicado desde Hermosillo, Sonora. %","robots":{"index":"index","follow":"follow","max-snippet":"max-snippet:-1","max-image-preview":"max-image-preview:large","max-video-preview":"max-video-preview:-1"},"canonical":"https:\/\/www.sonoraenequipo.com.mx\/se-transformara-ring-la-viactiva\/","og_locale":"es_ES","og_type":"article","og_title":"Sonora en Equipo. Se transformar\u00e1 en un ring la V\u00edactiva Sin categorizar","og_description":"HERMOSILLO, SONORA. MX.\u2014 El pr\u00f3ximo domingo V\u00edactiva se subir\u00e1 al cuadril\u00e1tero con un espect\u00e1culo en el que participar\u00e1n luchadores de esta capital y se En Sonora en Equipo publicamos toda la informaci\u00f3n de Sonora, M\u00e9xico y el Mundo de manera oportuna y busca que la libertad de expresi\u00f3n sea real. Visita nuestro medio informativo publicado desde Hermosillo, Sonora. %","og_url":"https:\/\/www.sonoraenequipo.com.mx\/se-transformara-ring-la-viactiva\/","og_site_name":"Sonora en Equipo.","article_publisher":"https:\/\/www.facebook.com\/SonoraEE\/","article_author":"https:\/\/www.facebook.com\/SonoraEE","article_published_time":"2017-10-05T23:00:40+00:00","article_modified_time":"2017-10-06T16:48:29+00:00","og_image":[{"width":630,"height":450,"url":"https:\/\/www.sonoraenequipo.com.mx\/storage\/2017\/10\/viactiva_opt2.jpg","type":"image\/jpeg"}],"author":"enequipo","twitter_card":"summary_large_image","twitter_creator":"@sonoraenequipo","twitter_site":"@sonoraenequipo","twitter_misc":{"Escrito por":"enequipo","Tiempo de lectura":"2 minutos"},"schema":{"@context":"https:\/\/schema.org","@graph":[{"@type":"Article","@id":"https:\/\/www.sonoraenequipo.com.mx\/se-transformara-ring-la-viactiva\/#article","isPartOf":{"@id":"https:\/\/www.sonoraenequipo.com.mx\/se-transformara-ring-la-viactiva\/"},"author":{"name":"enequipo","@id":"https:\/\/www.sonoraenequipo.com.mx\/#\/schema\/person\/50102df0fb23a8fa9e8effad8fa81386"},"headline":"Se transformar\u00e1 en un ring la V\u00edactiva","datePublished":"2017-10-05T23:00:40+00:00","dateModified":"2017-10-06T16:48:29+00:00","mainEntityOfPage":{"@id":"https:\/\/www.sonoraenequipo.com.mx\/se-transformara-ring-la-viactiva\/"},"wordCount":361,"commentCount":0,"publisher":{"@id":"https:\/\/www.sonoraenequipo.com.mx\/#organization"},"image":{"@id":"https:\/\/www.sonoraenequipo.com.mx\/se-transformara-ring-la-viactiva\/#primaryimage"},"thumbnailUrl":"https:\/\/www.sonoraenequipo.com.mx\/storage\/2017\/10\/viactiva_opt2.jpg","articleSection":["Deportes","Municipios","Sin categorizar"],"inLanguage":"es","potentialAction":[{"@type":"CommentAction","name":"Comment","target":["https:\/\/www.sonoraenequipo.com.mx\/se-transformara-ring-la-viactiva\/#respond"]}]},{"@type":"WebPage","@id":"https:\/\/www.sonoraenequipo.com.mx\/se-transformara-ring-la-viactiva\/","url":"https:\/\/www.sonoraenequipo.com.mx\/se-transformara-ring-la-viactiva\/","name":"Sonora en Equipo. Se transformar\u00e1 en un ring la V\u00edactiva Sin categorizar","isPartOf":{"@id":"https:\/\/www.sonoraenequipo.com.mx\/#website"},"primaryImageOfPage":{"@id":"https:\/\/www.sonoraenequipo.com.mx\/se-transformara-ring-la-viactiva\/#primaryimage"},"image":{"@id":"https:\/\/www.sonoraenequipo.com.mx\/se-transformara-ring-la-viactiva\/#primaryimage"},"thumbnailUrl":"https:\/\/www.sonoraenequipo.com.mx\/storage\/2017\/10\/viactiva_opt2.jpg","datePublished":"2017-10-05T23:00:40+00:00","dateModified":"2017-10-06T16:48:29+00:00","description":"HERMOSILLO, SONORA. MX.\u2014 El pr\u00f3ximo domingo V\u00edactiva se subir\u00e1 al cuadril\u00e1tero con un espect\u00e1culo en el que participar\u00e1n luchadores de esta capital y se En Sonora en Equipo publicamos toda la informaci\u00f3n de Sonora, M\u00e9xico y el Mundo de manera oportuna y busca que la libertad de expresi\u00f3n sea real. Visita nuestro medio informativo publicado desde Hermosillo, Sonora. %","breadcrumb":{"@id":"https:\/\/www.sonoraenequipo.com.mx\/se-transformara-ring-la-viactiva\/#breadcrumb"},"inLanguage":"es","potentialAction":[{"@type":"ReadAction","target":["https:\/\/www.sonoraenequipo.com.mx\/se-transformara-ring-la-viactiva\/"]}]},{"@type":"ImageObject","inLanguage":"es","@id":"https:\/\/www.sonoraenequipo.com.mx\/se-transformara-ring-la-viactiva\/#primaryimage","url":"https:\/\/www.sonoraenequipo.com.mx\/storage\/2017\/10\/viactiva_opt2.jpg","contentUrl":"https:\/\/www.sonoraenequipo.com.mx\/storage\/2017\/10\/viactiva_opt2.jpg","width":630,"height":450},{"@type":"BreadcrumbList","@id":"https:\/\/www.sonoraenequipo.com.mx\/se-transformara-ring-la-viactiva\/#breadcrumb","itemListElement":[{"@type":"ListItem","position":1,"name":"Portada","item":"https:\/\/www.sonoraenequipo.com.mx\/"},{"@type":"ListItem","position":2,"name":"Se transformar\u00e1 en un ring la V\u00edactiva"}]},{"@type":"WebSite","@id":"https:\/\/www.sonoraenequipo.com.mx\/#website","url":"https:\/\/www.sonoraenequipo.com.mx\/","name":"Sonora en Equipo.","description":"Diario en l\u00ednea con Noticias desde Hermosillo, Sonora","publisher":{"@id":"https:\/\/www.sonoraenequipo.com.mx\/#organization"},"potentialAction":[{"@type":"SearchAction","target":{"@type":"EntryPoint","urlTemplate":"https:\/\/www.sonoraenequipo.com.mx\/?s={search_term_string}"},"query-input":{"@type":"PropertyValueSpecification","valueRequired":true,"valueName":"search_term_string"}}],"inLanguage":"es"},{"@type":"Organization","@id":"https:\/\/www.sonoraenequipo.com.mx\/#organization","name":"Sonoraenequipo.com.mx","url":"https:\/\/www.sonoraenequipo.com.mx\/","logo":{"@type":"ImageObject","inLanguage":"es","@id":"https:\/\/www.sonoraenequipo.com.mx\/#\/schema\/logo\/image\/","url":"https:\/\/www.sonoraenequipo.com.mx\/storage\/2019\/01\/sonoraenequipo_opt.png","contentUrl":"https:\/\/www.sonoraenequipo.com.mx\/storage\/2019\/01\/sonoraenequipo_opt.png","width":375,"height":125,"caption":"Sonoraenequipo.com.mx"},"image":{"@id":"https:\/\/www.sonoraenequipo.com.mx\/#\/schema\/logo\/image\/"},"sameAs":["https:\/\/www.facebook.com\/SonoraEE\/","https:\/\/x.com\/sonoraenequipo","https:\/\/www.youtube.com\/channel\/UC338nW-lPEYmJQs4ZABQ1SQ"]},{"@type":"Person","@id":"https:\/\/www.sonoraenequipo.com.mx\/#\/schema\/person\/50102df0fb23a8fa9e8effad8fa81386","name":"enequipo","image":{"@type":"ImageObject","inLanguage":"es","@id":"https:\/\/www.sonoraenequipo.com.mx\/#\/schema\/person\/image\/","url":"https:\/\/secure.gravatar.com\/avatar\/049821681b589dabc0bc20695993ccebb09f5b5d4d790cd9251b97faac7c652b?s=96&d=blank&r=g","contentUrl":"https:\/\/secure.gravatar.com\/avatar\/049821681b589dabc0bc20695993ccebb09f5b5d4d790cd9251b97faac7c652b?s=96&d=blank&r=g","caption":"enequipo"},"sameAs":["https:\/\/www.facebook.com\/SonoraEE"]}]}},"jetpack_featured_media_url":"https:\/\/www.sonoraenequipo.com.mx\/storage\/2017\/10\/viactiva_opt2.jpg","_links":{"self":[{"href":"https:\/\/www.sonoraenequipo.com.mx\/api\/wp\/v2\/posts\/27040","targetHints":{"allow":["GET"]}}],"collection":[{"href":"https:\/\/www.sonoraenequipo.com.mx\/api\/wp\/v2\/posts"}],"about":[{"href":"https:\/\/www.sonoraenequipo.com.mx\/api\/wp\/v2\/types\/post"}],"author":[{"embeddable":true,"href":"https:\/\/www.sonoraenequipo.com.mx\/api\/wp\/v2\/users\/1"}],"replies":[{"embeddable":true,"href":"https:\/\/www.sonoraenequipo.com.mx\/api\/wp\/v2\/comments?post=27040"}],"version-history":[{"count":0,"href":"https:\/\/www.sonoraenequipo.com.mx\/api\/wp\/v2\/posts\/27040\/revisions"}],"wp:featuredmedia":[{"embeddable":true,"href":"https:\/\/www.sonoraenequipo.com.mx\/api\/wp\/v2\/media\/27041"}],"wp:attachment":[{"href":"https:\/\/www.sonoraenequipo.com.mx\/api\/wp\/v2\/media?parent=27040"}],"wp:term":[{"taxonomy":"category","embeddable":true,"href":"https:\/\/www.sonoraenequipo.com.mx\/api\/wp\/v2\/categories?post=27040"},{"taxonomy":"post_tag","embeddable":true,"href":"https:\/\/www.sonoraenequipo.com.mx\/api\/wp\/v2\/tags?post=27040"}],"curies":[{"name":"wp","href":"https:\/\/api.w.org\/{rel}","templated":true}]}}