{"id":27350,"date":"2017-10-11T15:24:23","date_gmt":"2017-10-11T22:24:23","guid":{"rendered":"http:\/\/www.sonoraenequipo.com.mx\/?p=27350"},"modified":"2017-10-11T16:29:56","modified_gmt":"2017-10-11T23:29:56","slug":"cuenta-publica-refleja-desorden-despilfarro-la-administracion-estatal-carlos-diaz","status":"publish","type":"post","link":"https:\/\/www.sonoraenequipo.com.mx\/cuenta-publica-refleja-desorden-despilfarro-la-administracion-estatal-carlos-diaz\/","title":{"rendered":"Cuenta P\u00fablica refleja desorden y despilfarro de la Administraci\u00f3n Estatal: Carlos D\u00edaz"},"content":{"rendered":"<p>HERMOSILLO, SONORA. MX.\u2014 A dos a\u00f1os del actual gobierno no hay mucho que presumir, como ha quedado en evidencia con la revisi\u00f3n de la Cuenta P\u00fablica del 2016, en la cual, la actual administraci\u00f3n sobresale en deuda, despilfarro y desv\u00edo de recursos desde el inicio de este gobierno, se\u00f1al\u00f3 David Galv\u00e1n C\u00e1zares.<\/p>\n<p> <\/p>\n<p>El presidente del PAN en Sonora puntualiz\u00f3 el mal uso de los recursos p\u00fablicos que s\u00f3lo ha afectado a los ciudadanos con menor inversi\u00f3n p\u00fablica, mayor inseguridad, limitado acceso a educaci\u00f3n y salud, y poco recurso para los municipios, como se establece en el an\u00e1lisis hecho de la Cuenta P\u00fablica 2016.<\/p>\n<p>&nbsp;<\/p>\n<p><em>\u201cDesgraciadamente, y por sus propios datos, se nota que el estado est\u00e1 mal administrado como ning\u00fan otro estado, las finanzas p\u00fablicas est\u00e1n p\u00e9simamente administradas y vemos una irresponsabilidad por parte de este Gobierno en la administraci\u00f3n de los recursos\u201d,<\/em> afirm\u00f3.<\/p>\n<p>En la revisi\u00f3n de la Cuenta P\u00fablica del 2016, mencion\u00f3 Galv\u00e1n C\u00e1zares, se detect\u00f3 que el Estado ten\u00eda presupuestado m\u00e1s de 8 mil millones de pesos para obra p\u00fablica pero dej\u00f3 de ejercer m\u00e1s de 3 mil millones de pesos, es decir, 3 veces el presupuesto estatal de la UNISON o la pavimentaci\u00f3n de 3 mil 500 calles.<\/p>\n<p>A\u00f1adi\u00f3 que durante el 2016 el Estado gast\u00f3 m\u00e1s de 4 mil millones de pesos a lo presupuestado en n\u00f3mina, servicios generales y servicios materiales, esto significa que gast\u00f3 m\u00e1s en su gabinete que en los ciudadanos.<\/p>\n<p>En n\u00f3mina, ejemplific\u00f3, de acuerdo a la Cuenta P\u00fablica, el incremento que tuvieron fue de m\u00e1s de 700 millones de pesos a lo aprobado, cantidad con la cual se pudo haber construido 400 canchas deportivas de Futbol siete.<\/p>\n<p>Otro gasto excesivo fue la remodelaci\u00f3n de oficinas cuyo monto fue de 308 millones de pesos, lo que bien pudieron significar 300 camiones de transporte urbano, destac\u00f3.<\/p>\n<p>En el rubro de la deuda p\u00fablica, expres\u00f3 el dirigente estatal del PAN, esta administraci\u00f3n se convierte, en tan s\u00f3lo 2 a\u00f1os, como la que m\u00e1s deuda ha generado para los sonorenses al contratar 12 mil millones de pesos, a largo y a corto plazo, por lo cual la Secretar\u00eda de Hacienda y Cr\u00e9dito P\u00fablico (SHCP) le mantiene la alerta <em>\u201cEndeudamiento en Observaci\u00f3n\u201d.<\/em><\/p>\n<p>&nbsp;<\/p>\n<p><em>\u201cSe empiezan a aclarar las cosas, a dos a\u00f1os de gobierno, se comienza a saber la verdad de lo que est\u00e1 pasando en el Estado de Sonora, despilfarro, deuda, desorganizaci\u00f3n y desvi\u00f3 de recursos\u201d,<\/em> reiter\u00f3 Galv\u00e1n C\u00e1zares.<\/p>\n<p>El Ejecutivo Estatal, dijo, podr\u00e1 tener una auditoria a modo a nivel local, pero a nivel nacional ha sido evidenciado por la Secretar\u00eda de Hacienda y Cr\u00e9dito P\u00fablico (SHCP), la Auditor\u00eda Superior de la Federaci\u00f3n (ASF) y el Instituto Mexicano de Competitividad (IMCO) por sus errores que perjudican a los sonorenses<\/p>\n<p>&nbsp;<\/p>\n<p>(Fecha de publicaci\u00f3n 11102017)<\/p>\n","protected":false},"excerpt":{"rendered":"<p>HERMOSILLO, SONORA. MX.\u2014 A dos a\u00f1os del actual gobierno no hay mucho que presumir, como&#8230;<\/p>\n","protected":false},"author":1,"featured_media":27351,"comment_status":"open","ping_status":"open","sticky":false,"template":"","format":"standard","meta":{"_monsterinsights_skip_tracking":false,"_monsterinsights_sitenote_active":false,"_monsterinsights_sitenote_note":"","_monsterinsights_sitenote_category":0,"footnotes":""},"categories":[13,22],"tags":[],"class_list":["post"],"yoast_head":" \n<title>Sonora en Equipo. Cuenta P\u00fablica refleja desorden y despilfarro de la Administraci\u00f3n Estatal: Carlos D\u00edaz Destacadas<\/title>\n<meta name=\"description\" content=\"HERMOSILLO, SONORA. MX.\u2014 A dos a\u00f1os del actual gobierno no hay mucho que presumir, como ha quedado en evidencia con la revisi\u00f3n de la Cuenta P\u00fablica del En Sonora en Equipo publicamos toda la informaci\u00f3n de Sonora, M\u00e9xico y el Mundo de manera oportuna y busca que la libertad de expresi\u00f3n sea real. Visita nuestro medio informativo publicado desde Hermosillo, Sonora. %\" \/>\n<meta name=\"robots\" content=\"index, follow, max-snippet:-1, max-image-preview:large, max-video-preview:-1\" \/>\n<link rel=\"canonical\" href=\"https:\/\/www.sonoraenequipo.com.mx\/cuenta-publica-refleja-desorden-despilfarro-la-administracion-estatal-carlos-diaz\/\" \/>\n<meta property=\"og:locale\" content=\"es_ES\" \/>\n<meta property=\"og:type\" content=\"article\" \/>\n<meta property=\"og:title\" content=\"Sonora en Equipo. Cuenta P\u00fablica refleja desorden y despilfarro de la Administraci\u00f3n Estatal: Carlos D\u00edaz Destacadas\" \/>\n<meta property=\"og:description\" content=\"HERMOSILLO, SONORA. MX.\u2014 A dos a\u00f1os del actual gobierno no hay mucho que presumir, como ha quedado en evidencia con la revisi\u00f3n de la Cuenta P\u00fablica del En Sonora en Equipo publicamos toda la informaci\u00f3n de Sonora, M\u00e9xico y el Mundo de manera oportuna y busca que la libertad de expresi\u00f3n sea real. Visita nuestro medio informativo publicado desde Hermosillo, Sonora. %\" \/>\n<meta property=\"og:url\" content=\"https:\/\/www.sonoraenequipo.com.mx\/cuenta-publica-refleja-desorden-despilfarro-la-administracion-estatal-carlos-diaz\/\" \/>\n<meta property=\"og:site_name\" content=\"Sonora en Equipo.\" \/>\n<meta property=\"article:publisher\" content=\"https:\/\/www.facebook.com\/SonoraEE\/\" \/>\n<meta property=\"article:author\" content=\"https:\/\/www.facebook.com\/SonoraEE\" \/>\n<meta property=\"article:published_time\" content=\"2017-10-11T22:24:23+00:00\" \/>\n<meta property=\"article:modified_time\" content=\"2017-10-11T23:29:56+00:00\" \/>\n<meta property=\"og:image\" content=\"https:\/\/www.sonoraenequipo.com.mx\/storage\/2017\/10\/carlosdiaz-pan_opt.jpg\" \/>\n\t<meta property=\"og:image:width\" content=\"715\" \/>\n\t<meta property=\"og:image:height\" content=\"500\" \/>\n\t<meta property=\"og:image:type\" content=\"image\/jpeg\" \/>\n<meta name=\"author\" content=\"enequipo\" \/>\n<meta name=\"twitter:card\" content=\"summary_large_image\" \/>\n<meta name=\"twitter:creator\" content=\"@sonoraenequipo\" \/>\n<meta name=\"twitter:site\" content=\"@sonoraenequipo\" \/>\n<meta name=\"twitter:label1\" content=\"Escrito por\" \/>\n\t<meta name=\"twitter:data1\" content=\"enequipo\" \/>\n\t<meta name=\"twitter:label2\" content=\"Tiempo de lectura\" \/>\n\t<meta name=\"twitter:data2\" content=\"3 minutos\" \/>\n<script type=\"application\/ld+json\" class=\"yoast-schema-graph\">{\"@context\":\"https:\/\/schema.org\",\"@graph\":[{\"@type\":\"Article\",\"@id\":\"https:\/\/www.sonoraenequipo.com.mx\/cuenta-publica-refleja-desorden-despilfarro-la-administracion-estatal-carlos-diaz\/#article\",\"isPartOf\":{\"@id\":\"https:\/\/www.sonoraenequipo.com.mx\/cuenta-publica-refleja-desorden-despilfarro-la-administracion-estatal-carlos-diaz\/\"},\"author\":{\"name\":\"enequipo\",\"@id\":\"https:\/\/www.sonoraenequipo.com.mx\/#\/schema\/person\/50102df0fb23a8fa9e8effad8fa81386\"},\"headline\":\"Cuenta P\u00fablica refleja desorden y despilfarro de la Administraci\u00f3n Estatal: Carlos D\u00edaz\",\"datePublished\":\"2017-10-11T22:24:23+00:00\",\"dateModified\":\"2017-10-11T23:29:56+00:00\",\"mainEntityOfPage\":{\"@id\":\"https:\/\/www.sonoraenequipo.com.mx\/cuenta-publica-refleja-desorden-despilfarro-la-administracion-estatal-carlos-diaz\/\"},\"wordCount\":515,\"commentCount\":0,\"publisher\":{\"@id\":\"https:\/\/www.sonoraenequipo.com.mx\/#organization\"},\"image\":{\"@id\":\"https:\/\/www.sonoraenequipo.com.mx\/cuenta-publica-refleja-desorden-despilfarro-la-administracion-estatal-carlos-diaz\/#primaryimage\"},\"thumbnailUrl\":\"https:\/\/www.sonoraenequipo.com.mx\/storage\/2017\/10\/carlosdiaz-pan_opt.jpg\",\"articleSection\":[\"Destacadas\",\"Sonora\"],\"inLanguage\":\"es\",\"potentialAction\":[{\"@type\":\"CommentAction\",\"name\":\"Comment\",\"target\":[\"https:\/\/www.sonoraenequipo.com.mx\/cuenta-publica-refleja-desorden-despilfarro-la-administracion-estatal-carlos-diaz\/#respond\"]}]},{\"@type\":\"WebPage\",\"@id\":\"https:\/\/www.sonoraenequipo.com.mx\/cuenta-publica-refleja-desorden-despilfarro-la-administracion-estatal-carlos-diaz\/\",\"url\":\"https:\/\/www.sonoraenequipo.com.mx\/cuenta-publica-refleja-desorden-despilfarro-la-administracion-estatal-carlos-diaz\/\",\"name\":\"Sonora en Equipo. Cuenta P\u00fablica refleja desorden y despilfarro de la Administraci\u00f3n Estatal: Carlos D\u00edaz Destacadas\",\"isPartOf\":{\"@id\":\"https:\/\/www.sonoraenequipo.com.mx\/#website\"},\"primaryImageOfPage\":{\"@id\":\"https:\/\/www.sonoraenequipo.com.mx\/cuenta-publica-refleja-desorden-despilfarro-la-administracion-estatal-carlos-diaz\/#primaryimage\"},\"image\":{\"@id\":\"https:\/\/www.sonoraenequipo.com.mx\/cuenta-publica-refleja-desorden-despilfarro-la-administracion-estatal-carlos-diaz\/#primaryimage\"},\"thumbnailUrl\":\"https:\/\/www.sonoraenequipo.com.mx\/storage\/2017\/10\/carlosdiaz-pan_opt.jpg\",\"datePublished\":\"2017-10-11T22:24:23+00:00\",\"dateModified\":\"2017-10-11T23:29:56+00:00\",\"description\":\"HERMOSILLO, SONORA. MX.\u2014 A dos a\u00f1os del actual gobierno no hay mucho que presumir, como ha quedado en evidencia con la revisi\u00f3n de la Cuenta P\u00fablica del En Sonora en Equipo publicamos toda la informaci\u00f3n de Sonora, M\u00e9xico y el Mundo de manera oportuna y busca que la libertad de expresi\u00f3n sea real. Visita nuestro medio informativo publicado desde Hermosillo, Sonora. %\",\"breadcrumb\":{\"@id\":\"https:\/\/www.sonoraenequipo.com.mx\/cuenta-publica-refleja-desorden-despilfarro-la-administracion-estatal-carlos-diaz\/#breadcrumb\"},\"inLanguage\":\"es\",\"potentialAction\":[{\"@type\":\"ReadAction\",\"target\":[\"https:\/\/www.sonoraenequipo.com.mx\/cuenta-publica-refleja-desorden-despilfarro-la-administracion-estatal-carlos-diaz\/\"]}]},{\"@type\":\"ImageObject\",\"inLanguage\":\"es\",\"@id\":\"https:\/\/www.sonoraenequipo.com.mx\/cuenta-publica-refleja-desorden-despilfarro-la-administracion-estatal-carlos-diaz\/#primaryimage\",\"url\":\"https:\/\/www.sonoraenequipo.com.mx\/storage\/2017\/10\/carlosdiaz-pan_opt.jpg\",\"contentUrl\":\"https:\/\/www.sonoraenequipo.com.mx\/storage\/2017\/10\/carlosdiaz-pan_opt.jpg\",\"width\":715,\"height\":500},{\"@type\":\"BreadcrumbList\",\"@id\":\"https:\/\/www.sonoraenequipo.com.mx\/cuenta-publica-refleja-desorden-despilfarro-la-administracion-estatal-carlos-diaz\/#breadcrumb\",\"itemListElement\":[{\"@type\":\"ListItem\",\"position\":1,\"name\":\"Portada\",\"item\":\"https:\/\/www.sonoraenequipo.com.mx\/\"},{\"@type\":\"ListItem\",\"position\":2,\"name\":\"Cuenta P\u00fablica refleja desorden y despilfarro de la Administraci\u00f3n Estatal: Carlos D\u00edaz\"}]},{\"@type\":\"WebSite\",\"@id\":\"https:\/\/www.sonoraenequipo.com.mx\/#website\",\"url\":\"https:\/\/www.sonoraenequipo.com.mx\/\",\"name\":\"Sonora en Equipo.\",\"description\":\"Diario en l\u00ednea con Noticias desde Hermosillo, Sonora\",\"publisher\":{\"@id\":\"https:\/\/www.sonoraenequipo.com.mx\/#organization\"},\"potentialAction\":[{\"@type\":\"SearchAction\",\"target\":{\"@type\":\"EntryPoint\",\"urlTemplate\":\"https:\/\/www.sonoraenequipo.com.mx\/?s={search_term_string}\"},\"query-input\":{\"@type\":\"PropertyValueSpecification\",\"valueRequired\":true,\"valueName\":\"search_term_string\"}}],\"inLanguage\":\"es\"},{\"@type\":\"Organization\",\"@id\":\"https:\/\/www.sonoraenequipo.com.mx\/#organization\",\"name\":\"Sonoraenequipo.com.mx\",\"url\":\"https:\/\/www.sonoraenequipo.com.mx\/\",\"logo\":{\"@type\":\"ImageObject\",\"inLanguage\":\"es\",\"@id\":\"https:\/\/www.sonoraenequipo.com.mx\/#\/schema\/logo\/image\/\",\"url\":\"https:\/\/www.sonoraenequipo.com.mx\/storage\/2019\/01\/sonoraenequipo_opt.png\",\"contentUrl\":\"https:\/\/www.sonoraenequipo.com.mx\/storage\/2019\/01\/sonoraenequipo_opt.png\",\"width\":375,\"height\":125,\"caption\":\"Sonoraenequipo.com.mx\"},\"image\":{\"@id\":\"https:\/\/www.sonoraenequipo.com.mx\/#\/schema\/logo\/image\/\"},\"sameAs\":[\"https:\/\/www.facebook.com\/SonoraEE\/\",\"https:\/\/x.com\/sonoraenequipo\",\"https:\/\/www.youtube.com\/channel\/UC338nW-lPEYmJQs4ZABQ1SQ\"]},{\"@type\":\"Person\",\"@id\":\"https:\/\/www.sonoraenequipo.com.mx\/#\/schema\/person\/50102df0fb23a8fa9e8effad8fa81386\",\"name\":\"enequipo\",\"image\":{\"@type\":\"ImageObject\",\"inLanguage\":\"es\",\"@id\":\"https:\/\/www.sonoraenequipo.com.mx\/#\/schema\/person\/image\/\",\"url\":\"https:\/\/secure.gravatar.com\/avatar\/049821681b589dabc0bc20695993ccebb09f5b5d4d790cd9251b97faac7c652b?s=96&d=blank&r=g\",\"contentUrl\":\"https:\/\/secure.gravatar.com\/avatar\/049821681b589dabc0bc20695993ccebb09f5b5d4d790cd9251b97faac7c652b?s=96&d=blank&r=g\",\"caption\":\"enequipo\"},\"sameAs\":[\"https:\/\/www.facebook.com\/SonoraEE\"]}]}<\/script>\n ","yoast_head_json":{"title":"Sonora en Equipo. Cuenta P\u00fablica refleja desorden y despilfarro de la Administraci\u00f3n Estatal: Carlos D\u00edaz Destacadas","description":"HERMOSILLO, SONORA. MX.\u2014 A dos a\u00f1os del actual gobierno no hay mucho que presumir, como ha quedado en evidencia con la revisi\u00f3n de la Cuenta P\u00fablica del En Sonora en Equipo publicamos toda la informaci\u00f3n de Sonora, M\u00e9xico y el Mundo de manera oportuna y busca que la libertad de expresi\u00f3n sea real. Visita nuestro medio informativo publicado desde Hermosillo, Sonora. %","robots":{"index":"index","follow":"follow","max-snippet":"max-snippet:-1","max-image-preview":"max-image-preview:large","max-video-preview":"max-video-preview:-1"},"canonical":"https:\/\/www.sonoraenequipo.com.mx\/cuenta-publica-refleja-desorden-despilfarro-la-administracion-estatal-carlos-diaz\/","og_locale":"es_ES","og_type":"article","og_title":"Sonora en Equipo. Cuenta P\u00fablica refleja desorden y despilfarro de la Administraci\u00f3n Estatal: Carlos D\u00edaz Destacadas","og_description":"HERMOSILLO, SONORA. MX.\u2014 A dos a\u00f1os del actual gobierno no hay mucho que presumir, como ha quedado en evidencia con la revisi\u00f3n de la Cuenta P\u00fablica del En Sonora en Equipo publicamos toda la informaci\u00f3n de Sonora, M\u00e9xico y el Mundo de manera oportuna y busca que la libertad de expresi\u00f3n sea real. Visita nuestro medio informativo publicado desde Hermosillo, Sonora. %","og_url":"https:\/\/www.sonoraenequipo.com.mx\/cuenta-publica-refleja-desorden-despilfarro-la-administracion-estatal-carlos-diaz\/","og_site_name":"Sonora en Equipo.","article_publisher":"https:\/\/www.facebook.com\/SonoraEE\/","article_author":"https:\/\/www.facebook.com\/SonoraEE","article_published_time":"2017-10-11T22:24:23+00:00","article_modified_time":"2017-10-11T23:29:56+00:00","og_image":[{"width":715,"height":500,"url":"https:\/\/www.sonoraenequipo.com.mx\/storage\/2017\/10\/carlosdiaz-pan_opt.jpg","type":"image\/jpeg"}],"author":"enequipo","twitter_card":"summary_large_image","twitter_creator":"@sonoraenequipo","twitter_site":"@sonoraenequipo","twitter_misc":{"Escrito por":"enequipo","Tiempo de lectura":"3 minutos"},"schema":{"@context":"https:\/\/schema.org","@graph":[{"@type":"Article","@id":"https:\/\/www.sonoraenequipo.com.mx\/cuenta-publica-refleja-desorden-despilfarro-la-administracion-estatal-carlos-diaz\/#article","isPartOf":{"@id":"https:\/\/www.sonoraenequipo.com.mx\/cuenta-publica-refleja-desorden-despilfarro-la-administracion-estatal-carlos-diaz\/"},"author":{"name":"enequipo","@id":"https:\/\/www.sonoraenequipo.com.mx\/#\/schema\/person\/50102df0fb23a8fa9e8effad8fa81386"},"headline":"Cuenta P\u00fablica refleja desorden y despilfarro de la Administraci\u00f3n Estatal: Carlos D\u00edaz","datePublished":"2017-10-11T22:24:23+00:00","dateModified":"2017-10-11T23:29:56+00:00","mainEntityOfPage":{"@id":"https:\/\/www.sonoraenequipo.com.mx\/cuenta-publica-refleja-desorden-despilfarro-la-administracion-estatal-carlos-diaz\/"},"wordCount":515,"commentCount":0,"publisher":{"@id":"https:\/\/www.sonoraenequipo.com.mx\/#organization"},"image":{"@id":"https:\/\/www.sonoraenequipo.com.mx\/cuenta-publica-refleja-desorden-despilfarro-la-administracion-estatal-carlos-diaz\/#primaryimage"},"thumbnailUrl":"https:\/\/www.sonoraenequipo.com.mx\/storage\/2017\/10\/carlosdiaz-pan_opt.jpg","articleSection":["Destacadas","Sonora"],"inLanguage":"es","potentialAction":[{"@type":"CommentAction","name":"Comment","target":["https:\/\/www.sonoraenequipo.com.mx\/cuenta-publica-refleja-desorden-despilfarro-la-administracion-estatal-carlos-diaz\/#respond"]}]},{"@type":"WebPage","@id":"https:\/\/www.sonoraenequipo.com.mx\/cuenta-publica-refleja-desorden-despilfarro-la-administracion-estatal-carlos-diaz\/","url":"https:\/\/www.sonoraenequipo.com.mx\/cuenta-publica-refleja-desorden-despilfarro-la-administracion-estatal-carlos-diaz\/","name":"Sonora en Equipo. Cuenta P\u00fablica refleja desorden y despilfarro de la Administraci\u00f3n Estatal: Carlos D\u00edaz Destacadas","isPartOf":{"@id":"https:\/\/www.sonoraenequipo.com.mx\/#website"},"primaryImageOfPage":{"@id":"https:\/\/www.sonoraenequipo.com.mx\/cuenta-publica-refleja-desorden-despilfarro-la-administracion-estatal-carlos-diaz\/#primaryimage"},"image":{"@id":"https:\/\/www.sonoraenequipo.com.mx\/cuenta-publica-refleja-desorden-despilfarro-la-administracion-estatal-carlos-diaz\/#primaryimage"},"thumbnailUrl":"https:\/\/www.sonoraenequipo.com.mx\/storage\/2017\/10\/carlosdiaz-pan_opt.jpg","datePublished":"2017-10-11T22:24:23+00:00","dateModified":"2017-10-11T23:29:56+00:00","description":"HERMOSILLO, SONORA. MX.\u2014 A dos a\u00f1os del actual gobierno no hay mucho que presumir, como ha quedado en evidencia con la revisi\u00f3n de la Cuenta P\u00fablica del En Sonora en Equipo publicamos toda la informaci\u00f3n de Sonora, M\u00e9xico y el Mundo de manera oportuna y busca que la libertad de expresi\u00f3n sea real. Visita nuestro medio informativo publicado desde Hermosillo, Sonora. %","breadcrumb":{"@id":"https:\/\/www.sonoraenequipo.com.mx\/cuenta-publica-refleja-desorden-despilfarro-la-administracion-estatal-carlos-diaz\/#breadcrumb"},"inLanguage":"es","potentialAction":[{"@type":"ReadAction","target":["https:\/\/www.sonoraenequipo.com.mx\/cuenta-publica-refleja-desorden-despilfarro-la-administracion-estatal-carlos-diaz\/"]}]},{"@type":"ImageObject","inLanguage":"es","@id":"https:\/\/www.sonoraenequipo.com.mx\/cuenta-publica-refleja-desorden-despilfarro-la-administracion-estatal-carlos-diaz\/#primaryimage","url":"https:\/\/www.sonoraenequipo.com.mx\/storage\/2017\/10\/carlosdiaz-pan_opt.jpg","contentUrl":"https:\/\/www.sonoraenequipo.com.mx\/storage\/2017\/10\/carlosdiaz-pan_opt.jpg","width":715,"height":500},{"@type":"BreadcrumbList","@id":"https:\/\/www.sonoraenequipo.com.mx\/cuenta-publica-refleja-desorden-despilfarro-la-administracion-estatal-carlos-diaz\/#breadcrumb","itemListElement":[{"@type":"ListItem","position":1,"name":"Portada","item":"https:\/\/www.sonoraenequipo.com.mx\/"},{"@type":"ListItem","position":2,"name":"Cuenta P\u00fablica refleja desorden y despilfarro de la Administraci\u00f3n Estatal: Carlos D\u00edaz"}]},{"@type":"WebSite","@id":"https:\/\/www.sonoraenequipo.com.mx\/#website","url":"https:\/\/www.sonoraenequipo.com.mx\/","name":"Sonora en Equipo.","description":"Diario en l\u00ednea con Noticias desde Hermosillo, Sonora","publisher":{"@id":"https:\/\/www.sonoraenequipo.com.mx\/#organization"},"potentialAction":[{"@type":"SearchAction","target":{"@type":"EntryPoint","urlTemplate":"https:\/\/www.sonoraenequipo.com.mx\/?s={search_term_string}"},"query-input":{"@type":"PropertyValueSpecification","valueRequired":true,"valueName":"search_term_string"}}],"inLanguage":"es"},{"@type":"Organization","@id":"https:\/\/www.sonoraenequipo.com.mx\/#organization","name":"Sonoraenequipo.com.mx","url":"https:\/\/www.sonoraenequipo.com.mx\/","logo":{"@type":"ImageObject","inLanguage":"es","@id":"https:\/\/www.sonoraenequipo.com.mx\/#\/schema\/logo\/image\/","url":"https:\/\/www.sonoraenequipo.com.mx\/storage\/2019\/01\/sonoraenequipo_opt.png","contentUrl":"https:\/\/www.sonoraenequipo.com.mx\/storage\/2019\/01\/sonoraenequipo_opt.png","width":375,"height":125,"caption":"Sonoraenequipo.com.mx"},"image":{"@id":"https:\/\/www.sonoraenequipo.com.mx\/#\/schema\/logo\/image\/"},"sameAs":["https:\/\/www.facebook.com\/SonoraEE\/","https:\/\/x.com\/sonoraenequipo","https:\/\/www.youtube.com\/channel\/UC338nW-lPEYmJQs4ZABQ1SQ"]},{"@type":"Person","@id":"https:\/\/www.sonoraenequipo.com.mx\/#\/schema\/person\/50102df0fb23a8fa9e8effad8fa81386","name":"enequipo","image":{"@type":"ImageObject","inLanguage":"es","@id":"https:\/\/www.sonoraenequipo.com.mx\/#\/schema\/person\/image\/","url":"https:\/\/secure.gravatar.com\/avatar\/049821681b589dabc0bc20695993ccebb09f5b5d4d790cd9251b97faac7c652b?s=96&d=blank&r=g","contentUrl":"https:\/\/secure.gravatar.com\/avatar\/049821681b589dabc0bc20695993ccebb09f5b5d4d790cd9251b97faac7c652b?s=96&d=blank&r=g","caption":"enequipo"},"sameAs":["https:\/\/www.facebook.com\/SonoraEE"]}]}},"jetpack_featured_media_url":"https:\/\/www.sonoraenequipo.com.mx\/storage\/2017\/10\/carlosdiaz-pan_opt.jpg","_links":{"self":[{"href":"https:\/\/www.sonoraenequipo.com.mx\/api\/wp\/v2\/posts\/27350","targetHints":{"allow":["GET"]}}],"collection":[{"href":"https:\/\/www.sonoraenequipo.com.mx\/api\/wp\/v2\/posts"}],"about":[{"href":"https:\/\/www.sonoraenequipo.com.mx\/api\/wp\/v2\/types\/post"}],"author":[{"embeddable":true,"href":"https:\/\/www.sonoraenequipo.com.mx\/api\/wp\/v2\/users\/1"}],"replies":[{"embeddable":true,"href":"https:\/\/www.sonoraenequipo.com.mx\/api\/wp\/v2\/comments?post=27350"}],"version-history":[{"count":0,"href":"https:\/\/www.sonoraenequipo.com.mx\/api\/wp\/v2\/posts\/27350\/revisions"}],"wp:featuredmedia":[{"embeddable":true,"href":"https:\/\/www.sonoraenequipo.com.mx\/api\/wp\/v2\/media\/27351"}],"wp:attachment":[{"href":"https:\/\/www.sonoraenequipo.com.mx\/api\/wp\/v2\/media?parent=27350"}],"wp:term":[{"taxonomy":"category","embeddable":true,"href":"https:\/\/www.sonoraenequipo.com.mx\/api\/wp\/v2\/categories?post=27350"},{"taxonomy":"post_tag","embeddable":true,"href":"https:\/\/www.sonoraenequipo.com.mx\/api\/wp\/v2\/tags?post=27350"}],"curies":[{"name":"wp","href":"https:\/\/api.w.org\/{rel}","templated":true}]}}