{"id":27366,"date":"2017-10-11T18:15:55","date_gmt":"2017-10-12T01:15:55","guid":{"rendered":"http:\/\/www.sonoraenequipo.com.mx\/?p=27366"},"modified":"2017-10-11T20:21:55","modified_gmt":"2017-10-12T03:21:55","slug":"fortalece-gobernadora-pavlovich-transparencia-rendicion-cuentas","status":"publish","type":"post","link":"https:\/\/www.sonoraenequipo.com.mx\/fortalece-gobernadora-pavlovich-transparencia-rendicion-cuentas\/","title":{"rendered":"Fortalece Gobernadora Pavlovich transparencia y rendici\u00f3n de cuentas"},"content":{"rendered":"<p>HERMOSILLO, SONORA. MX.\u2014 A dos a\u00f1os de iniciar la administraci\u00f3n de la gobernadora Claudia Pavlovich Arellano, el secretario de la Contralor\u00eda General Miguel \u00c1ngel Murillo dijo que el Gobierno del Estado de Sonora contin\u00faa fortaleciendo sus pol\u00edticas en materia de transparencia y rendici\u00f3n de cuentas para recuperar la confianza de las y los sonorenses.<\/p>\n<p> <\/p>\n<p><em>\u201cSe ha logrado recuperar el orden administrativo dentro del aparato de gobierno\u201d,<\/em> priorizando la actuaci\u00f3n de los servidores p\u00fablicos y la reducci\u00f3n de observaciones por parte de los \u00f3rganos de fiscalizaci\u00f3n superior como son el ISAF, la ASF y la SFP. Destac\u00f3 que la Cuenta P\u00fablica de la Hacienda Estatal del 2016 arroj\u00f3 solo 167 observaciones, consider\u00e1ndose ya como la m\u00e1s limpia de los \u00faltimos 10 a\u00f1os.<\/p>\n<p>La Contralor\u00eda, dijo, <em>\u201cha enfocado sus esfuerzos en consolidar el aparato gubernamental y la infraestructura tecnol\u00f3gica, para darle a la sociedad apertura del quehacer de la administraci\u00f3n, buscando una mayor participaci\u00f3n y vigilancia corresponsable por parte de las y los ciudadanos en el uso de los recursos p\u00fablicos\u201d.<\/em><\/p>\n<p>Murillo Aispuro apunt\u00f3 tambi\u00e9n que si bien Sonora fue de los primeros estados en el pa\u00eds en cumplir con las adecuaciones normativas y estructurales requeridas por el Sistema Nacional Anticorrupci\u00f3n, se sigue trabajando en la planificaci\u00f3n de su funcionamiento en el estado y se realizan las gestiones necesarias para impulsarlo e implementarlo, y que se trabaja en el andamiaje jur\u00eddico para hacer frente a los retos operacionales del Sistema Nacional Anticorrupci\u00f3n y el Sistema Estatal Anticorrupci\u00f3n.<\/p>\n<p>Hizo referencia a la profesionalizaci\u00f3n de los servidores p\u00fablicos, llegando a m\u00e1s de 4 mil funcionarios capacitados en distintos temas de trabajo gubernamental, y anunci\u00f3 el programa de capacitaci\u00f3n para m\u00e1s de 5000 servidores p\u00fablicos en materia de anticorrupci\u00f3n.<\/p>\n<p>Dijo que la Contralor\u00eda ha fortalecido las plataformas electr\u00f3nicas y la infraestructura tecnol\u00f3gica y puso como ejemplo tres sistemas: el galardonado portal web www.tuobra.mx, que ha recibido 321 mil 267 visitas a la fecha por parte de 17 mil 473 usuarios, y en donde se han consultado datos de mil 847 obras realizadas y alrededor de 900 en proceso; el sistema CompraNet Sonora, utilizado para la captura, seguimiento y publicaci\u00f3n de las contrataciones con normatividad estatal, que a la fecha cuenta con 111 proveedores registrados y 124 usuarios para unidades compradoras; y la plataforma DECIDES (Sistema de Denuncia Ciudadana del Estado de Sonora), pr\u00f3xima a liberarse, que permitir\u00e1 a los ciudadanos presentar quejas, denuncias y peticiones relacionadas con el desempe\u00f1o de las dependencias y entidades gubernamentales.<\/p>\n<p>Destac\u00f3 que uno de los aciertos m\u00e1s significativos para facilitar los servicios de gobierno al p\u00fablico fue la integraci\u00f3n de la Firma Electr\u00f3nica Avanzada en tr\u00e1mites, y que gracias a ella se han emitido 176,963 mil certificados de primaria y secundaria, y se han emitido 4 mil 789 actas en l\u00ednea.<\/p>\n<p>Por otra parte, enfatiz\u00f3 que se contin\u00faa con la publicaci\u00f3n anual de las declaraciones 3 de 3 del gabinete legal y ampliado, y se le ha dado especial atenci\u00f3n a la presentaci\u00f3n de las declaraciones de situaci\u00f3n patrimonial, de forma tal que solo hay 25 procedimientos instaurados en contra de los omisos.<\/p>\n<p>En materia de licitaciones y obra p\u00fablica, apunt\u00f3 que se analizaron y dictaminaron 581 nuevos proyectos de bases de contrataci\u00f3n de obra p\u00fablica, adquisiciones y servicios, las cuales convocaron a 918 licitaciones y dieron origen a 650 contratos de adquisiciones, arrendamientos y servicios de bienes muebles y 406 contratos de obra p\u00fablica, y que se han revisado 410 obras de 15 programas de inversi\u00f3n, con un monto fiscalizado de 2,093.4 millones de pesos; y, en cuanto a las auditor\u00edas conjuntas con la Secretar\u00eda de la Funci\u00f3n P\u00fablica, se revis\u00f3 un programa en verificaci\u00f3n del ejercicio 2015 y 5 programas de 2016, con una inversi\u00f3n total de 2,022.2 millones de pesos correspondientes a 62 obras.<\/p>\n<p>De igual manera, dijo que con el objetivo de fortalecer las l\u00edneas de seguimiento y control en cada una de las entidades, se realizaron un total de 409 auditor\u00edas directas, de las cuales se determinaron 654 observaciones, solventando un total de 174 y restando 549 en proceso de solventaci\u00f3n.<\/p>\n<p>Por \u00faltimo, mencion\u00f3 que gracias a la firma del Acuerdo de Coordinaci\u00f3n en Materia de Transparencia y Combate a la Corrupci\u00f3n entre el estado y los 72 municipios, se ha brindado apoyo y asesor\u00eda t\u00e9cnica a los servidores p\u00fablicos de los ayuntamiento, a trav\u00e9s de las 17 reuniones de capacitaci\u00f3n realizadas en el marco de la Comisi\u00f3n Permanente de Contralores Estado-Municipios, sumando poco m\u00e1s de 2000 funcionarios municipales atendidos.<\/p>\n<p>Resalt\u00f3 la conformaci\u00f3n de los Comit\u00e9s de Control y Desempe\u00f1o Institucional dentro de la administraci\u00f3n, cuya principal labor es analizar, dar seguimiento, tomar decisiones, ordenar y transparentar los temas administrativos, presupuestales, financieros y sobre la integridad institucional.<\/p>\n<p><em>\u201cLa Contralor\u00eda General continuar\u00e1 realizando acciones precisas encaminadas a la transparencia y la rendici\u00f3n de cuentas, privilegiando siempre tanto la participaci\u00f3n como el inter\u00e9s de las y los ciudadanos sonorenses por conocer abiertamente el quehacer gubernamental, en el entendido de que son ellos el principio y fin de todo gobierno\u201d,<\/em> finaliz\u00f3.<\/p>\n<p>&nbsp;<\/p>\n<p>&nbsp;<\/p>\n<p>(Fecha de publicaci\u00f3n 11102017)<\/p>\n","protected":false},"excerpt":{"rendered":"<p>HERMOSILLO, SONORA. MX.\u2014 A dos a\u00f1os de iniciar la administraci\u00f3n de la gobernadora Claudia Pavlovich&#8230;<\/p>\n","protected":false},"author":1,"featured_media":27367,"comment_status":"open","ping_status":"open","sticky":false,"template":"","format":"standard","meta":{"_monsterinsights_skip_tracking":false,"_monsterinsights_sitenote_active":false,"_monsterinsights_sitenote_note":"","_monsterinsights_sitenote_category":0,"footnotes":""},"categories":[13,22],"tags":[],"class_list":["post"],"yoast_head":" \n<title>Sonora en Equipo. Fortalece Gobernadora Pavlovich transparencia y rendici\u00f3n de cuentas Destacadas<\/title>\n<meta name=\"description\" content=\"HERMOSILLO, SONORA. MX.\u2014 A dos a\u00f1os de iniciar la administraci\u00f3n de la gobernadora Claudia Pavlovich Arellano, el secretario de la Contralor\u00eda General En Sonora en Equipo publicamos toda la informaci\u00f3n de Sonora, M\u00e9xico y el Mundo de manera oportuna y busca que la libertad de expresi\u00f3n sea real. Visita nuestro medio informativo publicado desde Hermosillo, Sonora. %\" \/>\n<meta name=\"robots\" content=\"index, follow, max-snippet:-1, max-image-preview:large, max-video-preview:-1\" \/>\n<link rel=\"canonical\" href=\"https:\/\/www.sonoraenequipo.com.mx\/fortalece-gobernadora-pavlovich-transparencia-rendicion-cuentas\/\" \/>\n<meta property=\"og:locale\" content=\"es_ES\" \/>\n<meta property=\"og:type\" content=\"article\" \/>\n<meta property=\"og:title\" content=\"Sonora en Equipo. Fortalece Gobernadora Pavlovich transparencia y rendici\u00f3n de cuentas Destacadas\" \/>\n<meta property=\"og:description\" content=\"HERMOSILLO, SONORA. MX.\u2014 A dos a\u00f1os de iniciar la administraci\u00f3n de la gobernadora Claudia Pavlovich Arellano, el secretario de la Contralor\u00eda General En Sonora en Equipo publicamos toda la informaci\u00f3n de Sonora, M\u00e9xico y el Mundo de manera oportuna y busca que la libertad de expresi\u00f3n sea real. Visita nuestro medio informativo publicado desde Hermosillo, Sonora. %\" \/>\n<meta property=\"og:url\" content=\"https:\/\/www.sonoraenequipo.com.mx\/fortalece-gobernadora-pavlovich-transparencia-rendicion-cuentas\/\" \/>\n<meta property=\"og:site_name\" content=\"Sonora en Equipo.\" \/>\n<meta property=\"article:publisher\" content=\"https:\/\/www.facebook.com\/SonoraEE\/\" \/>\n<meta property=\"article:author\" content=\"https:\/\/www.facebook.com\/SonoraEE\" \/>\n<meta property=\"article:published_time\" content=\"2017-10-12T01:15:55+00:00\" \/>\n<meta property=\"article:modified_time\" content=\"2017-10-12T03:21:55+00:00\" \/>\n<meta property=\"og:image\" content=\"https:\/\/www.sonoraenequipo.com.mx\/storage\/2017\/10\/miguelangelmurillo_opt.jpg\" \/>\n\t<meta property=\"og:image:width\" content=\"630\" \/>\n\t<meta property=\"og:image:height\" content=\"420\" \/>\n\t<meta property=\"og:image:type\" content=\"image\/jpeg\" \/>\n<meta name=\"author\" content=\"enequipo\" \/>\n<meta name=\"twitter:card\" content=\"summary_large_image\" \/>\n<meta name=\"twitter:creator\" content=\"@sonoraenequipo\" \/>\n<meta name=\"twitter:site\" content=\"@sonoraenequipo\" \/>\n<meta name=\"twitter:label1\" content=\"Escrito por\" \/>\n\t<meta name=\"twitter:data1\" content=\"enequipo\" \/>\n\t<meta name=\"twitter:label2\" content=\"Tiempo de lectura\" \/>\n\t<meta name=\"twitter:data2\" content=\"4 minutos\" \/>\n<script type=\"application\/ld+json\" class=\"yoast-schema-graph\">{\"@context\":\"https:\/\/schema.org\",\"@graph\":[{\"@type\":\"Article\",\"@id\":\"https:\/\/www.sonoraenequipo.com.mx\/fortalece-gobernadora-pavlovich-transparencia-rendicion-cuentas\/#article\",\"isPartOf\":{\"@id\":\"https:\/\/www.sonoraenequipo.com.mx\/fortalece-gobernadora-pavlovich-transparencia-rendicion-cuentas\/\"},\"author\":{\"name\":\"enequipo\",\"@id\":\"https:\/\/www.sonoraenequipo.com.mx\/#\/schema\/person\/50102df0fb23a8fa9e8effad8fa81386\"},\"headline\":\"Fortalece Gobernadora Pavlovich transparencia y rendici\u00f3n de cuentas\",\"datePublished\":\"2017-10-12T01:15:55+00:00\",\"dateModified\":\"2017-10-12T03:21:55+00:00\",\"mainEntityOfPage\":{\"@id\":\"https:\/\/www.sonoraenequipo.com.mx\/fortalece-gobernadora-pavlovich-transparencia-rendicion-cuentas\/\"},\"wordCount\":893,\"commentCount\":0,\"publisher\":{\"@id\":\"https:\/\/www.sonoraenequipo.com.mx\/#organization\"},\"image\":{\"@id\":\"https:\/\/www.sonoraenequipo.com.mx\/fortalece-gobernadora-pavlovich-transparencia-rendicion-cuentas\/#primaryimage\"},\"thumbnailUrl\":\"https:\/\/www.sonoraenequipo.com.mx\/storage\/2017\/10\/miguelangelmurillo_opt.jpg\",\"articleSection\":[\"Destacadas\",\"Sonora\"],\"inLanguage\":\"es\",\"potentialAction\":[{\"@type\":\"CommentAction\",\"name\":\"Comment\",\"target\":[\"https:\/\/www.sonoraenequipo.com.mx\/fortalece-gobernadora-pavlovich-transparencia-rendicion-cuentas\/#respond\"]}]},{\"@type\":\"WebPage\",\"@id\":\"https:\/\/www.sonoraenequipo.com.mx\/fortalece-gobernadora-pavlovich-transparencia-rendicion-cuentas\/\",\"url\":\"https:\/\/www.sonoraenequipo.com.mx\/fortalece-gobernadora-pavlovich-transparencia-rendicion-cuentas\/\",\"name\":\"Sonora en Equipo. Fortalece Gobernadora Pavlovich transparencia y rendici\u00f3n de cuentas Destacadas\",\"isPartOf\":{\"@id\":\"https:\/\/www.sonoraenequipo.com.mx\/#website\"},\"primaryImageOfPage\":{\"@id\":\"https:\/\/www.sonoraenequipo.com.mx\/fortalece-gobernadora-pavlovich-transparencia-rendicion-cuentas\/#primaryimage\"},\"image\":{\"@id\":\"https:\/\/www.sonoraenequipo.com.mx\/fortalece-gobernadora-pavlovich-transparencia-rendicion-cuentas\/#primaryimage\"},\"thumbnailUrl\":\"https:\/\/www.sonoraenequipo.com.mx\/storage\/2017\/10\/miguelangelmurillo_opt.jpg\",\"datePublished\":\"2017-10-12T01:15:55+00:00\",\"dateModified\":\"2017-10-12T03:21:55+00:00\",\"description\":\"HERMOSILLO, SONORA. MX.\u2014 A dos a\u00f1os de iniciar la administraci\u00f3n de la gobernadora Claudia Pavlovich Arellano, el secretario de la Contralor\u00eda General En Sonora en Equipo publicamos toda la informaci\u00f3n de Sonora, M\u00e9xico y el Mundo de manera oportuna y busca que la libertad de expresi\u00f3n sea real. Visita nuestro medio informativo publicado desde Hermosillo, Sonora. %\",\"breadcrumb\":{\"@id\":\"https:\/\/www.sonoraenequipo.com.mx\/fortalece-gobernadora-pavlovich-transparencia-rendicion-cuentas\/#breadcrumb\"},\"inLanguage\":\"es\",\"potentialAction\":[{\"@type\":\"ReadAction\",\"target\":[\"https:\/\/www.sonoraenequipo.com.mx\/fortalece-gobernadora-pavlovich-transparencia-rendicion-cuentas\/\"]}]},{\"@type\":\"ImageObject\",\"inLanguage\":\"es\",\"@id\":\"https:\/\/www.sonoraenequipo.com.mx\/fortalece-gobernadora-pavlovich-transparencia-rendicion-cuentas\/#primaryimage\",\"url\":\"https:\/\/www.sonoraenequipo.com.mx\/storage\/2017\/10\/miguelangelmurillo_opt.jpg\",\"contentUrl\":\"https:\/\/www.sonoraenequipo.com.mx\/storage\/2017\/10\/miguelangelmurillo_opt.jpg\",\"width\":630,\"height\":420},{\"@type\":\"BreadcrumbList\",\"@id\":\"https:\/\/www.sonoraenequipo.com.mx\/fortalece-gobernadora-pavlovich-transparencia-rendicion-cuentas\/#breadcrumb\",\"itemListElement\":[{\"@type\":\"ListItem\",\"position\":1,\"name\":\"Portada\",\"item\":\"https:\/\/www.sonoraenequipo.com.mx\/\"},{\"@type\":\"ListItem\",\"position\":2,\"name\":\"Fortalece Gobernadora Pavlovich transparencia y rendici\u00f3n de cuentas\"}]},{\"@type\":\"WebSite\",\"@id\":\"https:\/\/www.sonoraenequipo.com.mx\/#website\",\"url\":\"https:\/\/www.sonoraenequipo.com.mx\/\",\"name\":\"Sonora en Equipo.\",\"description\":\"Diario en l\u00ednea con Noticias desde Hermosillo, Sonora\",\"publisher\":{\"@id\":\"https:\/\/www.sonoraenequipo.com.mx\/#organization\"},\"potentialAction\":[{\"@type\":\"SearchAction\",\"target\":{\"@type\":\"EntryPoint\",\"urlTemplate\":\"https:\/\/www.sonoraenequipo.com.mx\/?s={search_term_string}\"},\"query-input\":{\"@type\":\"PropertyValueSpecification\",\"valueRequired\":true,\"valueName\":\"search_term_string\"}}],\"inLanguage\":\"es\"},{\"@type\":\"Organization\",\"@id\":\"https:\/\/www.sonoraenequipo.com.mx\/#organization\",\"name\":\"Sonoraenequipo.com.mx\",\"url\":\"https:\/\/www.sonoraenequipo.com.mx\/\",\"logo\":{\"@type\":\"ImageObject\",\"inLanguage\":\"es\",\"@id\":\"https:\/\/www.sonoraenequipo.com.mx\/#\/schema\/logo\/image\/\",\"url\":\"https:\/\/www.sonoraenequipo.com.mx\/storage\/2019\/01\/sonoraenequipo_opt.png\",\"contentUrl\":\"https:\/\/www.sonoraenequipo.com.mx\/storage\/2019\/01\/sonoraenequipo_opt.png\",\"width\":375,\"height\":125,\"caption\":\"Sonoraenequipo.com.mx\"},\"image\":{\"@id\":\"https:\/\/www.sonoraenequipo.com.mx\/#\/schema\/logo\/image\/\"},\"sameAs\":[\"https:\/\/www.facebook.com\/SonoraEE\/\",\"https:\/\/x.com\/sonoraenequipo\",\"https:\/\/www.youtube.com\/channel\/UC338nW-lPEYmJQs4ZABQ1SQ\"]},{\"@type\":\"Person\",\"@id\":\"https:\/\/www.sonoraenequipo.com.mx\/#\/schema\/person\/50102df0fb23a8fa9e8effad8fa81386\",\"name\":\"enequipo\",\"image\":{\"@type\":\"ImageObject\",\"inLanguage\":\"es\",\"@id\":\"https:\/\/www.sonoraenequipo.com.mx\/#\/schema\/person\/image\/\",\"url\":\"https:\/\/secure.gravatar.com\/avatar\/049821681b589dabc0bc20695993ccebb09f5b5d4d790cd9251b97faac7c652b?s=96&d=blank&r=g\",\"contentUrl\":\"https:\/\/secure.gravatar.com\/avatar\/049821681b589dabc0bc20695993ccebb09f5b5d4d790cd9251b97faac7c652b?s=96&d=blank&r=g\",\"caption\":\"enequipo\"},\"sameAs\":[\"https:\/\/www.facebook.com\/SonoraEE\"]}]}<\/script>\n ","yoast_head_json":{"title":"Sonora en Equipo. Fortalece Gobernadora Pavlovich transparencia y rendici\u00f3n de cuentas Destacadas","description":"HERMOSILLO, SONORA. MX.\u2014 A dos a\u00f1os de iniciar la administraci\u00f3n de la gobernadora Claudia Pavlovich Arellano, el secretario de la Contralor\u00eda General En Sonora en Equipo publicamos toda la informaci\u00f3n de Sonora, M\u00e9xico y el Mundo de manera oportuna y busca que la libertad de expresi\u00f3n sea real. Visita nuestro medio informativo publicado desde Hermosillo, Sonora. %","robots":{"index":"index","follow":"follow","max-snippet":"max-snippet:-1","max-image-preview":"max-image-preview:large","max-video-preview":"max-video-preview:-1"},"canonical":"https:\/\/www.sonoraenequipo.com.mx\/fortalece-gobernadora-pavlovich-transparencia-rendicion-cuentas\/","og_locale":"es_ES","og_type":"article","og_title":"Sonora en Equipo. Fortalece Gobernadora Pavlovich transparencia y rendici\u00f3n de cuentas Destacadas","og_description":"HERMOSILLO, SONORA. MX.\u2014 A dos a\u00f1os de iniciar la administraci\u00f3n de la gobernadora Claudia Pavlovich Arellano, el secretario de la Contralor\u00eda General En Sonora en Equipo publicamos toda la informaci\u00f3n de Sonora, M\u00e9xico y el Mundo de manera oportuna y busca que la libertad de expresi\u00f3n sea real. Visita nuestro medio informativo publicado desde Hermosillo, Sonora. %","og_url":"https:\/\/www.sonoraenequipo.com.mx\/fortalece-gobernadora-pavlovich-transparencia-rendicion-cuentas\/","og_site_name":"Sonora en Equipo.","article_publisher":"https:\/\/www.facebook.com\/SonoraEE\/","article_author":"https:\/\/www.facebook.com\/SonoraEE","article_published_time":"2017-10-12T01:15:55+00:00","article_modified_time":"2017-10-12T03:21:55+00:00","og_image":[{"width":630,"height":420,"url":"https:\/\/www.sonoraenequipo.com.mx\/storage\/2017\/10\/miguelangelmurillo_opt.jpg","type":"image\/jpeg"}],"author":"enequipo","twitter_card":"summary_large_image","twitter_creator":"@sonoraenequipo","twitter_site":"@sonoraenequipo","twitter_misc":{"Escrito por":"enequipo","Tiempo de lectura":"4 minutos"},"schema":{"@context":"https:\/\/schema.org","@graph":[{"@type":"Article","@id":"https:\/\/www.sonoraenequipo.com.mx\/fortalece-gobernadora-pavlovich-transparencia-rendicion-cuentas\/#article","isPartOf":{"@id":"https:\/\/www.sonoraenequipo.com.mx\/fortalece-gobernadora-pavlovich-transparencia-rendicion-cuentas\/"},"author":{"name":"enequipo","@id":"https:\/\/www.sonoraenequipo.com.mx\/#\/schema\/person\/50102df0fb23a8fa9e8effad8fa81386"},"headline":"Fortalece Gobernadora Pavlovich transparencia y rendici\u00f3n de cuentas","datePublished":"2017-10-12T01:15:55+00:00","dateModified":"2017-10-12T03:21:55+00:00","mainEntityOfPage":{"@id":"https:\/\/www.sonoraenequipo.com.mx\/fortalece-gobernadora-pavlovich-transparencia-rendicion-cuentas\/"},"wordCount":893,"commentCount":0,"publisher":{"@id":"https:\/\/www.sonoraenequipo.com.mx\/#organization"},"image":{"@id":"https:\/\/www.sonoraenequipo.com.mx\/fortalece-gobernadora-pavlovich-transparencia-rendicion-cuentas\/#primaryimage"},"thumbnailUrl":"https:\/\/www.sonoraenequipo.com.mx\/storage\/2017\/10\/miguelangelmurillo_opt.jpg","articleSection":["Destacadas","Sonora"],"inLanguage":"es","potentialAction":[{"@type":"CommentAction","name":"Comment","target":["https:\/\/www.sonoraenequipo.com.mx\/fortalece-gobernadora-pavlovich-transparencia-rendicion-cuentas\/#respond"]}]},{"@type":"WebPage","@id":"https:\/\/www.sonoraenequipo.com.mx\/fortalece-gobernadora-pavlovich-transparencia-rendicion-cuentas\/","url":"https:\/\/www.sonoraenequipo.com.mx\/fortalece-gobernadora-pavlovich-transparencia-rendicion-cuentas\/","name":"Sonora en Equipo. Fortalece Gobernadora Pavlovich transparencia y rendici\u00f3n de cuentas Destacadas","isPartOf":{"@id":"https:\/\/www.sonoraenequipo.com.mx\/#website"},"primaryImageOfPage":{"@id":"https:\/\/www.sonoraenequipo.com.mx\/fortalece-gobernadora-pavlovich-transparencia-rendicion-cuentas\/#primaryimage"},"image":{"@id":"https:\/\/www.sonoraenequipo.com.mx\/fortalece-gobernadora-pavlovich-transparencia-rendicion-cuentas\/#primaryimage"},"thumbnailUrl":"https:\/\/www.sonoraenequipo.com.mx\/storage\/2017\/10\/miguelangelmurillo_opt.jpg","datePublished":"2017-10-12T01:15:55+00:00","dateModified":"2017-10-12T03:21:55+00:00","description":"HERMOSILLO, SONORA. MX.\u2014 A dos a\u00f1os de iniciar la administraci\u00f3n de la gobernadora Claudia Pavlovich Arellano, el secretario de la Contralor\u00eda General En Sonora en Equipo publicamos toda la informaci\u00f3n de Sonora, M\u00e9xico y el Mundo de manera oportuna y busca que la libertad de expresi\u00f3n sea real. Visita nuestro medio informativo publicado desde Hermosillo, Sonora. %","breadcrumb":{"@id":"https:\/\/www.sonoraenequipo.com.mx\/fortalece-gobernadora-pavlovich-transparencia-rendicion-cuentas\/#breadcrumb"},"inLanguage":"es","potentialAction":[{"@type":"ReadAction","target":["https:\/\/www.sonoraenequipo.com.mx\/fortalece-gobernadora-pavlovich-transparencia-rendicion-cuentas\/"]}]},{"@type":"ImageObject","inLanguage":"es","@id":"https:\/\/www.sonoraenequipo.com.mx\/fortalece-gobernadora-pavlovich-transparencia-rendicion-cuentas\/#primaryimage","url":"https:\/\/www.sonoraenequipo.com.mx\/storage\/2017\/10\/miguelangelmurillo_opt.jpg","contentUrl":"https:\/\/www.sonoraenequipo.com.mx\/storage\/2017\/10\/miguelangelmurillo_opt.jpg","width":630,"height":420},{"@type":"BreadcrumbList","@id":"https:\/\/www.sonoraenequipo.com.mx\/fortalece-gobernadora-pavlovich-transparencia-rendicion-cuentas\/#breadcrumb","itemListElement":[{"@type":"ListItem","position":1,"name":"Portada","item":"https:\/\/www.sonoraenequipo.com.mx\/"},{"@type":"ListItem","position":2,"name":"Fortalece Gobernadora Pavlovich transparencia y rendici\u00f3n de cuentas"}]},{"@type":"WebSite","@id":"https:\/\/www.sonoraenequipo.com.mx\/#website","url":"https:\/\/www.sonoraenequipo.com.mx\/","name":"Sonora en Equipo.","description":"Diario en l\u00ednea con Noticias desde Hermosillo, Sonora","publisher":{"@id":"https:\/\/www.sonoraenequipo.com.mx\/#organization"},"potentialAction":[{"@type":"SearchAction","target":{"@type":"EntryPoint","urlTemplate":"https:\/\/www.sonoraenequipo.com.mx\/?s={search_term_string}"},"query-input":{"@type":"PropertyValueSpecification","valueRequired":true,"valueName":"search_term_string"}}],"inLanguage":"es"},{"@type":"Organization","@id":"https:\/\/www.sonoraenequipo.com.mx\/#organization","name":"Sonoraenequipo.com.mx","url":"https:\/\/www.sonoraenequipo.com.mx\/","logo":{"@type":"ImageObject","inLanguage":"es","@id":"https:\/\/www.sonoraenequipo.com.mx\/#\/schema\/logo\/image\/","url":"https:\/\/www.sonoraenequipo.com.mx\/storage\/2019\/01\/sonoraenequipo_opt.png","contentUrl":"https:\/\/www.sonoraenequipo.com.mx\/storage\/2019\/01\/sonoraenequipo_opt.png","width":375,"height":125,"caption":"Sonoraenequipo.com.mx"},"image":{"@id":"https:\/\/www.sonoraenequipo.com.mx\/#\/schema\/logo\/image\/"},"sameAs":["https:\/\/www.facebook.com\/SonoraEE\/","https:\/\/x.com\/sonoraenequipo","https:\/\/www.youtube.com\/channel\/UC338nW-lPEYmJQs4ZABQ1SQ"]},{"@type":"Person","@id":"https:\/\/www.sonoraenequipo.com.mx\/#\/schema\/person\/50102df0fb23a8fa9e8effad8fa81386","name":"enequipo","image":{"@type":"ImageObject","inLanguage":"es","@id":"https:\/\/www.sonoraenequipo.com.mx\/#\/schema\/person\/image\/","url":"https:\/\/secure.gravatar.com\/avatar\/049821681b589dabc0bc20695993ccebb09f5b5d4d790cd9251b97faac7c652b?s=96&d=blank&r=g","contentUrl":"https:\/\/secure.gravatar.com\/avatar\/049821681b589dabc0bc20695993ccebb09f5b5d4d790cd9251b97faac7c652b?s=96&d=blank&r=g","caption":"enequipo"},"sameAs":["https:\/\/www.facebook.com\/SonoraEE"]}]}},"jetpack_featured_media_url":"https:\/\/www.sonoraenequipo.com.mx\/storage\/2017\/10\/miguelangelmurillo_opt.jpg","_links":{"self":[{"href":"https:\/\/www.sonoraenequipo.com.mx\/api\/wp\/v2\/posts\/27366","targetHints":{"allow":["GET"]}}],"collection":[{"href":"https:\/\/www.sonoraenequipo.com.mx\/api\/wp\/v2\/posts"}],"about":[{"href":"https:\/\/www.sonoraenequipo.com.mx\/api\/wp\/v2\/types\/post"}],"author":[{"embeddable":true,"href":"https:\/\/www.sonoraenequipo.com.mx\/api\/wp\/v2\/users\/1"}],"replies":[{"embeddable":true,"href":"https:\/\/www.sonoraenequipo.com.mx\/api\/wp\/v2\/comments?post=27366"}],"version-history":[{"count":0,"href":"https:\/\/www.sonoraenequipo.com.mx\/api\/wp\/v2\/posts\/27366\/revisions"}],"wp:featuredmedia":[{"embeddable":true,"href":"https:\/\/www.sonoraenequipo.com.mx\/api\/wp\/v2\/media\/27367"}],"wp:attachment":[{"href":"https:\/\/www.sonoraenequipo.com.mx\/api\/wp\/v2\/media?parent=27366"}],"wp:term":[{"taxonomy":"category","embeddable":true,"href":"https:\/\/www.sonoraenequipo.com.mx\/api\/wp\/v2\/categories?post=27366"},{"taxonomy":"post_tag","embeddable":true,"href":"https:\/\/www.sonoraenequipo.com.mx\/api\/wp\/v2\/tags?post=27366"}],"curies":[{"name":"wp","href":"https:\/\/api.w.org\/{rel}","templated":true}]}}