{"id":27369,"date":"2017-10-11T17:10:44","date_gmt":"2017-10-12T00:10:44","guid":{"rendered":"http:\/\/www.sonoraenequipo.com.mx\/?p=27369"},"modified":"2017-10-11T20:27:41","modified_gmt":"2017-10-12T03:27:41","slug":"haran-practicas-profesionales-isjuventud-estudiantes-unikino","status":"publish","type":"post","link":"https:\/\/www.sonoraenequipo.com.mx\/haran-practicas-profesionales-isjuventud-estudiantes-unikino\/","title":{"rendered":"Har\u00e1n pr\u00e1cticas profesionales en ISJuventud estudiantes de Unikino"},"content":{"rendered":"<p>HERMOSILLO, SONORA. MX.\u2014 M\u00e1s de 800 estudiantes de 14 carreras de la Universidad Kino, UNIKINO, podr\u00e1n realizar pr\u00e1cticas profesionales en el Instituto Sonorense de la Juventud, ISJuventud, luego de un acuerdo suscrito por los titulares de ambas instituciones.<\/p>\n<p> <\/p>\n<p>Brianda Vivian Mart\u00ednez, Directora del ISJuventud, mencion\u00f3 que con el acuerdo firmado con el Rector de la Unikino, Jos\u00e9 Guadalupe Renter\u00eda Torres, son ya m\u00e1s de 40 instituciones educativas en las que los alumnos pueden realizar pr\u00e1cticas profesionales en programas y acciones a favor de los j\u00f3venes.<\/p>\n<p>Dijo que el ISJuventud y la Unikino trabajan para potenciar habilidades y conocimientos de los estudiantes y fortalecer programas y actividades entre ambas instituciones.<\/p>\n<p><em>\u201cEs otra vez el acercamiento y la vinculaci\u00f3n entre las instituciones acad\u00e9micas que tanto nos ha hecho bien al Instituto, porque fomenta la accesibilidad a becas y programas que no hay si no existe esta vinculaci\u00f3n\u201d,<\/em> destac\u00f3.<\/p>\n<p>En las oficinas del ISJuventud en Hermosillo, Navojoa, Nogales y Magdalena, explic\u00f3 Brianda Vivian, estudiantes de diferentes carreras ya realizan pr\u00e1cticas profesionales e incluso laboran directamente con el Instituto en diferentes programas.<\/p>\n<p><em>\u201cTenemos la vinculaci\u00f3n que tanto buscamos con los j\u00f3venes, y al momento de prestar su servicio social y pr\u00e1cticas exteriorizan sus capacidades, lo que ha hecho que muchos se queden trabajando con nosotros en programas como el `Consentido Joven\u201d,<\/em> destac\u00f3.<\/p>\n<p>Jos\u00e9 Guadalupe Renter\u00eda Torres, Rector de la UNIKINO, resalt\u00f3 la importancia de las pr\u00e1cticas profesionales para el crecimiento laboral de los estudiantes, por ello, dijo, es primordial para la Universidad brindar a los estudiantes la oportunidad para aplicar y desarrollar sus conocimientos.<\/p>\n<p><em>\u201cLas pr\u00e1cticas profesionales son eso, es ir dando pasos sobre lo que uno va a emprender en su vida como profesional\u201d<\/em>, subray\u00f3.<\/p>\n<p>Reiter\u00f3 el compromiso que la Unikino tiene con los j\u00f3venes de Sonora interesados en estudiar, quienes \u201cson la puerta y la ventana a un mundo mejor\u201d.<\/p>\n<p>Presentes, la Directora de Servicios Estudiantiles y Vinculaci\u00f3n de UNIKINO, Leticia Z\u00fa\u00f1iga Zuloaga y la Subdirectora de Vinculaci\u00f3n del ISJUVENTUD, Scarlett Grado Pantoja.<\/p>\n<p>(Fecha de publicaci\u00f3n 11102017)<\/p>\n","protected":false},"excerpt":{"rendered":"<p>HERMOSILLO, SONORA. MX.\u2014 M\u00e1s de 800 estudiantes de 14 carreras de la Universidad Kino, UNIKINO,&#8230;<\/p>\n","protected":false},"author":1,"featured_media":27370,"comment_status":"open","ping_status":"open","sticky":false,"template":"","format":"standard","meta":{"_monsterinsights_skip_tracking":false,"_monsterinsights_sitenote_active":false,"_monsterinsights_sitenote_note":"","_monsterinsights_sitenote_category":0,"footnotes":""},"categories":[13,22],"tags":[],"class_list":["post"],"yoast_head":" \n<title>Sonora en Equipo. Har\u00e1n pr\u00e1cticas profesionales en ISJuventud estudiantes de Unikino Destacadas<\/title>\n<meta name=\"description\" content=\"HERMOSILLO, SONORA. MX.\u2014 M\u00e1s de 800 estudiantes de 14 carreras de la Universidad Kino, UNIKINO, podr\u00e1n realizar pr\u00e1cticas profesionales en el Instituto En Sonora en Equipo publicamos toda la informaci\u00f3n de Sonora, M\u00e9xico y el Mundo de manera oportuna y busca que la libertad de expresi\u00f3n sea real. Visita nuestro medio informativo publicado desde Hermosillo, Sonora. %\" \/>\n<meta name=\"robots\" content=\"index, follow, max-snippet:-1, max-image-preview:large, max-video-preview:-1\" \/>\n<link rel=\"canonical\" href=\"https:\/\/www.sonoraenequipo.com.mx\/haran-practicas-profesionales-isjuventud-estudiantes-unikino\/\" \/>\n<meta property=\"og:locale\" content=\"es_ES\" \/>\n<meta property=\"og:type\" content=\"article\" \/>\n<meta property=\"og:title\" content=\"Sonora en Equipo. Har\u00e1n pr\u00e1cticas profesionales en ISJuventud estudiantes de Unikino Destacadas\" \/>\n<meta property=\"og:description\" content=\"HERMOSILLO, SONORA. MX.\u2014 M\u00e1s de 800 estudiantes de 14 carreras de la Universidad Kino, UNIKINO, podr\u00e1n realizar pr\u00e1cticas profesionales en el Instituto En Sonora en Equipo publicamos toda la informaci\u00f3n de Sonora, M\u00e9xico y el Mundo de manera oportuna y busca que la libertad de expresi\u00f3n sea real. Visita nuestro medio informativo publicado desde Hermosillo, Sonora. %\" \/>\n<meta property=\"og:url\" content=\"https:\/\/www.sonoraenequipo.com.mx\/haran-practicas-profesionales-isjuventud-estudiantes-unikino\/\" \/>\n<meta property=\"og:site_name\" content=\"Sonora en Equipo.\" \/>\n<meta property=\"article:publisher\" content=\"https:\/\/www.facebook.com\/SonoraEE\/\" \/>\n<meta property=\"article:author\" content=\"https:\/\/www.facebook.com\/SonoraEE\" \/>\n<meta property=\"article:published_time\" content=\"2017-10-12T00:10:44+00:00\" \/>\n<meta property=\"article:modified_time\" content=\"2017-10-12T03:27:41+00:00\" \/>\n<meta property=\"og:image\" content=\"https:\/\/www.sonoraenequipo.com.mx\/storage\/2017\/10\/isjuventud-unikino_opt1.jpg\" \/>\n\t<meta property=\"og:image:width\" content=\"630\" \/>\n\t<meta property=\"og:image:height\" content=\"420\" \/>\n\t<meta property=\"og:image:type\" content=\"image\/jpeg\" \/>\n<meta name=\"author\" content=\"enequipo\" \/>\n<meta name=\"twitter:card\" content=\"summary_large_image\" \/>\n<meta name=\"twitter:creator\" content=\"@sonoraenequipo\" \/>\n<meta name=\"twitter:site\" content=\"@sonoraenequipo\" \/>\n<meta name=\"twitter:label1\" content=\"Escrito por\" \/>\n\t<meta name=\"twitter:data1\" content=\"enequipo\" \/>\n\t<meta name=\"twitter:label2\" content=\"Tiempo de lectura\" \/>\n\t<meta name=\"twitter:data2\" content=\"2 minutos\" \/>\n<script type=\"application\/ld+json\" class=\"yoast-schema-graph\">{\"@context\":\"https:\/\/schema.org\",\"@graph\":[{\"@type\":\"Article\",\"@id\":\"https:\/\/www.sonoraenequipo.com.mx\/haran-practicas-profesionales-isjuventud-estudiantes-unikino\/#article\",\"isPartOf\":{\"@id\":\"https:\/\/www.sonoraenequipo.com.mx\/haran-practicas-profesionales-isjuventud-estudiantes-unikino\/\"},\"author\":{\"name\":\"enequipo\",\"@id\":\"https:\/\/www.sonoraenequipo.com.mx\/#\/schema\/person\/50102df0fb23a8fa9e8effad8fa81386\"},\"headline\":\"Har\u00e1n pr\u00e1cticas profesionales en ISJuventud estudiantes de Unikino\",\"datePublished\":\"2017-10-12T00:10:44+00:00\",\"dateModified\":\"2017-10-12T03:27:41+00:00\",\"mainEntityOfPage\":{\"@id\":\"https:\/\/www.sonoraenequipo.com.mx\/haran-practicas-profesionales-isjuventud-estudiantes-unikino\/\"},\"wordCount\":364,\"commentCount\":0,\"publisher\":{\"@id\":\"https:\/\/www.sonoraenequipo.com.mx\/#organization\"},\"image\":{\"@id\":\"https:\/\/www.sonoraenequipo.com.mx\/haran-practicas-profesionales-isjuventud-estudiantes-unikino\/#primaryimage\"},\"thumbnailUrl\":\"https:\/\/www.sonoraenequipo.com.mx\/storage\/2017\/10\/isjuventud-unikino_opt1.jpg\",\"articleSection\":[\"Destacadas\",\"Sonora\"],\"inLanguage\":\"es\",\"potentialAction\":[{\"@type\":\"CommentAction\",\"name\":\"Comment\",\"target\":[\"https:\/\/www.sonoraenequipo.com.mx\/haran-practicas-profesionales-isjuventud-estudiantes-unikino\/#respond\"]}]},{\"@type\":\"WebPage\",\"@id\":\"https:\/\/www.sonoraenequipo.com.mx\/haran-practicas-profesionales-isjuventud-estudiantes-unikino\/\",\"url\":\"https:\/\/www.sonoraenequipo.com.mx\/haran-practicas-profesionales-isjuventud-estudiantes-unikino\/\",\"name\":\"Sonora en Equipo. Har\u00e1n pr\u00e1cticas profesionales en ISJuventud estudiantes de Unikino Destacadas\",\"isPartOf\":{\"@id\":\"https:\/\/www.sonoraenequipo.com.mx\/#website\"},\"primaryImageOfPage\":{\"@id\":\"https:\/\/www.sonoraenequipo.com.mx\/haran-practicas-profesionales-isjuventud-estudiantes-unikino\/#primaryimage\"},\"image\":{\"@id\":\"https:\/\/www.sonoraenequipo.com.mx\/haran-practicas-profesionales-isjuventud-estudiantes-unikino\/#primaryimage\"},\"thumbnailUrl\":\"https:\/\/www.sonoraenequipo.com.mx\/storage\/2017\/10\/isjuventud-unikino_opt1.jpg\",\"datePublished\":\"2017-10-12T00:10:44+00:00\",\"dateModified\":\"2017-10-12T03:27:41+00:00\",\"description\":\"HERMOSILLO, SONORA. MX.\u2014 M\u00e1s de 800 estudiantes de 14 carreras de la Universidad Kino, UNIKINO, podr\u00e1n realizar pr\u00e1cticas profesionales en el Instituto En Sonora en Equipo publicamos toda la informaci\u00f3n de Sonora, M\u00e9xico y el Mundo de manera oportuna y busca que la libertad de expresi\u00f3n sea real. Visita nuestro medio informativo publicado desde Hermosillo, Sonora. %\",\"breadcrumb\":{\"@id\":\"https:\/\/www.sonoraenequipo.com.mx\/haran-practicas-profesionales-isjuventud-estudiantes-unikino\/#breadcrumb\"},\"inLanguage\":\"es\",\"potentialAction\":[{\"@type\":\"ReadAction\",\"target\":[\"https:\/\/www.sonoraenequipo.com.mx\/haran-practicas-profesionales-isjuventud-estudiantes-unikino\/\"]}]},{\"@type\":\"ImageObject\",\"inLanguage\":\"es\",\"@id\":\"https:\/\/www.sonoraenequipo.com.mx\/haran-practicas-profesionales-isjuventud-estudiantes-unikino\/#primaryimage\",\"url\":\"https:\/\/www.sonoraenequipo.com.mx\/storage\/2017\/10\/isjuventud-unikino_opt1.jpg\",\"contentUrl\":\"https:\/\/www.sonoraenequipo.com.mx\/storage\/2017\/10\/isjuventud-unikino_opt1.jpg\",\"width\":630,\"height\":420},{\"@type\":\"BreadcrumbList\",\"@id\":\"https:\/\/www.sonoraenequipo.com.mx\/haran-practicas-profesionales-isjuventud-estudiantes-unikino\/#breadcrumb\",\"itemListElement\":[{\"@type\":\"ListItem\",\"position\":1,\"name\":\"Portada\",\"item\":\"https:\/\/www.sonoraenequipo.com.mx\/\"},{\"@type\":\"ListItem\",\"position\":2,\"name\":\"Har\u00e1n pr\u00e1cticas profesionales en ISJuventud estudiantes de Unikino\"}]},{\"@type\":\"WebSite\",\"@id\":\"https:\/\/www.sonoraenequipo.com.mx\/#website\",\"url\":\"https:\/\/www.sonoraenequipo.com.mx\/\",\"name\":\"Sonora en Equipo.\",\"description\":\"Diario en l\u00ednea con Noticias desde Hermosillo, Sonora\",\"publisher\":{\"@id\":\"https:\/\/www.sonoraenequipo.com.mx\/#organization\"},\"potentialAction\":[{\"@type\":\"SearchAction\",\"target\":{\"@type\":\"EntryPoint\",\"urlTemplate\":\"https:\/\/www.sonoraenequipo.com.mx\/?s={search_term_string}\"},\"query-input\":{\"@type\":\"PropertyValueSpecification\",\"valueRequired\":true,\"valueName\":\"search_term_string\"}}],\"inLanguage\":\"es\"},{\"@type\":\"Organization\",\"@id\":\"https:\/\/www.sonoraenequipo.com.mx\/#organization\",\"name\":\"Sonoraenequipo.com.mx\",\"url\":\"https:\/\/www.sonoraenequipo.com.mx\/\",\"logo\":{\"@type\":\"ImageObject\",\"inLanguage\":\"es\",\"@id\":\"https:\/\/www.sonoraenequipo.com.mx\/#\/schema\/logo\/image\/\",\"url\":\"https:\/\/www.sonoraenequipo.com.mx\/storage\/2019\/01\/sonoraenequipo_opt.png\",\"contentUrl\":\"https:\/\/www.sonoraenequipo.com.mx\/storage\/2019\/01\/sonoraenequipo_opt.png\",\"width\":375,\"height\":125,\"caption\":\"Sonoraenequipo.com.mx\"},\"image\":{\"@id\":\"https:\/\/www.sonoraenequipo.com.mx\/#\/schema\/logo\/image\/\"},\"sameAs\":[\"https:\/\/www.facebook.com\/SonoraEE\/\",\"https:\/\/x.com\/sonoraenequipo\",\"https:\/\/www.youtube.com\/channel\/UC338nW-lPEYmJQs4ZABQ1SQ\"]},{\"@type\":\"Person\",\"@id\":\"https:\/\/www.sonoraenequipo.com.mx\/#\/schema\/person\/50102df0fb23a8fa9e8effad8fa81386\",\"name\":\"enequipo\",\"image\":{\"@type\":\"ImageObject\",\"inLanguage\":\"es\",\"@id\":\"https:\/\/www.sonoraenequipo.com.mx\/#\/schema\/person\/image\/\",\"url\":\"https:\/\/secure.gravatar.com\/avatar\/049821681b589dabc0bc20695993ccebb09f5b5d4d790cd9251b97faac7c652b?s=96&d=blank&r=g\",\"contentUrl\":\"https:\/\/secure.gravatar.com\/avatar\/049821681b589dabc0bc20695993ccebb09f5b5d4d790cd9251b97faac7c652b?s=96&d=blank&r=g\",\"caption\":\"enequipo\"},\"sameAs\":[\"https:\/\/www.facebook.com\/SonoraEE\"]}]}<\/script>\n ","yoast_head_json":{"title":"Sonora en Equipo. Har\u00e1n pr\u00e1cticas profesionales en ISJuventud estudiantes de Unikino Destacadas","description":"HERMOSILLO, SONORA. MX.\u2014 M\u00e1s de 800 estudiantes de 14 carreras de la Universidad Kino, UNIKINO, podr\u00e1n realizar pr\u00e1cticas profesionales en el Instituto En Sonora en Equipo publicamos toda la informaci\u00f3n de Sonora, M\u00e9xico y el Mundo de manera oportuna y busca que la libertad de expresi\u00f3n sea real. Visita nuestro medio informativo publicado desde Hermosillo, Sonora. %","robots":{"index":"index","follow":"follow","max-snippet":"max-snippet:-1","max-image-preview":"max-image-preview:large","max-video-preview":"max-video-preview:-1"},"canonical":"https:\/\/www.sonoraenequipo.com.mx\/haran-practicas-profesionales-isjuventud-estudiantes-unikino\/","og_locale":"es_ES","og_type":"article","og_title":"Sonora en Equipo. Har\u00e1n pr\u00e1cticas profesionales en ISJuventud estudiantes de Unikino Destacadas","og_description":"HERMOSILLO, SONORA. MX.\u2014 M\u00e1s de 800 estudiantes de 14 carreras de la Universidad Kino, UNIKINO, podr\u00e1n realizar pr\u00e1cticas profesionales en el Instituto En Sonora en Equipo publicamos toda la informaci\u00f3n de Sonora, M\u00e9xico y el Mundo de manera oportuna y busca que la libertad de expresi\u00f3n sea real. Visita nuestro medio informativo publicado desde Hermosillo, Sonora. %","og_url":"https:\/\/www.sonoraenequipo.com.mx\/haran-practicas-profesionales-isjuventud-estudiantes-unikino\/","og_site_name":"Sonora en Equipo.","article_publisher":"https:\/\/www.facebook.com\/SonoraEE\/","article_author":"https:\/\/www.facebook.com\/SonoraEE","article_published_time":"2017-10-12T00:10:44+00:00","article_modified_time":"2017-10-12T03:27:41+00:00","og_image":[{"width":630,"height":420,"url":"https:\/\/www.sonoraenequipo.com.mx\/storage\/2017\/10\/isjuventud-unikino_opt1.jpg","type":"image\/jpeg"}],"author":"enequipo","twitter_card":"summary_large_image","twitter_creator":"@sonoraenequipo","twitter_site":"@sonoraenequipo","twitter_misc":{"Escrito por":"enequipo","Tiempo de lectura":"2 minutos"},"schema":{"@context":"https:\/\/schema.org","@graph":[{"@type":"Article","@id":"https:\/\/www.sonoraenequipo.com.mx\/haran-practicas-profesionales-isjuventud-estudiantes-unikino\/#article","isPartOf":{"@id":"https:\/\/www.sonoraenequipo.com.mx\/haran-practicas-profesionales-isjuventud-estudiantes-unikino\/"},"author":{"name":"enequipo","@id":"https:\/\/www.sonoraenequipo.com.mx\/#\/schema\/person\/50102df0fb23a8fa9e8effad8fa81386"},"headline":"Har\u00e1n pr\u00e1cticas profesionales en ISJuventud estudiantes de Unikino","datePublished":"2017-10-12T00:10:44+00:00","dateModified":"2017-10-12T03:27:41+00:00","mainEntityOfPage":{"@id":"https:\/\/www.sonoraenequipo.com.mx\/haran-practicas-profesionales-isjuventud-estudiantes-unikino\/"},"wordCount":364,"commentCount":0,"publisher":{"@id":"https:\/\/www.sonoraenequipo.com.mx\/#organization"},"image":{"@id":"https:\/\/www.sonoraenequipo.com.mx\/haran-practicas-profesionales-isjuventud-estudiantes-unikino\/#primaryimage"},"thumbnailUrl":"https:\/\/www.sonoraenequipo.com.mx\/storage\/2017\/10\/isjuventud-unikino_opt1.jpg","articleSection":["Destacadas","Sonora"],"inLanguage":"es","potentialAction":[{"@type":"CommentAction","name":"Comment","target":["https:\/\/www.sonoraenequipo.com.mx\/haran-practicas-profesionales-isjuventud-estudiantes-unikino\/#respond"]}]},{"@type":"WebPage","@id":"https:\/\/www.sonoraenequipo.com.mx\/haran-practicas-profesionales-isjuventud-estudiantes-unikino\/","url":"https:\/\/www.sonoraenequipo.com.mx\/haran-practicas-profesionales-isjuventud-estudiantes-unikino\/","name":"Sonora en Equipo. Har\u00e1n pr\u00e1cticas profesionales en ISJuventud estudiantes de Unikino Destacadas","isPartOf":{"@id":"https:\/\/www.sonoraenequipo.com.mx\/#website"},"primaryImageOfPage":{"@id":"https:\/\/www.sonoraenequipo.com.mx\/haran-practicas-profesionales-isjuventud-estudiantes-unikino\/#primaryimage"},"image":{"@id":"https:\/\/www.sonoraenequipo.com.mx\/haran-practicas-profesionales-isjuventud-estudiantes-unikino\/#primaryimage"},"thumbnailUrl":"https:\/\/www.sonoraenequipo.com.mx\/storage\/2017\/10\/isjuventud-unikino_opt1.jpg","datePublished":"2017-10-12T00:10:44+00:00","dateModified":"2017-10-12T03:27:41+00:00","description":"HERMOSILLO, SONORA. MX.\u2014 M\u00e1s de 800 estudiantes de 14 carreras de la Universidad Kino, UNIKINO, podr\u00e1n realizar pr\u00e1cticas profesionales en el Instituto En Sonora en Equipo publicamos toda la informaci\u00f3n de Sonora, M\u00e9xico y el Mundo de manera oportuna y busca que la libertad de expresi\u00f3n sea real. Visita nuestro medio informativo publicado desde Hermosillo, Sonora. %","breadcrumb":{"@id":"https:\/\/www.sonoraenequipo.com.mx\/haran-practicas-profesionales-isjuventud-estudiantes-unikino\/#breadcrumb"},"inLanguage":"es","potentialAction":[{"@type":"ReadAction","target":["https:\/\/www.sonoraenequipo.com.mx\/haran-practicas-profesionales-isjuventud-estudiantes-unikino\/"]}]},{"@type":"ImageObject","inLanguage":"es","@id":"https:\/\/www.sonoraenequipo.com.mx\/haran-practicas-profesionales-isjuventud-estudiantes-unikino\/#primaryimage","url":"https:\/\/www.sonoraenequipo.com.mx\/storage\/2017\/10\/isjuventud-unikino_opt1.jpg","contentUrl":"https:\/\/www.sonoraenequipo.com.mx\/storage\/2017\/10\/isjuventud-unikino_opt1.jpg","width":630,"height":420},{"@type":"BreadcrumbList","@id":"https:\/\/www.sonoraenequipo.com.mx\/haran-practicas-profesionales-isjuventud-estudiantes-unikino\/#breadcrumb","itemListElement":[{"@type":"ListItem","position":1,"name":"Portada","item":"https:\/\/www.sonoraenequipo.com.mx\/"},{"@type":"ListItem","position":2,"name":"Har\u00e1n pr\u00e1cticas profesionales en ISJuventud estudiantes de Unikino"}]},{"@type":"WebSite","@id":"https:\/\/www.sonoraenequipo.com.mx\/#website","url":"https:\/\/www.sonoraenequipo.com.mx\/","name":"Sonora en Equipo.","description":"Diario en l\u00ednea con Noticias desde Hermosillo, Sonora","publisher":{"@id":"https:\/\/www.sonoraenequipo.com.mx\/#organization"},"potentialAction":[{"@type":"SearchAction","target":{"@type":"EntryPoint","urlTemplate":"https:\/\/www.sonoraenequipo.com.mx\/?s={search_term_string}"},"query-input":{"@type":"PropertyValueSpecification","valueRequired":true,"valueName":"search_term_string"}}],"inLanguage":"es"},{"@type":"Organization","@id":"https:\/\/www.sonoraenequipo.com.mx\/#organization","name":"Sonoraenequipo.com.mx","url":"https:\/\/www.sonoraenequipo.com.mx\/","logo":{"@type":"ImageObject","inLanguage":"es","@id":"https:\/\/www.sonoraenequipo.com.mx\/#\/schema\/logo\/image\/","url":"https:\/\/www.sonoraenequipo.com.mx\/storage\/2019\/01\/sonoraenequipo_opt.png","contentUrl":"https:\/\/www.sonoraenequipo.com.mx\/storage\/2019\/01\/sonoraenequipo_opt.png","width":375,"height":125,"caption":"Sonoraenequipo.com.mx"},"image":{"@id":"https:\/\/www.sonoraenequipo.com.mx\/#\/schema\/logo\/image\/"},"sameAs":["https:\/\/www.facebook.com\/SonoraEE\/","https:\/\/x.com\/sonoraenequipo","https:\/\/www.youtube.com\/channel\/UC338nW-lPEYmJQs4ZABQ1SQ"]},{"@type":"Person","@id":"https:\/\/www.sonoraenequipo.com.mx\/#\/schema\/person\/50102df0fb23a8fa9e8effad8fa81386","name":"enequipo","image":{"@type":"ImageObject","inLanguage":"es","@id":"https:\/\/www.sonoraenequipo.com.mx\/#\/schema\/person\/image\/","url":"https:\/\/secure.gravatar.com\/avatar\/049821681b589dabc0bc20695993ccebb09f5b5d4d790cd9251b97faac7c652b?s=96&d=blank&r=g","contentUrl":"https:\/\/secure.gravatar.com\/avatar\/049821681b589dabc0bc20695993ccebb09f5b5d4d790cd9251b97faac7c652b?s=96&d=blank&r=g","caption":"enequipo"},"sameAs":["https:\/\/www.facebook.com\/SonoraEE"]}]}},"jetpack_featured_media_url":"https:\/\/www.sonoraenequipo.com.mx\/storage\/2017\/10\/isjuventud-unikino_opt1.jpg","_links":{"self":[{"href":"https:\/\/www.sonoraenequipo.com.mx\/api\/wp\/v2\/posts\/27369","targetHints":{"allow":["GET"]}}],"collection":[{"href":"https:\/\/www.sonoraenequipo.com.mx\/api\/wp\/v2\/posts"}],"about":[{"href":"https:\/\/www.sonoraenequipo.com.mx\/api\/wp\/v2\/types\/post"}],"author":[{"embeddable":true,"href":"https:\/\/www.sonoraenequipo.com.mx\/api\/wp\/v2\/users\/1"}],"replies":[{"embeddable":true,"href":"https:\/\/www.sonoraenequipo.com.mx\/api\/wp\/v2\/comments?post=27369"}],"version-history":[{"count":0,"href":"https:\/\/www.sonoraenequipo.com.mx\/api\/wp\/v2\/posts\/27369\/revisions"}],"wp:featuredmedia":[{"embeddable":true,"href":"https:\/\/www.sonoraenequipo.com.mx\/api\/wp\/v2\/media\/27370"}],"wp:attachment":[{"href":"https:\/\/www.sonoraenequipo.com.mx\/api\/wp\/v2\/media?parent=27369"}],"wp:term":[{"taxonomy":"category","embeddable":true,"href":"https:\/\/www.sonoraenequipo.com.mx\/api\/wp\/v2\/categories?post=27369"},{"taxonomy":"post_tag","embeddable":true,"href":"https:\/\/www.sonoraenequipo.com.mx\/api\/wp\/v2\/tags?post=27369"}],"curies":[{"name":"wp","href":"https:\/\/api.w.org\/{rel}","templated":true}]}}