{"id":27372,"date":"2017-10-11T16:50:08","date_gmt":"2017-10-11T23:50:08","guid":{"rendered":"http:\/\/www.sonoraenequipo.com.mx\/?p=27372"},"modified":"2017-10-11T20:34:16","modified_gmt":"2017-10-12T03:34:16","slug":"radio-sonora-integra-programacion-incluyente-mediante-convenio-ues","status":"publish","type":"post","link":"https:\/\/www.sonoraenequipo.com.mx\/radio-sonora-integra-programacion-incluyente-mediante-convenio-ues\/","title":{"rendered":"Radio Sonora integra programaci\u00f3n incluyente mediante convenio con UES"},"content":{"rendered":"<p>HERMOSILLO, SONORA. MX.\u2014 Promotora de una radio incluyente, Radio Sonora integra a su programaci\u00f3n, una hora diaria de contenido de noticias en lenguaje de se\u00f1as, mediante firman de acuerdo de colaboraci\u00f3n con la Universidad Estatal de Sonora.<\/p>\n<p> <\/p>\n<p>En la etapa inicial del proyecto, la primera hora de la Segunda Emisi\u00f3n de Noticias, de 13:00 a 14:00, contar\u00e1 con un traductor a lenguaje de se\u00f1as proporcionado por UES, mediante la p\u00e1gina <strong><a href=\"http:\/\/www.radiosonora.com.mx\">www.radiosonora.com.mx <\/a><\/strong>Facebook live y redes sociales, en la b\u00fasqueda de atender a personas con discapacidad auditiva.<\/p>\n<p>Mar\u00eda Elena Verduzco, directora general de Radio Sonora, destac\u00f3 la importancia de modernizarse en contenidos y oferta para todos de una manera incluyente como ha sido la instrucci\u00f3n de la gobernadora Claudia Pavlovich Arellano<\/p>\n<p><em>\u201cEstamos en esta l\u00ednea de la comunicaci\u00f3n incluyente, en el que a nivel nacional y local se trabaja poco entonces, encontramos a trav\u00e9s de este punto de modernizaci\u00f3n de los medios en general donde ya en el caso de la radio, ya no \u00fanicamente se oye sino tambi\u00e9n debe verse a trav\u00e9s de todos los instrumentos modernos de tecnolog\u00eda\u201d,<\/em> se\u00f1al\u00f3 Velazco Chaires.<\/p>\n<p>Por su parte, el rector de la Universidad Estatal de Sonora, Horacio Huerta Cevallos, coment\u00f3 que en este convenio tomar\u00e1n parte, de entrada, cuatro maestros que dominan el lenguaje de se\u00f1as, que se encargar\u00e1n de transmitir los mensajes a la comunidad sorda v\u00eda internet mediante la p\u00e1gina www.radiosonora.com.mx y facebook live<\/p>\n<p>&nbsp;<\/p>\n<p><em>\u201cCuando yo he platicado de este evento con gentes de decir que estamos vincul\u00e1ndonos con la radio, para que la radio pueda llegar a los sordos, como que de repente me voltean a ver y me dicen, de que me est\u00e1s hablando?, pues s\u00ed, este es un esfuerzo muy grande, esta es una primicia\u201d,<\/em> puntualiz\u00f3 el rector universitario.<\/p>\n<p>En esta primera etapa, adem\u00e1s de la producci\u00f3n en el espacio de noticias, se incluir\u00e1 en la programaci\u00f3n habitual de la radio c\u00e1psulas informativas relativas al uso del lenguaje de se\u00f1as.<\/p>\n<p>La alumna Celina Escalante Pall\u00e1n, estudiante de la Licenciatura en Entrenamiento Deportivo en la UES, con problemas auditivos, expres\u00f3 en se\u00f1as: <em>\u201cpor fin voy a escuchar noticias<\/em>\u201d y agradeci\u00f3 a UES y Radio Sonora ocuparse de esta parte sensible y necesaria para la comunidad sorda.<\/p>\n<p>&nbsp;<\/p>\n<p>(Fecha de publicaci\u00f3n 11102017)<\/p>\n","protected":false},"excerpt":{"rendered":"<p>HERMOSILLO, SONORA. MX.\u2014 Promotora de una radio incluyente, Radio Sonora integra a su programaci\u00f3n, una&#8230;<\/p>\n","protected":false},"author":1,"featured_media":27373,"comment_status":"open","ping_status":"open","sticky":false,"template":"","format":"standard","meta":{"_monsterinsights_skip_tracking":false,"_monsterinsights_sitenote_active":false,"_monsterinsights_sitenote_note":"","_monsterinsights_sitenote_category":0,"footnotes":""},"categories":[1,22],"tags":[],"class_list":["post"],"yoast_head":" \n<title>Sonora en Equipo. Radio Sonora integra programaci\u00f3n incluyente mediante convenio con UES Sonora<\/title>\n<meta name=\"description\" content=\"HERMOSILLO, SONORA. MX.\u2014 Promotora de una radio incluyente, Radio Sonora integra a su programaci\u00f3n, una hora diaria de contenido de noticias en lenguaje En Sonora en Equipo publicamos toda la informaci\u00f3n de Sonora, M\u00e9xico y el Mundo de manera oportuna y busca que la libertad de expresi\u00f3n sea real. Visita nuestro medio informativo publicado desde Hermosillo, Sonora. %\" \/>\n<meta name=\"robots\" content=\"index, follow, max-snippet:-1, max-image-preview:large, max-video-preview:-1\" \/>\n<link rel=\"canonical\" href=\"https:\/\/www.sonoraenequipo.com.mx\/radio-sonora-integra-programacion-incluyente-mediante-convenio-ues\/\" \/>\n<meta property=\"og:locale\" content=\"es_ES\" \/>\n<meta property=\"og:type\" content=\"article\" \/>\n<meta property=\"og:title\" content=\"Sonora en Equipo. Radio Sonora integra programaci\u00f3n incluyente mediante convenio con UES Sonora\" \/>\n<meta property=\"og:description\" content=\"HERMOSILLO, SONORA. MX.\u2014 Promotora de una radio incluyente, Radio Sonora integra a su programaci\u00f3n, una hora diaria de contenido de noticias en lenguaje En Sonora en Equipo publicamos toda la informaci\u00f3n de Sonora, M\u00e9xico y el Mundo de manera oportuna y busca que la libertad de expresi\u00f3n sea real. Visita nuestro medio informativo publicado desde Hermosillo, Sonora. %\" \/>\n<meta property=\"og:url\" content=\"https:\/\/www.sonoraenequipo.com.mx\/radio-sonora-integra-programacion-incluyente-mediante-convenio-ues\/\" \/>\n<meta property=\"og:site_name\" content=\"Sonora en Equipo.\" \/>\n<meta property=\"article:publisher\" content=\"https:\/\/www.facebook.com\/SonoraEE\/\" \/>\n<meta property=\"article:author\" content=\"https:\/\/www.facebook.com\/SonoraEE\" \/>\n<meta property=\"article:published_time\" content=\"2017-10-11T23:50:08+00:00\" \/>\n<meta property=\"article:modified_time\" content=\"2017-10-12T03:34:16+00:00\" \/>\n<meta property=\"og:image\" content=\"https:\/\/www.sonoraenequipo.com.mx\/storage\/2017\/10\/nuestraradio_opt.jpg\" \/>\n\t<meta property=\"og:image:width\" content=\"561\" \/>\n\t<meta property=\"og:image:height\" content=\"420\" \/>\n\t<meta property=\"og:image:type\" content=\"image\/jpeg\" \/>\n<meta name=\"author\" content=\"enequipo\" \/>\n<meta name=\"twitter:card\" content=\"summary_large_image\" \/>\n<meta name=\"twitter:creator\" content=\"@sonoraenequipo\" \/>\n<meta name=\"twitter:site\" content=\"@sonoraenequipo\" \/>\n<meta name=\"twitter:label1\" content=\"Escrito por\" \/>\n\t<meta name=\"twitter:data1\" content=\"enequipo\" \/>\n\t<meta name=\"twitter:label2\" content=\"Tiempo de lectura\" \/>\n\t<meta name=\"twitter:data2\" content=\"2 minutos\" \/>\n<script type=\"application\/ld+json\" class=\"yoast-schema-graph\">{\"@context\":\"https:\/\/schema.org\",\"@graph\":[{\"@type\":\"Article\",\"@id\":\"https:\/\/www.sonoraenequipo.com.mx\/radio-sonora-integra-programacion-incluyente-mediante-convenio-ues\/#article\",\"isPartOf\":{\"@id\":\"https:\/\/www.sonoraenequipo.com.mx\/radio-sonora-integra-programacion-incluyente-mediante-convenio-ues\/\"},\"author\":{\"name\":\"enequipo\",\"@id\":\"https:\/\/www.sonoraenequipo.com.mx\/#\/schema\/person\/50102df0fb23a8fa9e8effad8fa81386\"},\"headline\":\"Radio Sonora integra programaci\u00f3n incluyente mediante convenio con UES\",\"datePublished\":\"2017-10-11T23:50:08+00:00\",\"dateModified\":\"2017-10-12T03:34:16+00:00\",\"mainEntityOfPage\":{\"@id\":\"https:\/\/www.sonoraenequipo.com.mx\/radio-sonora-integra-programacion-incluyente-mediante-convenio-ues\/\"},\"wordCount\":418,\"commentCount\":0,\"publisher\":{\"@id\":\"https:\/\/www.sonoraenequipo.com.mx\/#organization\"},\"image\":{\"@id\":\"https:\/\/www.sonoraenequipo.com.mx\/radio-sonora-integra-programacion-incluyente-mediante-convenio-ues\/#primaryimage\"},\"thumbnailUrl\":\"https:\/\/www.sonoraenequipo.com.mx\/storage\/2017\/10\/nuestraradio_opt.jpg\",\"articleSection\":[\"Sin categorizar\",\"Sonora\"],\"inLanguage\":\"es\",\"potentialAction\":[{\"@type\":\"CommentAction\",\"name\":\"Comment\",\"target\":[\"https:\/\/www.sonoraenequipo.com.mx\/radio-sonora-integra-programacion-incluyente-mediante-convenio-ues\/#respond\"]}]},{\"@type\":\"WebPage\",\"@id\":\"https:\/\/www.sonoraenequipo.com.mx\/radio-sonora-integra-programacion-incluyente-mediante-convenio-ues\/\",\"url\":\"https:\/\/www.sonoraenequipo.com.mx\/radio-sonora-integra-programacion-incluyente-mediante-convenio-ues\/\",\"name\":\"Sonora en Equipo. Radio Sonora integra programaci\u00f3n incluyente mediante convenio con UES Sonora\",\"isPartOf\":{\"@id\":\"https:\/\/www.sonoraenequipo.com.mx\/#website\"},\"primaryImageOfPage\":{\"@id\":\"https:\/\/www.sonoraenequipo.com.mx\/radio-sonora-integra-programacion-incluyente-mediante-convenio-ues\/#primaryimage\"},\"image\":{\"@id\":\"https:\/\/www.sonoraenequipo.com.mx\/radio-sonora-integra-programacion-incluyente-mediante-convenio-ues\/#primaryimage\"},\"thumbnailUrl\":\"https:\/\/www.sonoraenequipo.com.mx\/storage\/2017\/10\/nuestraradio_opt.jpg\",\"datePublished\":\"2017-10-11T23:50:08+00:00\",\"dateModified\":\"2017-10-12T03:34:16+00:00\",\"description\":\"HERMOSILLO, SONORA. MX.\u2014 Promotora de una radio incluyente, Radio Sonora integra a su programaci\u00f3n, una hora diaria de contenido de noticias en lenguaje En Sonora en Equipo publicamos toda la informaci\u00f3n de Sonora, M\u00e9xico y el Mundo de manera oportuna y busca que la libertad de expresi\u00f3n sea real. Visita nuestro medio informativo publicado desde Hermosillo, Sonora. %\",\"breadcrumb\":{\"@id\":\"https:\/\/www.sonoraenequipo.com.mx\/radio-sonora-integra-programacion-incluyente-mediante-convenio-ues\/#breadcrumb\"},\"inLanguage\":\"es\",\"potentialAction\":[{\"@type\":\"ReadAction\",\"target\":[\"https:\/\/www.sonoraenequipo.com.mx\/radio-sonora-integra-programacion-incluyente-mediante-convenio-ues\/\"]}]},{\"@type\":\"ImageObject\",\"inLanguage\":\"es\",\"@id\":\"https:\/\/www.sonoraenequipo.com.mx\/radio-sonora-integra-programacion-incluyente-mediante-convenio-ues\/#primaryimage\",\"url\":\"https:\/\/www.sonoraenequipo.com.mx\/storage\/2017\/10\/nuestraradio_opt.jpg\",\"contentUrl\":\"https:\/\/www.sonoraenequipo.com.mx\/storage\/2017\/10\/nuestraradio_opt.jpg\",\"width\":561,\"height\":420},{\"@type\":\"BreadcrumbList\",\"@id\":\"https:\/\/www.sonoraenequipo.com.mx\/radio-sonora-integra-programacion-incluyente-mediante-convenio-ues\/#breadcrumb\",\"itemListElement\":[{\"@type\":\"ListItem\",\"position\":1,\"name\":\"Portada\",\"item\":\"https:\/\/www.sonoraenequipo.com.mx\/\"},{\"@type\":\"ListItem\",\"position\":2,\"name\":\"Radio Sonora integra programaci\u00f3n incluyente mediante convenio con UES\"}]},{\"@type\":\"WebSite\",\"@id\":\"https:\/\/www.sonoraenequipo.com.mx\/#website\",\"url\":\"https:\/\/www.sonoraenequipo.com.mx\/\",\"name\":\"Sonora en Equipo.\",\"description\":\"Diario en l\u00ednea con Noticias desde Hermosillo, Sonora\",\"publisher\":{\"@id\":\"https:\/\/www.sonoraenequipo.com.mx\/#organization\"},\"potentialAction\":[{\"@type\":\"SearchAction\",\"target\":{\"@type\":\"EntryPoint\",\"urlTemplate\":\"https:\/\/www.sonoraenequipo.com.mx\/?s={search_term_string}\"},\"query-input\":{\"@type\":\"PropertyValueSpecification\",\"valueRequired\":true,\"valueName\":\"search_term_string\"}}],\"inLanguage\":\"es\"},{\"@type\":\"Organization\",\"@id\":\"https:\/\/www.sonoraenequipo.com.mx\/#organization\",\"name\":\"Sonoraenequipo.com.mx\",\"url\":\"https:\/\/www.sonoraenequipo.com.mx\/\",\"logo\":{\"@type\":\"ImageObject\",\"inLanguage\":\"es\",\"@id\":\"https:\/\/www.sonoraenequipo.com.mx\/#\/schema\/logo\/image\/\",\"url\":\"https:\/\/www.sonoraenequipo.com.mx\/storage\/2019\/01\/sonoraenequipo_opt.png\",\"contentUrl\":\"https:\/\/www.sonoraenequipo.com.mx\/storage\/2019\/01\/sonoraenequipo_opt.png\",\"width\":375,\"height\":125,\"caption\":\"Sonoraenequipo.com.mx\"},\"image\":{\"@id\":\"https:\/\/www.sonoraenequipo.com.mx\/#\/schema\/logo\/image\/\"},\"sameAs\":[\"https:\/\/www.facebook.com\/SonoraEE\/\",\"https:\/\/x.com\/sonoraenequipo\",\"https:\/\/www.youtube.com\/channel\/UC338nW-lPEYmJQs4ZABQ1SQ\"]},{\"@type\":\"Person\",\"@id\":\"https:\/\/www.sonoraenequipo.com.mx\/#\/schema\/person\/50102df0fb23a8fa9e8effad8fa81386\",\"name\":\"enequipo\",\"image\":{\"@type\":\"ImageObject\",\"inLanguage\":\"es\",\"@id\":\"https:\/\/www.sonoraenequipo.com.mx\/#\/schema\/person\/image\/\",\"url\":\"https:\/\/secure.gravatar.com\/avatar\/049821681b589dabc0bc20695993ccebb09f5b5d4d790cd9251b97faac7c652b?s=96&d=blank&r=g\",\"contentUrl\":\"https:\/\/secure.gravatar.com\/avatar\/049821681b589dabc0bc20695993ccebb09f5b5d4d790cd9251b97faac7c652b?s=96&d=blank&r=g\",\"caption\":\"enequipo\"},\"sameAs\":[\"https:\/\/www.facebook.com\/SonoraEE\"]}]}<\/script>\n ","yoast_head_json":{"title":"Sonora en Equipo. Radio Sonora integra programaci\u00f3n incluyente mediante convenio con UES Sonora","description":"HERMOSILLO, SONORA. MX.\u2014 Promotora de una radio incluyente, Radio Sonora integra a su programaci\u00f3n, una hora diaria de contenido de noticias en lenguaje En Sonora en Equipo publicamos toda la informaci\u00f3n de Sonora, M\u00e9xico y el Mundo de manera oportuna y busca que la libertad de expresi\u00f3n sea real. Visita nuestro medio informativo publicado desde Hermosillo, Sonora. %","robots":{"index":"index","follow":"follow","max-snippet":"max-snippet:-1","max-image-preview":"max-image-preview:large","max-video-preview":"max-video-preview:-1"},"canonical":"https:\/\/www.sonoraenequipo.com.mx\/radio-sonora-integra-programacion-incluyente-mediante-convenio-ues\/","og_locale":"es_ES","og_type":"article","og_title":"Sonora en Equipo. Radio Sonora integra programaci\u00f3n incluyente mediante convenio con UES Sonora","og_description":"HERMOSILLO, SONORA. MX.\u2014 Promotora de una radio incluyente, Radio Sonora integra a su programaci\u00f3n, una hora diaria de contenido de noticias en lenguaje En Sonora en Equipo publicamos toda la informaci\u00f3n de Sonora, M\u00e9xico y el Mundo de manera oportuna y busca que la libertad de expresi\u00f3n sea real. Visita nuestro medio informativo publicado desde Hermosillo, Sonora. %","og_url":"https:\/\/www.sonoraenequipo.com.mx\/radio-sonora-integra-programacion-incluyente-mediante-convenio-ues\/","og_site_name":"Sonora en Equipo.","article_publisher":"https:\/\/www.facebook.com\/SonoraEE\/","article_author":"https:\/\/www.facebook.com\/SonoraEE","article_published_time":"2017-10-11T23:50:08+00:00","article_modified_time":"2017-10-12T03:34:16+00:00","og_image":[{"width":561,"height":420,"url":"https:\/\/www.sonoraenequipo.com.mx\/storage\/2017\/10\/nuestraradio_opt.jpg","type":"image\/jpeg"}],"author":"enequipo","twitter_card":"summary_large_image","twitter_creator":"@sonoraenequipo","twitter_site":"@sonoraenequipo","twitter_misc":{"Escrito por":"enequipo","Tiempo de lectura":"2 minutos"},"schema":{"@context":"https:\/\/schema.org","@graph":[{"@type":"Article","@id":"https:\/\/www.sonoraenequipo.com.mx\/radio-sonora-integra-programacion-incluyente-mediante-convenio-ues\/#article","isPartOf":{"@id":"https:\/\/www.sonoraenequipo.com.mx\/radio-sonora-integra-programacion-incluyente-mediante-convenio-ues\/"},"author":{"name":"enequipo","@id":"https:\/\/www.sonoraenequipo.com.mx\/#\/schema\/person\/50102df0fb23a8fa9e8effad8fa81386"},"headline":"Radio Sonora integra programaci\u00f3n incluyente mediante convenio con UES","datePublished":"2017-10-11T23:50:08+00:00","dateModified":"2017-10-12T03:34:16+00:00","mainEntityOfPage":{"@id":"https:\/\/www.sonoraenequipo.com.mx\/radio-sonora-integra-programacion-incluyente-mediante-convenio-ues\/"},"wordCount":418,"commentCount":0,"publisher":{"@id":"https:\/\/www.sonoraenequipo.com.mx\/#organization"},"image":{"@id":"https:\/\/www.sonoraenequipo.com.mx\/radio-sonora-integra-programacion-incluyente-mediante-convenio-ues\/#primaryimage"},"thumbnailUrl":"https:\/\/www.sonoraenequipo.com.mx\/storage\/2017\/10\/nuestraradio_opt.jpg","articleSection":["Sin categorizar","Sonora"],"inLanguage":"es","potentialAction":[{"@type":"CommentAction","name":"Comment","target":["https:\/\/www.sonoraenequipo.com.mx\/radio-sonora-integra-programacion-incluyente-mediante-convenio-ues\/#respond"]}]},{"@type":"WebPage","@id":"https:\/\/www.sonoraenequipo.com.mx\/radio-sonora-integra-programacion-incluyente-mediante-convenio-ues\/","url":"https:\/\/www.sonoraenequipo.com.mx\/radio-sonora-integra-programacion-incluyente-mediante-convenio-ues\/","name":"Sonora en Equipo. Radio Sonora integra programaci\u00f3n incluyente mediante convenio con UES Sonora","isPartOf":{"@id":"https:\/\/www.sonoraenequipo.com.mx\/#website"},"primaryImageOfPage":{"@id":"https:\/\/www.sonoraenequipo.com.mx\/radio-sonora-integra-programacion-incluyente-mediante-convenio-ues\/#primaryimage"},"image":{"@id":"https:\/\/www.sonoraenequipo.com.mx\/radio-sonora-integra-programacion-incluyente-mediante-convenio-ues\/#primaryimage"},"thumbnailUrl":"https:\/\/www.sonoraenequipo.com.mx\/storage\/2017\/10\/nuestraradio_opt.jpg","datePublished":"2017-10-11T23:50:08+00:00","dateModified":"2017-10-12T03:34:16+00:00","description":"HERMOSILLO, SONORA. MX.\u2014 Promotora de una radio incluyente, Radio Sonora integra a su programaci\u00f3n, una hora diaria de contenido de noticias en lenguaje En Sonora en Equipo publicamos toda la informaci\u00f3n de Sonora, M\u00e9xico y el Mundo de manera oportuna y busca que la libertad de expresi\u00f3n sea real. Visita nuestro medio informativo publicado desde Hermosillo, Sonora. %","breadcrumb":{"@id":"https:\/\/www.sonoraenequipo.com.mx\/radio-sonora-integra-programacion-incluyente-mediante-convenio-ues\/#breadcrumb"},"inLanguage":"es","potentialAction":[{"@type":"ReadAction","target":["https:\/\/www.sonoraenequipo.com.mx\/radio-sonora-integra-programacion-incluyente-mediante-convenio-ues\/"]}]},{"@type":"ImageObject","inLanguage":"es","@id":"https:\/\/www.sonoraenequipo.com.mx\/radio-sonora-integra-programacion-incluyente-mediante-convenio-ues\/#primaryimage","url":"https:\/\/www.sonoraenequipo.com.mx\/storage\/2017\/10\/nuestraradio_opt.jpg","contentUrl":"https:\/\/www.sonoraenequipo.com.mx\/storage\/2017\/10\/nuestraradio_opt.jpg","width":561,"height":420},{"@type":"BreadcrumbList","@id":"https:\/\/www.sonoraenequipo.com.mx\/radio-sonora-integra-programacion-incluyente-mediante-convenio-ues\/#breadcrumb","itemListElement":[{"@type":"ListItem","position":1,"name":"Portada","item":"https:\/\/www.sonoraenequipo.com.mx\/"},{"@type":"ListItem","position":2,"name":"Radio Sonora integra programaci\u00f3n incluyente mediante convenio con UES"}]},{"@type":"WebSite","@id":"https:\/\/www.sonoraenequipo.com.mx\/#website","url":"https:\/\/www.sonoraenequipo.com.mx\/","name":"Sonora en Equipo.","description":"Diario en l\u00ednea con Noticias desde Hermosillo, Sonora","publisher":{"@id":"https:\/\/www.sonoraenequipo.com.mx\/#organization"},"potentialAction":[{"@type":"SearchAction","target":{"@type":"EntryPoint","urlTemplate":"https:\/\/www.sonoraenequipo.com.mx\/?s={search_term_string}"},"query-input":{"@type":"PropertyValueSpecification","valueRequired":true,"valueName":"search_term_string"}}],"inLanguage":"es"},{"@type":"Organization","@id":"https:\/\/www.sonoraenequipo.com.mx\/#organization","name":"Sonoraenequipo.com.mx","url":"https:\/\/www.sonoraenequipo.com.mx\/","logo":{"@type":"ImageObject","inLanguage":"es","@id":"https:\/\/www.sonoraenequipo.com.mx\/#\/schema\/logo\/image\/","url":"https:\/\/www.sonoraenequipo.com.mx\/storage\/2019\/01\/sonoraenequipo_opt.png","contentUrl":"https:\/\/www.sonoraenequipo.com.mx\/storage\/2019\/01\/sonoraenequipo_opt.png","width":375,"height":125,"caption":"Sonoraenequipo.com.mx"},"image":{"@id":"https:\/\/www.sonoraenequipo.com.mx\/#\/schema\/logo\/image\/"},"sameAs":["https:\/\/www.facebook.com\/SonoraEE\/","https:\/\/x.com\/sonoraenequipo","https:\/\/www.youtube.com\/channel\/UC338nW-lPEYmJQs4ZABQ1SQ"]},{"@type":"Person","@id":"https:\/\/www.sonoraenequipo.com.mx\/#\/schema\/person\/50102df0fb23a8fa9e8effad8fa81386","name":"enequipo","image":{"@type":"ImageObject","inLanguage":"es","@id":"https:\/\/www.sonoraenequipo.com.mx\/#\/schema\/person\/image\/","url":"https:\/\/secure.gravatar.com\/avatar\/049821681b589dabc0bc20695993ccebb09f5b5d4d790cd9251b97faac7c652b?s=96&d=blank&r=g","contentUrl":"https:\/\/secure.gravatar.com\/avatar\/049821681b589dabc0bc20695993ccebb09f5b5d4d790cd9251b97faac7c652b?s=96&d=blank&r=g","caption":"enequipo"},"sameAs":["https:\/\/www.facebook.com\/SonoraEE"]}]}},"jetpack_featured_media_url":"https:\/\/www.sonoraenequipo.com.mx\/storage\/2017\/10\/nuestraradio_opt.jpg","_links":{"self":[{"href":"https:\/\/www.sonoraenequipo.com.mx\/api\/wp\/v2\/posts\/27372","targetHints":{"allow":["GET"]}}],"collection":[{"href":"https:\/\/www.sonoraenequipo.com.mx\/api\/wp\/v2\/posts"}],"about":[{"href":"https:\/\/www.sonoraenequipo.com.mx\/api\/wp\/v2\/types\/post"}],"author":[{"embeddable":true,"href":"https:\/\/www.sonoraenequipo.com.mx\/api\/wp\/v2\/users\/1"}],"replies":[{"embeddable":true,"href":"https:\/\/www.sonoraenequipo.com.mx\/api\/wp\/v2\/comments?post=27372"}],"version-history":[{"count":0,"href":"https:\/\/www.sonoraenequipo.com.mx\/api\/wp\/v2\/posts\/27372\/revisions"}],"wp:featuredmedia":[{"embeddable":true,"href":"https:\/\/www.sonoraenequipo.com.mx\/api\/wp\/v2\/media\/27373"}],"wp:attachment":[{"href":"https:\/\/www.sonoraenequipo.com.mx\/api\/wp\/v2\/media?parent=27372"}],"wp:term":[{"taxonomy":"category","embeddable":true,"href":"https:\/\/www.sonoraenequipo.com.mx\/api\/wp\/v2\/categories?post=27372"},{"taxonomy":"post_tag","embeddable":true,"href":"https:\/\/www.sonoraenequipo.com.mx\/api\/wp\/v2\/tags?post=27372"}],"curies":[{"name":"wp","href":"https:\/\/api.w.org\/{rel}","templated":true}]}}