{"id":27390,"date":"2017-10-12T12:40:55","date_gmt":"2017-10-12T19:40:55","guid":{"rendered":"http:\/\/www.sonoraenequipo.com.mx\/?p=27390"},"modified":"2017-10-12T13:43:16","modified_gmt":"2017-10-12T20:43:16","slug":"naranjeros-inicia-apaleada-yaquis16-2-temporada-2017-2018-la-lmp","status":"publish","type":"post","link":"https:\/\/www.sonoraenequipo.com.mx\/naranjeros-inicia-apaleada-yaquis16-2-temporada-2017-2018-la-lmp\/","title":{"rendered":"Naranjeros inicia con apaleada sobre Yaquis16-2 temporada 2017-2018 de la LMP"},"content":{"rendered":"<p>CIUDAD DE M\u00c9XICO. MX.\u2014 Luego del espect\u00e1culo inaugural de los fuegos pirot\u00e9cnicos sigui\u00f3 de largo a cuenta del equipo de casa. Cuadrangulares de Brian Dozier, Domonic Brown y Jos\u00e9 Amador sirvieron de palanca para impulsar a triunfo de 16 por 2 de los Naranjeros de Hermosillo sobre los Yaquis de Ciudad Obreg\u00f3n en lo que fue el primer juego anoche de la temporada 2017-2018 de la LMP en esta ciudad.<\/p>\n<p> <\/p>\n<p>Inici\u00f3 la actividad de la pelota invernal en Hermosillo y previo al juego de esta noche, en que se present\u00f3 un espectacular inagural, ceremonia protocolaria en que particip\u00f3 el presidente de la liga, Lic. Omar Canizales Soto, a quien correspondi\u00f3 entregar una placa conmemorativa al presidente del club naranjero, Ing. Enrique Maz\u00f3n Rubio, al cumplir 30 a\u00f1os al frente de la franquicia que m\u00e1s campeonatos ha obtenido en la historia de seis d\u00e9cadas del circuito.<\/p>\n<p>Homenaje Ing. Enrique Maz\u00f3n (5)Ya en la acci\u00f3n, despliegue ofensivo que inici\u00f3 temprano luego de que en la primera tanda armaron grueso rally de cinco anotaciones, tres de ellas remolcadas por cuadrangular de Dozier ante el derrotado Alejando Mart\u00ednez (0-1).<\/p>\n<p>Un episodio m\u00e1s tarde los de casa agregaron cuatro m\u00e1s, tres de ellas a cuenta de batazo de cuatro esquinas de Amador con poderoso swing de golf seguido de jonr\u00f3n solitario de Brown.<\/p>\n<p>Jason BourgeoisAgregar\u00edan dos m\u00e1s en la tercera, una en la cuarta y quinta, abultando a\u00fan m\u00e1s el marcador. Su racha anotadora fue frenada en la sexta.<\/p>\n<p>Regresaron en la octava para despedirse con tercia de anotaciones remolcadas por Jason Bourgeois, Bryce Brentz y del emergente Roberto Ramos.<\/p>\n<p>Inauguraci\u00f3n 2017 (2)Los Yaquis se pusieron en el marcador gracias al bateo de su jardinero central Cedric Hunter, quien conect\u00f3 par de cuadrangulares, batazos id\u00e9nticos por el jard\u00edn derecho ante Juan Pablo Oramas, el primero de ellos panor\u00e1mico batazo rebas\u00f3 por mucho la barda de ese sector.<\/p>\n<p>Oramas se fue sin decisi\u00f3n al trabajar tres un tercio de cinco hits y ese par de carreras, con una base y par de chocolates. El ganador fue C\u00e9sar Vargas en plan de relevo.<\/p>\n<p>Homenaje Ing. Enrique Maz\u00f3n (6)Por Obreg\u00f3n, derrota para Mart\u00ednez quien apenas pudo sacar dos outs de la primera entrada admitiendo cinco carreras con cuatro hits.<\/p>\n<p>Ma\u00f1ana en Ciudad Obreg\u00f3n prosigue la acci\u00f3n con este mismo duelo. (con informaci\u00f3n de la LMP)<\/p>\n<p>W: Cesar Vargas (1-0)<br \/>\nL: Alejandro Mart\u00ednez (0-1)<\/p>\n<p>(Fecha de publicaci\u00f3n 11102017)<\/p>\n","protected":false},"excerpt":{"rendered":"<p>CIUDAD DE M\u00c9XICO. MX.\u2014 Luego del espect\u00e1culo inaugural de los fuegos pirot\u00e9cnicos sigui\u00f3 de largo&#8230;<\/p>\n","protected":false},"author":1,"featured_media":27391,"comment_status":"open","ping_status":"open","sticky":false,"template":"","format":"standard","meta":{"_monsterinsights_skip_tracking":false,"_monsterinsights_sitenote_active":false,"_monsterinsights_sitenote_note":"","_monsterinsights_sitenote_category":0,"footnotes":""},"categories":[10,1],"tags":[],"class_list":["post"],"yoast_head":" \n<title>Sonora en Equipo. Naranjeros inicia con apaleada sobre Yaquis16-2 temporada 2017-2018 de la LMP Sin categorizar<\/title>\n<meta name=\"description\" content=\"CIUDAD DE M\u00c9XICO. MX.\u2014 Luego del espect\u00e1culo inaugural de los fuegos pirot\u00e9cnicos sigui\u00f3 de largo a cuenta del equipo de casa. Cuadrangulares de Brian En Sonora en Equipo publicamos toda la informaci\u00f3n de Sonora, M\u00e9xico y el Mundo de manera oportuna y busca que la libertad de expresi\u00f3n sea real. Visita nuestro medio informativo publicado desde Hermosillo, Sonora. %\" \/>\n<meta name=\"robots\" content=\"index, follow, max-snippet:-1, max-image-preview:large, max-video-preview:-1\" \/>\n<link rel=\"canonical\" href=\"https:\/\/www.sonoraenequipo.com.mx\/naranjeros-inicia-apaleada-yaquis16-2-temporada-2017-2018-la-lmp\/\" \/>\n<meta property=\"og:locale\" content=\"es_ES\" \/>\n<meta property=\"og:type\" content=\"article\" \/>\n<meta property=\"og:title\" content=\"Sonora en Equipo. Naranjeros inicia con apaleada sobre Yaquis16-2 temporada 2017-2018 de la LMP Sin categorizar\" \/>\n<meta property=\"og:description\" content=\"CIUDAD DE M\u00c9XICO. MX.\u2014 Luego del espect\u00e1culo inaugural de los fuegos pirot\u00e9cnicos sigui\u00f3 de largo a cuenta del equipo de casa. Cuadrangulares de Brian En Sonora en Equipo publicamos toda la informaci\u00f3n de Sonora, M\u00e9xico y el Mundo de manera oportuna y busca que la libertad de expresi\u00f3n sea real. Visita nuestro medio informativo publicado desde Hermosillo, Sonora. %\" \/>\n<meta property=\"og:url\" content=\"https:\/\/www.sonoraenequipo.com.mx\/naranjeros-inicia-apaleada-yaquis16-2-temporada-2017-2018-la-lmp\/\" \/>\n<meta property=\"og:site_name\" content=\"Sonora en Equipo.\" \/>\n<meta property=\"article:publisher\" content=\"https:\/\/www.facebook.com\/SonoraEE\/\" \/>\n<meta property=\"article:author\" content=\"https:\/\/www.facebook.com\/SonoraEE\" \/>\n<meta property=\"article:published_time\" content=\"2017-10-12T19:40:55+00:00\" \/>\n<meta property=\"article:modified_time\" content=\"2017-10-12T20:43:16+00:00\" \/>\n<meta property=\"og:image\" content=\"https:\/\/www.sonoraenequipo.com.mx\/storage\/2017\/10\/Jason-Bourgeois_opt.jpg\" \/>\n\t<meta property=\"og:image:width\" content=\"1000\" \/>\n\t<meta property=\"og:image:height\" content=\"500\" \/>\n\t<meta property=\"og:image:type\" content=\"image\/jpeg\" \/>\n<meta name=\"author\" content=\"enequipo\" \/>\n<meta name=\"twitter:card\" content=\"summary_large_image\" \/>\n<meta name=\"twitter:creator\" content=\"@sonoraenequipo\" \/>\n<meta name=\"twitter:site\" content=\"@sonoraenequipo\" \/>\n<meta name=\"twitter:label1\" content=\"Escrito por\" \/>\n\t<meta name=\"twitter:data1\" content=\"enequipo\" \/>\n\t<meta name=\"twitter:label2\" content=\"Tiempo de lectura\" \/>\n\t<meta name=\"twitter:data2\" content=\"2 minutos\" \/>\n<script type=\"application\/ld+json\" class=\"yoast-schema-graph\">{\"@context\":\"https:\/\/schema.org\",\"@graph\":[{\"@type\":\"Article\",\"@id\":\"https:\/\/www.sonoraenequipo.com.mx\/naranjeros-inicia-apaleada-yaquis16-2-temporada-2017-2018-la-lmp\/#article\",\"isPartOf\":{\"@id\":\"https:\/\/www.sonoraenequipo.com.mx\/naranjeros-inicia-apaleada-yaquis16-2-temporada-2017-2018-la-lmp\/\"},\"author\":{\"name\":\"enequipo\",\"@id\":\"https:\/\/www.sonoraenequipo.com.mx\/#\/schema\/person\/50102df0fb23a8fa9e8effad8fa81386\"},\"headline\":\"Naranjeros inicia con apaleada sobre Yaquis16-2 temporada 2017-2018 de la LMP\",\"datePublished\":\"2017-10-12T19:40:55+00:00\",\"dateModified\":\"2017-10-12T20:43:16+00:00\",\"mainEntityOfPage\":{\"@id\":\"https:\/\/www.sonoraenequipo.com.mx\/naranjeros-inicia-apaleada-yaquis16-2-temporada-2017-2018-la-lmp\/\"},\"wordCount\":439,\"commentCount\":0,\"publisher\":{\"@id\":\"https:\/\/www.sonoraenequipo.com.mx\/#organization\"},\"image\":{\"@id\":\"https:\/\/www.sonoraenequipo.com.mx\/naranjeros-inicia-apaleada-yaquis16-2-temporada-2017-2018-la-lmp\/#primaryimage\"},\"thumbnailUrl\":\"https:\/\/www.sonoraenequipo.com.mx\/storage\/2017\/10\/Jason-Bourgeois_opt.jpg\",\"articleSection\":[\"Deportes\",\"Sin categorizar\"],\"inLanguage\":\"es\",\"potentialAction\":[{\"@type\":\"CommentAction\",\"name\":\"Comment\",\"target\":[\"https:\/\/www.sonoraenequipo.com.mx\/naranjeros-inicia-apaleada-yaquis16-2-temporada-2017-2018-la-lmp\/#respond\"]}]},{\"@type\":\"WebPage\",\"@id\":\"https:\/\/www.sonoraenequipo.com.mx\/naranjeros-inicia-apaleada-yaquis16-2-temporada-2017-2018-la-lmp\/\",\"url\":\"https:\/\/www.sonoraenequipo.com.mx\/naranjeros-inicia-apaleada-yaquis16-2-temporada-2017-2018-la-lmp\/\",\"name\":\"Sonora en Equipo. Naranjeros inicia con apaleada sobre Yaquis16-2 temporada 2017-2018 de la LMP Sin categorizar\",\"isPartOf\":{\"@id\":\"https:\/\/www.sonoraenequipo.com.mx\/#website\"},\"primaryImageOfPage\":{\"@id\":\"https:\/\/www.sonoraenequipo.com.mx\/naranjeros-inicia-apaleada-yaquis16-2-temporada-2017-2018-la-lmp\/#primaryimage\"},\"image\":{\"@id\":\"https:\/\/www.sonoraenequipo.com.mx\/naranjeros-inicia-apaleada-yaquis16-2-temporada-2017-2018-la-lmp\/#primaryimage\"},\"thumbnailUrl\":\"https:\/\/www.sonoraenequipo.com.mx\/storage\/2017\/10\/Jason-Bourgeois_opt.jpg\",\"datePublished\":\"2017-10-12T19:40:55+00:00\",\"dateModified\":\"2017-10-12T20:43:16+00:00\",\"description\":\"CIUDAD DE M\u00c9XICO. MX.\u2014 Luego del espect\u00e1culo inaugural de los fuegos pirot\u00e9cnicos sigui\u00f3 de largo a cuenta del equipo de casa. Cuadrangulares de Brian En Sonora en Equipo publicamos toda la informaci\u00f3n de Sonora, M\u00e9xico y el Mundo de manera oportuna y busca que la libertad de expresi\u00f3n sea real. Visita nuestro medio informativo publicado desde Hermosillo, Sonora. %\",\"breadcrumb\":{\"@id\":\"https:\/\/www.sonoraenequipo.com.mx\/naranjeros-inicia-apaleada-yaquis16-2-temporada-2017-2018-la-lmp\/#breadcrumb\"},\"inLanguage\":\"es\",\"potentialAction\":[{\"@type\":\"ReadAction\",\"target\":[\"https:\/\/www.sonoraenequipo.com.mx\/naranjeros-inicia-apaleada-yaquis16-2-temporada-2017-2018-la-lmp\/\"]}]},{\"@type\":\"ImageObject\",\"inLanguage\":\"es\",\"@id\":\"https:\/\/www.sonoraenequipo.com.mx\/naranjeros-inicia-apaleada-yaquis16-2-temporada-2017-2018-la-lmp\/#primaryimage\",\"url\":\"https:\/\/www.sonoraenequipo.com.mx\/storage\/2017\/10\/Jason-Bourgeois_opt.jpg\",\"contentUrl\":\"https:\/\/www.sonoraenequipo.com.mx\/storage\/2017\/10\/Jason-Bourgeois_opt.jpg\",\"width\":1000,\"height\":500},{\"@type\":\"BreadcrumbList\",\"@id\":\"https:\/\/www.sonoraenequipo.com.mx\/naranjeros-inicia-apaleada-yaquis16-2-temporada-2017-2018-la-lmp\/#breadcrumb\",\"itemListElement\":[{\"@type\":\"ListItem\",\"position\":1,\"name\":\"Portada\",\"item\":\"https:\/\/www.sonoraenequipo.com.mx\/\"},{\"@type\":\"ListItem\",\"position\":2,\"name\":\"Naranjeros inicia con apaleada sobre Yaquis16-2 temporada 2017-2018 de la LMP\"}]},{\"@type\":\"WebSite\",\"@id\":\"https:\/\/www.sonoraenequipo.com.mx\/#website\",\"url\":\"https:\/\/www.sonoraenequipo.com.mx\/\",\"name\":\"Sonora en Equipo.\",\"description\":\"Diario en l\u00ednea con Noticias desde Hermosillo, Sonora\",\"publisher\":{\"@id\":\"https:\/\/www.sonoraenequipo.com.mx\/#organization\"},\"potentialAction\":[{\"@type\":\"SearchAction\",\"target\":{\"@type\":\"EntryPoint\",\"urlTemplate\":\"https:\/\/www.sonoraenequipo.com.mx\/?s={search_term_string}\"},\"query-input\":{\"@type\":\"PropertyValueSpecification\",\"valueRequired\":true,\"valueName\":\"search_term_string\"}}],\"inLanguage\":\"es\"},{\"@type\":\"Organization\",\"@id\":\"https:\/\/www.sonoraenequipo.com.mx\/#organization\",\"name\":\"Sonoraenequipo.com.mx\",\"url\":\"https:\/\/www.sonoraenequipo.com.mx\/\",\"logo\":{\"@type\":\"ImageObject\",\"inLanguage\":\"es\",\"@id\":\"https:\/\/www.sonoraenequipo.com.mx\/#\/schema\/logo\/image\/\",\"url\":\"https:\/\/www.sonoraenequipo.com.mx\/storage\/2019\/01\/sonoraenequipo_opt.png\",\"contentUrl\":\"https:\/\/www.sonoraenequipo.com.mx\/storage\/2019\/01\/sonoraenequipo_opt.png\",\"width\":375,\"height\":125,\"caption\":\"Sonoraenequipo.com.mx\"},\"image\":{\"@id\":\"https:\/\/www.sonoraenequipo.com.mx\/#\/schema\/logo\/image\/\"},\"sameAs\":[\"https:\/\/www.facebook.com\/SonoraEE\/\",\"https:\/\/x.com\/sonoraenequipo\",\"https:\/\/www.youtube.com\/channel\/UC338nW-lPEYmJQs4ZABQ1SQ\"]},{\"@type\":\"Person\",\"@id\":\"https:\/\/www.sonoraenequipo.com.mx\/#\/schema\/person\/50102df0fb23a8fa9e8effad8fa81386\",\"name\":\"enequipo\",\"image\":{\"@type\":\"ImageObject\",\"inLanguage\":\"es\",\"@id\":\"https:\/\/www.sonoraenequipo.com.mx\/#\/schema\/person\/image\/\",\"url\":\"https:\/\/secure.gravatar.com\/avatar\/049821681b589dabc0bc20695993ccebb09f5b5d4d790cd9251b97faac7c652b?s=96&d=blank&r=g\",\"contentUrl\":\"https:\/\/secure.gravatar.com\/avatar\/049821681b589dabc0bc20695993ccebb09f5b5d4d790cd9251b97faac7c652b?s=96&d=blank&r=g\",\"caption\":\"enequipo\"},\"sameAs\":[\"https:\/\/www.facebook.com\/SonoraEE\"]}]}<\/script>\n ","yoast_head_json":{"title":"Sonora en Equipo. Naranjeros inicia con apaleada sobre Yaquis16-2 temporada 2017-2018 de la LMP Sin categorizar","description":"CIUDAD DE M\u00c9XICO. MX.\u2014 Luego del espect\u00e1culo inaugural de los fuegos pirot\u00e9cnicos sigui\u00f3 de largo a cuenta del equipo de casa. Cuadrangulares de Brian En Sonora en Equipo publicamos toda la informaci\u00f3n de Sonora, M\u00e9xico y el Mundo de manera oportuna y busca que la libertad de expresi\u00f3n sea real. Visita nuestro medio informativo publicado desde Hermosillo, Sonora. %","robots":{"index":"index","follow":"follow","max-snippet":"max-snippet:-1","max-image-preview":"max-image-preview:large","max-video-preview":"max-video-preview:-1"},"canonical":"https:\/\/www.sonoraenequipo.com.mx\/naranjeros-inicia-apaleada-yaquis16-2-temporada-2017-2018-la-lmp\/","og_locale":"es_ES","og_type":"article","og_title":"Sonora en Equipo. Naranjeros inicia con apaleada sobre Yaquis16-2 temporada 2017-2018 de la LMP Sin categorizar","og_description":"CIUDAD DE M\u00c9XICO. MX.\u2014 Luego del espect\u00e1culo inaugural de los fuegos pirot\u00e9cnicos sigui\u00f3 de largo a cuenta del equipo de casa. Cuadrangulares de Brian En Sonora en Equipo publicamos toda la informaci\u00f3n de Sonora, M\u00e9xico y el Mundo de manera oportuna y busca que la libertad de expresi\u00f3n sea real. Visita nuestro medio informativo publicado desde Hermosillo, Sonora. %","og_url":"https:\/\/www.sonoraenequipo.com.mx\/naranjeros-inicia-apaleada-yaquis16-2-temporada-2017-2018-la-lmp\/","og_site_name":"Sonora en Equipo.","article_publisher":"https:\/\/www.facebook.com\/SonoraEE\/","article_author":"https:\/\/www.facebook.com\/SonoraEE","article_published_time":"2017-10-12T19:40:55+00:00","article_modified_time":"2017-10-12T20:43:16+00:00","og_image":[{"width":1000,"height":500,"url":"https:\/\/www.sonoraenequipo.com.mx\/storage\/2017\/10\/Jason-Bourgeois_opt.jpg","type":"image\/jpeg"}],"author":"enequipo","twitter_card":"summary_large_image","twitter_creator":"@sonoraenequipo","twitter_site":"@sonoraenequipo","twitter_misc":{"Escrito por":"enequipo","Tiempo de lectura":"2 minutos"},"schema":{"@context":"https:\/\/schema.org","@graph":[{"@type":"Article","@id":"https:\/\/www.sonoraenequipo.com.mx\/naranjeros-inicia-apaleada-yaquis16-2-temporada-2017-2018-la-lmp\/#article","isPartOf":{"@id":"https:\/\/www.sonoraenequipo.com.mx\/naranjeros-inicia-apaleada-yaquis16-2-temporada-2017-2018-la-lmp\/"},"author":{"name":"enequipo","@id":"https:\/\/www.sonoraenequipo.com.mx\/#\/schema\/person\/50102df0fb23a8fa9e8effad8fa81386"},"headline":"Naranjeros inicia con apaleada sobre Yaquis16-2 temporada 2017-2018 de la LMP","datePublished":"2017-10-12T19:40:55+00:00","dateModified":"2017-10-12T20:43:16+00:00","mainEntityOfPage":{"@id":"https:\/\/www.sonoraenequipo.com.mx\/naranjeros-inicia-apaleada-yaquis16-2-temporada-2017-2018-la-lmp\/"},"wordCount":439,"commentCount":0,"publisher":{"@id":"https:\/\/www.sonoraenequipo.com.mx\/#organization"},"image":{"@id":"https:\/\/www.sonoraenequipo.com.mx\/naranjeros-inicia-apaleada-yaquis16-2-temporada-2017-2018-la-lmp\/#primaryimage"},"thumbnailUrl":"https:\/\/www.sonoraenequipo.com.mx\/storage\/2017\/10\/Jason-Bourgeois_opt.jpg","articleSection":["Deportes","Sin categorizar"],"inLanguage":"es","potentialAction":[{"@type":"CommentAction","name":"Comment","target":["https:\/\/www.sonoraenequipo.com.mx\/naranjeros-inicia-apaleada-yaquis16-2-temporada-2017-2018-la-lmp\/#respond"]}]},{"@type":"WebPage","@id":"https:\/\/www.sonoraenequipo.com.mx\/naranjeros-inicia-apaleada-yaquis16-2-temporada-2017-2018-la-lmp\/","url":"https:\/\/www.sonoraenequipo.com.mx\/naranjeros-inicia-apaleada-yaquis16-2-temporada-2017-2018-la-lmp\/","name":"Sonora en Equipo. Naranjeros inicia con apaleada sobre Yaquis16-2 temporada 2017-2018 de la LMP Sin categorizar","isPartOf":{"@id":"https:\/\/www.sonoraenequipo.com.mx\/#website"},"primaryImageOfPage":{"@id":"https:\/\/www.sonoraenequipo.com.mx\/naranjeros-inicia-apaleada-yaquis16-2-temporada-2017-2018-la-lmp\/#primaryimage"},"image":{"@id":"https:\/\/www.sonoraenequipo.com.mx\/naranjeros-inicia-apaleada-yaquis16-2-temporada-2017-2018-la-lmp\/#primaryimage"},"thumbnailUrl":"https:\/\/www.sonoraenequipo.com.mx\/storage\/2017\/10\/Jason-Bourgeois_opt.jpg","datePublished":"2017-10-12T19:40:55+00:00","dateModified":"2017-10-12T20:43:16+00:00","description":"CIUDAD DE M\u00c9XICO. MX.\u2014 Luego del espect\u00e1culo inaugural de los fuegos pirot\u00e9cnicos sigui\u00f3 de largo a cuenta del equipo de casa. Cuadrangulares de Brian En Sonora en Equipo publicamos toda la informaci\u00f3n de Sonora, M\u00e9xico y el Mundo de manera oportuna y busca que la libertad de expresi\u00f3n sea real. Visita nuestro medio informativo publicado desde Hermosillo, Sonora. %","breadcrumb":{"@id":"https:\/\/www.sonoraenequipo.com.mx\/naranjeros-inicia-apaleada-yaquis16-2-temporada-2017-2018-la-lmp\/#breadcrumb"},"inLanguage":"es","potentialAction":[{"@type":"ReadAction","target":["https:\/\/www.sonoraenequipo.com.mx\/naranjeros-inicia-apaleada-yaquis16-2-temporada-2017-2018-la-lmp\/"]}]},{"@type":"ImageObject","inLanguage":"es","@id":"https:\/\/www.sonoraenequipo.com.mx\/naranjeros-inicia-apaleada-yaquis16-2-temporada-2017-2018-la-lmp\/#primaryimage","url":"https:\/\/www.sonoraenequipo.com.mx\/storage\/2017\/10\/Jason-Bourgeois_opt.jpg","contentUrl":"https:\/\/www.sonoraenequipo.com.mx\/storage\/2017\/10\/Jason-Bourgeois_opt.jpg","width":1000,"height":500},{"@type":"BreadcrumbList","@id":"https:\/\/www.sonoraenequipo.com.mx\/naranjeros-inicia-apaleada-yaquis16-2-temporada-2017-2018-la-lmp\/#breadcrumb","itemListElement":[{"@type":"ListItem","position":1,"name":"Portada","item":"https:\/\/www.sonoraenequipo.com.mx\/"},{"@type":"ListItem","position":2,"name":"Naranjeros inicia con apaleada sobre Yaquis16-2 temporada 2017-2018 de la LMP"}]},{"@type":"WebSite","@id":"https:\/\/www.sonoraenequipo.com.mx\/#website","url":"https:\/\/www.sonoraenequipo.com.mx\/","name":"Sonora en Equipo.","description":"Diario en l\u00ednea con Noticias desde Hermosillo, Sonora","publisher":{"@id":"https:\/\/www.sonoraenequipo.com.mx\/#organization"},"potentialAction":[{"@type":"SearchAction","target":{"@type":"EntryPoint","urlTemplate":"https:\/\/www.sonoraenequipo.com.mx\/?s={search_term_string}"},"query-input":{"@type":"PropertyValueSpecification","valueRequired":true,"valueName":"search_term_string"}}],"inLanguage":"es"},{"@type":"Organization","@id":"https:\/\/www.sonoraenequipo.com.mx\/#organization","name":"Sonoraenequipo.com.mx","url":"https:\/\/www.sonoraenequipo.com.mx\/","logo":{"@type":"ImageObject","inLanguage":"es","@id":"https:\/\/www.sonoraenequipo.com.mx\/#\/schema\/logo\/image\/","url":"https:\/\/www.sonoraenequipo.com.mx\/storage\/2019\/01\/sonoraenequipo_opt.png","contentUrl":"https:\/\/www.sonoraenequipo.com.mx\/storage\/2019\/01\/sonoraenequipo_opt.png","width":375,"height":125,"caption":"Sonoraenequipo.com.mx"},"image":{"@id":"https:\/\/www.sonoraenequipo.com.mx\/#\/schema\/logo\/image\/"},"sameAs":["https:\/\/www.facebook.com\/SonoraEE\/","https:\/\/x.com\/sonoraenequipo","https:\/\/www.youtube.com\/channel\/UC338nW-lPEYmJQs4ZABQ1SQ"]},{"@type":"Person","@id":"https:\/\/www.sonoraenequipo.com.mx\/#\/schema\/person\/50102df0fb23a8fa9e8effad8fa81386","name":"enequipo","image":{"@type":"ImageObject","inLanguage":"es","@id":"https:\/\/www.sonoraenequipo.com.mx\/#\/schema\/person\/image\/","url":"https:\/\/secure.gravatar.com\/avatar\/049821681b589dabc0bc20695993ccebb09f5b5d4d790cd9251b97faac7c652b?s=96&d=blank&r=g","contentUrl":"https:\/\/secure.gravatar.com\/avatar\/049821681b589dabc0bc20695993ccebb09f5b5d4d790cd9251b97faac7c652b?s=96&d=blank&r=g","caption":"enequipo"},"sameAs":["https:\/\/www.facebook.com\/SonoraEE"]}]}},"jetpack_featured_media_url":"https:\/\/www.sonoraenequipo.com.mx\/storage\/2017\/10\/Jason-Bourgeois_opt.jpg","_links":{"self":[{"href":"https:\/\/www.sonoraenequipo.com.mx\/api\/wp\/v2\/posts\/27390","targetHints":{"allow":["GET"]}}],"collection":[{"href":"https:\/\/www.sonoraenequipo.com.mx\/api\/wp\/v2\/posts"}],"about":[{"href":"https:\/\/www.sonoraenequipo.com.mx\/api\/wp\/v2\/types\/post"}],"author":[{"embeddable":true,"href":"https:\/\/www.sonoraenequipo.com.mx\/api\/wp\/v2\/users\/1"}],"replies":[{"embeddable":true,"href":"https:\/\/www.sonoraenequipo.com.mx\/api\/wp\/v2\/comments?post=27390"}],"version-history":[{"count":0,"href":"https:\/\/www.sonoraenequipo.com.mx\/api\/wp\/v2\/posts\/27390\/revisions"}],"wp:featuredmedia":[{"embeddable":true,"href":"https:\/\/www.sonoraenequipo.com.mx\/api\/wp\/v2\/media\/27391"}],"wp:attachment":[{"href":"https:\/\/www.sonoraenequipo.com.mx\/api\/wp\/v2\/media?parent=27390"}],"wp:term":[{"taxonomy":"category","embeddable":true,"href":"https:\/\/www.sonoraenequipo.com.mx\/api\/wp\/v2\/categories?post=27390"},{"taxonomy":"post_tag","embeddable":true,"href":"https:\/\/www.sonoraenequipo.com.mx\/api\/wp\/v2\/tags?post=27390"}],"curies":[{"name":"wp","href":"https:\/\/api.w.org\/{rel}","templated":true}]}}