{"id":27393,"date":"2017-10-12T11:50:45","date_gmt":"2017-10-12T18:50:45","guid":{"rendered":"http:\/\/www.sonoraenequipo.com.mx\/?p=27393"},"modified":"2017-10-12T13:50:59","modified_gmt":"2017-10-12T20:50:59","slug":"cristina-la-colonia-centinela-ya-podra-pagar-la-universidad-hijos-pano-salido","status":"publish","type":"post","link":"https:\/\/www.sonoraenequipo.com.mx\/cristina-la-colonia-centinela-ya-podra-pagar-la-universidad-hijos-pano-salido\/","title":{"rendered":"Cristina, de la colonia Centinela, ya podr\u00e1 pagar la universidad para sus hijos: Pano Salido"},"content":{"rendered":"<p>GUAYMAS, SONORA. MX.\u2014 Consolidar su negocio familiar de comida en el que trabaja d\u00eda a d\u00eda para sacar adelante a sus dos hijos, ha sido posible para Mar\u00eda Cristina L\u00f3pez Garc\u00eda, gracias a un proyecto productivo que le ha permitido equipar su cocina.<\/p>\n<p> <\/p>\n<p>Esta jefa de familia de la colonia El Centinela, agradeci\u00f3 la rapidez con la que fue atendida su solicitud de apoyo, pues a menos de tres meses de realizarla obtuvo una respuesta positiva.<\/p>\n<p>Cristina se acerc\u00f3 a Pano Salido, a quien le plante\u00f3 su necesidad de una estufa y un refrigerador para sacar adelante la<em> \u201cCenadur\u00eda Cristina\u201d,<\/em> que atiende de 7 de la tarde a una de la ma\u00f1ana.<\/p>\n<p>La respuesta lleg\u00f3 pronto, pero la estufa y el refrigerador no vinieron solos, tambi\u00e9n le entregaron una licuadora, una freidora y un congelador, que ha aprovechado para vender paletas y hielitos.<\/p>\n<p><em>\u201cGracias a Dios tengo mucha clientela, porque todo preparo muy rico\u201d,<\/em> dice mientras se r\u00ede. <em>\u201cDe ah\u00ed saco para los gastos de la casa y de la escuela de mis hijos\u201d.<\/em><\/p>\n<p>Desde hace seis a\u00f1os, Cristina se ha hecho cargo ella sola de su hogar, y tiene como gran motivaci\u00f3n a su hija, que estudia tercer semestre de preparatoria y a su hijo que cursa el sexto a\u00f1o de primaria.<\/p>\n<p><em>\u201cLa ni\u00f1a quiere estudiar Ingenier\u00eda Industrial y el ni\u00f1o para doctor, por eso trabajo duro todos los d\u00edas para pagarles la universidad, porque mi m\u00e1s grande anhelo es verlos hechos unos profesionistas, ya que la vida est\u00e1 muy dura\u201d,<\/em> coment\u00f3<\/p>\n<p>Agradeci\u00f3 que ahora si la hayan escuchado y que le hayan respondido tan pronto a su solicitud, tanto la gobernadora Claudia Pavlovich como Pano Salido.<\/p>\n<p>\u00abEste tipo de proyectos productivos que impulsa la Gobernadora, representan soluciones para jefas de familia como Cristina; es un gusto apoyarla para que su negocio tenga larga vida\u00bb, dijo Pano Salido.<\/p>\n<p>(Fecha de publicaci\u00f3n 11102017)<\/p>\n","protected":false},"excerpt":{"rendered":"<p>GUAYMAS, SONORA. MX.\u2014 Consolidar su negocio familiar de comida en el que trabaja d\u00eda a&#8230;<\/p>\n","protected":false},"author":1,"featured_media":27394,"comment_status":"open","ping_status":"open","sticky":false,"template":"","format":"standard","meta":{"_monsterinsights_skip_tracking":false,"_monsterinsights_sitenote_active":false,"_monsterinsights_sitenote_note":"","_monsterinsights_sitenote_category":0,"footnotes":""},"categories":[13,4],"tags":[],"class_list":["post"],"yoast_head":" \n<title>Sonora en Equipo. Cristina, de la colonia Centinela, ya podr\u00e1 pagar la universidad para sus hijos: Pano Salido Destacadas<\/title>\n<meta name=\"description\" content=\"GUAYMAS, SONORA. MX.\u2014 Consolidar su negocio familiar de comida en el que trabaja d\u00eda a d\u00eda para sacar adelante a sus dos hijos, ha sido posible para Mar\u00eda En Sonora en Equipo publicamos toda la informaci\u00f3n de Sonora, M\u00e9xico y el Mundo de manera oportuna y busca que la libertad de expresi\u00f3n sea real. Visita nuestro medio informativo publicado desde Hermosillo, Sonora. %\" \/>\n<meta name=\"robots\" content=\"index, follow, max-snippet:-1, max-image-preview:large, max-video-preview:-1\" \/>\n<link rel=\"canonical\" href=\"https:\/\/www.sonoraenequipo.com.mx\/cristina-la-colonia-centinela-ya-podra-pagar-la-universidad-hijos-pano-salido\/\" \/>\n<meta property=\"og:locale\" content=\"es_ES\" \/>\n<meta property=\"og:type\" content=\"article\" \/>\n<meta property=\"og:title\" content=\"Sonora en Equipo. Cristina, de la colonia Centinela, ya podr\u00e1 pagar la universidad para sus hijos: Pano Salido Destacadas\" \/>\n<meta property=\"og:description\" content=\"GUAYMAS, SONORA. MX.\u2014 Consolidar su negocio familiar de comida en el que trabaja d\u00eda a d\u00eda para sacar adelante a sus dos hijos, ha sido posible para Mar\u00eda En Sonora en Equipo publicamos toda la informaci\u00f3n de Sonora, M\u00e9xico y el Mundo de manera oportuna y busca que la libertad de expresi\u00f3n sea real. Visita nuestro medio informativo publicado desde Hermosillo, Sonora. %\" \/>\n<meta property=\"og:url\" content=\"https:\/\/www.sonoraenequipo.com.mx\/cristina-la-colonia-centinela-ya-podra-pagar-la-universidad-hijos-pano-salido\/\" \/>\n<meta property=\"og:site_name\" content=\"Sonora en Equipo.\" \/>\n<meta property=\"article:publisher\" content=\"https:\/\/www.facebook.com\/SonoraEE\/\" \/>\n<meta property=\"article:author\" content=\"https:\/\/www.facebook.com\/SonoraEE\" \/>\n<meta property=\"article:published_time\" content=\"2017-10-12T18:50:45+00:00\" \/>\n<meta property=\"article:modified_time\" content=\"2017-10-12T20:50:59+00:00\" \/>\n<meta property=\"og:image\" content=\"https:\/\/www.sonoraenequipo.com.mx\/storage\/2017\/10\/apoy_opt.jpg\" \/>\n\t<meta property=\"og:image:width\" content=\"751\" \/>\n\t<meta property=\"og:image:height\" content=\"500\" \/>\n\t<meta property=\"og:image:type\" content=\"image\/jpeg\" \/>\n<meta name=\"author\" content=\"enequipo\" \/>\n<meta name=\"twitter:card\" content=\"summary_large_image\" \/>\n<meta name=\"twitter:creator\" content=\"@sonoraenequipo\" \/>\n<meta name=\"twitter:site\" content=\"@sonoraenequipo\" \/>\n<meta name=\"twitter:label1\" content=\"Escrito por\" \/>\n\t<meta name=\"twitter:data1\" content=\"enequipo\" \/>\n\t<meta name=\"twitter:label2\" content=\"Tiempo de lectura\" \/>\n\t<meta name=\"twitter:data2\" content=\"2 minutos\" \/>\n<script type=\"application\/ld+json\" class=\"yoast-schema-graph\">{\"@context\":\"https:\/\/schema.org\",\"@graph\":[{\"@type\":\"Article\",\"@id\":\"https:\/\/www.sonoraenequipo.com.mx\/cristina-la-colonia-centinela-ya-podra-pagar-la-universidad-hijos-pano-salido\/#article\",\"isPartOf\":{\"@id\":\"https:\/\/www.sonoraenequipo.com.mx\/cristina-la-colonia-centinela-ya-podra-pagar-la-universidad-hijos-pano-salido\/\"},\"author\":{\"name\":\"enequipo\",\"@id\":\"https:\/\/www.sonoraenequipo.com.mx\/#\/schema\/person\/50102df0fb23a8fa9e8effad8fa81386\"},\"headline\":\"Cristina, de la colonia Centinela, ya podr\u00e1 pagar la universidad para sus hijos: Pano Salido\",\"datePublished\":\"2017-10-12T18:50:45+00:00\",\"dateModified\":\"2017-10-12T20:50:59+00:00\",\"mainEntityOfPage\":{\"@id\":\"https:\/\/www.sonoraenequipo.com.mx\/cristina-la-colonia-centinela-ya-podra-pagar-la-universidad-hijos-pano-salido\/\"},\"wordCount\":344,\"commentCount\":0,\"publisher\":{\"@id\":\"https:\/\/www.sonoraenequipo.com.mx\/#organization\"},\"image\":{\"@id\":\"https:\/\/www.sonoraenequipo.com.mx\/cristina-la-colonia-centinela-ya-podra-pagar-la-universidad-hijos-pano-salido\/#primaryimage\"},\"thumbnailUrl\":\"https:\/\/www.sonoraenequipo.com.mx\/storage\/2017\/10\/apoy_opt.jpg\",\"articleSection\":[\"Destacadas\",\"Municipios\"],\"inLanguage\":\"es\",\"potentialAction\":[{\"@type\":\"CommentAction\",\"name\":\"Comment\",\"target\":[\"https:\/\/www.sonoraenequipo.com.mx\/cristina-la-colonia-centinela-ya-podra-pagar-la-universidad-hijos-pano-salido\/#respond\"]}]},{\"@type\":\"WebPage\",\"@id\":\"https:\/\/www.sonoraenequipo.com.mx\/cristina-la-colonia-centinela-ya-podra-pagar-la-universidad-hijos-pano-salido\/\",\"url\":\"https:\/\/www.sonoraenequipo.com.mx\/cristina-la-colonia-centinela-ya-podra-pagar-la-universidad-hijos-pano-salido\/\",\"name\":\"Sonora en Equipo. Cristina, de la colonia Centinela, ya podr\u00e1 pagar la universidad para sus hijos: Pano Salido Destacadas\",\"isPartOf\":{\"@id\":\"https:\/\/www.sonoraenequipo.com.mx\/#website\"},\"primaryImageOfPage\":{\"@id\":\"https:\/\/www.sonoraenequipo.com.mx\/cristina-la-colonia-centinela-ya-podra-pagar-la-universidad-hijos-pano-salido\/#primaryimage\"},\"image\":{\"@id\":\"https:\/\/www.sonoraenequipo.com.mx\/cristina-la-colonia-centinela-ya-podra-pagar-la-universidad-hijos-pano-salido\/#primaryimage\"},\"thumbnailUrl\":\"https:\/\/www.sonoraenequipo.com.mx\/storage\/2017\/10\/apoy_opt.jpg\",\"datePublished\":\"2017-10-12T18:50:45+00:00\",\"dateModified\":\"2017-10-12T20:50:59+00:00\",\"description\":\"GUAYMAS, SONORA. MX.\u2014 Consolidar su negocio familiar de comida en el que trabaja d\u00eda a d\u00eda para sacar adelante a sus dos hijos, ha sido posible para Mar\u00eda En Sonora en Equipo publicamos toda la informaci\u00f3n de Sonora, M\u00e9xico y el Mundo de manera oportuna y busca que la libertad de expresi\u00f3n sea real. Visita nuestro medio informativo publicado desde Hermosillo, Sonora. %\",\"breadcrumb\":{\"@id\":\"https:\/\/www.sonoraenequipo.com.mx\/cristina-la-colonia-centinela-ya-podra-pagar-la-universidad-hijos-pano-salido\/#breadcrumb\"},\"inLanguage\":\"es\",\"potentialAction\":[{\"@type\":\"ReadAction\",\"target\":[\"https:\/\/www.sonoraenequipo.com.mx\/cristina-la-colonia-centinela-ya-podra-pagar-la-universidad-hijos-pano-salido\/\"]}]},{\"@type\":\"ImageObject\",\"inLanguage\":\"es\",\"@id\":\"https:\/\/www.sonoraenequipo.com.mx\/cristina-la-colonia-centinela-ya-podra-pagar-la-universidad-hijos-pano-salido\/#primaryimage\",\"url\":\"https:\/\/www.sonoraenequipo.com.mx\/storage\/2017\/10\/apoy_opt.jpg\",\"contentUrl\":\"https:\/\/www.sonoraenequipo.com.mx\/storage\/2017\/10\/apoy_opt.jpg\",\"width\":751,\"height\":500},{\"@type\":\"BreadcrumbList\",\"@id\":\"https:\/\/www.sonoraenequipo.com.mx\/cristina-la-colonia-centinela-ya-podra-pagar-la-universidad-hijos-pano-salido\/#breadcrumb\",\"itemListElement\":[{\"@type\":\"ListItem\",\"position\":1,\"name\":\"Portada\",\"item\":\"https:\/\/www.sonoraenequipo.com.mx\/\"},{\"@type\":\"ListItem\",\"position\":2,\"name\":\"Cristina, de la colonia Centinela, ya podr\u00e1 pagar la universidad para sus hijos: Pano Salido\"}]},{\"@type\":\"WebSite\",\"@id\":\"https:\/\/www.sonoraenequipo.com.mx\/#website\",\"url\":\"https:\/\/www.sonoraenequipo.com.mx\/\",\"name\":\"Sonora en Equipo.\",\"description\":\"Diario en l\u00ednea con Noticias desde Hermosillo, Sonora\",\"publisher\":{\"@id\":\"https:\/\/www.sonoraenequipo.com.mx\/#organization\"},\"potentialAction\":[{\"@type\":\"SearchAction\",\"target\":{\"@type\":\"EntryPoint\",\"urlTemplate\":\"https:\/\/www.sonoraenequipo.com.mx\/?s={search_term_string}\"},\"query-input\":{\"@type\":\"PropertyValueSpecification\",\"valueRequired\":true,\"valueName\":\"search_term_string\"}}],\"inLanguage\":\"es\"},{\"@type\":\"Organization\",\"@id\":\"https:\/\/www.sonoraenequipo.com.mx\/#organization\",\"name\":\"Sonoraenequipo.com.mx\",\"url\":\"https:\/\/www.sonoraenequipo.com.mx\/\",\"logo\":{\"@type\":\"ImageObject\",\"inLanguage\":\"es\",\"@id\":\"https:\/\/www.sonoraenequipo.com.mx\/#\/schema\/logo\/image\/\",\"url\":\"https:\/\/www.sonoraenequipo.com.mx\/storage\/2019\/01\/sonoraenequipo_opt.png\",\"contentUrl\":\"https:\/\/www.sonoraenequipo.com.mx\/storage\/2019\/01\/sonoraenequipo_opt.png\",\"width\":375,\"height\":125,\"caption\":\"Sonoraenequipo.com.mx\"},\"image\":{\"@id\":\"https:\/\/www.sonoraenequipo.com.mx\/#\/schema\/logo\/image\/\"},\"sameAs\":[\"https:\/\/www.facebook.com\/SonoraEE\/\",\"https:\/\/x.com\/sonoraenequipo\",\"https:\/\/www.youtube.com\/channel\/UC338nW-lPEYmJQs4ZABQ1SQ\"]},{\"@type\":\"Person\",\"@id\":\"https:\/\/www.sonoraenequipo.com.mx\/#\/schema\/person\/50102df0fb23a8fa9e8effad8fa81386\",\"name\":\"enequipo\",\"image\":{\"@type\":\"ImageObject\",\"inLanguage\":\"es\",\"@id\":\"https:\/\/www.sonoraenequipo.com.mx\/#\/schema\/person\/image\/\",\"url\":\"https:\/\/secure.gravatar.com\/avatar\/049821681b589dabc0bc20695993ccebb09f5b5d4d790cd9251b97faac7c652b?s=96&d=blank&r=g\",\"contentUrl\":\"https:\/\/secure.gravatar.com\/avatar\/049821681b589dabc0bc20695993ccebb09f5b5d4d790cd9251b97faac7c652b?s=96&d=blank&r=g\",\"caption\":\"enequipo\"},\"sameAs\":[\"https:\/\/www.facebook.com\/SonoraEE\"]}]}<\/script>\n ","yoast_head_json":{"title":"Sonora en Equipo. Cristina, de la colonia Centinela, ya podr\u00e1 pagar la universidad para sus hijos: Pano Salido Destacadas","description":"GUAYMAS, SONORA. MX.\u2014 Consolidar su negocio familiar de comida en el que trabaja d\u00eda a d\u00eda para sacar adelante a sus dos hijos, ha sido posible para Mar\u00eda En Sonora en Equipo publicamos toda la informaci\u00f3n de Sonora, M\u00e9xico y el Mundo de manera oportuna y busca que la libertad de expresi\u00f3n sea real. Visita nuestro medio informativo publicado desde Hermosillo, Sonora. %","robots":{"index":"index","follow":"follow","max-snippet":"max-snippet:-1","max-image-preview":"max-image-preview:large","max-video-preview":"max-video-preview:-1"},"canonical":"https:\/\/www.sonoraenequipo.com.mx\/cristina-la-colonia-centinela-ya-podra-pagar-la-universidad-hijos-pano-salido\/","og_locale":"es_ES","og_type":"article","og_title":"Sonora en Equipo. Cristina, de la colonia Centinela, ya podr\u00e1 pagar la universidad para sus hijos: Pano Salido Destacadas","og_description":"GUAYMAS, SONORA. MX.\u2014 Consolidar su negocio familiar de comida en el que trabaja d\u00eda a d\u00eda para sacar adelante a sus dos hijos, ha sido posible para Mar\u00eda En Sonora en Equipo publicamos toda la informaci\u00f3n de Sonora, M\u00e9xico y el Mundo de manera oportuna y busca que la libertad de expresi\u00f3n sea real. Visita nuestro medio informativo publicado desde Hermosillo, Sonora. %","og_url":"https:\/\/www.sonoraenequipo.com.mx\/cristina-la-colonia-centinela-ya-podra-pagar-la-universidad-hijos-pano-salido\/","og_site_name":"Sonora en Equipo.","article_publisher":"https:\/\/www.facebook.com\/SonoraEE\/","article_author":"https:\/\/www.facebook.com\/SonoraEE","article_published_time":"2017-10-12T18:50:45+00:00","article_modified_time":"2017-10-12T20:50:59+00:00","og_image":[{"width":751,"height":500,"url":"https:\/\/www.sonoraenequipo.com.mx\/storage\/2017\/10\/apoy_opt.jpg","type":"image\/jpeg"}],"author":"enequipo","twitter_card":"summary_large_image","twitter_creator":"@sonoraenequipo","twitter_site":"@sonoraenequipo","twitter_misc":{"Escrito por":"enequipo","Tiempo de lectura":"2 minutos"},"schema":{"@context":"https:\/\/schema.org","@graph":[{"@type":"Article","@id":"https:\/\/www.sonoraenequipo.com.mx\/cristina-la-colonia-centinela-ya-podra-pagar-la-universidad-hijos-pano-salido\/#article","isPartOf":{"@id":"https:\/\/www.sonoraenequipo.com.mx\/cristina-la-colonia-centinela-ya-podra-pagar-la-universidad-hijos-pano-salido\/"},"author":{"name":"enequipo","@id":"https:\/\/www.sonoraenequipo.com.mx\/#\/schema\/person\/50102df0fb23a8fa9e8effad8fa81386"},"headline":"Cristina, de la colonia Centinela, ya podr\u00e1 pagar la universidad para sus hijos: Pano Salido","datePublished":"2017-10-12T18:50:45+00:00","dateModified":"2017-10-12T20:50:59+00:00","mainEntityOfPage":{"@id":"https:\/\/www.sonoraenequipo.com.mx\/cristina-la-colonia-centinela-ya-podra-pagar-la-universidad-hijos-pano-salido\/"},"wordCount":344,"commentCount":0,"publisher":{"@id":"https:\/\/www.sonoraenequipo.com.mx\/#organization"},"image":{"@id":"https:\/\/www.sonoraenequipo.com.mx\/cristina-la-colonia-centinela-ya-podra-pagar-la-universidad-hijos-pano-salido\/#primaryimage"},"thumbnailUrl":"https:\/\/www.sonoraenequipo.com.mx\/storage\/2017\/10\/apoy_opt.jpg","articleSection":["Destacadas","Municipios"],"inLanguage":"es","potentialAction":[{"@type":"CommentAction","name":"Comment","target":["https:\/\/www.sonoraenequipo.com.mx\/cristina-la-colonia-centinela-ya-podra-pagar-la-universidad-hijos-pano-salido\/#respond"]}]},{"@type":"WebPage","@id":"https:\/\/www.sonoraenequipo.com.mx\/cristina-la-colonia-centinela-ya-podra-pagar-la-universidad-hijos-pano-salido\/","url":"https:\/\/www.sonoraenequipo.com.mx\/cristina-la-colonia-centinela-ya-podra-pagar-la-universidad-hijos-pano-salido\/","name":"Sonora en Equipo. Cristina, de la colonia Centinela, ya podr\u00e1 pagar la universidad para sus hijos: Pano Salido Destacadas","isPartOf":{"@id":"https:\/\/www.sonoraenequipo.com.mx\/#website"},"primaryImageOfPage":{"@id":"https:\/\/www.sonoraenequipo.com.mx\/cristina-la-colonia-centinela-ya-podra-pagar-la-universidad-hijos-pano-salido\/#primaryimage"},"image":{"@id":"https:\/\/www.sonoraenequipo.com.mx\/cristina-la-colonia-centinela-ya-podra-pagar-la-universidad-hijos-pano-salido\/#primaryimage"},"thumbnailUrl":"https:\/\/www.sonoraenequipo.com.mx\/storage\/2017\/10\/apoy_opt.jpg","datePublished":"2017-10-12T18:50:45+00:00","dateModified":"2017-10-12T20:50:59+00:00","description":"GUAYMAS, SONORA. MX.\u2014 Consolidar su negocio familiar de comida en el que trabaja d\u00eda a d\u00eda para sacar adelante a sus dos hijos, ha sido posible para Mar\u00eda En Sonora en Equipo publicamos toda la informaci\u00f3n de Sonora, M\u00e9xico y el Mundo de manera oportuna y busca que la libertad de expresi\u00f3n sea real. Visita nuestro medio informativo publicado desde Hermosillo, Sonora. %","breadcrumb":{"@id":"https:\/\/www.sonoraenequipo.com.mx\/cristina-la-colonia-centinela-ya-podra-pagar-la-universidad-hijos-pano-salido\/#breadcrumb"},"inLanguage":"es","potentialAction":[{"@type":"ReadAction","target":["https:\/\/www.sonoraenequipo.com.mx\/cristina-la-colonia-centinela-ya-podra-pagar-la-universidad-hijos-pano-salido\/"]}]},{"@type":"ImageObject","inLanguage":"es","@id":"https:\/\/www.sonoraenequipo.com.mx\/cristina-la-colonia-centinela-ya-podra-pagar-la-universidad-hijos-pano-salido\/#primaryimage","url":"https:\/\/www.sonoraenequipo.com.mx\/storage\/2017\/10\/apoy_opt.jpg","contentUrl":"https:\/\/www.sonoraenequipo.com.mx\/storage\/2017\/10\/apoy_opt.jpg","width":751,"height":500},{"@type":"BreadcrumbList","@id":"https:\/\/www.sonoraenequipo.com.mx\/cristina-la-colonia-centinela-ya-podra-pagar-la-universidad-hijos-pano-salido\/#breadcrumb","itemListElement":[{"@type":"ListItem","position":1,"name":"Portada","item":"https:\/\/www.sonoraenequipo.com.mx\/"},{"@type":"ListItem","position":2,"name":"Cristina, de la colonia Centinela, ya podr\u00e1 pagar la universidad para sus hijos: Pano Salido"}]},{"@type":"WebSite","@id":"https:\/\/www.sonoraenequipo.com.mx\/#website","url":"https:\/\/www.sonoraenequipo.com.mx\/","name":"Sonora en Equipo.","description":"Diario en l\u00ednea con Noticias desde Hermosillo, Sonora","publisher":{"@id":"https:\/\/www.sonoraenequipo.com.mx\/#organization"},"potentialAction":[{"@type":"SearchAction","target":{"@type":"EntryPoint","urlTemplate":"https:\/\/www.sonoraenequipo.com.mx\/?s={search_term_string}"},"query-input":{"@type":"PropertyValueSpecification","valueRequired":true,"valueName":"search_term_string"}}],"inLanguage":"es"},{"@type":"Organization","@id":"https:\/\/www.sonoraenequipo.com.mx\/#organization","name":"Sonoraenequipo.com.mx","url":"https:\/\/www.sonoraenequipo.com.mx\/","logo":{"@type":"ImageObject","inLanguage":"es","@id":"https:\/\/www.sonoraenequipo.com.mx\/#\/schema\/logo\/image\/","url":"https:\/\/www.sonoraenequipo.com.mx\/storage\/2019\/01\/sonoraenequipo_opt.png","contentUrl":"https:\/\/www.sonoraenequipo.com.mx\/storage\/2019\/01\/sonoraenequipo_opt.png","width":375,"height":125,"caption":"Sonoraenequipo.com.mx"},"image":{"@id":"https:\/\/www.sonoraenequipo.com.mx\/#\/schema\/logo\/image\/"},"sameAs":["https:\/\/www.facebook.com\/SonoraEE\/","https:\/\/x.com\/sonoraenequipo","https:\/\/www.youtube.com\/channel\/UC338nW-lPEYmJQs4ZABQ1SQ"]},{"@type":"Person","@id":"https:\/\/www.sonoraenequipo.com.mx\/#\/schema\/person\/50102df0fb23a8fa9e8effad8fa81386","name":"enequipo","image":{"@type":"ImageObject","inLanguage":"es","@id":"https:\/\/www.sonoraenequipo.com.mx\/#\/schema\/person\/image\/","url":"https:\/\/secure.gravatar.com\/avatar\/049821681b589dabc0bc20695993ccebb09f5b5d4d790cd9251b97faac7c652b?s=96&d=blank&r=g","contentUrl":"https:\/\/secure.gravatar.com\/avatar\/049821681b589dabc0bc20695993ccebb09f5b5d4d790cd9251b97faac7c652b?s=96&d=blank&r=g","caption":"enequipo"},"sameAs":["https:\/\/www.facebook.com\/SonoraEE"]}]}},"jetpack_featured_media_url":"https:\/\/www.sonoraenequipo.com.mx\/storage\/2017\/10\/apoy_opt.jpg","_links":{"self":[{"href":"https:\/\/www.sonoraenequipo.com.mx\/api\/wp\/v2\/posts\/27393","targetHints":{"allow":["GET"]}}],"collection":[{"href":"https:\/\/www.sonoraenequipo.com.mx\/api\/wp\/v2\/posts"}],"about":[{"href":"https:\/\/www.sonoraenequipo.com.mx\/api\/wp\/v2\/types\/post"}],"author":[{"embeddable":true,"href":"https:\/\/www.sonoraenequipo.com.mx\/api\/wp\/v2\/users\/1"}],"replies":[{"embeddable":true,"href":"https:\/\/www.sonoraenequipo.com.mx\/api\/wp\/v2\/comments?post=27393"}],"version-history":[{"count":0,"href":"https:\/\/www.sonoraenequipo.com.mx\/api\/wp\/v2\/posts\/27393\/revisions"}],"wp:featuredmedia":[{"embeddable":true,"href":"https:\/\/www.sonoraenequipo.com.mx\/api\/wp\/v2\/media\/27394"}],"wp:attachment":[{"href":"https:\/\/www.sonoraenequipo.com.mx\/api\/wp\/v2\/media?parent=27393"}],"wp:term":[{"taxonomy":"category","embeddable":true,"href":"https:\/\/www.sonoraenequipo.com.mx\/api\/wp\/v2\/categories?post=27393"},{"taxonomy":"post_tag","embeddable":true,"href":"https:\/\/www.sonoraenequipo.com.mx\/api\/wp\/v2\/tags?post=27393"}],"curies":[{"name":"wp","href":"https:\/\/api.w.org\/{rel}","templated":true}]}}