{"id":27403,"date":"2017-10-12T16:20:56","date_gmt":"2017-10-12T23:20:56","guid":{"rendered":"http:\/\/www.sonoraenequipo.com.mx\/?p=27403"},"modified":"2017-10-12T17:14:45","modified_gmt":"2017-10-13T00:14:45","slug":"dan-conocer-finalistas-del-premio-estatal-la-juventud-2017","status":"publish","type":"post","link":"https:\/\/www.sonoraenequipo.com.mx\/dan-conocer-finalistas-del-premio-estatal-la-juventud-2017\/","title":{"rendered":"Dan a conocer finalistas del Premio Estatal de la Juventud 2017"},"content":{"rendered":"<p>HERMOSILLO, SONORA. MX.\u2014 Con el objetivo de reconocer el esfuerzo extraordinario, la trayectoria y dedicaci\u00f3n de los j\u00f3venes sonorenses con el Premio Estatal de la Juventud 2017, la directora del Instituto Sonorense de la Juventud (ISJuventud) anunci\u00f3 a los 20 finalistas de este a\u00f1o.<\/p>\n<p> <\/p>\n<p>Brianda Vivian Mart\u00ednez explic\u00f3 que de las diez categor\u00edas participantes el juez respectivo eligi\u00f3 a dos j\u00f3venes o grupos para participar en la etapa de finalistas donde por varios d\u00edas convivir\u00e1n, tendr\u00e1n cursos y talleres organizados por el ISJuventud, adem\u00e1s de que ambos finalistas por categor\u00eda se reunir\u00e1n con el juez quien deliberar\u00e1 al elegido.<\/p>\n<p>El ganador en cada categor\u00eda recibir\u00e1 un est\u00edmulo econ\u00f3mico de 20 mil pesos y una estatuilla conmemorativa de manos de la Gobernadora Claudia Pavlovich en la ceremonia de entrega del Premio Estatal de la Juventud 2017, que se prev\u00e9 realizar en noviembre de este a\u00f1o.<\/p>\n<p><em>\u201cEste es el m\u00e1ximo galard\u00f3n que otorga el Gobierno del Estado a trav\u00e9s del ISJuventud a los j\u00f3venes sonorenses, y buscamos reconocer su esfuerzo y trayectoria, sus logros personales y de equipo, as\u00ed como su aportaci\u00f3n a la comunidad; este reconocimiento impulsa de forma decisiva las carreras profesionales de los ganadores, pero adem\u00e1s motiva a otros j\u00f3venes a superarse y esforzarse diariamente en sus estudios y proyectos, \u00e9stos son los objetivos de la convocatoria\u201d,<\/em> expuso.<\/p>\n<p>Los finalistas del Premio Estatal de la Juventud 2017, son Heriberto Torres Moreno y Luis Angel Torres Almada (Logro acad\u00e9mico, cient\u00edfico o tecnol\u00f3gico); Mar\u00eda Deneb Algarra Agra y Francisco Mend\u00e9z Cota (Expresiones art\u00edsticas y artes populares); Atwame Jiyokaka A.C. y Sumando Esfuerzos, Sumando Voluntades (Compromiso social); Roxana Sarah\u00ed Romero Monrroy y Manuela Amairani Salud Ordon (Fortalecimiento a la cultura ind\u00edgena); y La Alianza Mariposa Monarca y Club de Ecolog\u00eda Xapoo (Protecci\u00f3n al ambiente).<\/p>\n<p>As\u00ed como Karla Giovana Durazo Acu\u00f1a y La Biznaga Cartonera Editorial (Ingenio emprendedor); Grupo SONDEH y Sebastian Loustaunau Molina (Derechos humanos); Gustavo Robles Ochoa y Francisco Alberto Lopez (Discapacidad e integraci\u00f3n); Ang\u00e9lica Fern\u00e1ndez Calles y Abel Guti\u00e9rrez Ramos (Aportaci\u00f3n a la cultura pol\u00edtica y a la democracia); Julio Cesar Becuar Gimnasia y Karina Esquer Basquetbol (Logro y trayectoria deportiva).<\/p>\n<p>La convocatoria se lanz\u00f3 en mayo de este a\u00f1o abriendo su registro hasta finales de julio, donde participaron j\u00f3venes 12 a 29 a\u00f1os. Conoce a cada uno de ellos a trav\u00e9s de las redes sociales del ISJuventud donde se dar\u00e1n a conocer a trav\u00e9s de una campa\u00f1a de videos de la edici\u00f3n #OrgulloSonora.<\/p>\n<p>&nbsp;<\/p>\n<p>(Fecha de publicaci\u00f3n 11102017)<\/p>\n","protected":false},"excerpt":{"rendered":"<p>HERMOSILLO, SONORA. MX.\u2014 Con el objetivo de reconocer el esfuerzo extraordinario, la trayectoria y dedicaci\u00f3n&#8230;<\/p>\n","protected":false},"author":1,"featured_media":27404,"comment_status":"open","ping_status":"open","sticky":false,"template":"","format":"standard","meta":{"_monsterinsights_skip_tracking":false,"_monsterinsights_sitenote_active":false,"_monsterinsights_sitenote_note":"","_monsterinsights_sitenote_category":0,"footnotes":""},"categories":[13,22],"tags":[],"class_list":["post"],"yoast_head":" \n<title>Sonora en Equipo. Dan a conocer finalistas del Premio Estatal de la Juventud 2017 Destacadas<\/title>\n<meta name=\"description\" content=\"HERMOSILLO, SONORA. MX.\u2014 Con el objetivo de reconocer el esfuerzo extraordinario, la trayectoria y dedicaci\u00f3n de los j\u00f3venes sonorenses con el Premio En Sonora en Equipo publicamos toda la informaci\u00f3n de Sonora, M\u00e9xico y el Mundo de manera oportuna y busca que la libertad de expresi\u00f3n sea real. Visita nuestro medio informativo publicado desde Hermosillo, Sonora. %\" \/>\n<meta name=\"robots\" content=\"index, follow, max-snippet:-1, max-image-preview:large, max-video-preview:-1\" \/>\n<link rel=\"canonical\" href=\"https:\/\/www.sonoraenequipo.com.mx\/dan-conocer-finalistas-del-premio-estatal-la-juventud-2017\/\" \/>\n<meta property=\"og:locale\" content=\"es_ES\" \/>\n<meta property=\"og:type\" content=\"article\" \/>\n<meta property=\"og:title\" content=\"Sonora en Equipo. Dan a conocer finalistas del Premio Estatal de la Juventud 2017 Destacadas\" \/>\n<meta property=\"og:description\" content=\"HERMOSILLO, SONORA. MX.\u2014 Con el objetivo de reconocer el esfuerzo extraordinario, la trayectoria y dedicaci\u00f3n de los j\u00f3venes sonorenses con el Premio En Sonora en Equipo publicamos toda la informaci\u00f3n de Sonora, M\u00e9xico y el Mundo de manera oportuna y busca que la libertad de expresi\u00f3n sea real. Visita nuestro medio informativo publicado desde Hermosillo, Sonora. %\" \/>\n<meta property=\"og:url\" content=\"https:\/\/www.sonoraenequipo.com.mx\/dan-conocer-finalistas-del-premio-estatal-la-juventud-2017\/\" \/>\n<meta property=\"og:site_name\" content=\"Sonora en Equipo.\" \/>\n<meta property=\"article:publisher\" content=\"https:\/\/www.facebook.com\/SonoraEE\/\" \/>\n<meta property=\"article:author\" content=\"https:\/\/www.facebook.com\/SonoraEE\" \/>\n<meta property=\"article:published_time\" content=\"2017-10-12T23:20:56+00:00\" \/>\n<meta property=\"article:modified_time\" content=\"2017-10-13T00:14:45+00:00\" \/>\n<meta property=\"og:image\" content=\"https:\/\/www.sonoraenequipo.com.mx\/storage\/2017\/10\/instscul_opt.jpg\" \/>\n\t<meta property=\"og:image:width\" content=\"600\" \/>\n\t<meta property=\"og:image:height\" content=\"400\" \/>\n\t<meta property=\"og:image:type\" content=\"image\/jpeg\" \/>\n<meta name=\"author\" content=\"enequipo\" \/>\n<meta name=\"twitter:card\" content=\"summary_large_image\" \/>\n<meta name=\"twitter:creator\" content=\"@sonoraenequipo\" \/>\n<meta name=\"twitter:site\" content=\"@sonoraenequipo\" \/>\n<meta name=\"twitter:label1\" content=\"Escrito por\" \/>\n\t<meta name=\"twitter:data1\" content=\"enequipo\" \/>\n\t<meta name=\"twitter:label2\" content=\"Tiempo de lectura\" \/>\n\t<meta name=\"twitter:data2\" content=\"2 minutos\" \/>\n<script type=\"application\/ld+json\" class=\"yoast-schema-graph\">{\"@context\":\"https:\/\/schema.org\",\"@graph\":[{\"@type\":\"Article\",\"@id\":\"https:\/\/www.sonoraenequipo.com.mx\/dan-conocer-finalistas-del-premio-estatal-la-juventud-2017\/#article\",\"isPartOf\":{\"@id\":\"https:\/\/www.sonoraenequipo.com.mx\/dan-conocer-finalistas-del-premio-estatal-la-juventud-2017\/\"},\"author\":{\"name\":\"enequipo\",\"@id\":\"https:\/\/www.sonoraenequipo.com.mx\/#\/schema\/person\/50102df0fb23a8fa9e8effad8fa81386\"},\"headline\":\"Dan a conocer finalistas del Premio Estatal de la Juventud 2017\",\"datePublished\":\"2017-10-12T23:20:56+00:00\",\"dateModified\":\"2017-10-13T00:14:45+00:00\",\"mainEntityOfPage\":{\"@id\":\"https:\/\/www.sonoraenequipo.com.mx\/dan-conocer-finalistas-del-premio-estatal-la-juventud-2017\/\"},\"wordCount\":460,\"commentCount\":0,\"publisher\":{\"@id\":\"https:\/\/www.sonoraenequipo.com.mx\/#organization\"},\"image\":{\"@id\":\"https:\/\/www.sonoraenequipo.com.mx\/dan-conocer-finalistas-del-premio-estatal-la-juventud-2017\/#primaryimage\"},\"thumbnailUrl\":\"https:\/\/www.sonoraenequipo.com.mx\/storage\/2017\/10\/instscul_opt.jpg\",\"articleSection\":[\"Destacadas\",\"Sonora\"],\"inLanguage\":\"es\",\"potentialAction\":[{\"@type\":\"CommentAction\",\"name\":\"Comment\",\"target\":[\"https:\/\/www.sonoraenequipo.com.mx\/dan-conocer-finalistas-del-premio-estatal-la-juventud-2017\/#respond\"]}]},{\"@type\":\"WebPage\",\"@id\":\"https:\/\/www.sonoraenequipo.com.mx\/dan-conocer-finalistas-del-premio-estatal-la-juventud-2017\/\",\"url\":\"https:\/\/www.sonoraenequipo.com.mx\/dan-conocer-finalistas-del-premio-estatal-la-juventud-2017\/\",\"name\":\"Sonora en Equipo. Dan a conocer finalistas del Premio Estatal de la Juventud 2017 Destacadas\",\"isPartOf\":{\"@id\":\"https:\/\/www.sonoraenequipo.com.mx\/#website\"},\"primaryImageOfPage\":{\"@id\":\"https:\/\/www.sonoraenequipo.com.mx\/dan-conocer-finalistas-del-premio-estatal-la-juventud-2017\/#primaryimage\"},\"image\":{\"@id\":\"https:\/\/www.sonoraenequipo.com.mx\/dan-conocer-finalistas-del-premio-estatal-la-juventud-2017\/#primaryimage\"},\"thumbnailUrl\":\"https:\/\/www.sonoraenequipo.com.mx\/storage\/2017\/10\/instscul_opt.jpg\",\"datePublished\":\"2017-10-12T23:20:56+00:00\",\"dateModified\":\"2017-10-13T00:14:45+00:00\",\"description\":\"HERMOSILLO, SONORA. MX.\u2014 Con el objetivo de reconocer el esfuerzo extraordinario, la trayectoria y dedicaci\u00f3n de los j\u00f3venes sonorenses con el Premio En Sonora en Equipo publicamos toda la informaci\u00f3n de Sonora, M\u00e9xico y el Mundo de manera oportuna y busca que la libertad de expresi\u00f3n sea real. Visita nuestro medio informativo publicado desde Hermosillo, Sonora. %\",\"breadcrumb\":{\"@id\":\"https:\/\/www.sonoraenequipo.com.mx\/dan-conocer-finalistas-del-premio-estatal-la-juventud-2017\/#breadcrumb\"},\"inLanguage\":\"es\",\"potentialAction\":[{\"@type\":\"ReadAction\",\"target\":[\"https:\/\/www.sonoraenequipo.com.mx\/dan-conocer-finalistas-del-premio-estatal-la-juventud-2017\/\"]}]},{\"@type\":\"ImageObject\",\"inLanguage\":\"es\",\"@id\":\"https:\/\/www.sonoraenequipo.com.mx\/dan-conocer-finalistas-del-premio-estatal-la-juventud-2017\/#primaryimage\",\"url\":\"https:\/\/www.sonoraenequipo.com.mx\/storage\/2017\/10\/instscul_opt.jpg\",\"contentUrl\":\"https:\/\/www.sonoraenequipo.com.mx\/storage\/2017\/10\/instscul_opt.jpg\",\"width\":600,\"height\":400},{\"@type\":\"BreadcrumbList\",\"@id\":\"https:\/\/www.sonoraenequipo.com.mx\/dan-conocer-finalistas-del-premio-estatal-la-juventud-2017\/#breadcrumb\",\"itemListElement\":[{\"@type\":\"ListItem\",\"position\":1,\"name\":\"Portada\",\"item\":\"https:\/\/www.sonoraenequipo.com.mx\/\"},{\"@type\":\"ListItem\",\"position\":2,\"name\":\"Dan a conocer finalistas del Premio Estatal de la Juventud 2017\"}]},{\"@type\":\"WebSite\",\"@id\":\"https:\/\/www.sonoraenequipo.com.mx\/#website\",\"url\":\"https:\/\/www.sonoraenequipo.com.mx\/\",\"name\":\"Sonora en Equipo.\",\"description\":\"Diario en l\u00ednea con Noticias desde Hermosillo, Sonora\",\"publisher\":{\"@id\":\"https:\/\/www.sonoraenequipo.com.mx\/#organization\"},\"potentialAction\":[{\"@type\":\"SearchAction\",\"target\":{\"@type\":\"EntryPoint\",\"urlTemplate\":\"https:\/\/www.sonoraenequipo.com.mx\/?s={search_term_string}\"},\"query-input\":{\"@type\":\"PropertyValueSpecification\",\"valueRequired\":true,\"valueName\":\"search_term_string\"}}],\"inLanguage\":\"es\"},{\"@type\":\"Organization\",\"@id\":\"https:\/\/www.sonoraenequipo.com.mx\/#organization\",\"name\":\"Sonoraenequipo.com.mx\",\"url\":\"https:\/\/www.sonoraenequipo.com.mx\/\",\"logo\":{\"@type\":\"ImageObject\",\"inLanguage\":\"es\",\"@id\":\"https:\/\/www.sonoraenequipo.com.mx\/#\/schema\/logo\/image\/\",\"url\":\"https:\/\/www.sonoraenequipo.com.mx\/storage\/2019\/01\/sonoraenequipo_opt.png\",\"contentUrl\":\"https:\/\/www.sonoraenequipo.com.mx\/storage\/2019\/01\/sonoraenequipo_opt.png\",\"width\":375,\"height\":125,\"caption\":\"Sonoraenequipo.com.mx\"},\"image\":{\"@id\":\"https:\/\/www.sonoraenequipo.com.mx\/#\/schema\/logo\/image\/\"},\"sameAs\":[\"https:\/\/www.facebook.com\/SonoraEE\/\",\"https:\/\/x.com\/sonoraenequipo\",\"https:\/\/www.youtube.com\/channel\/UC338nW-lPEYmJQs4ZABQ1SQ\"]},{\"@type\":\"Person\",\"@id\":\"https:\/\/www.sonoraenequipo.com.mx\/#\/schema\/person\/50102df0fb23a8fa9e8effad8fa81386\",\"name\":\"enequipo\",\"image\":{\"@type\":\"ImageObject\",\"inLanguage\":\"es\",\"@id\":\"https:\/\/www.sonoraenequipo.com.mx\/#\/schema\/person\/image\/\",\"url\":\"https:\/\/secure.gravatar.com\/avatar\/049821681b589dabc0bc20695993ccebb09f5b5d4d790cd9251b97faac7c652b?s=96&d=blank&r=g\",\"contentUrl\":\"https:\/\/secure.gravatar.com\/avatar\/049821681b589dabc0bc20695993ccebb09f5b5d4d790cd9251b97faac7c652b?s=96&d=blank&r=g\",\"caption\":\"enequipo\"},\"sameAs\":[\"https:\/\/www.facebook.com\/SonoraEE\"]}]}<\/script>\n ","yoast_head_json":{"title":"Sonora en Equipo. Dan a conocer finalistas del Premio Estatal de la Juventud 2017 Destacadas","description":"HERMOSILLO, SONORA. MX.\u2014 Con el objetivo de reconocer el esfuerzo extraordinario, la trayectoria y dedicaci\u00f3n de los j\u00f3venes sonorenses con el Premio En Sonora en Equipo publicamos toda la informaci\u00f3n de Sonora, M\u00e9xico y el Mundo de manera oportuna y busca que la libertad de expresi\u00f3n sea real. Visita nuestro medio informativo publicado desde Hermosillo, Sonora. %","robots":{"index":"index","follow":"follow","max-snippet":"max-snippet:-1","max-image-preview":"max-image-preview:large","max-video-preview":"max-video-preview:-1"},"canonical":"https:\/\/www.sonoraenequipo.com.mx\/dan-conocer-finalistas-del-premio-estatal-la-juventud-2017\/","og_locale":"es_ES","og_type":"article","og_title":"Sonora en Equipo. Dan a conocer finalistas del Premio Estatal de la Juventud 2017 Destacadas","og_description":"HERMOSILLO, SONORA. MX.\u2014 Con el objetivo de reconocer el esfuerzo extraordinario, la trayectoria y dedicaci\u00f3n de los j\u00f3venes sonorenses con el Premio En Sonora en Equipo publicamos toda la informaci\u00f3n de Sonora, M\u00e9xico y el Mundo de manera oportuna y busca que la libertad de expresi\u00f3n sea real. Visita nuestro medio informativo publicado desde Hermosillo, Sonora. %","og_url":"https:\/\/www.sonoraenequipo.com.mx\/dan-conocer-finalistas-del-premio-estatal-la-juventud-2017\/","og_site_name":"Sonora en Equipo.","article_publisher":"https:\/\/www.facebook.com\/SonoraEE\/","article_author":"https:\/\/www.facebook.com\/SonoraEE","article_published_time":"2017-10-12T23:20:56+00:00","article_modified_time":"2017-10-13T00:14:45+00:00","og_image":[{"width":600,"height":400,"url":"https:\/\/www.sonoraenequipo.com.mx\/storage\/2017\/10\/instscul_opt.jpg","type":"image\/jpeg"}],"author":"enequipo","twitter_card":"summary_large_image","twitter_creator":"@sonoraenequipo","twitter_site":"@sonoraenequipo","twitter_misc":{"Escrito por":"enequipo","Tiempo de lectura":"2 minutos"},"schema":{"@context":"https:\/\/schema.org","@graph":[{"@type":"Article","@id":"https:\/\/www.sonoraenequipo.com.mx\/dan-conocer-finalistas-del-premio-estatal-la-juventud-2017\/#article","isPartOf":{"@id":"https:\/\/www.sonoraenequipo.com.mx\/dan-conocer-finalistas-del-premio-estatal-la-juventud-2017\/"},"author":{"name":"enequipo","@id":"https:\/\/www.sonoraenequipo.com.mx\/#\/schema\/person\/50102df0fb23a8fa9e8effad8fa81386"},"headline":"Dan a conocer finalistas del Premio Estatal de la Juventud 2017","datePublished":"2017-10-12T23:20:56+00:00","dateModified":"2017-10-13T00:14:45+00:00","mainEntityOfPage":{"@id":"https:\/\/www.sonoraenequipo.com.mx\/dan-conocer-finalistas-del-premio-estatal-la-juventud-2017\/"},"wordCount":460,"commentCount":0,"publisher":{"@id":"https:\/\/www.sonoraenequipo.com.mx\/#organization"},"image":{"@id":"https:\/\/www.sonoraenequipo.com.mx\/dan-conocer-finalistas-del-premio-estatal-la-juventud-2017\/#primaryimage"},"thumbnailUrl":"https:\/\/www.sonoraenequipo.com.mx\/storage\/2017\/10\/instscul_opt.jpg","articleSection":["Destacadas","Sonora"],"inLanguage":"es","potentialAction":[{"@type":"CommentAction","name":"Comment","target":["https:\/\/www.sonoraenequipo.com.mx\/dan-conocer-finalistas-del-premio-estatal-la-juventud-2017\/#respond"]}]},{"@type":"WebPage","@id":"https:\/\/www.sonoraenequipo.com.mx\/dan-conocer-finalistas-del-premio-estatal-la-juventud-2017\/","url":"https:\/\/www.sonoraenequipo.com.mx\/dan-conocer-finalistas-del-premio-estatal-la-juventud-2017\/","name":"Sonora en Equipo. Dan a conocer finalistas del Premio Estatal de la Juventud 2017 Destacadas","isPartOf":{"@id":"https:\/\/www.sonoraenequipo.com.mx\/#website"},"primaryImageOfPage":{"@id":"https:\/\/www.sonoraenequipo.com.mx\/dan-conocer-finalistas-del-premio-estatal-la-juventud-2017\/#primaryimage"},"image":{"@id":"https:\/\/www.sonoraenequipo.com.mx\/dan-conocer-finalistas-del-premio-estatal-la-juventud-2017\/#primaryimage"},"thumbnailUrl":"https:\/\/www.sonoraenequipo.com.mx\/storage\/2017\/10\/instscul_opt.jpg","datePublished":"2017-10-12T23:20:56+00:00","dateModified":"2017-10-13T00:14:45+00:00","description":"HERMOSILLO, SONORA. MX.\u2014 Con el objetivo de reconocer el esfuerzo extraordinario, la trayectoria y dedicaci\u00f3n de los j\u00f3venes sonorenses con el Premio En Sonora en Equipo publicamos toda la informaci\u00f3n de Sonora, M\u00e9xico y el Mundo de manera oportuna y busca que la libertad de expresi\u00f3n sea real. Visita nuestro medio informativo publicado desde Hermosillo, Sonora. %","breadcrumb":{"@id":"https:\/\/www.sonoraenequipo.com.mx\/dan-conocer-finalistas-del-premio-estatal-la-juventud-2017\/#breadcrumb"},"inLanguage":"es","potentialAction":[{"@type":"ReadAction","target":["https:\/\/www.sonoraenequipo.com.mx\/dan-conocer-finalistas-del-premio-estatal-la-juventud-2017\/"]}]},{"@type":"ImageObject","inLanguage":"es","@id":"https:\/\/www.sonoraenequipo.com.mx\/dan-conocer-finalistas-del-premio-estatal-la-juventud-2017\/#primaryimage","url":"https:\/\/www.sonoraenequipo.com.mx\/storage\/2017\/10\/instscul_opt.jpg","contentUrl":"https:\/\/www.sonoraenequipo.com.mx\/storage\/2017\/10\/instscul_opt.jpg","width":600,"height":400},{"@type":"BreadcrumbList","@id":"https:\/\/www.sonoraenequipo.com.mx\/dan-conocer-finalistas-del-premio-estatal-la-juventud-2017\/#breadcrumb","itemListElement":[{"@type":"ListItem","position":1,"name":"Portada","item":"https:\/\/www.sonoraenequipo.com.mx\/"},{"@type":"ListItem","position":2,"name":"Dan a conocer finalistas del Premio Estatal de la Juventud 2017"}]},{"@type":"WebSite","@id":"https:\/\/www.sonoraenequipo.com.mx\/#website","url":"https:\/\/www.sonoraenequipo.com.mx\/","name":"Sonora en Equipo.","description":"Diario en l\u00ednea con Noticias desde Hermosillo, Sonora","publisher":{"@id":"https:\/\/www.sonoraenequipo.com.mx\/#organization"},"potentialAction":[{"@type":"SearchAction","target":{"@type":"EntryPoint","urlTemplate":"https:\/\/www.sonoraenequipo.com.mx\/?s={search_term_string}"},"query-input":{"@type":"PropertyValueSpecification","valueRequired":true,"valueName":"search_term_string"}}],"inLanguage":"es"},{"@type":"Organization","@id":"https:\/\/www.sonoraenequipo.com.mx\/#organization","name":"Sonoraenequipo.com.mx","url":"https:\/\/www.sonoraenequipo.com.mx\/","logo":{"@type":"ImageObject","inLanguage":"es","@id":"https:\/\/www.sonoraenequipo.com.mx\/#\/schema\/logo\/image\/","url":"https:\/\/www.sonoraenequipo.com.mx\/storage\/2019\/01\/sonoraenequipo_opt.png","contentUrl":"https:\/\/www.sonoraenequipo.com.mx\/storage\/2019\/01\/sonoraenequipo_opt.png","width":375,"height":125,"caption":"Sonoraenequipo.com.mx"},"image":{"@id":"https:\/\/www.sonoraenequipo.com.mx\/#\/schema\/logo\/image\/"},"sameAs":["https:\/\/www.facebook.com\/SonoraEE\/","https:\/\/x.com\/sonoraenequipo","https:\/\/www.youtube.com\/channel\/UC338nW-lPEYmJQs4ZABQ1SQ"]},{"@type":"Person","@id":"https:\/\/www.sonoraenequipo.com.mx\/#\/schema\/person\/50102df0fb23a8fa9e8effad8fa81386","name":"enequipo","image":{"@type":"ImageObject","inLanguage":"es","@id":"https:\/\/www.sonoraenequipo.com.mx\/#\/schema\/person\/image\/","url":"https:\/\/secure.gravatar.com\/avatar\/049821681b589dabc0bc20695993ccebb09f5b5d4d790cd9251b97faac7c652b?s=96&d=blank&r=g","contentUrl":"https:\/\/secure.gravatar.com\/avatar\/049821681b589dabc0bc20695993ccebb09f5b5d4d790cd9251b97faac7c652b?s=96&d=blank&r=g","caption":"enequipo"},"sameAs":["https:\/\/www.facebook.com\/SonoraEE"]}]}},"jetpack_featured_media_url":"https:\/\/www.sonoraenequipo.com.mx\/storage\/2017\/10\/instscul_opt.jpg","_links":{"self":[{"href":"https:\/\/www.sonoraenequipo.com.mx\/api\/wp\/v2\/posts\/27403","targetHints":{"allow":["GET"]}}],"collection":[{"href":"https:\/\/www.sonoraenequipo.com.mx\/api\/wp\/v2\/posts"}],"about":[{"href":"https:\/\/www.sonoraenequipo.com.mx\/api\/wp\/v2\/types\/post"}],"author":[{"embeddable":true,"href":"https:\/\/www.sonoraenequipo.com.mx\/api\/wp\/v2\/users\/1"}],"replies":[{"embeddable":true,"href":"https:\/\/www.sonoraenequipo.com.mx\/api\/wp\/v2\/comments?post=27403"}],"version-history":[{"count":0,"href":"https:\/\/www.sonoraenequipo.com.mx\/api\/wp\/v2\/posts\/27403\/revisions"}],"wp:featuredmedia":[{"embeddable":true,"href":"https:\/\/www.sonoraenequipo.com.mx\/api\/wp\/v2\/media\/27404"}],"wp:attachment":[{"href":"https:\/\/www.sonoraenequipo.com.mx\/api\/wp\/v2\/media?parent=27403"}],"wp:term":[{"taxonomy":"category","embeddable":true,"href":"https:\/\/www.sonoraenequipo.com.mx\/api\/wp\/v2\/categories?post=27403"},{"taxonomy":"post_tag","embeddable":true,"href":"https:\/\/www.sonoraenequipo.com.mx\/api\/wp\/v2\/tags?post=27403"}],"curies":[{"name":"wp","href":"https:\/\/api.w.org\/{rel}","templated":true}]}}