{"id":27406,"date":"2017-10-12T15:25:16","date_gmt":"2017-10-12T22:25:16","guid":{"rendered":"http:\/\/www.sonoraenequipo.com.mx\/?p=27406"},"modified":"2017-10-12T17:31:28","modified_gmt":"2017-10-13T00:31:28","slug":"parque-incluyente-kino-magico-cobrara-tarifa-temporada-alta-baja","status":"publish","type":"post","link":"https:\/\/www.sonoraenequipo.com.mx\/parque-incluyente-kino-magico-cobrara-tarifa-temporada-alta-baja\/","title":{"rendered":"El parque incluyente Kino M\u00e1gico cobrar\u00e1 tarifa de temporada alta y baja"},"content":{"rendered":"<p>HERMOSILLO, SONORA. MX.\u2014 A fin de mantener en buen estado las instalaciones y brindar servicios de calidad a las familias que los visiten y en especial a las personas con alguna discapacidad, el parque incluyente Kino M\u00e1gico tendr\u00e1 cuotas de recuperaci\u00f3n diferenciadas en oto\u00f1o-invierno y primavera-verano.<\/p>\n<p> <\/p>\n<p>Eduardo Lemmen Meyer Gonz\u00e1lez, Director General de la Comisi\u00f3n de Fomento Tur\u00edstico del Ayuntamiento de Hermosillo, dijo que a partir de este s\u00e1bado 14 de octubre habr\u00e1 dos tarifas, una para temporada alta y otra para temporada baja, fijadas de acuerdo al flujo de visitantes.<\/p>\n<p>Se determin\u00f3 que de octubre a febrero ser\u00e1 considerada temporada baja (oto\u00f1o-invierno) y el precio ser\u00e1 de 70 pesos adultos y 40 pesos ni\u00f1os, con la entrada libre para las personas con alguna discapacidad o adultos mayores quienes no pagar\u00e1n nada.<\/p>\n<p>Al pagar esta cuota, los visitantes tendr\u00e1n derecho a usar gratuitamente cualquiera de las 36 palapas sobre las dunas, y el cobro incluye el uso de las albercas, chapoteadero, toboganes, ba\u00f1os y las \u00e1reas de juego y activaci\u00f3n f\u00edsica.<\/p>\n<p>Asimismo, dijo, se podr\u00e1 introducir alimentos y bebidas embotelladas sin alcohol, ni envases de vidrio, para cuidar el entorno, precis\u00f3 el funcionario municipal.<\/p>\n<p>La temporada alta (primavera-verano), se considera de marzo a septiembre, y las tarifas para esas fechas en 2018 ser\u00e1n: adultos 85 pesos, ni\u00f1os 55 pesos, y de igual manera para las personas con discapacidad o adultos mayores es gratis el acceso.<\/p>\n<p>Tambi\u00e9n ser\u00eda gratis el uso de las 36 palapas en las dunas, abund\u00f3 Lemmen Meyer Gonz\u00e1lez. Las palapas altas son las que tienen costo adicional de 400 pesos, por ser multifamiliares y estar dentro del parque pero est\u00e1n provistas de mesas y sillas y son realmente confortables, explic\u00f3.<\/p>\n<p>El parque incluyente estar\u00e1 abierto los d\u00edas s\u00e1bado y domingo, en un horario de 10:00 de la ma\u00f1ana a 8:00 de la noche y el pago es por todo el d\u00eda. Tambi\u00e9n se invita a grupos de estudiantes y familias, as\u00ed como empresas a utilizar este espacio, con previa cita, para los d\u00edas de lunes a viernes, coment\u00f3.<\/p>\n<p>Los precios acordados son los m\u00e1s bajos que actualmente existen en espacios similares de recreaci\u00f3n, para el uso de infraestructura p\u00fablica. El parque incluyente ser\u00e1 operado por el gobierno municipal a trav\u00e9s de un patronato de forma transparente.<\/p>\n<p><strong>Los servicios y \u00e1reas recreativas<\/strong><\/p>\n<p>Entre los atractivos de este parque acu\u00e1tico incluyente est\u00e1 el que las personas con alguna discapacidad podr\u00e1n entrar por primera vez al mar o a las albercas con el apoyo de sillas especiales ya disponibles y con los cuidados de param\u00e9dicos capacitados, recalc\u00f3 el funcionario municipal.<\/p>\n<p>El parque cuenta con rampas, gu\u00edas protr\u00e1ctiles para invidentes, tecnolog\u00eda asistencial como son las sillas h\u00edbridas para la playa y las piscinas, un equipo de param\u00e9dicos y personal de enfermer\u00eda para la seguridad de todos los visitantes.<\/p>\n<p>Tambi\u00e9n, dos albercas, chapoteadero, \u00e1rea de juegos y toboganes, 36 palapas en playa, 5 palapas familiares, amplio estacionamiento, una enfermer\u00eda equipada, espacios para el deporte como cuatro canchas de voleibol playero y dos canchas f\u00fatbol de playa.<\/p>\n<p>Las cinco palapas familiares de dos niveles, con una capacidad para m\u00e1s de 20 personas, mobiliario adecuado como mesas y sillas y atenci\u00f3n de personal de seguridad y param\u00e9dicos, tendr\u00e1n un costo de 400 pesos.<\/p>\n<p><em>\u201cParque Kino M\u00e1gico es una obra sin precedentes, no solo en el municipio y el estado, sino del pa\u00eds, existen solo diez playas inclusivas en todo el mundo, para atender a una poblaci\u00f3n de m\u00e1s de mil millones de personas con discapacidad, seg\u00fan cifra de la Organizaci\u00f3n Mundial de la Salud\u201d,<\/em> anot\u00f3.<\/p>\n<p>De las diez playas incluyentes que existen en el mundo, tres est\u00e1n en M\u00e9xico y una de ellas es Kino M\u00e1gico, argument\u00f3 Lemmen Meyer Gonz\u00e1lez al abundar que de acuerdo al Inegi, en Sonora hay 146 mil personas con alg\u00fan tipo de discapacidad y el municipio de Hermosillo trabaja para facilitar su integraci\u00f3n a las din\u00e1micas sociales y de convivencia ciudadana.<\/p>\n<p>&nbsp;<\/p>\n<p>(Fecha de publicaci\u00f3n 11102017)<\/p>\n","protected":false},"excerpt":{"rendered":"<p>HERMOSILLO, SONORA. MX.\u2014 A fin de mantener en buen estado las instalaciones y brindar servicios&#8230;<\/p>\n","protected":false},"author":1,"featured_media":27407,"comment_status":"open","ping_status":"open","sticky":false,"template":"","format":"standard","meta":{"_monsterinsights_skip_tracking":false,"_monsterinsights_sitenote_active":false,"_monsterinsights_sitenote_note":"","_monsterinsights_sitenote_category":0,"footnotes":""},"categories":[13,4],"tags":[],"class_list":["post"],"yoast_head":" \n<title>Sonora en Equipo. El parque incluyente Kino M\u00e1gico cobrar\u00e1 tarifa de temporada alta y baja Destacadas<\/title>\n<meta name=\"description\" content=\"HERMOSILLO, SONORA. MX.\u2014 A fin de mantener en buen estado las instalaciones y brindar servicios de calidad a las familias que los visiten y en especial a En Sonora en Equipo publicamos toda la informaci\u00f3n de Sonora, M\u00e9xico y el Mundo de manera oportuna y busca que la libertad de expresi\u00f3n sea real. Visita nuestro medio informativo publicado desde Hermosillo, Sonora. %\" \/>\n<meta name=\"robots\" content=\"index, follow, max-snippet:-1, max-image-preview:large, max-video-preview:-1\" \/>\n<link rel=\"canonical\" href=\"https:\/\/www.sonoraenequipo.com.mx\/parque-incluyente-kino-magico-cobrara-tarifa-temporada-alta-baja\/\" \/>\n<meta property=\"og:locale\" content=\"es_ES\" \/>\n<meta property=\"og:type\" content=\"article\" \/>\n<meta property=\"og:title\" content=\"Sonora en Equipo. El parque incluyente Kino M\u00e1gico cobrar\u00e1 tarifa de temporada alta y baja Destacadas\" \/>\n<meta property=\"og:description\" content=\"HERMOSILLO, SONORA. MX.\u2014 A fin de mantener en buen estado las instalaciones y brindar servicios de calidad a las familias que los visiten y en especial a En Sonora en Equipo publicamos toda la informaci\u00f3n de Sonora, M\u00e9xico y el Mundo de manera oportuna y busca que la libertad de expresi\u00f3n sea real. Visita nuestro medio informativo publicado desde Hermosillo, Sonora. %\" \/>\n<meta property=\"og:url\" content=\"https:\/\/www.sonoraenequipo.com.mx\/parque-incluyente-kino-magico-cobrara-tarifa-temporada-alta-baja\/\" \/>\n<meta property=\"og:site_name\" content=\"Sonora en Equipo.\" \/>\n<meta property=\"article:publisher\" content=\"https:\/\/www.facebook.com\/SonoraEE\/\" \/>\n<meta property=\"article:author\" content=\"https:\/\/www.facebook.com\/SonoraEE\" \/>\n<meta property=\"article:published_time\" content=\"2017-10-12T22:25:16+00:00\" \/>\n<meta property=\"article:modified_time\" content=\"2017-10-13T00:31:28+00:00\" \/>\n<meta property=\"og:image\" content=\"https:\/\/www.sonoraenequipo.com.mx\/storage\/2017\/10\/saldracaro-parquekinom\u00e1gico_opt.jpg\" \/>\n\t<meta property=\"og:image:width\" content=\"599\" \/>\n\t<meta property=\"og:image:height\" content=\"400\" \/>\n\t<meta property=\"og:image:type\" content=\"image\/jpeg\" \/>\n<meta name=\"author\" content=\"enequipo\" \/>\n<meta name=\"twitter:card\" content=\"summary_large_image\" \/>\n<meta name=\"twitter:creator\" content=\"@sonoraenequipo\" \/>\n<meta name=\"twitter:site\" content=\"@sonoraenequipo\" \/>\n<meta name=\"twitter:label1\" content=\"Escrito por\" \/>\n\t<meta name=\"twitter:data1\" content=\"enequipo\" \/>\n\t<meta name=\"twitter:label2\" content=\"Tiempo de lectura\" \/>\n\t<meta name=\"twitter:data2\" content=\"4 minutos\" \/>\n<script type=\"application\/ld+json\" class=\"yoast-schema-graph\">{\"@context\":\"https:\/\/schema.org\",\"@graph\":[{\"@type\":\"Article\",\"@id\":\"https:\/\/www.sonoraenequipo.com.mx\/parque-incluyente-kino-magico-cobrara-tarifa-temporada-alta-baja\/#article\",\"isPartOf\":{\"@id\":\"https:\/\/www.sonoraenequipo.com.mx\/parque-incluyente-kino-magico-cobrara-tarifa-temporada-alta-baja\/\"},\"author\":{\"name\":\"enequipo\",\"@id\":\"https:\/\/www.sonoraenequipo.com.mx\/#\/schema\/person\/50102df0fb23a8fa9e8effad8fa81386\"},\"headline\":\"El parque incluyente Kino M\u00e1gico cobrar\u00e1 tarifa de temporada alta y baja\",\"datePublished\":\"2017-10-12T22:25:16+00:00\",\"dateModified\":\"2017-10-13T00:31:28+00:00\",\"mainEntityOfPage\":{\"@id\":\"https:\/\/www.sonoraenequipo.com.mx\/parque-incluyente-kino-magico-cobrara-tarifa-temporada-alta-baja\/\"},\"wordCount\":713,\"commentCount\":0,\"publisher\":{\"@id\":\"https:\/\/www.sonoraenequipo.com.mx\/#organization\"},\"image\":{\"@id\":\"https:\/\/www.sonoraenequipo.com.mx\/parque-incluyente-kino-magico-cobrara-tarifa-temporada-alta-baja\/#primaryimage\"},\"thumbnailUrl\":\"https:\/\/www.sonoraenequipo.com.mx\/storage\/2017\/10\/saldracaro-parquekinom\u00e1gico_opt.jpg\",\"articleSection\":[\"Destacadas\",\"Municipios\"],\"inLanguage\":\"es\",\"potentialAction\":[{\"@type\":\"CommentAction\",\"name\":\"Comment\",\"target\":[\"https:\/\/www.sonoraenequipo.com.mx\/parque-incluyente-kino-magico-cobrara-tarifa-temporada-alta-baja\/#respond\"]}]},{\"@type\":\"WebPage\",\"@id\":\"https:\/\/www.sonoraenequipo.com.mx\/parque-incluyente-kino-magico-cobrara-tarifa-temporada-alta-baja\/\",\"url\":\"https:\/\/www.sonoraenequipo.com.mx\/parque-incluyente-kino-magico-cobrara-tarifa-temporada-alta-baja\/\",\"name\":\"Sonora en Equipo. El parque incluyente Kino M\u00e1gico cobrar\u00e1 tarifa de temporada alta y baja Destacadas\",\"isPartOf\":{\"@id\":\"https:\/\/www.sonoraenequipo.com.mx\/#website\"},\"primaryImageOfPage\":{\"@id\":\"https:\/\/www.sonoraenequipo.com.mx\/parque-incluyente-kino-magico-cobrara-tarifa-temporada-alta-baja\/#primaryimage\"},\"image\":{\"@id\":\"https:\/\/www.sonoraenequipo.com.mx\/parque-incluyente-kino-magico-cobrara-tarifa-temporada-alta-baja\/#primaryimage\"},\"thumbnailUrl\":\"https:\/\/www.sonoraenequipo.com.mx\/storage\/2017\/10\/saldracaro-parquekinom\u00e1gico_opt.jpg\",\"datePublished\":\"2017-10-12T22:25:16+00:00\",\"dateModified\":\"2017-10-13T00:31:28+00:00\",\"description\":\"HERMOSILLO, SONORA. MX.\u2014 A fin de mantener en buen estado las instalaciones y brindar servicios de calidad a las familias que los visiten y en especial a En Sonora en Equipo publicamos toda la informaci\u00f3n de Sonora, M\u00e9xico y el Mundo de manera oportuna y busca que la libertad de expresi\u00f3n sea real. Visita nuestro medio informativo publicado desde Hermosillo, Sonora. %\",\"breadcrumb\":{\"@id\":\"https:\/\/www.sonoraenequipo.com.mx\/parque-incluyente-kino-magico-cobrara-tarifa-temporada-alta-baja\/#breadcrumb\"},\"inLanguage\":\"es\",\"potentialAction\":[{\"@type\":\"ReadAction\",\"target\":[\"https:\/\/www.sonoraenequipo.com.mx\/parque-incluyente-kino-magico-cobrara-tarifa-temporada-alta-baja\/\"]}]},{\"@type\":\"ImageObject\",\"inLanguage\":\"es\",\"@id\":\"https:\/\/www.sonoraenequipo.com.mx\/parque-incluyente-kino-magico-cobrara-tarifa-temporada-alta-baja\/#primaryimage\",\"url\":\"https:\/\/www.sonoraenequipo.com.mx\/storage\/2017\/10\/saldracaro-parquekinom\u00e1gico_opt.jpg\",\"contentUrl\":\"https:\/\/www.sonoraenequipo.com.mx\/storage\/2017\/10\/saldracaro-parquekinom\u00e1gico_opt.jpg\",\"width\":599,\"height\":400},{\"@type\":\"BreadcrumbList\",\"@id\":\"https:\/\/www.sonoraenequipo.com.mx\/parque-incluyente-kino-magico-cobrara-tarifa-temporada-alta-baja\/#breadcrumb\",\"itemListElement\":[{\"@type\":\"ListItem\",\"position\":1,\"name\":\"Portada\",\"item\":\"https:\/\/www.sonoraenequipo.com.mx\/\"},{\"@type\":\"ListItem\",\"position\":2,\"name\":\"El parque incluyente Kino M\u00e1gico cobrar\u00e1 tarifa de temporada alta y baja\"}]},{\"@type\":\"WebSite\",\"@id\":\"https:\/\/www.sonoraenequipo.com.mx\/#website\",\"url\":\"https:\/\/www.sonoraenequipo.com.mx\/\",\"name\":\"Sonora en Equipo.\",\"description\":\"Diario en l\u00ednea con Noticias desde Hermosillo, Sonora\",\"publisher\":{\"@id\":\"https:\/\/www.sonoraenequipo.com.mx\/#organization\"},\"potentialAction\":[{\"@type\":\"SearchAction\",\"target\":{\"@type\":\"EntryPoint\",\"urlTemplate\":\"https:\/\/www.sonoraenequipo.com.mx\/?s={search_term_string}\"},\"query-input\":{\"@type\":\"PropertyValueSpecification\",\"valueRequired\":true,\"valueName\":\"search_term_string\"}}],\"inLanguage\":\"es\"},{\"@type\":\"Organization\",\"@id\":\"https:\/\/www.sonoraenequipo.com.mx\/#organization\",\"name\":\"Sonoraenequipo.com.mx\",\"url\":\"https:\/\/www.sonoraenequipo.com.mx\/\",\"logo\":{\"@type\":\"ImageObject\",\"inLanguage\":\"es\",\"@id\":\"https:\/\/www.sonoraenequipo.com.mx\/#\/schema\/logo\/image\/\",\"url\":\"https:\/\/www.sonoraenequipo.com.mx\/storage\/2019\/01\/sonoraenequipo_opt.png\",\"contentUrl\":\"https:\/\/www.sonoraenequipo.com.mx\/storage\/2019\/01\/sonoraenequipo_opt.png\",\"width\":375,\"height\":125,\"caption\":\"Sonoraenequipo.com.mx\"},\"image\":{\"@id\":\"https:\/\/www.sonoraenequipo.com.mx\/#\/schema\/logo\/image\/\"},\"sameAs\":[\"https:\/\/www.facebook.com\/SonoraEE\/\",\"https:\/\/x.com\/sonoraenequipo\",\"https:\/\/www.youtube.com\/channel\/UC338nW-lPEYmJQs4ZABQ1SQ\"]},{\"@type\":\"Person\",\"@id\":\"https:\/\/www.sonoraenequipo.com.mx\/#\/schema\/person\/50102df0fb23a8fa9e8effad8fa81386\",\"name\":\"enequipo\",\"image\":{\"@type\":\"ImageObject\",\"inLanguage\":\"es\",\"@id\":\"https:\/\/www.sonoraenequipo.com.mx\/#\/schema\/person\/image\/\",\"url\":\"https:\/\/secure.gravatar.com\/avatar\/049821681b589dabc0bc20695993ccebb09f5b5d4d790cd9251b97faac7c652b?s=96&d=blank&r=g\",\"contentUrl\":\"https:\/\/secure.gravatar.com\/avatar\/049821681b589dabc0bc20695993ccebb09f5b5d4d790cd9251b97faac7c652b?s=96&d=blank&r=g\",\"caption\":\"enequipo\"},\"sameAs\":[\"https:\/\/www.facebook.com\/SonoraEE\"]}]}<\/script>\n ","yoast_head_json":{"title":"Sonora en Equipo. El parque incluyente Kino M\u00e1gico cobrar\u00e1 tarifa de temporada alta y baja Destacadas","description":"HERMOSILLO, SONORA. MX.\u2014 A fin de mantener en buen estado las instalaciones y brindar servicios de calidad a las familias que los visiten y en especial a En Sonora en Equipo publicamos toda la informaci\u00f3n de Sonora, M\u00e9xico y el Mundo de manera oportuna y busca que la libertad de expresi\u00f3n sea real. Visita nuestro medio informativo publicado desde Hermosillo, Sonora. %","robots":{"index":"index","follow":"follow","max-snippet":"max-snippet:-1","max-image-preview":"max-image-preview:large","max-video-preview":"max-video-preview:-1"},"canonical":"https:\/\/www.sonoraenequipo.com.mx\/parque-incluyente-kino-magico-cobrara-tarifa-temporada-alta-baja\/","og_locale":"es_ES","og_type":"article","og_title":"Sonora en Equipo. El parque incluyente Kino M\u00e1gico cobrar\u00e1 tarifa de temporada alta y baja Destacadas","og_description":"HERMOSILLO, SONORA. MX.\u2014 A fin de mantener en buen estado las instalaciones y brindar servicios de calidad a las familias que los visiten y en especial a En Sonora en Equipo publicamos toda la informaci\u00f3n de Sonora, M\u00e9xico y el Mundo de manera oportuna y busca que la libertad de expresi\u00f3n sea real. Visita nuestro medio informativo publicado desde Hermosillo, Sonora. %","og_url":"https:\/\/www.sonoraenequipo.com.mx\/parque-incluyente-kino-magico-cobrara-tarifa-temporada-alta-baja\/","og_site_name":"Sonora en Equipo.","article_publisher":"https:\/\/www.facebook.com\/SonoraEE\/","article_author":"https:\/\/www.facebook.com\/SonoraEE","article_published_time":"2017-10-12T22:25:16+00:00","article_modified_time":"2017-10-13T00:31:28+00:00","og_image":[{"width":599,"height":400,"url":"https:\/\/www.sonoraenequipo.com.mx\/storage\/2017\/10\/saldracaro-parquekinom\u00e1gico_opt.jpg","type":"image\/jpeg"}],"author":"enequipo","twitter_card":"summary_large_image","twitter_creator":"@sonoraenequipo","twitter_site":"@sonoraenequipo","twitter_misc":{"Escrito por":"enequipo","Tiempo de lectura":"4 minutos"},"schema":{"@context":"https:\/\/schema.org","@graph":[{"@type":"Article","@id":"https:\/\/www.sonoraenequipo.com.mx\/parque-incluyente-kino-magico-cobrara-tarifa-temporada-alta-baja\/#article","isPartOf":{"@id":"https:\/\/www.sonoraenequipo.com.mx\/parque-incluyente-kino-magico-cobrara-tarifa-temporada-alta-baja\/"},"author":{"name":"enequipo","@id":"https:\/\/www.sonoraenequipo.com.mx\/#\/schema\/person\/50102df0fb23a8fa9e8effad8fa81386"},"headline":"El parque incluyente Kino M\u00e1gico cobrar\u00e1 tarifa de temporada alta y baja","datePublished":"2017-10-12T22:25:16+00:00","dateModified":"2017-10-13T00:31:28+00:00","mainEntityOfPage":{"@id":"https:\/\/www.sonoraenequipo.com.mx\/parque-incluyente-kino-magico-cobrara-tarifa-temporada-alta-baja\/"},"wordCount":713,"commentCount":0,"publisher":{"@id":"https:\/\/www.sonoraenequipo.com.mx\/#organization"},"image":{"@id":"https:\/\/www.sonoraenequipo.com.mx\/parque-incluyente-kino-magico-cobrara-tarifa-temporada-alta-baja\/#primaryimage"},"thumbnailUrl":"https:\/\/www.sonoraenequipo.com.mx\/storage\/2017\/10\/saldracaro-parquekinom\u00e1gico_opt.jpg","articleSection":["Destacadas","Municipios"],"inLanguage":"es","potentialAction":[{"@type":"CommentAction","name":"Comment","target":["https:\/\/www.sonoraenequipo.com.mx\/parque-incluyente-kino-magico-cobrara-tarifa-temporada-alta-baja\/#respond"]}]},{"@type":"WebPage","@id":"https:\/\/www.sonoraenequipo.com.mx\/parque-incluyente-kino-magico-cobrara-tarifa-temporada-alta-baja\/","url":"https:\/\/www.sonoraenequipo.com.mx\/parque-incluyente-kino-magico-cobrara-tarifa-temporada-alta-baja\/","name":"Sonora en Equipo. El parque incluyente Kino M\u00e1gico cobrar\u00e1 tarifa de temporada alta y baja Destacadas","isPartOf":{"@id":"https:\/\/www.sonoraenequipo.com.mx\/#website"},"primaryImageOfPage":{"@id":"https:\/\/www.sonoraenequipo.com.mx\/parque-incluyente-kino-magico-cobrara-tarifa-temporada-alta-baja\/#primaryimage"},"image":{"@id":"https:\/\/www.sonoraenequipo.com.mx\/parque-incluyente-kino-magico-cobrara-tarifa-temporada-alta-baja\/#primaryimage"},"thumbnailUrl":"https:\/\/www.sonoraenequipo.com.mx\/storage\/2017\/10\/saldracaro-parquekinom\u00e1gico_opt.jpg","datePublished":"2017-10-12T22:25:16+00:00","dateModified":"2017-10-13T00:31:28+00:00","description":"HERMOSILLO, SONORA. MX.\u2014 A fin de mantener en buen estado las instalaciones y brindar servicios de calidad a las familias que los visiten y en especial a En Sonora en Equipo publicamos toda la informaci\u00f3n de Sonora, M\u00e9xico y el Mundo de manera oportuna y busca que la libertad de expresi\u00f3n sea real. Visita nuestro medio informativo publicado desde Hermosillo, Sonora. %","breadcrumb":{"@id":"https:\/\/www.sonoraenequipo.com.mx\/parque-incluyente-kino-magico-cobrara-tarifa-temporada-alta-baja\/#breadcrumb"},"inLanguage":"es","potentialAction":[{"@type":"ReadAction","target":["https:\/\/www.sonoraenequipo.com.mx\/parque-incluyente-kino-magico-cobrara-tarifa-temporada-alta-baja\/"]}]},{"@type":"ImageObject","inLanguage":"es","@id":"https:\/\/www.sonoraenequipo.com.mx\/parque-incluyente-kino-magico-cobrara-tarifa-temporada-alta-baja\/#primaryimage","url":"https:\/\/www.sonoraenequipo.com.mx\/storage\/2017\/10\/saldracaro-parquekinom\u00e1gico_opt.jpg","contentUrl":"https:\/\/www.sonoraenequipo.com.mx\/storage\/2017\/10\/saldracaro-parquekinom\u00e1gico_opt.jpg","width":599,"height":400},{"@type":"BreadcrumbList","@id":"https:\/\/www.sonoraenequipo.com.mx\/parque-incluyente-kino-magico-cobrara-tarifa-temporada-alta-baja\/#breadcrumb","itemListElement":[{"@type":"ListItem","position":1,"name":"Portada","item":"https:\/\/www.sonoraenequipo.com.mx\/"},{"@type":"ListItem","position":2,"name":"El parque incluyente Kino M\u00e1gico cobrar\u00e1 tarifa de temporada alta y baja"}]},{"@type":"WebSite","@id":"https:\/\/www.sonoraenequipo.com.mx\/#website","url":"https:\/\/www.sonoraenequipo.com.mx\/","name":"Sonora en Equipo.","description":"Diario en l\u00ednea con Noticias desde Hermosillo, Sonora","publisher":{"@id":"https:\/\/www.sonoraenequipo.com.mx\/#organization"},"potentialAction":[{"@type":"SearchAction","target":{"@type":"EntryPoint","urlTemplate":"https:\/\/www.sonoraenequipo.com.mx\/?s={search_term_string}"},"query-input":{"@type":"PropertyValueSpecification","valueRequired":true,"valueName":"search_term_string"}}],"inLanguage":"es"},{"@type":"Organization","@id":"https:\/\/www.sonoraenequipo.com.mx\/#organization","name":"Sonoraenequipo.com.mx","url":"https:\/\/www.sonoraenequipo.com.mx\/","logo":{"@type":"ImageObject","inLanguage":"es","@id":"https:\/\/www.sonoraenequipo.com.mx\/#\/schema\/logo\/image\/","url":"https:\/\/www.sonoraenequipo.com.mx\/storage\/2019\/01\/sonoraenequipo_opt.png","contentUrl":"https:\/\/www.sonoraenequipo.com.mx\/storage\/2019\/01\/sonoraenequipo_opt.png","width":375,"height":125,"caption":"Sonoraenequipo.com.mx"},"image":{"@id":"https:\/\/www.sonoraenequipo.com.mx\/#\/schema\/logo\/image\/"},"sameAs":["https:\/\/www.facebook.com\/SonoraEE\/","https:\/\/x.com\/sonoraenequipo","https:\/\/www.youtube.com\/channel\/UC338nW-lPEYmJQs4ZABQ1SQ"]},{"@type":"Person","@id":"https:\/\/www.sonoraenequipo.com.mx\/#\/schema\/person\/50102df0fb23a8fa9e8effad8fa81386","name":"enequipo","image":{"@type":"ImageObject","inLanguage":"es","@id":"https:\/\/www.sonoraenequipo.com.mx\/#\/schema\/person\/image\/","url":"https:\/\/secure.gravatar.com\/avatar\/049821681b589dabc0bc20695993ccebb09f5b5d4d790cd9251b97faac7c652b?s=96&d=blank&r=g","contentUrl":"https:\/\/secure.gravatar.com\/avatar\/049821681b589dabc0bc20695993ccebb09f5b5d4d790cd9251b97faac7c652b?s=96&d=blank&r=g","caption":"enequipo"},"sameAs":["https:\/\/www.facebook.com\/SonoraEE"]}]}},"jetpack_featured_media_url":"https:\/\/www.sonoraenequipo.com.mx\/storage\/2017\/10\/saldracaro-parquekinom\u00e1gico_opt.jpg","_links":{"self":[{"href":"https:\/\/www.sonoraenequipo.com.mx\/api\/wp\/v2\/posts\/27406","targetHints":{"allow":["GET"]}}],"collection":[{"href":"https:\/\/www.sonoraenequipo.com.mx\/api\/wp\/v2\/posts"}],"about":[{"href":"https:\/\/www.sonoraenequipo.com.mx\/api\/wp\/v2\/types\/post"}],"author":[{"embeddable":true,"href":"https:\/\/www.sonoraenequipo.com.mx\/api\/wp\/v2\/users\/1"}],"replies":[{"embeddable":true,"href":"https:\/\/www.sonoraenequipo.com.mx\/api\/wp\/v2\/comments?post=27406"}],"version-history":[{"count":0,"href":"https:\/\/www.sonoraenequipo.com.mx\/api\/wp\/v2\/posts\/27406\/revisions"}],"wp:featuredmedia":[{"embeddable":true,"href":"https:\/\/www.sonoraenequipo.com.mx\/api\/wp\/v2\/media\/27407"}],"wp:attachment":[{"href":"https:\/\/www.sonoraenequipo.com.mx\/api\/wp\/v2\/media?parent=27406"}],"wp:term":[{"taxonomy":"category","embeddable":true,"href":"https:\/\/www.sonoraenequipo.com.mx\/api\/wp\/v2\/categories?post=27406"},{"taxonomy":"post_tag","embeddable":true,"href":"https:\/\/www.sonoraenequipo.com.mx\/api\/wp\/v2\/tags?post=27406"}],"curies":[{"name":"wp","href":"https:\/\/api.w.org\/{rel}","templated":true}]}}