{"id":27412,"date":"2017-10-12T15:55:24","date_gmt":"2017-10-12T22:55:24","guid":{"rendered":"http:\/\/www.sonoraenequipo.com.mx\/?p=27412"},"modified":"2017-10-12T17:51:15","modified_gmt":"2017-10-13T00:51:15","slug":"unidad-universitarios-ha-llevado-la-unison-solido-prestigio-la-sociedad-velco","status":"publish","type":"post","link":"https:\/\/www.sonoraenequipo.com.mx\/unidad-universitarios-ha-llevado-la-unison-solido-prestigio-la-sociedad-velco\/","title":{"rendered":"Unidad de universitarios ha llevado a la UniSon a tener un s\u00f3lido prestigio en la sociedad: VelCo"},"content":{"rendered":"<p>HERMOSILLO, SONORA. MX.\u2014 La unidad de los universitarios en torno a los objetivos y metas ha sido la base para que la Universidad de Sonora tenga un rumbo acad\u00e9mico claro y comprometido con la calidad, y un s\u00f3lido prestigio social, asegur\u00f3 el rector Enrique Fernando Vel\u00e1zquez Contreras en la ceremonia especial por el 75 aniversario de esta casa de estudios.<\/p>\n<p> <\/p>\n<p>Con un reconocimiento a la comunidad universitaria y una felicitaci\u00f3n a los 64 estudiantes que este d\u00eda recibieron el Premio Anual Universidad de Sonora a la Trayectoria Estudiantil 2017, el rector se\u00f1al\u00f3 que los avances de la instituci\u00f3n no ser\u00edan posibles sin el trabajo comprometido y generoso de cada uno de sus miembros.<\/p>\n<p><em>\u201cLa unidad de los universitarios en torno a los objetivos y metas de la alma mater, mediante un ejercicio abierto y participativo de planeaci\u00f3n y evaluaci\u00f3n nos permite tener muy claro el rumbo de la Universidad, as\u00ed como el sentido de los cambios que estamos implementando y que tienen el rasgo com\u00fan de reforzar la apuesta por la calidad\u201d,<\/em> expres\u00f3.<\/p>\n<p>Ante los alumnos distinguidos, funcionarios universitarios, invitados especiales y familiares de los homenajeados, Vel\u00e1zquez Contreras estableci\u00f3 que si bien es cierto que la Universidad ha pasado por momentos dif\u00edciles, siempre ha sabido responder y corresponder a una ciudadan\u00eda que exige lo mejor para sus hijos, y estamos seguros de que los estudiantes que se forman en la Unison, desarrollan las habilidades m\u00e1s demandadas por los sectores productivos.<\/p>\n<p>Prueba de ello, dijo, son los resultados de los egresados de esta casa de estudios en los Ex\u00e1menes Generales de Egreso de Licenciatura (EGEL) que aplica Ceneval, y el reconocimiento a m\u00e1s de 20 programas educativos que en el periodo 2015-2016 ingresaron al Padr\u00f3n de Programas de Licenciatura de Alto Rendimiento Acad\u00e9mico de dicha instituci\u00f3n, ubicando a la Universidad de Sonora en el primer lugar de la regi\u00f3n noroeste y el cuarto a nivel nacional.<\/p>\n<p>En su intervenci\u00f3n, hizo una breve rese\u00f1a hist\u00f3rica de c\u00f3mo y cuando naci\u00f3 la Universidad de Sonora en 1942, con la apertura de la secundaria, preparatoria y la escuela Normal, atendiendo a s\u00f3lo 326 j\u00f3venes, hasta llegar a 1949 con la oferta de la primera carrera profesional, que fue Ingenier\u00eda Civil.<\/p>\n<p><em>\u201cHoy somos la instituci\u00f3n de educaci\u00f3n superior con mayor matr\u00edcula en el estado: m\u00e1s de 40 mil estudiantes que asisten a alguno de los 49 programas de licenciatura o de los 57 de posgrado, lo mismo que a cursos de diez idiomas y cuatro academias de arte distribuidos en los campus con que contamos en Sonora\u201d,<\/em> a\u00f1adi\u00f3.<\/p>\n<p>El rector del alma mater consider\u00f3 que existen sobradas razones para sentirnos orgullosos de nuestra universidad, pues de acuerdo a evaluaciones de organismos especializados somos una de las 20 mejores instituciones del pa\u00eds y la n\u00famero uno en el Noroeste de M\u00e9xico, por lo que el reto de todos ser\u00e1 seguir en esa posici\u00f3n.<\/p>\n<p>Durante la entrega del Premio Anual Universidad de Sonora a la Trayectoria Estudiantil 2017, la autoridad universitaria indic\u00f3 que ahora que la humanidad se encuentra en plena era del conocimiento, M\u00e9xico y Sonora no se pueden dar el lujo de disminuir el inter\u00e9s por la educaci\u00f3n, as\u00ed como por el quehacer cient\u00edfico y tecnol\u00f3gico.<\/p>\n<p><em>\u201cPor ello, es urgente que todos los que estamos comprometidos con la educaci\u00f3n de nuestros ni\u00f1os, j\u00f3venes y adultos, nos aboquemos a dise\u00f1ar estrategias que nos permitan salir de lo que se conoce como analfabetismo cient\u00edfico\u201d,<\/em> expres\u00f3.<\/p>\n<p>Precis\u00f3 que con esa responsabilidad, la m\u00e1xima casa de estudios de nuestro estado ofrece programas de licenciatura y posgrado, desarrollando l\u00edneas de investigaci\u00f3n en todas las \u00e1reas del conocimiento, que van desde las bellas artes, pasando por las ciencias exactas y naturales, as\u00ed como las ingenier\u00edas, las ciencias de la salud, las ciencias human\u00edsticas y las ciencias econ\u00f3micas y administrativas.<\/p>\n<p>Durante la ceremonia del 75 aniversario de la Universidad de Sonora, estuvo presente el secretario de gobierno, Miguel Pompa Corella, en representaci\u00f3n de la gobernadora Claudia Pavlovich Arellano, quien dijo que para la administraci\u00f3n estatal es prioritario cuidar al mayor motor cient\u00edfico y formativo del estado.<\/p>\n<p>Destac\u00f3 que para fortalecer a la Universidad de Sonora hay que reconocer su autonom\u00eda ya que solamente as\u00ed su proceso de ense\u00f1anza podr\u00e1 impulsar su pertinencia cient\u00edfica y social en beneficio de la comunidad sonorense.<br \/>\n<em><\/p>\n<p>\u00abCuenten con que velaremos y apoyaremos todo lo referente a las necesidades presupuestales, program\u00e1ticas, pol\u00edticas y sociales, siempre anteponiendo la autonom\u00eda y el respeto interinstitucional\u00bb,<\/em> sostuvo al se\u00f1alar que la participaci\u00f3n plural de la m\u00e1xima casa de estudios sonorense, es parte esencial de la democracia en la entidad.<\/p>\n<p>En la conmemoraci\u00f3n tambi\u00e9n estuvieron presentes el subsecretario de Educaci\u00f3n Media Superior y Superior, On\u00e9simo Mariscales Delgadillo y el secretario en turno del H. Junta Universitario, Jes\u00fas Contreras Ayala.<\/p>\n<p>Adem\u00e1s, la secretaria general Administrativa, Rosa Mar\u00eda Montesinos Cisneros, la secretaria general Acad\u00e9mica, Arminda Guadalupe Garc\u00eda de Le\u00f3n Pe\u00f1u\u00f1uri; y los vicerrectores de las unidades centro, norte y sur de la Unison, Mar\u00eda Rita Plancarte Mart\u00ednez, Luis Enrique Riojas Duarte y Adriana Leticia Navarro Verdugo, respectivamente, adem\u00e1s de ex rectores y otros invitados especiales.<\/p>\n<p>(Fecha de publicaci\u00f3n 12102017)<\/p>\n","protected":false},"excerpt":{"rendered":"<p>HERMOSILLO, SONORA. MX.\u2014 La unidad de los universitarios en torno a los objetivos y metas&#8230;<\/p>\n","protected":false},"author":1,"featured_media":27413,"comment_status":"open","ping_status":"open","sticky":false,"template":"","format":"standard","meta":{"_monsterinsights_skip_tracking":false,"_monsterinsights_sitenote_active":false,"_monsterinsights_sitenote_note":"","_monsterinsights_sitenote_category":0,"footnotes":""},"categories":[13,4],"tags":[],"class_list":["post"],"yoast_head":" \n<title>Sonora en Equipo. Unidad de universitarios ha llevado a la UniSon a tener un s\u00f3lido prestigio en la sociedad: VelCo Destacadas<\/title>\n<meta name=\"description\" content=\"HERMOSILLO, SONORA. MX.\u2014 La unidad de los universitarios en torno a los objetivos y metas ha sido la base para que la Universidad de Sonora tenga un rumbo En Sonora en Equipo publicamos toda la informaci\u00f3n de Sonora, M\u00e9xico y el Mundo de manera oportuna y busca que la libertad de expresi\u00f3n sea real. Visita nuestro medio informativo publicado desde Hermosillo, Sonora. %\" \/>\n<meta name=\"robots\" content=\"index, follow, max-snippet:-1, max-image-preview:large, max-video-preview:-1\" \/>\n<link rel=\"canonical\" href=\"https:\/\/www.sonoraenequipo.com.mx\/unidad-universitarios-ha-llevado-la-unison-solido-prestigio-la-sociedad-velco\/\" \/>\n<meta property=\"og:locale\" content=\"es_ES\" \/>\n<meta property=\"og:type\" content=\"article\" \/>\n<meta property=\"og:title\" content=\"Sonora en Equipo. Unidad de universitarios ha llevado a la UniSon a tener un s\u00f3lido prestigio en la sociedad: VelCo Destacadas\" \/>\n<meta property=\"og:description\" content=\"HERMOSILLO, SONORA. MX.\u2014 La unidad de los universitarios en torno a los objetivos y metas ha sido la base para que la Universidad de Sonora tenga un rumbo En Sonora en Equipo publicamos toda la informaci\u00f3n de Sonora, M\u00e9xico y el Mundo de manera oportuna y busca que la libertad de expresi\u00f3n sea real. Visita nuestro medio informativo publicado desde Hermosillo, Sonora. %\" \/>\n<meta property=\"og:url\" content=\"https:\/\/www.sonoraenequipo.com.mx\/unidad-universitarios-ha-llevado-la-unison-solido-prestigio-la-sociedad-velco\/\" \/>\n<meta property=\"og:site_name\" content=\"Sonora en Equipo.\" \/>\n<meta property=\"article:publisher\" content=\"https:\/\/www.facebook.com\/SonoraEE\/\" \/>\n<meta property=\"article:author\" content=\"https:\/\/www.facebook.com\/SonoraEE\" \/>\n<meta property=\"article:published_time\" content=\"2017-10-12T22:55:24+00:00\" \/>\n<meta property=\"article:modified_time\" content=\"2017-10-13T00:51:15+00:00\" \/>\n<meta property=\"og:image\" content=\"https:\/\/www.sonoraenequipo.com.mx\/storage\/2017\/10\/CEREMONIA-1_opt.jpg\" \/>\n\t<meta property=\"og:image:width\" content=\"600\" \/>\n\t<meta property=\"og:image:height\" content=\"400\" \/>\n\t<meta property=\"og:image:type\" content=\"image\/jpeg\" \/>\n<meta name=\"author\" content=\"enequipo\" \/>\n<meta name=\"twitter:card\" content=\"summary_large_image\" \/>\n<meta name=\"twitter:creator\" content=\"@sonoraenequipo\" \/>\n<meta name=\"twitter:site\" content=\"@sonoraenequipo\" \/>\n<meta name=\"twitter:label1\" content=\"Escrito por\" \/>\n\t<meta name=\"twitter:data1\" content=\"enequipo\" \/>\n\t<meta name=\"twitter:label2\" content=\"Tiempo de lectura\" \/>\n\t<meta name=\"twitter:data2\" content=\"5 minutos\" \/>\n<script type=\"application\/ld+json\" class=\"yoast-schema-graph\">{\"@context\":\"https:\/\/schema.org\",\"@graph\":[{\"@type\":\"Article\",\"@id\":\"https:\/\/www.sonoraenequipo.com.mx\/unidad-universitarios-ha-llevado-la-unison-solido-prestigio-la-sociedad-velco\/#article\",\"isPartOf\":{\"@id\":\"https:\/\/www.sonoraenequipo.com.mx\/unidad-universitarios-ha-llevado-la-unison-solido-prestigio-la-sociedad-velco\/\"},\"author\":{\"name\":\"enequipo\",\"@id\":\"https:\/\/www.sonoraenequipo.com.mx\/#\/schema\/person\/50102df0fb23a8fa9e8effad8fa81386\"},\"headline\":\"Unidad de universitarios ha llevado a la UniSon a tener un s\u00f3lido prestigio en la sociedad: VelCo\",\"datePublished\":\"2017-10-12T22:55:24+00:00\",\"dateModified\":\"2017-10-13T00:51:15+00:00\",\"mainEntityOfPage\":{\"@id\":\"https:\/\/www.sonoraenequipo.com.mx\/unidad-universitarios-ha-llevado-la-unison-solido-prestigio-la-sociedad-velco\/\"},\"wordCount\":929,\"commentCount\":0,\"publisher\":{\"@id\":\"https:\/\/www.sonoraenequipo.com.mx\/#organization\"},\"image\":{\"@id\":\"https:\/\/www.sonoraenequipo.com.mx\/unidad-universitarios-ha-llevado-la-unison-solido-prestigio-la-sociedad-velco\/#primaryimage\"},\"thumbnailUrl\":\"https:\/\/www.sonoraenequipo.com.mx\/storage\/2017\/10\/CEREMONIA-1_opt.jpg\",\"articleSection\":[\"Destacadas\",\"Municipios\"],\"inLanguage\":\"es\",\"potentialAction\":[{\"@type\":\"CommentAction\",\"name\":\"Comment\",\"target\":[\"https:\/\/www.sonoraenequipo.com.mx\/unidad-universitarios-ha-llevado-la-unison-solido-prestigio-la-sociedad-velco\/#respond\"]}]},{\"@type\":\"WebPage\",\"@id\":\"https:\/\/www.sonoraenequipo.com.mx\/unidad-universitarios-ha-llevado-la-unison-solido-prestigio-la-sociedad-velco\/\",\"url\":\"https:\/\/www.sonoraenequipo.com.mx\/unidad-universitarios-ha-llevado-la-unison-solido-prestigio-la-sociedad-velco\/\",\"name\":\"Sonora en Equipo. Unidad de universitarios ha llevado a la UniSon a tener un s\u00f3lido prestigio en la sociedad: VelCo Destacadas\",\"isPartOf\":{\"@id\":\"https:\/\/www.sonoraenequipo.com.mx\/#website\"},\"primaryImageOfPage\":{\"@id\":\"https:\/\/www.sonoraenequipo.com.mx\/unidad-universitarios-ha-llevado-la-unison-solido-prestigio-la-sociedad-velco\/#primaryimage\"},\"image\":{\"@id\":\"https:\/\/www.sonoraenequipo.com.mx\/unidad-universitarios-ha-llevado-la-unison-solido-prestigio-la-sociedad-velco\/#primaryimage\"},\"thumbnailUrl\":\"https:\/\/www.sonoraenequipo.com.mx\/storage\/2017\/10\/CEREMONIA-1_opt.jpg\",\"datePublished\":\"2017-10-12T22:55:24+00:00\",\"dateModified\":\"2017-10-13T00:51:15+00:00\",\"description\":\"HERMOSILLO, SONORA. MX.\u2014 La unidad de los universitarios en torno a los objetivos y metas ha sido la base para que la Universidad de Sonora tenga un rumbo En Sonora en Equipo publicamos toda la informaci\u00f3n de Sonora, M\u00e9xico y el Mundo de manera oportuna y busca que la libertad de expresi\u00f3n sea real. Visita nuestro medio informativo publicado desde Hermosillo, Sonora. %\",\"breadcrumb\":{\"@id\":\"https:\/\/www.sonoraenequipo.com.mx\/unidad-universitarios-ha-llevado-la-unison-solido-prestigio-la-sociedad-velco\/#breadcrumb\"},\"inLanguage\":\"es\",\"potentialAction\":[{\"@type\":\"ReadAction\",\"target\":[\"https:\/\/www.sonoraenequipo.com.mx\/unidad-universitarios-ha-llevado-la-unison-solido-prestigio-la-sociedad-velco\/\"]}]},{\"@type\":\"ImageObject\",\"inLanguage\":\"es\",\"@id\":\"https:\/\/www.sonoraenequipo.com.mx\/unidad-universitarios-ha-llevado-la-unison-solido-prestigio-la-sociedad-velco\/#primaryimage\",\"url\":\"https:\/\/www.sonoraenequipo.com.mx\/storage\/2017\/10\/CEREMONIA-1_opt.jpg\",\"contentUrl\":\"https:\/\/www.sonoraenequipo.com.mx\/storage\/2017\/10\/CEREMONIA-1_opt.jpg\",\"width\":600,\"height\":400},{\"@type\":\"BreadcrumbList\",\"@id\":\"https:\/\/www.sonoraenequipo.com.mx\/unidad-universitarios-ha-llevado-la-unison-solido-prestigio-la-sociedad-velco\/#breadcrumb\",\"itemListElement\":[{\"@type\":\"ListItem\",\"position\":1,\"name\":\"Portada\",\"item\":\"https:\/\/www.sonoraenequipo.com.mx\/\"},{\"@type\":\"ListItem\",\"position\":2,\"name\":\"Unidad de universitarios ha llevado a la UniSon a tener un s\u00f3lido prestigio en la sociedad: VelCo\"}]},{\"@type\":\"WebSite\",\"@id\":\"https:\/\/www.sonoraenequipo.com.mx\/#website\",\"url\":\"https:\/\/www.sonoraenequipo.com.mx\/\",\"name\":\"Sonora en Equipo.\",\"description\":\"Diario en l\u00ednea con Noticias desde Hermosillo, Sonora\",\"publisher\":{\"@id\":\"https:\/\/www.sonoraenequipo.com.mx\/#organization\"},\"potentialAction\":[{\"@type\":\"SearchAction\",\"target\":{\"@type\":\"EntryPoint\",\"urlTemplate\":\"https:\/\/www.sonoraenequipo.com.mx\/?s={search_term_string}\"},\"query-input\":{\"@type\":\"PropertyValueSpecification\",\"valueRequired\":true,\"valueName\":\"search_term_string\"}}],\"inLanguage\":\"es\"},{\"@type\":\"Organization\",\"@id\":\"https:\/\/www.sonoraenequipo.com.mx\/#organization\",\"name\":\"Sonoraenequipo.com.mx\",\"url\":\"https:\/\/www.sonoraenequipo.com.mx\/\",\"logo\":{\"@type\":\"ImageObject\",\"inLanguage\":\"es\",\"@id\":\"https:\/\/www.sonoraenequipo.com.mx\/#\/schema\/logo\/image\/\",\"url\":\"https:\/\/www.sonoraenequipo.com.mx\/storage\/2019\/01\/sonoraenequipo_opt.png\",\"contentUrl\":\"https:\/\/www.sonoraenequipo.com.mx\/storage\/2019\/01\/sonoraenequipo_opt.png\",\"width\":375,\"height\":125,\"caption\":\"Sonoraenequipo.com.mx\"},\"image\":{\"@id\":\"https:\/\/www.sonoraenequipo.com.mx\/#\/schema\/logo\/image\/\"},\"sameAs\":[\"https:\/\/www.facebook.com\/SonoraEE\/\",\"https:\/\/x.com\/sonoraenequipo\",\"https:\/\/www.youtube.com\/channel\/UC338nW-lPEYmJQs4ZABQ1SQ\"]},{\"@type\":\"Person\",\"@id\":\"https:\/\/www.sonoraenequipo.com.mx\/#\/schema\/person\/50102df0fb23a8fa9e8effad8fa81386\",\"name\":\"enequipo\",\"image\":{\"@type\":\"ImageObject\",\"inLanguage\":\"es\",\"@id\":\"https:\/\/www.sonoraenequipo.com.mx\/#\/schema\/person\/image\/\",\"url\":\"https:\/\/secure.gravatar.com\/avatar\/049821681b589dabc0bc20695993ccebb09f5b5d4d790cd9251b97faac7c652b?s=96&d=blank&r=g\",\"contentUrl\":\"https:\/\/secure.gravatar.com\/avatar\/049821681b589dabc0bc20695993ccebb09f5b5d4d790cd9251b97faac7c652b?s=96&d=blank&r=g\",\"caption\":\"enequipo\"},\"sameAs\":[\"https:\/\/www.facebook.com\/SonoraEE\"]}]}<\/script>\n ","yoast_head_json":{"title":"Sonora en Equipo. Unidad de universitarios ha llevado a la UniSon a tener un s\u00f3lido prestigio en la sociedad: VelCo Destacadas","description":"HERMOSILLO, SONORA. MX.\u2014 La unidad de los universitarios en torno a los objetivos y metas ha sido la base para que la Universidad de Sonora tenga un rumbo En Sonora en Equipo publicamos toda la informaci\u00f3n de Sonora, M\u00e9xico y el Mundo de manera oportuna y busca que la libertad de expresi\u00f3n sea real. Visita nuestro medio informativo publicado desde Hermosillo, Sonora. %","robots":{"index":"index","follow":"follow","max-snippet":"max-snippet:-1","max-image-preview":"max-image-preview:large","max-video-preview":"max-video-preview:-1"},"canonical":"https:\/\/www.sonoraenequipo.com.mx\/unidad-universitarios-ha-llevado-la-unison-solido-prestigio-la-sociedad-velco\/","og_locale":"es_ES","og_type":"article","og_title":"Sonora en Equipo. Unidad de universitarios ha llevado a la UniSon a tener un s\u00f3lido prestigio en la sociedad: VelCo Destacadas","og_description":"HERMOSILLO, SONORA. MX.\u2014 La unidad de los universitarios en torno a los objetivos y metas ha sido la base para que la Universidad de Sonora tenga un rumbo En Sonora en Equipo publicamos toda la informaci\u00f3n de Sonora, M\u00e9xico y el Mundo de manera oportuna y busca que la libertad de expresi\u00f3n sea real. Visita nuestro medio informativo publicado desde Hermosillo, Sonora. %","og_url":"https:\/\/www.sonoraenequipo.com.mx\/unidad-universitarios-ha-llevado-la-unison-solido-prestigio-la-sociedad-velco\/","og_site_name":"Sonora en Equipo.","article_publisher":"https:\/\/www.facebook.com\/SonoraEE\/","article_author":"https:\/\/www.facebook.com\/SonoraEE","article_published_time":"2017-10-12T22:55:24+00:00","article_modified_time":"2017-10-13T00:51:15+00:00","og_image":[{"width":600,"height":400,"url":"https:\/\/www.sonoraenequipo.com.mx\/storage\/2017\/10\/CEREMONIA-1_opt.jpg","type":"image\/jpeg"}],"author":"enequipo","twitter_card":"summary_large_image","twitter_creator":"@sonoraenequipo","twitter_site":"@sonoraenequipo","twitter_misc":{"Escrito por":"enequipo","Tiempo de lectura":"5 minutos"},"schema":{"@context":"https:\/\/schema.org","@graph":[{"@type":"Article","@id":"https:\/\/www.sonoraenequipo.com.mx\/unidad-universitarios-ha-llevado-la-unison-solido-prestigio-la-sociedad-velco\/#article","isPartOf":{"@id":"https:\/\/www.sonoraenequipo.com.mx\/unidad-universitarios-ha-llevado-la-unison-solido-prestigio-la-sociedad-velco\/"},"author":{"name":"enequipo","@id":"https:\/\/www.sonoraenequipo.com.mx\/#\/schema\/person\/50102df0fb23a8fa9e8effad8fa81386"},"headline":"Unidad de universitarios ha llevado a la UniSon a tener un s\u00f3lido prestigio en la sociedad: VelCo","datePublished":"2017-10-12T22:55:24+00:00","dateModified":"2017-10-13T00:51:15+00:00","mainEntityOfPage":{"@id":"https:\/\/www.sonoraenequipo.com.mx\/unidad-universitarios-ha-llevado-la-unison-solido-prestigio-la-sociedad-velco\/"},"wordCount":929,"commentCount":0,"publisher":{"@id":"https:\/\/www.sonoraenequipo.com.mx\/#organization"},"image":{"@id":"https:\/\/www.sonoraenequipo.com.mx\/unidad-universitarios-ha-llevado-la-unison-solido-prestigio-la-sociedad-velco\/#primaryimage"},"thumbnailUrl":"https:\/\/www.sonoraenequipo.com.mx\/storage\/2017\/10\/CEREMONIA-1_opt.jpg","articleSection":["Destacadas","Municipios"],"inLanguage":"es","potentialAction":[{"@type":"CommentAction","name":"Comment","target":["https:\/\/www.sonoraenequipo.com.mx\/unidad-universitarios-ha-llevado-la-unison-solido-prestigio-la-sociedad-velco\/#respond"]}]},{"@type":"WebPage","@id":"https:\/\/www.sonoraenequipo.com.mx\/unidad-universitarios-ha-llevado-la-unison-solido-prestigio-la-sociedad-velco\/","url":"https:\/\/www.sonoraenequipo.com.mx\/unidad-universitarios-ha-llevado-la-unison-solido-prestigio-la-sociedad-velco\/","name":"Sonora en Equipo. Unidad de universitarios ha llevado a la UniSon a tener un s\u00f3lido prestigio en la sociedad: VelCo Destacadas","isPartOf":{"@id":"https:\/\/www.sonoraenequipo.com.mx\/#website"},"primaryImageOfPage":{"@id":"https:\/\/www.sonoraenequipo.com.mx\/unidad-universitarios-ha-llevado-la-unison-solido-prestigio-la-sociedad-velco\/#primaryimage"},"image":{"@id":"https:\/\/www.sonoraenequipo.com.mx\/unidad-universitarios-ha-llevado-la-unison-solido-prestigio-la-sociedad-velco\/#primaryimage"},"thumbnailUrl":"https:\/\/www.sonoraenequipo.com.mx\/storage\/2017\/10\/CEREMONIA-1_opt.jpg","datePublished":"2017-10-12T22:55:24+00:00","dateModified":"2017-10-13T00:51:15+00:00","description":"HERMOSILLO, SONORA. MX.\u2014 La unidad de los universitarios en torno a los objetivos y metas ha sido la base para que la Universidad de Sonora tenga un rumbo En Sonora en Equipo publicamos toda la informaci\u00f3n de Sonora, M\u00e9xico y el Mundo de manera oportuna y busca que la libertad de expresi\u00f3n sea real. Visita nuestro medio informativo publicado desde Hermosillo, Sonora. %","breadcrumb":{"@id":"https:\/\/www.sonoraenequipo.com.mx\/unidad-universitarios-ha-llevado-la-unison-solido-prestigio-la-sociedad-velco\/#breadcrumb"},"inLanguage":"es","potentialAction":[{"@type":"ReadAction","target":["https:\/\/www.sonoraenequipo.com.mx\/unidad-universitarios-ha-llevado-la-unison-solido-prestigio-la-sociedad-velco\/"]}]},{"@type":"ImageObject","inLanguage":"es","@id":"https:\/\/www.sonoraenequipo.com.mx\/unidad-universitarios-ha-llevado-la-unison-solido-prestigio-la-sociedad-velco\/#primaryimage","url":"https:\/\/www.sonoraenequipo.com.mx\/storage\/2017\/10\/CEREMONIA-1_opt.jpg","contentUrl":"https:\/\/www.sonoraenequipo.com.mx\/storage\/2017\/10\/CEREMONIA-1_opt.jpg","width":600,"height":400},{"@type":"BreadcrumbList","@id":"https:\/\/www.sonoraenequipo.com.mx\/unidad-universitarios-ha-llevado-la-unison-solido-prestigio-la-sociedad-velco\/#breadcrumb","itemListElement":[{"@type":"ListItem","position":1,"name":"Portada","item":"https:\/\/www.sonoraenequipo.com.mx\/"},{"@type":"ListItem","position":2,"name":"Unidad de universitarios ha llevado a la UniSon a tener un s\u00f3lido prestigio en la sociedad: VelCo"}]},{"@type":"WebSite","@id":"https:\/\/www.sonoraenequipo.com.mx\/#website","url":"https:\/\/www.sonoraenequipo.com.mx\/","name":"Sonora en Equipo.","description":"Diario en l\u00ednea con Noticias desde Hermosillo, Sonora","publisher":{"@id":"https:\/\/www.sonoraenequipo.com.mx\/#organization"},"potentialAction":[{"@type":"SearchAction","target":{"@type":"EntryPoint","urlTemplate":"https:\/\/www.sonoraenequipo.com.mx\/?s={search_term_string}"},"query-input":{"@type":"PropertyValueSpecification","valueRequired":true,"valueName":"search_term_string"}}],"inLanguage":"es"},{"@type":"Organization","@id":"https:\/\/www.sonoraenequipo.com.mx\/#organization","name":"Sonoraenequipo.com.mx","url":"https:\/\/www.sonoraenequipo.com.mx\/","logo":{"@type":"ImageObject","inLanguage":"es","@id":"https:\/\/www.sonoraenequipo.com.mx\/#\/schema\/logo\/image\/","url":"https:\/\/www.sonoraenequipo.com.mx\/storage\/2019\/01\/sonoraenequipo_opt.png","contentUrl":"https:\/\/www.sonoraenequipo.com.mx\/storage\/2019\/01\/sonoraenequipo_opt.png","width":375,"height":125,"caption":"Sonoraenequipo.com.mx"},"image":{"@id":"https:\/\/www.sonoraenequipo.com.mx\/#\/schema\/logo\/image\/"},"sameAs":["https:\/\/www.facebook.com\/SonoraEE\/","https:\/\/x.com\/sonoraenequipo","https:\/\/www.youtube.com\/channel\/UC338nW-lPEYmJQs4ZABQ1SQ"]},{"@type":"Person","@id":"https:\/\/www.sonoraenequipo.com.mx\/#\/schema\/person\/50102df0fb23a8fa9e8effad8fa81386","name":"enequipo","image":{"@type":"ImageObject","inLanguage":"es","@id":"https:\/\/www.sonoraenequipo.com.mx\/#\/schema\/person\/image\/","url":"https:\/\/secure.gravatar.com\/avatar\/049821681b589dabc0bc20695993ccebb09f5b5d4d790cd9251b97faac7c652b?s=96&d=blank&r=g","contentUrl":"https:\/\/secure.gravatar.com\/avatar\/049821681b589dabc0bc20695993ccebb09f5b5d4d790cd9251b97faac7c652b?s=96&d=blank&r=g","caption":"enequipo"},"sameAs":["https:\/\/www.facebook.com\/SonoraEE"]}]}},"jetpack_featured_media_url":"https:\/\/www.sonoraenequipo.com.mx\/storage\/2017\/10\/CEREMONIA-1_opt.jpg","_links":{"self":[{"href":"https:\/\/www.sonoraenequipo.com.mx\/api\/wp\/v2\/posts\/27412","targetHints":{"allow":["GET"]}}],"collection":[{"href":"https:\/\/www.sonoraenequipo.com.mx\/api\/wp\/v2\/posts"}],"about":[{"href":"https:\/\/www.sonoraenequipo.com.mx\/api\/wp\/v2\/types\/post"}],"author":[{"embeddable":true,"href":"https:\/\/www.sonoraenequipo.com.mx\/api\/wp\/v2\/users\/1"}],"replies":[{"embeddable":true,"href":"https:\/\/www.sonoraenequipo.com.mx\/api\/wp\/v2\/comments?post=27412"}],"version-history":[{"count":0,"href":"https:\/\/www.sonoraenequipo.com.mx\/api\/wp\/v2\/posts\/27412\/revisions"}],"wp:featuredmedia":[{"embeddable":true,"href":"https:\/\/www.sonoraenequipo.com.mx\/api\/wp\/v2\/media\/27413"}],"wp:attachment":[{"href":"https:\/\/www.sonoraenequipo.com.mx\/api\/wp\/v2\/media?parent=27412"}],"wp:term":[{"taxonomy":"category","embeddable":true,"href":"https:\/\/www.sonoraenequipo.com.mx\/api\/wp\/v2\/categories?post=27412"},{"taxonomy":"post_tag","embeddable":true,"href":"https:\/\/www.sonoraenequipo.com.mx\/api\/wp\/v2\/tags?post=27412"}],"curies":[{"name":"wp","href":"https:\/\/api.w.org\/{rel}","templated":true}]}}