{"id":27419,"date":"2017-10-13T00:55:26","date_gmt":"2017-10-13T07:55:26","guid":{"rendered":"http:\/\/www.sonoraenequipo.com.mx\/?p=27419"},"modified":"2017-10-12T18:14:44","modified_gmt":"2017-10-13T01:14:44","slug":"impacta-proyecto-cientifico-mexicano-europa-aspira-importante-financiamiento","status":"publish","type":"post","link":"https:\/\/www.sonoraenequipo.com.mx\/impacta-proyecto-cientifico-mexicano-europa-aspira-importante-financiamiento\/","title":{"rendered":"Impacta proyecto cient\u00edfico mexicano en Europa y aspira a importante financiamiento"},"content":{"rendered":"<p>CIUDAD DE M\u00c9XICO. MX.\u2014 Un proyecto puesto en marcha en el Instituto Tecnol\u00f3gico de Celaya es el primer caso de \u00e9xito de la creaci\u00f3n de una empresa de base tecnol\u00f3gica compuesta al cien por ciento por acad\u00e9micos, reci\u00e9n egresados y estudiantes de diferentes carreras que registra el Tecnol\u00f3gico Nacional de M\u00e9xico (TecNM).<\/p>\n<p> <\/p>\n<p>Se trata de OpPi, acr\u00f3nimo de Optimizaci\u00f3n de Pigmentos, proyecto que particip\u00f3 en el Impact Summit 2017 en Eindhoven, Holanda, certamen organizado por la empresa High Tech XL, y que tras evaluar m\u00e1s de 5 mil proyectos a nivel internacional seleccion\u00f3 a los ocho m\u00e1s impactantes, uno de ellos el realizado en Celaya.<\/p>\n<p>Sobre las cualidades de OpPi, el doctor Jos\u00e9 Amir Gonz\u00e1lez Calder\u00f3n, acad\u00e9mico del departamento de Ingenier\u00eda Industrial y asesor de los desarrolladores, explica que hay dos tipos de colorantes: los org\u00e1nicos, que son solubles, e inorg\u00e1nicos que son part\u00edculas s\u00f3lidas, como las pinturas de autos. Los segundos son los m\u00e1s empleados en el mundo, por ejemplo, para pintar interiores y exteriores de casas, pero utilizan solventes y aditivos para poder dispersar el color en la soluci\u00f3n final, pero son muy contaminantes.<\/p>\n<p><em>\u201cNosotros dise\u00f1amos una mol\u00e9cula que se dispersa de manera autom\u00e1tica, es decir, que cuando se hace la mezcla en la industria inmediatamente queda incorporada y permite que se mezclen bien los colorantes con el agua sin tener que usar surfactantes, que son costosos y contaminantes. El principio base utilizado es el \u00f3xido de titanio, al cual nosotros hicimos auto-dispersable\u201d,<\/em> detalla el acad\u00e9mico del Tecnol\u00f3gico de Celaya.<\/p>\n<p>El proyecto nace en 2015 con alumnos de ingenier\u00eda ambiental y de licenciatura en administraci\u00f3n. Al a\u00f1o siguiente gan\u00f3 reconocimiento en el Evento Nacional Estudiantil de Innovaci\u00f3n Tecnol\u00f3gica organizado por el TecNM. Ello propici\u00f3 que los alumnos asistieran al Impact Summit 2017 en Holanda, evento organizado por High Tech XL y el que tambi\u00e9n patrocinan empresa como Philips, Blue Engineering y EY, as\u00ed como el banco ABN-AMRO entre otras que suman 200.<\/p>\n<p>Para esta edici\u00f3n se visualizaron m\u00e1s de 5 mil proyectos de \u00e1reas como electr\u00f3nicos de consumo, rob\u00f3tica, tecnolog\u00edas de la salud, nanotecnolog\u00eda, semiconductores, fot\u00f3nica, movilidad con componente tecnol\u00f3gico, medio ambiente y almacenamiento de energ\u00eda, de los cuales se eligieron 35 para llegar al Impact Summit. Todos deber\u00edan cumplir con tres condiciones: contar con un sustento tecnol\u00f3gico, ser amigable con el medio ambiente y tener un impacto en la sociedad.<\/p>\n<p>De los 35 participantes en este evento se seleccionaron 15 que fueron premiados con la aceleraci\u00f3n de sus empresas y se les prepara para el D\u00eda XL, el \u00faltimo certamen a celebrarse en diciembre pr\u00f3ximo y donde se presentar\u00e1n solo ocho elegidos, los cuales se mostrar\u00e1n a m\u00e1s de 200 inversionistas de la Uni\u00f3n Europea, quienes brindar\u00e1n apoyo de por lo menos 100 mil euros para impulsar cada proyecto y que puede culminar en la transferencia de la tecnolog\u00eda.<br \/>\n<em>\u201cSomos uno de los ocho elegidos para el D\u00eda XL, lo que es menos del 0.1 por ciento de los proyectos visualizados inicialmente en el todo el mundo\u201d,<\/em> manifiesta el doctor Gonz\u00e1lez Calder\u00f3n, quien agrega que el proceso cient\u00edfico que caracteriza OpPi est\u00e1 en tr\u00e1mite de patente de protecci\u00f3n global en el Instituto Mexicano de la Propiedad Industrial (IMPI), a fin de tener cobertura internacional.<\/p>\n<p>En el proyecto OpPi participan los ingenieros ambientales Ivonne S\u00e1nchez y Karim Cu\u00e9llar, licenciadas en administraci\u00f3n Ximena Guerrero y M\u00f3nica Rivera, y el estudiante de ingenier\u00eda ambiental \u00d3scar Medina. (Agencia ID)<\/p>\n<p>(Fecha de publicaci\u00f3n 13102017)<\/p>\n<p>&nbsp;<\/p>\n","protected":false},"excerpt":{"rendered":"<p>CIUDAD DE M\u00c9XICO. MX.\u2014 Un proyecto puesto en marcha en el Instituto Tecnol\u00f3gico de Celaya&#8230;<\/p>\n","protected":false},"author":1,"featured_media":27420,"comment_status":"open","ping_status":"open","sticky":false,"template":"","format":"standard","meta":{"_monsterinsights_skip_tracking":false,"_monsterinsights_sitenote_active":false,"_monsterinsights_sitenote_note":"","_monsterinsights_sitenote_category":0,"footnotes":""},"categories":[13,22],"tags":[],"class_list":["post"],"yoast_head":" \n<title>Sonora en Equipo. Impacta proyecto cient\u00edfico mexicano en Europa y aspira a importante financiamiento Destacadas<\/title>\n<meta name=\"description\" content=\"CIUDAD DE M\u00c9XICO. MX.\u2014 Un proyecto puesto en marcha en el Instituto Tecnol\u00f3gico de Celaya es el primer caso de \u00e9xito de la creaci\u00f3n de una empresa de base En Sonora en Equipo publicamos toda la informaci\u00f3n de Sonora, M\u00e9xico y el Mundo de manera oportuna y busca que la libertad de expresi\u00f3n sea real. Visita nuestro medio informativo publicado desde Hermosillo, Sonora. %\" \/>\n<meta name=\"robots\" content=\"index, follow, max-snippet:-1, max-image-preview:large, max-video-preview:-1\" \/>\n<link rel=\"canonical\" href=\"https:\/\/www.sonoraenequipo.com.mx\/impacta-proyecto-cientifico-mexicano-europa-aspira-importante-financiamiento\/\" \/>\n<meta property=\"og:locale\" content=\"es_ES\" \/>\n<meta property=\"og:type\" content=\"article\" \/>\n<meta property=\"og:title\" content=\"Sonora en Equipo. Impacta proyecto cient\u00edfico mexicano en Europa y aspira a importante financiamiento Destacadas\" \/>\n<meta property=\"og:description\" content=\"CIUDAD DE M\u00c9XICO. MX.\u2014 Un proyecto puesto en marcha en el Instituto Tecnol\u00f3gico de Celaya es el primer caso de \u00e9xito de la creaci\u00f3n de una empresa de base En Sonora en Equipo publicamos toda la informaci\u00f3n de Sonora, M\u00e9xico y el Mundo de manera oportuna y busca que la libertad de expresi\u00f3n sea real. Visita nuestro medio informativo publicado desde Hermosillo, Sonora. %\" \/>\n<meta property=\"og:url\" content=\"https:\/\/www.sonoraenequipo.com.mx\/impacta-proyecto-cientifico-mexicano-europa-aspira-importante-financiamiento\/\" \/>\n<meta property=\"og:site_name\" content=\"Sonora en Equipo.\" \/>\n<meta property=\"article:publisher\" content=\"https:\/\/www.facebook.com\/SonoraEE\/\" \/>\n<meta property=\"article:author\" content=\"https:\/\/www.facebook.com\/SonoraEE\" \/>\n<meta property=\"article:published_time\" content=\"2017-10-13T07:55:26+00:00\" \/>\n<meta property=\"og:image\" content=\"https:\/\/www.sonoraenequipo.com.mx\/storage\/2017\/10\/proyectocientifico_opt.jpg\" \/>\n\t<meta property=\"og:image:width\" content=\"712\" \/>\n\t<meta property=\"og:image:height\" content=\"400\" \/>\n\t<meta property=\"og:image:type\" content=\"image\/jpeg\" \/>\n<meta name=\"author\" content=\"enequipo\" \/>\n<meta name=\"twitter:card\" content=\"summary_large_image\" \/>\n<meta name=\"twitter:creator\" content=\"@sonoraenequipo\" \/>\n<meta name=\"twitter:site\" content=\"@sonoraenequipo\" \/>\n<meta name=\"twitter:label1\" content=\"Escrito por\" \/>\n\t<meta name=\"twitter:data1\" content=\"enequipo\" \/>\n\t<meta name=\"twitter:label2\" content=\"Tiempo de lectura\" \/>\n\t<meta name=\"twitter:data2\" content=\"3 minutos\" \/>\n<script type=\"application\/ld+json\" class=\"yoast-schema-graph\">{\"@context\":\"https:\/\/schema.org\",\"@graph\":[{\"@type\":\"Article\",\"@id\":\"https:\/\/www.sonoraenequipo.com.mx\/impacta-proyecto-cientifico-mexicano-europa-aspira-importante-financiamiento\/#article\",\"isPartOf\":{\"@id\":\"https:\/\/www.sonoraenequipo.com.mx\/impacta-proyecto-cientifico-mexicano-europa-aspira-importante-financiamiento\/\"},\"author\":{\"name\":\"enequipo\",\"@id\":\"https:\/\/www.sonoraenequipo.com.mx\/#\/schema\/person\/50102df0fb23a8fa9e8effad8fa81386\"},\"headline\":\"Impacta proyecto cient\u00edfico mexicano en Europa y aspira a importante financiamiento\",\"datePublished\":\"2017-10-13T07:55:26+00:00\",\"mainEntityOfPage\":{\"@id\":\"https:\/\/www.sonoraenequipo.com.mx\/impacta-proyecto-cientifico-mexicano-europa-aspira-importante-financiamiento\/\"},\"wordCount\":637,\"commentCount\":0,\"publisher\":{\"@id\":\"https:\/\/www.sonoraenequipo.com.mx\/#organization\"},\"image\":{\"@id\":\"https:\/\/www.sonoraenequipo.com.mx\/impacta-proyecto-cientifico-mexicano-europa-aspira-importante-financiamiento\/#primaryimage\"},\"thumbnailUrl\":\"https:\/\/www.sonoraenequipo.com.mx\/storage\/2017\/10\/proyectocientifico_opt.jpg\",\"articleSection\":[\"Destacadas\",\"Sonora\"],\"inLanguage\":\"es\",\"potentialAction\":[{\"@type\":\"CommentAction\",\"name\":\"Comment\",\"target\":[\"https:\/\/www.sonoraenequipo.com.mx\/impacta-proyecto-cientifico-mexicano-europa-aspira-importante-financiamiento\/#respond\"]}]},{\"@type\":\"WebPage\",\"@id\":\"https:\/\/www.sonoraenequipo.com.mx\/impacta-proyecto-cientifico-mexicano-europa-aspira-importante-financiamiento\/\",\"url\":\"https:\/\/www.sonoraenequipo.com.mx\/impacta-proyecto-cientifico-mexicano-europa-aspira-importante-financiamiento\/\",\"name\":\"Sonora en Equipo. Impacta proyecto cient\u00edfico mexicano en Europa y aspira a importante financiamiento Destacadas\",\"isPartOf\":{\"@id\":\"https:\/\/www.sonoraenequipo.com.mx\/#website\"},\"primaryImageOfPage\":{\"@id\":\"https:\/\/www.sonoraenequipo.com.mx\/impacta-proyecto-cientifico-mexicano-europa-aspira-importante-financiamiento\/#primaryimage\"},\"image\":{\"@id\":\"https:\/\/www.sonoraenequipo.com.mx\/impacta-proyecto-cientifico-mexicano-europa-aspira-importante-financiamiento\/#primaryimage\"},\"thumbnailUrl\":\"https:\/\/www.sonoraenequipo.com.mx\/storage\/2017\/10\/proyectocientifico_opt.jpg\",\"datePublished\":\"2017-10-13T07:55:26+00:00\",\"description\":\"CIUDAD DE M\u00c9XICO. MX.\u2014 Un proyecto puesto en marcha en el Instituto Tecnol\u00f3gico de Celaya es el primer caso de \u00e9xito de la creaci\u00f3n de una empresa de base En Sonora en Equipo publicamos toda la informaci\u00f3n de Sonora, M\u00e9xico y el Mundo de manera oportuna y busca que la libertad de expresi\u00f3n sea real. Visita nuestro medio informativo publicado desde Hermosillo, Sonora. %\",\"breadcrumb\":{\"@id\":\"https:\/\/www.sonoraenequipo.com.mx\/impacta-proyecto-cientifico-mexicano-europa-aspira-importante-financiamiento\/#breadcrumb\"},\"inLanguage\":\"es\",\"potentialAction\":[{\"@type\":\"ReadAction\",\"target\":[\"https:\/\/www.sonoraenequipo.com.mx\/impacta-proyecto-cientifico-mexicano-europa-aspira-importante-financiamiento\/\"]}]},{\"@type\":\"ImageObject\",\"inLanguage\":\"es\",\"@id\":\"https:\/\/www.sonoraenequipo.com.mx\/impacta-proyecto-cientifico-mexicano-europa-aspira-importante-financiamiento\/#primaryimage\",\"url\":\"https:\/\/www.sonoraenequipo.com.mx\/storage\/2017\/10\/proyectocientifico_opt.jpg\",\"contentUrl\":\"https:\/\/www.sonoraenequipo.com.mx\/storage\/2017\/10\/proyectocientifico_opt.jpg\",\"width\":712,\"height\":400},{\"@type\":\"BreadcrumbList\",\"@id\":\"https:\/\/www.sonoraenequipo.com.mx\/impacta-proyecto-cientifico-mexicano-europa-aspira-importante-financiamiento\/#breadcrumb\",\"itemListElement\":[{\"@type\":\"ListItem\",\"position\":1,\"name\":\"Portada\",\"item\":\"https:\/\/www.sonoraenequipo.com.mx\/\"},{\"@type\":\"ListItem\",\"position\":2,\"name\":\"Impacta proyecto cient\u00edfico mexicano en Europa y aspira a importante financiamiento\"}]},{\"@type\":\"WebSite\",\"@id\":\"https:\/\/www.sonoraenequipo.com.mx\/#website\",\"url\":\"https:\/\/www.sonoraenequipo.com.mx\/\",\"name\":\"Sonora en Equipo.\",\"description\":\"Diario en l\u00ednea con Noticias desde Hermosillo, Sonora\",\"publisher\":{\"@id\":\"https:\/\/www.sonoraenequipo.com.mx\/#organization\"},\"potentialAction\":[{\"@type\":\"SearchAction\",\"target\":{\"@type\":\"EntryPoint\",\"urlTemplate\":\"https:\/\/www.sonoraenequipo.com.mx\/?s={search_term_string}\"},\"query-input\":{\"@type\":\"PropertyValueSpecification\",\"valueRequired\":true,\"valueName\":\"search_term_string\"}}],\"inLanguage\":\"es\"},{\"@type\":\"Organization\",\"@id\":\"https:\/\/www.sonoraenequipo.com.mx\/#organization\",\"name\":\"Sonoraenequipo.com.mx\",\"url\":\"https:\/\/www.sonoraenequipo.com.mx\/\",\"logo\":{\"@type\":\"ImageObject\",\"inLanguage\":\"es\",\"@id\":\"https:\/\/www.sonoraenequipo.com.mx\/#\/schema\/logo\/image\/\",\"url\":\"https:\/\/www.sonoraenequipo.com.mx\/storage\/2019\/01\/sonoraenequipo_opt.png\",\"contentUrl\":\"https:\/\/www.sonoraenequipo.com.mx\/storage\/2019\/01\/sonoraenequipo_opt.png\",\"width\":375,\"height\":125,\"caption\":\"Sonoraenequipo.com.mx\"},\"image\":{\"@id\":\"https:\/\/www.sonoraenequipo.com.mx\/#\/schema\/logo\/image\/\"},\"sameAs\":[\"https:\/\/www.facebook.com\/SonoraEE\/\",\"https:\/\/x.com\/sonoraenequipo\",\"https:\/\/www.youtube.com\/channel\/UC338nW-lPEYmJQs4ZABQ1SQ\"]},{\"@type\":\"Person\",\"@id\":\"https:\/\/www.sonoraenequipo.com.mx\/#\/schema\/person\/50102df0fb23a8fa9e8effad8fa81386\",\"name\":\"enequipo\",\"image\":{\"@type\":\"ImageObject\",\"inLanguage\":\"es\",\"@id\":\"https:\/\/www.sonoraenequipo.com.mx\/#\/schema\/person\/image\/\",\"url\":\"https:\/\/secure.gravatar.com\/avatar\/049821681b589dabc0bc20695993ccebb09f5b5d4d790cd9251b97faac7c652b?s=96&d=blank&r=g\",\"contentUrl\":\"https:\/\/secure.gravatar.com\/avatar\/049821681b589dabc0bc20695993ccebb09f5b5d4d790cd9251b97faac7c652b?s=96&d=blank&r=g\",\"caption\":\"enequipo\"},\"sameAs\":[\"https:\/\/www.facebook.com\/SonoraEE\"]}]}<\/script>\n ","yoast_head_json":{"title":"Sonora en Equipo. Impacta proyecto cient\u00edfico mexicano en Europa y aspira a importante financiamiento Destacadas","description":"CIUDAD DE M\u00c9XICO. MX.\u2014 Un proyecto puesto en marcha en el Instituto Tecnol\u00f3gico de Celaya es el primer caso de \u00e9xito de la creaci\u00f3n de una empresa de base En Sonora en Equipo publicamos toda la informaci\u00f3n de Sonora, M\u00e9xico y el Mundo de manera oportuna y busca que la libertad de expresi\u00f3n sea real. Visita nuestro medio informativo publicado desde Hermosillo, Sonora. %","robots":{"index":"index","follow":"follow","max-snippet":"max-snippet:-1","max-image-preview":"max-image-preview:large","max-video-preview":"max-video-preview:-1"},"canonical":"https:\/\/www.sonoraenequipo.com.mx\/impacta-proyecto-cientifico-mexicano-europa-aspira-importante-financiamiento\/","og_locale":"es_ES","og_type":"article","og_title":"Sonora en Equipo. Impacta proyecto cient\u00edfico mexicano en Europa y aspira a importante financiamiento Destacadas","og_description":"CIUDAD DE M\u00c9XICO. MX.\u2014 Un proyecto puesto en marcha en el Instituto Tecnol\u00f3gico de Celaya es el primer caso de \u00e9xito de la creaci\u00f3n de una empresa de base En Sonora en Equipo publicamos toda la informaci\u00f3n de Sonora, M\u00e9xico y el Mundo de manera oportuna y busca que la libertad de expresi\u00f3n sea real. Visita nuestro medio informativo publicado desde Hermosillo, Sonora. %","og_url":"https:\/\/www.sonoraenequipo.com.mx\/impacta-proyecto-cientifico-mexicano-europa-aspira-importante-financiamiento\/","og_site_name":"Sonora en Equipo.","article_publisher":"https:\/\/www.facebook.com\/SonoraEE\/","article_author":"https:\/\/www.facebook.com\/SonoraEE","article_published_time":"2017-10-13T07:55:26+00:00","og_image":[{"width":712,"height":400,"url":"https:\/\/www.sonoraenequipo.com.mx\/storage\/2017\/10\/proyectocientifico_opt.jpg","type":"image\/jpeg"}],"author":"enequipo","twitter_card":"summary_large_image","twitter_creator":"@sonoraenequipo","twitter_site":"@sonoraenequipo","twitter_misc":{"Escrito por":"enequipo","Tiempo de lectura":"3 minutos"},"schema":{"@context":"https:\/\/schema.org","@graph":[{"@type":"Article","@id":"https:\/\/www.sonoraenequipo.com.mx\/impacta-proyecto-cientifico-mexicano-europa-aspira-importante-financiamiento\/#article","isPartOf":{"@id":"https:\/\/www.sonoraenequipo.com.mx\/impacta-proyecto-cientifico-mexicano-europa-aspira-importante-financiamiento\/"},"author":{"name":"enequipo","@id":"https:\/\/www.sonoraenequipo.com.mx\/#\/schema\/person\/50102df0fb23a8fa9e8effad8fa81386"},"headline":"Impacta proyecto cient\u00edfico mexicano en Europa y aspira a importante financiamiento","datePublished":"2017-10-13T07:55:26+00:00","mainEntityOfPage":{"@id":"https:\/\/www.sonoraenequipo.com.mx\/impacta-proyecto-cientifico-mexicano-europa-aspira-importante-financiamiento\/"},"wordCount":637,"commentCount":0,"publisher":{"@id":"https:\/\/www.sonoraenequipo.com.mx\/#organization"},"image":{"@id":"https:\/\/www.sonoraenequipo.com.mx\/impacta-proyecto-cientifico-mexicano-europa-aspira-importante-financiamiento\/#primaryimage"},"thumbnailUrl":"https:\/\/www.sonoraenequipo.com.mx\/storage\/2017\/10\/proyectocientifico_opt.jpg","articleSection":["Destacadas","Sonora"],"inLanguage":"es","potentialAction":[{"@type":"CommentAction","name":"Comment","target":["https:\/\/www.sonoraenequipo.com.mx\/impacta-proyecto-cientifico-mexicano-europa-aspira-importante-financiamiento\/#respond"]}]},{"@type":"WebPage","@id":"https:\/\/www.sonoraenequipo.com.mx\/impacta-proyecto-cientifico-mexicano-europa-aspira-importante-financiamiento\/","url":"https:\/\/www.sonoraenequipo.com.mx\/impacta-proyecto-cientifico-mexicano-europa-aspira-importante-financiamiento\/","name":"Sonora en Equipo. Impacta proyecto cient\u00edfico mexicano en Europa y aspira a importante financiamiento Destacadas","isPartOf":{"@id":"https:\/\/www.sonoraenequipo.com.mx\/#website"},"primaryImageOfPage":{"@id":"https:\/\/www.sonoraenequipo.com.mx\/impacta-proyecto-cientifico-mexicano-europa-aspira-importante-financiamiento\/#primaryimage"},"image":{"@id":"https:\/\/www.sonoraenequipo.com.mx\/impacta-proyecto-cientifico-mexicano-europa-aspira-importante-financiamiento\/#primaryimage"},"thumbnailUrl":"https:\/\/www.sonoraenequipo.com.mx\/storage\/2017\/10\/proyectocientifico_opt.jpg","datePublished":"2017-10-13T07:55:26+00:00","description":"CIUDAD DE M\u00c9XICO. MX.\u2014 Un proyecto puesto en marcha en el Instituto Tecnol\u00f3gico de Celaya es el primer caso de \u00e9xito de la creaci\u00f3n de una empresa de base En Sonora en Equipo publicamos toda la informaci\u00f3n de Sonora, M\u00e9xico y el Mundo de manera oportuna y busca que la libertad de expresi\u00f3n sea real. Visita nuestro medio informativo publicado desde Hermosillo, Sonora. %","breadcrumb":{"@id":"https:\/\/www.sonoraenequipo.com.mx\/impacta-proyecto-cientifico-mexicano-europa-aspira-importante-financiamiento\/#breadcrumb"},"inLanguage":"es","potentialAction":[{"@type":"ReadAction","target":["https:\/\/www.sonoraenequipo.com.mx\/impacta-proyecto-cientifico-mexicano-europa-aspira-importante-financiamiento\/"]}]},{"@type":"ImageObject","inLanguage":"es","@id":"https:\/\/www.sonoraenequipo.com.mx\/impacta-proyecto-cientifico-mexicano-europa-aspira-importante-financiamiento\/#primaryimage","url":"https:\/\/www.sonoraenequipo.com.mx\/storage\/2017\/10\/proyectocientifico_opt.jpg","contentUrl":"https:\/\/www.sonoraenequipo.com.mx\/storage\/2017\/10\/proyectocientifico_opt.jpg","width":712,"height":400},{"@type":"BreadcrumbList","@id":"https:\/\/www.sonoraenequipo.com.mx\/impacta-proyecto-cientifico-mexicano-europa-aspira-importante-financiamiento\/#breadcrumb","itemListElement":[{"@type":"ListItem","position":1,"name":"Portada","item":"https:\/\/www.sonoraenequipo.com.mx\/"},{"@type":"ListItem","position":2,"name":"Impacta proyecto cient\u00edfico mexicano en Europa y aspira a importante financiamiento"}]},{"@type":"WebSite","@id":"https:\/\/www.sonoraenequipo.com.mx\/#website","url":"https:\/\/www.sonoraenequipo.com.mx\/","name":"Sonora en Equipo.","description":"Diario en l\u00ednea con Noticias desde Hermosillo, Sonora","publisher":{"@id":"https:\/\/www.sonoraenequipo.com.mx\/#organization"},"potentialAction":[{"@type":"SearchAction","target":{"@type":"EntryPoint","urlTemplate":"https:\/\/www.sonoraenequipo.com.mx\/?s={search_term_string}"},"query-input":{"@type":"PropertyValueSpecification","valueRequired":true,"valueName":"search_term_string"}}],"inLanguage":"es"},{"@type":"Organization","@id":"https:\/\/www.sonoraenequipo.com.mx\/#organization","name":"Sonoraenequipo.com.mx","url":"https:\/\/www.sonoraenequipo.com.mx\/","logo":{"@type":"ImageObject","inLanguage":"es","@id":"https:\/\/www.sonoraenequipo.com.mx\/#\/schema\/logo\/image\/","url":"https:\/\/www.sonoraenequipo.com.mx\/storage\/2019\/01\/sonoraenequipo_opt.png","contentUrl":"https:\/\/www.sonoraenequipo.com.mx\/storage\/2019\/01\/sonoraenequipo_opt.png","width":375,"height":125,"caption":"Sonoraenequipo.com.mx"},"image":{"@id":"https:\/\/www.sonoraenequipo.com.mx\/#\/schema\/logo\/image\/"},"sameAs":["https:\/\/www.facebook.com\/SonoraEE\/","https:\/\/x.com\/sonoraenequipo","https:\/\/www.youtube.com\/channel\/UC338nW-lPEYmJQs4ZABQ1SQ"]},{"@type":"Person","@id":"https:\/\/www.sonoraenequipo.com.mx\/#\/schema\/person\/50102df0fb23a8fa9e8effad8fa81386","name":"enequipo","image":{"@type":"ImageObject","inLanguage":"es","@id":"https:\/\/www.sonoraenequipo.com.mx\/#\/schema\/person\/image\/","url":"https:\/\/secure.gravatar.com\/avatar\/049821681b589dabc0bc20695993ccebb09f5b5d4d790cd9251b97faac7c652b?s=96&d=blank&r=g","contentUrl":"https:\/\/secure.gravatar.com\/avatar\/049821681b589dabc0bc20695993ccebb09f5b5d4d790cd9251b97faac7c652b?s=96&d=blank&r=g","caption":"enequipo"},"sameAs":["https:\/\/www.facebook.com\/SonoraEE"]}]}},"jetpack_featured_media_url":"https:\/\/www.sonoraenequipo.com.mx\/storage\/2017\/10\/proyectocientifico_opt.jpg","_links":{"self":[{"href":"https:\/\/www.sonoraenequipo.com.mx\/api\/wp\/v2\/posts\/27419","targetHints":{"allow":["GET"]}}],"collection":[{"href":"https:\/\/www.sonoraenequipo.com.mx\/api\/wp\/v2\/posts"}],"about":[{"href":"https:\/\/www.sonoraenequipo.com.mx\/api\/wp\/v2\/types\/post"}],"author":[{"embeddable":true,"href":"https:\/\/www.sonoraenequipo.com.mx\/api\/wp\/v2\/users\/1"}],"replies":[{"embeddable":true,"href":"https:\/\/www.sonoraenequipo.com.mx\/api\/wp\/v2\/comments?post=27419"}],"version-history":[{"count":0,"href":"https:\/\/www.sonoraenequipo.com.mx\/api\/wp\/v2\/posts\/27419\/revisions"}],"wp:featuredmedia":[{"embeddable":true,"href":"https:\/\/www.sonoraenequipo.com.mx\/api\/wp\/v2\/media\/27420"}],"wp:attachment":[{"href":"https:\/\/www.sonoraenequipo.com.mx\/api\/wp\/v2\/media?parent=27419"}],"wp:term":[{"taxonomy":"category","embeddable":true,"href":"https:\/\/www.sonoraenequipo.com.mx\/api\/wp\/v2\/categories?post=27419"},{"taxonomy":"post_tag","embeddable":true,"href":"https:\/\/www.sonoraenequipo.com.mx\/api\/wp\/v2\/tags?post=27419"}],"curies":[{"name":"wp","href":"https:\/\/api.w.org\/{rel}","templated":true}]}}