{"id":27426,"date":"2017-10-12T17:26:24","date_gmt":"2017-10-13T00:26:24","guid":{"rendered":"http:\/\/www.sonoraenequipo.com.mx\/?p=27426"},"modified":"2017-10-12T18:56:21","modified_gmt":"2017-10-13T01:56:21","slug":"impulsa-gobernadora-pavlovich-maestros-mas-preparados","status":"publish","type":"post","link":"https:\/\/www.sonoraenequipo.com.mx\/impulsa-gobernadora-pavlovich-maestros-mas-preparados\/","title":{"rendered":"Impulsa Gobernadora Pavlovich maestros m\u00e1s preparados"},"content":{"rendered":"<p>HERMOSILLO, SONORA. MX.\u2014 La Gobernadora Claudia Pavlovich Arellano y Juan D\u00edaz de la Torre, Presidente Nacional del Sindicato Nacional de Trabajadores de la Educaci\u00f3n, SNTE, entregaron un bono conmemorativo a 4 mil 574 maestros pensionados y jubilados al celebrar el 57 aniversario de la secci\u00f3n 54 de esa organizaci\u00f3n magisterial.<\/p>\n<p> <\/p>\n<p>Luego de inaugurar la Estancia Magisterial de Asistencia Social del SNTE 54 y el Centro de Capacitaci\u00f3n y Actualizaci\u00f3n del Magisterio, de la secci\u00f3n 28 del SNTE, la Gobernadora Pavlovich dijo que este primer centro de profesionalizaci\u00f3n en la entidad del Sistema Nacional de Desarrollo Profesional de la SNTE (SINADEP), es vital para mantener a maestros mejor preparados.<\/p>\n<p><em>\u201cEste centro es sumamente importante para seguir conservando lo que tenemos en Sonora, maestros capacitados, bien evaluados, que han logrado pasar del lugar 29 al primer lugar, gracias al esfuerzo de ustedes los maestros\u201d,<\/em> resalt\u00f3.<\/p>\n<p>En la celebraci\u00f3n del 57 aniversario de la secci\u00f3n 54 del SNTE, la Gobernadora Claudia Pavlovich manifest\u00f3 su orgullo por el gran trabajo que maestras y maestros realizaron por la ni\u00f1ez y la educaci\u00f3n sonorense, formando as\u00ed mujeres y hombres que hoy en d\u00eda sacan adelante al estado.<\/p>\n<p>Destac\u00f3 la vocaci\u00f3n y fortaleza que por a\u00f1os mantuvieron maestras y maestros que con su experiencia no solo educaron a ni\u00f1as y ni\u00f1os sonorenses, sino que tambi\u00e9n fueron gu\u00edas y consejeros de vida.<\/p>\n<p><em>\u201cMe siento muy contenta porque s\u00e9 de la labor que han hecho por a\u00f1os, por las generaciones que han formado, porque gracias a ustedes tenemos muchos sonorenses, mujeres y hombres de bien, me siento profundamente orgullosa de las maestras y maestros de mi estado\u201d,<\/em> dijo.<\/p>\n<p>Juan D\u00edaz de la Torre, destac\u00f3 que en los \u00faltimos a\u00f1os, Sonora pas\u00f3 del lugar 29 en la evaluaci\u00f3n de maestros para su permanencia al primer lugar en el pa\u00eds gracias al compromiso de la Gobernadora Claudia Pavlovich y el esfuerzo de las maestras y maestros sonorenses.<\/p>\n<p>En cuanto al bono conmemorativo que recibieron 4 mil 574 maestros pensionados y jubilados, asegur\u00f3 que es productodel convenio celebrado entre el Gobierno del Estado y la secci\u00f3n 54 del SNTE, para sumar un total de 58 millones 967 mil 958 pesos.<\/p>\n<p>Presentes, Manuel Ignacio Acosta Guti\u00e9rrez, Presidente Municipal de Hermosillo; Francisco Guti\u00e9rrez Rodr\u00edguez, Presidente del Supremo Tribunal de Justicia en el Estado; Lisette L\u00f3pez God\u00ednez, Presidenta del Congreso del Estado; Norberto Cort\u00e9s Rodr\u00edguez, Comandante de la Cuarta Zona Militar; Miguel Ernesto Pompa Corella, Secretario de Gobierno.<\/p>\n<p>Ernesto de Lucas Hopkins, Secretario de Educaci\u00f3n; Javier Duarte Flores, Secretario General de la secci\u00f3n 28 del SNTE; Raymundo Lagarda Borb\u00f3n, Secretario General de la secci\u00f3n 54 del SNTE; y Job Bernache Guzm\u00e1n, Secretario de Organizaci\u00f3n de la Regi\u00f3n Sindical I del SNTE, respectivamente.<\/p>\n<p>(Fecha de publicaci\u00f3n 12102017)<\/p>\n","protected":false},"excerpt":{"rendered":"<p>HERMOSILLO, SONORA. MX.\u2014 La Gobernadora Claudia Pavlovich Arellano y Juan D\u00edaz de la Torre, Presidente&#8230;<\/p>\n","protected":false},"author":1,"featured_media":27424,"comment_status":"open","ping_status":"open","sticky":false,"template":"","format":"standard","meta":{"_monsterinsights_skip_tracking":false,"_monsterinsights_sitenote_active":false,"_monsterinsights_sitenote_note":"","_monsterinsights_sitenote_category":0,"footnotes":""},"categories":[13,22],"tags":[],"class_list":["post"],"yoast_head":" \n<title>Sonora en Equipo. Impulsa Gobernadora Pavlovich maestros m\u00e1s preparados Destacadas<\/title>\n<meta name=\"description\" content=\"HERMOSILLO, SONORA. MX.\u2014 La Gobernadora Claudia Pavlovich Arellano y Juan D\u00edaz de la Torre, Presidente Nacional del Sindicato Nacional de Trabajadores de En Sonora en Equipo publicamos toda la informaci\u00f3n de Sonora, M\u00e9xico y el Mundo de manera oportuna y busca que la libertad de expresi\u00f3n sea real. Visita nuestro medio informativo publicado desde Hermosillo, Sonora. %\" \/>\n<meta name=\"robots\" content=\"index, follow, max-snippet:-1, max-image-preview:large, max-video-preview:-1\" \/>\n<link rel=\"canonical\" href=\"https:\/\/www.sonoraenequipo.com.mx\/impulsa-gobernadora-pavlovich-maestros-mas-preparados\/\" \/>\n<meta property=\"og:locale\" content=\"es_ES\" \/>\n<meta property=\"og:type\" content=\"article\" \/>\n<meta property=\"og:title\" content=\"Sonora en Equipo. Impulsa Gobernadora Pavlovich maestros m\u00e1s preparados Destacadas\" \/>\n<meta property=\"og:description\" content=\"HERMOSILLO, SONORA. MX.\u2014 La Gobernadora Claudia Pavlovich Arellano y Juan D\u00edaz de la Torre, Presidente Nacional del Sindicato Nacional de Trabajadores de En Sonora en Equipo publicamos toda la informaci\u00f3n de Sonora, M\u00e9xico y el Mundo de manera oportuna y busca que la libertad de expresi\u00f3n sea real. Visita nuestro medio informativo publicado desde Hermosillo, Sonora. %\" \/>\n<meta property=\"og:url\" content=\"https:\/\/www.sonoraenequipo.com.mx\/impulsa-gobernadora-pavlovich-maestros-mas-preparados\/\" \/>\n<meta property=\"og:site_name\" content=\"Sonora en Equipo.\" \/>\n<meta property=\"article:publisher\" content=\"https:\/\/www.facebook.com\/SonoraEE\/\" \/>\n<meta property=\"article:author\" content=\"https:\/\/www.facebook.com\/SonoraEE\" \/>\n<meta property=\"article:published_time\" content=\"2017-10-13T00:26:24+00:00\" \/>\n<meta property=\"article:modified_time\" content=\"2017-10-13T01:56:21+00:00\" \/>\n<meta property=\"og:image\" content=\"https:\/\/www.sonoraenequipo.com.mx\/storage\/2017\/10\/gobernadora_opt.jpg\" \/>\n\t<meta property=\"og:image:width\" content=\"636\" \/>\n\t<meta property=\"og:image:height\" content=\"400\" \/>\n\t<meta property=\"og:image:type\" content=\"image\/jpeg\" \/>\n<meta name=\"author\" content=\"enequipo\" \/>\n<meta name=\"twitter:card\" content=\"summary_large_image\" \/>\n<meta name=\"twitter:creator\" content=\"@sonoraenequipo\" \/>\n<meta name=\"twitter:site\" content=\"@sonoraenequipo\" \/>\n<meta name=\"twitter:label1\" content=\"Escrito por\" \/>\n\t<meta name=\"twitter:data1\" content=\"enequipo\" \/>\n\t<meta name=\"twitter:label2\" content=\"Tiempo de lectura\" \/>\n\t<meta name=\"twitter:data2\" content=\"2 minutos\" \/>\n<script type=\"application\/ld+json\" class=\"yoast-schema-graph\">{\"@context\":\"https:\/\/schema.org\",\"@graph\":[{\"@type\":\"Article\",\"@id\":\"https:\/\/www.sonoraenequipo.com.mx\/impulsa-gobernadora-pavlovich-maestros-mas-preparados\/#article\",\"isPartOf\":{\"@id\":\"https:\/\/www.sonoraenequipo.com.mx\/impulsa-gobernadora-pavlovich-maestros-mas-preparados\/\"},\"author\":{\"name\":\"enequipo\",\"@id\":\"https:\/\/www.sonoraenequipo.com.mx\/#\/schema\/person\/50102df0fb23a8fa9e8effad8fa81386\"},\"headline\":\"Impulsa Gobernadora Pavlovich maestros m\u00e1s preparados\",\"datePublished\":\"2017-10-13T00:26:24+00:00\",\"dateModified\":\"2017-10-13T01:56:21+00:00\",\"mainEntityOfPage\":{\"@id\":\"https:\/\/www.sonoraenequipo.com.mx\/impulsa-gobernadora-pavlovich-maestros-mas-preparados\/\"},\"wordCount\":479,\"commentCount\":0,\"publisher\":{\"@id\":\"https:\/\/www.sonoraenequipo.com.mx\/#organization\"},\"image\":{\"@id\":\"https:\/\/www.sonoraenequipo.com.mx\/impulsa-gobernadora-pavlovich-maestros-mas-preparados\/#primaryimage\"},\"thumbnailUrl\":\"https:\/\/www.sonoraenequipo.com.mx\/storage\/2017\/10\/gobernadora_opt.jpg\",\"articleSection\":[\"Destacadas\",\"Sonora\"],\"inLanguage\":\"es\",\"potentialAction\":[{\"@type\":\"CommentAction\",\"name\":\"Comment\",\"target\":[\"https:\/\/www.sonoraenequipo.com.mx\/impulsa-gobernadora-pavlovich-maestros-mas-preparados\/#respond\"]}]},{\"@type\":\"WebPage\",\"@id\":\"https:\/\/www.sonoraenequipo.com.mx\/impulsa-gobernadora-pavlovich-maestros-mas-preparados\/\",\"url\":\"https:\/\/www.sonoraenequipo.com.mx\/impulsa-gobernadora-pavlovich-maestros-mas-preparados\/\",\"name\":\"Sonora en Equipo. Impulsa Gobernadora Pavlovich maestros m\u00e1s preparados Destacadas\",\"isPartOf\":{\"@id\":\"https:\/\/www.sonoraenequipo.com.mx\/#website\"},\"primaryImageOfPage\":{\"@id\":\"https:\/\/www.sonoraenequipo.com.mx\/impulsa-gobernadora-pavlovich-maestros-mas-preparados\/#primaryimage\"},\"image\":{\"@id\":\"https:\/\/www.sonoraenequipo.com.mx\/impulsa-gobernadora-pavlovich-maestros-mas-preparados\/#primaryimage\"},\"thumbnailUrl\":\"https:\/\/www.sonoraenequipo.com.mx\/storage\/2017\/10\/gobernadora_opt.jpg\",\"datePublished\":\"2017-10-13T00:26:24+00:00\",\"dateModified\":\"2017-10-13T01:56:21+00:00\",\"description\":\"HERMOSILLO, SONORA. MX.\u2014 La Gobernadora Claudia Pavlovich Arellano y Juan D\u00edaz de la Torre, Presidente Nacional del Sindicato Nacional de Trabajadores de En Sonora en Equipo publicamos toda la informaci\u00f3n de Sonora, M\u00e9xico y el Mundo de manera oportuna y busca que la libertad de expresi\u00f3n sea real. Visita nuestro medio informativo publicado desde Hermosillo, Sonora. %\",\"breadcrumb\":{\"@id\":\"https:\/\/www.sonoraenequipo.com.mx\/impulsa-gobernadora-pavlovich-maestros-mas-preparados\/#breadcrumb\"},\"inLanguage\":\"es\",\"potentialAction\":[{\"@type\":\"ReadAction\",\"target\":[\"https:\/\/www.sonoraenequipo.com.mx\/impulsa-gobernadora-pavlovich-maestros-mas-preparados\/\"]}]},{\"@type\":\"ImageObject\",\"inLanguage\":\"es\",\"@id\":\"https:\/\/www.sonoraenequipo.com.mx\/impulsa-gobernadora-pavlovich-maestros-mas-preparados\/#primaryimage\",\"url\":\"https:\/\/www.sonoraenequipo.com.mx\/storage\/2017\/10\/gobernadora_opt.jpg\",\"contentUrl\":\"https:\/\/www.sonoraenequipo.com.mx\/storage\/2017\/10\/gobernadora_opt.jpg\",\"width\":636,\"height\":400},{\"@type\":\"BreadcrumbList\",\"@id\":\"https:\/\/www.sonoraenequipo.com.mx\/impulsa-gobernadora-pavlovich-maestros-mas-preparados\/#breadcrumb\",\"itemListElement\":[{\"@type\":\"ListItem\",\"position\":1,\"name\":\"Portada\",\"item\":\"https:\/\/www.sonoraenequipo.com.mx\/\"},{\"@type\":\"ListItem\",\"position\":2,\"name\":\"Impulsa Gobernadora Pavlovich maestros m\u00e1s preparados\"}]},{\"@type\":\"WebSite\",\"@id\":\"https:\/\/www.sonoraenequipo.com.mx\/#website\",\"url\":\"https:\/\/www.sonoraenequipo.com.mx\/\",\"name\":\"Sonora en Equipo.\",\"description\":\"Diario en l\u00ednea con Noticias desde Hermosillo, Sonora\",\"publisher\":{\"@id\":\"https:\/\/www.sonoraenequipo.com.mx\/#organization\"},\"potentialAction\":[{\"@type\":\"SearchAction\",\"target\":{\"@type\":\"EntryPoint\",\"urlTemplate\":\"https:\/\/www.sonoraenequipo.com.mx\/?s={search_term_string}\"},\"query-input\":{\"@type\":\"PropertyValueSpecification\",\"valueRequired\":true,\"valueName\":\"search_term_string\"}}],\"inLanguage\":\"es\"},{\"@type\":\"Organization\",\"@id\":\"https:\/\/www.sonoraenequipo.com.mx\/#organization\",\"name\":\"Sonoraenequipo.com.mx\",\"url\":\"https:\/\/www.sonoraenequipo.com.mx\/\",\"logo\":{\"@type\":\"ImageObject\",\"inLanguage\":\"es\",\"@id\":\"https:\/\/www.sonoraenequipo.com.mx\/#\/schema\/logo\/image\/\",\"url\":\"https:\/\/www.sonoraenequipo.com.mx\/storage\/2019\/01\/sonoraenequipo_opt.png\",\"contentUrl\":\"https:\/\/www.sonoraenequipo.com.mx\/storage\/2019\/01\/sonoraenequipo_opt.png\",\"width\":375,\"height\":125,\"caption\":\"Sonoraenequipo.com.mx\"},\"image\":{\"@id\":\"https:\/\/www.sonoraenequipo.com.mx\/#\/schema\/logo\/image\/\"},\"sameAs\":[\"https:\/\/www.facebook.com\/SonoraEE\/\",\"https:\/\/x.com\/sonoraenequipo\",\"https:\/\/www.youtube.com\/channel\/UC338nW-lPEYmJQs4ZABQ1SQ\"]},{\"@type\":\"Person\",\"@id\":\"https:\/\/www.sonoraenequipo.com.mx\/#\/schema\/person\/50102df0fb23a8fa9e8effad8fa81386\",\"name\":\"enequipo\",\"image\":{\"@type\":\"ImageObject\",\"inLanguage\":\"es\",\"@id\":\"https:\/\/www.sonoraenequipo.com.mx\/#\/schema\/person\/image\/\",\"url\":\"https:\/\/secure.gravatar.com\/avatar\/049821681b589dabc0bc20695993ccebb09f5b5d4d790cd9251b97faac7c652b?s=96&d=blank&r=g\",\"contentUrl\":\"https:\/\/secure.gravatar.com\/avatar\/049821681b589dabc0bc20695993ccebb09f5b5d4d790cd9251b97faac7c652b?s=96&d=blank&r=g\",\"caption\":\"enequipo\"},\"sameAs\":[\"https:\/\/www.facebook.com\/SonoraEE\"]}]}<\/script>\n ","yoast_head_json":{"title":"Sonora en Equipo. Impulsa Gobernadora Pavlovich maestros m\u00e1s preparados Destacadas","description":"HERMOSILLO, SONORA. MX.\u2014 La Gobernadora Claudia Pavlovich Arellano y Juan D\u00edaz de la Torre, Presidente Nacional del Sindicato Nacional de Trabajadores de En Sonora en Equipo publicamos toda la informaci\u00f3n de Sonora, M\u00e9xico y el Mundo de manera oportuna y busca que la libertad de expresi\u00f3n sea real. Visita nuestro medio informativo publicado desde Hermosillo, Sonora. %","robots":{"index":"index","follow":"follow","max-snippet":"max-snippet:-1","max-image-preview":"max-image-preview:large","max-video-preview":"max-video-preview:-1"},"canonical":"https:\/\/www.sonoraenequipo.com.mx\/impulsa-gobernadora-pavlovich-maestros-mas-preparados\/","og_locale":"es_ES","og_type":"article","og_title":"Sonora en Equipo. Impulsa Gobernadora Pavlovich maestros m\u00e1s preparados Destacadas","og_description":"HERMOSILLO, SONORA. MX.\u2014 La Gobernadora Claudia Pavlovich Arellano y Juan D\u00edaz de la Torre, Presidente Nacional del Sindicato Nacional de Trabajadores de En Sonora en Equipo publicamos toda la informaci\u00f3n de Sonora, M\u00e9xico y el Mundo de manera oportuna y busca que la libertad de expresi\u00f3n sea real. Visita nuestro medio informativo publicado desde Hermosillo, Sonora. %","og_url":"https:\/\/www.sonoraenequipo.com.mx\/impulsa-gobernadora-pavlovich-maestros-mas-preparados\/","og_site_name":"Sonora en Equipo.","article_publisher":"https:\/\/www.facebook.com\/SonoraEE\/","article_author":"https:\/\/www.facebook.com\/SonoraEE","article_published_time":"2017-10-13T00:26:24+00:00","article_modified_time":"2017-10-13T01:56:21+00:00","og_image":[{"width":636,"height":400,"url":"https:\/\/www.sonoraenequipo.com.mx\/storage\/2017\/10\/gobernadora_opt.jpg","type":"image\/jpeg"}],"author":"enequipo","twitter_card":"summary_large_image","twitter_creator":"@sonoraenequipo","twitter_site":"@sonoraenequipo","twitter_misc":{"Escrito por":"enequipo","Tiempo de lectura":"2 minutos"},"schema":{"@context":"https:\/\/schema.org","@graph":[{"@type":"Article","@id":"https:\/\/www.sonoraenequipo.com.mx\/impulsa-gobernadora-pavlovich-maestros-mas-preparados\/#article","isPartOf":{"@id":"https:\/\/www.sonoraenequipo.com.mx\/impulsa-gobernadora-pavlovich-maestros-mas-preparados\/"},"author":{"name":"enequipo","@id":"https:\/\/www.sonoraenequipo.com.mx\/#\/schema\/person\/50102df0fb23a8fa9e8effad8fa81386"},"headline":"Impulsa Gobernadora Pavlovich maestros m\u00e1s preparados","datePublished":"2017-10-13T00:26:24+00:00","dateModified":"2017-10-13T01:56:21+00:00","mainEntityOfPage":{"@id":"https:\/\/www.sonoraenequipo.com.mx\/impulsa-gobernadora-pavlovich-maestros-mas-preparados\/"},"wordCount":479,"commentCount":0,"publisher":{"@id":"https:\/\/www.sonoraenequipo.com.mx\/#organization"},"image":{"@id":"https:\/\/www.sonoraenequipo.com.mx\/impulsa-gobernadora-pavlovich-maestros-mas-preparados\/#primaryimage"},"thumbnailUrl":"https:\/\/www.sonoraenequipo.com.mx\/storage\/2017\/10\/gobernadora_opt.jpg","articleSection":["Destacadas","Sonora"],"inLanguage":"es","potentialAction":[{"@type":"CommentAction","name":"Comment","target":["https:\/\/www.sonoraenequipo.com.mx\/impulsa-gobernadora-pavlovich-maestros-mas-preparados\/#respond"]}]},{"@type":"WebPage","@id":"https:\/\/www.sonoraenequipo.com.mx\/impulsa-gobernadora-pavlovich-maestros-mas-preparados\/","url":"https:\/\/www.sonoraenequipo.com.mx\/impulsa-gobernadora-pavlovich-maestros-mas-preparados\/","name":"Sonora en Equipo. Impulsa Gobernadora Pavlovich maestros m\u00e1s preparados Destacadas","isPartOf":{"@id":"https:\/\/www.sonoraenequipo.com.mx\/#website"},"primaryImageOfPage":{"@id":"https:\/\/www.sonoraenequipo.com.mx\/impulsa-gobernadora-pavlovich-maestros-mas-preparados\/#primaryimage"},"image":{"@id":"https:\/\/www.sonoraenequipo.com.mx\/impulsa-gobernadora-pavlovich-maestros-mas-preparados\/#primaryimage"},"thumbnailUrl":"https:\/\/www.sonoraenequipo.com.mx\/storage\/2017\/10\/gobernadora_opt.jpg","datePublished":"2017-10-13T00:26:24+00:00","dateModified":"2017-10-13T01:56:21+00:00","description":"HERMOSILLO, SONORA. MX.\u2014 La Gobernadora Claudia Pavlovich Arellano y Juan D\u00edaz de la Torre, Presidente Nacional del Sindicato Nacional de Trabajadores de En Sonora en Equipo publicamos toda la informaci\u00f3n de Sonora, M\u00e9xico y el Mundo de manera oportuna y busca que la libertad de expresi\u00f3n sea real. Visita nuestro medio informativo publicado desde Hermosillo, Sonora. %","breadcrumb":{"@id":"https:\/\/www.sonoraenequipo.com.mx\/impulsa-gobernadora-pavlovich-maestros-mas-preparados\/#breadcrumb"},"inLanguage":"es","potentialAction":[{"@type":"ReadAction","target":["https:\/\/www.sonoraenequipo.com.mx\/impulsa-gobernadora-pavlovich-maestros-mas-preparados\/"]}]},{"@type":"ImageObject","inLanguage":"es","@id":"https:\/\/www.sonoraenequipo.com.mx\/impulsa-gobernadora-pavlovich-maestros-mas-preparados\/#primaryimage","url":"https:\/\/www.sonoraenequipo.com.mx\/storage\/2017\/10\/gobernadora_opt.jpg","contentUrl":"https:\/\/www.sonoraenequipo.com.mx\/storage\/2017\/10\/gobernadora_opt.jpg","width":636,"height":400},{"@type":"BreadcrumbList","@id":"https:\/\/www.sonoraenequipo.com.mx\/impulsa-gobernadora-pavlovich-maestros-mas-preparados\/#breadcrumb","itemListElement":[{"@type":"ListItem","position":1,"name":"Portada","item":"https:\/\/www.sonoraenequipo.com.mx\/"},{"@type":"ListItem","position":2,"name":"Impulsa Gobernadora Pavlovich maestros m\u00e1s preparados"}]},{"@type":"WebSite","@id":"https:\/\/www.sonoraenequipo.com.mx\/#website","url":"https:\/\/www.sonoraenequipo.com.mx\/","name":"Sonora en Equipo.","description":"Diario en l\u00ednea con Noticias desde Hermosillo, Sonora","publisher":{"@id":"https:\/\/www.sonoraenequipo.com.mx\/#organization"},"potentialAction":[{"@type":"SearchAction","target":{"@type":"EntryPoint","urlTemplate":"https:\/\/www.sonoraenequipo.com.mx\/?s={search_term_string}"},"query-input":{"@type":"PropertyValueSpecification","valueRequired":true,"valueName":"search_term_string"}}],"inLanguage":"es"},{"@type":"Organization","@id":"https:\/\/www.sonoraenequipo.com.mx\/#organization","name":"Sonoraenequipo.com.mx","url":"https:\/\/www.sonoraenequipo.com.mx\/","logo":{"@type":"ImageObject","inLanguage":"es","@id":"https:\/\/www.sonoraenequipo.com.mx\/#\/schema\/logo\/image\/","url":"https:\/\/www.sonoraenequipo.com.mx\/storage\/2019\/01\/sonoraenequipo_opt.png","contentUrl":"https:\/\/www.sonoraenequipo.com.mx\/storage\/2019\/01\/sonoraenequipo_opt.png","width":375,"height":125,"caption":"Sonoraenequipo.com.mx"},"image":{"@id":"https:\/\/www.sonoraenequipo.com.mx\/#\/schema\/logo\/image\/"},"sameAs":["https:\/\/www.facebook.com\/SonoraEE\/","https:\/\/x.com\/sonoraenequipo","https:\/\/www.youtube.com\/channel\/UC338nW-lPEYmJQs4ZABQ1SQ"]},{"@type":"Person","@id":"https:\/\/www.sonoraenequipo.com.mx\/#\/schema\/person\/50102df0fb23a8fa9e8effad8fa81386","name":"enequipo","image":{"@type":"ImageObject","inLanguage":"es","@id":"https:\/\/www.sonoraenequipo.com.mx\/#\/schema\/person\/image\/","url":"https:\/\/secure.gravatar.com\/avatar\/049821681b589dabc0bc20695993ccebb09f5b5d4d790cd9251b97faac7c652b?s=96&d=blank&r=g","contentUrl":"https:\/\/secure.gravatar.com\/avatar\/049821681b589dabc0bc20695993ccebb09f5b5d4d790cd9251b97faac7c652b?s=96&d=blank&r=g","caption":"enequipo"},"sameAs":["https:\/\/www.facebook.com\/SonoraEE"]}]}},"jetpack_featured_media_url":"https:\/\/www.sonoraenequipo.com.mx\/storage\/2017\/10\/gobernadora_opt.jpg","_links":{"self":[{"href":"https:\/\/www.sonoraenequipo.com.mx\/api\/wp\/v2\/posts\/27426","targetHints":{"allow":["GET"]}}],"collection":[{"href":"https:\/\/www.sonoraenequipo.com.mx\/api\/wp\/v2\/posts"}],"about":[{"href":"https:\/\/www.sonoraenequipo.com.mx\/api\/wp\/v2\/types\/post"}],"author":[{"embeddable":true,"href":"https:\/\/www.sonoraenequipo.com.mx\/api\/wp\/v2\/users\/1"}],"replies":[{"embeddable":true,"href":"https:\/\/www.sonoraenequipo.com.mx\/api\/wp\/v2\/comments?post=27426"}],"version-history":[{"count":0,"href":"https:\/\/www.sonoraenequipo.com.mx\/api\/wp\/v2\/posts\/27426\/revisions"}],"wp:featuredmedia":[{"embeddable":true,"href":"https:\/\/www.sonoraenequipo.com.mx\/api\/wp\/v2\/media\/27424"}],"wp:attachment":[{"href":"https:\/\/www.sonoraenequipo.com.mx\/api\/wp\/v2\/media?parent=27426"}],"wp:term":[{"taxonomy":"category","embeddable":true,"href":"https:\/\/www.sonoraenequipo.com.mx\/api\/wp\/v2\/categories?post=27426"},{"taxonomy":"post_tag","embeddable":true,"href":"https:\/\/www.sonoraenequipo.com.mx\/api\/wp\/v2\/tags?post=27426"}],"curies":[{"name":"wp","href":"https:\/\/api.w.org\/{rel}","templated":true}]}}