{"id":27442,"date":"2017-10-12T19:25:50","date_gmt":"2017-10-13T02:25:50","guid":{"rendered":"http:\/\/www.sonoraenequipo.com.mx\/?p=27442"},"modified":"2017-10-13T11:24:28","modified_gmt":"2017-10-13T18:24:28","slug":"27442","status":"publish","type":"post","link":"https:\/\/www.sonoraenequipo.com.mx\/27442\/","title":{"rendered":"Suma DIF Sonora m\u00e1s apoyos para el sur del estado"},"content":{"rendered":"<p>SAN IGNACIO R\u00cdO MUERTO, SONORA. MX.\u2014 Becas, proyectos productivos y despensas recibieron personas con discapacidad del sur del estado de manos de la Presidenta del Sistema DIF Sonora, Margarita Ibarra de Torres.<\/p>\n<p> <\/p>\n<p>Es la respuesta a las peticiones de personas en situaci\u00f3n vulnerable, explic\u00f3 la Presidenta del Sistema DIF Sonora, a quienes se les escuch\u00f3 y respondi\u00f3 para mejorar su calidad de vida.<\/p>\n<p><em>\u201cSeguimos las instrucciones de la Gobernadora Pavlovich de entregar respuesta a solicitudes que han hecho a trav\u00e9s de DIF\u201d,<\/em> se\u00f1al\u00f3 al visitar San Ignacio R\u00edo Muerto, la comunidad de Tetabiate, B\u00e1cum, Empalme y Guaymas.<\/p>\n<p><strong>Agradecen beneficiados apoyos recibidos<\/strong><\/p>\n<p>El joven Jes\u00fas Alberto P\u00e9rez Valencia, habitante de San Ignacio R\u00edo Muerto, agradeci\u00f3 el apoyo recibido, ya que, explic\u00f3, es un est\u00edmulo para continuar con sus estudios.<\/p>\n<p><em>\u201cQuiero agradecer a mi familia y a ustedes que lo hacen posible con las becas que nos brindan, ustedes nos motivan para poder seguir adelante y poder cumplir nuestras metas, muchas gracias y que Dios los bendiga\u201d,<\/em> expres\u00f3.<\/p>\n<p>Por su parte, el se\u00f1or Mart\u00edn Rivera Lugo, beneficiado de proyecto productivo para nopal verdura, dijo estar agradecido por el apoyo que le brindaron para poder sacar adelante su idea para el sustento familiar.<\/p>\n<p><em>\u201cQuiero darle gracias a las autoridades municipales y estatales por la ayuda que nos han mandado, y a todas las personas que han colaborado con el proyecto de nosotros, muchas gracias\u201d,<\/em> dijo.<\/p>\n<p>Presentes, los presidentes municipales de San Ignacio R\u00edo Muerto y B\u00e1cum, Jes\u00fas Ferm\u00edn Guill\u00e9n Valenzuela y Eusebio Miranda Guerrero, respectivamente, as\u00ed como las presidentas de los sistemas DIF de ambos municipios, Mar\u00eda Georgina Enr\u00edquez Pe\u00f1a de Guill\u00e9n y Rosario Jazm\u00edn Guti\u00e9rrez Portillo de Miranda, as\u00ed como su hom\u00f3loga de Empalme, Daniela Olaguez Ulloa de G\u00f3mez.<\/p>\n<p><strong>Municipios visitados en tres d\u00edas por la Presidenta de DIF Sonora:<\/strong><\/p>\n<p>\u2022 Huatabampo, Etchojoa, \u00c1lamos, Navojoa, Benito Ju\u00e1rez, Quiriego, Cajeme, San Ignacio R\u00edo Muerto, Empalme, Guaymas<\/p>\n<p>&nbsp;<\/p>\n<p>Apoyos entregados<\/p>\n<p>\u2022 223 becas para personas con discapacidad<\/p>\n<p>\u2022 850 despensas<\/p>\n<p>\u2022 17 proyectos productivos<\/p>\n<p>\u2022 6 suplementos para comedores comunitarios<\/p>\n<p>\u2022 230 colchonetas<\/p>\n<p>\u2022 4 mil 500 botellas con agua<\/p>\n<p>&nbsp;<\/p>\n<p>(Fecha de publicaci\u00f3n 12102017)<\/p>\n","protected":false},"excerpt":{"rendered":"<p>SAN IGNACIO R\u00cdO MUERTO, SONORA. MX.\u2014 Becas, proyectos productivos y despensas recibieron personas con discapacidad&#8230;<\/p>\n","protected":false},"author":1,"featured_media":27443,"comment_status":"open","ping_status":"open","sticky":false,"template":"","format":"standard","meta":{"_monsterinsights_skip_tracking":false,"_monsterinsights_sitenote_active":false,"_monsterinsights_sitenote_note":"","_monsterinsights_sitenote_category":0,"footnotes":""},"categories":[1,22],"tags":[],"class_list":["post"],"yoast_head":" \n<title>Sonora en Equipo. Suma DIF Sonora m\u00e1s apoyos para el sur del estado Sin categorizar<\/title>\n<meta name=\"description\" content=\"SAN IGNACIO R\u00cdO MUERTO, SONORA. MX.\u2014 Becas, proyectos productivos y despensas recibieron personas con discapacidad del sur del estado de manos de la En Sonora en Equipo publicamos toda la informaci\u00f3n de Sonora, M\u00e9xico y el Mundo de manera oportuna y busca que la libertad de expresi\u00f3n sea real. Visita nuestro medio informativo publicado desde Hermosillo, Sonora. %\" \/>\n<meta name=\"robots\" content=\"index, follow, max-snippet:-1, max-image-preview:large, max-video-preview:-1\" \/>\n<link rel=\"canonical\" href=\"https:\/\/www.sonoraenequipo.com.mx\/27442\/\" \/>\n<meta property=\"og:locale\" content=\"es_ES\" \/>\n<meta property=\"og:type\" content=\"article\" \/>\n<meta property=\"og:title\" content=\"Sonora en Equipo. Suma DIF Sonora m\u00e1s apoyos para el sur del estado Sin categorizar\" \/>\n<meta property=\"og:description\" content=\"SAN IGNACIO R\u00cdO MUERTO, SONORA. MX.\u2014 Becas, proyectos productivos y despensas recibieron personas con discapacidad del sur del estado de manos de la En Sonora en Equipo publicamos toda la informaci\u00f3n de Sonora, M\u00e9xico y el Mundo de manera oportuna y busca que la libertad de expresi\u00f3n sea real. Visita nuestro medio informativo publicado desde Hermosillo, Sonora. %\" \/>\n<meta property=\"og:url\" content=\"https:\/\/www.sonoraenequipo.com.mx\/27442\/\" \/>\n<meta property=\"og:site_name\" content=\"Sonora en Equipo.\" \/>\n<meta property=\"article:publisher\" content=\"https:\/\/www.facebook.com\/SonoraEE\/\" \/>\n<meta property=\"article:author\" content=\"https:\/\/www.facebook.com\/SonoraEE\" \/>\n<meta property=\"article:published_time\" content=\"2017-10-13T02:25:50+00:00\" \/>\n<meta property=\"article:modified_time\" content=\"2017-10-13T18:24:28+00:00\" \/>\n<meta property=\"og:image\" content=\"https:\/\/www.sonoraenequipo.com.mx\/storage\/2017\/10\/apoyosdif_opt.jpg\" \/>\n\t<meta property=\"og:image:width\" content=\"600\" \/>\n\t<meta property=\"og:image:height\" content=\"400\" \/>\n\t<meta property=\"og:image:type\" content=\"image\/jpeg\" \/>\n<meta name=\"author\" content=\"enequipo\" \/>\n<meta name=\"twitter:card\" content=\"summary_large_image\" \/>\n<meta name=\"twitter:creator\" content=\"@sonoraenequipo\" \/>\n<meta name=\"twitter:site\" content=\"@sonoraenequipo\" \/>\n<meta name=\"twitter:label1\" content=\"Escrito por\" \/>\n\t<meta name=\"twitter:data1\" content=\"enequipo\" \/>\n\t<meta name=\"twitter:label2\" content=\"Tiempo de lectura\" \/>\n\t<meta name=\"twitter:data2\" content=\"2 minutos\" \/>\n<script type=\"application\/ld+json\" class=\"yoast-schema-graph\">{\"@context\":\"https:\/\/schema.org\",\"@graph\":[{\"@type\":\"Article\",\"@id\":\"https:\/\/www.sonoraenequipo.com.mx\/27442\/#article\",\"isPartOf\":{\"@id\":\"https:\/\/www.sonoraenequipo.com.mx\/27442\/\"},\"author\":{\"name\":\"enequipo\",\"@id\":\"https:\/\/www.sonoraenequipo.com.mx\/#\/schema\/person\/50102df0fb23a8fa9e8effad8fa81386\"},\"headline\":\"Suma DIF Sonora m\u00e1s apoyos para el sur del estado\",\"datePublished\":\"2017-10-13T02:25:50+00:00\",\"dateModified\":\"2017-10-13T18:24:28+00:00\",\"mainEntityOfPage\":{\"@id\":\"https:\/\/www.sonoraenequipo.com.mx\/27442\/\"},\"wordCount\":376,\"commentCount\":0,\"publisher\":{\"@id\":\"https:\/\/www.sonoraenequipo.com.mx\/#organization\"},\"image\":{\"@id\":\"https:\/\/www.sonoraenequipo.com.mx\/27442\/#primaryimage\"},\"thumbnailUrl\":\"https:\/\/www.sonoraenequipo.com.mx\/storage\/2017\/10\/apoyosdif_opt.jpg\",\"articleSection\":[\"Sin categorizar\",\"Sonora\"],\"inLanguage\":\"es\",\"potentialAction\":[{\"@type\":\"CommentAction\",\"name\":\"Comment\",\"target\":[\"https:\/\/www.sonoraenequipo.com.mx\/27442\/#respond\"]}]},{\"@type\":\"WebPage\",\"@id\":\"https:\/\/www.sonoraenequipo.com.mx\/27442\/\",\"url\":\"https:\/\/www.sonoraenequipo.com.mx\/27442\/\",\"name\":\"Sonora en Equipo. Suma DIF Sonora m\u00e1s apoyos para el sur del estado Sin categorizar\",\"isPartOf\":{\"@id\":\"https:\/\/www.sonoraenequipo.com.mx\/#website\"},\"primaryImageOfPage\":{\"@id\":\"https:\/\/www.sonoraenequipo.com.mx\/27442\/#primaryimage\"},\"image\":{\"@id\":\"https:\/\/www.sonoraenequipo.com.mx\/27442\/#primaryimage\"},\"thumbnailUrl\":\"https:\/\/www.sonoraenequipo.com.mx\/storage\/2017\/10\/apoyosdif_opt.jpg\",\"datePublished\":\"2017-10-13T02:25:50+00:00\",\"dateModified\":\"2017-10-13T18:24:28+00:00\",\"description\":\"SAN IGNACIO R\u00cdO MUERTO, SONORA. MX.\u2014 Becas, proyectos productivos y despensas recibieron personas con discapacidad del sur del estado de manos de la En Sonora en Equipo publicamos toda la informaci\u00f3n de Sonora, M\u00e9xico y el Mundo de manera oportuna y busca que la libertad de expresi\u00f3n sea real. Visita nuestro medio informativo publicado desde Hermosillo, Sonora. %\",\"breadcrumb\":{\"@id\":\"https:\/\/www.sonoraenequipo.com.mx\/27442\/#breadcrumb\"},\"inLanguage\":\"es\",\"potentialAction\":[{\"@type\":\"ReadAction\",\"target\":[\"https:\/\/www.sonoraenequipo.com.mx\/27442\/\"]}]},{\"@type\":\"ImageObject\",\"inLanguage\":\"es\",\"@id\":\"https:\/\/www.sonoraenequipo.com.mx\/27442\/#primaryimage\",\"url\":\"https:\/\/www.sonoraenequipo.com.mx\/storage\/2017\/10\/apoyosdif_opt.jpg\",\"contentUrl\":\"https:\/\/www.sonoraenequipo.com.mx\/storage\/2017\/10\/apoyosdif_opt.jpg\",\"width\":600,\"height\":400},{\"@type\":\"BreadcrumbList\",\"@id\":\"https:\/\/www.sonoraenequipo.com.mx\/27442\/#breadcrumb\",\"itemListElement\":[{\"@type\":\"ListItem\",\"position\":1,\"name\":\"Portada\",\"item\":\"https:\/\/www.sonoraenequipo.com.mx\/\"},{\"@type\":\"ListItem\",\"position\":2,\"name\":\"Suma DIF Sonora m\u00e1s apoyos para el sur del estado\"}]},{\"@type\":\"WebSite\",\"@id\":\"https:\/\/www.sonoraenequipo.com.mx\/#website\",\"url\":\"https:\/\/www.sonoraenequipo.com.mx\/\",\"name\":\"Sonora en Equipo.\",\"description\":\"Diario en l\u00ednea con Noticias desde Hermosillo, Sonora\",\"publisher\":{\"@id\":\"https:\/\/www.sonoraenequipo.com.mx\/#organization\"},\"potentialAction\":[{\"@type\":\"SearchAction\",\"target\":{\"@type\":\"EntryPoint\",\"urlTemplate\":\"https:\/\/www.sonoraenequipo.com.mx\/?s={search_term_string}\"},\"query-input\":{\"@type\":\"PropertyValueSpecification\",\"valueRequired\":true,\"valueName\":\"search_term_string\"}}],\"inLanguage\":\"es\"},{\"@type\":\"Organization\",\"@id\":\"https:\/\/www.sonoraenequipo.com.mx\/#organization\",\"name\":\"Sonoraenequipo.com.mx\",\"url\":\"https:\/\/www.sonoraenequipo.com.mx\/\",\"logo\":{\"@type\":\"ImageObject\",\"inLanguage\":\"es\",\"@id\":\"https:\/\/www.sonoraenequipo.com.mx\/#\/schema\/logo\/image\/\",\"url\":\"https:\/\/www.sonoraenequipo.com.mx\/storage\/2019\/01\/sonoraenequipo_opt.png\",\"contentUrl\":\"https:\/\/www.sonoraenequipo.com.mx\/storage\/2019\/01\/sonoraenequipo_opt.png\",\"width\":375,\"height\":125,\"caption\":\"Sonoraenequipo.com.mx\"},\"image\":{\"@id\":\"https:\/\/www.sonoraenequipo.com.mx\/#\/schema\/logo\/image\/\"},\"sameAs\":[\"https:\/\/www.facebook.com\/SonoraEE\/\",\"https:\/\/x.com\/sonoraenequipo\",\"https:\/\/www.youtube.com\/channel\/UC338nW-lPEYmJQs4ZABQ1SQ\"]},{\"@type\":\"Person\",\"@id\":\"https:\/\/www.sonoraenequipo.com.mx\/#\/schema\/person\/50102df0fb23a8fa9e8effad8fa81386\",\"name\":\"enequipo\",\"image\":{\"@type\":\"ImageObject\",\"inLanguage\":\"es\",\"@id\":\"https:\/\/www.sonoraenequipo.com.mx\/#\/schema\/person\/image\/\",\"url\":\"https:\/\/secure.gravatar.com\/avatar\/049821681b589dabc0bc20695993ccebb09f5b5d4d790cd9251b97faac7c652b?s=96&d=blank&r=g\",\"contentUrl\":\"https:\/\/secure.gravatar.com\/avatar\/049821681b589dabc0bc20695993ccebb09f5b5d4d790cd9251b97faac7c652b?s=96&d=blank&r=g\",\"caption\":\"enequipo\"},\"sameAs\":[\"https:\/\/www.facebook.com\/SonoraEE\"]}]}<\/script>\n ","yoast_head_json":{"title":"Sonora en Equipo. Suma DIF Sonora m\u00e1s apoyos para el sur del estado Sin categorizar","description":"SAN IGNACIO R\u00cdO MUERTO, SONORA. MX.\u2014 Becas, proyectos productivos y despensas recibieron personas con discapacidad del sur del estado de manos de la En Sonora en Equipo publicamos toda la informaci\u00f3n de Sonora, M\u00e9xico y el Mundo de manera oportuna y busca que la libertad de expresi\u00f3n sea real. Visita nuestro medio informativo publicado desde Hermosillo, Sonora. %","robots":{"index":"index","follow":"follow","max-snippet":"max-snippet:-1","max-image-preview":"max-image-preview:large","max-video-preview":"max-video-preview:-1"},"canonical":"https:\/\/www.sonoraenequipo.com.mx\/27442\/","og_locale":"es_ES","og_type":"article","og_title":"Sonora en Equipo. Suma DIF Sonora m\u00e1s apoyos para el sur del estado Sin categorizar","og_description":"SAN IGNACIO R\u00cdO MUERTO, SONORA. MX.\u2014 Becas, proyectos productivos y despensas recibieron personas con discapacidad del sur del estado de manos de la En Sonora en Equipo publicamos toda la informaci\u00f3n de Sonora, M\u00e9xico y el Mundo de manera oportuna y busca que la libertad de expresi\u00f3n sea real. Visita nuestro medio informativo publicado desde Hermosillo, Sonora. %","og_url":"https:\/\/www.sonoraenequipo.com.mx\/27442\/","og_site_name":"Sonora en Equipo.","article_publisher":"https:\/\/www.facebook.com\/SonoraEE\/","article_author":"https:\/\/www.facebook.com\/SonoraEE","article_published_time":"2017-10-13T02:25:50+00:00","article_modified_time":"2017-10-13T18:24:28+00:00","og_image":[{"width":600,"height":400,"url":"https:\/\/www.sonoraenequipo.com.mx\/storage\/2017\/10\/apoyosdif_opt.jpg","type":"image\/jpeg"}],"author":"enequipo","twitter_card":"summary_large_image","twitter_creator":"@sonoraenequipo","twitter_site":"@sonoraenequipo","twitter_misc":{"Escrito por":"enequipo","Tiempo de lectura":"2 minutos"},"schema":{"@context":"https:\/\/schema.org","@graph":[{"@type":"Article","@id":"https:\/\/www.sonoraenequipo.com.mx\/27442\/#article","isPartOf":{"@id":"https:\/\/www.sonoraenequipo.com.mx\/27442\/"},"author":{"name":"enequipo","@id":"https:\/\/www.sonoraenequipo.com.mx\/#\/schema\/person\/50102df0fb23a8fa9e8effad8fa81386"},"headline":"Suma DIF Sonora m\u00e1s apoyos para el sur del estado","datePublished":"2017-10-13T02:25:50+00:00","dateModified":"2017-10-13T18:24:28+00:00","mainEntityOfPage":{"@id":"https:\/\/www.sonoraenequipo.com.mx\/27442\/"},"wordCount":376,"commentCount":0,"publisher":{"@id":"https:\/\/www.sonoraenequipo.com.mx\/#organization"},"image":{"@id":"https:\/\/www.sonoraenequipo.com.mx\/27442\/#primaryimage"},"thumbnailUrl":"https:\/\/www.sonoraenequipo.com.mx\/storage\/2017\/10\/apoyosdif_opt.jpg","articleSection":["Sin categorizar","Sonora"],"inLanguage":"es","potentialAction":[{"@type":"CommentAction","name":"Comment","target":["https:\/\/www.sonoraenequipo.com.mx\/27442\/#respond"]}]},{"@type":"WebPage","@id":"https:\/\/www.sonoraenequipo.com.mx\/27442\/","url":"https:\/\/www.sonoraenequipo.com.mx\/27442\/","name":"Sonora en Equipo. Suma DIF Sonora m\u00e1s apoyos para el sur del estado Sin categorizar","isPartOf":{"@id":"https:\/\/www.sonoraenequipo.com.mx\/#website"},"primaryImageOfPage":{"@id":"https:\/\/www.sonoraenequipo.com.mx\/27442\/#primaryimage"},"image":{"@id":"https:\/\/www.sonoraenequipo.com.mx\/27442\/#primaryimage"},"thumbnailUrl":"https:\/\/www.sonoraenequipo.com.mx\/storage\/2017\/10\/apoyosdif_opt.jpg","datePublished":"2017-10-13T02:25:50+00:00","dateModified":"2017-10-13T18:24:28+00:00","description":"SAN IGNACIO R\u00cdO MUERTO, SONORA. MX.\u2014 Becas, proyectos productivos y despensas recibieron personas con discapacidad del sur del estado de manos de la En Sonora en Equipo publicamos toda la informaci\u00f3n de Sonora, M\u00e9xico y el Mundo de manera oportuna y busca que la libertad de expresi\u00f3n sea real. Visita nuestro medio informativo publicado desde Hermosillo, Sonora. %","breadcrumb":{"@id":"https:\/\/www.sonoraenequipo.com.mx\/27442\/#breadcrumb"},"inLanguage":"es","potentialAction":[{"@type":"ReadAction","target":["https:\/\/www.sonoraenequipo.com.mx\/27442\/"]}]},{"@type":"ImageObject","inLanguage":"es","@id":"https:\/\/www.sonoraenequipo.com.mx\/27442\/#primaryimage","url":"https:\/\/www.sonoraenequipo.com.mx\/storage\/2017\/10\/apoyosdif_opt.jpg","contentUrl":"https:\/\/www.sonoraenequipo.com.mx\/storage\/2017\/10\/apoyosdif_opt.jpg","width":600,"height":400},{"@type":"BreadcrumbList","@id":"https:\/\/www.sonoraenequipo.com.mx\/27442\/#breadcrumb","itemListElement":[{"@type":"ListItem","position":1,"name":"Portada","item":"https:\/\/www.sonoraenequipo.com.mx\/"},{"@type":"ListItem","position":2,"name":"Suma DIF Sonora m\u00e1s apoyos para el sur del estado"}]},{"@type":"WebSite","@id":"https:\/\/www.sonoraenequipo.com.mx\/#website","url":"https:\/\/www.sonoraenequipo.com.mx\/","name":"Sonora en Equipo.","description":"Diario en l\u00ednea con Noticias desde Hermosillo, Sonora","publisher":{"@id":"https:\/\/www.sonoraenequipo.com.mx\/#organization"},"potentialAction":[{"@type":"SearchAction","target":{"@type":"EntryPoint","urlTemplate":"https:\/\/www.sonoraenequipo.com.mx\/?s={search_term_string}"},"query-input":{"@type":"PropertyValueSpecification","valueRequired":true,"valueName":"search_term_string"}}],"inLanguage":"es"},{"@type":"Organization","@id":"https:\/\/www.sonoraenequipo.com.mx\/#organization","name":"Sonoraenequipo.com.mx","url":"https:\/\/www.sonoraenequipo.com.mx\/","logo":{"@type":"ImageObject","inLanguage":"es","@id":"https:\/\/www.sonoraenequipo.com.mx\/#\/schema\/logo\/image\/","url":"https:\/\/www.sonoraenequipo.com.mx\/storage\/2019\/01\/sonoraenequipo_opt.png","contentUrl":"https:\/\/www.sonoraenequipo.com.mx\/storage\/2019\/01\/sonoraenequipo_opt.png","width":375,"height":125,"caption":"Sonoraenequipo.com.mx"},"image":{"@id":"https:\/\/www.sonoraenequipo.com.mx\/#\/schema\/logo\/image\/"},"sameAs":["https:\/\/www.facebook.com\/SonoraEE\/","https:\/\/x.com\/sonoraenequipo","https:\/\/www.youtube.com\/channel\/UC338nW-lPEYmJQs4ZABQ1SQ"]},{"@type":"Person","@id":"https:\/\/www.sonoraenequipo.com.mx\/#\/schema\/person\/50102df0fb23a8fa9e8effad8fa81386","name":"enequipo","image":{"@type":"ImageObject","inLanguage":"es","@id":"https:\/\/www.sonoraenequipo.com.mx\/#\/schema\/person\/image\/","url":"https:\/\/secure.gravatar.com\/avatar\/049821681b589dabc0bc20695993ccebb09f5b5d4d790cd9251b97faac7c652b?s=96&d=blank&r=g","contentUrl":"https:\/\/secure.gravatar.com\/avatar\/049821681b589dabc0bc20695993ccebb09f5b5d4d790cd9251b97faac7c652b?s=96&d=blank&r=g","caption":"enequipo"},"sameAs":["https:\/\/www.facebook.com\/SonoraEE"]}]}},"jetpack_featured_media_url":"https:\/\/www.sonoraenequipo.com.mx\/storage\/2017\/10\/apoyosdif_opt.jpg","_links":{"self":[{"href":"https:\/\/www.sonoraenequipo.com.mx\/api\/wp\/v2\/posts\/27442","targetHints":{"allow":["GET"]}}],"collection":[{"href":"https:\/\/www.sonoraenequipo.com.mx\/api\/wp\/v2\/posts"}],"about":[{"href":"https:\/\/www.sonoraenequipo.com.mx\/api\/wp\/v2\/types\/post"}],"author":[{"embeddable":true,"href":"https:\/\/www.sonoraenequipo.com.mx\/api\/wp\/v2\/users\/1"}],"replies":[{"embeddable":true,"href":"https:\/\/www.sonoraenequipo.com.mx\/api\/wp\/v2\/comments?post=27442"}],"version-history":[{"count":0,"href":"https:\/\/www.sonoraenequipo.com.mx\/api\/wp\/v2\/posts\/27442\/revisions"}],"wp:featuredmedia":[{"embeddable":true,"href":"https:\/\/www.sonoraenequipo.com.mx\/api\/wp\/v2\/media\/27443"}],"wp:attachment":[{"href":"https:\/\/www.sonoraenequipo.com.mx\/api\/wp\/v2\/media?parent=27442"}],"wp:term":[{"taxonomy":"category","embeddable":true,"href":"https:\/\/www.sonoraenequipo.com.mx\/api\/wp\/v2\/categories?post=27442"},{"taxonomy":"post_tag","embeddable":true,"href":"https:\/\/www.sonoraenequipo.com.mx\/api\/wp\/v2\/tags?post=27442"}],"curies":[{"name":"wp","href":"https:\/\/api.w.org\/{rel}","templated":true}]}}