{"id":27447,"date":"2017-10-13T13:43:26","date_gmt":"2017-10-13T20:43:26","guid":{"rendered":"http:\/\/www.sonoraenequipo.com.mx\/?p=27447"},"modified":"2017-10-13T16:50:07","modified_gmt":"2017-10-13T23:50:07","slug":"recibe-poder-legislativo-segundo-informe-gobierno","status":"publish","type":"post","link":"https:\/\/www.sonoraenequipo.com.mx\/recibe-poder-legislativo-segundo-informe-gobierno\/","title":{"rendered":"Recibe el Poder Legislativo Segundo Informe de Gobierno"},"content":{"rendered":"<p>HERMOSILLO, SONORA. MX.\u2014\u00a0 La diputada Lisette L\u00f3pez God\u00ednez, presidenta de la mesa directiva del Congreso del Estado, recibi\u00f3 esta ma\u00f1ana el Informe a Sonora correspondiente al segundo a\u00f1o de ejercicio de la administraci\u00f3n estatal, de parte de Secretario de Gobierno, Miguel Ernesto Pompa Corella, en representaci\u00f3n de la titular del Poder Ejecutivo estatal.<\/p>\n<p> <\/p>\n<p>Con fundamento en los art\u00edculos 46 y 79, fracci\u00f3n VIII de la Constituci\u00f3n Pol\u00edtica del Estado de Sonora, el funcionario hizo entrega del documento que contiene el estado que guarda la administraci\u00f3n p\u00fablica estatal en sus diversos ramos, as\u00ed como las acciones de gobierno emprendidas por el Poder Ejecutivo durante el segundo a\u00f1o de ejercicio constitucional.<\/p>\n<p>Adem\u00e1s de las referidas disposiciones constitucionales, la entrega del Segundo Informe se sustenta en el Acuerdo emitido por la gobernadora Claudia Pavlovich Arellano, con base a su facultad establecida en el Art\u00edculo 23 de la Ley Org\u00e1nica de dicho Poder, inform\u00f3 el Secretario de Gobierno, quien estuvo acompa\u00f1ado por la Jefa de la Oficina del Ejecutivo, Natalia Rivera Grijalva, y por el Secretario de Hacienda, Ra\u00fal Navarro Gallegos.<\/p>\n<p>Pompa Corella solicit\u00f3 a la diputada Lisette L\u00f3pez God\u00ednez haga extensivo el documento al resto de los integrantes de la LXI Legislatura, y asegur\u00f3 que estar\u00e1n pendientes para la glosa correspondiente del mismo. Acto seguido se firm\u00f3 de recibido por parte del Poder Legislativo.<\/p>\n<p>La Presidenta estuvo acompa\u00f1ada por los integrantes de la mesa directiva, diputados Rodrigo Acu\u00f1a Arredondo, vicepresidente; Teresa Mar\u00eda Olivares Ochoa, segunda secretaria y Jorge Luis M\u00e1rquez C\u00e1zares, suplente, as\u00ed como por el coordinador del grupo parlamentario del PRI, Jes\u00fas Epifanio Salido Pavlovich. Asistieron tambi\u00e9n los diputados Ana Luisa Vald\u00e9s Avil\u00e9s, Flor Ayala Robles Linares, Omar Alberto Guill\u00e9n Partida, Karmen A\u00edda D\u00edaz Brown Ojeda e Iris S\u00e1nchez Chiu.<\/p>\n<p>La titular del Poder Legislativo afirm\u00f3 que con la entrega del documento que contiene el Informe sobre el estado que guarda la administraci\u00f3n p\u00fablica estatal en sus diversos ramos, se da oportuno y cabal cumplimiento a la obligaci\u00f3n que los art\u00edculos 46 y 79, fracci\u00f3n VIII, le imponen a la titular del Poder Ejecutivo estatal.<\/p>\n<p><em>\u201cAsimismo, tomando en consideraci\u00f3n lo que establece la m\u00e1xima Ley estatal, le comunico que en esta Soberan\u00eda estaremos atentos al contenido del mismo para realizar los an\u00e1lisis conducentes y, de ser necesario, se llamar\u00e1 a los funcionarios responsables a que ampl\u00eden la informaci\u00f3n solicitada, si as\u00ed lo deciden nuestros \u00f3rganos colegiados\u201d,<\/em> expres\u00f3.<\/p>\n<p>Al t\u00e9rmino del acto protocolario, la diputada L\u00f3pez God\u00ednez inform\u00f3 a medios de comunicaci\u00f3n que lo siguiente ser\u00e1 remitir el documento para su an\u00e1lisis a los 32 diputados y posteriormente decidir\u00e1n, si existen dudas al respecto, si hay que citar a alg\u00fan funcionario para que ampl\u00ede la informaci\u00f3n o dirima cualquier duda que pudiera existir al respecto.<\/p>\n<p><em>\u201cEl tema que la gente m\u00e1s menciona es la seguridad, yo creo que en eso habr\u00eda que hacer un an\u00e1lisis muy puntual, muy detallado de qu\u00e9 es lo que se est\u00e1 presentando. En mi calidad de Presidenta tengo que asegurarme que ese an\u00e1lisis se lleve a cabo, que reciban el documento y estar atenta a todas las solicitudes que hagan\u201d,<\/em> asever\u00f3.<\/p>\n<p>La diputada Lisette L\u00f3pez God\u00ednez estim\u00f3 que antes de finalizar octubre llevar\u00edan a cabo el an\u00e1lisis respectivo, ya que en noviembre lo prioritario es el paquete econ\u00f3mico para el ejercicio fiscal de 2018 y las leyes de ingresos de los 72 municipios, entre otros temas relacionados con la cuesti\u00f3n presupuestal.<\/p>\n<p>&nbsp;<\/p>\n<p>(Fecha de publicaci\u00f3n 13102017)<\/p>\n","protected":false},"excerpt":{"rendered":"<p>HERMOSILLO, SONORA. MX.\u2014\u00a0 La diputada Lisette L\u00f3pez God\u00ednez, presidenta de la mesa directiva del Congreso&#8230;<\/p>\n","protected":false},"author":1,"featured_media":27448,"comment_status":"open","ping_status":"open","sticky":false,"template":"","format":"standard","meta":{"_monsterinsights_skip_tracking":false,"_monsterinsights_sitenote_active":false,"_monsterinsights_sitenote_note":"","_monsterinsights_sitenote_category":0,"footnotes":""},"categories":[13,22],"tags":[],"class_list":["post"],"yoast_head":" \n<title>Sonora en Equipo. Recibe el Poder Legislativo Segundo Informe de Gobierno Destacadas<\/title>\n<meta name=\"description\" content=\"HERMOSILLO, SONORA. MX.\u2014\u00a0 La diputada Lisette L\u00f3pez God\u00ednez, presidenta de la mesa directiva del Congreso del Estado, recibi\u00f3 esta ma\u00f1ana el Informe a En Sonora en Equipo publicamos toda la informaci\u00f3n de Sonora, M\u00e9xico y el Mundo de manera oportuna y busca que la libertad de expresi\u00f3n sea real. Visita nuestro medio informativo publicado desde Hermosillo, Sonora. %\" \/>\n<meta name=\"robots\" content=\"index, follow, max-snippet:-1, max-image-preview:large, max-video-preview:-1\" \/>\n<link rel=\"canonical\" href=\"https:\/\/www.sonoraenequipo.com.mx\/recibe-poder-legislativo-segundo-informe-gobierno\/\" \/>\n<meta property=\"og:locale\" content=\"es_ES\" \/>\n<meta property=\"og:type\" content=\"article\" \/>\n<meta property=\"og:title\" content=\"Sonora en Equipo. Recibe el Poder Legislativo Segundo Informe de Gobierno Destacadas\" \/>\n<meta property=\"og:description\" content=\"HERMOSILLO, SONORA. MX.\u2014\u00a0 La diputada Lisette L\u00f3pez God\u00ednez, presidenta de la mesa directiva del Congreso del Estado, recibi\u00f3 esta ma\u00f1ana el Informe a En Sonora en Equipo publicamos toda la informaci\u00f3n de Sonora, M\u00e9xico y el Mundo de manera oportuna y busca que la libertad de expresi\u00f3n sea real. Visita nuestro medio informativo publicado desde Hermosillo, Sonora. %\" \/>\n<meta property=\"og:url\" content=\"https:\/\/www.sonoraenequipo.com.mx\/recibe-poder-legislativo-segundo-informe-gobierno\/\" \/>\n<meta property=\"og:site_name\" content=\"Sonora en Equipo.\" \/>\n<meta property=\"article:publisher\" content=\"https:\/\/www.facebook.com\/SonoraEE\/\" \/>\n<meta property=\"article:author\" content=\"https:\/\/www.facebook.com\/SonoraEE\" \/>\n<meta property=\"article:published_time\" content=\"2017-10-13T20:43:26+00:00\" \/>\n<meta property=\"article:modified_time\" content=\"2017-10-13T23:50:07+00:00\" \/>\n<meta property=\"og:image\" content=\"https:\/\/www.sonoraenequipo.com.mx\/storage\/2017\/10\/infodeclau_opt.jpg\" \/>\n\t<meta property=\"og:image:width\" content=\"600\" \/>\n\t<meta property=\"og:image:height\" content=\"400\" \/>\n\t<meta property=\"og:image:type\" content=\"image\/jpeg\" \/>\n<meta name=\"author\" content=\"enequipo\" \/>\n<meta name=\"twitter:card\" content=\"summary_large_image\" \/>\n<meta name=\"twitter:creator\" content=\"@sonoraenequipo\" \/>\n<meta name=\"twitter:site\" content=\"@sonoraenequipo\" \/>\n<meta name=\"twitter:label1\" content=\"Escrito por\" \/>\n\t<meta name=\"twitter:data1\" content=\"enequipo\" \/>\n\t<meta name=\"twitter:label2\" content=\"Tiempo de lectura\" \/>\n\t<meta name=\"twitter:data2\" content=\"3 minutos\" \/>\n<script type=\"application\/ld+json\" class=\"yoast-schema-graph\">{\"@context\":\"https:\/\/schema.org\",\"@graph\":[{\"@type\":\"Article\",\"@id\":\"https:\/\/www.sonoraenequipo.com.mx\/recibe-poder-legislativo-segundo-informe-gobierno\/#article\",\"isPartOf\":{\"@id\":\"https:\/\/www.sonoraenequipo.com.mx\/recibe-poder-legislativo-segundo-informe-gobierno\/\"},\"author\":{\"name\":\"enequipo\",\"@id\":\"https:\/\/www.sonoraenequipo.com.mx\/#\/schema\/person\/50102df0fb23a8fa9e8effad8fa81386\"},\"headline\":\"Recibe el Poder Legislativo Segundo Informe de Gobierno\",\"datePublished\":\"2017-10-13T20:43:26+00:00\",\"dateModified\":\"2017-10-13T23:50:07+00:00\",\"mainEntityOfPage\":{\"@id\":\"https:\/\/www.sonoraenequipo.com.mx\/recibe-poder-legislativo-segundo-informe-gobierno\/\"},\"wordCount\":632,\"commentCount\":0,\"publisher\":{\"@id\":\"https:\/\/www.sonoraenequipo.com.mx\/#organization\"},\"image\":{\"@id\":\"https:\/\/www.sonoraenequipo.com.mx\/recibe-poder-legislativo-segundo-informe-gobierno\/#primaryimage\"},\"thumbnailUrl\":\"https:\/\/www.sonoraenequipo.com.mx\/storage\/2017\/10\/infodeclau_opt.jpg\",\"articleSection\":[\"Destacadas\",\"Sonora\"],\"inLanguage\":\"es\",\"potentialAction\":[{\"@type\":\"CommentAction\",\"name\":\"Comment\",\"target\":[\"https:\/\/www.sonoraenequipo.com.mx\/recibe-poder-legislativo-segundo-informe-gobierno\/#respond\"]}]},{\"@type\":\"WebPage\",\"@id\":\"https:\/\/www.sonoraenequipo.com.mx\/recibe-poder-legislativo-segundo-informe-gobierno\/\",\"url\":\"https:\/\/www.sonoraenequipo.com.mx\/recibe-poder-legislativo-segundo-informe-gobierno\/\",\"name\":\"Sonora en Equipo. Recibe el Poder Legislativo Segundo Informe de Gobierno Destacadas\",\"isPartOf\":{\"@id\":\"https:\/\/www.sonoraenequipo.com.mx\/#website\"},\"primaryImageOfPage\":{\"@id\":\"https:\/\/www.sonoraenequipo.com.mx\/recibe-poder-legislativo-segundo-informe-gobierno\/#primaryimage\"},\"image\":{\"@id\":\"https:\/\/www.sonoraenequipo.com.mx\/recibe-poder-legislativo-segundo-informe-gobierno\/#primaryimage\"},\"thumbnailUrl\":\"https:\/\/www.sonoraenequipo.com.mx\/storage\/2017\/10\/infodeclau_opt.jpg\",\"datePublished\":\"2017-10-13T20:43:26+00:00\",\"dateModified\":\"2017-10-13T23:50:07+00:00\",\"description\":\"HERMOSILLO, SONORA. MX.\u2014\u00a0 La diputada Lisette L\u00f3pez God\u00ednez, presidenta de la mesa directiva del Congreso del Estado, recibi\u00f3 esta ma\u00f1ana el Informe a En Sonora en Equipo publicamos toda la informaci\u00f3n de Sonora, M\u00e9xico y el Mundo de manera oportuna y busca que la libertad de expresi\u00f3n sea real. Visita nuestro medio informativo publicado desde Hermosillo, Sonora. %\",\"breadcrumb\":{\"@id\":\"https:\/\/www.sonoraenequipo.com.mx\/recibe-poder-legislativo-segundo-informe-gobierno\/#breadcrumb\"},\"inLanguage\":\"es\",\"potentialAction\":[{\"@type\":\"ReadAction\",\"target\":[\"https:\/\/www.sonoraenequipo.com.mx\/recibe-poder-legislativo-segundo-informe-gobierno\/\"]}]},{\"@type\":\"ImageObject\",\"inLanguage\":\"es\",\"@id\":\"https:\/\/www.sonoraenequipo.com.mx\/recibe-poder-legislativo-segundo-informe-gobierno\/#primaryimage\",\"url\":\"https:\/\/www.sonoraenequipo.com.mx\/storage\/2017\/10\/infodeclau_opt.jpg\",\"contentUrl\":\"https:\/\/www.sonoraenequipo.com.mx\/storage\/2017\/10\/infodeclau_opt.jpg\",\"width\":600,\"height\":400},{\"@type\":\"BreadcrumbList\",\"@id\":\"https:\/\/www.sonoraenequipo.com.mx\/recibe-poder-legislativo-segundo-informe-gobierno\/#breadcrumb\",\"itemListElement\":[{\"@type\":\"ListItem\",\"position\":1,\"name\":\"Portada\",\"item\":\"https:\/\/www.sonoraenequipo.com.mx\/\"},{\"@type\":\"ListItem\",\"position\":2,\"name\":\"Recibe el Poder Legislativo Segundo Informe de Gobierno\"}]},{\"@type\":\"WebSite\",\"@id\":\"https:\/\/www.sonoraenequipo.com.mx\/#website\",\"url\":\"https:\/\/www.sonoraenequipo.com.mx\/\",\"name\":\"Sonora en Equipo.\",\"description\":\"Diario en l\u00ednea con Noticias desde Hermosillo, Sonora\",\"publisher\":{\"@id\":\"https:\/\/www.sonoraenequipo.com.mx\/#organization\"},\"potentialAction\":[{\"@type\":\"SearchAction\",\"target\":{\"@type\":\"EntryPoint\",\"urlTemplate\":\"https:\/\/www.sonoraenequipo.com.mx\/?s={search_term_string}\"},\"query-input\":{\"@type\":\"PropertyValueSpecification\",\"valueRequired\":true,\"valueName\":\"search_term_string\"}}],\"inLanguage\":\"es\"},{\"@type\":\"Organization\",\"@id\":\"https:\/\/www.sonoraenequipo.com.mx\/#organization\",\"name\":\"Sonoraenequipo.com.mx\",\"url\":\"https:\/\/www.sonoraenequipo.com.mx\/\",\"logo\":{\"@type\":\"ImageObject\",\"inLanguage\":\"es\",\"@id\":\"https:\/\/www.sonoraenequipo.com.mx\/#\/schema\/logo\/image\/\",\"url\":\"https:\/\/www.sonoraenequipo.com.mx\/storage\/2019\/01\/sonoraenequipo_opt.png\",\"contentUrl\":\"https:\/\/www.sonoraenequipo.com.mx\/storage\/2019\/01\/sonoraenequipo_opt.png\",\"width\":375,\"height\":125,\"caption\":\"Sonoraenequipo.com.mx\"},\"image\":{\"@id\":\"https:\/\/www.sonoraenequipo.com.mx\/#\/schema\/logo\/image\/\"},\"sameAs\":[\"https:\/\/www.facebook.com\/SonoraEE\/\",\"https:\/\/x.com\/sonoraenequipo\",\"https:\/\/www.youtube.com\/channel\/UC338nW-lPEYmJQs4ZABQ1SQ\"]},{\"@type\":\"Person\",\"@id\":\"https:\/\/www.sonoraenequipo.com.mx\/#\/schema\/person\/50102df0fb23a8fa9e8effad8fa81386\",\"name\":\"enequipo\",\"image\":{\"@type\":\"ImageObject\",\"inLanguage\":\"es\",\"@id\":\"https:\/\/www.sonoraenequipo.com.mx\/#\/schema\/person\/image\/\",\"url\":\"https:\/\/secure.gravatar.com\/avatar\/049821681b589dabc0bc20695993ccebb09f5b5d4d790cd9251b97faac7c652b?s=96&d=blank&r=g\",\"contentUrl\":\"https:\/\/secure.gravatar.com\/avatar\/049821681b589dabc0bc20695993ccebb09f5b5d4d790cd9251b97faac7c652b?s=96&d=blank&r=g\",\"caption\":\"enequipo\"},\"sameAs\":[\"https:\/\/www.facebook.com\/SonoraEE\"]}]}<\/script>\n ","yoast_head_json":{"title":"Sonora en Equipo. Recibe el Poder Legislativo Segundo Informe de Gobierno Destacadas","description":"HERMOSILLO, SONORA. MX.\u2014\u00a0 La diputada Lisette L\u00f3pez God\u00ednez, presidenta de la mesa directiva del Congreso del Estado, recibi\u00f3 esta ma\u00f1ana el Informe a En Sonora en Equipo publicamos toda la informaci\u00f3n de Sonora, M\u00e9xico y el Mundo de manera oportuna y busca que la libertad de expresi\u00f3n sea real. Visita nuestro medio informativo publicado desde Hermosillo, Sonora. %","robots":{"index":"index","follow":"follow","max-snippet":"max-snippet:-1","max-image-preview":"max-image-preview:large","max-video-preview":"max-video-preview:-1"},"canonical":"https:\/\/www.sonoraenequipo.com.mx\/recibe-poder-legislativo-segundo-informe-gobierno\/","og_locale":"es_ES","og_type":"article","og_title":"Sonora en Equipo. Recibe el Poder Legislativo Segundo Informe de Gobierno Destacadas","og_description":"HERMOSILLO, SONORA. MX.\u2014\u00a0 La diputada Lisette L\u00f3pez God\u00ednez, presidenta de la mesa directiva del Congreso del Estado, recibi\u00f3 esta ma\u00f1ana el Informe a En Sonora en Equipo publicamos toda la informaci\u00f3n de Sonora, M\u00e9xico y el Mundo de manera oportuna y busca que la libertad de expresi\u00f3n sea real. Visita nuestro medio informativo publicado desde Hermosillo, Sonora. %","og_url":"https:\/\/www.sonoraenequipo.com.mx\/recibe-poder-legislativo-segundo-informe-gobierno\/","og_site_name":"Sonora en Equipo.","article_publisher":"https:\/\/www.facebook.com\/SonoraEE\/","article_author":"https:\/\/www.facebook.com\/SonoraEE","article_published_time":"2017-10-13T20:43:26+00:00","article_modified_time":"2017-10-13T23:50:07+00:00","og_image":[{"width":600,"height":400,"url":"https:\/\/www.sonoraenequipo.com.mx\/storage\/2017\/10\/infodeclau_opt.jpg","type":"image\/jpeg"}],"author":"enequipo","twitter_card":"summary_large_image","twitter_creator":"@sonoraenequipo","twitter_site":"@sonoraenequipo","twitter_misc":{"Escrito por":"enequipo","Tiempo de lectura":"3 minutos"},"schema":{"@context":"https:\/\/schema.org","@graph":[{"@type":"Article","@id":"https:\/\/www.sonoraenequipo.com.mx\/recibe-poder-legislativo-segundo-informe-gobierno\/#article","isPartOf":{"@id":"https:\/\/www.sonoraenequipo.com.mx\/recibe-poder-legislativo-segundo-informe-gobierno\/"},"author":{"name":"enequipo","@id":"https:\/\/www.sonoraenequipo.com.mx\/#\/schema\/person\/50102df0fb23a8fa9e8effad8fa81386"},"headline":"Recibe el Poder Legislativo Segundo Informe de Gobierno","datePublished":"2017-10-13T20:43:26+00:00","dateModified":"2017-10-13T23:50:07+00:00","mainEntityOfPage":{"@id":"https:\/\/www.sonoraenequipo.com.mx\/recibe-poder-legislativo-segundo-informe-gobierno\/"},"wordCount":632,"commentCount":0,"publisher":{"@id":"https:\/\/www.sonoraenequipo.com.mx\/#organization"},"image":{"@id":"https:\/\/www.sonoraenequipo.com.mx\/recibe-poder-legislativo-segundo-informe-gobierno\/#primaryimage"},"thumbnailUrl":"https:\/\/www.sonoraenequipo.com.mx\/storage\/2017\/10\/infodeclau_opt.jpg","articleSection":["Destacadas","Sonora"],"inLanguage":"es","potentialAction":[{"@type":"CommentAction","name":"Comment","target":["https:\/\/www.sonoraenequipo.com.mx\/recibe-poder-legislativo-segundo-informe-gobierno\/#respond"]}]},{"@type":"WebPage","@id":"https:\/\/www.sonoraenequipo.com.mx\/recibe-poder-legislativo-segundo-informe-gobierno\/","url":"https:\/\/www.sonoraenequipo.com.mx\/recibe-poder-legislativo-segundo-informe-gobierno\/","name":"Sonora en Equipo. Recibe el Poder Legislativo Segundo Informe de Gobierno Destacadas","isPartOf":{"@id":"https:\/\/www.sonoraenequipo.com.mx\/#website"},"primaryImageOfPage":{"@id":"https:\/\/www.sonoraenequipo.com.mx\/recibe-poder-legislativo-segundo-informe-gobierno\/#primaryimage"},"image":{"@id":"https:\/\/www.sonoraenequipo.com.mx\/recibe-poder-legislativo-segundo-informe-gobierno\/#primaryimage"},"thumbnailUrl":"https:\/\/www.sonoraenequipo.com.mx\/storage\/2017\/10\/infodeclau_opt.jpg","datePublished":"2017-10-13T20:43:26+00:00","dateModified":"2017-10-13T23:50:07+00:00","description":"HERMOSILLO, SONORA. MX.\u2014\u00a0 La diputada Lisette L\u00f3pez God\u00ednez, presidenta de la mesa directiva del Congreso del Estado, recibi\u00f3 esta ma\u00f1ana el Informe a En Sonora en Equipo publicamos toda la informaci\u00f3n de Sonora, M\u00e9xico y el Mundo de manera oportuna y busca que la libertad de expresi\u00f3n sea real. Visita nuestro medio informativo publicado desde Hermosillo, Sonora. %","breadcrumb":{"@id":"https:\/\/www.sonoraenequipo.com.mx\/recibe-poder-legislativo-segundo-informe-gobierno\/#breadcrumb"},"inLanguage":"es","potentialAction":[{"@type":"ReadAction","target":["https:\/\/www.sonoraenequipo.com.mx\/recibe-poder-legislativo-segundo-informe-gobierno\/"]}]},{"@type":"ImageObject","inLanguage":"es","@id":"https:\/\/www.sonoraenequipo.com.mx\/recibe-poder-legislativo-segundo-informe-gobierno\/#primaryimage","url":"https:\/\/www.sonoraenequipo.com.mx\/storage\/2017\/10\/infodeclau_opt.jpg","contentUrl":"https:\/\/www.sonoraenequipo.com.mx\/storage\/2017\/10\/infodeclau_opt.jpg","width":600,"height":400},{"@type":"BreadcrumbList","@id":"https:\/\/www.sonoraenequipo.com.mx\/recibe-poder-legislativo-segundo-informe-gobierno\/#breadcrumb","itemListElement":[{"@type":"ListItem","position":1,"name":"Portada","item":"https:\/\/www.sonoraenequipo.com.mx\/"},{"@type":"ListItem","position":2,"name":"Recibe el Poder Legislativo Segundo Informe de Gobierno"}]},{"@type":"WebSite","@id":"https:\/\/www.sonoraenequipo.com.mx\/#website","url":"https:\/\/www.sonoraenequipo.com.mx\/","name":"Sonora en Equipo.","description":"Diario en l\u00ednea con Noticias desde Hermosillo, Sonora","publisher":{"@id":"https:\/\/www.sonoraenequipo.com.mx\/#organization"},"potentialAction":[{"@type":"SearchAction","target":{"@type":"EntryPoint","urlTemplate":"https:\/\/www.sonoraenequipo.com.mx\/?s={search_term_string}"},"query-input":{"@type":"PropertyValueSpecification","valueRequired":true,"valueName":"search_term_string"}}],"inLanguage":"es"},{"@type":"Organization","@id":"https:\/\/www.sonoraenequipo.com.mx\/#organization","name":"Sonoraenequipo.com.mx","url":"https:\/\/www.sonoraenequipo.com.mx\/","logo":{"@type":"ImageObject","inLanguage":"es","@id":"https:\/\/www.sonoraenequipo.com.mx\/#\/schema\/logo\/image\/","url":"https:\/\/www.sonoraenequipo.com.mx\/storage\/2019\/01\/sonoraenequipo_opt.png","contentUrl":"https:\/\/www.sonoraenequipo.com.mx\/storage\/2019\/01\/sonoraenequipo_opt.png","width":375,"height":125,"caption":"Sonoraenequipo.com.mx"},"image":{"@id":"https:\/\/www.sonoraenequipo.com.mx\/#\/schema\/logo\/image\/"},"sameAs":["https:\/\/www.facebook.com\/SonoraEE\/","https:\/\/x.com\/sonoraenequipo","https:\/\/www.youtube.com\/channel\/UC338nW-lPEYmJQs4ZABQ1SQ"]},{"@type":"Person","@id":"https:\/\/www.sonoraenequipo.com.mx\/#\/schema\/person\/50102df0fb23a8fa9e8effad8fa81386","name":"enequipo","image":{"@type":"ImageObject","inLanguage":"es","@id":"https:\/\/www.sonoraenequipo.com.mx\/#\/schema\/person\/image\/","url":"https:\/\/secure.gravatar.com\/avatar\/049821681b589dabc0bc20695993ccebb09f5b5d4d790cd9251b97faac7c652b?s=96&d=blank&r=g","contentUrl":"https:\/\/secure.gravatar.com\/avatar\/049821681b589dabc0bc20695993ccebb09f5b5d4d790cd9251b97faac7c652b?s=96&d=blank&r=g","caption":"enequipo"},"sameAs":["https:\/\/www.facebook.com\/SonoraEE"]}]}},"jetpack_featured_media_url":"https:\/\/www.sonoraenequipo.com.mx\/storage\/2017\/10\/infodeclau_opt.jpg","_links":{"self":[{"href":"https:\/\/www.sonoraenequipo.com.mx\/api\/wp\/v2\/posts\/27447","targetHints":{"allow":["GET"]}}],"collection":[{"href":"https:\/\/www.sonoraenequipo.com.mx\/api\/wp\/v2\/posts"}],"about":[{"href":"https:\/\/www.sonoraenequipo.com.mx\/api\/wp\/v2\/types\/post"}],"author":[{"embeddable":true,"href":"https:\/\/www.sonoraenequipo.com.mx\/api\/wp\/v2\/users\/1"}],"replies":[{"embeddable":true,"href":"https:\/\/www.sonoraenequipo.com.mx\/api\/wp\/v2\/comments?post=27447"}],"version-history":[{"count":0,"href":"https:\/\/www.sonoraenequipo.com.mx\/api\/wp\/v2\/posts\/27447\/revisions"}],"wp:featuredmedia":[{"embeddable":true,"href":"https:\/\/www.sonoraenequipo.com.mx\/api\/wp\/v2\/media\/27448"}],"wp:attachment":[{"href":"https:\/\/www.sonoraenequipo.com.mx\/api\/wp\/v2\/media?parent=27447"}],"wp:term":[{"taxonomy":"category","embeddable":true,"href":"https:\/\/www.sonoraenequipo.com.mx\/api\/wp\/v2\/categories?post=27447"},{"taxonomy":"post_tag","embeddable":true,"href":"https:\/\/www.sonoraenequipo.com.mx\/api\/wp\/v2\/tags?post=27447"}],"curies":[{"name":"wp","href":"https:\/\/api.w.org\/{rel}","templated":true}]}}