{"id":27453,"date":"2017-10-13T13:55:49","date_gmt":"2017-10-13T20:55:49","guid":{"rendered":"http:\/\/www.sonoraenequipo.com.mx\/?p=27453"},"modified":"2017-10-13T17:07:53","modified_gmt":"2017-10-14T00:07:53","slug":"realizan-campana-reforestacion-jardin-ninos-adelina-encinas-ezrre","status":"publish","type":"post","link":"https:\/\/www.sonoraenequipo.com.mx\/realizan-campana-reforestacion-jardin-ninos-adelina-encinas-ezrre\/","title":{"rendered":"Realizan campa\u00f1a de reforestaci\u00f3n en jard\u00edn de ni\u00f1os \u201cAdelina Encinas Ezrr\u00e9\u201d"},"content":{"rendered":"<p>HERMOSILLO, SONORA. MX. \u2014 Como parte de las campa\u00f1as de reforestaci\u00f3n impulsadas por la Coordinaci\u00f3n de Servicios P\u00fablicos Municipales en las escuelas, se plant\u00f3 el \u00e1rbol mil 600 en el jard\u00edn de ni\u00f1os \u201cAdelina Encinas Ezrr\u00e9\u201d y los estudiantes se sumaron a los m\u00e1s de 500 menores que han adoptado un \u00e1rbol.<\/p>\n<p> <\/p>\n<p>Este viernes, la dependencia municipal se uni\u00f3 al Festival del Huerto que organizan anualmente autoridades educativas y padres de familia del plantel, para concientizar a los ni\u00f1os de la importancia de cuidar el medio ambiente, principalmente preservar los \u00e1rboles para un futuro m\u00e1s saludable.<\/p>\n<p>El festival fue encabezado por Luis Fernando P\u00e9rez Pumarino, titular de la Coordinaci\u00f3n de Servicios P\u00fablicos Municipales, y Carmen Alicia Encinas de la Torre, Directora de la escuela, quienes solicitaron a los ni\u00f1os a responsabilizarse de los \u00e1rboles plantados en el patio de la escuela.<\/p>\n<p><em>\u201cEl programa Adopta un \u00c1rbol es precisamente una semilla en los ni\u00f1os, de lo que se puede hacer por el cuidado del medio ambiente, ellos son el futuro y las nuevas generaciones, ellos van a dejar muy claro lo que se puede hacer junto con los padres de familia\u201d,<\/em> dijo P\u00e9rez Pumarino.<\/p>\n<p>La instrucci\u00f3n del Presidente Municipal, Manuel Ignacio Maloro Acosta es llevar estos programas a las escuelas principalmente, para que desde temprana edad los hermosillenses cuiden su entorno inmediato, con acciones de limpieza y reforestaci\u00f3n, coment\u00f3 el funcionario municipal.<\/p>\n<p>Explic\u00f3 que se forman grupos de 4 a 5 ni\u00f1os para que adopten un \u00e1rbol, le pongan nombre y cada d\u00eda lo cuiden con un riego adecuado, a fin que al egresar del preescolar puedan visitar el plantel y ver el crecimiento del \u00e1rbol.<\/p>\n<p>En tanto, Encinas de la Torre agradeci\u00f3 a las autoridades municipales el participar por segundo a\u00f1o en la organizaci\u00f3n de la Feria del Huerto, la cual tiene el objetivo de sembrar una semilla de amor por la naturaleza y convivencia con la familia.<\/p>\n<p>Reconoci\u00f3 la labor que desarrolla el Ayuntamiento de Hermosillo por mantener una ciudad limpia y ordenada con la colaboraci\u00f3n y apoyo de la poblaci\u00f3n; adem\u00e1s, de fomentar en las nuevas generaciones el amor por el lugar donde habitan.<\/p>\n<p>(Fecha de publicaci\u00f3n 13102017)<\/p>\n","protected":false},"excerpt":{"rendered":"<p>HERMOSILLO, SONORA. MX. \u2014 Como parte de las campa\u00f1as de reforestaci\u00f3n impulsadas por la Coordinaci\u00f3n&#8230;<\/p>\n","protected":false},"author":1,"featured_media":27454,"comment_status":"open","ping_status":"open","sticky":false,"template":"","format":"standard","meta":{"_monsterinsights_skip_tracking":false,"_monsterinsights_sitenote_active":false,"_monsterinsights_sitenote_note":"","_monsterinsights_sitenote_category":0,"footnotes":""},"categories":[13,4],"tags":[],"class_list":["post"],"yoast_head":" \n<title>Sonora en Equipo. Realizan campa\u00f1a de reforestaci\u00f3n en jard\u00edn de ni\u00f1os \u201cAdelina Encinas Ezrr\u00e9\u201d Destacadas<\/title>\n<meta name=\"description\" content=\"HERMOSILLO, SONORA. MX. \u2014 Como parte de las campa\u00f1as de reforestaci\u00f3n impulsadas por la Coordinaci\u00f3n de Servicios P\u00fablicos Municipales en las escuelas, se En Sonora en Equipo publicamos toda la informaci\u00f3n de Sonora, M\u00e9xico y el Mundo de manera oportuna y busca que la libertad de expresi\u00f3n sea real. Visita nuestro medio informativo publicado desde Hermosillo, Sonora. %\" \/>\n<meta name=\"robots\" content=\"index, follow, max-snippet:-1, max-image-preview:large, max-video-preview:-1\" \/>\n<link rel=\"canonical\" href=\"https:\/\/www.sonoraenequipo.com.mx\/realizan-campana-reforestacion-jardin-ninos-adelina-encinas-ezrre\/\" \/>\n<meta property=\"og:locale\" content=\"es_ES\" \/>\n<meta property=\"og:type\" content=\"article\" \/>\n<meta property=\"og:title\" content=\"Sonora en Equipo. Realizan campa\u00f1a de reforestaci\u00f3n en jard\u00edn de ni\u00f1os \u201cAdelina Encinas Ezrr\u00e9\u201d Destacadas\" \/>\n<meta property=\"og:description\" content=\"HERMOSILLO, SONORA. MX. \u2014 Como parte de las campa\u00f1as de reforestaci\u00f3n impulsadas por la Coordinaci\u00f3n de Servicios P\u00fablicos Municipales en las escuelas, se En Sonora en Equipo publicamos toda la informaci\u00f3n de Sonora, M\u00e9xico y el Mundo de manera oportuna y busca que la libertad de expresi\u00f3n sea real. Visita nuestro medio informativo publicado desde Hermosillo, Sonora. %\" \/>\n<meta property=\"og:url\" content=\"https:\/\/www.sonoraenequipo.com.mx\/realizan-campana-reforestacion-jardin-ninos-adelina-encinas-ezrre\/\" \/>\n<meta property=\"og:site_name\" content=\"Sonora en Equipo.\" \/>\n<meta property=\"article:publisher\" content=\"https:\/\/www.facebook.com\/SonoraEE\/\" \/>\n<meta property=\"article:author\" content=\"https:\/\/www.facebook.com\/SonoraEE\" \/>\n<meta property=\"article:published_time\" content=\"2017-10-13T20:55:49+00:00\" \/>\n<meta property=\"article:modified_time\" content=\"2017-10-14T00:07:53+00:00\" \/>\n<meta property=\"og:image\" content=\"https:\/\/www.sonoraenequipo.com.mx\/storage\/2017\/10\/reforestacion_opt.jpg\" \/>\n\t<meta property=\"og:image:width\" content=\"560\" \/>\n\t<meta property=\"og:image:height\" content=\"400\" \/>\n\t<meta property=\"og:image:type\" content=\"image\/jpeg\" \/>\n<meta name=\"author\" content=\"enequipo\" \/>\n<meta name=\"twitter:card\" content=\"summary_large_image\" \/>\n<meta name=\"twitter:creator\" content=\"@sonoraenequipo\" \/>\n<meta name=\"twitter:site\" content=\"@sonoraenequipo\" \/>\n<meta name=\"twitter:label1\" content=\"Escrito por\" \/>\n\t<meta name=\"twitter:data1\" content=\"enequipo\" \/>\n\t<meta name=\"twitter:label2\" content=\"Tiempo de lectura\" \/>\n\t<meta name=\"twitter:data2\" content=\"2 minutos\" \/>\n<script type=\"application\/ld+json\" class=\"yoast-schema-graph\">{\"@context\":\"https:\/\/schema.org\",\"@graph\":[{\"@type\":\"Article\",\"@id\":\"https:\/\/www.sonoraenequipo.com.mx\/realizan-campana-reforestacion-jardin-ninos-adelina-encinas-ezrre\/#article\",\"isPartOf\":{\"@id\":\"https:\/\/www.sonoraenequipo.com.mx\/realizan-campana-reforestacion-jardin-ninos-adelina-encinas-ezrre\/\"},\"author\":{\"name\":\"enequipo\",\"@id\":\"https:\/\/www.sonoraenequipo.com.mx\/#\/schema\/person\/50102df0fb23a8fa9e8effad8fa81386\"},\"headline\":\"Realizan campa\u00f1a de reforestaci\u00f3n en jard\u00edn de ni\u00f1os \u201cAdelina Encinas Ezrr\u00e9\u201d\",\"datePublished\":\"2017-10-13T20:55:49+00:00\",\"dateModified\":\"2017-10-14T00:07:53+00:00\",\"mainEntityOfPage\":{\"@id\":\"https:\/\/www.sonoraenequipo.com.mx\/realizan-campana-reforestacion-jardin-ninos-adelina-encinas-ezrre\/\"},\"wordCount\":394,\"commentCount\":0,\"publisher\":{\"@id\":\"https:\/\/www.sonoraenequipo.com.mx\/#organization\"},\"image\":{\"@id\":\"https:\/\/www.sonoraenequipo.com.mx\/realizan-campana-reforestacion-jardin-ninos-adelina-encinas-ezrre\/#primaryimage\"},\"thumbnailUrl\":\"https:\/\/www.sonoraenequipo.com.mx\/storage\/2017\/10\/reforestacion_opt.jpg\",\"articleSection\":[\"Destacadas\",\"Municipios\"],\"inLanguage\":\"es\",\"potentialAction\":[{\"@type\":\"CommentAction\",\"name\":\"Comment\",\"target\":[\"https:\/\/www.sonoraenequipo.com.mx\/realizan-campana-reforestacion-jardin-ninos-adelina-encinas-ezrre\/#respond\"]}]},{\"@type\":\"WebPage\",\"@id\":\"https:\/\/www.sonoraenequipo.com.mx\/realizan-campana-reforestacion-jardin-ninos-adelina-encinas-ezrre\/\",\"url\":\"https:\/\/www.sonoraenequipo.com.mx\/realizan-campana-reforestacion-jardin-ninos-adelina-encinas-ezrre\/\",\"name\":\"Sonora en Equipo. Realizan campa\u00f1a de reforestaci\u00f3n en jard\u00edn de ni\u00f1os \u201cAdelina Encinas Ezrr\u00e9\u201d Destacadas\",\"isPartOf\":{\"@id\":\"https:\/\/www.sonoraenequipo.com.mx\/#website\"},\"primaryImageOfPage\":{\"@id\":\"https:\/\/www.sonoraenequipo.com.mx\/realizan-campana-reforestacion-jardin-ninos-adelina-encinas-ezrre\/#primaryimage\"},\"image\":{\"@id\":\"https:\/\/www.sonoraenequipo.com.mx\/realizan-campana-reforestacion-jardin-ninos-adelina-encinas-ezrre\/#primaryimage\"},\"thumbnailUrl\":\"https:\/\/www.sonoraenequipo.com.mx\/storage\/2017\/10\/reforestacion_opt.jpg\",\"datePublished\":\"2017-10-13T20:55:49+00:00\",\"dateModified\":\"2017-10-14T00:07:53+00:00\",\"description\":\"HERMOSILLO, SONORA. MX. \u2014 Como parte de las campa\u00f1as de reforestaci\u00f3n impulsadas por la Coordinaci\u00f3n de Servicios P\u00fablicos Municipales en las escuelas, se En Sonora en Equipo publicamos toda la informaci\u00f3n de Sonora, M\u00e9xico y el Mundo de manera oportuna y busca que la libertad de expresi\u00f3n sea real. Visita nuestro medio informativo publicado desde Hermosillo, Sonora. %\",\"breadcrumb\":{\"@id\":\"https:\/\/www.sonoraenequipo.com.mx\/realizan-campana-reforestacion-jardin-ninos-adelina-encinas-ezrre\/#breadcrumb\"},\"inLanguage\":\"es\",\"potentialAction\":[{\"@type\":\"ReadAction\",\"target\":[\"https:\/\/www.sonoraenequipo.com.mx\/realizan-campana-reforestacion-jardin-ninos-adelina-encinas-ezrre\/\"]}]},{\"@type\":\"ImageObject\",\"inLanguage\":\"es\",\"@id\":\"https:\/\/www.sonoraenequipo.com.mx\/realizan-campana-reforestacion-jardin-ninos-adelina-encinas-ezrre\/#primaryimage\",\"url\":\"https:\/\/www.sonoraenequipo.com.mx\/storage\/2017\/10\/reforestacion_opt.jpg\",\"contentUrl\":\"https:\/\/www.sonoraenequipo.com.mx\/storage\/2017\/10\/reforestacion_opt.jpg\",\"width\":560,\"height\":400},{\"@type\":\"BreadcrumbList\",\"@id\":\"https:\/\/www.sonoraenequipo.com.mx\/realizan-campana-reforestacion-jardin-ninos-adelina-encinas-ezrre\/#breadcrumb\",\"itemListElement\":[{\"@type\":\"ListItem\",\"position\":1,\"name\":\"Portada\",\"item\":\"https:\/\/www.sonoraenequipo.com.mx\/\"},{\"@type\":\"ListItem\",\"position\":2,\"name\":\"Realizan campa\u00f1a de reforestaci\u00f3n en jard\u00edn de ni\u00f1os \u201cAdelina Encinas Ezrr\u00e9\u201d\"}]},{\"@type\":\"WebSite\",\"@id\":\"https:\/\/www.sonoraenequipo.com.mx\/#website\",\"url\":\"https:\/\/www.sonoraenequipo.com.mx\/\",\"name\":\"Sonora en Equipo.\",\"description\":\"Diario en l\u00ednea con Noticias desde Hermosillo, Sonora\",\"publisher\":{\"@id\":\"https:\/\/www.sonoraenequipo.com.mx\/#organization\"},\"potentialAction\":[{\"@type\":\"SearchAction\",\"target\":{\"@type\":\"EntryPoint\",\"urlTemplate\":\"https:\/\/www.sonoraenequipo.com.mx\/?s={search_term_string}\"},\"query-input\":{\"@type\":\"PropertyValueSpecification\",\"valueRequired\":true,\"valueName\":\"search_term_string\"}}],\"inLanguage\":\"es\"},{\"@type\":\"Organization\",\"@id\":\"https:\/\/www.sonoraenequipo.com.mx\/#organization\",\"name\":\"Sonoraenequipo.com.mx\",\"url\":\"https:\/\/www.sonoraenequipo.com.mx\/\",\"logo\":{\"@type\":\"ImageObject\",\"inLanguage\":\"es\",\"@id\":\"https:\/\/www.sonoraenequipo.com.mx\/#\/schema\/logo\/image\/\",\"url\":\"https:\/\/www.sonoraenequipo.com.mx\/storage\/2019\/01\/sonoraenequipo_opt.png\",\"contentUrl\":\"https:\/\/www.sonoraenequipo.com.mx\/storage\/2019\/01\/sonoraenequipo_opt.png\",\"width\":375,\"height\":125,\"caption\":\"Sonoraenequipo.com.mx\"},\"image\":{\"@id\":\"https:\/\/www.sonoraenequipo.com.mx\/#\/schema\/logo\/image\/\"},\"sameAs\":[\"https:\/\/www.facebook.com\/SonoraEE\/\",\"https:\/\/x.com\/sonoraenequipo\",\"https:\/\/www.youtube.com\/channel\/UC338nW-lPEYmJQs4ZABQ1SQ\"]},{\"@type\":\"Person\",\"@id\":\"https:\/\/www.sonoraenequipo.com.mx\/#\/schema\/person\/50102df0fb23a8fa9e8effad8fa81386\",\"name\":\"enequipo\",\"image\":{\"@type\":\"ImageObject\",\"inLanguage\":\"es\",\"@id\":\"https:\/\/www.sonoraenequipo.com.mx\/#\/schema\/person\/image\/\",\"url\":\"https:\/\/secure.gravatar.com\/avatar\/049821681b589dabc0bc20695993ccebb09f5b5d4d790cd9251b97faac7c652b?s=96&d=blank&r=g\",\"contentUrl\":\"https:\/\/secure.gravatar.com\/avatar\/049821681b589dabc0bc20695993ccebb09f5b5d4d790cd9251b97faac7c652b?s=96&d=blank&r=g\",\"caption\":\"enequipo\"},\"sameAs\":[\"https:\/\/www.facebook.com\/SonoraEE\"]}]}<\/script>\n ","yoast_head_json":{"title":"Sonora en Equipo. Realizan campa\u00f1a de reforestaci\u00f3n en jard\u00edn de ni\u00f1os \u201cAdelina Encinas Ezrr\u00e9\u201d Destacadas","description":"HERMOSILLO, SONORA. MX. \u2014 Como parte de las campa\u00f1as de reforestaci\u00f3n impulsadas por la Coordinaci\u00f3n de Servicios P\u00fablicos Municipales en las escuelas, se En Sonora en Equipo publicamos toda la informaci\u00f3n de Sonora, M\u00e9xico y el Mundo de manera oportuna y busca que la libertad de expresi\u00f3n sea real. Visita nuestro medio informativo publicado desde Hermosillo, Sonora. %","robots":{"index":"index","follow":"follow","max-snippet":"max-snippet:-1","max-image-preview":"max-image-preview:large","max-video-preview":"max-video-preview:-1"},"canonical":"https:\/\/www.sonoraenequipo.com.mx\/realizan-campana-reforestacion-jardin-ninos-adelina-encinas-ezrre\/","og_locale":"es_ES","og_type":"article","og_title":"Sonora en Equipo. Realizan campa\u00f1a de reforestaci\u00f3n en jard\u00edn de ni\u00f1os \u201cAdelina Encinas Ezrr\u00e9\u201d Destacadas","og_description":"HERMOSILLO, SONORA. MX. \u2014 Como parte de las campa\u00f1as de reforestaci\u00f3n impulsadas por la Coordinaci\u00f3n de Servicios P\u00fablicos Municipales en las escuelas, se En Sonora en Equipo publicamos toda la informaci\u00f3n de Sonora, M\u00e9xico y el Mundo de manera oportuna y busca que la libertad de expresi\u00f3n sea real. Visita nuestro medio informativo publicado desde Hermosillo, Sonora. %","og_url":"https:\/\/www.sonoraenequipo.com.mx\/realizan-campana-reforestacion-jardin-ninos-adelina-encinas-ezrre\/","og_site_name":"Sonora en Equipo.","article_publisher":"https:\/\/www.facebook.com\/SonoraEE\/","article_author":"https:\/\/www.facebook.com\/SonoraEE","article_published_time":"2017-10-13T20:55:49+00:00","article_modified_time":"2017-10-14T00:07:53+00:00","og_image":[{"width":560,"height":400,"url":"https:\/\/www.sonoraenequipo.com.mx\/storage\/2017\/10\/reforestacion_opt.jpg","type":"image\/jpeg"}],"author":"enequipo","twitter_card":"summary_large_image","twitter_creator":"@sonoraenequipo","twitter_site":"@sonoraenequipo","twitter_misc":{"Escrito por":"enequipo","Tiempo de lectura":"2 minutos"},"schema":{"@context":"https:\/\/schema.org","@graph":[{"@type":"Article","@id":"https:\/\/www.sonoraenequipo.com.mx\/realizan-campana-reforestacion-jardin-ninos-adelina-encinas-ezrre\/#article","isPartOf":{"@id":"https:\/\/www.sonoraenequipo.com.mx\/realizan-campana-reforestacion-jardin-ninos-adelina-encinas-ezrre\/"},"author":{"name":"enequipo","@id":"https:\/\/www.sonoraenequipo.com.mx\/#\/schema\/person\/50102df0fb23a8fa9e8effad8fa81386"},"headline":"Realizan campa\u00f1a de reforestaci\u00f3n en jard\u00edn de ni\u00f1os \u201cAdelina Encinas Ezrr\u00e9\u201d","datePublished":"2017-10-13T20:55:49+00:00","dateModified":"2017-10-14T00:07:53+00:00","mainEntityOfPage":{"@id":"https:\/\/www.sonoraenequipo.com.mx\/realizan-campana-reforestacion-jardin-ninos-adelina-encinas-ezrre\/"},"wordCount":394,"commentCount":0,"publisher":{"@id":"https:\/\/www.sonoraenequipo.com.mx\/#organization"},"image":{"@id":"https:\/\/www.sonoraenequipo.com.mx\/realizan-campana-reforestacion-jardin-ninos-adelina-encinas-ezrre\/#primaryimage"},"thumbnailUrl":"https:\/\/www.sonoraenequipo.com.mx\/storage\/2017\/10\/reforestacion_opt.jpg","articleSection":["Destacadas","Municipios"],"inLanguage":"es","potentialAction":[{"@type":"CommentAction","name":"Comment","target":["https:\/\/www.sonoraenequipo.com.mx\/realizan-campana-reforestacion-jardin-ninos-adelina-encinas-ezrre\/#respond"]}]},{"@type":"WebPage","@id":"https:\/\/www.sonoraenequipo.com.mx\/realizan-campana-reforestacion-jardin-ninos-adelina-encinas-ezrre\/","url":"https:\/\/www.sonoraenequipo.com.mx\/realizan-campana-reforestacion-jardin-ninos-adelina-encinas-ezrre\/","name":"Sonora en Equipo. Realizan campa\u00f1a de reforestaci\u00f3n en jard\u00edn de ni\u00f1os \u201cAdelina Encinas Ezrr\u00e9\u201d Destacadas","isPartOf":{"@id":"https:\/\/www.sonoraenequipo.com.mx\/#website"},"primaryImageOfPage":{"@id":"https:\/\/www.sonoraenequipo.com.mx\/realizan-campana-reforestacion-jardin-ninos-adelina-encinas-ezrre\/#primaryimage"},"image":{"@id":"https:\/\/www.sonoraenequipo.com.mx\/realizan-campana-reforestacion-jardin-ninos-adelina-encinas-ezrre\/#primaryimage"},"thumbnailUrl":"https:\/\/www.sonoraenequipo.com.mx\/storage\/2017\/10\/reforestacion_opt.jpg","datePublished":"2017-10-13T20:55:49+00:00","dateModified":"2017-10-14T00:07:53+00:00","description":"HERMOSILLO, SONORA. MX. \u2014 Como parte de las campa\u00f1as de reforestaci\u00f3n impulsadas por la Coordinaci\u00f3n de Servicios P\u00fablicos Municipales en las escuelas, se En Sonora en Equipo publicamos toda la informaci\u00f3n de Sonora, M\u00e9xico y el Mundo de manera oportuna y busca que la libertad de expresi\u00f3n sea real. Visita nuestro medio informativo publicado desde Hermosillo, Sonora. %","breadcrumb":{"@id":"https:\/\/www.sonoraenequipo.com.mx\/realizan-campana-reforestacion-jardin-ninos-adelina-encinas-ezrre\/#breadcrumb"},"inLanguage":"es","potentialAction":[{"@type":"ReadAction","target":["https:\/\/www.sonoraenequipo.com.mx\/realizan-campana-reforestacion-jardin-ninos-adelina-encinas-ezrre\/"]}]},{"@type":"ImageObject","inLanguage":"es","@id":"https:\/\/www.sonoraenequipo.com.mx\/realizan-campana-reforestacion-jardin-ninos-adelina-encinas-ezrre\/#primaryimage","url":"https:\/\/www.sonoraenequipo.com.mx\/storage\/2017\/10\/reforestacion_opt.jpg","contentUrl":"https:\/\/www.sonoraenequipo.com.mx\/storage\/2017\/10\/reforestacion_opt.jpg","width":560,"height":400},{"@type":"BreadcrumbList","@id":"https:\/\/www.sonoraenequipo.com.mx\/realizan-campana-reforestacion-jardin-ninos-adelina-encinas-ezrre\/#breadcrumb","itemListElement":[{"@type":"ListItem","position":1,"name":"Portada","item":"https:\/\/www.sonoraenequipo.com.mx\/"},{"@type":"ListItem","position":2,"name":"Realizan campa\u00f1a de reforestaci\u00f3n en jard\u00edn de ni\u00f1os \u201cAdelina Encinas Ezrr\u00e9\u201d"}]},{"@type":"WebSite","@id":"https:\/\/www.sonoraenequipo.com.mx\/#website","url":"https:\/\/www.sonoraenequipo.com.mx\/","name":"Sonora en Equipo.","description":"Diario en l\u00ednea con Noticias desde Hermosillo, Sonora","publisher":{"@id":"https:\/\/www.sonoraenequipo.com.mx\/#organization"},"potentialAction":[{"@type":"SearchAction","target":{"@type":"EntryPoint","urlTemplate":"https:\/\/www.sonoraenequipo.com.mx\/?s={search_term_string}"},"query-input":{"@type":"PropertyValueSpecification","valueRequired":true,"valueName":"search_term_string"}}],"inLanguage":"es"},{"@type":"Organization","@id":"https:\/\/www.sonoraenequipo.com.mx\/#organization","name":"Sonoraenequipo.com.mx","url":"https:\/\/www.sonoraenequipo.com.mx\/","logo":{"@type":"ImageObject","inLanguage":"es","@id":"https:\/\/www.sonoraenequipo.com.mx\/#\/schema\/logo\/image\/","url":"https:\/\/www.sonoraenequipo.com.mx\/storage\/2019\/01\/sonoraenequipo_opt.png","contentUrl":"https:\/\/www.sonoraenequipo.com.mx\/storage\/2019\/01\/sonoraenequipo_opt.png","width":375,"height":125,"caption":"Sonoraenequipo.com.mx"},"image":{"@id":"https:\/\/www.sonoraenequipo.com.mx\/#\/schema\/logo\/image\/"},"sameAs":["https:\/\/www.facebook.com\/SonoraEE\/","https:\/\/x.com\/sonoraenequipo","https:\/\/www.youtube.com\/channel\/UC338nW-lPEYmJQs4ZABQ1SQ"]},{"@type":"Person","@id":"https:\/\/www.sonoraenequipo.com.mx\/#\/schema\/person\/50102df0fb23a8fa9e8effad8fa81386","name":"enequipo","image":{"@type":"ImageObject","inLanguage":"es","@id":"https:\/\/www.sonoraenequipo.com.mx\/#\/schema\/person\/image\/","url":"https:\/\/secure.gravatar.com\/avatar\/049821681b589dabc0bc20695993ccebb09f5b5d4d790cd9251b97faac7c652b?s=96&d=blank&r=g","contentUrl":"https:\/\/secure.gravatar.com\/avatar\/049821681b589dabc0bc20695993ccebb09f5b5d4d790cd9251b97faac7c652b?s=96&d=blank&r=g","caption":"enequipo"},"sameAs":["https:\/\/www.facebook.com\/SonoraEE"]}]}},"jetpack_featured_media_url":"https:\/\/www.sonoraenequipo.com.mx\/storage\/2017\/10\/reforestacion_opt.jpg","_links":{"self":[{"href":"https:\/\/www.sonoraenequipo.com.mx\/api\/wp\/v2\/posts\/27453","targetHints":{"allow":["GET"]}}],"collection":[{"href":"https:\/\/www.sonoraenequipo.com.mx\/api\/wp\/v2\/posts"}],"about":[{"href":"https:\/\/www.sonoraenequipo.com.mx\/api\/wp\/v2\/types\/post"}],"author":[{"embeddable":true,"href":"https:\/\/www.sonoraenequipo.com.mx\/api\/wp\/v2\/users\/1"}],"replies":[{"embeddable":true,"href":"https:\/\/www.sonoraenequipo.com.mx\/api\/wp\/v2\/comments?post=27453"}],"version-history":[{"count":0,"href":"https:\/\/www.sonoraenequipo.com.mx\/api\/wp\/v2\/posts\/27453\/revisions"}],"wp:featuredmedia":[{"embeddable":true,"href":"https:\/\/www.sonoraenequipo.com.mx\/api\/wp\/v2\/media\/27454"}],"wp:attachment":[{"href":"https:\/\/www.sonoraenequipo.com.mx\/api\/wp\/v2\/media?parent=27453"}],"wp:term":[{"taxonomy":"category","embeddable":true,"href":"https:\/\/www.sonoraenequipo.com.mx\/api\/wp\/v2\/categories?post=27453"},{"taxonomy":"post_tag","embeddable":true,"href":"https:\/\/www.sonoraenequipo.com.mx\/api\/wp\/v2\/tags?post=27453"}],"curies":[{"name":"wp","href":"https:\/\/api.w.org\/{rel}","templated":true}]}}