{"id":27459,"date":"2017-10-13T15:00:34","date_gmt":"2017-10-13T22:00:34","guid":{"rendered":"http:\/\/www.sonoraenequipo.com.mx\/?p=27459"},"modified":"2017-10-13T17:21:04","modified_gmt":"2017-10-14T00:21:04","slug":"inician-los-recorridos-lo-la-gente-cuenta-del-trolebus-hermosillo","status":"publish","type":"post","link":"https:\/\/www.sonoraenequipo.com.mx\/inician-los-recorridos-lo-la-gente-cuenta-del-trolebus-hermosillo\/","title":{"rendered":"Inician los recorridos \u201cLo que la gente cuenta\u201d del Troleb\u00fas de Hermosillo"},"content":{"rendered":"<p>HERMOSILLO, SONORA. MX.\u2014 Regresan los recorridos terror\u00edficos \u201cLo que la gente cuenta\u201d del Troleb\u00fas de Hermosillo, durante los meses de octubre y noviembre, como parte de las actividades previas a la celebraci\u00f3n del D\u00eda de Muertos.<\/p>\n<p> <\/p>\n<p>Alejandra Botiller Ledesma, Coordinadora de Troleb\u00fas Hermosillo, inform\u00f3 que los recorridos tem\u00e1ticos inician este viernes 13 de octubre, con una parada muy especial, en el Pante\u00f3n Y\u00e1\u00f1ez.<\/p>\n<p><em>\u201cEl recorrido brinda a los hermosillenses, no s\u00f3lo momentos llenos de diversi\u00f3n, sino que adem\u00e1s rescata y da a conocer la tradici\u00f3n oral de los mitos y leyendas con los que cuenta nuestra localidad\u201d,<\/em> argument\u00f3.<\/p>\n<p>El trayecto inicia en el bulevar Hidalgo, pasa por la Casa de los Duendes, la antigua Penitenciar\u00eda hoy Museo de Sonora, la Capilla del Carmen, la Casa de Mar\u00eda Auxiliadora, el internado Cruz G\u00e1lvez y el Pante\u00f3n Y\u00e1\u00f1ez, culminando en el punto de partida.<\/p>\n<p>Durante esta temporada se contar\u00e1 con los personajes \u201cEl Tirahuesos\u201d y \u201cArlequ\u00edn\u201d, quienes dar\u00e1n mayor color y diversi\u00f3n al recorrido. Tambi\u00e9n se tendr\u00e1 el apoyo de la Polic\u00eda Tur\u00edstica, para una mayor seguridad.<\/p>\n<p>Jurandir P\u00e9rez Ordo\u00f1ez, gu\u00eda certificado, inform\u00f3 que los boletos tienen un costo de 48 pesos y recomend\u00f3 a la ciudadan\u00eda adquirirlos con anticipaci\u00f3n en el M\u00f3dulo de InfoM\u00e9xico, ubicado frente a la Plaza Zaragoza, porque tienen mucha demanda.<\/p>\n<p>Los recorridos tienen una duraci\u00f3n de hora y media y se realizan los d\u00edas viernes, s\u00e1bado y domingo, en tres horarios de 18:00, 19:30 y 21:00 horas.<\/p>\n<p>Todos los recorridos son realizados por gu\u00edas con certificaci\u00f3n oficial de la Secretar\u00eda de Turismo federal, para brindar una informaci\u00f3n precisa de lo que se observa en el trayecto.<\/p>\n<p>&nbsp;<\/p>\n<p>(Fecha de publicaci\u00f3n 13102017)<\/p>\n","protected":false},"excerpt":{"rendered":"<p>HERMOSILLO, SONORA. MX.\u2014 Regresan los recorridos terror\u00edficos \u201cLo que la gente cuenta\u201d del Troleb\u00fas de&#8230;<\/p>\n","protected":false},"author":1,"featured_media":27460,"comment_status":"open","ping_status":"open","sticky":false,"template":"","format":"standard","meta":{"_monsterinsights_skip_tracking":false,"_monsterinsights_sitenote_active":false,"_monsterinsights_sitenote_note":"","_monsterinsights_sitenote_category":0,"footnotes":""},"categories":[13,4],"tags":[],"class_list":["post"],"yoast_head":" \n<title>Sonora en Equipo. Inician los recorridos \u201cLo que la gente cuenta\u201d del Troleb\u00fas de Hermosillo Destacadas<\/title>\n<meta name=\"description\" content=\"HERMOSILLO, SONORA. MX.\u2014 Regresan los recorridos terror\u00edficos \u201cLo que la gente cuenta\u201d del Troleb\u00fas de Hermosillo, durante los meses de octubre y En Sonora en Equipo publicamos toda la informaci\u00f3n de Sonora, M\u00e9xico y el Mundo de manera oportuna y busca que la libertad de expresi\u00f3n sea real. Visita nuestro medio informativo publicado desde Hermosillo, Sonora. %\" \/>\n<meta name=\"robots\" content=\"index, follow, max-snippet:-1, max-image-preview:large, max-video-preview:-1\" \/>\n<link rel=\"canonical\" href=\"https:\/\/www.sonoraenequipo.com.mx\/inician-los-recorridos-lo-la-gente-cuenta-del-trolebus-hermosillo\/\" \/>\n<meta property=\"og:locale\" content=\"es_ES\" \/>\n<meta property=\"og:type\" content=\"article\" \/>\n<meta property=\"og:title\" content=\"Sonora en Equipo. Inician los recorridos \u201cLo que la gente cuenta\u201d del Troleb\u00fas de Hermosillo Destacadas\" \/>\n<meta property=\"og:description\" content=\"HERMOSILLO, SONORA. MX.\u2014 Regresan los recorridos terror\u00edficos \u201cLo que la gente cuenta\u201d del Troleb\u00fas de Hermosillo, durante los meses de octubre y En Sonora en Equipo publicamos toda la informaci\u00f3n de Sonora, M\u00e9xico y el Mundo de manera oportuna y busca que la libertad de expresi\u00f3n sea real. Visita nuestro medio informativo publicado desde Hermosillo, Sonora. %\" \/>\n<meta property=\"og:url\" content=\"https:\/\/www.sonoraenequipo.com.mx\/inician-los-recorridos-lo-la-gente-cuenta-del-trolebus-hermosillo\/\" \/>\n<meta property=\"og:site_name\" content=\"Sonora en Equipo.\" \/>\n<meta property=\"article:publisher\" content=\"https:\/\/www.facebook.com\/SonoraEE\/\" \/>\n<meta property=\"article:author\" content=\"https:\/\/www.facebook.com\/SonoraEE\" \/>\n<meta property=\"article:published_time\" content=\"2017-10-13T22:00:34+00:00\" \/>\n<meta property=\"article:modified_time\" content=\"2017-10-14T00:21:04+00:00\" \/>\n<meta property=\"og:image\" content=\"https:\/\/www.sonoraenequipo.com.mx\/storage\/2017\/10\/loquecuentan_opt.jpg\" \/>\n\t<meta property=\"og:image:width\" content=\"600\" \/>\n\t<meta property=\"og:image:height\" content=\"400\" \/>\n\t<meta property=\"og:image:type\" content=\"image\/jpeg\" \/>\n<meta name=\"author\" content=\"enequipo\" \/>\n<meta name=\"twitter:card\" content=\"summary_large_image\" \/>\n<meta name=\"twitter:creator\" content=\"@sonoraenequipo\" \/>\n<meta name=\"twitter:site\" content=\"@sonoraenequipo\" \/>\n<meta name=\"twitter:label1\" content=\"Escrito por\" \/>\n\t<meta name=\"twitter:data1\" content=\"enequipo\" \/>\n\t<meta name=\"twitter:label2\" content=\"Tiempo de lectura\" \/>\n\t<meta name=\"twitter:data2\" content=\"2 minutos\" \/>\n<script type=\"application\/ld+json\" class=\"yoast-schema-graph\">{\"@context\":\"https:\/\/schema.org\",\"@graph\":[{\"@type\":\"Article\",\"@id\":\"https:\/\/www.sonoraenequipo.com.mx\/inician-los-recorridos-lo-la-gente-cuenta-del-trolebus-hermosillo\/#article\",\"isPartOf\":{\"@id\":\"https:\/\/www.sonoraenequipo.com.mx\/inician-los-recorridos-lo-la-gente-cuenta-del-trolebus-hermosillo\/\"},\"author\":{\"name\":\"enequipo\",\"@id\":\"https:\/\/www.sonoraenequipo.com.mx\/#\/schema\/person\/50102df0fb23a8fa9e8effad8fa81386\"},\"headline\":\"Inician los recorridos \u201cLo que la gente cuenta\u201d del Troleb\u00fas de Hermosillo\",\"datePublished\":\"2017-10-13T22:00:34+00:00\",\"dateModified\":\"2017-10-14T00:21:04+00:00\",\"mainEntityOfPage\":{\"@id\":\"https:\/\/www.sonoraenequipo.com.mx\/inician-los-recorridos-lo-la-gente-cuenta-del-trolebus-hermosillo\/\"},\"wordCount\":319,\"commentCount\":0,\"publisher\":{\"@id\":\"https:\/\/www.sonoraenequipo.com.mx\/#organization\"},\"image\":{\"@id\":\"https:\/\/www.sonoraenequipo.com.mx\/inician-los-recorridos-lo-la-gente-cuenta-del-trolebus-hermosillo\/#primaryimage\"},\"thumbnailUrl\":\"https:\/\/www.sonoraenequipo.com.mx\/storage\/2017\/10\/loquecuentan_opt.jpg\",\"articleSection\":[\"Destacadas\",\"Municipios\"],\"inLanguage\":\"es\",\"potentialAction\":[{\"@type\":\"CommentAction\",\"name\":\"Comment\",\"target\":[\"https:\/\/www.sonoraenequipo.com.mx\/inician-los-recorridos-lo-la-gente-cuenta-del-trolebus-hermosillo\/#respond\"]}]},{\"@type\":\"WebPage\",\"@id\":\"https:\/\/www.sonoraenequipo.com.mx\/inician-los-recorridos-lo-la-gente-cuenta-del-trolebus-hermosillo\/\",\"url\":\"https:\/\/www.sonoraenequipo.com.mx\/inician-los-recorridos-lo-la-gente-cuenta-del-trolebus-hermosillo\/\",\"name\":\"Sonora en Equipo. Inician los recorridos \u201cLo que la gente cuenta\u201d del Troleb\u00fas de Hermosillo Destacadas\",\"isPartOf\":{\"@id\":\"https:\/\/www.sonoraenequipo.com.mx\/#website\"},\"primaryImageOfPage\":{\"@id\":\"https:\/\/www.sonoraenequipo.com.mx\/inician-los-recorridos-lo-la-gente-cuenta-del-trolebus-hermosillo\/#primaryimage\"},\"image\":{\"@id\":\"https:\/\/www.sonoraenequipo.com.mx\/inician-los-recorridos-lo-la-gente-cuenta-del-trolebus-hermosillo\/#primaryimage\"},\"thumbnailUrl\":\"https:\/\/www.sonoraenequipo.com.mx\/storage\/2017\/10\/loquecuentan_opt.jpg\",\"datePublished\":\"2017-10-13T22:00:34+00:00\",\"dateModified\":\"2017-10-14T00:21:04+00:00\",\"description\":\"HERMOSILLO, SONORA. MX.\u2014 Regresan los recorridos terror\u00edficos \u201cLo que la gente cuenta\u201d del Troleb\u00fas de Hermosillo, durante los meses de octubre y En Sonora en Equipo publicamos toda la informaci\u00f3n de Sonora, M\u00e9xico y el Mundo de manera oportuna y busca que la libertad de expresi\u00f3n sea real. Visita nuestro medio informativo publicado desde Hermosillo, Sonora. %\",\"breadcrumb\":{\"@id\":\"https:\/\/www.sonoraenequipo.com.mx\/inician-los-recorridos-lo-la-gente-cuenta-del-trolebus-hermosillo\/#breadcrumb\"},\"inLanguage\":\"es\",\"potentialAction\":[{\"@type\":\"ReadAction\",\"target\":[\"https:\/\/www.sonoraenequipo.com.mx\/inician-los-recorridos-lo-la-gente-cuenta-del-trolebus-hermosillo\/\"]}]},{\"@type\":\"ImageObject\",\"inLanguage\":\"es\",\"@id\":\"https:\/\/www.sonoraenequipo.com.mx\/inician-los-recorridos-lo-la-gente-cuenta-del-trolebus-hermosillo\/#primaryimage\",\"url\":\"https:\/\/www.sonoraenequipo.com.mx\/storage\/2017\/10\/loquecuentan_opt.jpg\",\"contentUrl\":\"https:\/\/www.sonoraenequipo.com.mx\/storage\/2017\/10\/loquecuentan_opt.jpg\",\"width\":600,\"height\":400},{\"@type\":\"BreadcrumbList\",\"@id\":\"https:\/\/www.sonoraenequipo.com.mx\/inician-los-recorridos-lo-la-gente-cuenta-del-trolebus-hermosillo\/#breadcrumb\",\"itemListElement\":[{\"@type\":\"ListItem\",\"position\":1,\"name\":\"Portada\",\"item\":\"https:\/\/www.sonoraenequipo.com.mx\/\"},{\"@type\":\"ListItem\",\"position\":2,\"name\":\"Inician los recorridos \u201cLo que la gente cuenta\u201d del Troleb\u00fas de Hermosillo\"}]},{\"@type\":\"WebSite\",\"@id\":\"https:\/\/www.sonoraenequipo.com.mx\/#website\",\"url\":\"https:\/\/www.sonoraenequipo.com.mx\/\",\"name\":\"Sonora en Equipo.\",\"description\":\"Diario en l\u00ednea con Noticias desde Hermosillo, Sonora\",\"publisher\":{\"@id\":\"https:\/\/www.sonoraenequipo.com.mx\/#organization\"},\"potentialAction\":[{\"@type\":\"SearchAction\",\"target\":{\"@type\":\"EntryPoint\",\"urlTemplate\":\"https:\/\/www.sonoraenequipo.com.mx\/?s={search_term_string}\"},\"query-input\":{\"@type\":\"PropertyValueSpecification\",\"valueRequired\":true,\"valueName\":\"search_term_string\"}}],\"inLanguage\":\"es\"},{\"@type\":\"Organization\",\"@id\":\"https:\/\/www.sonoraenequipo.com.mx\/#organization\",\"name\":\"Sonoraenequipo.com.mx\",\"url\":\"https:\/\/www.sonoraenequipo.com.mx\/\",\"logo\":{\"@type\":\"ImageObject\",\"inLanguage\":\"es\",\"@id\":\"https:\/\/www.sonoraenequipo.com.mx\/#\/schema\/logo\/image\/\",\"url\":\"https:\/\/www.sonoraenequipo.com.mx\/storage\/2019\/01\/sonoraenequipo_opt.png\",\"contentUrl\":\"https:\/\/www.sonoraenequipo.com.mx\/storage\/2019\/01\/sonoraenequipo_opt.png\",\"width\":375,\"height\":125,\"caption\":\"Sonoraenequipo.com.mx\"},\"image\":{\"@id\":\"https:\/\/www.sonoraenequipo.com.mx\/#\/schema\/logo\/image\/\"},\"sameAs\":[\"https:\/\/www.facebook.com\/SonoraEE\/\",\"https:\/\/x.com\/sonoraenequipo\",\"https:\/\/www.youtube.com\/channel\/UC338nW-lPEYmJQs4ZABQ1SQ\"]},{\"@type\":\"Person\",\"@id\":\"https:\/\/www.sonoraenequipo.com.mx\/#\/schema\/person\/50102df0fb23a8fa9e8effad8fa81386\",\"name\":\"enequipo\",\"image\":{\"@type\":\"ImageObject\",\"inLanguage\":\"es\",\"@id\":\"https:\/\/www.sonoraenequipo.com.mx\/#\/schema\/person\/image\/\",\"url\":\"https:\/\/secure.gravatar.com\/avatar\/049821681b589dabc0bc20695993ccebb09f5b5d4d790cd9251b97faac7c652b?s=96&d=blank&r=g\",\"contentUrl\":\"https:\/\/secure.gravatar.com\/avatar\/049821681b589dabc0bc20695993ccebb09f5b5d4d790cd9251b97faac7c652b?s=96&d=blank&r=g\",\"caption\":\"enequipo\"},\"sameAs\":[\"https:\/\/www.facebook.com\/SonoraEE\"]}]}<\/script>\n ","yoast_head_json":{"title":"Sonora en Equipo. Inician los recorridos \u201cLo que la gente cuenta\u201d del Troleb\u00fas de Hermosillo Destacadas","description":"HERMOSILLO, SONORA. MX.\u2014 Regresan los recorridos terror\u00edficos \u201cLo que la gente cuenta\u201d del Troleb\u00fas de Hermosillo, durante los meses de octubre y En Sonora en Equipo publicamos toda la informaci\u00f3n de Sonora, M\u00e9xico y el Mundo de manera oportuna y busca que la libertad de expresi\u00f3n sea real. Visita nuestro medio informativo publicado desde Hermosillo, Sonora. %","robots":{"index":"index","follow":"follow","max-snippet":"max-snippet:-1","max-image-preview":"max-image-preview:large","max-video-preview":"max-video-preview:-1"},"canonical":"https:\/\/www.sonoraenequipo.com.mx\/inician-los-recorridos-lo-la-gente-cuenta-del-trolebus-hermosillo\/","og_locale":"es_ES","og_type":"article","og_title":"Sonora en Equipo. Inician los recorridos \u201cLo que la gente cuenta\u201d del Troleb\u00fas de Hermosillo Destacadas","og_description":"HERMOSILLO, SONORA. MX.\u2014 Regresan los recorridos terror\u00edficos \u201cLo que la gente cuenta\u201d del Troleb\u00fas de Hermosillo, durante los meses de octubre y En Sonora en Equipo publicamos toda la informaci\u00f3n de Sonora, M\u00e9xico y el Mundo de manera oportuna y busca que la libertad de expresi\u00f3n sea real. Visita nuestro medio informativo publicado desde Hermosillo, Sonora. %","og_url":"https:\/\/www.sonoraenequipo.com.mx\/inician-los-recorridos-lo-la-gente-cuenta-del-trolebus-hermosillo\/","og_site_name":"Sonora en Equipo.","article_publisher":"https:\/\/www.facebook.com\/SonoraEE\/","article_author":"https:\/\/www.facebook.com\/SonoraEE","article_published_time":"2017-10-13T22:00:34+00:00","article_modified_time":"2017-10-14T00:21:04+00:00","og_image":[{"width":600,"height":400,"url":"https:\/\/www.sonoraenequipo.com.mx\/storage\/2017\/10\/loquecuentan_opt.jpg","type":"image\/jpeg"}],"author":"enequipo","twitter_card":"summary_large_image","twitter_creator":"@sonoraenequipo","twitter_site":"@sonoraenequipo","twitter_misc":{"Escrito por":"enequipo","Tiempo de lectura":"2 minutos"},"schema":{"@context":"https:\/\/schema.org","@graph":[{"@type":"Article","@id":"https:\/\/www.sonoraenequipo.com.mx\/inician-los-recorridos-lo-la-gente-cuenta-del-trolebus-hermosillo\/#article","isPartOf":{"@id":"https:\/\/www.sonoraenequipo.com.mx\/inician-los-recorridos-lo-la-gente-cuenta-del-trolebus-hermosillo\/"},"author":{"name":"enequipo","@id":"https:\/\/www.sonoraenequipo.com.mx\/#\/schema\/person\/50102df0fb23a8fa9e8effad8fa81386"},"headline":"Inician los recorridos \u201cLo que la gente cuenta\u201d del Troleb\u00fas de Hermosillo","datePublished":"2017-10-13T22:00:34+00:00","dateModified":"2017-10-14T00:21:04+00:00","mainEntityOfPage":{"@id":"https:\/\/www.sonoraenequipo.com.mx\/inician-los-recorridos-lo-la-gente-cuenta-del-trolebus-hermosillo\/"},"wordCount":319,"commentCount":0,"publisher":{"@id":"https:\/\/www.sonoraenequipo.com.mx\/#organization"},"image":{"@id":"https:\/\/www.sonoraenequipo.com.mx\/inician-los-recorridos-lo-la-gente-cuenta-del-trolebus-hermosillo\/#primaryimage"},"thumbnailUrl":"https:\/\/www.sonoraenequipo.com.mx\/storage\/2017\/10\/loquecuentan_opt.jpg","articleSection":["Destacadas","Municipios"],"inLanguage":"es","potentialAction":[{"@type":"CommentAction","name":"Comment","target":["https:\/\/www.sonoraenequipo.com.mx\/inician-los-recorridos-lo-la-gente-cuenta-del-trolebus-hermosillo\/#respond"]}]},{"@type":"WebPage","@id":"https:\/\/www.sonoraenequipo.com.mx\/inician-los-recorridos-lo-la-gente-cuenta-del-trolebus-hermosillo\/","url":"https:\/\/www.sonoraenequipo.com.mx\/inician-los-recorridos-lo-la-gente-cuenta-del-trolebus-hermosillo\/","name":"Sonora en Equipo. Inician los recorridos \u201cLo que la gente cuenta\u201d del Troleb\u00fas de Hermosillo Destacadas","isPartOf":{"@id":"https:\/\/www.sonoraenequipo.com.mx\/#website"},"primaryImageOfPage":{"@id":"https:\/\/www.sonoraenequipo.com.mx\/inician-los-recorridos-lo-la-gente-cuenta-del-trolebus-hermosillo\/#primaryimage"},"image":{"@id":"https:\/\/www.sonoraenequipo.com.mx\/inician-los-recorridos-lo-la-gente-cuenta-del-trolebus-hermosillo\/#primaryimage"},"thumbnailUrl":"https:\/\/www.sonoraenequipo.com.mx\/storage\/2017\/10\/loquecuentan_opt.jpg","datePublished":"2017-10-13T22:00:34+00:00","dateModified":"2017-10-14T00:21:04+00:00","description":"HERMOSILLO, SONORA. MX.\u2014 Regresan los recorridos terror\u00edficos \u201cLo que la gente cuenta\u201d del Troleb\u00fas de Hermosillo, durante los meses de octubre y En Sonora en Equipo publicamos toda la informaci\u00f3n de Sonora, M\u00e9xico y el Mundo de manera oportuna y busca que la libertad de expresi\u00f3n sea real. Visita nuestro medio informativo publicado desde Hermosillo, Sonora. %","breadcrumb":{"@id":"https:\/\/www.sonoraenequipo.com.mx\/inician-los-recorridos-lo-la-gente-cuenta-del-trolebus-hermosillo\/#breadcrumb"},"inLanguage":"es","potentialAction":[{"@type":"ReadAction","target":["https:\/\/www.sonoraenequipo.com.mx\/inician-los-recorridos-lo-la-gente-cuenta-del-trolebus-hermosillo\/"]}]},{"@type":"ImageObject","inLanguage":"es","@id":"https:\/\/www.sonoraenequipo.com.mx\/inician-los-recorridos-lo-la-gente-cuenta-del-trolebus-hermosillo\/#primaryimage","url":"https:\/\/www.sonoraenequipo.com.mx\/storage\/2017\/10\/loquecuentan_opt.jpg","contentUrl":"https:\/\/www.sonoraenequipo.com.mx\/storage\/2017\/10\/loquecuentan_opt.jpg","width":600,"height":400},{"@type":"BreadcrumbList","@id":"https:\/\/www.sonoraenequipo.com.mx\/inician-los-recorridos-lo-la-gente-cuenta-del-trolebus-hermosillo\/#breadcrumb","itemListElement":[{"@type":"ListItem","position":1,"name":"Portada","item":"https:\/\/www.sonoraenequipo.com.mx\/"},{"@type":"ListItem","position":2,"name":"Inician los recorridos \u201cLo que la gente cuenta\u201d del Troleb\u00fas de Hermosillo"}]},{"@type":"WebSite","@id":"https:\/\/www.sonoraenequipo.com.mx\/#website","url":"https:\/\/www.sonoraenequipo.com.mx\/","name":"Sonora en Equipo.","description":"Diario en l\u00ednea con Noticias desde Hermosillo, Sonora","publisher":{"@id":"https:\/\/www.sonoraenequipo.com.mx\/#organization"},"potentialAction":[{"@type":"SearchAction","target":{"@type":"EntryPoint","urlTemplate":"https:\/\/www.sonoraenequipo.com.mx\/?s={search_term_string}"},"query-input":{"@type":"PropertyValueSpecification","valueRequired":true,"valueName":"search_term_string"}}],"inLanguage":"es"},{"@type":"Organization","@id":"https:\/\/www.sonoraenequipo.com.mx\/#organization","name":"Sonoraenequipo.com.mx","url":"https:\/\/www.sonoraenequipo.com.mx\/","logo":{"@type":"ImageObject","inLanguage":"es","@id":"https:\/\/www.sonoraenequipo.com.mx\/#\/schema\/logo\/image\/","url":"https:\/\/www.sonoraenequipo.com.mx\/storage\/2019\/01\/sonoraenequipo_opt.png","contentUrl":"https:\/\/www.sonoraenequipo.com.mx\/storage\/2019\/01\/sonoraenequipo_opt.png","width":375,"height":125,"caption":"Sonoraenequipo.com.mx"},"image":{"@id":"https:\/\/www.sonoraenequipo.com.mx\/#\/schema\/logo\/image\/"},"sameAs":["https:\/\/www.facebook.com\/SonoraEE\/","https:\/\/x.com\/sonoraenequipo","https:\/\/www.youtube.com\/channel\/UC338nW-lPEYmJQs4ZABQ1SQ"]},{"@type":"Person","@id":"https:\/\/www.sonoraenequipo.com.mx\/#\/schema\/person\/50102df0fb23a8fa9e8effad8fa81386","name":"enequipo","image":{"@type":"ImageObject","inLanguage":"es","@id":"https:\/\/www.sonoraenequipo.com.mx\/#\/schema\/person\/image\/","url":"https:\/\/secure.gravatar.com\/avatar\/049821681b589dabc0bc20695993ccebb09f5b5d4d790cd9251b97faac7c652b?s=96&d=blank&r=g","contentUrl":"https:\/\/secure.gravatar.com\/avatar\/049821681b589dabc0bc20695993ccebb09f5b5d4d790cd9251b97faac7c652b?s=96&d=blank&r=g","caption":"enequipo"},"sameAs":["https:\/\/www.facebook.com\/SonoraEE"]}]}},"jetpack_featured_media_url":"https:\/\/www.sonoraenequipo.com.mx\/storage\/2017\/10\/loquecuentan_opt.jpg","_links":{"self":[{"href":"https:\/\/www.sonoraenequipo.com.mx\/api\/wp\/v2\/posts\/27459","targetHints":{"allow":["GET"]}}],"collection":[{"href":"https:\/\/www.sonoraenequipo.com.mx\/api\/wp\/v2\/posts"}],"about":[{"href":"https:\/\/www.sonoraenequipo.com.mx\/api\/wp\/v2\/types\/post"}],"author":[{"embeddable":true,"href":"https:\/\/www.sonoraenequipo.com.mx\/api\/wp\/v2\/users\/1"}],"replies":[{"embeddable":true,"href":"https:\/\/www.sonoraenequipo.com.mx\/api\/wp\/v2\/comments?post=27459"}],"version-history":[{"count":0,"href":"https:\/\/www.sonoraenequipo.com.mx\/api\/wp\/v2\/posts\/27459\/revisions"}],"wp:featuredmedia":[{"embeddable":true,"href":"https:\/\/www.sonoraenequipo.com.mx\/api\/wp\/v2\/media\/27460"}],"wp:attachment":[{"href":"https:\/\/www.sonoraenequipo.com.mx\/api\/wp\/v2\/media?parent=27459"}],"wp:term":[{"taxonomy":"category","embeddable":true,"href":"https:\/\/www.sonoraenequipo.com.mx\/api\/wp\/v2\/categories?post=27459"},{"taxonomy":"post_tag","embeddable":true,"href":"https:\/\/www.sonoraenequipo.com.mx\/api\/wp\/v2\/tags?post=27459"}],"curies":[{"name":"wp","href":"https:\/\/api.w.org\/{rel}","templated":true}]}}