{"id":27466,"date":"2017-10-13T17:10:16","date_gmt":"2017-10-14T00:10:16","guid":{"rendered":"http:\/\/www.sonoraenequipo.com.mx\/?p=27466"},"modified":"2017-10-13T17:57:23","modified_gmt":"2017-10-14T00:57:23","slug":"trabajan-desde-congreso-estimular-emprendimiento-omar-guillen","status":"publish","type":"post","link":"https:\/\/www.sonoraenequipo.com.mx\/trabajan-desde-congreso-estimular-emprendimiento-omar-guillen\/","title":{"rendered":"Trabajan desde el Congreso para estimular el emprendimiento: Omar Guill\u00e9n"},"content":{"rendered":"<p>HERMOSILLO, SONORA. MX.\u2014 Desde el Congreso del Estado estamos trabajando para buscar las leyes que nos ayuden a facilitar la generaci\u00f3n de empleos que Sonora necesita, asegur\u00f3 el diputado Omar Guill\u00e9n Partida, durante su participaci\u00f3n en el Cuarto Foro Atr\u00e9vete a Ser Grande de Voz Empresarial.<\/p>\n<p> <\/p>\n<p>El presidente de la Comisi\u00f3n de Fomento Econ\u00f3mico y Turismo del Poder Legislativo, apunt\u00f3 que la experiencia muestra que de los j\u00f3venes que estudian en las universidades un 85% espera salir a colocarse en un empleo de su especialidad, mientras que s\u00f3lo el 10% desea emprender alg\u00fan negocio propio y el 5% restante no tiene idea de que har\u00e1 cuando concluya sus estudios.<\/p>\n<p>Esto significa para el gobierno, para los empresarios, para las c\u00e1maras empresariales, un gran reto, porque necesitamos crear las fuentes de trabajo, porque hoy lamentablemente gran parte de los egresados de las universidades se tienen que ir a otro estado o a otro pa\u00eds para emplearse dignamente, coment\u00f3.<\/p>\n<p>Esta situaci\u00f3n es un \u00e1rea de oportunidad en la que hay que trabajar fuertemente, es un tema que traemos en el Congreso, c\u00f3mo lograr que se genere m\u00e1s inversi\u00f3n, pero con empleo de mejor calidad, bien pagado, que ayude a mejorar la calidad de vida de las familias.<\/p>\n<p>En este sentido, el diputado Guill\u00e9n Partida consider\u00f3 que el modelo de franquicias que se impulsa a trav\u00e9s del evento donde participaron expertos en el tema es una gran oportunidad para crear esos empleos que el estado necesita.<\/p>\n<p>Coment\u00f3 que desde el Congreso \u00e9l ha estado promoviendo el programa Emprende, donde se re\u00fane a los representantes de la banca p\u00fablica, Fideson a nivel estatal y Nafinsa a nivel federal, para ayudar a que los j\u00f3venes puedan conocer los esquemas de financiamiento disponibles y la informaci\u00f3n necesaria para acceder a esos recursos porque queremos que sean empleadores.<\/p>\n<p><em>\u201cQueremos contribuir a que salgan de las escuelas con la mentalidad de ser empleadores, para que no salgan preocupados por ver quien les va a dar empleo, sino tengan una idea clara de emprendimiento\u201d<\/em>.<\/p>\n<p>En este orden de ideas, el legislador consider\u00f3 que el modelo de franquicias es una buena alternativa que puede ser accedido con recursos de la banca p\u00fablica, adem\u00e1s de los otros proyectos que se pueden incubar.<\/p>\n<p>&nbsp;<\/p>\n<p>(Fecha de publicaci\u00f3n 13102017)<\/p>\n","protected":false},"excerpt":{"rendered":"<p>HERMOSILLO, SONORA. MX.\u2014 Desde el Congreso del Estado estamos trabajando para buscar las leyes que&#8230;<\/p>\n","protected":false},"author":1,"featured_media":27467,"comment_status":"open","ping_status":"open","sticky":false,"template":"","format":"standard","meta":{"_monsterinsights_skip_tracking":false,"_monsterinsights_sitenote_active":false,"_monsterinsights_sitenote_note":"","_monsterinsights_sitenote_category":0,"footnotes":""},"categories":[1,22],"tags":[],"class_list":["post"],"yoast_head":" \n<title>Sonora en Equipo. Trabajan desde el Congreso para estimular el emprendimiento: Omar Guill\u00e9n Sin categorizar<\/title>\n<meta name=\"description\" content=\"HERMOSILLO, SONORA. MX.\u2014 Desde el Congreso del Estado estamos trabajando para buscar las leyes que nos ayuden a facilitar la generaci\u00f3n de empleos que En Sonora en Equipo publicamos toda la informaci\u00f3n de Sonora, M\u00e9xico y el Mundo de manera oportuna y busca que la libertad de expresi\u00f3n sea real. Visita nuestro medio informativo publicado desde Hermosillo, Sonora. %\" \/>\n<meta name=\"robots\" content=\"index, follow, max-snippet:-1, max-image-preview:large, max-video-preview:-1\" \/>\n<link rel=\"canonical\" href=\"https:\/\/www.sonoraenequipo.com.mx\/trabajan-desde-congreso-estimular-emprendimiento-omar-guillen\/\" \/>\n<meta property=\"og:locale\" content=\"es_ES\" \/>\n<meta property=\"og:type\" content=\"article\" \/>\n<meta property=\"og:title\" content=\"Sonora en Equipo. Trabajan desde el Congreso para estimular el emprendimiento: Omar Guill\u00e9n Sin categorizar\" \/>\n<meta property=\"og:description\" content=\"HERMOSILLO, SONORA. MX.\u2014 Desde el Congreso del Estado estamos trabajando para buscar las leyes que nos ayuden a facilitar la generaci\u00f3n de empleos que En Sonora en Equipo publicamos toda la informaci\u00f3n de Sonora, M\u00e9xico y el Mundo de manera oportuna y busca que la libertad de expresi\u00f3n sea real. Visita nuestro medio informativo publicado desde Hermosillo, Sonora. %\" \/>\n<meta property=\"og:url\" content=\"https:\/\/www.sonoraenequipo.com.mx\/trabajan-desde-congreso-estimular-emprendimiento-omar-guillen\/\" \/>\n<meta property=\"og:site_name\" content=\"Sonora en Equipo.\" \/>\n<meta property=\"article:publisher\" content=\"https:\/\/www.facebook.com\/SonoraEE\/\" \/>\n<meta property=\"article:author\" content=\"https:\/\/www.facebook.com\/SonoraEE\" \/>\n<meta property=\"article:published_time\" content=\"2017-10-14T00:10:16+00:00\" \/>\n<meta property=\"article:modified_time\" content=\"2017-10-14T00:57:23+00:00\" \/>\n<meta property=\"og:image\" content=\"https:\/\/www.sonoraenequipo.com.mx\/storage\/2017\/10\/Dip_opt2.jpg\" \/>\n\t<meta property=\"og:image:width\" content=\"600\" \/>\n\t<meta property=\"og:image:height\" content=\"400\" \/>\n\t<meta property=\"og:image:type\" content=\"image\/jpeg\" \/>\n<meta name=\"author\" content=\"enequipo\" \/>\n<meta name=\"twitter:card\" content=\"summary_large_image\" \/>\n<meta name=\"twitter:creator\" content=\"@sonoraenequipo\" \/>\n<meta name=\"twitter:site\" content=\"@sonoraenequipo\" \/>\n<meta name=\"twitter:label1\" content=\"Escrito por\" \/>\n\t<meta name=\"twitter:data1\" content=\"enequipo\" \/>\n\t<meta name=\"twitter:label2\" content=\"Tiempo de lectura\" \/>\n\t<meta name=\"twitter:data2\" content=\"2 minutos\" \/>\n<script type=\"application\/ld+json\" class=\"yoast-schema-graph\">{\"@context\":\"https:\/\/schema.org\",\"@graph\":[{\"@type\":\"Article\",\"@id\":\"https:\/\/www.sonoraenequipo.com.mx\/trabajan-desde-congreso-estimular-emprendimiento-omar-guillen\/#article\",\"isPartOf\":{\"@id\":\"https:\/\/www.sonoraenequipo.com.mx\/trabajan-desde-congreso-estimular-emprendimiento-omar-guillen\/\"},\"author\":{\"name\":\"enequipo\",\"@id\":\"https:\/\/www.sonoraenequipo.com.mx\/#\/schema\/person\/50102df0fb23a8fa9e8effad8fa81386\"},\"headline\":\"Trabajan desde el Congreso para estimular el emprendimiento: Omar Guill\u00e9n\",\"datePublished\":\"2017-10-14T00:10:16+00:00\",\"dateModified\":\"2017-10-14T00:57:23+00:00\",\"mainEntityOfPage\":{\"@id\":\"https:\/\/www.sonoraenequipo.com.mx\/trabajan-desde-congreso-estimular-emprendimiento-omar-guillen\/\"},\"wordCount\":407,\"commentCount\":0,\"publisher\":{\"@id\":\"https:\/\/www.sonoraenequipo.com.mx\/#organization\"},\"image\":{\"@id\":\"https:\/\/www.sonoraenequipo.com.mx\/trabajan-desde-congreso-estimular-emprendimiento-omar-guillen\/#primaryimage\"},\"thumbnailUrl\":\"https:\/\/www.sonoraenequipo.com.mx\/storage\/2017\/10\/Dip_opt2.jpg\",\"articleSection\":[\"Sin categorizar\",\"Sonora\"],\"inLanguage\":\"es\",\"potentialAction\":[{\"@type\":\"CommentAction\",\"name\":\"Comment\",\"target\":[\"https:\/\/www.sonoraenequipo.com.mx\/trabajan-desde-congreso-estimular-emprendimiento-omar-guillen\/#respond\"]}]},{\"@type\":\"WebPage\",\"@id\":\"https:\/\/www.sonoraenequipo.com.mx\/trabajan-desde-congreso-estimular-emprendimiento-omar-guillen\/\",\"url\":\"https:\/\/www.sonoraenequipo.com.mx\/trabajan-desde-congreso-estimular-emprendimiento-omar-guillen\/\",\"name\":\"Sonora en Equipo. Trabajan desde el Congreso para estimular el emprendimiento: Omar Guill\u00e9n Sin categorizar\",\"isPartOf\":{\"@id\":\"https:\/\/www.sonoraenequipo.com.mx\/#website\"},\"primaryImageOfPage\":{\"@id\":\"https:\/\/www.sonoraenequipo.com.mx\/trabajan-desde-congreso-estimular-emprendimiento-omar-guillen\/#primaryimage\"},\"image\":{\"@id\":\"https:\/\/www.sonoraenequipo.com.mx\/trabajan-desde-congreso-estimular-emprendimiento-omar-guillen\/#primaryimage\"},\"thumbnailUrl\":\"https:\/\/www.sonoraenequipo.com.mx\/storage\/2017\/10\/Dip_opt2.jpg\",\"datePublished\":\"2017-10-14T00:10:16+00:00\",\"dateModified\":\"2017-10-14T00:57:23+00:00\",\"description\":\"HERMOSILLO, SONORA. MX.\u2014 Desde el Congreso del Estado estamos trabajando para buscar las leyes que nos ayuden a facilitar la generaci\u00f3n de empleos que En Sonora en Equipo publicamos toda la informaci\u00f3n de Sonora, M\u00e9xico y el Mundo de manera oportuna y busca que la libertad de expresi\u00f3n sea real. Visita nuestro medio informativo publicado desde Hermosillo, Sonora. %\",\"breadcrumb\":{\"@id\":\"https:\/\/www.sonoraenequipo.com.mx\/trabajan-desde-congreso-estimular-emprendimiento-omar-guillen\/#breadcrumb\"},\"inLanguage\":\"es\",\"potentialAction\":[{\"@type\":\"ReadAction\",\"target\":[\"https:\/\/www.sonoraenequipo.com.mx\/trabajan-desde-congreso-estimular-emprendimiento-omar-guillen\/\"]}]},{\"@type\":\"ImageObject\",\"inLanguage\":\"es\",\"@id\":\"https:\/\/www.sonoraenequipo.com.mx\/trabajan-desde-congreso-estimular-emprendimiento-omar-guillen\/#primaryimage\",\"url\":\"https:\/\/www.sonoraenequipo.com.mx\/storage\/2017\/10\/Dip_opt2.jpg\",\"contentUrl\":\"https:\/\/www.sonoraenequipo.com.mx\/storage\/2017\/10\/Dip_opt2.jpg\",\"width\":600,\"height\":400},{\"@type\":\"BreadcrumbList\",\"@id\":\"https:\/\/www.sonoraenequipo.com.mx\/trabajan-desde-congreso-estimular-emprendimiento-omar-guillen\/#breadcrumb\",\"itemListElement\":[{\"@type\":\"ListItem\",\"position\":1,\"name\":\"Portada\",\"item\":\"https:\/\/www.sonoraenequipo.com.mx\/\"},{\"@type\":\"ListItem\",\"position\":2,\"name\":\"Trabajan desde el Congreso para estimular el emprendimiento: Omar Guill\u00e9n\"}]},{\"@type\":\"WebSite\",\"@id\":\"https:\/\/www.sonoraenequipo.com.mx\/#website\",\"url\":\"https:\/\/www.sonoraenequipo.com.mx\/\",\"name\":\"Sonora en Equipo.\",\"description\":\"Diario en l\u00ednea con Noticias desde Hermosillo, Sonora\",\"publisher\":{\"@id\":\"https:\/\/www.sonoraenequipo.com.mx\/#organization\"},\"potentialAction\":[{\"@type\":\"SearchAction\",\"target\":{\"@type\":\"EntryPoint\",\"urlTemplate\":\"https:\/\/www.sonoraenequipo.com.mx\/?s={search_term_string}\"},\"query-input\":{\"@type\":\"PropertyValueSpecification\",\"valueRequired\":true,\"valueName\":\"search_term_string\"}}],\"inLanguage\":\"es\"},{\"@type\":\"Organization\",\"@id\":\"https:\/\/www.sonoraenequipo.com.mx\/#organization\",\"name\":\"Sonoraenequipo.com.mx\",\"url\":\"https:\/\/www.sonoraenequipo.com.mx\/\",\"logo\":{\"@type\":\"ImageObject\",\"inLanguage\":\"es\",\"@id\":\"https:\/\/www.sonoraenequipo.com.mx\/#\/schema\/logo\/image\/\",\"url\":\"https:\/\/www.sonoraenequipo.com.mx\/storage\/2019\/01\/sonoraenequipo_opt.png\",\"contentUrl\":\"https:\/\/www.sonoraenequipo.com.mx\/storage\/2019\/01\/sonoraenequipo_opt.png\",\"width\":375,\"height\":125,\"caption\":\"Sonoraenequipo.com.mx\"},\"image\":{\"@id\":\"https:\/\/www.sonoraenequipo.com.mx\/#\/schema\/logo\/image\/\"},\"sameAs\":[\"https:\/\/www.facebook.com\/SonoraEE\/\",\"https:\/\/x.com\/sonoraenequipo\",\"https:\/\/www.youtube.com\/channel\/UC338nW-lPEYmJQs4ZABQ1SQ\"]},{\"@type\":\"Person\",\"@id\":\"https:\/\/www.sonoraenequipo.com.mx\/#\/schema\/person\/50102df0fb23a8fa9e8effad8fa81386\",\"name\":\"enequipo\",\"image\":{\"@type\":\"ImageObject\",\"inLanguage\":\"es\",\"@id\":\"https:\/\/www.sonoraenequipo.com.mx\/#\/schema\/person\/image\/\",\"url\":\"https:\/\/secure.gravatar.com\/avatar\/049821681b589dabc0bc20695993ccebb09f5b5d4d790cd9251b97faac7c652b?s=96&d=blank&r=g\",\"contentUrl\":\"https:\/\/secure.gravatar.com\/avatar\/049821681b589dabc0bc20695993ccebb09f5b5d4d790cd9251b97faac7c652b?s=96&d=blank&r=g\",\"caption\":\"enequipo\"},\"sameAs\":[\"https:\/\/www.facebook.com\/SonoraEE\"]}]}<\/script>\n ","yoast_head_json":{"title":"Sonora en Equipo. Trabajan desde el Congreso para estimular el emprendimiento: Omar Guill\u00e9n Sin categorizar","description":"HERMOSILLO, SONORA. MX.\u2014 Desde el Congreso del Estado estamos trabajando para buscar las leyes que nos ayuden a facilitar la generaci\u00f3n de empleos que En Sonora en Equipo publicamos toda la informaci\u00f3n de Sonora, M\u00e9xico y el Mundo de manera oportuna y busca que la libertad de expresi\u00f3n sea real. Visita nuestro medio informativo publicado desde Hermosillo, Sonora. %","robots":{"index":"index","follow":"follow","max-snippet":"max-snippet:-1","max-image-preview":"max-image-preview:large","max-video-preview":"max-video-preview:-1"},"canonical":"https:\/\/www.sonoraenequipo.com.mx\/trabajan-desde-congreso-estimular-emprendimiento-omar-guillen\/","og_locale":"es_ES","og_type":"article","og_title":"Sonora en Equipo. Trabajan desde el Congreso para estimular el emprendimiento: Omar Guill\u00e9n Sin categorizar","og_description":"HERMOSILLO, SONORA. MX.\u2014 Desde el Congreso del Estado estamos trabajando para buscar las leyes que nos ayuden a facilitar la generaci\u00f3n de empleos que En Sonora en Equipo publicamos toda la informaci\u00f3n de Sonora, M\u00e9xico y el Mundo de manera oportuna y busca que la libertad de expresi\u00f3n sea real. Visita nuestro medio informativo publicado desde Hermosillo, Sonora. %","og_url":"https:\/\/www.sonoraenequipo.com.mx\/trabajan-desde-congreso-estimular-emprendimiento-omar-guillen\/","og_site_name":"Sonora en Equipo.","article_publisher":"https:\/\/www.facebook.com\/SonoraEE\/","article_author":"https:\/\/www.facebook.com\/SonoraEE","article_published_time":"2017-10-14T00:10:16+00:00","article_modified_time":"2017-10-14T00:57:23+00:00","og_image":[{"width":600,"height":400,"url":"https:\/\/www.sonoraenequipo.com.mx\/storage\/2017\/10\/Dip_opt2.jpg","type":"image\/jpeg"}],"author":"enequipo","twitter_card":"summary_large_image","twitter_creator":"@sonoraenequipo","twitter_site":"@sonoraenequipo","twitter_misc":{"Escrito por":"enequipo","Tiempo de lectura":"2 minutos"},"schema":{"@context":"https:\/\/schema.org","@graph":[{"@type":"Article","@id":"https:\/\/www.sonoraenequipo.com.mx\/trabajan-desde-congreso-estimular-emprendimiento-omar-guillen\/#article","isPartOf":{"@id":"https:\/\/www.sonoraenequipo.com.mx\/trabajan-desde-congreso-estimular-emprendimiento-omar-guillen\/"},"author":{"name":"enequipo","@id":"https:\/\/www.sonoraenequipo.com.mx\/#\/schema\/person\/50102df0fb23a8fa9e8effad8fa81386"},"headline":"Trabajan desde el Congreso para estimular el emprendimiento: Omar Guill\u00e9n","datePublished":"2017-10-14T00:10:16+00:00","dateModified":"2017-10-14T00:57:23+00:00","mainEntityOfPage":{"@id":"https:\/\/www.sonoraenequipo.com.mx\/trabajan-desde-congreso-estimular-emprendimiento-omar-guillen\/"},"wordCount":407,"commentCount":0,"publisher":{"@id":"https:\/\/www.sonoraenequipo.com.mx\/#organization"},"image":{"@id":"https:\/\/www.sonoraenequipo.com.mx\/trabajan-desde-congreso-estimular-emprendimiento-omar-guillen\/#primaryimage"},"thumbnailUrl":"https:\/\/www.sonoraenequipo.com.mx\/storage\/2017\/10\/Dip_opt2.jpg","articleSection":["Sin categorizar","Sonora"],"inLanguage":"es","potentialAction":[{"@type":"CommentAction","name":"Comment","target":["https:\/\/www.sonoraenequipo.com.mx\/trabajan-desde-congreso-estimular-emprendimiento-omar-guillen\/#respond"]}]},{"@type":"WebPage","@id":"https:\/\/www.sonoraenequipo.com.mx\/trabajan-desde-congreso-estimular-emprendimiento-omar-guillen\/","url":"https:\/\/www.sonoraenequipo.com.mx\/trabajan-desde-congreso-estimular-emprendimiento-omar-guillen\/","name":"Sonora en Equipo. Trabajan desde el Congreso para estimular el emprendimiento: Omar Guill\u00e9n Sin categorizar","isPartOf":{"@id":"https:\/\/www.sonoraenequipo.com.mx\/#website"},"primaryImageOfPage":{"@id":"https:\/\/www.sonoraenequipo.com.mx\/trabajan-desde-congreso-estimular-emprendimiento-omar-guillen\/#primaryimage"},"image":{"@id":"https:\/\/www.sonoraenequipo.com.mx\/trabajan-desde-congreso-estimular-emprendimiento-omar-guillen\/#primaryimage"},"thumbnailUrl":"https:\/\/www.sonoraenequipo.com.mx\/storage\/2017\/10\/Dip_opt2.jpg","datePublished":"2017-10-14T00:10:16+00:00","dateModified":"2017-10-14T00:57:23+00:00","description":"HERMOSILLO, SONORA. MX.\u2014 Desde el Congreso del Estado estamos trabajando para buscar las leyes que nos ayuden a facilitar la generaci\u00f3n de empleos que En Sonora en Equipo publicamos toda la informaci\u00f3n de Sonora, M\u00e9xico y el Mundo de manera oportuna y busca que la libertad de expresi\u00f3n sea real. Visita nuestro medio informativo publicado desde Hermosillo, Sonora. %","breadcrumb":{"@id":"https:\/\/www.sonoraenequipo.com.mx\/trabajan-desde-congreso-estimular-emprendimiento-omar-guillen\/#breadcrumb"},"inLanguage":"es","potentialAction":[{"@type":"ReadAction","target":["https:\/\/www.sonoraenequipo.com.mx\/trabajan-desde-congreso-estimular-emprendimiento-omar-guillen\/"]}]},{"@type":"ImageObject","inLanguage":"es","@id":"https:\/\/www.sonoraenequipo.com.mx\/trabajan-desde-congreso-estimular-emprendimiento-omar-guillen\/#primaryimage","url":"https:\/\/www.sonoraenequipo.com.mx\/storage\/2017\/10\/Dip_opt2.jpg","contentUrl":"https:\/\/www.sonoraenequipo.com.mx\/storage\/2017\/10\/Dip_opt2.jpg","width":600,"height":400},{"@type":"BreadcrumbList","@id":"https:\/\/www.sonoraenequipo.com.mx\/trabajan-desde-congreso-estimular-emprendimiento-omar-guillen\/#breadcrumb","itemListElement":[{"@type":"ListItem","position":1,"name":"Portada","item":"https:\/\/www.sonoraenequipo.com.mx\/"},{"@type":"ListItem","position":2,"name":"Trabajan desde el Congreso para estimular el emprendimiento: Omar Guill\u00e9n"}]},{"@type":"WebSite","@id":"https:\/\/www.sonoraenequipo.com.mx\/#website","url":"https:\/\/www.sonoraenequipo.com.mx\/","name":"Sonora en Equipo.","description":"Diario en l\u00ednea con Noticias desde Hermosillo, Sonora","publisher":{"@id":"https:\/\/www.sonoraenequipo.com.mx\/#organization"},"potentialAction":[{"@type":"SearchAction","target":{"@type":"EntryPoint","urlTemplate":"https:\/\/www.sonoraenequipo.com.mx\/?s={search_term_string}"},"query-input":{"@type":"PropertyValueSpecification","valueRequired":true,"valueName":"search_term_string"}}],"inLanguage":"es"},{"@type":"Organization","@id":"https:\/\/www.sonoraenequipo.com.mx\/#organization","name":"Sonoraenequipo.com.mx","url":"https:\/\/www.sonoraenequipo.com.mx\/","logo":{"@type":"ImageObject","inLanguage":"es","@id":"https:\/\/www.sonoraenequipo.com.mx\/#\/schema\/logo\/image\/","url":"https:\/\/www.sonoraenequipo.com.mx\/storage\/2019\/01\/sonoraenequipo_opt.png","contentUrl":"https:\/\/www.sonoraenequipo.com.mx\/storage\/2019\/01\/sonoraenequipo_opt.png","width":375,"height":125,"caption":"Sonoraenequipo.com.mx"},"image":{"@id":"https:\/\/www.sonoraenequipo.com.mx\/#\/schema\/logo\/image\/"},"sameAs":["https:\/\/www.facebook.com\/SonoraEE\/","https:\/\/x.com\/sonoraenequipo","https:\/\/www.youtube.com\/channel\/UC338nW-lPEYmJQs4ZABQ1SQ"]},{"@type":"Person","@id":"https:\/\/www.sonoraenequipo.com.mx\/#\/schema\/person\/50102df0fb23a8fa9e8effad8fa81386","name":"enequipo","image":{"@type":"ImageObject","inLanguage":"es","@id":"https:\/\/www.sonoraenequipo.com.mx\/#\/schema\/person\/image\/","url":"https:\/\/secure.gravatar.com\/avatar\/049821681b589dabc0bc20695993ccebb09f5b5d4d790cd9251b97faac7c652b?s=96&d=blank&r=g","contentUrl":"https:\/\/secure.gravatar.com\/avatar\/049821681b589dabc0bc20695993ccebb09f5b5d4d790cd9251b97faac7c652b?s=96&d=blank&r=g","caption":"enequipo"},"sameAs":["https:\/\/www.facebook.com\/SonoraEE"]}]}},"jetpack_featured_media_url":"https:\/\/www.sonoraenequipo.com.mx\/storage\/2017\/10\/Dip_opt2.jpg","_links":{"self":[{"href":"https:\/\/www.sonoraenequipo.com.mx\/api\/wp\/v2\/posts\/27466","targetHints":{"allow":["GET"]}}],"collection":[{"href":"https:\/\/www.sonoraenequipo.com.mx\/api\/wp\/v2\/posts"}],"about":[{"href":"https:\/\/www.sonoraenequipo.com.mx\/api\/wp\/v2\/types\/post"}],"author":[{"embeddable":true,"href":"https:\/\/www.sonoraenequipo.com.mx\/api\/wp\/v2\/users\/1"}],"replies":[{"embeddable":true,"href":"https:\/\/www.sonoraenequipo.com.mx\/api\/wp\/v2\/comments?post=27466"}],"version-history":[{"count":0,"href":"https:\/\/www.sonoraenequipo.com.mx\/api\/wp\/v2\/posts\/27466\/revisions"}],"wp:featuredmedia":[{"embeddable":true,"href":"https:\/\/www.sonoraenequipo.com.mx\/api\/wp\/v2\/media\/27467"}],"wp:attachment":[{"href":"https:\/\/www.sonoraenequipo.com.mx\/api\/wp\/v2\/media?parent=27466"}],"wp:term":[{"taxonomy":"category","embeddable":true,"href":"https:\/\/www.sonoraenequipo.com.mx\/api\/wp\/v2\/categories?post=27466"},{"taxonomy":"post_tag","embeddable":true,"href":"https:\/\/www.sonoraenequipo.com.mx\/api\/wp\/v2\/tags?post=27466"}],"curies":[{"name":"wp","href":"https:\/\/api.w.org\/{rel}","templated":true}]}}