{"id":27481,"date":"2017-10-13T08:20:00","date_gmt":"2017-10-13T15:20:00","guid":{"rendered":"http:\/\/www.sonoraenequipo.com.mx\/?p=27481"},"modified":"2017-10-13T19:09:22","modified_gmt":"2017-10-14T02:09:22","slug":"nueva-directora-la-unesco","status":"publish","type":"post","link":"https:\/\/www.sonoraenequipo.com.mx\/nueva-directora-la-unesco\/","title":{"rendered":"Nueva directora de la UNESCO"},"content":{"rendered":"<p>PAR\u00cdS, FRANCIA. \u2014 La exministra francesa de Cultura, Audrey Azoulay, fue elegida hoy nueva directora general de la Organizaci\u00f3n de las Naciones Unidas para la Educaci\u00f3n, la Ciencia y la Cultura (UNESCO).<\/p>\n<p> <\/p>\n<p>De acuerdo con fuentes diplom\u00e1ticas, Azoulay se impuso luego de seis votaciones al candidato de Qatar, Hamad ben Abdelaziz al Kaouari, por 30 votos frente a los 28 de su rival.<\/p>\n<p>En la votaci\u00f3n participaron los 58 pa\u00edses miembros del consejo ejecutivo de la organizaci\u00f3n con sede mundial en Par\u00eds, Francia.<\/p>\n<p>La elecci\u00f3n tiene que ser ratificada ahora por la conferencia general de los 195 Estados miembros de la UNESCO, que se celebrar\u00e1 el pr\u00f3ximo 10 de noviembre, pero la ratificaci\u00f3n se considera un acto protocolario.<\/p>\n<p>Azoulay tiene 45 a\u00f1os y suceder\u00e1 a la b\u00falgara Irina Bokova, la primera mujer que dirigi\u00f3 la UNESCO en la historia de la organizaci\u00f3n y que dejar\u00e1 el cargo el pr\u00f3ximo 15 de noviembre.<\/p>\n<p>La exministra francesa de Cultura iniciar\u00e1 su mandato en un dif\u00edcil momento para la organizaci\u00f3n a la que Estados Unidos e Israel comunicaron la v\u00edspera su retirada como miembros de pleno derecho. Al conocer su victoria, el presidente franc\u00e9s Emmanuel Macron felicit\u00f3 a Azoulay y afirm\u00f3 en un breve mensaje en redes sociales que \u201cFrancia seguir\u00e1 luchando por la Ciencia, la Educaci\u00f3n y la Cultura en el mundo.<\/p>\n<p><strong>Las divisiones \u00e1rabes<\/strong><\/p>\n<p>Frente a las divisiones dentro de los pa\u00edses \u00e1rabes, Francia present\u00f3 a Azoulay como una figura de consenso que podr\u00eda mejorar las relaciones y aliviar las tensiones causadas por las recientes resoluciones contra Israel.<\/p>\n<p><em>\u00abAhora m\u00e1s que nunca la Unesco necesita un proyecto (&#8230;) que restablezca la confianza y solucione las divisiones pol\u00edticas\u00bb,<\/em> declar\u00f3 el ministerio franc\u00e9s de Relaciones Exteriores en un comunicado, reaccionando a la salida anunciada de Estados Unidos.<\/p>\n<p>Catar hab\u00eda financiado generosamente la Unesco en los \u00faltimos a\u00f1os y realizado una intensa campa\u00f1a por el puesto, que le habr\u00eda ayudado a impulsar su imagen a nivel internacional en un contexto de crisis con sus vecinos del Golfo.<\/p>\n<p>Pero su candidato tuvo que enfrentar recientemente nuevas sospechas de antisemitismo en torno a \u00e9l, repetidas por el Centro Simon Wiesenthal de Europa y la Liga Antidifamaci\u00f3n (ADL) de Estados Unidos.<\/p>\n<p>Se le reprocha, en particular, su presunto silencio ante la presencia de libros antisemitas durante las ferias del libro organizadas cuando era ministro de Cultura.<\/p>\n<p><strong>La salida de Estados Unidos<\/strong><\/p>\n<p>En pleno proceso electoral en la Unesco, Estados Unidos e Israel anunciaron este jueves su salida de la organizaci\u00f3n.<\/p>\n<p><em>\u00abEsta decisi\u00f3n no se tom\u00f3 a la ligera, y refleja la preocupaci\u00f3n de Estados Unidos por los crecientes impagos a la Unesco, la necesidad de una reforma fundamental en la organizaci\u00f3n y el continuo sesgo contra Israel\u00bb<\/em>, afirm\u00f3 el departamento de Estado.<\/p>\n<p>Bokova, quien hasta este viernes fue la directora general de la organizaci\u00f3n, rechaz\u00f3 esta acusaci\u00f3n y dijo \u00ablamentar profundamente\u00bb la decisi\u00f3n estadounidense.<\/p>\n<p><em>\u00abEst\u00e1 en juego la universalidad de la organizaci\u00f3n\u00bb<\/em>, afirm\u00f3 el viernes en declaraciones a la radio France Info, subrayando que <em>\u00abmuchas instituciones culturales de Estados Unidos, oeneg\u00e9s\u00bb<\/em> tambi\u00e9n expresaron su \u00abdecepci\u00f3n\u00bb.<\/p>\n<p>La crisis por la posici\u00f3n de Estados Unidos se incub\u00f3 desde hace a\u00f1os por las controvertidas posiciones de la Unesco sobre Jerusal\u00e9n y Hebr\u00f3n, defendidas por los pa\u00edses \u00e1rabes.<\/p>\n<p>En 2011 Barack Obama fue quien suspendi\u00f3 la financiaci\u00f3n a la entidad debido a que la Unesco aprob\u00f3 a admisi\u00f3n de la Autoridad Nacional Palestina (ANP) como miembro de pleno derecho de esta organizaci\u00f3n. El pa\u00eds mantiene su postura de una negociaci\u00f3n entre palestinos e israelitas, antes de cualquier reconocimiento del pa\u00eds \u00e1rabe como estado.<\/p>\n<p>La interrupci\u00f3n de la ayuda econ\u00f3mica a la Unesco les represent\u00f3 una p\u00e9rdida m\u00e1s del 20% de su presupuesto.<\/p>\n<p>La decisi\u00f3n de declarar en julio el casco antiguo de Hebr\u00f3n, en la Cisjordania ocupada, como \u00abzona protegida\u00bb del patrimonio mundial palestino, hab\u00eda provocado la ira de Israel.<\/p>\n<p>Tras su retirada, que solo ser\u00e1 efectiva a finales de 2018 conforme a los estatutos de la UNESCO, Washington quiere permanecer como observador.<\/p>\n<p>Estados Unidos ya se retir\u00f3 una vez en 1984, bajo la administraci\u00f3n de Ronald Reagan, motivado entonces por una presunta mala gesti\u00f3n presupuestaria, y no regres\u00f3 a la organizaci\u00f3n hasta 2002.<\/p>\n<p>&nbsp;<\/p>\n<p>(Fecha de publicaci\u00f3n 13102017)<\/p>\n","protected":false},"excerpt":{"rendered":"<p>PAR\u00cdS, FRANCIA. \u2014 La exministra francesa de Cultura, Audrey Azoulay, fue elegida hoy nueva directora&#8230;<\/p>\n","protected":false},"author":1,"featured_media":27482,"comment_status":"open","ping_status":"open","sticky":false,"template":"","format":"standard","meta":{"_monsterinsights_skip_tracking":false,"_monsterinsights_sitenote_active":false,"_monsterinsights_sitenote_note":"","_monsterinsights_sitenote_category":0,"footnotes":""},"categories":[3,1],"tags":[],"class_list":["post"],"yoast_head":" \n<title>Sonora en Equipo. Nueva directora de la UNESCO MUNDO<\/title>\n<meta name=\"description\" content=\"PAR\u00cdS, FRANCIA. \u2014 La exministra francesa de Cultura, Audrey Azoulay, fue elegida hoy nueva directora general de la Organizaci\u00f3n de las Naciones Unidas En Sonora en Equipo publicamos toda la informaci\u00f3n de Sonora, M\u00e9xico y el Mundo de manera oportuna y busca que la libertad de expresi\u00f3n sea real. Visita nuestro medio informativo publicado desde Hermosillo, Sonora. %\" \/>\n<meta name=\"robots\" content=\"index, follow, max-snippet:-1, max-image-preview:large, max-video-preview:-1\" \/>\n<link rel=\"canonical\" href=\"https:\/\/www.sonoraenequipo.com.mx\/nueva-directora-la-unesco\/\" \/>\n<meta property=\"og:locale\" content=\"es_ES\" \/>\n<meta property=\"og:type\" content=\"article\" \/>\n<meta property=\"og:title\" content=\"Sonora en Equipo. Nueva directora de la UNESCO MUNDO\" \/>\n<meta property=\"og:description\" content=\"PAR\u00cdS, FRANCIA. \u2014 La exministra francesa de Cultura, Audrey Azoulay, fue elegida hoy nueva directora general de la Organizaci\u00f3n de las Naciones Unidas En Sonora en Equipo publicamos toda la informaci\u00f3n de Sonora, M\u00e9xico y el Mundo de manera oportuna y busca que la libertad de expresi\u00f3n sea real. Visita nuestro medio informativo publicado desde Hermosillo, Sonora. %\" \/>\n<meta property=\"og:url\" content=\"https:\/\/www.sonoraenequipo.com.mx\/nueva-directora-la-unesco\/\" \/>\n<meta property=\"og:site_name\" content=\"Sonora en Equipo.\" \/>\n<meta property=\"article:publisher\" content=\"https:\/\/www.facebook.com\/SonoraEE\/\" \/>\n<meta property=\"article:author\" content=\"https:\/\/www.facebook.com\/SonoraEE\" \/>\n<meta property=\"article:published_time\" content=\"2017-10-13T15:20:00+00:00\" \/>\n<meta property=\"article:modified_time\" content=\"2017-10-14T02:09:22+00:00\" \/>\n<meta property=\"og:image\" content=\"https:\/\/www.sonoraenequipo.com.mx\/storage\/2017\/10\/audrey_azoulay_opt.jpg\" \/>\n\t<meta property=\"og:image:width\" content=\"601\" \/>\n\t<meta property=\"og:image:height\" content=\"400\" \/>\n\t<meta property=\"og:image:type\" content=\"image\/jpeg\" \/>\n<meta name=\"author\" content=\"enequipo\" \/>\n<meta name=\"twitter:card\" content=\"summary_large_image\" \/>\n<meta name=\"twitter:creator\" content=\"@sonoraenequipo\" \/>\n<meta name=\"twitter:site\" content=\"@sonoraenequipo\" \/>\n<meta name=\"twitter:label1\" content=\"Escrito por\" \/>\n\t<meta name=\"twitter:data1\" content=\"enequipo\" \/>\n\t<meta name=\"twitter:label2\" content=\"Tiempo de lectura\" \/>\n\t<meta name=\"twitter:data2\" content=\"4 minutos\" \/>\n<script type=\"application\/ld+json\" class=\"yoast-schema-graph\">{\"@context\":\"https:\/\/schema.org\",\"@graph\":[{\"@type\":\"Article\",\"@id\":\"https:\/\/www.sonoraenequipo.com.mx\/nueva-directora-la-unesco\/#article\",\"isPartOf\":{\"@id\":\"https:\/\/www.sonoraenequipo.com.mx\/nueva-directora-la-unesco\/\"},\"author\":{\"name\":\"enequipo\",\"@id\":\"https:\/\/www.sonoraenequipo.com.mx\/#\/schema\/person\/50102df0fb23a8fa9e8effad8fa81386\"},\"headline\":\"Nueva directora de la UNESCO\",\"datePublished\":\"2017-10-13T15:20:00+00:00\",\"dateModified\":\"2017-10-14T02:09:22+00:00\",\"mainEntityOfPage\":{\"@id\":\"https:\/\/www.sonoraenequipo.com.mx\/nueva-directora-la-unesco\/\"},\"wordCount\":751,\"commentCount\":0,\"publisher\":{\"@id\":\"https:\/\/www.sonoraenequipo.com.mx\/#organization\"},\"image\":{\"@id\":\"https:\/\/www.sonoraenequipo.com.mx\/nueva-directora-la-unesco\/#primaryimage\"},\"thumbnailUrl\":\"https:\/\/www.sonoraenequipo.com.mx\/storage\/2017\/10\/audrey_azoulay_opt.jpg\",\"articleSection\":[\"MUNDO\",\"Sin categorizar\"],\"inLanguage\":\"es\",\"potentialAction\":[{\"@type\":\"CommentAction\",\"name\":\"Comment\",\"target\":[\"https:\/\/www.sonoraenequipo.com.mx\/nueva-directora-la-unesco\/#respond\"]}]},{\"@type\":\"WebPage\",\"@id\":\"https:\/\/www.sonoraenequipo.com.mx\/nueva-directora-la-unesco\/\",\"url\":\"https:\/\/www.sonoraenequipo.com.mx\/nueva-directora-la-unesco\/\",\"name\":\"Sonora en Equipo. Nueva directora de la UNESCO MUNDO\",\"isPartOf\":{\"@id\":\"https:\/\/www.sonoraenequipo.com.mx\/#website\"},\"primaryImageOfPage\":{\"@id\":\"https:\/\/www.sonoraenequipo.com.mx\/nueva-directora-la-unesco\/#primaryimage\"},\"image\":{\"@id\":\"https:\/\/www.sonoraenequipo.com.mx\/nueva-directora-la-unesco\/#primaryimage\"},\"thumbnailUrl\":\"https:\/\/www.sonoraenequipo.com.mx\/storage\/2017\/10\/audrey_azoulay_opt.jpg\",\"datePublished\":\"2017-10-13T15:20:00+00:00\",\"dateModified\":\"2017-10-14T02:09:22+00:00\",\"description\":\"PAR\u00cdS, FRANCIA. \u2014 La exministra francesa de Cultura, Audrey Azoulay, fue elegida hoy nueva directora general de la Organizaci\u00f3n de las Naciones Unidas En Sonora en Equipo publicamos toda la informaci\u00f3n de Sonora, M\u00e9xico y el Mundo de manera oportuna y busca que la libertad de expresi\u00f3n sea real. Visita nuestro medio informativo publicado desde Hermosillo, Sonora. %\",\"breadcrumb\":{\"@id\":\"https:\/\/www.sonoraenequipo.com.mx\/nueva-directora-la-unesco\/#breadcrumb\"},\"inLanguage\":\"es\",\"potentialAction\":[{\"@type\":\"ReadAction\",\"target\":[\"https:\/\/www.sonoraenequipo.com.mx\/nueva-directora-la-unesco\/\"]}]},{\"@type\":\"ImageObject\",\"inLanguage\":\"es\",\"@id\":\"https:\/\/www.sonoraenequipo.com.mx\/nueva-directora-la-unesco\/#primaryimage\",\"url\":\"https:\/\/www.sonoraenequipo.com.mx\/storage\/2017\/10\/audrey_azoulay_opt.jpg\",\"contentUrl\":\"https:\/\/www.sonoraenequipo.com.mx\/storage\/2017\/10\/audrey_azoulay_opt.jpg\",\"width\":601,\"height\":400},{\"@type\":\"BreadcrumbList\",\"@id\":\"https:\/\/www.sonoraenequipo.com.mx\/nueva-directora-la-unesco\/#breadcrumb\",\"itemListElement\":[{\"@type\":\"ListItem\",\"position\":1,\"name\":\"Portada\",\"item\":\"https:\/\/www.sonoraenequipo.com.mx\/\"},{\"@type\":\"ListItem\",\"position\":2,\"name\":\"Nueva directora de la UNESCO\"}]},{\"@type\":\"WebSite\",\"@id\":\"https:\/\/www.sonoraenequipo.com.mx\/#website\",\"url\":\"https:\/\/www.sonoraenequipo.com.mx\/\",\"name\":\"Sonora en Equipo.\",\"description\":\"Diario en l\u00ednea con Noticias desde Hermosillo, Sonora\",\"publisher\":{\"@id\":\"https:\/\/www.sonoraenequipo.com.mx\/#organization\"},\"potentialAction\":[{\"@type\":\"SearchAction\",\"target\":{\"@type\":\"EntryPoint\",\"urlTemplate\":\"https:\/\/www.sonoraenequipo.com.mx\/?s={search_term_string}\"},\"query-input\":{\"@type\":\"PropertyValueSpecification\",\"valueRequired\":true,\"valueName\":\"search_term_string\"}}],\"inLanguage\":\"es\"},{\"@type\":\"Organization\",\"@id\":\"https:\/\/www.sonoraenequipo.com.mx\/#organization\",\"name\":\"Sonoraenequipo.com.mx\",\"url\":\"https:\/\/www.sonoraenequipo.com.mx\/\",\"logo\":{\"@type\":\"ImageObject\",\"inLanguage\":\"es\",\"@id\":\"https:\/\/www.sonoraenequipo.com.mx\/#\/schema\/logo\/image\/\",\"url\":\"https:\/\/www.sonoraenequipo.com.mx\/storage\/2019\/01\/sonoraenequipo_opt.png\",\"contentUrl\":\"https:\/\/www.sonoraenequipo.com.mx\/storage\/2019\/01\/sonoraenequipo_opt.png\",\"width\":375,\"height\":125,\"caption\":\"Sonoraenequipo.com.mx\"},\"image\":{\"@id\":\"https:\/\/www.sonoraenequipo.com.mx\/#\/schema\/logo\/image\/\"},\"sameAs\":[\"https:\/\/www.facebook.com\/SonoraEE\/\",\"https:\/\/x.com\/sonoraenequipo\",\"https:\/\/www.youtube.com\/channel\/UC338nW-lPEYmJQs4ZABQ1SQ\"]},{\"@type\":\"Person\",\"@id\":\"https:\/\/www.sonoraenequipo.com.mx\/#\/schema\/person\/50102df0fb23a8fa9e8effad8fa81386\",\"name\":\"enequipo\",\"image\":{\"@type\":\"ImageObject\",\"inLanguage\":\"es\",\"@id\":\"https:\/\/www.sonoraenequipo.com.mx\/#\/schema\/person\/image\/\",\"url\":\"https:\/\/secure.gravatar.com\/avatar\/049821681b589dabc0bc20695993ccebb09f5b5d4d790cd9251b97faac7c652b?s=96&d=blank&r=g\",\"contentUrl\":\"https:\/\/secure.gravatar.com\/avatar\/049821681b589dabc0bc20695993ccebb09f5b5d4d790cd9251b97faac7c652b?s=96&d=blank&r=g\",\"caption\":\"enequipo\"},\"sameAs\":[\"https:\/\/www.facebook.com\/SonoraEE\"]}]}<\/script>\n ","yoast_head_json":{"title":"Sonora en Equipo. Nueva directora de la UNESCO MUNDO","description":"PAR\u00cdS, FRANCIA. \u2014 La exministra francesa de Cultura, Audrey Azoulay, fue elegida hoy nueva directora general de la Organizaci\u00f3n de las Naciones Unidas En Sonora en Equipo publicamos toda la informaci\u00f3n de Sonora, M\u00e9xico y el Mundo de manera oportuna y busca que la libertad de expresi\u00f3n sea real. Visita nuestro medio informativo publicado desde Hermosillo, Sonora. %","robots":{"index":"index","follow":"follow","max-snippet":"max-snippet:-1","max-image-preview":"max-image-preview:large","max-video-preview":"max-video-preview:-1"},"canonical":"https:\/\/www.sonoraenequipo.com.mx\/nueva-directora-la-unesco\/","og_locale":"es_ES","og_type":"article","og_title":"Sonora en Equipo. Nueva directora de la UNESCO MUNDO","og_description":"PAR\u00cdS, FRANCIA. \u2014 La exministra francesa de Cultura, Audrey Azoulay, fue elegida hoy nueva directora general de la Organizaci\u00f3n de las Naciones Unidas En Sonora en Equipo publicamos toda la informaci\u00f3n de Sonora, M\u00e9xico y el Mundo de manera oportuna y busca que la libertad de expresi\u00f3n sea real. Visita nuestro medio informativo publicado desde Hermosillo, Sonora. %","og_url":"https:\/\/www.sonoraenequipo.com.mx\/nueva-directora-la-unesco\/","og_site_name":"Sonora en Equipo.","article_publisher":"https:\/\/www.facebook.com\/SonoraEE\/","article_author":"https:\/\/www.facebook.com\/SonoraEE","article_published_time":"2017-10-13T15:20:00+00:00","article_modified_time":"2017-10-14T02:09:22+00:00","og_image":[{"width":601,"height":400,"url":"https:\/\/www.sonoraenequipo.com.mx\/storage\/2017\/10\/audrey_azoulay_opt.jpg","type":"image\/jpeg"}],"author":"enequipo","twitter_card":"summary_large_image","twitter_creator":"@sonoraenequipo","twitter_site":"@sonoraenequipo","twitter_misc":{"Escrito por":"enequipo","Tiempo de lectura":"4 minutos"},"schema":{"@context":"https:\/\/schema.org","@graph":[{"@type":"Article","@id":"https:\/\/www.sonoraenequipo.com.mx\/nueva-directora-la-unesco\/#article","isPartOf":{"@id":"https:\/\/www.sonoraenequipo.com.mx\/nueva-directora-la-unesco\/"},"author":{"name":"enequipo","@id":"https:\/\/www.sonoraenequipo.com.mx\/#\/schema\/person\/50102df0fb23a8fa9e8effad8fa81386"},"headline":"Nueva directora de la UNESCO","datePublished":"2017-10-13T15:20:00+00:00","dateModified":"2017-10-14T02:09:22+00:00","mainEntityOfPage":{"@id":"https:\/\/www.sonoraenequipo.com.mx\/nueva-directora-la-unesco\/"},"wordCount":751,"commentCount":0,"publisher":{"@id":"https:\/\/www.sonoraenequipo.com.mx\/#organization"},"image":{"@id":"https:\/\/www.sonoraenequipo.com.mx\/nueva-directora-la-unesco\/#primaryimage"},"thumbnailUrl":"https:\/\/www.sonoraenequipo.com.mx\/storage\/2017\/10\/audrey_azoulay_opt.jpg","articleSection":["MUNDO","Sin categorizar"],"inLanguage":"es","potentialAction":[{"@type":"CommentAction","name":"Comment","target":["https:\/\/www.sonoraenequipo.com.mx\/nueva-directora-la-unesco\/#respond"]}]},{"@type":"WebPage","@id":"https:\/\/www.sonoraenequipo.com.mx\/nueva-directora-la-unesco\/","url":"https:\/\/www.sonoraenequipo.com.mx\/nueva-directora-la-unesco\/","name":"Sonora en Equipo. Nueva directora de la UNESCO MUNDO","isPartOf":{"@id":"https:\/\/www.sonoraenequipo.com.mx\/#website"},"primaryImageOfPage":{"@id":"https:\/\/www.sonoraenequipo.com.mx\/nueva-directora-la-unesco\/#primaryimage"},"image":{"@id":"https:\/\/www.sonoraenequipo.com.mx\/nueva-directora-la-unesco\/#primaryimage"},"thumbnailUrl":"https:\/\/www.sonoraenequipo.com.mx\/storage\/2017\/10\/audrey_azoulay_opt.jpg","datePublished":"2017-10-13T15:20:00+00:00","dateModified":"2017-10-14T02:09:22+00:00","description":"PAR\u00cdS, FRANCIA. \u2014 La exministra francesa de Cultura, Audrey Azoulay, fue elegida hoy nueva directora general de la Organizaci\u00f3n de las Naciones Unidas En Sonora en Equipo publicamos toda la informaci\u00f3n de Sonora, M\u00e9xico y el Mundo de manera oportuna y busca que la libertad de expresi\u00f3n sea real. Visita nuestro medio informativo publicado desde Hermosillo, Sonora. %","breadcrumb":{"@id":"https:\/\/www.sonoraenequipo.com.mx\/nueva-directora-la-unesco\/#breadcrumb"},"inLanguage":"es","potentialAction":[{"@type":"ReadAction","target":["https:\/\/www.sonoraenequipo.com.mx\/nueva-directora-la-unesco\/"]}]},{"@type":"ImageObject","inLanguage":"es","@id":"https:\/\/www.sonoraenequipo.com.mx\/nueva-directora-la-unesco\/#primaryimage","url":"https:\/\/www.sonoraenequipo.com.mx\/storage\/2017\/10\/audrey_azoulay_opt.jpg","contentUrl":"https:\/\/www.sonoraenequipo.com.mx\/storage\/2017\/10\/audrey_azoulay_opt.jpg","width":601,"height":400},{"@type":"BreadcrumbList","@id":"https:\/\/www.sonoraenequipo.com.mx\/nueva-directora-la-unesco\/#breadcrumb","itemListElement":[{"@type":"ListItem","position":1,"name":"Portada","item":"https:\/\/www.sonoraenequipo.com.mx\/"},{"@type":"ListItem","position":2,"name":"Nueva directora de la UNESCO"}]},{"@type":"WebSite","@id":"https:\/\/www.sonoraenequipo.com.mx\/#website","url":"https:\/\/www.sonoraenequipo.com.mx\/","name":"Sonora en Equipo.","description":"Diario en l\u00ednea con Noticias desde Hermosillo, Sonora","publisher":{"@id":"https:\/\/www.sonoraenequipo.com.mx\/#organization"},"potentialAction":[{"@type":"SearchAction","target":{"@type":"EntryPoint","urlTemplate":"https:\/\/www.sonoraenequipo.com.mx\/?s={search_term_string}"},"query-input":{"@type":"PropertyValueSpecification","valueRequired":true,"valueName":"search_term_string"}}],"inLanguage":"es"},{"@type":"Organization","@id":"https:\/\/www.sonoraenequipo.com.mx\/#organization","name":"Sonoraenequipo.com.mx","url":"https:\/\/www.sonoraenequipo.com.mx\/","logo":{"@type":"ImageObject","inLanguage":"es","@id":"https:\/\/www.sonoraenequipo.com.mx\/#\/schema\/logo\/image\/","url":"https:\/\/www.sonoraenequipo.com.mx\/storage\/2019\/01\/sonoraenequipo_opt.png","contentUrl":"https:\/\/www.sonoraenequipo.com.mx\/storage\/2019\/01\/sonoraenequipo_opt.png","width":375,"height":125,"caption":"Sonoraenequipo.com.mx"},"image":{"@id":"https:\/\/www.sonoraenequipo.com.mx\/#\/schema\/logo\/image\/"},"sameAs":["https:\/\/www.facebook.com\/SonoraEE\/","https:\/\/x.com\/sonoraenequipo","https:\/\/www.youtube.com\/channel\/UC338nW-lPEYmJQs4ZABQ1SQ"]},{"@type":"Person","@id":"https:\/\/www.sonoraenequipo.com.mx\/#\/schema\/person\/50102df0fb23a8fa9e8effad8fa81386","name":"enequipo","image":{"@type":"ImageObject","inLanguage":"es","@id":"https:\/\/www.sonoraenequipo.com.mx\/#\/schema\/person\/image\/","url":"https:\/\/secure.gravatar.com\/avatar\/049821681b589dabc0bc20695993ccebb09f5b5d4d790cd9251b97faac7c652b?s=96&d=blank&r=g","contentUrl":"https:\/\/secure.gravatar.com\/avatar\/049821681b589dabc0bc20695993ccebb09f5b5d4d790cd9251b97faac7c652b?s=96&d=blank&r=g","caption":"enequipo"},"sameAs":["https:\/\/www.facebook.com\/SonoraEE"]}]}},"jetpack_featured_media_url":"https:\/\/www.sonoraenequipo.com.mx\/storage\/2017\/10\/audrey_azoulay_opt.jpg","_links":{"self":[{"href":"https:\/\/www.sonoraenequipo.com.mx\/api\/wp\/v2\/posts\/27481","targetHints":{"allow":["GET"]}}],"collection":[{"href":"https:\/\/www.sonoraenequipo.com.mx\/api\/wp\/v2\/posts"}],"about":[{"href":"https:\/\/www.sonoraenequipo.com.mx\/api\/wp\/v2\/types\/post"}],"author":[{"embeddable":true,"href":"https:\/\/www.sonoraenequipo.com.mx\/api\/wp\/v2\/users\/1"}],"replies":[{"embeddable":true,"href":"https:\/\/www.sonoraenequipo.com.mx\/api\/wp\/v2\/comments?post=27481"}],"version-history":[{"count":0,"href":"https:\/\/www.sonoraenequipo.com.mx\/api\/wp\/v2\/posts\/27481\/revisions"}],"wp:featuredmedia":[{"embeddable":true,"href":"https:\/\/www.sonoraenequipo.com.mx\/api\/wp\/v2\/media\/27482"}],"wp:attachment":[{"href":"https:\/\/www.sonoraenequipo.com.mx\/api\/wp\/v2\/media?parent=27481"}],"wp:term":[{"taxonomy":"category","embeddable":true,"href":"https:\/\/www.sonoraenequipo.com.mx\/api\/wp\/v2\/categories?post=27481"},{"taxonomy":"post_tag","embeddable":true,"href":"https:\/\/www.sonoraenequipo.com.mx\/api\/wp\/v2\/tags?post=27481"}],"curies":[{"name":"wp","href":"https:\/\/api.w.org\/{rel}","templated":true}]}}