{"id":280,"date":"2015-10-05T01:49:49","date_gmt":"2015-10-05T01:49:49","guid":{"rendered":"http:\/\/www.sonoraenequipo.com.mx\/?p=280"},"modified":"2015-10-06T03:18:22","modified_gmt":"2015-10-06T03:18:22","slug":"los-13-criminales-extraditados-a-estados-unidos","status":"publish","type":"post","link":"https:\/\/www.sonoraenequipo.com.mx\/los-13-criminales-extraditados-a-estados-unidos\/","title":{"rendered":"Los 13 criminales extraditados a Estados Unidos"},"content":{"rendered":"<p>M\u00c9XICO. 03102015.\u2014 La PGR decidi\u00f3 extraditar a 13 criminales a Estados Unidos, donde los reclama la justicia.<\/p>\n<p>Lo anterior, tras diversas solicitudes formuladas desde el a\u00f1o 1997 por diversas Cortes Federales de Distrito y de Circuito de los Estados Unidos de Am\u00e9rica.<\/p>\n<p>Destaca, entre los 13, <strong>Edgar Valdez, <em>\u201cLa Barbie\u201d<\/em><\/strong>, un sanguinario narcotraficante, que naci\u00f3 en Estados Unidos. Su sobrenombre se le impuso por su tez blanca y su cabello rubio, naci\u00f3 el 11 de agosto de 1973 en Laredo, Texas. En 2012 se dio a conocer una carta de Valdez, en la que afirma que el primer c\u00edrculo de la SSP federal recib\u00eda pagos del narcotr\u00e1fico y \u201cforma parte de la estructura criminal del pa\u00eds\u201d.<\/p>\n<p> <\/p>\n<p><strong>Aqu\u00ed la lista de los 13 extraditados:<\/strong><\/p>\n<p>1.<strong> Jorge Costilla S\u00e1nchez, y\/o <em>Jorge Costilla-S\u00e1nchez, y\/o Jorge S\u00e1nchez Costilla, y\/o Jorge Eduardo Costilla S\u00e1nchez, y\/o Jorge S\u00e1nchez Costilla.<\/em><\/strong><\/p>\n<p>Reclamado por la Corte Federal del Distrito Sur de Texas. Acusado por los delitos de asociaci\u00f3n delictuosa, contra la salud y lavado de dinero.<\/p>\n<p>2. <strong>Edgar Valdez, alias \u201cEdgar Valdez Villareal\u201d,<em> y\/o \u201cEdgar Valdez \u2013 Villareal\u201d, y\/o \u201cMike\u201d, y\/o \u201cLa Barbie\u201d, y\/o \u201cJuedo\u201d.<\/em><\/strong><\/p>\n<p>Reclamado por la Corte Federal de Distrito para el Distrito Este de Louisiana, Estados Unidos de Am\u00e9rica. Acusado por los delitos de asociaci\u00f3n delictuosa y contra la salud.<\/p>\n<p>3. <strong>Jos\u00e9 Emanuel Garc\u00eda Sota, alias \u201cJuan Manuel Maldonado Amezcua\u201d, <em>y\/o \u201cSafado\u201d, y\/o \u201cJose Manuel Garc\u00eda Soto\u201d, y\/o \u201cJosu\u00e9 Emanuel Garc\u00eda Sota\u201d, y\/o \u201cJose Manuel Garc\u00eda Sota\u201d, y\/o \u201cEl Pel\u00f3n\u201d.<\/em><\/strong><\/p>\n<p>Reclamado por la Corte Federal de Distrito para el Distrito Columbia, Estados Unidos de Am\u00e9rica. Acusado por los delitos de tentativa de homicidio y portaci\u00f3n de arma de fuego.<\/p>\n<p>4. <strong>Mart\u00edn Daniel Castillo \u2013 Rasc\u00f3n, alias \u201cFlaco\u201d, y\/<em>o \u201cEl Benson\u201d<\/em><\/strong><\/p>\n<p>Reclamado por la Corte Federal de Distrito para el Distrito Oeste de Texas, Estados Unidos de Am\u00e9rica. Acusado por los delitos de asociaci\u00f3n delictuosa.<\/p>\n<p>5. <strong>Aureliano Montoya \u2013 Pe\u00f1a, alias <em>\u201cJesse Montoya\u201d<\/em>.<\/strong> Reclamado por la Corte Federal de Distrito para el Distrito Norte de Illinois, Estados Unidos de Am\u00e9rica. Acusado por los delitos de asociaci\u00f3n delictuosa y contra la salud.<\/p>\n<p>6. <strong>Ricardo Valles de la Rosa,<em> alias \u201cChino\u201d, y\/o \u201cCome Arroz\u201d, y\/o \u201c99\u201d.<\/em><\/strong><\/p>\n<p>Reclamado por la Corte Federal de Distrito para el Distrito Oeste de Texas, Estados Unidos de Am\u00e9rica. Acusado por los delitos de asociaci\u00f3n delictuosa, homicidio, portaci\u00f3n de arma de fuego y narcotr\u00e1fico.<\/p>\n<p>7. <strong>Luis Humberto Hern\u00e1ndez Celis, alias <em>\u201cPac\u201d, y\/o \u201cPak\u201d, y\/o \u201cPacman\u201d, y\/o \u201c84\u201d, (Lhhc).<\/em><\/strong><\/p>\n<p>Reclamado por la Corte Federal de Distrito para el Distrito Oeste de Texas, Estados Unidos de Am\u00e9rica. Acusado por los delitos de asociaci\u00f3n delictuosa, delitos contra la salud, homicidio, portaci\u00f3n de arma de fuego, delitos de violencia y narcotr\u00e1fico.<\/p>\n<p>8. <strong>Alberto N\u00fa\u00f1ez Pay\u00e1n, alias \u201cFresa\u201d, y\/o \u201cCarlos Rodr\u00edguez Ramirez\u201d, y\/o \u201cAlberto Pay\u00e1n N\u00fa\u00f1ez\u201d, y\/o \u201cFresco\u201d, y\/o \u201cEl T\u00edo\u201d, y\/o \u201cEl 57\u201d, y\/o \u201cEl 67\u201d, y\/o \u201c97\u201d, y\/o \u201cEl Fresa\u201d.<\/strong><\/p>\n<p>Reclamado por la Corte Federal de Distrito para el Distrito Oeste de Texas, Estados Unidos de Am\u00e9rica. Acusado por los delitos de asociaci\u00f3n delictuosa, delincuencia organizada, delitos contra la salud y lavado de dinero.<\/p>\n<p>9.<strong> Jean Baptiste Kingery, alias \u201cJb\u201d, y\/o \u201cJean Baptiste Kingery Moisson\u201d, y\/o \u201cJohn Kinsley\u201d, y\/o John King\u201d, y\/o \u201cJuan Bautista\u201d, y\/o \u201cMoss Kingery\u201d, y\/o \u201cJeane Kingsley\u201d, y\/o \u201cJuan Baptiste Moisson De Kingery\u201d, y\/o \u201cJuan Moisson\u201d, y\/o \u201cEl G\u00fcero\u201d; y\/o (Jbk).<\/strong><\/p>\n<p>Reclamado por la Corte Federal de Distrito para el Distrito de Arizona, Estados Unidos de Am\u00e9rica. Acusado por los delitos de tentativa de exportaci\u00f3n de art\u00edculos de defensa listados en varias categor\u00edas en la lista de municiones de los EEUU; tentativa para contrabandear bienes de los Estados Unidos y falsedad de declaraci\u00f3n.<\/p>\n<p>10. <strong>Antonio Gonz\u00e1lez Platas.<\/strong><\/p>\n<p>Reclamado por la Corte de Circuito del condado de Pulaski, estado de Arkansas, Estados Unidos. Acusado por el delito de violaci\u00f3n.<\/p>\n<p>11. <strong>Antonio Reynoso \u2013 Gonz\u00e1lez, alias \u201cEl Ingeniero\u201d, y\/o \u201cEl Inge\u201d, y\/o \u201cEl Electricista\u201d, y\/o \u201cEl Flacco\u201d, y\/o \u201cFlaco\u201d, y\/o \u201cAntonio Reynoso\u201d.<\/strong><\/p>\n<p>Reclamado por la Corte Federal de Distrito para el Distrito Sur de California. Acusado por los delitos de asociaci\u00f3n delictuosa y contra la salud.<\/p>\n<p>12. <strong>Julio C\u00e9sar Valenzuela Elizalde, alias \u201cThe Pilot\u201d.<\/strong><\/p>\n<p>Reclamado por la Corte Federal de Distrito para el Distrito de Arizona, Estados Unidos. Acusado por los delitos de asociaci\u00f3n delictuosa y contra la salud.<\/p>\n<p>13. <strong>Carlos Montemayor, alias \u201cThe Director\u201d, y\/o \u201cLicenciado\u201d, y\/o \u201cEl Fox\u201d. Tambi\u00e9n Conocido Como \u201cAlejandro Garc\u00eda\u201d (Cm).<\/strong><\/p>\n<p>Reclamado por la Corte Federal de Distrito para el Distrito Norte de Georgia, Estados Unidos. Acusado por los delitos de asociaci\u00f3n delictuosa, contra la salud y lavado de dinero.<\/p>\n","protected":false},"excerpt":{"rendered":"<p>M\u00c9XICO. 03102015.\u2014 La PGR decidi\u00f3 extraditar a 13 criminales a Estados Unidos, donde los reclama&#8230;<\/p>\n","protected":false},"author":1,"featured_media":0,"comment_status":"open","ping_status":"open","sticky":false,"template":"","format":"standard","meta":{"_monsterinsights_skip_tracking":false,"_monsterinsights_sitenote_active":false,"_monsterinsights_sitenote_note":"","_monsterinsights_sitenote_category":0,"footnotes":""},"categories":[5],"tags":[373,372,375,127,374,58,371,171],"class_list":["post"],"yoast_head":" \n<title>Sonora en Equipo. Los 13 criminales extraditados a Estados Unidos<\/title>\n<meta name=\"description\" content=\"M\u00c9XICO. 03102015.\u2014 La PGR decidi\u00f3 extraditar a 13 criminales a Estados Unidos, donde los reclama la justicia. Lo anterior, tras diversas solicitudes En Sonora en Equipo publicamos toda la informaci\u00f3n de Sonora, M\u00e9xico y el Mundo de manera oportuna y busca que la libertad de expresi\u00f3n sea real. Visita nuestro medio informativo publicado desde Hermosillo, Sonora. %\" \/>\n<meta name=\"robots\" content=\"index, follow, max-snippet:-1, max-image-preview:large, max-video-preview:-1\" \/>\n<link rel=\"canonical\" href=\"https:\/\/www.sonoraenequipo.com.mx\/los-13-criminales-extraditados-a-estados-unidos\/\" \/>\n<meta property=\"og:locale\" content=\"es_ES\" \/>\n<meta property=\"og:type\" content=\"article\" \/>\n<meta property=\"og:title\" content=\"Sonora en Equipo. Los 13 criminales extraditados a Estados Unidos\" \/>\n<meta property=\"og:description\" content=\"M\u00c9XICO. 03102015.\u2014 La PGR decidi\u00f3 extraditar a 13 criminales a Estados Unidos, donde los reclama la justicia. Lo anterior, tras diversas solicitudes En Sonora en Equipo publicamos toda la informaci\u00f3n de Sonora, M\u00e9xico y el Mundo de manera oportuna y busca que la libertad de expresi\u00f3n sea real. Visita nuestro medio informativo publicado desde Hermosillo, Sonora. %\" \/>\n<meta property=\"og:url\" content=\"https:\/\/www.sonoraenequipo.com.mx\/los-13-criminales-extraditados-a-estados-unidos\/\" \/>\n<meta property=\"og:site_name\" content=\"Sonora en Equipo.\" \/>\n<meta property=\"article:publisher\" content=\"https:\/\/www.facebook.com\/SonoraEE\/\" \/>\n<meta property=\"article:author\" content=\"https:\/\/www.facebook.com\/SonoraEE\" \/>\n<meta property=\"article:published_time\" content=\"2015-10-05T01:49:49+00:00\" \/>\n<meta property=\"article:modified_time\" content=\"2015-10-06T03:18:22+00:00\" \/>\n<meta name=\"author\" content=\"enequipo\" \/>\n<meta name=\"twitter:card\" content=\"summary_large_image\" \/>\n<meta name=\"twitter:creator\" content=\"@sonoraenequipo\" \/>\n<meta name=\"twitter:site\" content=\"@sonoraenequipo\" \/>\n<meta name=\"twitter:label1\" content=\"Escrito por\" \/>\n\t<meta name=\"twitter:data1\" content=\"enequipo\" \/>\n\t<meta name=\"twitter:label2\" content=\"Tiempo de lectura\" \/>\n\t<meta name=\"twitter:data2\" content=\"4 minutos\" \/>\n<script type=\"application\/ld+json\" class=\"yoast-schema-graph\">{\"@context\":\"https:\/\/schema.org\",\"@graph\":[{\"@type\":\"Article\",\"@id\":\"https:\/\/www.sonoraenequipo.com.mx\/los-13-criminales-extraditados-a-estados-unidos\/#article\",\"isPartOf\":{\"@id\":\"https:\/\/www.sonoraenequipo.com.mx\/los-13-criminales-extraditados-a-estados-unidos\/\"},\"author\":{\"name\":\"enequipo\",\"@id\":\"https:\/\/www.sonoraenequipo.com.mx\/#\/schema\/person\/50102df0fb23a8fa9e8effad8fa81386\"},\"headline\":\"Los 13 criminales extraditados a Estados Unidos\",\"datePublished\":\"2015-10-05T01:49:49+00:00\",\"dateModified\":\"2015-10-06T03:18:22+00:00\",\"mainEntityOfPage\":{\"@id\":\"https:\/\/www.sonoraenequipo.com.mx\/los-13-criminales-extraditados-a-estados-unidos\/\"},\"wordCount\":829,\"commentCount\":0,\"publisher\":{\"@id\":\"https:\/\/www.sonoraenequipo.com.mx\/#organization\"},\"keywords\":[\"c\u00e1rtel\",\"c\u00e1rtel de la droga\",\"el chapo\",\"gobierno\",\"los templarios\",\"narcos\",\"Narcotraficantes\",\"Narcotr\u00e1fico\"],\"articleSection\":[\"Rep\u00fablica\"],\"inLanguage\":\"es\",\"potentialAction\":[{\"@type\":\"CommentAction\",\"name\":\"Comment\",\"target\":[\"https:\/\/www.sonoraenequipo.com.mx\/los-13-criminales-extraditados-a-estados-unidos\/#respond\"]}]},{\"@type\":\"WebPage\",\"@id\":\"https:\/\/www.sonoraenequipo.com.mx\/los-13-criminales-extraditados-a-estados-unidos\/\",\"url\":\"https:\/\/www.sonoraenequipo.com.mx\/los-13-criminales-extraditados-a-estados-unidos\/\",\"name\":\"Sonora en Equipo. Los 13 criminales extraditados a Estados Unidos\",\"isPartOf\":{\"@id\":\"https:\/\/www.sonoraenequipo.com.mx\/#website\"},\"datePublished\":\"2015-10-05T01:49:49+00:00\",\"dateModified\":\"2015-10-06T03:18:22+00:00\",\"description\":\"M\u00c9XICO. 03102015.\u2014 La PGR decidi\u00f3 extraditar a 13 criminales a Estados Unidos, donde los reclama la justicia. Lo anterior, tras diversas solicitudes En Sonora en Equipo publicamos toda la informaci\u00f3n de Sonora, M\u00e9xico y el Mundo de manera oportuna y busca que la libertad de expresi\u00f3n sea real. Visita nuestro medio informativo publicado desde Hermosillo, Sonora. %\",\"breadcrumb\":{\"@id\":\"https:\/\/www.sonoraenequipo.com.mx\/los-13-criminales-extraditados-a-estados-unidos\/#breadcrumb\"},\"inLanguage\":\"es\",\"potentialAction\":[{\"@type\":\"ReadAction\",\"target\":[\"https:\/\/www.sonoraenequipo.com.mx\/los-13-criminales-extraditados-a-estados-unidos\/\"]}]},{\"@type\":\"BreadcrumbList\",\"@id\":\"https:\/\/www.sonoraenequipo.com.mx\/los-13-criminales-extraditados-a-estados-unidos\/#breadcrumb\",\"itemListElement\":[{\"@type\":\"ListItem\",\"position\":1,\"name\":\"Portada\",\"item\":\"https:\/\/www.sonoraenequipo.com.mx\/\"},{\"@type\":\"ListItem\",\"position\":2,\"name\":\"Los 13 criminales extraditados a Estados Unidos\"}]},{\"@type\":\"WebSite\",\"@id\":\"https:\/\/www.sonoraenequipo.com.mx\/#website\",\"url\":\"https:\/\/www.sonoraenequipo.com.mx\/\",\"name\":\"Sonora en Equipo.\",\"description\":\"Diario en l\u00ednea con Noticias desde Hermosillo, Sonora\",\"publisher\":{\"@id\":\"https:\/\/www.sonoraenequipo.com.mx\/#organization\"},\"potentialAction\":[{\"@type\":\"SearchAction\",\"target\":{\"@type\":\"EntryPoint\",\"urlTemplate\":\"https:\/\/www.sonoraenequipo.com.mx\/?s={search_term_string}\"},\"query-input\":{\"@type\":\"PropertyValueSpecification\",\"valueRequired\":true,\"valueName\":\"search_term_string\"}}],\"inLanguage\":\"es\"},{\"@type\":\"Organization\",\"@id\":\"https:\/\/www.sonoraenequipo.com.mx\/#organization\",\"name\":\"Sonoraenequipo.com.mx\",\"url\":\"https:\/\/www.sonoraenequipo.com.mx\/\",\"logo\":{\"@type\":\"ImageObject\",\"inLanguage\":\"es\",\"@id\":\"https:\/\/www.sonoraenequipo.com.mx\/#\/schema\/logo\/image\/\",\"url\":\"https:\/\/www.sonoraenequipo.com.mx\/storage\/2019\/01\/sonoraenequipo_opt.png\",\"contentUrl\":\"https:\/\/www.sonoraenequipo.com.mx\/storage\/2019\/01\/sonoraenequipo_opt.png\",\"width\":375,\"height\":125,\"caption\":\"Sonoraenequipo.com.mx\"},\"image\":{\"@id\":\"https:\/\/www.sonoraenequipo.com.mx\/#\/schema\/logo\/image\/\"},\"sameAs\":[\"https:\/\/www.facebook.com\/SonoraEE\/\",\"https:\/\/x.com\/sonoraenequipo\",\"https:\/\/www.youtube.com\/channel\/UC338nW-lPEYmJQs4ZABQ1SQ\"]},{\"@type\":\"Person\",\"@id\":\"https:\/\/www.sonoraenequipo.com.mx\/#\/schema\/person\/50102df0fb23a8fa9e8effad8fa81386\",\"name\":\"enequipo\",\"image\":{\"@type\":\"ImageObject\",\"inLanguage\":\"es\",\"@id\":\"https:\/\/www.sonoraenequipo.com.mx\/#\/schema\/person\/image\/\",\"url\":\"https:\/\/secure.gravatar.com\/avatar\/049821681b589dabc0bc20695993ccebb09f5b5d4d790cd9251b97faac7c652b?s=96&d=blank&r=g\",\"contentUrl\":\"https:\/\/secure.gravatar.com\/avatar\/049821681b589dabc0bc20695993ccebb09f5b5d4d790cd9251b97faac7c652b?s=96&d=blank&r=g\",\"caption\":\"enequipo\"},\"sameAs\":[\"https:\/\/www.facebook.com\/SonoraEE\"]}]}<\/script>\n ","yoast_head_json":{"title":"Sonora en Equipo. Los 13 criminales extraditados a Estados Unidos","description":"M\u00c9XICO. 03102015.\u2014 La PGR decidi\u00f3 extraditar a 13 criminales a Estados Unidos, donde los reclama la justicia. Lo anterior, tras diversas solicitudes En Sonora en Equipo publicamos toda la informaci\u00f3n de Sonora, M\u00e9xico y el Mundo de manera oportuna y busca que la libertad de expresi\u00f3n sea real. Visita nuestro medio informativo publicado desde Hermosillo, Sonora. %","robots":{"index":"index","follow":"follow","max-snippet":"max-snippet:-1","max-image-preview":"max-image-preview:large","max-video-preview":"max-video-preview:-1"},"canonical":"https:\/\/www.sonoraenequipo.com.mx\/los-13-criminales-extraditados-a-estados-unidos\/","og_locale":"es_ES","og_type":"article","og_title":"Sonora en Equipo. Los 13 criminales extraditados a Estados Unidos","og_description":"M\u00c9XICO. 03102015.\u2014 La PGR decidi\u00f3 extraditar a 13 criminales a Estados Unidos, donde los reclama la justicia. Lo anterior, tras diversas solicitudes En Sonora en Equipo publicamos toda la informaci\u00f3n de Sonora, M\u00e9xico y el Mundo de manera oportuna y busca que la libertad de expresi\u00f3n sea real. Visita nuestro medio informativo publicado desde Hermosillo, Sonora. %","og_url":"https:\/\/www.sonoraenequipo.com.mx\/los-13-criminales-extraditados-a-estados-unidos\/","og_site_name":"Sonora en Equipo.","article_publisher":"https:\/\/www.facebook.com\/SonoraEE\/","article_author":"https:\/\/www.facebook.com\/SonoraEE","article_published_time":"2015-10-05T01:49:49+00:00","article_modified_time":"2015-10-06T03:18:22+00:00","author":"enequipo","twitter_card":"summary_large_image","twitter_creator":"@sonoraenequipo","twitter_site":"@sonoraenequipo","twitter_misc":{"Escrito por":"enequipo","Tiempo de lectura":"4 minutos"},"schema":{"@context":"https:\/\/schema.org","@graph":[{"@type":"Article","@id":"https:\/\/www.sonoraenequipo.com.mx\/los-13-criminales-extraditados-a-estados-unidos\/#article","isPartOf":{"@id":"https:\/\/www.sonoraenequipo.com.mx\/los-13-criminales-extraditados-a-estados-unidos\/"},"author":{"name":"enequipo","@id":"https:\/\/www.sonoraenequipo.com.mx\/#\/schema\/person\/50102df0fb23a8fa9e8effad8fa81386"},"headline":"Los 13 criminales extraditados a Estados Unidos","datePublished":"2015-10-05T01:49:49+00:00","dateModified":"2015-10-06T03:18:22+00:00","mainEntityOfPage":{"@id":"https:\/\/www.sonoraenequipo.com.mx\/los-13-criminales-extraditados-a-estados-unidos\/"},"wordCount":829,"commentCount":0,"publisher":{"@id":"https:\/\/www.sonoraenequipo.com.mx\/#organization"},"keywords":["c\u00e1rtel","c\u00e1rtel de la droga","el chapo","gobierno","los templarios","narcos","Narcotraficantes","Narcotr\u00e1fico"],"articleSection":["Rep\u00fablica"],"inLanguage":"es","potentialAction":[{"@type":"CommentAction","name":"Comment","target":["https:\/\/www.sonoraenequipo.com.mx\/los-13-criminales-extraditados-a-estados-unidos\/#respond"]}]},{"@type":"WebPage","@id":"https:\/\/www.sonoraenequipo.com.mx\/los-13-criminales-extraditados-a-estados-unidos\/","url":"https:\/\/www.sonoraenequipo.com.mx\/los-13-criminales-extraditados-a-estados-unidos\/","name":"Sonora en Equipo. Los 13 criminales extraditados a Estados Unidos","isPartOf":{"@id":"https:\/\/www.sonoraenequipo.com.mx\/#website"},"datePublished":"2015-10-05T01:49:49+00:00","dateModified":"2015-10-06T03:18:22+00:00","description":"M\u00c9XICO. 03102015.\u2014 La PGR decidi\u00f3 extraditar a 13 criminales a Estados Unidos, donde los reclama la justicia. Lo anterior, tras diversas solicitudes En Sonora en Equipo publicamos toda la informaci\u00f3n de Sonora, M\u00e9xico y el Mundo de manera oportuna y busca que la libertad de expresi\u00f3n sea real. Visita nuestro medio informativo publicado desde Hermosillo, Sonora. %","breadcrumb":{"@id":"https:\/\/www.sonoraenequipo.com.mx\/los-13-criminales-extraditados-a-estados-unidos\/#breadcrumb"},"inLanguage":"es","potentialAction":[{"@type":"ReadAction","target":["https:\/\/www.sonoraenequipo.com.mx\/los-13-criminales-extraditados-a-estados-unidos\/"]}]},{"@type":"BreadcrumbList","@id":"https:\/\/www.sonoraenequipo.com.mx\/los-13-criminales-extraditados-a-estados-unidos\/#breadcrumb","itemListElement":[{"@type":"ListItem","position":1,"name":"Portada","item":"https:\/\/www.sonoraenequipo.com.mx\/"},{"@type":"ListItem","position":2,"name":"Los 13 criminales extraditados a Estados Unidos"}]},{"@type":"WebSite","@id":"https:\/\/www.sonoraenequipo.com.mx\/#website","url":"https:\/\/www.sonoraenequipo.com.mx\/","name":"Sonora en Equipo.","description":"Diario en l\u00ednea con Noticias desde Hermosillo, Sonora","publisher":{"@id":"https:\/\/www.sonoraenequipo.com.mx\/#organization"},"potentialAction":[{"@type":"SearchAction","target":{"@type":"EntryPoint","urlTemplate":"https:\/\/www.sonoraenequipo.com.mx\/?s={search_term_string}"},"query-input":{"@type":"PropertyValueSpecification","valueRequired":true,"valueName":"search_term_string"}}],"inLanguage":"es"},{"@type":"Organization","@id":"https:\/\/www.sonoraenequipo.com.mx\/#organization","name":"Sonoraenequipo.com.mx","url":"https:\/\/www.sonoraenequipo.com.mx\/","logo":{"@type":"ImageObject","inLanguage":"es","@id":"https:\/\/www.sonoraenequipo.com.mx\/#\/schema\/logo\/image\/","url":"https:\/\/www.sonoraenequipo.com.mx\/storage\/2019\/01\/sonoraenequipo_opt.png","contentUrl":"https:\/\/www.sonoraenequipo.com.mx\/storage\/2019\/01\/sonoraenequipo_opt.png","width":375,"height":125,"caption":"Sonoraenequipo.com.mx"},"image":{"@id":"https:\/\/www.sonoraenequipo.com.mx\/#\/schema\/logo\/image\/"},"sameAs":["https:\/\/www.facebook.com\/SonoraEE\/","https:\/\/x.com\/sonoraenequipo","https:\/\/www.youtube.com\/channel\/UC338nW-lPEYmJQs4ZABQ1SQ"]},{"@type":"Person","@id":"https:\/\/www.sonoraenequipo.com.mx\/#\/schema\/person\/50102df0fb23a8fa9e8effad8fa81386","name":"enequipo","image":{"@type":"ImageObject","inLanguage":"es","@id":"https:\/\/www.sonoraenequipo.com.mx\/#\/schema\/person\/image\/","url":"https:\/\/secure.gravatar.com\/avatar\/049821681b589dabc0bc20695993ccebb09f5b5d4d790cd9251b97faac7c652b?s=96&d=blank&r=g","contentUrl":"https:\/\/secure.gravatar.com\/avatar\/049821681b589dabc0bc20695993ccebb09f5b5d4d790cd9251b97faac7c652b?s=96&d=blank&r=g","caption":"enequipo"},"sameAs":["https:\/\/www.facebook.com\/SonoraEE"]}]}},"jetpack_featured_media_url":"","_links":{"self":[{"href":"https:\/\/www.sonoraenequipo.com.mx\/api\/wp\/v2\/posts\/280","targetHints":{"allow":["GET"]}}],"collection":[{"href":"https:\/\/www.sonoraenequipo.com.mx\/api\/wp\/v2\/posts"}],"about":[{"href":"https:\/\/www.sonoraenequipo.com.mx\/api\/wp\/v2\/types\/post"}],"author":[{"embeddable":true,"href":"https:\/\/www.sonoraenequipo.com.mx\/api\/wp\/v2\/users\/1"}],"replies":[{"embeddable":true,"href":"https:\/\/www.sonoraenequipo.com.mx\/api\/wp\/v2\/comments?post=280"}],"version-history":[{"count":0,"href":"https:\/\/www.sonoraenequipo.com.mx\/api\/wp\/v2\/posts\/280\/revisions"}],"wp:attachment":[{"href":"https:\/\/www.sonoraenequipo.com.mx\/api\/wp\/v2\/media?parent=280"}],"wp:term":[{"taxonomy":"category","embeddable":true,"href":"https:\/\/www.sonoraenequipo.com.mx\/api\/wp\/v2\/categories?post=280"},{"taxonomy":"post_tag","embeddable":true,"href":"https:\/\/www.sonoraenequipo.com.mx\/api\/wp\/v2\/tags?post=280"}],"curies":[{"name":"wp","href":"https:\/\/api.w.org\/{rel}","templated":true}]}}