{"id":282,"date":"2015-10-05T22:54:50","date_gmt":"2015-10-06T05:54:50","guid":{"rendered":"http:\/\/www.sonoraenequipo.com.mx\/?p=282"},"modified":"2020-05-18T18:14:23","modified_gmt":"2020-05-19T01:14:23","slug":"protestan-vecinos-del-norponiente-por-instalacion-de-antena-de-telefonia","status":"publish","type":"post","link":"https:\/\/www.sonoraenequipo.com.mx\/protestan-vecinos-del-norponiente-por-instalacion-de-antena-de-telefonia\/","title":{"rendered":"Protestan vecinos del norponiente por instalaci\u00f3n de antena de telefon\u00eda"},"content":{"rendered":"<p>05102015. HERMOSILLO, SONORA. MX. Los vecinos de la colonia San Juan Bosco, ubicada al norponiente de la ciudad, bloquearon la calle Navojoa como muestra del rechazo por la instalaci\u00f3n de una antena de telefon\u00eda, que no cuenta con permisos de uso de suelo.<br \/>\n <br \/>\nDesde las 6:00 de la ma\u00f1ana los vecinos bloquearon la circulaci\u00f3n vehicular de las calles Navojoa y Agust\u00edn del Campo, para exigir a las autoridades municipales, impidan la instalaci\u00f3n de dicha antena, pues temen por su salud y las enfermedades que esto puede provocarles.<\/p>\n<p>Ra\u00fal Moreno F\u00e9lix, vecino afectado, indic\u00f3 que sin consulta de los vecinos iniciaron la instalaci\u00f3n de la antena, justo detr\u00e1s de las viviendas de la colonia San Bosco, etapa 1 y 2, afect\u00e1ndose a casi 800 familias.<\/p>\n<p>\u00abNos quieren instalar una antena aqu\u00ed detr\u00e1s de las casas de nosotros y estamos manifest\u00e1ndonos para que la reubiquen nada m\u00e1s, es todo lo que pedimos, por los da\u00f1os que causan y los efectos que tienen en la salud\u201d, enfatiz\u00f3.<\/p>\n<p>Luis Carlos Morales Rivas, tambi\u00e9n vecino de este sector, inform\u00f3 que desde hace dos semanas se inici\u00f3 la instalaci\u00f3n de la antena de se\u00f1al telef\u00f3nica, por lo que se acudi\u00f3 a la Coordinaci\u00f3n de Infraestructura, Desarrollo Urbano y Ecolog\u00eda, para solicitar la clausura de la obra.<\/p>\n<p>\u00abYa tiene dos semanas, tres, est\u00e1n trabajando, inclusive taparon para trabajar para que no viera la gente lo que se estaba haciendo y nosotros nos dimos cuenta y vimos lo que era\u201d, resalt\u00f3 Moreno F\u00e9lix.<\/p>\n<p>De no recibir una respuesta de la autoridad municipal, los vecinos continuar\u00e1n con las manifestaciones p\u00fablicas, mismas que las ampliar\u00e1n hasta el cruce del bulevar Quiroga con la calle Navojoa.<\/p>\n","protected":false},"excerpt":{"rendered":"<p>05102015. HERMOSILLO, SONORA. MX. Los vecinos de la colonia San Juan Bosco, ubicada al norponiente&#8230;<\/p>\n","protected":false},"author":1,"featured_media":0,"comment_status":"open","ping_status":"open","sticky":false,"template":"","format":"standard","meta":{"_monsterinsights_skip_tracking":false,"_monsterinsights_sitenote_active":false,"_monsterinsights_sitenote_note":"","_monsterinsights_sitenote_category":0,"footnotes":""},"categories":[4],"tags":[330,324,73,328,329,325,327,326],"class_list":["post"],"yoast_head":" \n<title>Sonora en Equipo. Protestan vecinos del norponiente por instalaci\u00f3n de antena de telefon\u00eda<\/title>\n<meta name=\"description\" content=\"05102015. HERMOSILLO, SONORA. MX. Los vecinos de la colonia San Juan Bosco, ubicada al norponiente de la ciudad, bloquearon la calle Navojoa como muestra En Sonora en Equipo publicamos toda la informaci\u00f3n de Sonora, M\u00e9xico y el Mundo de manera oportuna y busca que la libertad de expresi\u00f3n sea real. Visita nuestro medio informativo publicado desde Hermosillo, Sonora. %\" \/>\n<meta name=\"robots\" content=\"index, follow, max-snippet:-1, max-image-preview:large, max-video-preview:-1\" \/>\n<link rel=\"canonical\" href=\"https:\/\/www.sonoraenequipo.com.mx\/protestan-vecinos-del-norponiente-por-instalacion-de-antena-de-telefonia\/\" \/>\n<meta property=\"og:locale\" content=\"es_ES\" \/>\n<meta property=\"og:type\" content=\"article\" \/>\n<meta property=\"og:title\" content=\"Sonora en Equipo. Protestan vecinos del norponiente por instalaci\u00f3n de antena de telefon\u00eda\" \/>\n<meta property=\"og:description\" content=\"05102015. HERMOSILLO, SONORA. MX. Los vecinos de la colonia San Juan Bosco, ubicada al norponiente de la ciudad, bloquearon la calle Navojoa como muestra En Sonora en Equipo publicamos toda la informaci\u00f3n de Sonora, M\u00e9xico y el Mundo de manera oportuna y busca que la libertad de expresi\u00f3n sea real. Visita nuestro medio informativo publicado desde Hermosillo, Sonora. %\" \/>\n<meta property=\"og:url\" content=\"https:\/\/www.sonoraenequipo.com.mx\/protestan-vecinos-del-norponiente-por-instalacion-de-antena-de-telefonia\/\" \/>\n<meta property=\"og:site_name\" content=\"Sonora en Equipo.\" \/>\n<meta property=\"article:publisher\" content=\"https:\/\/www.facebook.com\/SonoraEE\/\" \/>\n<meta property=\"article:author\" content=\"https:\/\/www.facebook.com\/SonoraEE\" \/>\n<meta property=\"article:published_time\" content=\"2015-10-06T05:54:50+00:00\" \/>\n<meta property=\"article:modified_time\" content=\"2020-05-19T01:14:23+00:00\" \/>\n<meta name=\"author\" content=\"enequipo\" \/>\n<meta name=\"twitter:card\" content=\"summary_large_image\" \/>\n<meta name=\"twitter:creator\" content=\"@sonoraenequipo\" \/>\n<meta name=\"twitter:site\" content=\"@sonoraenequipo\" \/>\n<meta name=\"twitter:label1\" content=\"Escrito por\" \/>\n\t<meta name=\"twitter:data1\" content=\"enequipo\" \/>\n\t<meta name=\"twitter:label2\" content=\"Tiempo de lectura\" \/>\n\t<meta name=\"twitter:data2\" content=\"1 minuto\" \/>\n<script type=\"application\/ld+json\" class=\"yoast-schema-graph\">{\"@context\":\"https:\/\/schema.org\",\"@graph\":[{\"@type\":\"Article\",\"@id\":\"https:\/\/www.sonoraenequipo.com.mx\/protestan-vecinos-del-norponiente-por-instalacion-de-antena-de-telefonia\/#article\",\"isPartOf\":{\"@id\":\"https:\/\/www.sonoraenequipo.com.mx\/protestan-vecinos-del-norponiente-por-instalacion-de-antena-de-telefonia\/\"},\"author\":{\"name\":\"enequipo\",\"@id\":\"https:\/\/www.sonoraenequipo.com.mx\/#\/schema\/person\/50102df0fb23a8fa9e8effad8fa81386\"},\"headline\":\"Protestan vecinos del norponiente por instalaci\u00f3n de antena de telefon\u00eda\",\"datePublished\":\"2015-10-06T05:54:50+00:00\",\"dateModified\":\"2020-05-19T01:14:23+00:00\",\"mainEntityOfPage\":{\"@id\":\"https:\/\/www.sonoraenequipo.com.mx\/protestan-vecinos-del-norponiente-por-instalacion-de-antena-de-telefonia\/\"},\"wordCount\":308,\"commentCount\":0,\"publisher\":{\"@id\":\"https:\/\/www.sonoraenequipo.com.mx\/#organization\"},\"keywords\":[\"Antena\",\"antena telef\u00f3nica\",\"maloro\",\"Movistar\",\"Nextel\",\"protesta urbana\",\"Telcel\",\"Vecinos inconformes\"],\"articleSection\":[\"Municipios\"],\"inLanguage\":\"es\",\"potentialAction\":[{\"@type\":\"CommentAction\",\"name\":\"Comment\",\"target\":[\"https:\/\/www.sonoraenequipo.com.mx\/protestan-vecinos-del-norponiente-por-instalacion-de-antena-de-telefonia\/#respond\"]}]},{\"@type\":\"WebPage\",\"@id\":\"https:\/\/www.sonoraenequipo.com.mx\/protestan-vecinos-del-norponiente-por-instalacion-de-antena-de-telefonia\/\",\"url\":\"https:\/\/www.sonoraenequipo.com.mx\/protestan-vecinos-del-norponiente-por-instalacion-de-antena-de-telefonia\/\",\"name\":\"Sonora en Equipo. Protestan vecinos del norponiente por instalaci\u00f3n de antena de telefon\u00eda\",\"isPartOf\":{\"@id\":\"https:\/\/www.sonoraenequipo.com.mx\/#website\"},\"datePublished\":\"2015-10-06T05:54:50+00:00\",\"dateModified\":\"2020-05-19T01:14:23+00:00\",\"description\":\"05102015. HERMOSILLO, SONORA. MX. Los vecinos de la colonia San Juan Bosco, ubicada al norponiente de la ciudad, bloquearon la calle Navojoa como muestra En Sonora en Equipo publicamos toda la informaci\u00f3n de Sonora, M\u00e9xico y el Mundo de manera oportuna y busca que la libertad de expresi\u00f3n sea real. Visita nuestro medio informativo publicado desde Hermosillo, Sonora. %\",\"breadcrumb\":{\"@id\":\"https:\/\/www.sonoraenequipo.com.mx\/protestan-vecinos-del-norponiente-por-instalacion-de-antena-de-telefonia\/#breadcrumb\"},\"inLanguage\":\"es\",\"potentialAction\":[{\"@type\":\"ReadAction\",\"target\":[\"https:\/\/www.sonoraenequipo.com.mx\/protestan-vecinos-del-norponiente-por-instalacion-de-antena-de-telefonia\/\"]}]},{\"@type\":\"BreadcrumbList\",\"@id\":\"https:\/\/www.sonoraenequipo.com.mx\/protestan-vecinos-del-norponiente-por-instalacion-de-antena-de-telefonia\/#breadcrumb\",\"itemListElement\":[{\"@type\":\"ListItem\",\"position\":1,\"name\":\"Portada\",\"item\":\"https:\/\/www.sonoraenequipo.com.mx\/\"},{\"@type\":\"ListItem\",\"position\":2,\"name\":\"Protestan vecinos del norponiente por instalaci\u00f3n de antena de telefon\u00eda\"}]},{\"@type\":\"WebSite\",\"@id\":\"https:\/\/www.sonoraenequipo.com.mx\/#website\",\"url\":\"https:\/\/www.sonoraenequipo.com.mx\/\",\"name\":\"Sonora en Equipo.\",\"description\":\"Diario en l\u00ednea con Noticias desde Hermosillo, Sonora\",\"publisher\":{\"@id\":\"https:\/\/www.sonoraenequipo.com.mx\/#organization\"},\"potentialAction\":[{\"@type\":\"SearchAction\",\"target\":{\"@type\":\"EntryPoint\",\"urlTemplate\":\"https:\/\/www.sonoraenequipo.com.mx\/?s={search_term_string}\"},\"query-input\":{\"@type\":\"PropertyValueSpecification\",\"valueRequired\":true,\"valueName\":\"search_term_string\"}}],\"inLanguage\":\"es\"},{\"@type\":\"Organization\",\"@id\":\"https:\/\/www.sonoraenequipo.com.mx\/#organization\",\"name\":\"Sonoraenequipo.com.mx\",\"url\":\"https:\/\/www.sonoraenequipo.com.mx\/\",\"logo\":{\"@type\":\"ImageObject\",\"inLanguage\":\"es\",\"@id\":\"https:\/\/www.sonoraenequipo.com.mx\/#\/schema\/logo\/image\/\",\"url\":\"https:\/\/www.sonoraenequipo.com.mx\/storage\/2019\/01\/sonoraenequipo_opt.png\",\"contentUrl\":\"https:\/\/www.sonoraenequipo.com.mx\/storage\/2019\/01\/sonoraenequipo_opt.png\",\"width\":375,\"height\":125,\"caption\":\"Sonoraenequipo.com.mx\"},\"image\":{\"@id\":\"https:\/\/www.sonoraenequipo.com.mx\/#\/schema\/logo\/image\/\"},\"sameAs\":[\"https:\/\/www.facebook.com\/SonoraEE\/\",\"https:\/\/x.com\/sonoraenequipo\",\"https:\/\/www.youtube.com\/channel\/UC338nW-lPEYmJQs4ZABQ1SQ\"]},{\"@type\":\"Person\",\"@id\":\"https:\/\/www.sonoraenequipo.com.mx\/#\/schema\/person\/50102df0fb23a8fa9e8effad8fa81386\",\"name\":\"enequipo\",\"image\":{\"@type\":\"ImageObject\",\"inLanguage\":\"es\",\"@id\":\"https:\/\/www.sonoraenequipo.com.mx\/#\/schema\/person\/image\/\",\"url\":\"https:\/\/secure.gravatar.com\/avatar\/049821681b589dabc0bc20695993ccebb09f5b5d4d790cd9251b97faac7c652b?s=96&d=blank&r=g\",\"contentUrl\":\"https:\/\/secure.gravatar.com\/avatar\/049821681b589dabc0bc20695993ccebb09f5b5d4d790cd9251b97faac7c652b?s=96&d=blank&r=g\",\"caption\":\"enequipo\"},\"sameAs\":[\"https:\/\/www.facebook.com\/SonoraEE\"]}]}<\/script>\n ","yoast_head_json":{"title":"Sonora en Equipo. Protestan vecinos del norponiente por instalaci\u00f3n de antena de telefon\u00eda","description":"05102015. HERMOSILLO, SONORA. MX. Los vecinos de la colonia San Juan Bosco, ubicada al norponiente de la ciudad, bloquearon la calle Navojoa como muestra En Sonora en Equipo publicamos toda la informaci\u00f3n de Sonora, M\u00e9xico y el Mundo de manera oportuna y busca que la libertad de expresi\u00f3n sea real. Visita nuestro medio informativo publicado desde Hermosillo, Sonora. %","robots":{"index":"index","follow":"follow","max-snippet":"max-snippet:-1","max-image-preview":"max-image-preview:large","max-video-preview":"max-video-preview:-1"},"canonical":"https:\/\/www.sonoraenequipo.com.mx\/protestan-vecinos-del-norponiente-por-instalacion-de-antena-de-telefonia\/","og_locale":"es_ES","og_type":"article","og_title":"Sonora en Equipo. Protestan vecinos del norponiente por instalaci\u00f3n de antena de telefon\u00eda","og_description":"05102015. HERMOSILLO, SONORA. MX. Los vecinos de la colonia San Juan Bosco, ubicada al norponiente de la ciudad, bloquearon la calle Navojoa como muestra En Sonora en Equipo publicamos toda la informaci\u00f3n de Sonora, M\u00e9xico y el Mundo de manera oportuna y busca que la libertad de expresi\u00f3n sea real. Visita nuestro medio informativo publicado desde Hermosillo, Sonora. %","og_url":"https:\/\/www.sonoraenequipo.com.mx\/protestan-vecinos-del-norponiente-por-instalacion-de-antena-de-telefonia\/","og_site_name":"Sonora en Equipo.","article_publisher":"https:\/\/www.facebook.com\/SonoraEE\/","article_author":"https:\/\/www.facebook.com\/SonoraEE","article_published_time":"2015-10-06T05:54:50+00:00","article_modified_time":"2020-05-19T01:14:23+00:00","author":"enequipo","twitter_card":"summary_large_image","twitter_creator":"@sonoraenequipo","twitter_site":"@sonoraenequipo","twitter_misc":{"Escrito por":"enequipo","Tiempo de lectura":"1 minuto"},"schema":{"@context":"https:\/\/schema.org","@graph":[{"@type":"Article","@id":"https:\/\/www.sonoraenequipo.com.mx\/protestan-vecinos-del-norponiente-por-instalacion-de-antena-de-telefonia\/#article","isPartOf":{"@id":"https:\/\/www.sonoraenequipo.com.mx\/protestan-vecinos-del-norponiente-por-instalacion-de-antena-de-telefonia\/"},"author":{"name":"enequipo","@id":"https:\/\/www.sonoraenequipo.com.mx\/#\/schema\/person\/50102df0fb23a8fa9e8effad8fa81386"},"headline":"Protestan vecinos del norponiente por instalaci\u00f3n de antena de telefon\u00eda","datePublished":"2015-10-06T05:54:50+00:00","dateModified":"2020-05-19T01:14:23+00:00","mainEntityOfPage":{"@id":"https:\/\/www.sonoraenequipo.com.mx\/protestan-vecinos-del-norponiente-por-instalacion-de-antena-de-telefonia\/"},"wordCount":308,"commentCount":0,"publisher":{"@id":"https:\/\/www.sonoraenequipo.com.mx\/#organization"},"keywords":["Antena","antena telef\u00f3nica","maloro","Movistar","Nextel","protesta urbana","Telcel","Vecinos inconformes"],"articleSection":["Municipios"],"inLanguage":"es","potentialAction":[{"@type":"CommentAction","name":"Comment","target":["https:\/\/www.sonoraenequipo.com.mx\/protestan-vecinos-del-norponiente-por-instalacion-de-antena-de-telefonia\/#respond"]}]},{"@type":"WebPage","@id":"https:\/\/www.sonoraenequipo.com.mx\/protestan-vecinos-del-norponiente-por-instalacion-de-antena-de-telefonia\/","url":"https:\/\/www.sonoraenequipo.com.mx\/protestan-vecinos-del-norponiente-por-instalacion-de-antena-de-telefonia\/","name":"Sonora en Equipo. Protestan vecinos del norponiente por instalaci\u00f3n de antena de telefon\u00eda","isPartOf":{"@id":"https:\/\/www.sonoraenequipo.com.mx\/#website"},"datePublished":"2015-10-06T05:54:50+00:00","dateModified":"2020-05-19T01:14:23+00:00","description":"05102015. HERMOSILLO, SONORA. MX. Los vecinos de la colonia San Juan Bosco, ubicada al norponiente de la ciudad, bloquearon la calle Navojoa como muestra En Sonora en Equipo publicamos toda la informaci\u00f3n de Sonora, M\u00e9xico y el Mundo de manera oportuna y busca que la libertad de expresi\u00f3n sea real. Visita nuestro medio informativo publicado desde Hermosillo, Sonora. %","breadcrumb":{"@id":"https:\/\/www.sonoraenequipo.com.mx\/protestan-vecinos-del-norponiente-por-instalacion-de-antena-de-telefonia\/#breadcrumb"},"inLanguage":"es","potentialAction":[{"@type":"ReadAction","target":["https:\/\/www.sonoraenequipo.com.mx\/protestan-vecinos-del-norponiente-por-instalacion-de-antena-de-telefonia\/"]}]},{"@type":"BreadcrumbList","@id":"https:\/\/www.sonoraenequipo.com.mx\/protestan-vecinos-del-norponiente-por-instalacion-de-antena-de-telefonia\/#breadcrumb","itemListElement":[{"@type":"ListItem","position":1,"name":"Portada","item":"https:\/\/www.sonoraenequipo.com.mx\/"},{"@type":"ListItem","position":2,"name":"Protestan vecinos del norponiente por instalaci\u00f3n de antena de telefon\u00eda"}]},{"@type":"WebSite","@id":"https:\/\/www.sonoraenequipo.com.mx\/#website","url":"https:\/\/www.sonoraenequipo.com.mx\/","name":"Sonora en Equipo.","description":"Diario en l\u00ednea con Noticias desde Hermosillo, Sonora","publisher":{"@id":"https:\/\/www.sonoraenequipo.com.mx\/#organization"},"potentialAction":[{"@type":"SearchAction","target":{"@type":"EntryPoint","urlTemplate":"https:\/\/www.sonoraenequipo.com.mx\/?s={search_term_string}"},"query-input":{"@type":"PropertyValueSpecification","valueRequired":true,"valueName":"search_term_string"}}],"inLanguage":"es"},{"@type":"Organization","@id":"https:\/\/www.sonoraenequipo.com.mx\/#organization","name":"Sonoraenequipo.com.mx","url":"https:\/\/www.sonoraenequipo.com.mx\/","logo":{"@type":"ImageObject","inLanguage":"es","@id":"https:\/\/www.sonoraenequipo.com.mx\/#\/schema\/logo\/image\/","url":"https:\/\/www.sonoraenequipo.com.mx\/storage\/2019\/01\/sonoraenequipo_opt.png","contentUrl":"https:\/\/www.sonoraenequipo.com.mx\/storage\/2019\/01\/sonoraenequipo_opt.png","width":375,"height":125,"caption":"Sonoraenequipo.com.mx"},"image":{"@id":"https:\/\/www.sonoraenequipo.com.mx\/#\/schema\/logo\/image\/"},"sameAs":["https:\/\/www.facebook.com\/SonoraEE\/","https:\/\/x.com\/sonoraenequipo","https:\/\/www.youtube.com\/channel\/UC338nW-lPEYmJQs4ZABQ1SQ"]},{"@type":"Person","@id":"https:\/\/www.sonoraenequipo.com.mx\/#\/schema\/person\/50102df0fb23a8fa9e8effad8fa81386","name":"enequipo","image":{"@type":"ImageObject","inLanguage":"es","@id":"https:\/\/www.sonoraenequipo.com.mx\/#\/schema\/person\/image\/","url":"https:\/\/secure.gravatar.com\/avatar\/049821681b589dabc0bc20695993ccebb09f5b5d4d790cd9251b97faac7c652b?s=96&d=blank&r=g","contentUrl":"https:\/\/secure.gravatar.com\/avatar\/049821681b589dabc0bc20695993ccebb09f5b5d4d790cd9251b97faac7c652b?s=96&d=blank&r=g","caption":"enequipo"},"sameAs":["https:\/\/www.facebook.com\/SonoraEE"]}]}},"jetpack_featured_media_url":"","_links":{"self":[{"href":"https:\/\/www.sonoraenequipo.com.mx\/api\/wp\/v2\/posts\/282","targetHints":{"allow":["GET"]}}],"collection":[{"href":"https:\/\/www.sonoraenequipo.com.mx\/api\/wp\/v2\/posts"}],"about":[{"href":"https:\/\/www.sonoraenequipo.com.mx\/api\/wp\/v2\/types\/post"}],"author":[{"embeddable":true,"href":"https:\/\/www.sonoraenequipo.com.mx\/api\/wp\/v2\/users\/1"}],"replies":[{"embeddable":true,"href":"https:\/\/www.sonoraenequipo.com.mx\/api\/wp\/v2\/comments?post=282"}],"version-history":[{"count":0,"href":"https:\/\/www.sonoraenequipo.com.mx\/api\/wp\/v2\/posts\/282\/revisions"}],"wp:attachment":[{"href":"https:\/\/www.sonoraenequipo.com.mx\/api\/wp\/v2\/media?parent=282"}],"wp:term":[{"taxonomy":"category","embeddable":true,"href":"https:\/\/www.sonoraenequipo.com.mx\/api\/wp\/v2\/categories?post=282"},{"taxonomy":"post_tag","embeddable":true,"href":"https:\/\/www.sonoraenequipo.com.mx\/api\/wp\/v2\/tags?post=282"}],"curies":[{"name":"wp","href":"https:\/\/api.w.org\/{rel}","templated":true}]}}