{"id":286,"date":"2015-10-05T22:59:01","date_gmt":"2015-10-06T05:59:01","guid":{"rendered":"http:\/\/www.sonoraenequipo.com.mx\/?p=286"},"modified":"2020-05-18T18:14:10","modified_gmt":"2020-05-19T01:14:10","slug":"cierran-farmacia-de-isssteson","status":"publish","type":"post","link":"https:\/\/www.sonoraenequipo.com.mx\/cierran-farmacia-de-isssteson\/","title":{"rendered":"Cierran farmacia de Isssteson"},"content":{"rendered":"<p>05102015. HERMOSILLO, SONORA.MX. Hoy por la ma\u00f1ana la falta de medicamentos en las farmacias del Hospital Ignacio Ch\u00e1vez hizo crisis, al manifestarse un grupo de derechohabientes de la cl\u00ednica Isssteson y clausurar simb\u00f3licamente la farmacia.<br \/>\n <br \/>\nEl principal argumento para esta acci\u00f3n fue que no han surtido la farmacia como se hab\u00eda anunciado. \u201cHemos esperado pacientemente cerca de cuatro meses y vemos que siguen los problemas\u201d, argument\u00f3 uno de los afectados.<\/p>\n<p>Mar\u00eda Dolores Rodr\u00edguez, qui\u00e9n es un derechohabiente, manifest\u00f3 que los problemas graves en el abasto de medicamentos, y que son prioritarios para distintos padecimientos no existen en las farmacias del hospital Ch\u00e1vez y los pacientes solo reciben vales que no pueden cajear en farmacias subrogadas.<\/p>\n<p>\u201cDe tres o cuatro meses para ac\u00e1 simple y sencillamente el medicamento no est\u00e1 aqu\u00ed y no est\u00e1 en las farmacias, medicamentos que son prioritarios para las enfermedades. Todos los que necesitan mis hijas, yo y mi esposo, no hay\u201d.<\/p>\n<p>Patricia Grijalva acudi\u00f3 este lunes a surtir algunas de sus recetas pendientes, despu\u00e9s de tres horas de espera solo consigui\u00f3 cinco vales que deben subrogarse. Ella asegura que no hay medicamento ni para el dolor.<\/p>\n<p>\u00abMe dieron puros vales, uno, dos, tres, cuatro, cinco, voy a ir a las farmacias subrogadas y no me los van a cambiar, de hecho antes pregunt\u00e9 y me dijeron que no porque el Isssteson no pagaba. -\u00bfQu\u00e9 padecimientos es el que usted tiene?- Cervical, tiroides, que me dan cada mes\u00bb, dijo.<\/p>\n","protected":false},"excerpt":{"rendered":"<p>05102015. HERMOSILLO, SONORA.MX. Hoy por la ma\u00f1ana la falta de medicamentos en las farmacias del&#8230;<\/p>\n","protected":false},"author":1,"featured_media":0,"comment_status":"open","ping_status":"open","sticky":false,"template":"","format":"standard","meta":{"_monsterinsights_skip_tracking":false,"_monsterinsights_sitenote_active":false,"_monsterinsights_sitenote_note":"","_monsterinsights_sitenote_category":0,"footnotes":""},"categories":[22],"tags":[335,337,338,333,334,336,331,332],"class_list":["post"],"yoast_head":" \n<title>Sonora en Equipo. Cierran farmacia de Isssteson<\/title>\n<meta name=\"description\" content=\"05102015. HERMOSILLO, SONORA.MX. Hoy por la ma\u00f1ana la falta de medicamentos en las farmacias del Hospital Ignacio Ch\u00e1vez hizo crisis, al manifestarse un En Sonora en Equipo publicamos toda la informaci\u00f3n de Sonora, M\u00e9xico y el Mundo de manera oportuna y busca que la libertad de expresi\u00f3n sea real. Visita nuestro medio informativo publicado desde Hermosillo, Sonora. %\" \/>\n<meta name=\"robots\" content=\"index, follow, max-snippet:-1, max-image-preview:large, max-video-preview:-1\" \/>\n<link rel=\"canonical\" href=\"https:\/\/www.sonoraenequipo.com.mx\/cierran-farmacia-de-isssteson\/\" \/>\n<meta property=\"og:locale\" content=\"es_ES\" \/>\n<meta property=\"og:type\" content=\"article\" \/>\n<meta property=\"og:title\" content=\"Sonora en Equipo. Cierran farmacia de Isssteson\" \/>\n<meta property=\"og:description\" content=\"05102015. HERMOSILLO, SONORA.MX. Hoy por la ma\u00f1ana la falta de medicamentos en las farmacias del Hospital Ignacio Ch\u00e1vez hizo crisis, al manifestarse un En Sonora en Equipo publicamos toda la informaci\u00f3n de Sonora, M\u00e9xico y el Mundo de manera oportuna y busca que la libertad de expresi\u00f3n sea real. Visita nuestro medio informativo publicado desde Hermosillo, Sonora. %\" \/>\n<meta property=\"og:url\" content=\"https:\/\/www.sonoraenequipo.com.mx\/cierran-farmacia-de-isssteson\/\" \/>\n<meta property=\"og:site_name\" content=\"Sonora en Equipo.\" \/>\n<meta property=\"article:publisher\" content=\"https:\/\/www.facebook.com\/SonoraEE\/\" \/>\n<meta property=\"article:author\" content=\"https:\/\/www.facebook.com\/SonoraEE\" \/>\n<meta property=\"article:published_time\" content=\"2015-10-06T05:59:01+00:00\" \/>\n<meta property=\"article:modified_time\" content=\"2020-05-19T01:14:10+00:00\" \/>\n<meta name=\"author\" content=\"enequipo\" \/>\n<meta name=\"twitter:card\" content=\"summary_large_image\" \/>\n<meta name=\"twitter:creator\" content=\"@sonoraenequipo\" \/>\n<meta name=\"twitter:site\" content=\"@sonoraenequipo\" \/>\n<meta name=\"twitter:label1\" content=\"Escrito por\" \/>\n\t<meta name=\"twitter:data1\" content=\"enequipo\" \/>\n\t<meta name=\"twitter:label2\" content=\"Tiempo de lectura\" \/>\n\t<meta name=\"twitter:data2\" content=\"1 minuto\" \/>\n<script type=\"application\/ld+json\" class=\"yoast-schema-graph\">{\"@context\":\"https:\/\/schema.org\",\"@graph\":[{\"@type\":\"Article\",\"@id\":\"https:\/\/www.sonoraenequipo.com.mx\/cierran-farmacia-de-isssteson\/#article\",\"isPartOf\":{\"@id\":\"https:\/\/www.sonoraenequipo.com.mx\/cierran-farmacia-de-isssteson\/\"},\"author\":{\"name\":\"enequipo\",\"@id\":\"https:\/\/www.sonoraenequipo.com.mx\/#\/schema\/person\/50102df0fb23a8fa9e8effad8fa81386\"},\"headline\":\"Cierran farmacia de Isssteson\",\"datePublished\":\"2015-10-06T05:59:01+00:00\",\"dateModified\":\"2020-05-19T01:14:10+00:00\",\"mainEntityOfPage\":{\"@id\":\"https:\/\/www.sonoraenequipo.com.mx\/cierran-farmacia-de-isssteson\/\"},\"wordCount\":259,\"commentCount\":0,\"publisher\":{\"@id\":\"https:\/\/www.sonoraenequipo.com.mx\/#organization\"},\"keywords\":[\"burocratas\",\"caducidad\",\"diagnostico\",\"dolor\",\"enfermedades en sonora\",\"farmacias\",\"isssteson\",\"medicamentos\"],\"articleSection\":[\"Sonora\"],\"inLanguage\":\"es\",\"potentialAction\":[{\"@type\":\"CommentAction\",\"name\":\"Comment\",\"target\":[\"https:\/\/www.sonoraenequipo.com.mx\/cierran-farmacia-de-isssteson\/#respond\"]}]},{\"@type\":\"WebPage\",\"@id\":\"https:\/\/www.sonoraenequipo.com.mx\/cierran-farmacia-de-isssteson\/\",\"url\":\"https:\/\/www.sonoraenequipo.com.mx\/cierran-farmacia-de-isssteson\/\",\"name\":\"Sonora en Equipo. Cierran farmacia de Isssteson\",\"isPartOf\":{\"@id\":\"https:\/\/www.sonoraenequipo.com.mx\/#website\"},\"datePublished\":\"2015-10-06T05:59:01+00:00\",\"dateModified\":\"2020-05-19T01:14:10+00:00\",\"description\":\"05102015. HERMOSILLO, SONORA.MX. Hoy por la ma\u00f1ana la falta de medicamentos en las farmacias del Hospital Ignacio Ch\u00e1vez hizo crisis, al manifestarse un En Sonora en Equipo publicamos toda la informaci\u00f3n de Sonora, M\u00e9xico y el Mundo de manera oportuna y busca que la libertad de expresi\u00f3n sea real. Visita nuestro medio informativo publicado desde Hermosillo, Sonora. %\",\"breadcrumb\":{\"@id\":\"https:\/\/www.sonoraenequipo.com.mx\/cierran-farmacia-de-isssteson\/#breadcrumb\"},\"inLanguage\":\"es\",\"potentialAction\":[{\"@type\":\"ReadAction\",\"target\":[\"https:\/\/www.sonoraenequipo.com.mx\/cierran-farmacia-de-isssteson\/\"]}]},{\"@type\":\"BreadcrumbList\",\"@id\":\"https:\/\/www.sonoraenequipo.com.mx\/cierran-farmacia-de-isssteson\/#breadcrumb\",\"itemListElement\":[{\"@type\":\"ListItem\",\"position\":1,\"name\":\"Portada\",\"item\":\"https:\/\/www.sonoraenequipo.com.mx\/\"},{\"@type\":\"ListItem\",\"position\":2,\"name\":\"Cierran farmacia de Isssteson\"}]},{\"@type\":\"WebSite\",\"@id\":\"https:\/\/www.sonoraenequipo.com.mx\/#website\",\"url\":\"https:\/\/www.sonoraenequipo.com.mx\/\",\"name\":\"Sonora en Equipo.\",\"description\":\"Diario en l\u00ednea con Noticias desde Hermosillo, Sonora\",\"publisher\":{\"@id\":\"https:\/\/www.sonoraenequipo.com.mx\/#organization\"},\"potentialAction\":[{\"@type\":\"SearchAction\",\"target\":{\"@type\":\"EntryPoint\",\"urlTemplate\":\"https:\/\/www.sonoraenequipo.com.mx\/?s={search_term_string}\"},\"query-input\":{\"@type\":\"PropertyValueSpecification\",\"valueRequired\":true,\"valueName\":\"search_term_string\"}}],\"inLanguage\":\"es\"},{\"@type\":\"Organization\",\"@id\":\"https:\/\/www.sonoraenequipo.com.mx\/#organization\",\"name\":\"Sonoraenequipo.com.mx\",\"url\":\"https:\/\/www.sonoraenequipo.com.mx\/\",\"logo\":{\"@type\":\"ImageObject\",\"inLanguage\":\"es\",\"@id\":\"https:\/\/www.sonoraenequipo.com.mx\/#\/schema\/logo\/image\/\",\"url\":\"https:\/\/www.sonoraenequipo.com.mx\/storage\/2019\/01\/sonoraenequipo_opt.png\",\"contentUrl\":\"https:\/\/www.sonoraenequipo.com.mx\/storage\/2019\/01\/sonoraenequipo_opt.png\",\"width\":375,\"height\":125,\"caption\":\"Sonoraenequipo.com.mx\"},\"image\":{\"@id\":\"https:\/\/www.sonoraenequipo.com.mx\/#\/schema\/logo\/image\/\"},\"sameAs\":[\"https:\/\/www.facebook.com\/SonoraEE\/\",\"https:\/\/x.com\/sonoraenequipo\",\"https:\/\/www.youtube.com\/channel\/UC338nW-lPEYmJQs4ZABQ1SQ\"]},{\"@type\":\"Person\",\"@id\":\"https:\/\/www.sonoraenequipo.com.mx\/#\/schema\/person\/50102df0fb23a8fa9e8effad8fa81386\",\"name\":\"enequipo\",\"image\":{\"@type\":\"ImageObject\",\"inLanguage\":\"es\",\"@id\":\"https:\/\/www.sonoraenequipo.com.mx\/#\/schema\/person\/image\/\",\"url\":\"https:\/\/secure.gravatar.com\/avatar\/049821681b589dabc0bc20695993ccebb09f5b5d4d790cd9251b97faac7c652b?s=96&d=blank&r=g\",\"contentUrl\":\"https:\/\/secure.gravatar.com\/avatar\/049821681b589dabc0bc20695993ccebb09f5b5d4d790cd9251b97faac7c652b?s=96&d=blank&r=g\",\"caption\":\"enequipo\"},\"sameAs\":[\"https:\/\/www.facebook.com\/SonoraEE\"]}]}<\/script>\n ","yoast_head_json":{"title":"Sonora en Equipo. Cierran farmacia de Isssteson","description":"05102015. HERMOSILLO, SONORA.MX. Hoy por la ma\u00f1ana la falta de medicamentos en las farmacias del Hospital Ignacio Ch\u00e1vez hizo crisis, al manifestarse un En Sonora en Equipo publicamos toda la informaci\u00f3n de Sonora, M\u00e9xico y el Mundo de manera oportuna y busca que la libertad de expresi\u00f3n sea real. Visita nuestro medio informativo publicado desde Hermosillo, Sonora. %","robots":{"index":"index","follow":"follow","max-snippet":"max-snippet:-1","max-image-preview":"max-image-preview:large","max-video-preview":"max-video-preview:-1"},"canonical":"https:\/\/www.sonoraenequipo.com.mx\/cierran-farmacia-de-isssteson\/","og_locale":"es_ES","og_type":"article","og_title":"Sonora en Equipo. Cierran farmacia de Isssteson","og_description":"05102015. HERMOSILLO, SONORA.MX. Hoy por la ma\u00f1ana la falta de medicamentos en las farmacias del Hospital Ignacio Ch\u00e1vez hizo crisis, al manifestarse un En Sonora en Equipo publicamos toda la informaci\u00f3n de Sonora, M\u00e9xico y el Mundo de manera oportuna y busca que la libertad de expresi\u00f3n sea real. Visita nuestro medio informativo publicado desde Hermosillo, Sonora. %","og_url":"https:\/\/www.sonoraenequipo.com.mx\/cierran-farmacia-de-isssteson\/","og_site_name":"Sonora en Equipo.","article_publisher":"https:\/\/www.facebook.com\/SonoraEE\/","article_author":"https:\/\/www.facebook.com\/SonoraEE","article_published_time":"2015-10-06T05:59:01+00:00","article_modified_time":"2020-05-19T01:14:10+00:00","author":"enequipo","twitter_card":"summary_large_image","twitter_creator":"@sonoraenequipo","twitter_site":"@sonoraenequipo","twitter_misc":{"Escrito por":"enequipo","Tiempo de lectura":"1 minuto"},"schema":{"@context":"https:\/\/schema.org","@graph":[{"@type":"Article","@id":"https:\/\/www.sonoraenequipo.com.mx\/cierran-farmacia-de-isssteson\/#article","isPartOf":{"@id":"https:\/\/www.sonoraenequipo.com.mx\/cierran-farmacia-de-isssteson\/"},"author":{"name":"enequipo","@id":"https:\/\/www.sonoraenequipo.com.mx\/#\/schema\/person\/50102df0fb23a8fa9e8effad8fa81386"},"headline":"Cierran farmacia de Isssteson","datePublished":"2015-10-06T05:59:01+00:00","dateModified":"2020-05-19T01:14:10+00:00","mainEntityOfPage":{"@id":"https:\/\/www.sonoraenequipo.com.mx\/cierran-farmacia-de-isssteson\/"},"wordCount":259,"commentCount":0,"publisher":{"@id":"https:\/\/www.sonoraenequipo.com.mx\/#organization"},"keywords":["burocratas","caducidad","diagnostico","dolor","enfermedades en sonora","farmacias","isssteson","medicamentos"],"articleSection":["Sonora"],"inLanguage":"es","potentialAction":[{"@type":"CommentAction","name":"Comment","target":["https:\/\/www.sonoraenequipo.com.mx\/cierran-farmacia-de-isssteson\/#respond"]}]},{"@type":"WebPage","@id":"https:\/\/www.sonoraenequipo.com.mx\/cierran-farmacia-de-isssteson\/","url":"https:\/\/www.sonoraenequipo.com.mx\/cierran-farmacia-de-isssteson\/","name":"Sonora en Equipo. Cierran farmacia de Isssteson","isPartOf":{"@id":"https:\/\/www.sonoraenequipo.com.mx\/#website"},"datePublished":"2015-10-06T05:59:01+00:00","dateModified":"2020-05-19T01:14:10+00:00","description":"05102015. HERMOSILLO, SONORA.MX. Hoy por la ma\u00f1ana la falta de medicamentos en las farmacias del Hospital Ignacio Ch\u00e1vez hizo crisis, al manifestarse un En Sonora en Equipo publicamos toda la informaci\u00f3n de Sonora, M\u00e9xico y el Mundo de manera oportuna y busca que la libertad de expresi\u00f3n sea real. Visita nuestro medio informativo publicado desde Hermosillo, Sonora. %","breadcrumb":{"@id":"https:\/\/www.sonoraenequipo.com.mx\/cierran-farmacia-de-isssteson\/#breadcrumb"},"inLanguage":"es","potentialAction":[{"@type":"ReadAction","target":["https:\/\/www.sonoraenequipo.com.mx\/cierran-farmacia-de-isssteson\/"]}]},{"@type":"BreadcrumbList","@id":"https:\/\/www.sonoraenequipo.com.mx\/cierran-farmacia-de-isssteson\/#breadcrumb","itemListElement":[{"@type":"ListItem","position":1,"name":"Portada","item":"https:\/\/www.sonoraenequipo.com.mx\/"},{"@type":"ListItem","position":2,"name":"Cierran farmacia de Isssteson"}]},{"@type":"WebSite","@id":"https:\/\/www.sonoraenequipo.com.mx\/#website","url":"https:\/\/www.sonoraenequipo.com.mx\/","name":"Sonora en Equipo.","description":"Diario en l\u00ednea con Noticias desde Hermosillo, Sonora","publisher":{"@id":"https:\/\/www.sonoraenequipo.com.mx\/#organization"},"potentialAction":[{"@type":"SearchAction","target":{"@type":"EntryPoint","urlTemplate":"https:\/\/www.sonoraenequipo.com.mx\/?s={search_term_string}"},"query-input":{"@type":"PropertyValueSpecification","valueRequired":true,"valueName":"search_term_string"}}],"inLanguage":"es"},{"@type":"Organization","@id":"https:\/\/www.sonoraenequipo.com.mx\/#organization","name":"Sonoraenequipo.com.mx","url":"https:\/\/www.sonoraenequipo.com.mx\/","logo":{"@type":"ImageObject","inLanguage":"es","@id":"https:\/\/www.sonoraenequipo.com.mx\/#\/schema\/logo\/image\/","url":"https:\/\/www.sonoraenequipo.com.mx\/storage\/2019\/01\/sonoraenequipo_opt.png","contentUrl":"https:\/\/www.sonoraenequipo.com.mx\/storage\/2019\/01\/sonoraenequipo_opt.png","width":375,"height":125,"caption":"Sonoraenequipo.com.mx"},"image":{"@id":"https:\/\/www.sonoraenequipo.com.mx\/#\/schema\/logo\/image\/"},"sameAs":["https:\/\/www.facebook.com\/SonoraEE\/","https:\/\/x.com\/sonoraenequipo","https:\/\/www.youtube.com\/channel\/UC338nW-lPEYmJQs4ZABQ1SQ"]},{"@type":"Person","@id":"https:\/\/www.sonoraenequipo.com.mx\/#\/schema\/person\/50102df0fb23a8fa9e8effad8fa81386","name":"enequipo","image":{"@type":"ImageObject","inLanguage":"es","@id":"https:\/\/www.sonoraenequipo.com.mx\/#\/schema\/person\/image\/","url":"https:\/\/secure.gravatar.com\/avatar\/049821681b589dabc0bc20695993ccebb09f5b5d4d790cd9251b97faac7c652b?s=96&d=blank&r=g","contentUrl":"https:\/\/secure.gravatar.com\/avatar\/049821681b589dabc0bc20695993ccebb09f5b5d4d790cd9251b97faac7c652b?s=96&d=blank&r=g","caption":"enequipo"},"sameAs":["https:\/\/www.facebook.com\/SonoraEE"]}]}},"jetpack_featured_media_url":"","_links":{"self":[{"href":"https:\/\/www.sonoraenequipo.com.mx\/api\/wp\/v2\/posts\/286","targetHints":{"allow":["GET"]}}],"collection":[{"href":"https:\/\/www.sonoraenequipo.com.mx\/api\/wp\/v2\/posts"}],"about":[{"href":"https:\/\/www.sonoraenequipo.com.mx\/api\/wp\/v2\/types\/post"}],"author":[{"embeddable":true,"href":"https:\/\/www.sonoraenequipo.com.mx\/api\/wp\/v2\/users\/1"}],"replies":[{"embeddable":true,"href":"https:\/\/www.sonoraenequipo.com.mx\/api\/wp\/v2\/comments?post=286"}],"version-history":[{"count":0,"href":"https:\/\/www.sonoraenequipo.com.mx\/api\/wp\/v2\/posts\/286\/revisions"}],"wp:attachment":[{"href":"https:\/\/www.sonoraenequipo.com.mx\/api\/wp\/v2\/media?parent=286"}],"wp:term":[{"taxonomy":"category","embeddable":true,"href":"https:\/\/www.sonoraenequipo.com.mx\/api\/wp\/v2\/categories?post=286"},{"taxonomy":"post_tag","embeddable":true,"href":"https:\/\/www.sonoraenequipo.com.mx\/api\/wp\/v2\/tags?post=286"}],"curies":[{"name":"wp","href":"https:\/\/api.w.org\/{rel}","templated":true}]}}