{"id":2895,"date":"2016-02-03T17:03:43","date_gmt":"2016-02-03T17:03:43","guid":{"rendered":"http:\/\/www.sonoraenequipo.com.mx\/?p=2895"},"modified":"2016-02-04T05:06:09","modified_gmt":"2016-02-04T05:06:09","slug":"se-reactivan-cursos-en-los-centros-habitat-de-hermosillo","status":"publish","type":"post","link":"https:\/\/www.sonoraenequipo.com.mx\/se-reactivan-cursos-en-los-centros-habitat-de-hermosillo\/","title":{"rendered":"Se reactivan cursos en los Centros H\u00e1bitat de Hermosillo"},"content":{"rendered":"<p>03022016. HERMOSILLO, SONORA.MX.\u2014\u00a0 El Director de Desarrollo Social del Ayuntamiento, Carlos Rodr\u00edguez Freaner, inform\u00f3 que los 7 Centros H\u00e1bitat del Municipio abrieron su programa de cursos de capacitaci\u00f3n y los interesados en incorporarse a los mismos pueden inscribirse durante esta semana. <br \/>\nLuego de que en 2015 se cancel\u00f3 este servicio durante el primer semestre, la instrucci\u00f3n del Presidente Municipal, Manuel Ignacio Maloro Acosta, fue de reactivarlo desde el inicio de este a\u00f1o, explic\u00f3 el funcionario.<\/p>\n<p>\u201cSeguiremos trabajando en los Centros H\u00e1bitat para llevarles este beneficio a las familias\u201d, asegur\u00f3 Rodr\u00edguez Freaner.<\/p>\n<p>Los cursos respecto a oficios son: carpinter\u00eda, costura, reposter\u00eda, tapicer\u00eda, estilista, computaci\u00f3n, m\u00fasica, bisuter\u00eda, instalaci\u00f3n y reparaci\u00f3n de electrodom\u00e9sticos y soldadura, mientras que las opciones deportivas son f\u00fatbol, basquetbol, danza para ni\u00f1os, zumba, acondicionamiento f\u00edsico y tae kwon do.<\/p>\n<p>Rodr\u00edguez Freaner indic\u00f3 que actualmente hay 7 Centros H\u00e1bitat ubicados en las Colonias Caf\u00e9 Combate, Solidaridad I, Solidaridad IV etapa, Internacional, Minitas, Olivos y en el Poblado Miguel Alem\u00e1n.<\/p>\n<p>La mayor\u00eda de las capacitaciones est\u00e1n programadas en horario de 9:00 a 11:00 horas en turno matutino y de 16:00 a 18:00 en el vespertino; las inscripciones estar\u00e1n abiertas desde el d\u00eda 2 de febrero hasta el 12 del presente mes.<\/p>\n<p>El Director de Desarrollo Social invit\u00f3 a los hermosillenses a que acercarse al Centro H\u00e1bitat m\u00e1s cercano a sus domicilios, para que conozcan las opciones disponibles tanto para adultos como para menores.<\/p>\n","protected":false},"excerpt":{"rendered":"<p>03022016. HERMOSILLO, SONORA.MX.\u2014\u00a0 El Director de Desarrollo Social del Ayuntamiento, Carlos Rodr\u00edguez Freaner, inform\u00f3 que&#8230;<\/p>\n","protected":false},"author":1,"featured_media":0,"comment_status":"open","ping_status":"open","sticky":false,"template":"","format":"standard","meta":{"_monsterinsights_skip_tracking":false,"_monsterinsights_sitenote_active":false,"_monsterinsights_sitenote_note":"","_monsterinsights_sitenote_category":0,"footnotes":""},"categories":[4,1],"tags":[],"class_list":["post"],"yoast_head":" \n<title>Sonora en Equipo. Se reactivan cursos en los Centros H\u00e1bitat de Hermosillo<\/title>\n<meta name=\"description\" content=\"03022016. HERMOSILLO, SONORA.MX.\u2014\u00a0 El Director de Desarrollo Social del Ayuntamiento, Carlos Rodr\u00edguez Freaner, inform\u00f3 que los 7 Centros H\u00e1bitat del En Sonora en Equipo publicamos toda la informaci\u00f3n de Sonora, M\u00e9xico y el Mundo de manera oportuna y busca que la libertad de expresi\u00f3n sea real. Visita nuestro medio informativo publicado desde Hermosillo, Sonora. %\" \/>\n<meta name=\"robots\" content=\"index, follow, max-snippet:-1, max-image-preview:large, max-video-preview:-1\" \/>\n<link rel=\"canonical\" href=\"https:\/\/www.sonoraenequipo.com.mx\/se-reactivan-cursos-en-los-centros-habitat-de-hermosillo\/\" \/>\n<meta property=\"og:locale\" content=\"es_ES\" \/>\n<meta property=\"og:type\" content=\"article\" \/>\n<meta property=\"og:title\" content=\"Sonora en Equipo. Se reactivan cursos en los Centros H\u00e1bitat de Hermosillo\" \/>\n<meta property=\"og:description\" content=\"03022016. HERMOSILLO, SONORA.MX.\u2014\u00a0 El Director de Desarrollo Social del Ayuntamiento, Carlos Rodr\u00edguez Freaner, inform\u00f3 que los 7 Centros H\u00e1bitat del En Sonora en Equipo publicamos toda la informaci\u00f3n de Sonora, M\u00e9xico y el Mundo de manera oportuna y busca que la libertad de expresi\u00f3n sea real. Visita nuestro medio informativo publicado desde Hermosillo, Sonora. %\" \/>\n<meta property=\"og:url\" content=\"https:\/\/www.sonoraenequipo.com.mx\/se-reactivan-cursos-en-los-centros-habitat-de-hermosillo\/\" \/>\n<meta property=\"og:site_name\" content=\"Sonora en Equipo.\" \/>\n<meta property=\"article:publisher\" content=\"https:\/\/www.facebook.com\/SonoraEE\/\" \/>\n<meta property=\"article:author\" content=\"https:\/\/www.facebook.com\/SonoraEE\" \/>\n<meta property=\"article:published_time\" content=\"2016-02-03T17:03:43+00:00\" \/>\n<meta property=\"article:modified_time\" content=\"2016-02-04T05:06:09+00:00\" \/>\n<meta name=\"author\" content=\"enequipo\" \/>\n<meta name=\"twitter:card\" content=\"summary_large_image\" \/>\n<meta name=\"twitter:creator\" content=\"@sonoraenequipo\" \/>\n<meta name=\"twitter:site\" content=\"@sonoraenequipo\" \/>\n<meta name=\"twitter:label1\" content=\"Escrito por\" \/>\n\t<meta name=\"twitter:data1\" content=\"enequipo\" \/>\n\t<meta name=\"twitter:label2\" content=\"Tiempo de lectura\" \/>\n\t<meta name=\"twitter:data2\" content=\"1 minuto\" \/>\n<script type=\"application\/ld+json\" class=\"yoast-schema-graph\">{\"@context\":\"https:\/\/schema.org\",\"@graph\":[{\"@type\":\"Article\",\"@id\":\"https:\/\/www.sonoraenequipo.com.mx\/se-reactivan-cursos-en-los-centros-habitat-de-hermosillo\/#article\",\"isPartOf\":{\"@id\":\"https:\/\/www.sonoraenequipo.com.mx\/se-reactivan-cursos-en-los-centros-habitat-de-hermosillo\/\"},\"author\":{\"name\":\"enequipo\",\"@id\":\"https:\/\/www.sonoraenequipo.com.mx\/#\/schema\/person\/50102df0fb23a8fa9e8effad8fa81386\"},\"headline\":\"Se reactivan cursos en los Centros H\u00e1bitat de Hermosillo\",\"datePublished\":\"2016-02-03T17:03:43+00:00\",\"dateModified\":\"2016-02-04T05:06:09+00:00\",\"mainEntityOfPage\":{\"@id\":\"https:\/\/www.sonoraenequipo.com.mx\/se-reactivan-cursos-en-los-centros-habitat-de-hermosillo\/\"},\"wordCount\":261,\"commentCount\":0,\"publisher\":{\"@id\":\"https:\/\/www.sonoraenequipo.com.mx\/#organization\"},\"articleSection\":[\"Municipios\",\"Sin categorizar\"],\"inLanguage\":\"es\",\"potentialAction\":[{\"@type\":\"CommentAction\",\"name\":\"Comment\",\"target\":[\"https:\/\/www.sonoraenequipo.com.mx\/se-reactivan-cursos-en-los-centros-habitat-de-hermosillo\/#respond\"]}]},{\"@type\":\"WebPage\",\"@id\":\"https:\/\/www.sonoraenequipo.com.mx\/se-reactivan-cursos-en-los-centros-habitat-de-hermosillo\/\",\"url\":\"https:\/\/www.sonoraenequipo.com.mx\/se-reactivan-cursos-en-los-centros-habitat-de-hermosillo\/\",\"name\":\"Sonora en Equipo. Se reactivan cursos en los Centros H\u00e1bitat de Hermosillo\",\"isPartOf\":{\"@id\":\"https:\/\/www.sonoraenequipo.com.mx\/#website\"},\"datePublished\":\"2016-02-03T17:03:43+00:00\",\"dateModified\":\"2016-02-04T05:06:09+00:00\",\"description\":\"03022016. HERMOSILLO, SONORA.MX.\u2014\u00a0 El Director de Desarrollo Social del Ayuntamiento, Carlos Rodr\u00edguez Freaner, inform\u00f3 que los 7 Centros H\u00e1bitat del En Sonora en Equipo publicamos toda la informaci\u00f3n de Sonora, M\u00e9xico y el Mundo de manera oportuna y busca que la libertad de expresi\u00f3n sea real. Visita nuestro medio informativo publicado desde Hermosillo, Sonora. %\",\"breadcrumb\":{\"@id\":\"https:\/\/www.sonoraenequipo.com.mx\/se-reactivan-cursos-en-los-centros-habitat-de-hermosillo\/#breadcrumb\"},\"inLanguage\":\"es\",\"potentialAction\":[{\"@type\":\"ReadAction\",\"target\":[\"https:\/\/www.sonoraenequipo.com.mx\/se-reactivan-cursos-en-los-centros-habitat-de-hermosillo\/\"]}]},{\"@type\":\"BreadcrumbList\",\"@id\":\"https:\/\/www.sonoraenequipo.com.mx\/se-reactivan-cursos-en-los-centros-habitat-de-hermosillo\/#breadcrumb\",\"itemListElement\":[{\"@type\":\"ListItem\",\"position\":1,\"name\":\"Portada\",\"item\":\"https:\/\/www.sonoraenequipo.com.mx\/\"},{\"@type\":\"ListItem\",\"position\":2,\"name\":\"Se reactivan cursos en los Centros H\u00e1bitat de Hermosillo\"}]},{\"@type\":\"WebSite\",\"@id\":\"https:\/\/www.sonoraenequipo.com.mx\/#website\",\"url\":\"https:\/\/www.sonoraenequipo.com.mx\/\",\"name\":\"Sonora en Equipo.\",\"description\":\"Diario en l\u00ednea con Noticias desde Hermosillo, Sonora\",\"publisher\":{\"@id\":\"https:\/\/www.sonoraenequipo.com.mx\/#organization\"},\"potentialAction\":[{\"@type\":\"SearchAction\",\"target\":{\"@type\":\"EntryPoint\",\"urlTemplate\":\"https:\/\/www.sonoraenequipo.com.mx\/?s={search_term_string}\"},\"query-input\":{\"@type\":\"PropertyValueSpecification\",\"valueRequired\":true,\"valueName\":\"search_term_string\"}}],\"inLanguage\":\"es\"},{\"@type\":\"Organization\",\"@id\":\"https:\/\/www.sonoraenequipo.com.mx\/#organization\",\"name\":\"Sonoraenequipo.com.mx\",\"url\":\"https:\/\/www.sonoraenequipo.com.mx\/\",\"logo\":{\"@type\":\"ImageObject\",\"inLanguage\":\"es\",\"@id\":\"https:\/\/www.sonoraenequipo.com.mx\/#\/schema\/logo\/image\/\",\"url\":\"https:\/\/www.sonoraenequipo.com.mx\/storage\/2019\/01\/sonoraenequipo_opt.png\",\"contentUrl\":\"https:\/\/www.sonoraenequipo.com.mx\/storage\/2019\/01\/sonoraenequipo_opt.png\",\"width\":375,\"height\":125,\"caption\":\"Sonoraenequipo.com.mx\"},\"image\":{\"@id\":\"https:\/\/www.sonoraenequipo.com.mx\/#\/schema\/logo\/image\/\"},\"sameAs\":[\"https:\/\/www.facebook.com\/SonoraEE\/\",\"https:\/\/x.com\/sonoraenequipo\",\"https:\/\/www.youtube.com\/channel\/UC338nW-lPEYmJQs4ZABQ1SQ\"]},{\"@type\":\"Person\",\"@id\":\"https:\/\/www.sonoraenequipo.com.mx\/#\/schema\/person\/50102df0fb23a8fa9e8effad8fa81386\",\"name\":\"enequipo\",\"image\":{\"@type\":\"ImageObject\",\"inLanguage\":\"es\",\"@id\":\"https:\/\/www.sonoraenequipo.com.mx\/#\/schema\/person\/image\/\",\"url\":\"https:\/\/secure.gravatar.com\/avatar\/049821681b589dabc0bc20695993ccebb09f5b5d4d790cd9251b97faac7c652b?s=96&d=blank&r=g\",\"contentUrl\":\"https:\/\/secure.gravatar.com\/avatar\/049821681b589dabc0bc20695993ccebb09f5b5d4d790cd9251b97faac7c652b?s=96&d=blank&r=g\",\"caption\":\"enequipo\"},\"sameAs\":[\"https:\/\/www.facebook.com\/SonoraEE\"]}]}<\/script>\n ","yoast_head_json":{"title":"Sonora en Equipo. Se reactivan cursos en los Centros H\u00e1bitat de Hermosillo","description":"03022016. HERMOSILLO, SONORA.MX.\u2014\u00a0 El Director de Desarrollo Social del Ayuntamiento, Carlos Rodr\u00edguez Freaner, inform\u00f3 que los 7 Centros H\u00e1bitat del En Sonora en Equipo publicamos toda la informaci\u00f3n de Sonora, M\u00e9xico y el Mundo de manera oportuna y busca que la libertad de expresi\u00f3n sea real. Visita nuestro medio informativo publicado desde Hermosillo, Sonora. %","robots":{"index":"index","follow":"follow","max-snippet":"max-snippet:-1","max-image-preview":"max-image-preview:large","max-video-preview":"max-video-preview:-1"},"canonical":"https:\/\/www.sonoraenequipo.com.mx\/se-reactivan-cursos-en-los-centros-habitat-de-hermosillo\/","og_locale":"es_ES","og_type":"article","og_title":"Sonora en Equipo. Se reactivan cursos en los Centros H\u00e1bitat de Hermosillo","og_description":"03022016. HERMOSILLO, SONORA.MX.\u2014\u00a0 El Director de Desarrollo Social del Ayuntamiento, Carlos Rodr\u00edguez Freaner, inform\u00f3 que los 7 Centros H\u00e1bitat del En Sonora en Equipo publicamos toda la informaci\u00f3n de Sonora, M\u00e9xico y el Mundo de manera oportuna y busca que la libertad de expresi\u00f3n sea real. Visita nuestro medio informativo publicado desde Hermosillo, Sonora. %","og_url":"https:\/\/www.sonoraenequipo.com.mx\/se-reactivan-cursos-en-los-centros-habitat-de-hermosillo\/","og_site_name":"Sonora en Equipo.","article_publisher":"https:\/\/www.facebook.com\/SonoraEE\/","article_author":"https:\/\/www.facebook.com\/SonoraEE","article_published_time":"2016-02-03T17:03:43+00:00","article_modified_time":"2016-02-04T05:06:09+00:00","author":"enequipo","twitter_card":"summary_large_image","twitter_creator":"@sonoraenequipo","twitter_site":"@sonoraenequipo","twitter_misc":{"Escrito por":"enequipo","Tiempo de lectura":"1 minuto"},"schema":{"@context":"https:\/\/schema.org","@graph":[{"@type":"Article","@id":"https:\/\/www.sonoraenequipo.com.mx\/se-reactivan-cursos-en-los-centros-habitat-de-hermosillo\/#article","isPartOf":{"@id":"https:\/\/www.sonoraenequipo.com.mx\/se-reactivan-cursos-en-los-centros-habitat-de-hermosillo\/"},"author":{"name":"enequipo","@id":"https:\/\/www.sonoraenequipo.com.mx\/#\/schema\/person\/50102df0fb23a8fa9e8effad8fa81386"},"headline":"Se reactivan cursos en los Centros H\u00e1bitat de Hermosillo","datePublished":"2016-02-03T17:03:43+00:00","dateModified":"2016-02-04T05:06:09+00:00","mainEntityOfPage":{"@id":"https:\/\/www.sonoraenequipo.com.mx\/se-reactivan-cursos-en-los-centros-habitat-de-hermosillo\/"},"wordCount":261,"commentCount":0,"publisher":{"@id":"https:\/\/www.sonoraenequipo.com.mx\/#organization"},"articleSection":["Municipios","Sin categorizar"],"inLanguage":"es","potentialAction":[{"@type":"CommentAction","name":"Comment","target":["https:\/\/www.sonoraenequipo.com.mx\/se-reactivan-cursos-en-los-centros-habitat-de-hermosillo\/#respond"]}]},{"@type":"WebPage","@id":"https:\/\/www.sonoraenequipo.com.mx\/se-reactivan-cursos-en-los-centros-habitat-de-hermosillo\/","url":"https:\/\/www.sonoraenequipo.com.mx\/se-reactivan-cursos-en-los-centros-habitat-de-hermosillo\/","name":"Sonora en Equipo. Se reactivan cursos en los Centros H\u00e1bitat de Hermosillo","isPartOf":{"@id":"https:\/\/www.sonoraenequipo.com.mx\/#website"},"datePublished":"2016-02-03T17:03:43+00:00","dateModified":"2016-02-04T05:06:09+00:00","description":"03022016. HERMOSILLO, SONORA.MX.\u2014\u00a0 El Director de Desarrollo Social del Ayuntamiento, Carlos Rodr\u00edguez Freaner, inform\u00f3 que los 7 Centros H\u00e1bitat del En Sonora en Equipo publicamos toda la informaci\u00f3n de Sonora, M\u00e9xico y el Mundo de manera oportuna y busca que la libertad de expresi\u00f3n sea real. Visita nuestro medio informativo publicado desde Hermosillo, Sonora. %","breadcrumb":{"@id":"https:\/\/www.sonoraenequipo.com.mx\/se-reactivan-cursos-en-los-centros-habitat-de-hermosillo\/#breadcrumb"},"inLanguage":"es","potentialAction":[{"@type":"ReadAction","target":["https:\/\/www.sonoraenequipo.com.mx\/se-reactivan-cursos-en-los-centros-habitat-de-hermosillo\/"]}]},{"@type":"BreadcrumbList","@id":"https:\/\/www.sonoraenequipo.com.mx\/se-reactivan-cursos-en-los-centros-habitat-de-hermosillo\/#breadcrumb","itemListElement":[{"@type":"ListItem","position":1,"name":"Portada","item":"https:\/\/www.sonoraenequipo.com.mx\/"},{"@type":"ListItem","position":2,"name":"Se reactivan cursos en los Centros H\u00e1bitat de Hermosillo"}]},{"@type":"WebSite","@id":"https:\/\/www.sonoraenequipo.com.mx\/#website","url":"https:\/\/www.sonoraenequipo.com.mx\/","name":"Sonora en Equipo.","description":"Diario en l\u00ednea con Noticias desde Hermosillo, Sonora","publisher":{"@id":"https:\/\/www.sonoraenequipo.com.mx\/#organization"},"potentialAction":[{"@type":"SearchAction","target":{"@type":"EntryPoint","urlTemplate":"https:\/\/www.sonoraenequipo.com.mx\/?s={search_term_string}"},"query-input":{"@type":"PropertyValueSpecification","valueRequired":true,"valueName":"search_term_string"}}],"inLanguage":"es"},{"@type":"Organization","@id":"https:\/\/www.sonoraenequipo.com.mx\/#organization","name":"Sonoraenequipo.com.mx","url":"https:\/\/www.sonoraenequipo.com.mx\/","logo":{"@type":"ImageObject","inLanguage":"es","@id":"https:\/\/www.sonoraenequipo.com.mx\/#\/schema\/logo\/image\/","url":"https:\/\/www.sonoraenequipo.com.mx\/storage\/2019\/01\/sonoraenequipo_opt.png","contentUrl":"https:\/\/www.sonoraenequipo.com.mx\/storage\/2019\/01\/sonoraenequipo_opt.png","width":375,"height":125,"caption":"Sonoraenequipo.com.mx"},"image":{"@id":"https:\/\/www.sonoraenequipo.com.mx\/#\/schema\/logo\/image\/"},"sameAs":["https:\/\/www.facebook.com\/SonoraEE\/","https:\/\/x.com\/sonoraenequipo","https:\/\/www.youtube.com\/channel\/UC338nW-lPEYmJQs4ZABQ1SQ"]},{"@type":"Person","@id":"https:\/\/www.sonoraenequipo.com.mx\/#\/schema\/person\/50102df0fb23a8fa9e8effad8fa81386","name":"enequipo","image":{"@type":"ImageObject","inLanguage":"es","@id":"https:\/\/www.sonoraenequipo.com.mx\/#\/schema\/person\/image\/","url":"https:\/\/secure.gravatar.com\/avatar\/049821681b589dabc0bc20695993ccebb09f5b5d4d790cd9251b97faac7c652b?s=96&d=blank&r=g","contentUrl":"https:\/\/secure.gravatar.com\/avatar\/049821681b589dabc0bc20695993ccebb09f5b5d4d790cd9251b97faac7c652b?s=96&d=blank&r=g","caption":"enequipo"},"sameAs":["https:\/\/www.facebook.com\/SonoraEE"]}]}},"jetpack_featured_media_url":"","_links":{"self":[{"href":"https:\/\/www.sonoraenequipo.com.mx\/api\/wp\/v2\/posts\/2895","targetHints":{"allow":["GET"]}}],"collection":[{"href":"https:\/\/www.sonoraenequipo.com.mx\/api\/wp\/v2\/posts"}],"about":[{"href":"https:\/\/www.sonoraenequipo.com.mx\/api\/wp\/v2\/types\/post"}],"author":[{"embeddable":true,"href":"https:\/\/www.sonoraenequipo.com.mx\/api\/wp\/v2\/users\/1"}],"replies":[{"embeddable":true,"href":"https:\/\/www.sonoraenequipo.com.mx\/api\/wp\/v2\/comments?post=2895"}],"version-history":[{"count":0,"href":"https:\/\/www.sonoraenequipo.com.mx\/api\/wp\/v2\/posts\/2895\/revisions"}],"wp:attachment":[{"href":"https:\/\/www.sonoraenequipo.com.mx\/api\/wp\/v2\/media?parent=2895"}],"wp:term":[{"taxonomy":"category","embeddable":true,"href":"https:\/\/www.sonoraenequipo.com.mx\/api\/wp\/v2\/categories?post=2895"},{"taxonomy":"post_tag","embeddable":true,"href":"https:\/\/www.sonoraenequipo.com.mx\/api\/wp\/v2\/tags?post=2895"}],"curies":[{"name":"wp","href":"https:\/\/api.w.org\/{rel}","templated":true}]}}