{"id":292,"date":"2015-10-05T23:08:03","date_gmt":"2015-10-06T06:08:03","guid":{"rendered":"http:\/\/www.sonoraenequipo.com.mx\/?p=292"},"modified":"2020-05-18T18:13:55","modified_gmt":"2020-05-19T01:13:55","slug":"democracia-y-transparencia-favorecen-desarrollo-de-la-sociedad-pena","status":"publish","type":"post","link":"https:\/\/www.sonoraenequipo.com.mx\/democracia-y-transparencia-favorecen-desarrollo-de-la-sociedad-pena\/","title":{"rendered":"Democracia y transparencia favorecen desarrollo de la sociedad: Pe\u00f1a"},"content":{"rendered":"<p>05102015. M\u00c9XICO, D.F. ALONSO URRUTIA. \u2014 En el marco de la inauguraci\u00f3n de la Semana Nacional de Transparencia, el presidente Enrique Pe\u00f1a Nieto llam\u00f3 a consolidar el binomio entre democracia y transparencia como herramientas que favorecen el desarrollo de la sociedad. El mandatario subray\u00f3 que s\u00f3lo a los gobiernos autoritarios conviene la opacidad en su actuaci\u00f3n, por lo que celebr\u00f3 los avances que M\u00e9xico ha tenido en transparencia.<br \/>\n <br \/>\nEl presidente asegur\u00f3 que el estado debe abonar en consolidar este binomio democracia-transparencia como una f\u00f3rmula para fortalecer la confianza y credibilidad en las instituciones, en la l\u00f3gica de entender que mayor transparencia no es algo que vaya en contra de las instituciones. Es necesario, dijo, enriquecer la visi\u00f3n sobre el actuar del gobierno.<br \/>\nDurante su participaci\u00f3n en la Semana Nacional de la Transparencia 2015 en la antigua sede del Senado, Pe\u00f1a Nieto destac\u00f3 el cambio sustancial que ha registrado M\u00e9xico en los \u00faltimos a\u00f1os, por lo que, dijo, s\u00f3lo quienes tienen \u201cmemoria corta\u201d, no recuerdan que hasta hace 20 o 30 a\u00f1os, en M\u00e9xico hab\u00eda gobiernos aut\u00e9nticamente cerrados en donde informaci\u00f3n como las reservas internacionales, solo se difund\u00edan en el informe presidencial.<\/p>\n<p>Pe\u00f1a Nieto dijo que en este rengl\u00f3n M\u00e9xico ha avanzado sustancialmente adquiriendo las mejores pr\u00e1cticas internacionales en materia de transparencia y rendici\u00f3n de cuentas. El pa\u00eds ha pugnado por tener cada vez m\u00e1s gobiernos y poderes abiertos y transparentes. Aunque formalmente el derecho de acceso a la informaci\u00f3n estaba contemplado en la constituci\u00f3n desde 1977, no hab\u00eda una legislaci\u00f3n secundaria que lo hiciera posible.<\/p>\n<p>M\u00e1s adelante explic\u00f3 que desde mayo de este a\u00f1o se ha acelerado la transformaci\u00f3n para alentar que los gobiernos y poderes sean cada vez m\u00e1s abiertos, donde los sindicatos que reciben recursos p\u00fablicos est\u00e1n obligados a la transparencia. Un nuevo ordenamiento en que se est\u00e1 creando un sistema nacional orientado claramente a la rendici\u00f3n de cuentas .<\/p>\n<p>En su oportunidad, el representante de la Red por la Rendici\u00f3n de Cuentas, Mauricio Merino destac\u00f3 la importancia de los avances constitucionales y legales que ha tenido el pa\u00eds, sin embargo, alert\u00f3 sobre el riesgo impl\u00edcito en la elaboraci\u00f3n del segundo paquete de leyes que complementan el sistema de transparencia y anticorrupci\u00f3n (ley General de Archivos, Ley Federal de Transparencia, Ley General de Protecci\u00f3n de Datos Personales), porque existe tal dispersi\u00f3n de propuestas que eventualmente pudieran anularse entre s\u00ed, en el caso en que se trabajen separadamente.<\/p>\n<p>Por su parte, la presidenta del Instituto Nacional de Transparencia y Acceso a la Informaci\u00f3n, Ximena Puente, sostuvo que las reformas en materia de transparencia deben asumirse como una pol\u00edtica de estado que conduzca hacia una efectiva rendici\u00f3n de cuentas. Dijo que los alcances de las reformas deben verse de manera en que se consolida de manera vertical, en la relaci\u00f3n entre sociedad y gobierno; horizontal, como un esquema de pesos y contrapesos.<\/p>\n<p>Puente consider\u00f3 que garantizar el ejercicio de este derecho no puede verse solamente como el cumplimiento de un tr\u00e1mite administrativo, sino como una forma mediante el cual se puede entender la democracia como un ejercicio que debe ser p\u00fablico<\/p>\n<p>En su oportunidad, el presidente del Senado, Roberto Gil ofreci\u00f3 que el Senado cumplir\u00e1 en los tiempos que se fij\u00f3 para complementar el paquete de leyes y reformas que se requieren para consolidar la transparencia. Subray\u00f3 que no se puede ser ajeno al hecho de que a\u00fan ahora las rutinas de transparencia se ve por algunos sujetos obligados como carga burocr\u00e1tica, como riesgos de ser exhibidos ante la sociedad. Por ello, llam\u00f3 a superar los regateos en el cumplimiento de la legislaci\u00f3n porque la apertura de la informaci\u00f3n no es una amenaza sino oportunidad de legitimaci\u00f3n.<\/p>\n","protected":false},"excerpt":{"rendered":"<p>05102015. M\u00c9XICO, D.F. ALONSO URRUTIA. \u2014 En el marco de la inauguraci\u00f3n de la Semana&#8230;<\/p>\n","protected":false},"author":1,"featured_media":0,"comment_status":"open","ping_status":"open","sticky":false,"template":"","format":"standard","meta":{"_monsterinsights_skip_tracking":false,"_monsterinsights_sitenote_active":false,"_monsterinsights_sitenote_note":"","_monsterinsights_sitenote_category":0,"footnotes":""},"categories":[5],"tags":[349,351,347,42,353,346,352,350,348],"class_list":["post"],"yoast_head":" \n<title>Sonora en Equipo. Democracia y transparencia favorecen desarrollo de la sociedad: Pe\u00f1a<\/title>\n<meta name=\"description\" content=\"05102015. M\u00c9XICO, D.F. ALONSO URRUTIA. \u2014 En el marco de la inauguraci\u00f3n de la Semana Nacional de Transparencia, el presidente Enrique Pe\u00f1a Nieto llam\u00f3 a En Sonora en Equipo publicamos toda la informaci\u00f3n de Sonora, M\u00e9xico y el Mundo de manera oportuna y busca que la libertad de expresi\u00f3n sea real. Visita nuestro medio informativo publicado desde Hermosillo, Sonora. %\" \/>\n<meta name=\"robots\" content=\"index, follow, max-snippet:-1, max-image-preview:large, max-video-preview:-1\" \/>\n<link rel=\"canonical\" href=\"https:\/\/www.sonoraenequipo.com.mx\/democracia-y-transparencia-favorecen-desarrollo-de-la-sociedad-pena\/\" \/>\n<meta property=\"og:locale\" content=\"es_ES\" \/>\n<meta property=\"og:type\" content=\"article\" \/>\n<meta property=\"og:title\" content=\"Sonora en Equipo. Democracia y transparencia favorecen desarrollo de la sociedad: Pe\u00f1a\" \/>\n<meta property=\"og:description\" content=\"05102015. M\u00c9XICO, D.F. ALONSO URRUTIA. \u2014 En el marco de la inauguraci\u00f3n de la Semana Nacional de Transparencia, el presidente Enrique Pe\u00f1a Nieto llam\u00f3 a En Sonora en Equipo publicamos toda la informaci\u00f3n de Sonora, M\u00e9xico y el Mundo de manera oportuna y busca que la libertad de expresi\u00f3n sea real. Visita nuestro medio informativo publicado desde Hermosillo, Sonora. %\" \/>\n<meta property=\"og:url\" content=\"https:\/\/www.sonoraenequipo.com.mx\/democracia-y-transparencia-favorecen-desarrollo-de-la-sociedad-pena\/\" \/>\n<meta property=\"og:site_name\" content=\"Sonora en Equipo.\" \/>\n<meta property=\"article:publisher\" content=\"https:\/\/www.facebook.com\/SonoraEE\/\" \/>\n<meta property=\"article:author\" content=\"https:\/\/www.facebook.com\/SonoraEE\" \/>\n<meta property=\"article:published_time\" content=\"2015-10-06T06:08:03+00:00\" \/>\n<meta property=\"article:modified_time\" content=\"2020-05-19T01:13:55+00:00\" \/>\n<meta name=\"author\" content=\"enequipo\" \/>\n<meta name=\"twitter:card\" content=\"summary_large_image\" \/>\n<meta name=\"twitter:creator\" content=\"@sonoraenequipo\" \/>\n<meta name=\"twitter:site\" content=\"@sonoraenequipo\" \/>\n<meta name=\"twitter:label1\" content=\"Escrito por\" \/>\n\t<meta name=\"twitter:data1\" content=\"enequipo\" \/>\n\t<meta name=\"twitter:label2\" content=\"Tiempo de lectura\" \/>\n\t<meta name=\"twitter:data2\" content=\"3 minutos\" \/>\n<script type=\"application\/ld+json\" class=\"yoast-schema-graph\">{\"@context\":\"https:\/\/schema.org\",\"@graph\":[{\"@type\":\"Article\",\"@id\":\"https:\/\/www.sonoraenequipo.com.mx\/democracia-y-transparencia-favorecen-desarrollo-de-la-sociedad-pena\/#article\",\"isPartOf\":{\"@id\":\"https:\/\/www.sonoraenequipo.com.mx\/democracia-y-transparencia-favorecen-desarrollo-de-la-sociedad-pena\/\"},\"author\":{\"name\":\"enequipo\",\"@id\":\"https:\/\/www.sonoraenequipo.com.mx\/#\/schema\/person\/50102df0fb23a8fa9e8effad8fa81386\"},\"headline\":\"Democracia y transparencia favorecen desarrollo de la sociedad: Pe\u00f1a\",\"datePublished\":\"2015-10-06T06:08:03+00:00\",\"dateModified\":\"2020-05-19T01:13:55+00:00\",\"mainEntityOfPage\":{\"@id\":\"https:\/\/www.sonoraenequipo.com.mx\/democracia-y-transparencia-favorecen-desarrollo-de-la-sociedad-pena\/\"},\"wordCount\":667,\"commentCount\":0,\"publisher\":{\"@id\":\"https:\/\/www.sonoraenequipo.com.mx\/#organization\"},\"keywords\":[\"Aristegui\",\"Diputados\",\"EPN\",\"informaci\u00f3n\",\"Ley General de Protecci\u00f3n\",\"Pena Nieto\",\"Roberto Gil\",\"Senado\",\"transparencia\"],\"articleSection\":[\"Rep\u00fablica\"],\"inLanguage\":\"es\",\"potentialAction\":[{\"@type\":\"CommentAction\",\"name\":\"Comment\",\"target\":[\"https:\/\/www.sonoraenequipo.com.mx\/democracia-y-transparencia-favorecen-desarrollo-de-la-sociedad-pena\/#respond\"]}]},{\"@type\":\"WebPage\",\"@id\":\"https:\/\/www.sonoraenequipo.com.mx\/democracia-y-transparencia-favorecen-desarrollo-de-la-sociedad-pena\/\",\"url\":\"https:\/\/www.sonoraenequipo.com.mx\/democracia-y-transparencia-favorecen-desarrollo-de-la-sociedad-pena\/\",\"name\":\"Sonora en Equipo. Democracia y transparencia favorecen desarrollo de la sociedad: Pe\u00f1a\",\"isPartOf\":{\"@id\":\"https:\/\/www.sonoraenequipo.com.mx\/#website\"},\"datePublished\":\"2015-10-06T06:08:03+00:00\",\"dateModified\":\"2020-05-19T01:13:55+00:00\",\"description\":\"05102015. M\u00c9XICO, D.F. ALONSO URRUTIA. \u2014 En el marco de la inauguraci\u00f3n de la Semana Nacional de Transparencia, el presidente Enrique Pe\u00f1a Nieto llam\u00f3 a En Sonora en Equipo publicamos toda la informaci\u00f3n de Sonora, M\u00e9xico y el Mundo de manera oportuna y busca que la libertad de expresi\u00f3n sea real. Visita nuestro medio informativo publicado desde Hermosillo, Sonora. %\",\"breadcrumb\":{\"@id\":\"https:\/\/www.sonoraenequipo.com.mx\/democracia-y-transparencia-favorecen-desarrollo-de-la-sociedad-pena\/#breadcrumb\"},\"inLanguage\":\"es\",\"potentialAction\":[{\"@type\":\"ReadAction\",\"target\":[\"https:\/\/www.sonoraenequipo.com.mx\/democracia-y-transparencia-favorecen-desarrollo-de-la-sociedad-pena\/\"]}]},{\"@type\":\"BreadcrumbList\",\"@id\":\"https:\/\/www.sonoraenequipo.com.mx\/democracia-y-transparencia-favorecen-desarrollo-de-la-sociedad-pena\/#breadcrumb\",\"itemListElement\":[{\"@type\":\"ListItem\",\"position\":1,\"name\":\"Portada\",\"item\":\"https:\/\/www.sonoraenequipo.com.mx\/\"},{\"@type\":\"ListItem\",\"position\":2,\"name\":\"Democracia y transparencia favorecen desarrollo de la sociedad: Pe\u00f1a\"}]},{\"@type\":\"WebSite\",\"@id\":\"https:\/\/www.sonoraenequipo.com.mx\/#website\",\"url\":\"https:\/\/www.sonoraenequipo.com.mx\/\",\"name\":\"Sonora en Equipo.\",\"description\":\"Diario en l\u00ednea con Noticias desde Hermosillo, Sonora\",\"publisher\":{\"@id\":\"https:\/\/www.sonoraenequipo.com.mx\/#organization\"},\"potentialAction\":[{\"@type\":\"SearchAction\",\"target\":{\"@type\":\"EntryPoint\",\"urlTemplate\":\"https:\/\/www.sonoraenequipo.com.mx\/?s={search_term_string}\"},\"query-input\":{\"@type\":\"PropertyValueSpecification\",\"valueRequired\":true,\"valueName\":\"search_term_string\"}}],\"inLanguage\":\"es\"},{\"@type\":\"Organization\",\"@id\":\"https:\/\/www.sonoraenequipo.com.mx\/#organization\",\"name\":\"Sonoraenequipo.com.mx\",\"url\":\"https:\/\/www.sonoraenequipo.com.mx\/\",\"logo\":{\"@type\":\"ImageObject\",\"inLanguage\":\"es\",\"@id\":\"https:\/\/www.sonoraenequipo.com.mx\/#\/schema\/logo\/image\/\",\"url\":\"https:\/\/www.sonoraenequipo.com.mx\/storage\/2019\/01\/sonoraenequipo_opt.png\",\"contentUrl\":\"https:\/\/www.sonoraenequipo.com.mx\/storage\/2019\/01\/sonoraenequipo_opt.png\",\"width\":375,\"height\":125,\"caption\":\"Sonoraenequipo.com.mx\"},\"image\":{\"@id\":\"https:\/\/www.sonoraenequipo.com.mx\/#\/schema\/logo\/image\/\"},\"sameAs\":[\"https:\/\/www.facebook.com\/SonoraEE\/\",\"https:\/\/x.com\/sonoraenequipo\",\"https:\/\/www.youtube.com\/channel\/UC338nW-lPEYmJQs4ZABQ1SQ\"]},{\"@type\":\"Person\",\"@id\":\"https:\/\/www.sonoraenequipo.com.mx\/#\/schema\/person\/50102df0fb23a8fa9e8effad8fa81386\",\"name\":\"enequipo\",\"image\":{\"@type\":\"ImageObject\",\"inLanguage\":\"es\",\"@id\":\"https:\/\/www.sonoraenequipo.com.mx\/#\/schema\/person\/image\/\",\"url\":\"https:\/\/secure.gravatar.com\/avatar\/049821681b589dabc0bc20695993ccebb09f5b5d4d790cd9251b97faac7c652b?s=96&d=blank&r=g\",\"contentUrl\":\"https:\/\/secure.gravatar.com\/avatar\/049821681b589dabc0bc20695993ccebb09f5b5d4d790cd9251b97faac7c652b?s=96&d=blank&r=g\",\"caption\":\"enequipo\"},\"sameAs\":[\"https:\/\/www.facebook.com\/SonoraEE\"]}]}<\/script>\n ","yoast_head_json":{"title":"Sonora en Equipo. Democracia y transparencia favorecen desarrollo de la sociedad: Pe\u00f1a","description":"05102015. M\u00c9XICO, D.F. ALONSO URRUTIA. \u2014 En el marco de la inauguraci\u00f3n de la Semana Nacional de Transparencia, el presidente Enrique Pe\u00f1a Nieto llam\u00f3 a En Sonora en Equipo publicamos toda la informaci\u00f3n de Sonora, M\u00e9xico y el Mundo de manera oportuna y busca que la libertad de expresi\u00f3n sea real. Visita nuestro medio informativo publicado desde Hermosillo, Sonora. %","robots":{"index":"index","follow":"follow","max-snippet":"max-snippet:-1","max-image-preview":"max-image-preview:large","max-video-preview":"max-video-preview:-1"},"canonical":"https:\/\/www.sonoraenequipo.com.mx\/democracia-y-transparencia-favorecen-desarrollo-de-la-sociedad-pena\/","og_locale":"es_ES","og_type":"article","og_title":"Sonora en Equipo. Democracia y transparencia favorecen desarrollo de la sociedad: Pe\u00f1a","og_description":"05102015. M\u00c9XICO, D.F. ALONSO URRUTIA. \u2014 En el marco de la inauguraci\u00f3n de la Semana Nacional de Transparencia, el presidente Enrique Pe\u00f1a Nieto llam\u00f3 a En Sonora en Equipo publicamos toda la informaci\u00f3n de Sonora, M\u00e9xico y el Mundo de manera oportuna y busca que la libertad de expresi\u00f3n sea real. Visita nuestro medio informativo publicado desde Hermosillo, Sonora. %","og_url":"https:\/\/www.sonoraenequipo.com.mx\/democracia-y-transparencia-favorecen-desarrollo-de-la-sociedad-pena\/","og_site_name":"Sonora en Equipo.","article_publisher":"https:\/\/www.facebook.com\/SonoraEE\/","article_author":"https:\/\/www.facebook.com\/SonoraEE","article_published_time":"2015-10-06T06:08:03+00:00","article_modified_time":"2020-05-19T01:13:55+00:00","author":"enequipo","twitter_card":"summary_large_image","twitter_creator":"@sonoraenequipo","twitter_site":"@sonoraenequipo","twitter_misc":{"Escrito por":"enequipo","Tiempo de lectura":"3 minutos"},"schema":{"@context":"https:\/\/schema.org","@graph":[{"@type":"Article","@id":"https:\/\/www.sonoraenequipo.com.mx\/democracia-y-transparencia-favorecen-desarrollo-de-la-sociedad-pena\/#article","isPartOf":{"@id":"https:\/\/www.sonoraenequipo.com.mx\/democracia-y-transparencia-favorecen-desarrollo-de-la-sociedad-pena\/"},"author":{"name":"enequipo","@id":"https:\/\/www.sonoraenequipo.com.mx\/#\/schema\/person\/50102df0fb23a8fa9e8effad8fa81386"},"headline":"Democracia y transparencia favorecen desarrollo de la sociedad: Pe\u00f1a","datePublished":"2015-10-06T06:08:03+00:00","dateModified":"2020-05-19T01:13:55+00:00","mainEntityOfPage":{"@id":"https:\/\/www.sonoraenequipo.com.mx\/democracia-y-transparencia-favorecen-desarrollo-de-la-sociedad-pena\/"},"wordCount":667,"commentCount":0,"publisher":{"@id":"https:\/\/www.sonoraenequipo.com.mx\/#organization"},"keywords":["Aristegui","Diputados","EPN","informaci\u00f3n","Ley General de Protecci\u00f3n","Pena Nieto","Roberto Gil","Senado","transparencia"],"articleSection":["Rep\u00fablica"],"inLanguage":"es","potentialAction":[{"@type":"CommentAction","name":"Comment","target":["https:\/\/www.sonoraenequipo.com.mx\/democracia-y-transparencia-favorecen-desarrollo-de-la-sociedad-pena\/#respond"]}]},{"@type":"WebPage","@id":"https:\/\/www.sonoraenequipo.com.mx\/democracia-y-transparencia-favorecen-desarrollo-de-la-sociedad-pena\/","url":"https:\/\/www.sonoraenequipo.com.mx\/democracia-y-transparencia-favorecen-desarrollo-de-la-sociedad-pena\/","name":"Sonora en Equipo. Democracia y transparencia favorecen desarrollo de la sociedad: Pe\u00f1a","isPartOf":{"@id":"https:\/\/www.sonoraenequipo.com.mx\/#website"},"datePublished":"2015-10-06T06:08:03+00:00","dateModified":"2020-05-19T01:13:55+00:00","description":"05102015. M\u00c9XICO, D.F. ALONSO URRUTIA. \u2014 En el marco de la inauguraci\u00f3n de la Semana Nacional de Transparencia, el presidente Enrique Pe\u00f1a Nieto llam\u00f3 a En Sonora en Equipo publicamos toda la informaci\u00f3n de Sonora, M\u00e9xico y el Mundo de manera oportuna y busca que la libertad de expresi\u00f3n sea real. Visita nuestro medio informativo publicado desde Hermosillo, Sonora. %","breadcrumb":{"@id":"https:\/\/www.sonoraenequipo.com.mx\/democracia-y-transparencia-favorecen-desarrollo-de-la-sociedad-pena\/#breadcrumb"},"inLanguage":"es","potentialAction":[{"@type":"ReadAction","target":["https:\/\/www.sonoraenequipo.com.mx\/democracia-y-transparencia-favorecen-desarrollo-de-la-sociedad-pena\/"]}]},{"@type":"BreadcrumbList","@id":"https:\/\/www.sonoraenequipo.com.mx\/democracia-y-transparencia-favorecen-desarrollo-de-la-sociedad-pena\/#breadcrumb","itemListElement":[{"@type":"ListItem","position":1,"name":"Portada","item":"https:\/\/www.sonoraenequipo.com.mx\/"},{"@type":"ListItem","position":2,"name":"Democracia y transparencia favorecen desarrollo de la sociedad: Pe\u00f1a"}]},{"@type":"WebSite","@id":"https:\/\/www.sonoraenequipo.com.mx\/#website","url":"https:\/\/www.sonoraenequipo.com.mx\/","name":"Sonora en Equipo.","description":"Diario en l\u00ednea con Noticias desde Hermosillo, Sonora","publisher":{"@id":"https:\/\/www.sonoraenequipo.com.mx\/#organization"},"potentialAction":[{"@type":"SearchAction","target":{"@type":"EntryPoint","urlTemplate":"https:\/\/www.sonoraenequipo.com.mx\/?s={search_term_string}"},"query-input":{"@type":"PropertyValueSpecification","valueRequired":true,"valueName":"search_term_string"}}],"inLanguage":"es"},{"@type":"Organization","@id":"https:\/\/www.sonoraenequipo.com.mx\/#organization","name":"Sonoraenequipo.com.mx","url":"https:\/\/www.sonoraenequipo.com.mx\/","logo":{"@type":"ImageObject","inLanguage":"es","@id":"https:\/\/www.sonoraenequipo.com.mx\/#\/schema\/logo\/image\/","url":"https:\/\/www.sonoraenequipo.com.mx\/storage\/2019\/01\/sonoraenequipo_opt.png","contentUrl":"https:\/\/www.sonoraenequipo.com.mx\/storage\/2019\/01\/sonoraenequipo_opt.png","width":375,"height":125,"caption":"Sonoraenequipo.com.mx"},"image":{"@id":"https:\/\/www.sonoraenequipo.com.mx\/#\/schema\/logo\/image\/"},"sameAs":["https:\/\/www.facebook.com\/SonoraEE\/","https:\/\/x.com\/sonoraenequipo","https:\/\/www.youtube.com\/channel\/UC338nW-lPEYmJQs4ZABQ1SQ"]},{"@type":"Person","@id":"https:\/\/www.sonoraenequipo.com.mx\/#\/schema\/person\/50102df0fb23a8fa9e8effad8fa81386","name":"enequipo","image":{"@type":"ImageObject","inLanguage":"es","@id":"https:\/\/www.sonoraenequipo.com.mx\/#\/schema\/person\/image\/","url":"https:\/\/secure.gravatar.com\/avatar\/049821681b589dabc0bc20695993ccebb09f5b5d4d790cd9251b97faac7c652b?s=96&d=blank&r=g","contentUrl":"https:\/\/secure.gravatar.com\/avatar\/049821681b589dabc0bc20695993ccebb09f5b5d4d790cd9251b97faac7c652b?s=96&d=blank&r=g","caption":"enequipo"},"sameAs":["https:\/\/www.facebook.com\/SonoraEE"]}]}},"jetpack_featured_media_url":"","_links":{"self":[{"href":"https:\/\/www.sonoraenequipo.com.mx\/api\/wp\/v2\/posts\/292","targetHints":{"allow":["GET"]}}],"collection":[{"href":"https:\/\/www.sonoraenequipo.com.mx\/api\/wp\/v2\/posts"}],"about":[{"href":"https:\/\/www.sonoraenequipo.com.mx\/api\/wp\/v2\/types\/post"}],"author":[{"embeddable":true,"href":"https:\/\/www.sonoraenequipo.com.mx\/api\/wp\/v2\/users\/1"}],"replies":[{"embeddable":true,"href":"https:\/\/www.sonoraenequipo.com.mx\/api\/wp\/v2\/comments?post=292"}],"version-history":[{"count":0,"href":"https:\/\/www.sonoraenequipo.com.mx\/api\/wp\/v2\/posts\/292\/revisions"}],"wp:attachment":[{"href":"https:\/\/www.sonoraenequipo.com.mx\/api\/wp\/v2\/media?parent=292"}],"wp:term":[{"taxonomy":"category","embeddable":true,"href":"https:\/\/www.sonoraenequipo.com.mx\/api\/wp\/v2\/categories?post=292"},{"taxonomy":"post_tag","embeddable":true,"href":"https:\/\/www.sonoraenequipo.com.mx\/api\/wp\/v2\/tags?post=292"}],"curies":[{"name":"wp","href":"https:\/\/api.w.org\/{rel}","templated":true}]}}