{"id":2931,"date":"2016-02-04T13:19:34","date_gmt":"2016-02-04T13:19:34","guid":{"rendered":"http:\/\/www.sonoraenequipo.com.mx\/?p=2931"},"modified":"2016-02-05T13:21:29","modified_gmt":"2016-02-05T13:21:29","slug":"dan-seguimiento-a-compromisos-con-las-comunidades-yaquis","status":"publish","type":"post","link":"https:\/\/www.sonoraenequipo.com.mx\/dan-seguimiento-a-compromisos-con-las-comunidades-yaquis\/","title":{"rendered":"Dan seguimiento a compromisos con las comunidades Yaquis"},"content":{"rendered":"<p>04022016. HERMOSILLO, SONORA.MX.\u2014 Para dar seguimiento a las acciones de apoyo a las comunidades Yaquis comprometidas en noviembre pasado por la gobernadora Claudia Pavlovich Arellano, este martes, en P\u00f3tam, se llev\u00f3 a cabo una reuni\u00f3n entre representantes de la Tribu Yaqui y del Gobierno del Estado de Sonora. <\/p>\n<p>En el encuentro, estuvo presente el Vocal Ejecutivo de la CEA, Sergio \u00c1vila Cece\u00f1a; as\u00ed como el subsecretario del sector salud, Dr. Luis Becerra; subsecretario de Gobierno, Carlos Morales Buelna; el coordinador estatal de CEDIS, Antonio Cruz Casas; y el Coordinador de las Comunidades Yaquis, CDI, Antonio Clavero.<\/p>\n<p>En la reuni\u00f3n, se vieron temas de las diferentes Secretar\u00edas representadas y, en los puntos de la Comisi\u00f3n Estatal del Agua, se le dio seguimiento a los proyectos y obras ya iniciadas con beneficio directo a las comunidades de la Etnia Yaqui.<\/p>\n<p>Entre dichas obras, inician los equipamientos de los c\u00e1rcamos de aguas negras en Las Gu\u00e1simas, municipio de Guaymas, en la Colonia Sonora, municipio de San Ignacio R\u00edo Muerto y en la Loma de B\u00e1cum, municipio de B\u00e1cum, todo esto, con una inversi\u00f3n de 2 millones de pesos.<\/p>\n<p>El Vocal Ejecutivo de la Comisi\u00f3n Estatal del Agua, Sergio \u00c1vila Cece\u00f1a, inform\u00f3 tambi\u00e9n que se rehabilita la red de alcantarillado sanitario en el ejido Francisco Javier Mina, municipio de San Ignacio R\u00edo Muerto, con una inversi\u00f3n de un mill\u00f3n 700 mil pesos.<\/p>\n<p>Ah\u00ed mismo, el funcionario estatal mencion\u00f3 la construcci\u00f3n del sistema de abastecimiento de agua potable para las localidades de P\u00f3tam, Rahum, Huirivis, la ETA, el D\u00e1til, Guasimitas, la Pimienta y Jeco.<\/p>\n<p>Tambi\u00e9n se les inform\u00f3 que se har\u00eda una inversi\u00f3n de 4,600,000 en diferentes obras de infraestructura de algunas de las comunidades yaquis y abasto de medicamentos.<\/p>\n<p>Al finalizar el encuentro, se acord\u00f3 mantener los acercamientos entre ambas partes para seguir revisando los avances de los compromisos.<\/p>\n","protected":false},"excerpt":{"rendered":"<p>04022016. HERMOSILLO, SONORA.MX.\u2014 Para dar seguimiento a las acciones de apoyo a las comunidades Yaquis&#8230;<\/p>\n","protected":false},"author":1,"featured_media":0,"comment_status":"open","ping_status":"open","sticky":false,"template":"","format":"standard","meta":{"_monsterinsights_skip_tracking":false,"_monsterinsights_sitenote_active":false,"_monsterinsights_sitenote_note":"","_monsterinsights_sitenote_category":0,"footnotes":""},"categories":[13,22],"tags":[],"class_list":["post"],"yoast_head":" \n<title>Sonora en Equipo. Dan seguimiento a compromisos con las comunidades Yaquis<\/title>\n<meta name=\"description\" content=\"04022016. HERMOSILLO, SONORA.MX.\u2014 Para dar seguimiento a las acciones de apoyo a las comunidades Yaquis comprometidas en noviembre pasado por la En Sonora en Equipo publicamos toda la informaci\u00f3n de Sonora, M\u00e9xico y el Mundo de manera oportuna y busca que la libertad de expresi\u00f3n sea real. Visita nuestro medio informativo publicado desde Hermosillo, Sonora. %\" \/>\n<meta name=\"robots\" content=\"index, follow, max-snippet:-1, max-image-preview:large, max-video-preview:-1\" \/>\n<link rel=\"canonical\" href=\"https:\/\/www.sonoraenequipo.com.mx\/dan-seguimiento-a-compromisos-con-las-comunidades-yaquis\/\" \/>\n<meta property=\"og:locale\" content=\"es_ES\" \/>\n<meta property=\"og:type\" content=\"article\" \/>\n<meta property=\"og:title\" content=\"Sonora en Equipo. Dan seguimiento a compromisos con las comunidades Yaquis\" \/>\n<meta property=\"og:description\" content=\"04022016. HERMOSILLO, SONORA.MX.\u2014 Para dar seguimiento a las acciones de apoyo a las comunidades Yaquis comprometidas en noviembre pasado por la En Sonora en Equipo publicamos toda la informaci\u00f3n de Sonora, M\u00e9xico y el Mundo de manera oportuna y busca que la libertad de expresi\u00f3n sea real. Visita nuestro medio informativo publicado desde Hermosillo, Sonora. %\" \/>\n<meta property=\"og:url\" content=\"https:\/\/www.sonoraenequipo.com.mx\/dan-seguimiento-a-compromisos-con-las-comunidades-yaquis\/\" \/>\n<meta property=\"og:site_name\" content=\"Sonora en Equipo.\" \/>\n<meta property=\"article:publisher\" content=\"https:\/\/www.facebook.com\/SonoraEE\/\" \/>\n<meta property=\"article:author\" content=\"https:\/\/www.facebook.com\/SonoraEE\" \/>\n<meta property=\"article:published_time\" content=\"2016-02-04T13:19:34+00:00\" \/>\n<meta property=\"article:modified_time\" content=\"2016-02-05T13:21:29+00:00\" \/>\n<meta name=\"author\" content=\"enequipo\" \/>\n<meta name=\"twitter:card\" content=\"summary_large_image\" \/>\n<meta name=\"twitter:creator\" content=\"@sonoraenequipo\" \/>\n<meta name=\"twitter:site\" content=\"@sonoraenequipo\" \/>\n<meta name=\"twitter:label1\" content=\"Escrito por\" \/>\n\t<meta name=\"twitter:data1\" content=\"enequipo\" \/>\n\t<meta name=\"twitter:label2\" content=\"Tiempo de lectura\" \/>\n\t<meta name=\"twitter:data2\" content=\"2 minutos\" \/>\n<script type=\"application\/ld+json\" class=\"yoast-schema-graph\">{\"@context\":\"https:\/\/schema.org\",\"@graph\":[{\"@type\":\"Article\",\"@id\":\"https:\/\/www.sonoraenequipo.com.mx\/dan-seguimiento-a-compromisos-con-las-comunidades-yaquis\/#article\",\"isPartOf\":{\"@id\":\"https:\/\/www.sonoraenequipo.com.mx\/dan-seguimiento-a-compromisos-con-las-comunidades-yaquis\/\"},\"author\":{\"name\":\"enequipo\",\"@id\":\"https:\/\/www.sonoraenequipo.com.mx\/#\/schema\/person\/50102df0fb23a8fa9e8effad8fa81386\"},\"headline\":\"Dan seguimiento a compromisos con las comunidades Yaquis\",\"datePublished\":\"2016-02-04T13:19:34+00:00\",\"dateModified\":\"2016-02-05T13:21:29+00:00\",\"mainEntityOfPage\":{\"@id\":\"https:\/\/www.sonoraenequipo.com.mx\/dan-seguimiento-a-compromisos-con-las-comunidades-yaquis\/\"},\"wordCount\":334,\"commentCount\":0,\"publisher\":{\"@id\":\"https:\/\/www.sonoraenequipo.com.mx\/#organization\"},\"articleSection\":[\"Destacadas\",\"Sonora\"],\"inLanguage\":\"es\",\"potentialAction\":[{\"@type\":\"CommentAction\",\"name\":\"Comment\",\"target\":[\"https:\/\/www.sonoraenequipo.com.mx\/dan-seguimiento-a-compromisos-con-las-comunidades-yaquis\/#respond\"]}]},{\"@type\":\"WebPage\",\"@id\":\"https:\/\/www.sonoraenequipo.com.mx\/dan-seguimiento-a-compromisos-con-las-comunidades-yaquis\/\",\"url\":\"https:\/\/www.sonoraenequipo.com.mx\/dan-seguimiento-a-compromisos-con-las-comunidades-yaquis\/\",\"name\":\"Sonora en Equipo. Dan seguimiento a compromisos con las comunidades Yaquis\",\"isPartOf\":{\"@id\":\"https:\/\/www.sonoraenequipo.com.mx\/#website\"},\"datePublished\":\"2016-02-04T13:19:34+00:00\",\"dateModified\":\"2016-02-05T13:21:29+00:00\",\"description\":\"04022016. HERMOSILLO, SONORA.MX.\u2014 Para dar seguimiento a las acciones de apoyo a las comunidades Yaquis comprometidas en noviembre pasado por la En Sonora en Equipo publicamos toda la informaci\u00f3n de Sonora, M\u00e9xico y el Mundo de manera oportuna y busca que la libertad de expresi\u00f3n sea real. Visita nuestro medio informativo publicado desde Hermosillo, Sonora. %\",\"breadcrumb\":{\"@id\":\"https:\/\/www.sonoraenequipo.com.mx\/dan-seguimiento-a-compromisos-con-las-comunidades-yaquis\/#breadcrumb\"},\"inLanguage\":\"es\",\"potentialAction\":[{\"@type\":\"ReadAction\",\"target\":[\"https:\/\/www.sonoraenequipo.com.mx\/dan-seguimiento-a-compromisos-con-las-comunidades-yaquis\/\"]}]},{\"@type\":\"BreadcrumbList\",\"@id\":\"https:\/\/www.sonoraenequipo.com.mx\/dan-seguimiento-a-compromisos-con-las-comunidades-yaquis\/#breadcrumb\",\"itemListElement\":[{\"@type\":\"ListItem\",\"position\":1,\"name\":\"Portada\",\"item\":\"https:\/\/www.sonoraenequipo.com.mx\/\"},{\"@type\":\"ListItem\",\"position\":2,\"name\":\"Dan seguimiento a compromisos con las comunidades Yaquis\"}]},{\"@type\":\"WebSite\",\"@id\":\"https:\/\/www.sonoraenequipo.com.mx\/#website\",\"url\":\"https:\/\/www.sonoraenequipo.com.mx\/\",\"name\":\"Sonora en Equipo.\",\"description\":\"Diario en l\u00ednea con Noticias desde Hermosillo, Sonora\",\"publisher\":{\"@id\":\"https:\/\/www.sonoraenequipo.com.mx\/#organization\"},\"potentialAction\":[{\"@type\":\"SearchAction\",\"target\":{\"@type\":\"EntryPoint\",\"urlTemplate\":\"https:\/\/www.sonoraenequipo.com.mx\/?s={search_term_string}\"},\"query-input\":{\"@type\":\"PropertyValueSpecification\",\"valueRequired\":true,\"valueName\":\"search_term_string\"}}],\"inLanguage\":\"es\"},{\"@type\":\"Organization\",\"@id\":\"https:\/\/www.sonoraenequipo.com.mx\/#organization\",\"name\":\"Sonoraenequipo.com.mx\",\"url\":\"https:\/\/www.sonoraenequipo.com.mx\/\",\"logo\":{\"@type\":\"ImageObject\",\"inLanguage\":\"es\",\"@id\":\"https:\/\/www.sonoraenequipo.com.mx\/#\/schema\/logo\/image\/\",\"url\":\"https:\/\/www.sonoraenequipo.com.mx\/storage\/2019\/01\/sonoraenequipo_opt.png\",\"contentUrl\":\"https:\/\/www.sonoraenequipo.com.mx\/storage\/2019\/01\/sonoraenequipo_opt.png\",\"width\":375,\"height\":125,\"caption\":\"Sonoraenequipo.com.mx\"},\"image\":{\"@id\":\"https:\/\/www.sonoraenequipo.com.mx\/#\/schema\/logo\/image\/\"},\"sameAs\":[\"https:\/\/www.facebook.com\/SonoraEE\/\",\"https:\/\/x.com\/sonoraenequipo\",\"https:\/\/www.youtube.com\/channel\/UC338nW-lPEYmJQs4ZABQ1SQ\"]},{\"@type\":\"Person\",\"@id\":\"https:\/\/www.sonoraenequipo.com.mx\/#\/schema\/person\/50102df0fb23a8fa9e8effad8fa81386\",\"name\":\"enequipo\",\"image\":{\"@type\":\"ImageObject\",\"inLanguage\":\"es\",\"@id\":\"https:\/\/www.sonoraenequipo.com.mx\/#\/schema\/person\/image\/\",\"url\":\"https:\/\/secure.gravatar.com\/avatar\/049821681b589dabc0bc20695993ccebb09f5b5d4d790cd9251b97faac7c652b?s=96&d=blank&r=g\",\"contentUrl\":\"https:\/\/secure.gravatar.com\/avatar\/049821681b589dabc0bc20695993ccebb09f5b5d4d790cd9251b97faac7c652b?s=96&d=blank&r=g\",\"caption\":\"enequipo\"},\"sameAs\":[\"https:\/\/www.facebook.com\/SonoraEE\"]}]}<\/script>\n ","yoast_head_json":{"title":"Sonora en Equipo. Dan seguimiento a compromisos con las comunidades Yaquis","description":"04022016. HERMOSILLO, SONORA.MX.\u2014 Para dar seguimiento a las acciones de apoyo a las comunidades Yaquis comprometidas en noviembre pasado por la En Sonora en Equipo publicamos toda la informaci\u00f3n de Sonora, M\u00e9xico y el Mundo de manera oportuna y busca que la libertad de expresi\u00f3n sea real. Visita nuestro medio informativo publicado desde Hermosillo, Sonora. %","robots":{"index":"index","follow":"follow","max-snippet":"max-snippet:-1","max-image-preview":"max-image-preview:large","max-video-preview":"max-video-preview:-1"},"canonical":"https:\/\/www.sonoraenequipo.com.mx\/dan-seguimiento-a-compromisos-con-las-comunidades-yaquis\/","og_locale":"es_ES","og_type":"article","og_title":"Sonora en Equipo. Dan seguimiento a compromisos con las comunidades Yaquis","og_description":"04022016. HERMOSILLO, SONORA.MX.\u2014 Para dar seguimiento a las acciones de apoyo a las comunidades Yaquis comprometidas en noviembre pasado por la En Sonora en Equipo publicamos toda la informaci\u00f3n de Sonora, M\u00e9xico y el Mundo de manera oportuna y busca que la libertad de expresi\u00f3n sea real. Visita nuestro medio informativo publicado desde Hermosillo, Sonora. %","og_url":"https:\/\/www.sonoraenequipo.com.mx\/dan-seguimiento-a-compromisos-con-las-comunidades-yaquis\/","og_site_name":"Sonora en Equipo.","article_publisher":"https:\/\/www.facebook.com\/SonoraEE\/","article_author":"https:\/\/www.facebook.com\/SonoraEE","article_published_time":"2016-02-04T13:19:34+00:00","article_modified_time":"2016-02-05T13:21:29+00:00","author":"enequipo","twitter_card":"summary_large_image","twitter_creator":"@sonoraenequipo","twitter_site":"@sonoraenequipo","twitter_misc":{"Escrito por":"enequipo","Tiempo de lectura":"2 minutos"},"schema":{"@context":"https:\/\/schema.org","@graph":[{"@type":"Article","@id":"https:\/\/www.sonoraenequipo.com.mx\/dan-seguimiento-a-compromisos-con-las-comunidades-yaquis\/#article","isPartOf":{"@id":"https:\/\/www.sonoraenequipo.com.mx\/dan-seguimiento-a-compromisos-con-las-comunidades-yaquis\/"},"author":{"name":"enequipo","@id":"https:\/\/www.sonoraenequipo.com.mx\/#\/schema\/person\/50102df0fb23a8fa9e8effad8fa81386"},"headline":"Dan seguimiento a compromisos con las comunidades Yaquis","datePublished":"2016-02-04T13:19:34+00:00","dateModified":"2016-02-05T13:21:29+00:00","mainEntityOfPage":{"@id":"https:\/\/www.sonoraenequipo.com.mx\/dan-seguimiento-a-compromisos-con-las-comunidades-yaquis\/"},"wordCount":334,"commentCount":0,"publisher":{"@id":"https:\/\/www.sonoraenequipo.com.mx\/#organization"},"articleSection":["Destacadas","Sonora"],"inLanguage":"es","potentialAction":[{"@type":"CommentAction","name":"Comment","target":["https:\/\/www.sonoraenequipo.com.mx\/dan-seguimiento-a-compromisos-con-las-comunidades-yaquis\/#respond"]}]},{"@type":"WebPage","@id":"https:\/\/www.sonoraenequipo.com.mx\/dan-seguimiento-a-compromisos-con-las-comunidades-yaquis\/","url":"https:\/\/www.sonoraenequipo.com.mx\/dan-seguimiento-a-compromisos-con-las-comunidades-yaquis\/","name":"Sonora en Equipo. Dan seguimiento a compromisos con las comunidades Yaquis","isPartOf":{"@id":"https:\/\/www.sonoraenequipo.com.mx\/#website"},"datePublished":"2016-02-04T13:19:34+00:00","dateModified":"2016-02-05T13:21:29+00:00","description":"04022016. HERMOSILLO, SONORA.MX.\u2014 Para dar seguimiento a las acciones de apoyo a las comunidades Yaquis comprometidas en noviembre pasado por la En Sonora en Equipo publicamos toda la informaci\u00f3n de Sonora, M\u00e9xico y el Mundo de manera oportuna y busca que la libertad de expresi\u00f3n sea real. Visita nuestro medio informativo publicado desde Hermosillo, Sonora. %","breadcrumb":{"@id":"https:\/\/www.sonoraenequipo.com.mx\/dan-seguimiento-a-compromisos-con-las-comunidades-yaquis\/#breadcrumb"},"inLanguage":"es","potentialAction":[{"@type":"ReadAction","target":["https:\/\/www.sonoraenequipo.com.mx\/dan-seguimiento-a-compromisos-con-las-comunidades-yaquis\/"]}]},{"@type":"BreadcrumbList","@id":"https:\/\/www.sonoraenequipo.com.mx\/dan-seguimiento-a-compromisos-con-las-comunidades-yaquis\/#breadcrumb","itemListElement":[{"@type":"ListItem","position":1,"name":"Portada","item":"https:\/\/www.sonoraenequipo.com.mx\/"},{"@type":"ListItem","position":2,"name":"Dan seguimiento a compromisos con las comunidades Yaquis"}]},{"@type":"WebSite","@id":"https:\/\/www.sonoraenequipo.com.mx\/#website","url":"https:\/\/www.sonoraenequipo.com.mx\/","name":"Sonora en Equipo.","description":"Diario en l\u00ednea con Noticias desde Hermosillo, Sonora","publisher":{"@id":"https:\/\/www.sonoraenequipo.com.mx\/#organization"},"potentialAction":[{"@type":"SearchAction","target":{"@type":"EntryPoint","urlTemplate":"https:\/\/www.sonoraenequipo.com.mx\/?s={search_term_string}"},"query-input":{"@type":"PropertyValueSpecification","valueRequired":true,"valueName":"search_term_string"}}],"inLanguage":"es"},{"@type":"Organization","@id":"https:\/\/www.sonoraenequipo.com.mx\/#organization","name":"Sonoraenequipo.com.mx","url":"https:\/\/www.sonoraenequipo.com.mx\/","logo":{"@type":"ImageObject","inLanguage":"es","@id":"https:\/\/www.sonoraenequipo.com.mx\/#\/schema\/logo\/image\/","url":"https:\/\/www.sonoraenequipo.com.mx\/storage\/2019\/01\/sonoraenequipo_opt.png","contentUrl":"https:\/\/www.sonoraenequipo.com.mx\/storage\/2019\/01\/sonoraenequipo_opt.png","width":375,"height":125,"caption":"Sonoraenequipo.com.mx"},"image":{"@id":"https:\/\/www.sonoraenequipo.com.mx\/#\/schema\/logo\/image\/"},"sameAs":["https:\/\/www.facebook.com\/SonoraEE\/","https:\/\/x.com\/sonoraenequipo","https:\/\/www.youtube.com\/channel\/UC338nW-lPEYmJQs4ZABQ1SQ"]},{"@type":"Person","@id":"https:\/\/www.sonoraenequipo.com.mx\/#\/schema\/person\/50102df0fb23a8fa9e8effad8fa81386","name":"enequipo","image":{"@type":"ImageObject","inLanguage":"es","@id":"https:\/\/www.sonoraenequipo.com.mx\/#\/schema\/person\/image\/","url":"https:\/\/secure.gravatar.com\/avatar\/049821681b589dabc0bc20695993ccebb09f5b5d4d790cd9251b97faac7c652b?s=96&d=blank&r=g","contentUrl":"https:\/\/secure.gravatar.com\/avatar\/049821681b589dabc0bc20695993ccebb09f5b5d4d790cd9251b97faac7c652b?s=96&d=blank&r=g","caption":"enequipo"},"sameAs":["https:\/\/www.facebook.com\/SonoraEE"]}]}},"jetpack_featured_media_url":"","_links":{"self":[{"href":"https:\/\/www.sonoraenequipo.com.mx\/api\/wp\/v2\/posts\/2931","targetHints":{"allow":["GET"]}}],"collection":[{"href":"https:\/\/www.sonoraenequipo.com.mx\/api\/wp\/v2\/posts"}],"about":[{"href":"https:\/\/www.sonoraenequipo.com.mx\/api\/wp\/v2\/types\/post"}],"author":[{"embeddable":true,"href":"https:\/\/www.sonoraenequipo.com.mx\/api\/wp\/v2\/users\/1"}],"replies":[{"embeddable":true,"href":"https:\/\/www.sonoraenequipo.com.mx\/api\/wp\/v2\/comments?post=2931"}],"version-history":[{"count":0,"href":"https:\/\/www.sonoraenequipo.com.mx\/api\/wp\/v2\/posts\/2931\/revisions"}],"wp:attachment":[{"href":"https:\/\/www.sonoraenequipo.com.mx\/api\/wp\/v2\/media?parent=2931"}],"wp:term":[{"taxonomy":"category","embeddable":true,"href":"https:\/\/www.sonoraenequipo.com.mx\/api\/wp\/v2\/categories?post=2931"},{"taxonomy":"post_tag","embeddable":true,"href":"https:\/\/www.sonoraenequipo.com.mx\/api\/wp\/v2\/tags?post=2931"}],"curies":[{"name":"wp","href":"https:\/\/api.w.org\/{rel}","templated":true}]}}