{"id":2937,"date":"2016-02-04T13:15:33","date_gmt":"2016-02-04T13:15:33","guid":{"rendered":"http:\/\/www.sonoraenequipo.com.mx\/?p=2937"},"modified":"2016-02-05T13:34:13","modified_gmt":"2016-02-05T13:34:13","slug":"aprueban-exhortos-en-beneficio-de-la-region-de-empalme-guaymas","status":"publish","type":"post","link":"https:\/\/www.sonoraenequipo.com.mx\/aprueban-exhortos-en-beneficio-de-la-region-de-empalme-guaymas\/","title":{"rendered":"Aprueban exhortos en beneficio de la regi\u00f3n de Empalme &#8211; Guaymas"},"content":{"rendered":"<p>04022016. GUAYMAS, SONORA.MX.\u2014 Con el prop\u00f3sito de atender y hacer frente a las necesidades de la poblaci\u00f3n de los municipios de la regi\u00f3n Guaymas-Empalme, se realiz\u00f3 en esta localidad la sesi\u00f3n de la mesa directiva de la Diputaci\u00f3n Permanente, encabezada por el diputado Luis Gerardo Serrato Castell. <\/p>\n<p>Antes de dar inicio la sesi\u00f3n, el Presidente Municipal de este Ayuntamiento; Lorenzo de Cima Dworak, dio la bienvenida a los diputados de la LXI Legislatura y los invit\u00f3 a trabajar en conjunto para un mejor desarrollo a favor de la gente.<\/p>\n<p>Enseguida, el diputado Luis Gerardo Serrato Castell cedi\u00f3 el uso de la palabra al diputado Manuel Villegas Rodr\u00edguez, quien present\u00f3 un punto de Acuerdo mediante el cual solicit\u00f3 que la Diputaci\u00f3n Permanenteexhorte a la Titular del Ejecutivo Estatal, para que se lleven a cabo las gestiones ante el Gobierno Estatal y Federal, para obtener apoyos econ\u00f3micos en favor de los pescadores ribere\u00f1os del estado afectados por la baja captura en la presente temporada de camar\u00f3n.<\/p>\n<p>El diputado Jos\u00e9 Luis Castillo God\u00ednez, dio lectura a la iniciativa con punto de Acuerdo mediante el cual solicit\u00f3 que la Diputaci\u00f3n Permanente exhorte a la titular del Poder Ejecutivo del Estado, as\u00ed como a los titulares de la Secretar\u00eda de Infraestructura y Desarrollo Urbano y de la Junta Local de Caminos, para que destinen los recursos necesarios para la rehabilitaci\u00f3n y mejoramiento de los caminos vecinales y alimentadores de la regi\u00f3n de Guaymas &#8211; Empalme, incluyendo aquellos que se encuentren en los municipios de B\u00e1cum y San Ignacio R\u00edo Muerto.<\/p>\n<p>De acuerdo al orden del d\u00eda, el diputado Epifanio Salido Pavlovich, present\u00f3 la iniciativa con punto de Acuerdo mediante el cual solicit\u00f3 que la Diputaci\u00f3n Permanente exhorte a la titular del Poder Ejecutivo del Estado de Sonora, al Secretario de Salud del Gobierno del Estado y a los Ayuntamientos de Guaymas, Empalme, B\u00e1cum y San Ignacio R\u00edo Muerto, para que implementen acciones inmediatas para prevenir un posible brote del virus denominado \u201cZika\u201d en sus respectivos territorios.<\/p>\n<p>A la iniciativa del diputado Salido Pavlovich se sumaron los diputados integrantes de la LXI Legislatura presentes, as\u00ed tambi\u00e9n, Susana Corella Platt, diputada Federal.<\/p>\n<p>A nombre del Grupo Parlamentario del Partido Nueva Alianza, la diputada Teresa Mar\u00eda Olivares Ochoa dio lectura a la iniciativa con punto de Acuerdo mediante el cual solicit\u00f3 que la Diputaci\u00f3n Permanente exhorte al titular de la Secretar\u00eda de Educaci\u00f3n y Cultura del Estado y a las instituciones p\u00fablicas que imparten educaci\u00f3n superior, para que garanticen que la primera y subsecuentes generaciones de alumnos con discapacidad en el Estado de Sonora que as\u00ed lo deseen, puedan dar continuidad a sus estudios.<\/p>\n<p>La diputada Rosario Carolina Lara Moreno, present\u00f3 una iniciativa con punto de Acuerdo mediante el cual solicit\u00f3 que esta Diputaci\u00f3n Permanente exhorte al titular de la Comisi\u00f3n Estatal de Derechos Humanos, para que se nombre a los integrantes del Consejo Ciudadano para prevenir la discriminaci\u00f3n, establecido en la Ley para Prevenir, Combatir y Eliminar actos de Discriminaci\u00f3n en el Estado de Sonora, debiendo informar a esta Soberan\u00eda de la designaci\u00f3n de sus integrantes, as\u00ed como de la instalaci\u00f3n del Consejo.<\/p>\n<p>Otra iniciativa la present\u00f3 el diputado Juan Jos\u00e9 Lam Angulo, con punto de Acuerdo mediante el cual solicit\u00f3 que la Diputaci\u00f3n Permanente exhorte a la titular del Poder Ejecutivo Estatal y gobiernos municipales del estado de Sonora, para que apliquen el presupuesto de \u00e9ste a\u00f1o fiscal, en creaci\u00f3n y rehabilitaci\u00f3n en obras de redes de agua potable y drenaje en poblaciones rurales de Sonora.<\/p>\n<p>A la propuesta se sumaron los diputados presentes y adicionaron al documento que se atienda el sistema de agua potable y drenaje de las zonas urbanas en la entidad.<\/p>\n<p>Como \u00faltimo punto del orden del d\u00eda, la diputada Lina Acosta Cid, present\u00f3 una iniciativa con punto de Acuerdo mediante el cual solicit\u00f3 que la Diputaci\u00f3n Permanente exhorte al titular del Poder Ejecutivo Federal, a los titulares de la Secretar\u00eda de Hacienda y Cr\u00e9dito P\u00fablico y de la Secretar\u00eda de Econom\u00eda, para que lleven a cabo un proceso de regularizaci\u00f3n de importaci\u00f3n definitiva de veh\u00edculos usados de procedencia extranjera en la franja y regi\u00f3n fronteriza norte del territorio nacional.<\/p>\n<p>Lo anterior, conforme a lo publicado en el Diario Oficial de la Federaci\u00f3n con fecha 31 de diciembre del 2015 y la eliminaci\u00f3n definitiva del anexo 2 del t\u00edtulo precios estimados aplicables a la importaci\u00f3n de veh\u00edculos usados por a\u00f1o modelo, que corresponde a la Resoluci\u00f3n que establece el mecanismo para garantizar el pago de contribuciones en mercanc\u00edas sujetas a precios estimados por la Secretar\u00eda de Hacienda y Cr\u00e9dito P\u00fablico.<\/p>\n<p>Antes de concluir la sesi\u00f3n, el coordinador del grupo parlamentario del PAN, diputado Mois\u00e9s G\u00f3mez Reyna reconoci\u00f3 el esfuerzo de los diputados Manuel Villegas Rodr\u00edguez y Jos\u00e9 Luis Castillo God\u00ednez y, al presidente municipal de Guaymas, Lorenzo De Cima Dworak para trabajar unidos a favor de la poblaci\u00f3n de la regi\u00f3n.<\/p>\n<p>En la reuni\u00f3n estuvieron presentes los diputados Teresa Mar\u00eda Olivares Ochoa, Ang\u00e9lica Mar\u00eda Pay\u00e1n Garc\u00eda y Rodrigo Acu\u00f1a Arredondo, Vicepresidenta, suplente y primer secretario de la mesa directiva, respectivamente.<\/p>\n<p>A la sesi\u00f3n asistieron los diputados Sandra Mercedes Hern\u00e1ndez Barajas, Mar\u00eda Cristina Guti\u00e9rrez Maz\u00f3n, David Palafox Celaya, Iris Fernanda S\u00e1nchez Chiu, Flor Ayala Robles Linares, Omar Alberto Guill\u00e9n Partida, Rafael Buelna Clark, Mar\u00eda Luisa Vald\u00e9s Avil\u00e9s, Karmen Aida D\u00edaz Brown Ojeda y Emeterio Ochoa Baz\u00faa.<\/p>\n<p>A la reuni\u00f3n asistieron Carlos G\u00f3mez Cota, Eusebio Miranda Guerrero y Jes\u00fas Ferm\u00edn Guillen Valenzuela, presidentes municipales de Empalme, B\u00e1cum y San Ignacio R\u00edo Muerto, respectivamente; regidores y sociedad civil.<\/p>\n<p><strong>Presentan nuevo Sistema de Justicia Penal para Sonora<\/strong><\/p>\n<p>Los diputados de la LXI Legislatura, en coordinaci\u00f3n con la con la Comisi\u00f3n Implementadora del Nuevo Sistema de Justicia Penal, realizaron en este municipio el foro informativo sobre la nueva forma de la administraci\u00f3n y procuraci\u00f3n de la justicia en la entidad.<\/p>\n<p>El presidente de la mesa directiva de la Diputaci\u00f3n Permanente, diputado Luis Gerardo Serrato Castell explic\u00f3 que se decidi\u00f3 informar a los ciudadanos sobre el trabajo realizado por los legisladores durante el primer periodo ordinario de sesiones y, a trav\u00e9s del contacto directo con la gente, se busca establecer una agenda ciudadana con temas de inter\u00e9s en la diversas regiones de la entidad.<\/p>\n<p>Record\u00f3 que a partir de la pr\u00f3xima semana se dar\u00e1 inicio con foros de consulta ciudadana bajo el eje rector de la prevenci\u00f3n, mismos que se realizar\u00e1n en Ciudad Obreg\u00f3n, Nogales y Hermosillo.<\/p>\n<p>El diputado Epifanio Salido Pavlovich, coordinador del grupo parlamentario del PRI, mencion\u00f3 que el nuevo Sistema de Justicia Penal es de gran importancia para la sociedad y, agreg\u00f3, se visitar\u00e1n los municipios de Cajeme, Ures y Nogales para informar sobre el tema.<\/p>\n<p>El coordinador del grupo parlamentario del PAN, diputado Mois\u00e9s G\u00f3mez Reyna, record\u00f3 que los diputados de la LXI Legislatura han acudido a informar sobre el trabajo legislativo y en la b\u00fasqueda de una agenda ciudadana, a los municipios de San Luis R\u00edo Colorado, Caborca, Agua Prieta, Navojoa y esta ciudad.<\/p>\n<p>En su mensaje, el diputado Manuel Villegas Rodr\u00edguez, mencion\u00f3 que el nuevo Sistema de Justicia Penal fortalece el derecho de los involucrados en una investigaci\u00f3n y proceso penal de manera transparente.<\/p>\n<p>Durante su exposici\u00f3n, Ra\u00fal Guill\u00e9n L\u00f3pez, Secretario Ejecutivo de la Comisi\u00f3n Implementadora del Nuevo Sistema de Justicia Penal en el Estado, destac\u00f3 las ventajas que con el nuevo sistema de justicia tendr\u00e1n los ciudadanos.<\/p>\n<p>Guillen L\u00f3pez mencion\u00f3 que a trav\u00e9s del nuevo marco legal en Sonora, la procuraci\u00f3n de justicia ser\u00e1 expedita, transparente y efectiva; toda vez que se ha capacitado y se prepara al personal involucrado en el procedimiento.<\/p>\n","protected":false},"excerpt":{"rendered":"<p>04022016. GUAYMAS, SONORA.MX.\u2014 Con el prop\u00f3sito de atender y hacer frente a las necesidades de&#8230;<\/p>\n","protected":false},"author":1,"featured_media":0,"comment_status":"open","ping_status":"open","sticky":false,"template":"","format":"standard","meta":{"_monsterinsights_skip_tracking":false,"_monsterinsights_sitenote_active":false,"_monsterinsights_sitenote_note":"","_monsterinsights_sitenote_category":0,"footnotes":""},"categories":[13,4],"tags":[],"class_list":["post"],"yoast_head":" \n<title>Sonora en Equipo. Aprueban exhortos en beneficio de la regi\u00f3n de Empalme - Guaymas<\/title>\n<meta name=\"description\" content=\"04022016. GUAYMAS, SONORA.MX.\u2014 Con el prop\u00f3sito de atender y hacer frente a las necesidades de la poblaci\u00f3n de los municipios de la regi\u00f3n En Sonora en Equipo publicamos toda la informaci\u00f3n de Sonora, M\u00e9xico y el Mundo de manera oportuna y busca que la libertad de expresi\u00f3n sea real. Visita nuestro medio informativo publicado desde Hermosillo, Sonora. %\" \/>\n<meta name=\"robots\" content=\"index, follow, max-snippet:-1, max-image-preview:large, max-video-preview:-1\" \/>\n<link rel=\"canonical\" href=\"https:\/\/www.sonoraenequipo.com.mx\/aprueban-exhortos-en-beneficio-de-la-region-de-empalme-guaymas\/\" \/>\n<meta property=\"og:locale\" content=\"es_ES\" \/>\n<meta property=\"og:type\" content=\"article\" \/>\n<meta property=\"og:title\" content=\"Sonora en Equipo. Aprueban exhortos en beneficio de la regi\u00f3n de Empalme - Guaymas\" \/>\n<meta property=\"og:description\" content=\"04022016. GUAYMAS, SONORA.MX.\u2014 Con el prop\u00f3sito de atender y hacer frente a las necesidades de la poblaci\u00f3n de los municipios de la regi\u00f3n En Sonora en Equipo publicamos toda la informaci\u00f3n de Sonora, M\u00e9xico y el Mundo de manera oportuna y busca que la libertad de expresi\u00f3n sea real. Visita nuestro medio informativo publicado desde Hermosillo, Sonora. %\" \/>\n<meta property=\"og:url\" content=\"https:\/\/www.sonoraenequipo.com.mx\/aprueban-exhortos-en-beneficio-de-la-region-de-empalme-guaymas\/\" \/>\n<meta property=\"og:site_name\" content=\"Sonora en Equipo.\" \/>\n<meta property=\"article:publisher\" content=\"https:\/\/www.facebook.com\/SonoraEE\/\" \/>\n<meta property=\"article:author\" content=\"https:\/\/www.facebook.com\/SonoraEE\" \/>\n<meta property=\"article:published_time\" content=\"2016-02-04T13:15:33+00:00\" \/>\n<meta property=\"article:modified_time\" content=\"2016-02-05T13:34:13+00:00\" \/>\n<meta name=\"author\" content=\"enequipo\" \/>\n<meta name=\"twitter:card\" content=\"summary_large_image\" \/>\n<meta name=\"twitter:creator\" content=\"@sonoraenequipo\" \/>\n<meta name=\"twitter:site\" content=\"@sonoraenequipo\" \/>\n<meta name=\"twitter:label1\" content=\"Escrito por\" \/>\n\t<meta name=\"twitter:data1\" content=\"enequipo\" \/>\n\t<meta name=\"twitter:label2\" content=\"Tiempo de lectura\" \/>\n\t<meta name=\"twitter:data2\" content=\"7 minutos\" \/>\n<script type=\"application\/ld+json\" class=\"yoast-schema-graph\">{\"@context\":\"https:\/\/schema.org\",\"@graph\":[{\"@type\":\"Article\",\"@id\":\"https:\/\/www.sonoraenequipo.com.mx\/aprueban-exhortos-en-beneficio-de-la-region-de-empalme-guaymas\/#article\",\"isPartOf\":{\"@id\":\"https:\/\/www.sonoraenequipo.com.mx\/aprueban-exhortos-en-beneficio-de-la-region-de-empalme-guaymas\/\"},\"author\":{\"name\":\"enequipo\",\"@id\":\"https:\/\/www.sonoraenequipo.com.mx\/#\/schema\/person\/50102df0fb23a8fa9e8effad8fa81386\"},\"headline\":\"Aprueban exhortos en beneficio de la regi\u00f3n de Empalme &#8211; Guaymas\",\"datePublished\":\"2016-02-04T13:15:33+00:00\",\"dateModified\":\"2016-02-05T13:34:13+00:00\",\"mainEntityOfPage\":{\"@id\":\"https:\/\/www.sonoraenequipo.com.mx\/aprueban-exhortos-en-beneficio-de-la-region-de-empalme-guaymas\/\"},\"wordCount\":1382,\"commentCount\":0,\"publisher\":{\"@id\":\"https:\/\/www.sonoraenequipo.com.mx\/#organization\"},\"articleSection\":[\"Destacadas\",\"Municipios\"],\"inLanguage\":\"es\",\"potentialAction\":[{\"@type\":\"CommentAction\",\"name\":\"Comment\",\"target\":[\"https:\/\/www.sonoraenequipo.com.mx\/aprueban-exhortos-en-beneficio-de-la-region-de-empalme-guaymas\/#respond\"]}]},{\"@type\":\"WebPage\",\"@id\":\"https:\/\/www.sonoraenequipo.com.mx\/aprueban-exhortos-en-beneficio-de-la-region-de-empalme-guaymas\/\",\"url\":\"https:\/\/www.sonoraenequipo.com.mx\/aprueban-exhortos-en-beneficio-de-la-region-de-empalme-guaymas\/\",\"name\":\"Sonora en Equipo. Aprueban exhortos en beneficio de la regi\u00f3n de Empalme - Guaymas\",\"isPartOf\":{\"@id\":\"https:\/\/www.sonoraenequipo.com.mx\/#website\"},\"datePublished\":\"2016-02-04T13:15:33+00:00\",\"dateModified\":\"2016-02-05T13:34:13+00:00\",\"description\":\"04022016. GUAYMAS, SONORA.MX.\u2014 Con el prop\u00f3sito de atender y hacer frente a las necesidades de la poblaci\u00f3n de los municipios de la regi\u00f3n En Sonora en Equipo publicamos toda la informaci\u00f3n de Sonora, M\u00e9xico y el Mundo de manera oportuna y busca que la libertad de expresi\u00f3n sea real. Visita nuestro medio informativo publicado desde Hermosillo, Sonora. %\",\"breadcrumb\":{\"@id\":\"https:\/\/www.sonoraenequipo.com.mx\/aprueban-exhortos-en-beneficio-de-la-region-de-empalme-guaymas\/#breadcrumb\"},\"inLanguage\":\"es\",\"potentialAction\":[{\"@type\":\"ReadAction\",\"target\":[\"https:\/\/www.sonoraenequipo.com.mx\/aprueban-exhortos-en-beneficio-de-la-region-de-empalme-guaymas\/\"]}]},{\"@type\":\"BreadcrumbList\",\"@id\":\"https:\/\/www.sonoraenequipo.com.mx\/aprueban-exhortos-en-beneficio-de-la-region-de-empalme-guaymas\/#breadcrumb\",\"itemListElement\":[{\"@type\":\"ListItem\",\"position\":1,\"name\":\"Portada\",\"item\":\"https:\/\/www.sonoraenequipo.com.mx\/\"},{\"@type\":\"ListItem\",\"position\":2,\"name\":\"Aprueban exhortos en beneficio de la regi\u00f3n de Empalme &#8211; Guaymas\"}]},{\"@type\":\"WebSite\",\"@id\":\"https:\/\/www.sonoraenequipo.com.mx\/#website\",\"url\":\"https:\/\/www.sonoraenequipo.com.mx\/\",\"name\":\"Sonora en Equipo.\",\"description\":\"Diario en l\u00ednea con Noticias desde Hermosillo, Sonora\",\"publisher\":{\"@id\":\"https:\/\/www.sonoraenequipo.com.mx\/#organization\"},\"potentialAction\":[{\"@type\":\"SearchAction\",\"target\":{\"@type\":\"EntryPoint\",\"urlTemplate\":\"https:\/\/www.sonoraenequipo.com.mx\/?s={search_term_string}\"},\"query-input\":{\"@type\":\"PropertyValueSpecification\",\"valueRequired\":true,\"valueName\":\"search_term_string\"}}],\"inLanguage\":\"es\"},{\"@type\":\"Organization\",\"@id\":\"https:\/\/www.sonoraenequipo.com.mx\/#organization\",\"name\":\"Sonoraenequipo.com.mx\",\"url\":\"https:\/\/www.sonoraenequipo.com.mx\/\",\"logo\":{\"@type\":\"ImageObject\",\"inLanguage\":\"es\",\"@id\":\"https:\/\/www.sonoraenequipo.com.mx\/#\/schema\/logo\/image\/\",\"url\":\"https:\/\/www.sonoraenequipo.com.mx\/storage\/2019\/01\/sonoraenequipo_opt.png\",\"contentUrl\":\"https:\/\/www.sonoraenequipo.com.mx\/storage\/2019\/01\/sonoraenequipo_opt.png\",\"width\":375,\"height\":125,\"caption\":\"Sonoraenequipo.com.mx\"},\"image\":{\"@id\":\"https:\/\/www.sonoraenequipo.com.mx\/#\/schema\/logo\/image\/\"},\"sameAs\":[\"https:\/\/www.facebook.com\/SonoraEE\/\",\"https:\/\/x.com\/sonoraenequipo\",\"https:\/\/www.youtube.com\/channel\/UC338nW-lPEYmJQs4ZABQ1SQ\"]},{\"@type\":\"Person\",\"@id\":\"https:\/\/www.sonoraenequipo.com.mx\/#\/schema\/person\/50102df0fb23a8fa9e8effad8fa81386\",\"name\":\"enequipo\",\"image\":{\"@type\":\"ImageObject\",\"inLanguage\":\"es\",\"@id\":\"https:\/\/www.sonoraenequipo.com.mx\/#\/schema\/person\/image\/\",\"url\":\"https:\/\/secure.gravatar.com\/avatar\/049821681b589dabc0bc20695993ccebb09f5b5d4d790cd9251b97faac7c652b?s=96&d=blank&r=g\",\"contentUrl\":\"https:\/\/secure.gravatar.com\/avatar\/049821681b589dabc0bc20695993ccebb09f5b5d4d790cd9251b97faac7c652b?s=96&d=blank&r=g\",\"caption\":\"enequipo\"},\"sameAs\":[\"https:\/\/www.facebook.com\/SonoraEE\"]}]}<\/script>\n ","yoast_head_json":{"title":"Sonora en Equipo. Aprueban exhortos en beneficio de la regi\u00f3n de Empalme - Guaymas","description":"04022016. GUAYMAS, SONORA.MX.\u2014 Con el prop\u00f3sito de atender y hacer frente a las necesidades de la poblaci\u00f3n de los municipios de la regi\u00f3n En Sonora en Equipo publicamos toda la informaci\u00f3n de Sonora, M\u00e9xico y el Mundo de manera oportuna y busca que la libertad de expresi\u00f3n sea real. Visita nuestro medio informativo publicado desde Hermosillo, Sonora. %","robots":{"index":"index","follow":"follow","max-snippet":"max-snippet:-1","max-image-preview":"max-image-preview:large","max-video-preview":"max-video-preview:-1"},"canonical":"https:\/\/www.sonoraenequipo.com.mx\/aprueban-exhortos-en-beneficio-de-la-region-de-empalme-guaymas\/","og_locale":"es_ES","og_type":"article","og_title":"Sonora en Equipo. Aprueban exhortos en beneficio de la regi\u00f3n de Empalme - Guaymas","og_description":"04022016. GUAYMAS, SONORA.MX.\u2014 Con el prop\u00f3sito de atender y hacer frente a las necesidades de la poblaci\u00f3n de los municipios de la regi\u00f3n En Sonora en Equipo publicamos toda la informaci\u00f3n de Sonora, M\u00e9xico y el Mundo de manera oportuna y busca que la libertad de expresi\u00f3n sea real. Visita nuestro medio informativo publicado desde Hermosillo, Sonora. %","og_url":"https:\/\/www.sonoraenequipo.com.mx\/aprueban-exhortos-en-beneficio-de-la-region-de-empalme-guaymas\/","og_site_name":"Sonora en Equipo.","article_publisher":"https:\/\/www.facebook.com\/SonoraEE\/","article_author":"https:\/\/www.facebook.com\/SonoraEE","article_published_time":"2016-02-04T13:15:33+00:00","article_modified_time":"2016-02-05T13:34:13+00:00","author":"enequipo","twitter_card":"summary_large_image","twitter_creator":"@sonoraenequipo","twitter_site":"@sonoraenequipo","twitter_misc":{"Escrito por":"enequipo","Tiempo de lectura":"7 minutos"},"schema":{"@context":"https:\/\/schema.org","@graph":[{"@type":"Article","@id":"https:\/\/www.sonoraenequipo.com.mx\/aprueban-exhortos-en-beneficio-de-la-region-de-empalme-guaymas\/#article","isPartOf":{"@id":"https:\/\/www.sonoraenequipo.com.mx\/aprueban-exhortos-en-beneficio-de-la-region-de-empalme-guaymas\/"},"author":{"name":"enequipo","@id":"https:\/\/www.sonoraenequipo.com.mx\/#\/schema\/person\/50102df0fb23a8fa9e8effad8fa81386"},"headline":"Aprueban exhortos en beneficio de la regi\u00f3n de Empalme &#8211; Guaymas","datePublished":"2016-02-04T13:15:33+00:00","dateModified":"2016-02-05T13:34:13+00:00","mainEntityOfPage":{"@id":"https:\/\/www.sonoraenequipo.com.mx\/aprueban-exhortos-en-beneficio-de-la-region-de-empalme-guaymas\/"},"wordCount":1382,"commentCount":0,"publisher":{"@id":"https:\/\/www.sonoraenequipo.com.mx\/#organization"},"articleSection":["Destacadas","Municipios"],"inLanguage":"es","potentialAction":[{"@type":"CommentAction","name":"Comment","target":["https:\/\/www.sonoraenequipo.com.mx\/aprueban-exhortos-en-beneficio-de-la-region-de-empalme-guaymas\/#respond"]}]},{"@type":"WebPage","@id":"https:\/\/www.sonoraenequipo.com.mx\/aprueban-exhortos-en-beneficio-de-la-region-de-empalme-guaymas\/","url":"https:\/\/www.sonoraenequipo.com.mx\/aprueban-exhortos-en-beneficio-de-la-region-de-empalme-guaymas\/","name":"Sonora en Equipo. Aprueban exhortos en beneficio de la regi\u00f3n de Empalme - Guaymas","isPartOf":{"@id":"https:\/\/www.sonoraenequipo.com.mx\/#website"},"datePublished":"2016-02-04T13:15:33+00:00","dateModified":"2016-02-05T13:34:13+00:00","description":"04022016. GUAYMAS, SONORA.MX.\u2014 Con el prop\u00f3sito de atender y hacer frente a las necesidades de la poblaci\u00f3n de los municipios de la regi\u00f3n En Sonora en Equipo publicamos toda la informaci\u00f3n de Sonora, M\u00e9xico y el Mundo de manera oportuna y busca que la libertad de expresi\u00f3n sea real. Visita nuestro medio informativo publicado desde Hermosillo, Sonora. %","breadcrumb":{"@id":"https:\/\/www.sonoraenequipo.com.mx\/aprueban-exhortos-en-beneficio-de-la-region-de-empalme-guaymas\/#breadcrumb"},"inLanguage":"es","potentialAction":[{"@type":"ReadAction","target":["https:\/\/www.sonoraenequipo.com.mx\/aprueban-exhortos-en-beneficio-de-la-region-de-empalme-guaymas\/"]}]},{"@type":"BreadcrumbList","@id":"https:\/\/www.sonoraenequipo.com.mx\/aprueban-exhortos-en-beneficio-de-la-region-de-empalme-guaymas\/#breadcrumb","itemListElement":[{"@type":"ListItem","position":1,"name":"Portada","item":"https:\/\/www.sonoraenequipo.com.mx\/"},{"@type":"ListItem","position":2,"name":"Aprueban exhortos en beneficio de la regi\u00f3n de Empalme &#8211; Guaymas"}]},{"@type":"WebSite","@id":"https:\/\/www.sonoraenequipo.com.mx\/#website","url":"https:\/\/www.sonoraenequipo.com.mx\/","name":"Sonora en Equipo.","description":"Diario en l\u00ednea con Noticias desde Hermosillo, Sonora","publisher":{"@id":"https:\/\/www.sonoraenequipo.com.mx\/#organization"},"potentialAction":[{"@type":"SearchAction","target":{"@type":"EntryPoint","urlTemplate":"https:\/\/www.sonoraenequipo.com.mx\/?s={search_term_string}"},"query-input":{"@type":"PropertyValueSpecification","valueRequired":true,"valueName":"search_term_string"}}],"inLanguage":"es"},{"@type":"Organization","@id":"https:\/\/www.sonoraenequipo.com.mx\/#organization","name":"Sonoraenequipo.com.mx","url":"https:\/\/www.sonoraenequipo.com.mx\/","logo":{"@type":"ImageObject","inLanguage":"es","@id":"https:\/\/www.sonoraenequipo.com.mx\/#\/schema\/logo\/image\/","url":"https:\/\/www.sonoraenequipo.com.mx\/storage\/2019\/01\/sonoraenequipo_opt.png","contentUrl":"https:\/\/www.sonoraenequipo.com.mx\/storage\/2019\/01\/sonoraenequipo_opt.png","width":375,"height":125,"caption":"Sonoraenequipo.com.mx"},"image":{"@id":"https:\/\/www.sonoraenequipo.com.mx\/#\/schema\/logo\/image\/"},"sameAs":["https:\/\/www.facebook.com\/SonoraEE\/","https:\/\/x.com\/sonoraenequipo","https:\/\/www.youtube.com\/channel\/UC338nW-lPEYmJQs4ZABQ1SQ"]},{"@type":"Person","@id":"https:\/\/www.sonoraenequipo.com.mx\/#\/schema\/person\/50102df0fb23a8fa9e8effad8fa81386","name":"enequipo","image":{"@type":"ImageObject","inLanguage":"es","@id":"https:\/\/www.sonoraenequipo.com.mx\/#\/schema\/person\/image\/","url":"https:\/\/secure.gravatar.com\/avatar\/049821681b589dabc0bc20695993ccebb09f5b5d4d790cd9251b97faac7c652b?s=96&d=blank&r=g","contentUrl":"https:\/\/secure.gravatar.com\/avatar\/049821681b589dabc0bc20695993ccebb09f5b5d4d790cd9251b97faac7c652b?s=96&d=blank&r=g","caption":"enequipo"},"sameAs":["https:\/\/www.facebook.com\/SonoraEE"]}]}},"jetpack_featured_media_url":"","_links":{"self":[{"href":"https:\/\/www.sonoraenequipo.com.mx\/api\/wp\/v2\/posts\/2937","targetHints":{"allow":["GET"]}}],"collection":[{"href":"https:\/\/www.sonoraenequipo.com.mx\/api\/wp\/v2\/posts"}],"about":[{"href":"https:\/\/www.sonoraenequipo.com.mx\/api\/wp\/v2\/types\/post"}],"author":[{"embeddable":true,"href":"https:\/\/www.sonoraenequipo.com.mx\/api\/wp\/v2\/users\/1"}],"replies":[{"embeddable":true,"href":"https:\/\/www.sonoraenequipo.com.mx\/api\/wp\/v2\/comments?post=2937"}],"version-history":[{"count":0,"href":"https:\/\/www.sonoraenequipo.com.mx\/api\/wp\/v2\/posts\/2937\/revisions"}],"wp:attachment":[{"href":"https:\/\/www.sonoraenequipo.com.mx\/api\/wp\/v2\/media?parent=2937"}],"wp:term":[{"taxonomy":"category","embeddable":true,"href":"https:\/\/www.sonoraenequipo.com.mx\/api\/wp\/v2\/categories?post=2937"},{"taxonomy":"post_tag","embeddable":true,"href":"https:\/\/www.sonoraenequipo.com.mx\/api\/wp\/v2\/tags?post=2937"}],"curies":[{"name":"wp","href":"https:\/\/api.w.org\/{rel}","templated":true}]}}