{"id":2952,"date":"2016-02-04T14:58:16","date_gmt":"2016-02-04T14:58:16","guid":{"rendered":"http:\/\/www.sonoraenequipo.com.mx\/?p=2952"},"modified":"2016-02-05T16:00:56","modified_gmt":"2016-02-05T16:00:56","slug":"reconocen-acciones-de-cumple-con-hechos-en-tu-colonia%ef%bb%bf","status":"publish","type":"post","link":"https:\/\/www.sonoraenequipo.com.mx\/reconocen-acciones-de-cumple-con-hechos-en-tu-colonia%ef%bb%bf\/","title":{"rendered":"Reconocen acciones de \u00abCumple con Hechos en tu Colonia\u00bb\ufeff"},"content":{"rendered":"<p>04022016. HERMOSILLO, SONORA. MX.\u2014\u00a0 Las se\u00f1oras Dinorah Monta\u00f1o Miranda y Silvia Quezada, residentes de Las Minitas desde hace 5 y 8 a\u00f1os respectivamente, agradecieron las acciones que el programa \u00abCumple con Hechos en tu Colonia\u00bb realiza en su sector. <\/p>\n<p>Ambas amas de casa, se\u00f1alaron que esta estrategia que impulsa el Presidente Municipal, Manuel Ignacio Maloro Acosta, ayudar\u00e1 a disminuir los casos de dengue en el sector y mejorar\u00e1 la seguridad p\u00fabica, ya que al limpiar la zona de basura y maleza, no habr\u00e1 lugares donde los delincuentes se escondan para acechar y asaltar a los vecinos.<\/p>\n<p>A tres d\u00edas de que se pusiera en marcha el programa \u00abCumple con Hechos en tu Colonia\u00bb, en Las Minitas, es notable el avance en el mejoramiento del entorno y los vecinos han sido testigos de la actividad que despliegas todas las dependencias municipales.<\/p>\n<p>Durante un recorrido por la colonia se observ\u00f3 el mejoramiento de la imagen del camell\u00f3n del bulevar L\u00e1zaro C\u00e1rdenas, donde se cort\u00f3 y retir\u00f3 la maleza y basura, a la vez que se se rasparon y regaron las calles de terracer\u00eda.<\/p>\n<p>Adem\u00e1s en las r\u00faas contiguas al jard\u00edn de Ni\u00f1os \u00abMartha de Uruchurtu\u00bb, se aplic\u00f3 se\u00f1alizaci\u00f3n preventiva con el pintado de cebras, zonas rojas y \u00e1reas para personas con discapacidad, con lo cual el Gobierno Municipal respondi\u00f3 a demandas de la comunidad y padres de familia del plantel escolar en ese sentido.<\/p>\n<p>En las instalaciones del Centro H\u00e1bitat Las Minitas, trabajadores del Centro de Atenci\u00f3n Canina y Felina del Municipio de Hermosillo, atendieron a mascotas con vacunaci\u00f3n, desparasitaci\u00f3n y registro.<\/p>\n","protected":false},"excerpt":{"rendered":"<p>04022016. HERMOSILLO, SONORA. MX.\u2014\u00a0 Las se\u00f1oras Dinorah Monta\u00f1o Miranda y Silvia Quezada, residentes de Las&#8230;<\/p>\n","protected":false},"author":1,"featured_media":0,"comment_status":"open","ping_status":"open","sticky":false,"template":"","format":"standard","meta":{"_monsterinsights_skip_tracking":false,"_monsterinsights_sitenote_active":false,"_monsterinsights_sitenote_note":"","_monsterinsights_sitenote_category":0,"footnotes":""},"categories":[13,4],"tags":[],"class_list":["post"],"yoast_head":" \n<title>Sonora en Equipo. Reconocen acciones de &quot;Cumple con Hechos en tu Colonia&quot;\ufeff<\/title>\n<meta name=\"description\" content=\"04022016. HERMOSILLO, SONORA. MX.\u2014\u00a0 Las se\u00f1oras Dinorah Monta\u00f1o Miranda y Silvia Quezada, residentes de Las Minitas desde hace 5 y 8 a\u00f1os respectivamente, En Sonora en Equipo publicamos toda la informaci\u00f3n de Sonora, M\u00e9xico y el Mundo de manera oportuna y busca que la libertad de expresi\u00f3n sea real. Visita nuestro medio informativo publicado desde Hermosillo, Sonora. %\" \/>\n<meta name=\"robots\" content=\"index, follow, max-snippet:-1, max-image-preview:large, max-video-preview:-1\" \/>\n<link rel=\"canonical\" href=\"https:\/\/www.sonoraenequipo.com.mx\/reconocen-acciones-de-cumple-con-hechos-en-tu-colonia\ufeff\/\" \/>\n<meta property=\"og:locale\" content=\"es_ES\" \/>\n<meta property=\"og:type\" content=\"article\" \/>\n<meta property=\"og:title\" content=\"Sonora en Equipo. Reconocen acciones de &quot;Cumple con Hechos en tu Colonia&quot;\ufeff\" \/>\n<meta property=\"og:description\" content=\"04022016. HERMOSILLO, SONORA. MX.\u2014\u00a0 Las se\u00f1oras Dinorah Monta\u00f1o Miranda y Silvia Quezada, residentes de Las Minitas desde hace 5 y 8 a\u00f1os respectivamente, En Sonora en Equipo publicamos toda la informaci\u00f3n de Sonora, M\u00e9xico y el Mundo de manera oportuna y busca que la libertad de expresi\u00f3n sea real. Visita nuestro medio informativo publicado desde Hermosillo, Sonora. %\" \/>\n<meta property=\"og:url\" content=\"https:\/\/www.sonoraenequipo.com.mx\/reconocen-acciones-de-cumple-con-hechos-en-tu-colonia\ufeff\/\" \/>\n<meta property=\"og:site_name\" content=\"Sonora en Equipo.\" \/>\n<meta property=\"article:publisher\" content=\"https:\/\/www.facebook.com\/SonoraEE\/\" \/>\n<meta property=\"article:author\" content=\"https:\/\/www.facebook.com\/SonoraEE\" \/>\n<meta property=\"article:published_time\" content=\"2016-02-04T14:58:16+00:00\" \/>\n<meta property=\"article:modified_time\" content=\"2016-02-05T16:00:56+00:00\" \/>\n<meta name=\"author\" content=\"enequipo\" \/>\n<meta name=\"twitter:card\" content=\"summary_large_image\" \/>\n<meta name=\"twitter:creator\" content=\"@sonoraenequipo\" \/>\n<meta name=\"twitter:site\" content=\"@sonoraenequipo\" \/>\n<meta name=\"twitter:label1\" content=\"Escrito por\" \/>\n\t<meta name=\"twitter:data1\" content=\"enequipo\" \/>\n\t<meta name=\"twitter:label2\" content=\"Tiempo de lectura\" \/>\n\t<meta name=\"twitter:data2\" content=\"1 minuto\" \/>\n<script type=\"application\/ld+json\" class=\"yoast-schema-graph\">{\"@context\":\"https:\/\/schema.org\",\"@graph\":[{\"@type\":\"Article\",\"@id\":\"https:\/\/www.sonoraenequipo.com.mx\/reconocen-acciones-de-cumple-con-hechos-en-tu-colonia%ef%bb%bf\/#article\",\"isPartOf\":{\"@id\":\"https:\/\/www.sonoraenequipo.com.mx\/reconocen-acciones-de-cumple-con-hechos-en-tu-colonia%ef%bb%bf\/\"},\"author\":{\"name\":\"enequipo\",\"@id\":\"https:\/\/www.sonoraenequipo.com.mx\/#\/schema\/person\/50102df0fb23a8fa9e8effad8fa81386\"},\"headline\":\"Reconocen acciones de \u00abCumple con Hechos en tu Colonia\u00bb\ufeff\",\"datePublished\":\"2016-02-04T14:58:16+00:00\",\"dateModified\":\"2016-02-05T16:00:56+00:00\",\"mainEntityOfPage\":{\"@id\":\"https:\/\/www.sonoraenequipo.com.mx\/reconocen-acciones-de-cumple-con-hechos-en-tu-colonia%ef%bb%bf\/\"},\"wordCount\":286,\"commentCount\":0,\"publisher\":{\"@id\":\"https:\/\/www.sonoraenequipo.com.mx\/#organization\"},\"articleSection\":[\"Destacadas\",\"Municipios\"],\"inLanguage\":\"es\",\"potentialAction\":[{\"@type\":\"CommentAction\",\"name\":\"Comment\",\"target\":[\"https:\/\/www.sonoraenequipo.com.mx\/reconocen-acciones-de-cumple-con-hechos-en-tu-colonia%ef%bb%bf\/#respond\"]}]},{\"@type\":\"WebPage\",\"@id\":\"https:\/\/www.sonoraenequipo.com.mx\/reconocen-acciones-de-cumple-con-hechos-en-tu-colonia%ef%bb%bf\/\",\"url\":\"https:\/\/www.sonoraenequipo.com.mx\/reconocen-acciones-de-cumple-con-hechos-en-tu-colonia%ef%bb%bf\/\",\"name\":\"Sonora en Equipo. Reconocen acciones de \\\"Cumple con Hechos en tu Colonia\\\"\ufeff\",\"isPartOf\":{\"@id\":\"https:\/\/www.sonoraenequipo.com.mx\/#website\"},\"datePublished\":\"2016-02-04T14:58:16+00:00\",\"dateModified\":\"2016-02-05T16:00:56+00:00\",\"description\":\"04022016. HERMOSILLO, SONORA. MX.\u2014\u00a0 Las se\u00f1oras Dinorah Monta\u00f1o Miranda y Silvia Quezada, residentes de Las Minitas desde hace 5 y 8 a\u00f1os respectivamente, En Sonora en Equipo publicamos toda la informaci\u00f3n de Sonora, M\u00e9xico y el Mundo de manera oportuna y busca que la libertad de expresi\u00f3n sea real. Visita nuestro medio informativo publicado desde Hermosillo, Sonora. %\",\"breadcrumb\":{\"@id\":\"https:\/\/www.sonoraenequipo.com.mx\/reconocen-acciones-de-cumple-con-hechos-en-tu-colonia%ef%bb%bf\/#breadcrumb\"},\"inLanguage\":\"es\",\"potentialAction\":[{\"@type\":\"ReadAction\",\"target\":[\"https:\/\/www.sonoraenequipo.com.mx\/reconocen-acciones-de-cumple-con-hechos-en-tu-colonia%ef%bb%bf\/\"]}]},{\"@type\":\"BreadcrumbList\",\"@id\":\"https:\/\/www.sonoraenequipo.com.mx\/reconocen-acciones-de-cumple-con-hechos-en-tu-colonia%ef%bb%bf\/#breadcrumb\",\"itemListElement\":[{\"@type\":\"ListItem\",\"position\":1,\"name\":\"Portada\",\"item\":\"https:\/\/www.sonoraenequipo.com.mx\/\"},{\"@type\":\"ListItem\",\"position\":2,\"name\":\"Reconocen acciones de \u00abCumple con Hechos en tu Colonia\u00bb\ufeff\"}]},{\"@type\":\"WebSite\",\"@id\":\"https:\/\/www.sonoraenequipo.com.mx\/#website\",\"url\":\"https:\/\/www.sonoraenequipo.com.mx\/\",\"name\":\"Sonora en Equipo.\",\"description\":\"Diario en l\u00ednea con Noticias desde Hermosillo, Sonora\",\"publisher\":{\"@id\":\"https:\/\/www.sonoraenequipo.com.mx\/#organization\"},\"potentialAction\":[{\"@type\":\"SearchAction\",\"target\":{\"@type\":\"EntryPoint\",\"urlTemplate\":\"https:\/\/www.sonoraenequipo.com.mx\/?s={search_term_string}\"},\"query-input\":{\"@type\":\"PropertyValueSpecification\",\"valueRequired\":true,\"valueName\":\"search_term_string\"}}],\"inLanguage\":\"es\"},{\"@type\":\"Organization\",\"@id\":\"https:\/\/www.sonoraenequipo.com.mx\/#organization\",\"name\":\"Sonoraenequipo.com.mx\",\"url\":\"https:\/\/www.sonoraenequipo.com.mx\/\",\"logo\":{\"@type\":\"ImageObject\",\"inLanguage\":\"es\",\"@id\":\"https:\/\/www.sonoraenequipo.com.mx\/#\/schema\/logo\/image\/\",\"url\":\"https:\/\/www.sonoraenequipo.com.mx\/storage\/2019\/01\/sonoraenequipo_opt.png\",\"contentUrl\":\"https:\/\/www.sonoraenequipo.com.mx\/storage\/2019\/01\/sonoraenequipo_opt.png\",\"width\":375,\"height\":125,\"caption\":\"Sonoraenequipo.com.mx\"},\"image\":{\"@id\":\"https:\/\/www.sonoraenequipo.com.mx\/#\/schema\/logo\/image\/\"},\"sameAs\":[\"https:\/\/www.facebook.com\/SonoraEE\/\",\"https:\/\/x.com\/sonoraenequipo\",\"https:\/\/www.youtube.com\/channel\/UC338nW-lPEYmJQs4ZABQ1SQ\"]},{\"@type\":\"Person\",\"@id\":\"https:\/\/www.sonoraenequipo.com.mx\/#\/schema\/person\/50102df0fb23a8fa9e8effad8fa81386\",\"name\":\"enequipo\",\"image\":{\"@type\":\"ImageObject\",\"inLanguage\":\"es\",\"@id\":\"https:\/\/www.sonoraenequipo.com.mx\/#\/schema\/person\/image\/\",\"url\":\"https:\/\/secure.gravatar.com\/avatar\/049821681b589dabc0bc20695993ccebb09f5b5d4d790cd9251b97faac7c652b?s=96&d=blank&r=g\",\"contentUrl\":\"https:\/\/secure.gravatar.com\/avatar\/049821681b589dabc0bc20695993ccebb09f5b5d4d790cd9251b97faac7c652b?s=96&d=blank&r=g\",\"caption\":\"enequipo\"},\"sameAs\":[\"https:\/\/www.facebook.com\/SonoraEE\"]}]}<\/script>\n ","yoast_head_json":{"title":"Sonora en Equipo. Reconocen acciones de \"Cumple con Hechos en tu Colonia\"\ufeff","description":"04022016. HERMOSILLO, SONORA. MX.\u2014\u00a0 Las se\u00f1oras Dinorah Monta\u00f1o Miranda y Silvia Quezada, residentes de Las Minitas desde hace 5 y 8 a\u00f1os respectivamente, En Sonora en Equipo publicamos toda la informaci\u00f3n de Sonora, M\u00e9xico y el Mundo de manera oportuna y busca que la libertad de expresi\u00f3n sea real. Visita nuestro medio informativo publicado desde Hermosillo, Sonora. %","robots":{"index":"index","follow":"follow","max-snippet":"max-snippet:-1","max-image-preview":"max-image-preview:large","max-video-preview":"max-video-preview:-1"},"canonical":"https:\/\/www.sonoraenequipo.com.mx\/reconocen-acciones-de-cumple-con-hechos-en-tu-colonia\ufeff\/","og_locale":"es_ES","og_type":"article","og_title":"Sonora en Equipo. Reconocen acciones de \"Cumple con Hechos en tu Colonia\"\ufeff","og_description":"04022016. HERMOSILLO, SONORA. MX.\u2014\u00a0 Las se\u00f1oras Dinorah Monta\u00f1o Miranda y Silvia Quezada, residentes de Las Minitas desde hace 5 y 8 a\u00f1os respectivamente, En Sonora en Equipo publicamos toda la informaci\u00f3n de Sonora, M\u00e9xico y el Mundo de manera oportuna y busca que la libertad de expresi\u00f3n sea real. Visita nuestro medio informativo publicado desde Hermosillo, Sonora. %","og_url":"https:\/\/www.sonoraenequipo.com.mx\/reconocen-acciones-de-cumple-con-hechos-en-tu-colonia\ufeff\/","og_site_name":"Sonora en Equipo.","article_publisher":"https:\/\/www.facebook.com\/SonoraEE\/","article_author":"https:\/\/www.facebook.com\/SonoraEE","article_published_time":"2016-02-04T14:58:16+00:00","article_modified_time":"2016-02-05T16:00:56+00:00","author":"enequipo","twitter_card":"summary_large_image","twitter_creator":"@sonoraenequipo","twitter_site":"@sonoraenequipo","twitter_misc":{"Escrito por":"enequipo","Tiempo de lectura":"1 minuto"},"schema":{"@context":"https:\/\/schema.org","@graph":[{"@type":"Article","@id":"https:\/\/www.sonoraenequipo.com.mx\/reconocen-acciones-de-cumple-con-hechos-en-tu-colonia%ef%bb%bf\/#article","isPartOf":{"@id":"https:\/\/www.sonoraenequipo.com.mx\/reconocen-acciones-de-cumple-con-hechos-en-tu-colonia%ef%bb%bf\/"},"author":{"name":"enequipo","@id":"https:\/\/www.sonoraenequipo.com.mx\/#\/schema\/person\/50102df0fb23a8fa9e8effad8fa81386"},"headline":"Reconocen acciones de \u00abCumple con Hechos en tu Colonia\u00bb\ufeff","datePublished":"2016-02-04T14:58:16+00:00","dateModified":"2016-02-05T16:00:56+00:00","mainEntityOfPage":{"@id":"https:\/\/www.sonoraenequipo.com.mx\/reconocen-acciones-de-cumple-con-hechos-en-tu-colonia%ef%bb%bf\/"},"wordCount":286,"commentCount":0,"publisher":{"@id":"https:\/\/www.sonoraenequipo.com.mx\/#organization"},"articleSection":["Destacadas","Municipios"],"inLanguage":"es","potentialAction":[{"@type":"CommentAction","name":"Comment","target":["https:\/\/www.sonoraenequipo.com.mx\/reconocen-acciones-de-cumple-con-hechos-en-tu-colonia%ef%bb%bf\/#respond"]}]},{"@type":"WebPage","@id":"https:\/\/www.sonoraenequipo.com.mx\/reconocen-acciones-de-cumple-con-hechos-en-tu-colonia%ef%bb%bf\/","url":"https:\/\/www.sonoraenequipo.com.mx\/reconocen-acciones-de-cumple-con-hechos-en-tu-colonia%ef%bb%bf\/","name":"Sonora en Equipo. Reconocen acciones de \"Cumple con Hechos en tu Colonia\"\ufeff","isPartOf":{"@id":"https:\/\/www.sonoraenequipo.com.mx\/#website"},"datePublished":"2016-02-04T14:58:16+00:00","dateModified":"2016-02-05T16:00:56+00:00","description":"04022016. HERMOSILLO, SONORA. MX.\u2014\u00a0 Las se\u00f1oras Dinorah Monta\u00f1o Miranda y Silvia Quezada, residentes de Las Minitas desde hace 5 y 8 a\u00f1os respectivamente, En Sonora en Equipo publicamos toda la informaci\u00f3n de Sonora, M\u00e9xico y el Mundo de manera oportuna y busca que la libertad de expresi\u00f3n sea real. Visita nuestro medio informativo publicado desde Hermosillo, Sonora. %","breadcrumb":{"@id":"https:\/\/www.sonoraenequipo.com.mx\/reconocen-acciones-de-cumple-con-hechos-en-tu-colonia%ef%bb%bf\/#breadcrumb"},"inLanguage":"es","potentialAction":[{"@type":"ReadAction","target":["https:\/\/www.sonoraenequipo.com.mx\/reconocen-acciones-de-cumple-con-hechos-en-tu-colonia%ef%bb%bf\/"]}]},{"@type":"BreadcrumbList","@id":"https:\/\/www.sonoraenequipo.com.mx\/reconocen-acciones-de-cumple-con-hechos-en-tu-colonia%ef%bb%bf\/#breadcrumb","itemListElement":[{"@type":"ListItem","position":1,"name":"Portada","item":"https:\/\/www.sonoraenequipo.com.mx\/"},{"@type":"ListItem","position":2,"name":"Reconocen acciones de \u00abCumple con Hechos en tu Colonia\u00bb\ufeff"}]},{"@type":"WebSite","@id":"https:\/\/www.sonoraenequipo.com.mx\/#website","url":"https:\/\/www.sonoraenequipo.com.mx\/","name":"Sonora en Equipo.","description":"Diario en l\u00ednea con Noticias desde Hermosillo, Sonora","publisher":{"@id":"https:\/\/www.sonoraenequipo.com.mx\/#organization"},"potentialAction":[{"@type":"SearchAction","target":{"@type":"EntryPoint","urlTemplate":"https:\/\/www.sonoraenequipo.com.mx\/?s={search_term_string}"},"query-input":{"@type":"PropertyValueSpecification","valueRequired":true,"valueName":"search_term_string"}}],"inLanguage":"es"},{"@type":"Organization","@id":"https:\/\/www.sonoraenequipo.com.mx\/#organization","name":"Sonoraenequipo.com.mx","url":"https:\/\/www.sonoraenequipo.com.mx\/","logo":{"@type":"ImageObject","inLanguage":"es","@id":"https:\/\/www.sonoraenequipo.com.mx\/#\/schema\/logo\/image\/","url":"https:\/\/www.sonoraenequipo.com.mx\/storage\/2019\/01\/sonoraenequipo_opt.png","contentUrl":"https:\/\/www.sonoraenequipo.com.mx\/storage\/2019\/01\/sonoraenequipo_opt.png","width":375,"height":125,"caption":"Sonoraenequipo.com.mx"},"image":{"@id":"https:\/\/www.sonoraenequipo.com.mx\/#\/schema\/logo\/image\/"},"sameAs":["https:\/\/www.facebook.com\/SonoraEE\/","https:\/\/x.com\/sonoraenequipo","https:\/\/www.youtube.com\/channel\/UC338nW-lPEYmJQs4ZABQ1SQ"]},{"@type":"Person","@id":"https:\/\/www.sonoraenequipo.com.mx\/#\/schema\/person\/50102df0fb23a8fa9e8effad8fa81386","name":"enequipo","image":{"@type":"ImageObject","inLanguage":"es","@id":"https:\/\/www.sonoraenequipo.com.mx\/#\/schema\/person\/image\/","url":"https:\/\/secure.gravatar.com\/avatar\/049821681b589dabc0bc20695993ccebb09f5b5d4d790cd9251b97faac7c652b?s=96&d=blank&r=g","contentUrl":"https:\/\/secure.gravatar.com\/avatar\/049821681b589dabc0bc20695993ccebb09f5b5d4d790cd9251b97faac7c652b?s=96&d=blank&r=g","caption":"enequipo"},"sameAs":["https:\/\/www.facebook.com\/SonoraEE"]}]}},"jetpack_featured_media_url":"","_links":{"self":[{"href":"https:\/\/www.sonoraenequipo.com.mx\/api\/wp\/v2\/posts\/2952","targetHints":{"allow":["GET"]}}],"collection":[{"href":"https:\/\/www.sonoraenequipo.com.mx\/api\/wp\/v2\/posts"}],"about":[{"href":"https:\/\/www.sonoraenequipo.com.mx\/api\/wp\/v2\/types\/post"}],"author":[{"embeddable":true,"href":"https:\/\/www.sonoraenequipo.com.mx\/api\/wp\/v2\/users\/1"}],"replies":[{"embeddable":true,"href":"https:\/\/www.sonoraenequipo.com.mx\/api\/wp\/v2\/comments?post=2952"}],"version-history":[{"count":0,"href":"https:\/\/www.sonoraenequipo.com.mx\/api\/wp\/v2\/posts\/2952\/revisions"}],"wp:attachment":[{"href":"https:\/\/www.sonoraenequipo.com.mx\/api\/wp\/v2\/media?parent=2952"}],"wp:term":[{"taxonomy":"category","embeddable":true,"href":"https:\/\/www.sonoraenequipo.com.mx\/api\/wp\/v2\/categories?post=2952"},{"taxonomy":"post_tag","embeddable":true,"href":"https:\/\/www.sonoraenequipo.com.mx\/api\/wp\/v2\/tags?post=2952"}],"curies":[{"name":"wp","href":"https:\/\/api.w.org\/{rel}","templated":true}]}}