{"id":2958,"date":"2016-02-04T16:13:25","date_gmt":"2016-02-04T16:13:25","guid":{"rendered":"http:\/\/www.sonoraenequipo.com.mx\/?p=2958"},"modified":"2016-02-05T16:21:02","modified_gmt":"2016-02-05T16:21:02","slug":"maloro-acosta-busca-recursos-federales-para-mejoramiento-social-de-hermosillo","status":"publish","type":"post","link":"https:\/\/www.sonoraenequipo.com.mx\/maloro-acosta-busca-recursos-federales-para-mejoramiento-social-de-hermosillo\/","title":{"rendered":"Maloro Acosta busca recursos federales para mejoramiento social de Hermosillo"},"content":{"rendered":"<p>04022016.CIUDAD DE M\u00c9XICO.X.\u2014 El crecimiento de Hermosillo requiere ir a la par de la modernizaci\u00f3n del gobierno y de un ordenamiento urbano y rural planeado, indic\u00f3 el presidente municipal Manuel Ignacio Maloro Acosta, durante la gira de trabajo a la Ciudad de M\u00e9xico en la cual se reuni\u00f3 con funcionarios de dependencias federales, para gestionar recursos y programas en beneficio del municipio. <\/p>\n<p>Maloro Acosta se reuni\u00f3 el mi\u00e9rcoles con Rosario Robles Berlanga, Secretaria de Desarrollo Agrario, Territorial y Urbano (Sedatu), a quien le plante\u00f3 se considere a Hermosillo como una metr\u00f3poli estrat\u00e9gica en la regi\u00f3n.<\/p>\n<p>Record\u00f3 que cuando fue Diputado Federal hizo esa propuesta pero no baj\u00f3 el recurso por los lineamientos de algunas dependencias federales, que establecen que s\u00f3lo aplica para zonas metropolitanas.<\/p>\n<p><a href=\"http:\/\/www.sonoraenequipo.com.mx\/storage\/2016\/02\/maloro_opt4.jpg\" rel=\"attachment \"><img loading=\"lazy\" decoding=\"async\" class=\"size-medium  x-left\" src=\"http:\/\/www.sonoraenequipo.com.mx\/storage\/2016\/02\/maloro_opt4-300x171.jpg\" alt=\"maloro_opt(4)\" width=\"300\" height=\"171\" \/><\/a>\u00abLe expuse que Hermosillo no tiene un municipio conurbado, sin embargo tiene un centro de poblaci\u00f3n mucho m\u00e1s grande que otros municipios como es Miguel Alem\u00e1n, por lo que le solicit\u00e9 que busc\u00e1ramos un recurso compensatorio\u00bb.<\/p>\n<p>El Presidente Municipal se\u00f1al\u00f3 que este recurso es necesario porque Hermosillo ha venido creciendo y sus recursos han decrecido; a\u00f1adi\u00f3 que la deuda se ha incrementado y el gobierno municipal queda muy limitado en cuanto a recursos para la inversi\u00f3n, lo cual se nota en el deterioro de las calles y en otros aspectos que afectan la calidad de vida de sus habitantes.<\/p>\n<p>Maloro Acosta manifest\u00f3 que platic\u00f3 tambi\u00e9n sobre el trabajo del programa de prevenci\u00f3n de riesgos, de ordenamiento territorial, actualizaci\u00f3n de los atlas de riesgo y de tener proyectos para los centros de de poblaci\u00f3n de la zona rural, como Bah\u00eda de Kino, Poblado Miguel Alem\u00e1n, San Pedro, entre otros.<\/p>\n<p>As\u00ed mismo, sobre el rescate de espacios p\u00fablicos, reordenamiento de las unidades habitacionales, como en la Nuevo Hermosillo y Pueblitos, infraestructura para los Centros H\u00e1bitat del municipio y mejoramiento vivienda.<\/p>\n<p>El Presidente Municipal tambi\u00e9n se reuni\u00f3 con \u00c1ngel Islava Tamayo, Director de Fonhapo, y Enrique Gonz\u00e1lez Tiburcio, Subsecretario de Sedatu, con quienes platic\u00f3 sobre la modernizaci\u00f3n de Catastro, porque al hacerlo m\u00e1s \u00e1gil, mejorar\u00eda la recaudaci\u00f3n debido a que la mayor parte de ingresos del Ayuntamiento provienen del predial.<\/p>\n<p>A la visita de trabajo la acompa\u00f1aron Iv\u00e1n Garc\u00eda G\u00f3mez, Coordinador de Infraestructura, Desarrollo Urbano y Ecolog\u00eda (CIDUE); Guadalupe Pe\u00f1\u00fa\u00f1uri Soto, Directora de Implan; Marcos Tapia, Director de Promotora Inmobiliaria; Ernesto Molina, Director de DIF Hermosillo; y Carlos Rodr\u00edguez, Director de Desarrollo Social Municipal.<\/p>\n","protected":false},"excerpt":{"rendered":"<p>04022016.CIUDAD DE M\u00c9XICO.X.\u2014 El crecimiento de Hermosillo requiere ir a la par de la modernizaci\u00f3n&#8230;<\/p>\n","protected":false},"author":1,"featured_media":0,"comment_status":"open","ping_status":"open","sticky":false,"template":"","format":"standard","meta":{"_monsterinsights_skip_tracking":false,"_monsterinsights_sitenote_active":false,"_monsterinsights_sitenote_note":"","_monsterinsights_sitenote_category":0,"footnotes":""},"categories":[4,1],"tags":[],"class_list":["post"],"yoast_head":" \n<title>Sonora en Equipo. Maloro Acosta busca recursos federales para mejoramiento social de Hermosillo<\/title>\n<meta name=\"description\" content=\"04022016.CIUDAD DE M\u00c9XICO.X.\u2014 El crecimiento de Hermosillo requiere ir a la par de la modernizaci\u00f3n del gobierno y de un ordenamiento urbano y rural En Sonora en Equipo publicamos toda la informaci\u00f3n de Sonora, M\u00e9xico y el Mundo de manera oportuna y busca que la libertad de expresi\u00f3n sea real. Visita nuestro medio informativo publicado desde Hermosillo, Sonora. %\" \/>\n<meta name=\"robots\" content=\"index, follow, max-snippet:-1, max-image-preview:large, max-video-preview:-1\" \/>\n<link rel=\"canonical\" href=\"https:\/\/www.sonoraenequipo.com.mx\/maloro-acosta-busca-recursos-federales-para-mejoramiento-social-de-hermosillo\/\" \/>\n<meta property=\"og:locale\" content=\"es_ES\" \/>\n<meta property=\"og:type\" content=\"article\" \/>\n<meta property=\"og:title\" content=\"Sonora en Equipo. Maloro Acosta busca recursos federales para mejoramiento social de Hermosillo\" \/>\n<meta property=\"og:description\" content=\"04022016.CIUDAD DE M\u00c9XICO.X.\u2014 El crecimiento de Hermosillo requiere ir a la par de la modernizaci\u00f3n del gobierno y de un ordenamiento urbano y rural En Sonora en Equipo publicamos toda la informaci\u00f3n de Sonora, M\u00e9xico y el Mundo de manera oportuna y busca que la libertad de expresi\u00f3n sea real. Visita nuestro medio informativo publicado desde Hermosillo, Sonora. %\" \/>\n<meta property=\"og:url\" content=\"https:\/\/www.sonoraenequipo.com.mx\/maloro-acosta-busca-recursos-federales-para-mejoramiento-social-de-hermosillo\/\" \/>\n<meta property=\"og:site_name\" content=\"Sonora en Equipo.\" \/>\n<meta property=\"article:publisher\" content=\"https:\/\/www.facebook.com\/SonoraEE\/\" \/>\n<meta property=\"article:author\" content=\"https:\/\/www.facebook.com\/SonoraEE\" \/>\n<meta property=\"article:published_time\" content=\"2016-02-04T16:13:25+00:00\" \/>\n<meta property=\"article:modified_time\" content=\"2016-02-05T16:21:02+00:00\" \/>\n<meta property=\"og:image\" content=\"http:\/\/www.sonoraenequipo.com.mx\/storage\/2016\/02\/maloro_opt4-300x171.jpg\" \/>\n<meta name=\"author\" content=\"enequipo\" \/>\n<meta name=\"twitter:card\" content=\"summary_large_image\" \/>\n<meta name=\"twitter:creator\" content=\"@sonoraenequipo\" \/>\n<meta name=\"twitter:site\" content=\"@sonoraenequipo\" \/>\n<meta name=\"twitter:label1\" content=\"Escrito por\" \/>\n\t<meta name=\"twitter:data1\" content=\"enequipo\" \/>\n\t<meta name=\"twitter:label2\" content=\"Tiempo de lectura\" \/>\n\t<meta name=\"twitter:data2\" content=\"2 minutos\" \/>\n<script type=\"application\/ld+json\" class=\"yoast-schema-graph\">{\"@context\":\"https:\/\/schema.org\",\"@graph\":[{\"@type\":\"Article\",\"@id\":\"https:\/\/www.sonoraenequipo.com.mx\/maloro-acosta-busca-recursos-federales-para-mejoramiento-social-de-hermosillo\/#article\",\"isPartOf\":{\"@id\":\"https:\/\/www.sonoraenequipo.com.mx\/maloro-acosta-busca-recursos-federales-para-mejoramiento-social-de-hermosillo\/\"},\"author\":{\"name\":\"enequipo\",\"@id\":\"https:\/\/www.sonoraenequipo.com.mx\/#\/schema\/person\/50102df0fb23a8fa9e8effad8fa81386\"},\"headline\":\"Maloro Acosta busca recursos federales para mejoramiento social de Hermosillo\",\"datePublished\":\"2016-02-04T16:13:25+00:00\",\"dateModified\":\"2016-02-05T16:21:02+00:00\",\"mainEntityOfPage\":{\"@id\":\"https:\/\/www.sonoraenequipo.com.mx\/maloro-acosta-busca-recursos-federales-para-mejoramiento-social-de-hermosillo\/\"},\"wordCount\":442,\"commentCount\":0,\"publisher\":{\"@id\":\"https:\/\/www.sonoraenequipo.com.mx\/#organization\"},\"image\":{\"@id\":\"https:\/\/www.sonoraenequipo.com.mx\/maloro-acosta-busca-recursos-federales-para-mejoramiento-social-de-hermosillo\/#primaryimage\"},\"thumbnailUrl\":\"http:\/\/www.sonoraenequipo.com.mx\/storage\/2016\/02\/maloro_opt4-300x171.jpg\",\"articleSection\":[\"Municipios\",\"Sin categorizar\"],\"inLanguage\":\"es\",\"potentialAction\":[{\"@type\":\"CommentAction\",\"name\":\"Comment\",\"target\":[\"https:\/\/www.sonoraenequipo.com.mx\/maloro-acosta-busca-recursos-federales-para-mejoramiento-social-de-hermosillo\/#respond\"]}]},{\"@type\":\"WebPage\",\"@id\":\"https:\/\/www.sonoraenequipo.com.mx\/maloro-acosta-busca-recursos-federales-para-mejoramiento-social-de-hermosillo\/\",\"url\":\"https:\/\/www.sonoraenequipo.com.mx\/maloro-acosta-busca-recursos-federales-para-mejoramiento-social-de-hermosillo\/\",\"name\":\"Sonora en Equipo. Maloro Acosta busca recursos federales para mejoramiento social de Hermosillo\",\"isPartOf\":{\"@id\":\"https:\/\/www.sonoraenequipo.com.mx\/#website\"},\"primaryImageOfPage\":{\"@id\":\"https:\/\/www.sonoraenequipo.com.mx\/maloro-acosta-busca-recursos-federales-para-mejoramiento-social-de-hermosillo\/#primaryimage\"},\"image\":{\"@id\":\"https:\/\/www.sonoraenequipo.com.mx\/maloro-acosta-busca-recursos-federales-para-mejoramiento-social-de-hermosillo\/#primaryimage\"},\"thumbnailUrl\":\"http:\/\/www.sonoraenequipo.com.mx\/storage\/2016\/02\/maloro_opt4-300x171.jpg\",\"datePublished\":\"2016-02-04T16:13:25+00:00\",\"dateModified\":\"2016-02-05T16:21:02+00:00\",\"description\":\"04022016.CIUDAD DE M\u00c9XICO.X.\u2014 El crecimiento de Hermosillo requiere ir a la par de la modernizaci\u00f3n del gobierno y de un ordenamiento urbano y rural En Sonora en Equipo publicamos toda la informaci\u00f3n de Sonora, M\u00e9xico y el Mundo de manera oportuna y busca que la libertad de expresi\u00f3n sea real. Visita nuestro medio informativo publicado desde Hermosillo, Sonora. %\",\"breadcrumb\":{\"@id\":\"https:\/\/www.sonoraenequipo.com.mx\/maloro-acosta-busca-recursos-federales-para-mejoramiento-social-de-hermosillo\/#breadcrumb\"},\"inLanguage\":\"es\",\"potentialAction\":[{\"@type\":\"ReadAction\",\"target\":[\"https:\/\/www.sonoraenequipo.com.mx\/maloro-acosta-busca-recursos-federales-para-mejoramiento-social-de-hermosillo\/\"]}]},{\"@type\":\"ImageObject\",\"inLanguage\":\"es\",\"@id\":\"https:\/\/www.sonoraenequipo.com.mx\/maloro-acosta-busca-recursos-federales-para-mejoramiento-social-de-hermosillo\/#primaryimage\",\"url\":\"https:\/\/www.sonoraenequipo.com.mx\/storage\/2016\/02\/maloro_opt4.jpg\",\"contentUrl\":\"https:\/\/www.sonoraenequipo.com.mx\/storage\/2016\/02\/maloro_opt4.jpg\",\"width\":436,\"height\":248},{\"@type\":\"BreadcrumbList\",\"@id\":\"https:\/\/www.sonoraenequipo.com.mx\/maloro-acosta-busca-recursos-federales-para-mejoramiento-social-de-hermosillo\/#breadcrumb\",\"itemListElement\":[{\"@type\":\"ListItem\",\"position\":1,\"name\":\"Portada\",\"item\":\"https:\/\/www.sonoraenequipo.com.mx\/\"},{\"@type\":\"ListItem\",\"position\":2,\"name\":\"Maloro Acosta busca recursos federales para mejoramiento social de Hermosillo\"}]},{\"@type\":\"WebSite\",\"@id\":\"https:\/\/www.sonoraenequipo.com.mx\/#website\",\"url\":\"https:\/\/www.sonoraenequipo.com.mx\/\",\"name\":\"Sonora en Equipo.\",\"description\":\"Diario en l\u00ednea con Noticias desde Hermosillo, Sonora\",\"publisher\":{\"@id\":\"https:\/\/www.sonoraenequipo.com.mx\/#organization\"},\"potentialAction\":[{\"@type\":\"SearchAction\",\"target\":{\"@type\":\"EntryPoint\",\"urlTemplate\":\"https:\/\/www.sonoraenequipo.com.mx\/?s={search_term_string}\"},\"query-input\":{\"@type\":\"PropertyValueSpecification\",\"valueRequired\":true,\"valueName\":\"search_term_string\"}}],\"inLanguage\":\"es\"},{\"@type\":\"Organization\",\"@id\":\"https:\/\/www.sonoraenequipo.com.mx\/#organization\",\"name\":\"Sonoraenequipo.com.mx\",\"url\":\"https:\/\/www.sonoraenequipo.com.mx\/\",\"logo\":{\"@type\":\"ImageObject\",\"inLanguage\":\"es\",\"@id\":\"https:\/\/www.sonoraenequipo.com.mx\/#\/schema\/logo\/image\/\",\"url\":\"https:\/\/www.sonoraenequipo.com.mx\/storage\/2019\/01\/sonoraenequipo_opt.png\",\"contentUrl\":\"https:\/\/www.sonoraenequipo.com.mx\/storage\/2019\/01\/sonoraenequipo_opt.png\",\"width\":375,\"height\":125,\"caption\":\"Sonoraenequipo.com.mx\"},\"image\":{\"@id\":\"https:\/\/www.sonoraenequipo.com.mx\/#\/schema\/logo\/image\/\"},\"sameAs\":[\"https:\/\/www.facebook.com\/SonoraEE\/\",\"https:\/\/x.com\/sonoraenequipo\",\"https:\/\/www.youtube.com\/channel\/UC338nW-lPEYmJQs4ZABQ1SQ\"]},{\"@type\":\"Person\",\"@id\":\"https:\/\/www.sonoraenequipo.com.mx\/#\/schema\/person\/50102df0fb23a8fa9e8effad8fa81386\",\"name\":\"enequipo\",\"image\":{\"@type\":\"ImageObject\",\"inLanguage\":\"es\",\"@id\":\"https:\/\/www.sonoraenequipo.com.mx\/#\/schema\/person\/image\/\",\"url\":\"https:\/\/secure.gravatar.com\/avatar\/049821681b589dabc0bc20695993ccebb09f5b5d4d790cd9251b97faac7c652b?s=96&d=blank&r=g\",\"contentUrl\":\"https:\/\/secure.gravatar.com\/avatar\/049821681b589dabc0bc20695993ccebb09f5b5d4d790cd9251b97faac7c652b?s=96&d=blank&r=g\",\"caption\":\"enequipo\"},\"sameAs\":[\"https:\/\/www.facebook.com\/SonoraEE\"]}]}<\/script>\n ","yoast_head_json":{"title":"Sonora en Equipo. Maloro Acosta busca recursos federales para mejoramiento social de Hermosillo","description":"04022016.CIUDAD DE M\u00c9XICO.X.\u2014 El crecimiento de Hermosillo requiere ir a la par de la modernizaci\u00f3n del gobierno y de un ordenamiento urbano y rural En Sonora en Equipo publicamos toda la informaci\u00f3n de Sonora, M\u00e9xico y el Mundo de manera oportuna y busca que la libertad de expresi\u00f3n sea real. Visita nuestro medio informativo publicado desde Hermosillo, Sonora. %","robots":{"index":"index","follow":"follow","max-snippet":"max-snippet:-1","max-image-preview":"max-image-preview:large","max-video-preview":"max-video-preview:-1"},"canonical":"https:\/\/www.sonoraenequipo.com.mx\/maloro-acosta-busca-recursos-federales-para-mejoramiento-social-de-hermosillo\/","og_locale":"es_ES","og_type":"article","og_title":"Sonora en Equipo. Maloro Acosta busca recursos federales para mejoramiento social de Hermosillo","og_description":"04022016.CIUDAD DE M\u00c9XICO.X.\u2014 El crecimiento de Hermosillo requiere ir a la par de la modernizaci\u00f3n del gobierno y de un ordenamiento urbano y rural En Sonora en Equipo publicamos toda la informaci\u00f3n de Sonora, M\u00e9xico y el Mundo de manera oportuna y busca que la libertad de expresi\u00f3n sea real. Visita nuestro medio informativo publicado desde Hermosillo, Sonora. %","og_url":"https:\/\/www.sonoraenequipo.com.mx\/maloro-acosta-busca-recursos-federales-para-mejoramiento-social-de-hermosillo\/","og_site_name":"Sonora en Equipo.","article_publisher":"https:\/\/www.facebook.com\/SonoraEE\/","article_author":"https:\/\/www.facebook.com\/SonoraEE","article_published_time":"2016-02-04T16:13:25+00:00","article_modified_time":"2016-02-05T16:21:02+00:00","og_image":[{"url":"http:\/\/www.sonoraenequipo.com.mx\/storage\/2016\/02\/maloro_opt4-300x171.jpg","type":"","width":"","height":""}],"author":"enequipo","twitter_card":"summary_large_image","twitter_creator":"@sonoraenequipo","twitter_site":"@sonoraenequipo","twitter_misc":{"Escrito por":"enequipo","Tiempo de lectura":"2 minutos"},"schema":{"@context":"https:\/\/schema.org","@graph":[{"@type":"Article","@id":"https:\/\/www.sonoraenequipo.com.mx\/maloro-acosta-busca-recursos-federales-para-mejoramiento-social-de-hermosillo\/#article","isPartOf":{"@id":"https:\/\/www.sonoraenequipo.com.mx\/maloro-acosta-busca-recursos-federales-para-mejoramiento-social-de-hermosillo\/"},"author":{"name":"enequipo","@id":"https:\/\/www.sonoraenequipo.com.mx\/#\/schema\/person\/50102df0fb23a8fa9e8effad8fa81386"},"headline":"Maloro Acosta busca recursos federales para mejoramiento social de Hermosillo","datePublished":"2016-02-04T16:13:25+00:00","dateModified":"2016-02-05T16:21:02+00:00","mainEntityOfPage":{"@id":"https:\/\/www.sonoraenequipo.com.mx\/maloro-acosta-busca-recursos-federales-para-mejoramiento-social-de-hermosillo\/"},"wordCount":442,"commentCount":0,"publisher":{"@id":"https:\/\/www.sonoraenequipo.com.mx\/#organization"},"image":{"@id":"https:\/\/www.sonoraenequipo.com.mx\/maloro-acosta-busca-recursos-federales-para-mejoramiento-social-de-hermosillo\/#primaryimage"},"thumbnailUrl":"http:\/\/www.sonoraenequipo.com.mx\/storage\/2016\/02\/maloro_opt4-300x171.jpg","articleSection":["Municipios","Sin categorizar"],"inLanguage":"es","potentialAction":[{"@type":"CommentAction","name":"Comment","target":["https:\/\/www.sonoraenequipo.com.mx\/maloro-acosta-busca-recursos-federales-para-mejoramiento-social-de-hermosillo\/#respond"]}]},{"@type":"WebPage","@id":"https:\/\/www.sonoraenequipo.com.mx\/maloro-acosta-busca-recursos-federales-para-mejoramiento-social-de-hermosillo\/","url":"https:\/\/www.sonoraenequipo.com.mx\/maloro-acosta-busca-recursos-federales-para-mejoramiento-social-de-hermosillo\/","name":"Sonora en Equipo. Maloro Acosta busca recursos federales para mejoramiento social de Hermosillo","isPartOf":{"@id":"https:\/\/www.sonoraenequipo.com.mx\/#website"},"primaryImageOfPage":{"@id":"https:\/\/www.sonoraenequipo.com.mx\/maloro-acosta-busca-recursos-federales-para-mejoramiento-social-de-hermosillo\/#primaryimage"},"image":{"@id":"https:\/\/www.sonoraenequipo.com.mx\/maloro-acosta-busca-recursos-federales-para-mejoramiento-social-de-hermosillo\/#primaryimage"},"thumbnailUrl":"http:\/\/www.sonoraenequipo.com.mx\/storage\/2016\/02\/maloro_opt4-300x171.jpg","datePublished":"2016-02-04T16:13:25+00:00","dateModified":"2016-02-05T16:21:02+00:00","description":"04022016.CIUDAD DE M\u00c9XICO.X.\u2014 El crecimiento de Hermosillo requiere ir a la par de la modernizaci\u00f3n del gobierno y de un ordenamiento urbano y rural En Sonora en Equipo publicamos toda la informaci\u00f3n de Sonora, M\u00e9xico y el Mundo de manera oportuna y busca que la libertad de expresi\u00f3n sea real. Visita nuestro medio informativo publicado desde Hermosillo, Sonora. %","breadcrumb":{"@id":"https:\/\/www.sonoraenequipo.com.mx\/maloro-acosta-busca-recursos-federales-para-mejoramiento-social-de-hermosillo\/#breadcrumb"},"inLanguage":"es","potentialAction":[{"@type":"ReadAction","target":["https:\/\/www.sonoraenequipo.com.mx\/maloro-acosta-busca-recursos-federales-para-mejoramiento-social-de-hermosillo\/"]}]},{"@type":"ImageObject","inLanguage":"es","@id":"https:\/\/www.sonoraenequipo.com.mx\/maloro-acosta-busca-recursos-federales-para-mejoramiento-social-de-hermosillo\/#primaryimage","url":"https:\/\/www.sonoraenequipo.com.mx\/storage\/2016\/02\/maloro_opt4.jpg","contentUrl":"https:\/\/www.sonoraenequipo.com.mx\/storage\/2016\/02\/maloro_opt4.jpg","width":436,"height":248},{"@type":"BreadcrumbList","@id":"https:\/\/www.sonoraenequipo.com.mx\/maloro-acosta-busca-recursos-federales-para-mejoramiento-social-de-hermosillo\/#breadcrumb","itemListElement":[{"@type":"ListItem","position":1,"name":"Portada","item":"https:\/\/www.sonoraenequipo.com.mx\/"},{"@type":"ListItem","position":2,"name":"Maloro Acosta busca recursos federales para mejoramiento social de Hermosillo"}]},{"@type":"WebSite","@id":"https:\/\/www.sonoraenequipo.com.mx\/#website","url":"https:\/\/www.sonoraenequipo.com.mx\/","name":"Sonora en Equipo.","description":"Diario en l\u00ednea con Noticias desde Hermosillo, Sonora","publisher":{"@id":"https:\/\/www.sonoraenequipo.com.mx\/#organization"},"potentialAction":[{"@type":"SearchAction","target":{"@type":"EntryPoint","urlTemplate":"https:\/\/www.sonoraenequipo.com.mx\/?s={search_term_string}"},"query-input":{"@type":"PropertyValueSpecification","valueRequired":true,"valueName":"search_term_string"}}],"inLanguage":"es"},{"@type":"Organization","@id":"https:\/\/www.sonoraenequipo.com.mx\/#organization","name":"Sonoraenequipo.com.mx","url":"https:\/\/www.sonoraenequipo.com.mx\/","logo":{"@type":"ImageObject","inLanguage":"es","@id":"https:\/\/www.sonoraenequipo.com.mx\/#\/schema\/logo\/image\/","url":"https:\/\/www.sonoraenequipo.com.mx\/storage\/2019\/01\/sonoraenequipo_opt.png","contentUrl":"https:\/\/www.sonoraenequipo.com.mx\/storage\/2019\/01\/sonoraenequipo_opt.png","width":375,"height":125,"caption":"Sonoraenequipo.com.mx"},"image":{"@id":"https:\/\/www.sonoraenequipo.com.mx\/#\/schema\/logo\/image\/"},"sameAs":["https:\/\/www.facebook.com\/SonoraEE\/","https:\/\/x.com\/sonoraenequipo","https:\/\/www.youtube.com\/channel\/UC338nW-lPEYmJQs4ZABQ1SQ"]},{"@type":"Person","@id":"https:\/\/www.sonoraenequipo.com.mx\/#\/schema\/person\/50102df0fb23a8fa9e8effad8fa81386","name":"enequipo","image":{"@type":"ImageObject","inLanguage":"es","@id":"https:\/\/www.sonoraenequipo.com.mx\/#\/schema\/person\/image\/","url":"https:\/\/secure.gravatar.com\/avatar\/049821681b589dabc0bc20695993ccebb09f5b5d4d790cd9251b97faac7c652b?s=96&d=blank&r=g","contentUrl":"https:\/\/secure.gravatar.com\/avatar\/049821681b589dabc0bc20695993ccebb09f5b5d4d790cd9251b97faac7c652b?s=96&d=blank&r=g","caption":"enequipo"},"sameAs":["https:\/\/www.facebook.com\/SonoraEE"]}]}},"jetpack_featured_media_url":"","_links":{"self":[{"href":"https:\/\/www.sonoraenequipo.com.mx\/api\/wp\/v2\/posts\/2958","targetHints":{"allow":["GET"]}}],"collection":[{"href":"https:\/\/www.sonoraenequipo.com.mx\/api\/wp\/v2\/posts"}],"about":[{"href":"https:\/\/www.sonoraenequipo.com.mx\/api\/wp\/v2\/types\/post"}],"author":[{"embeddable":true,"href":"https:\/\/www.sonoraenequipo.com.mx\/api\/wp\/v2\/users\/1"}],"replies":[{"embeddable":true,"href":"https:\/\/www.sonoraenequipo.com.mx\/api\/wp\/v2\/comments?post=2958"}],"version-history":[{"count":0,"href":"https:\/\/www.sonoraenequipo.com.mx\/api\/wp\/v2\/posts\/2958\/revisions"}],"wp:attachment":[{"href":"https:\/\/www.sonoraenequipo.com.mx\/api\/wp\/v2\/media?parent=2958"}],"wp:term":[{"taxonomy":"category","embeddable":true,"href":"https:\/\/www.sonoraenequipo.com.mx\/api\/wp\/v2\/categories?post=2958"},{"taxonomy":"post_tag","embeddable":true,"href":"https:\/\/www.sonoraenequipo.com.mx\/api\/wp\/v2\/tags?post=2958"}],"curies":[{"name":"wp","href":"https:\/\/api.w.org\/{rel}","templated":true}]}}