{"id":2973,"date":"2016-02-05T00:49:23","date_gmt":"2016-02-05T00:49:23","guid":{"rendered":"http:\/\/www.sonoraenequipo.com.mx\/?p=2973"},"modified":"2016-02-07T00:51:28","modified_gmt":"2016-02-07T00:51:28","slug":"acompana-gobernadora-pavlovich-al-presidente-pena-nieto-en-celebracion-de-promulgacion-de-la-constitucion-mexicana","status":"publish","type":"post","link":"https:\/\/www.sonoraenequipo.com.mx\/acompana-gobernadora-pavlovich-al-presidente-pena-nieto-en-celebracion-de-promulgacion-de-la-constitucion-mexicana\/","title":{"rendered":"Acompa\u00f1a Gobernadora Pavlovich al Presidente Pe\u00f1a Nieto en celebraci\u00f3n de Promulgaci\u00f3n de la Constituci\u00f3n Mexicana"},"content":{"rendered":"<p>05022016. QUER\u00c9TARO, QRO.MX.\u2014 La Gobernadora Claudia Pavlovich Arellano, asisti\u00f3 a la ceremonia de XCIX aniversario de la Promulgaci\u00f3n de la Constituci\u00f3n Pol\u00edtica de los Estados Unidos Mexicanos, en el teatro de la Rep\u00fablica de Quer\u00e9taro, evento encabezado por el Presidente Enrique Pe\u00f1a Nieto.<br \/>\nEn el evento participaron Gobernadores, l\u00edderes de las c\u00e1maras de Diputados y Senadores; el Presidente de la Suprema Corte de Justicia de la Naci\u00f3n, Luis Mario Aguilar; Secretarios del gabinete legal y ampliado, l\u00edderes de c\u00e1maras empresariales y de organizaciones de la sociedad civil.<\/p>\n","protected":false},"excerpt":{"rendered":"<p>05022016. QUER\u00c9TARO, QRO.MX.\u2014 La Gobernadora Claudia Pavlovich Arellano, asisti\u00f3 a la ceremonia de XCIX aniversario&#8230;<\/p>\n","protected":false},"author":1,"featured_media":0,"comment_status":"open","ping_status":"open","sticky":false,"template":"","format":"standard","meta":{"_monsterinsights_skip_tracking":false,"_monsterinsights_sitenote_active":false,"_monsterinsights_sitenote_note":"","_monsterinsights_sitenote_category":0,"footnotes":""},"categories":[13,5],"tags":[],"class_list":["post"],"yoast_head":" \n<title>Sonora en Equipo. Acompa\u00f1a Gobernadora Pavlovich al Presidente Pe\u00f1a Nieto en celebraci\u00f3n de Promulgaci\u00f3n de la Constituci\u00f3n Mexicana<\/title>\n<meta name=\"description\" content=\"05022016. QUER\u00c9TARO, QRO.MX.\u2014 La Gobernadora Claudia Pavlovich Arellano, asisti\u00f3 a la ceremonia de XCIX aniversario de la Promulgaci\u00f3n de la Constituci\u00f3n En Sonora en Equipo publicamos toda la informaci\u00f3n de Sonora, M\u00e9xico y el Mundo de manera oportuna y busca que la libertad de expresi\u00f3n sea real. Visita nuestro medio informativo publicado desde Hermosillo, Sonora. %\" \/>\n<meta name=\"robots\" content=\"index, follow, max-snippet:-1, max-image-preview:large, max-video-preview:-1\" \/>\n<link rel=\"canonical\" href=\"https:\/\/www.sonoraenequipo.com.mx\/acompana-gobernadora-pavlovich-al-presidente-pena-nieto-en-celebracion-de-promulgacion-de-la-constitucion-mexicana\/\" \/>\n<meta property=\"og:locale\" content=\"es_ES\" \/>\n<meta property=\"og:type\" content=\"article\" \/>\n<meta property=\"og:title\" content=\"Sonora en Equipo. Acompa\u00f1a Gobernadora Pavlovich al Presidente Pe\u00f1a Nieto en celebraci\u00f3n de Promulgaci\u00f3n de la Constituci\u00f3n Mexicana\" \/>\n<meta property=\"og:description\" content=\"05022016. QUER\u00c9TARO, QRO.MX.\u2014 La Gobernadora Claudia Pavlovich Arellano, asisti\u00f3 a la ceremonia de XCIX aniversario de la Promulgaci\u00f3n de la Constituci\u00f3n En Sonora en Equipo publicamos toda la informaci\u00f3n de Sonora, M\u00e9xico y el Mundo de manera oportuna y busca que la libertad de expresi\u00f3n sea real. Visita nuestro medio informativo publicado desde Hermosillo, Sonora. %\" \/>\n<meta property=\"og:url\" content=\"https:\/\/www.sonoraenequipo.com.mx\/acompana-gobernadora-pavlovich-al-presidente-pena-nieto-en-celebracion-de-promulgacion-de-la-constitucion-mexicana\/\" \/>\n<meta property=\"og:site_name\" content=\"Sonora en Equipo.\" \/>\n<meta property=\"article:publisher\" content=\"https:\/\/www.facebook.com\/SonoraEE\/\" \/>\n<meta property=\"article:author\" content=\"https:\/\/www.facebook.com\/SonoraEE\" \/>\n<meta property=\"article:published_time\" content=\"2016-02-05T00:49:23+00:00\" \/>\n<meta property=\"article:modified_time\" content=\"2016-02-07T00:51:28+00:00\" \/>\n<meta name=\"author\" content=\"enequipo\" \/>\n<meta name=\"twitter:card\" content=\"summary_large_image\" \/>\n<meta name=\"twitter:creator\" content=\"@sonoraenequipo\" \/>\n<meta name=\"twitter:site\" content=\"@sonoraenequipo\" \/>\n<meta name=\"twitter:label1\" content=\"Escrito por\" \/>\n\t<meta name=\"twitter:data1\" content=\"enequipo\" \/>\n<script type=\"application\/ld+json\" class=\"yoast-schema-graph\">{\"@context\":\"https:\/\/schema.org\",\"@graph\":[{\"@type\":\"Article\",\"@id\":\"https:\/\/www.sonoraenequipo.com.mx\/acompana-gobernadora-pavlovich-al-presidente-pena-nieto-en-celebracion-de-promulgacion-de-la-constitucion-mexicana\/#article\",\"isPartOf\":{\"@id\":\"https:\/\/www.sonoraenequipo.com.mx\/acompana-gobernadora-pavlovich-al-presidente-pena-nieto-en-celebracion-de-promulgacion-de-la-constitucion-mexicana\/\"},\"author\":{\"name\":\"enequipo\",\"@id\":\"https:\/\/www.sonoraenequipo.com.mx\/#\/schema\/person\/50102df0fb23a8fa9e8effad8fa81386\"},\"headline\":\"Acompa\u00f1a Gobernadora Pavlovich al Presidente Pe\u00f1a Nieto en celebraci\u00f3n de Promulgaci\u00f3n de la Constituci\u00f3n Mexicana\",\"datePublished\":\"2016-02-05T00:49:23+00:00\",\"dateModified\":\"2016-02-07T00:51:28+00:00\",\"mainEntityOfPage\":{\"@id\":\"https:\/\/www.sonoraenequipo.com.mx\/acompana-gobernadora-pavlovich-al-presidente-pena-nieto-en-celebracion-de-promulgacion-de-la-constitucion-mexicana\/\"},\"wordCount\":119,\"commentCount\":0,\"publisher\":{\"@id\":\"https:\/\/www.sonoraenequipo.com.mx\/#organization\"},\"articleSection\":[\"Destacadas\",\"Rep\u00fablica\"],\"inLanguage\":\"es\",\"potentialAction\":[{\"@type\":\"CommentAction\",\"name\":\"Comment\",\"target\":[\"https:\/\/www.sonoraenequipo.com.mx\/acompana-gobernadora-pavlovich-al-presidente-pena-nieto-en-celebracion-de-promulgacion-de-la-constitucion-mexicana\/#respond\"]}]},{\"@type\":\"WebPage\",\"@id\":\"https:\/\/www.sonoraenequipo.com.mx\/acompana-gobernadora-pavlovich-al-presidente-pena-nieto-en-celebracion-de-promulgacion-de-la-constitucion-mexicana\/\",\"url\":\"https:\/\/www.sonoraenequipo.com.mx\/acompana-gobernadora-pavlovich-al-presidente-pena-nieto-en-celebracion-de-promulgacion-de-la-constitucion-mexicana\/\",\"name\":\"Sonora en Equipo. Acompa\u00f1a Gobernadora Pavlovich al Presidente Pe\u00f1a Nieto en celebraci\u00f3n de Promulgaci\u00f3n de la Constituci\u00f3n Mexicana\",\"isPartOf\":{\"@id\":\"https:\/\/www.sonoraenequipo.com.mx\/#website\"},\"datePublished\":\"2016-02-05T00:49:23+00:00\",\"dateModified\":\"2016-02-07T00:51:28+00:00\",\"description\":\"05022016. QUER\u00c9TARO, QRO.MX.\u2014 La Gobernadora Claudia Pavlovich Arellano, asisti\u00f3 a la ceremonia de XCIX aniversario de la Promulgaci\u00f3n de la Constituci\u00f3n En Sonora en Equipo publicamos toda la informaci\u00f3n de Sonora, M\u00e9xico y el Mundo de manera oportuna y busca que la libertad de expresi\u00f3n sea real. Visita nuestro medio informativo publicado desde Hermosillo, Sonora. %\",\"breadcrumb\":{\"@id\":\"https:\/\/www.sonoraenequipo.com.mx\/acompana-gobernadora-pavlovich-al-presidente-pena-nieto-en-celebracion-de-promulgacion-de-la-constitucion-mexicana\/#breadcrumb\"},\"inLanguage\":\"es\",\"potentialAction\":[{\"@type\":\"ReadAction\",\"target\":[\"https:\/\/www.sonoraenequipo.com.mx\/acompana-gobernadora-pavlovich-al-presidente-pena-nieto-en-celebracion-de-promulgacion-de-la-constitucion-mexicana\/\"]}]},{\"@type\":\"BreadcrumbList\",\"@id\":\"https:\/\/www.sonoraenequipo.com.mx\/acompana-gobernadora-pavlovich-al-presidente-pena-nieto-en-celebracion-de-promulgacion-de-la-constitucion-mexicana\/#breadcrumb\",\"itemListElement\":[{\"@type\":\"ListItem\",\"position\":1,\"name\":\"Portada\",\"item\":\"https:\/\/www.sonoraenequipo.com.mx\/\"},{\"@type\":\"ListItem\",\"position\":2,\"name\":\"Acompa\u00f1a Gobernadora Pavlovich al Presidente Pe\u00f1a Nieto en celebraci\u00f3n de Promulgaci\u00f3n de la Constituci\u00f3n Mexicana\"}]},{\"@type\":\"WebSite\",\"@id\":\"https:\/\/www.sonoraenequipo.com.mx\/#website\",\"url\":\"https:\/\/www.sonoraenequipo.com.mx\/\",\"name\":\"Sonora en Equipo.\",\"description\":\"Diario en l\u00ednea con Noticias desde Hermosillo, Sonora\",\"publisher\":{\"@id\":\"https:\/\/www.sonoraenequipo.com.mx\/#organization\"},\"potentialAction\":[{\"@type\":\"SearchAction\",\"target\":{\"@type\":\"EntryPoint\",\"urlTemplate\":\"https:\/\/www.sonoraenequipo.com.mx\/?s={search_term_string}\"},\"query-input\":{\"@type\":\"PropertyValueSpecification\",\"valueRequired\":true,\"valueName\":\"search_term_string\"}}],\"inLanguage\":\"es\"},{\"@type\":\"Organization\",\"@id\":\"https:\/\/www.sonoraenequipo.com.mx\/#organization\",\"name\":\"Sonoraenequipo.com.mx\",\"url\":\"https:\/\/www.sonoraenequipo.com.mx\/\",\"logo\":{\"@type\":\"ImageObject\",\"inLanguage\":\"es\",\"@id\":\"https:\/\/www.sonoraenequipo.com.mx\/#\/schema\/logo\/image\/\",\"url\":\"https:\/\/www.sonoraenequipo.com.mx\/storage\/2019\/01\/sonoraenequipo_opt.png\",\"contentUrl\":\"https:\/\/www.sonoraenequipo.com.mx\/storage\/2019\/01\/sonoraenequipo_opt.png\",\"width\":375,\"height\":125,\"caption\":\"Sonoraenequipo.com.mx\"},\"image\":{\"@id\":\"https:\/\/www.sonoraenequipo.com.mx\/#\/schema\/logo\/image\/\"},\"sameAs\":[\"https:\/\/www.facebook.com\/SonoraEE\/\",\"https:\/\/x.com\/sonoraenequipo\",\"https:\/\/www.youtube.com\/channel\/UC338nW-lPEYmJQs4ZABQ1SQ\"]},{\"@type\":\"Person\",\"@id\":\"https:\/\/www.sonoraenequipo.com.mx\/#\/schema\/person\/50102df0fb23a8fa9e8effad8fa81386\",\"name\":\"enequipo\",\"image\":{\"@type\":\"ImageObject\",\"inLanguage\":\"es\",\"@id\":\"https:\/\/www.sonoraenequipo.com.mx\/#\/schema\/person\/image\/\",\"url\":\"https:\/\/secure.gravatar.com\/avatar\/049821681b589dabc0bc20695993ccebb09f5b5d4d790cd9251b97faac7c652b?s=96&d=blank&r=g\",\"contentUrl\":\"https:\/\/secure.gravatar.com\/avatar\/049821681b589dabc0bc20695993ccebb09f5b5d4d790cd9251b97faac7c652b?s=96&d=blank&r=g\",\"caption\":\"enequipo\"},\"sameAs\":[\"https:\/\/www.facebook.com\/SonoraEE\"]}]}<\/script>\n ","yoast_head_json":{"title":"Sonora en Equipo. Acompa\u00f1a Gobernadora Pavlovich al Presidente Pe\u00f1a Nieto en celebraci\u00f3n de Promulgaci\u00f3n de la Constituci\u00f3n Mexicana","description":"05022016. QUER\u00c9TARO, QRO.MX.\u2014 La Gobernadora Claudia Pavlovich Arellano, asisti\u00f3 a la ceremonia de XCIX aniversario de la Promulgaci\u00f3n de la Constituci\u00f3n En Sonora en Equipo publicamos toda la informaci\u00f3n de Sonora, M\u00e9xico y el Mundo de manera oportuna y busca que la libertad de expresi\u00f3n sea real. Visita nuestro medio informativo publicado desde Hermosillo, Sonora. %","robots":{"index":"index","follow":"follow","max-snippet":"max-snippet:-1","max-image-preview":"max-image-preview:large","max-video-preview":"max-video-preview:-1"},"canonical":"https:\/\/www.sonoraenequipo.com.mx\/acompana-gobernadora-pavlovich-al-presidente-pena-nieto-en-celebracion-de-promulgacion-de-la-constitucion-mexicana\/","og_locale":"es_ES","og_type":"article","og_title":"Sonora en Equipo. Acompa\u00f1a Gobernadora Pavlovich al Presidente Pe\u00f1a Nieto en celebraci\u00f3n de Promulgaci\u00f3n de la Constituci\u00f3n Mexicana","og_description":"05022016. QUER\u00c9TARO, QRO.MX.\u2014 La Gobernadora Claudia Pavlovich Arellano, asisti\u00f3 a la ceremonia de XCIX aniversario de la Promulgaci\u00f3n de la Constituci\u00f3n En Sonora en Equipo publicamos toda la informaci\u00f3n de Sonora, M\u00e9xico y el Mundo de manera oportuna y busca que la libertad de expresi\u00f3n sea real. Visita nuestro medio informativo publicado desde Hermosillo, Sonora. %","og_url":"https:\/\/www.sonoraenequipo.com.mx\/acompana-gobernadora-pavlovich-al-presidente-pena-nieto-en-celebracion-de-promulgacion-de-la-constitucion-mexicana\/","og_site_name":"Sonora en Equipo.","article_publisher":"https:\/\/www.facebook.com\/SonoraEE\/","article_author":"https:\/\/www.facebook.com\/SonoraEE","article_published_time":"2016-02-05T00:49:23+00:00","article_modified_time":"2016-02-07T00:51:28+00:00","author":"enequipo","twitter_card":"summary_large_image","twitter_creator":"@sonoraenequipo","twitter_site":"@sonoraenequipo","twitter_misc":{"Escrito por":"enequipo"},"schema":{"@context":"https:\/\/schema.org","@graph":[{"@type":"Article","@id":"https:\/\/www.sonoraenequipo.com.mx\/acompana-gobernadora-pavlovich-al-presidente-pena-nieto-en-celebracion-de-promulgacion-de-la-constitucion-mexicana\/#article","isPartOf":{"@id":"https:\/\/www.sonoraenequipo.com.mx\/acompana-gobernadora-pavlovich-al-presidente-pena-nieto-en-celebracion-de-promulgacion-de-la-constitucion-mexicana\/"},"author":{"name":"enequipo","@id":"https:\/\/www.sonoraenequipo.com.mx\/#\/schema\/person\/50102df0fb23a8fa9e8effad8fa81386"},"headline":"Acompa\u00f1a Gobernadora Pavlovich al Presidente Pe\u00f1a Nieto en celebraci\u00f3n de Promulgaci\u00f3n de la Constituci\u00f3n Mexicana","datePublished":"2016-02-05T00:49:23+00:00","dateModified":"2016-02-07T00:51:28+00:00","mainEntityOfPage":{"@id":"https:\/\/www.sonoraenequipo.com.mx\/acompana-gobernadora-pavlovich-al-presidente-pena-nieto-en-celebracion-de-promulgacion-de-la-constitucion-mexicana\/"},"wordCount":119,"commentCount":0,"publisher":{"@id":"https:\/\/www.sonoraenequipo.com.mx\/#organization"},"articleSection":["Destacadas","Rep\u00fablica"],"inLanguage":"es","potentialAction":[{"@type":"CommentAction","name":"Comment","target":["https:\/\/www.sonoraenequipo.com.mx\/acompana-gobernadora-pavlovich-al-presidente-pena-nieto-en-celebracion-de-promulgacion-de-la-constitucion-mexicana\/#respond"]}]},{"@type":"WebPage","@id":"https:\/\/www.sonoraenequipo.com.mx\/acompana-gobernadora-pavlovich-al-presidente-pena-nieto-en-celebracion-de-promulgacion-de-la-constitucion-mexicana\/","url":"https:\/\/www.sonoraenequipo.com.mx\/acompana-gobernadora-pavlovich-al-presidente-pena-nieto-en-celebracion-de-promulgacion-de-la-constitucion-mexicana\/","name":"Sonora en Equipo. Acompa\u00f1a Gobernadora Pavlovich al Presidente Pe\u00f1a Nieto en celebraci\u00f3n de Promulgaci\u00f3n de la Constituci\u00f3n Mexicana","isPartOf":{"@id":"https:\/\/www.sonoraenequipo.com.mx\/#website"},"datePublished":"2016-02-05T00:49:23+00:00","dateModified":"2016-02-07T00:51:28+00:00","description":"05022016. QUER\u00c9TARO, QRO.MX.\u2014 La Gobernadora Claudia Pavlovich Arellano, asisti\u00f3 a la ceremonia de XCIX aniversario de la Promulgaci\u00f3n de la Constituci\u00f3n En Sonora en Equipo publicamos toda la informaci\u00f3n de Sonora, M\u00e9xico y el Mundo de manera oportuna y busca que la libertad de expresi\u00f3n sea real. Visita nuestro medio informativo publicado desde Hermosillo, Sonora. %","breadcrumb":{"@id":"https:\/\/www.sonoraenequipo.com.mx\/acompana-gobernadora-pavlovich-al-presidente-pena-nieto-en-celebracion-de-promulgacion-de-la-constitucion-mexicana\/#breadcrumb"},"inLanguage":"es","potentialAction":[{"@type":"ReadAction","target":["https:\/\/www.sonoraenequipo.com.mx\/acompana-gobernadora-pavlovich-al-presidente-pena-nieto-en-celebracion-de-promulgacion-de-la-constitucion-mexicana\/"]}]},{"@type":"BreadcrumbList","@id":"https:\/\/www.sonoraenequipo.com.mx\/acompana-gobernadora-pavlovich-al-presidente-pena-nieto-en-celebracion-de-promulgacion-de-la-constitucion-mexicana\/#breadcrumb","itemListElement":[{"@type":"ListItem","position":1,"name":"Portada","item":"https:\/\/www.sonoraenequipo.com.mx\/"},{"@type":"ListItem","position":2,"name":"Acompa\u00f1a Gobernadora Pavlovich al Presidente Pe\u00f1a Nieto en celebraci\u00f3n de Promulgaci\u00f3n de la Constituci\u00f3n Mexicana"}]},{"@type":"WebSite","@id":"https:\/\/www.sonoraenequipo.com.mx\/#website","url":"https:\/\/www.sonoraenequipo.com.mx\/","name":"Sonora en Equipo.","description":"Diario en l\u00ednea con Noticias desde Hermosillo, Sonora","publisher":{"@id":"https:\/\/www.sonoraenequipo.com.mx\/#organization"},"potentialAction":[{"@type":"SearchAction","target":{"@type":"EntryPoint","urlTemplate":"https:\/\/www.sonoraenequipo.com.mx\/?s={search_term_string}"},"query-input":{"@type":"PropertyValueSpecification","valueRequired":true,"valueName":"search_term_string"}}],"inLanguage":"es"},{"@type":"Organization","@id":"https:\/\/www.sonoraenequipo.com.mx\/#organization","name":"Sonoraenequipo.com.mx","url":"https:\/\/www.sonoraenequipo.com.mx\/","logo":{"@type":"ImageObject","inLanguage":"es","@id":"https:\/\/www.sonoraenequipo.com.mx\/#\/schema\/logo\/image\/","url":"https:\/\/www.sonoraenequipo.com.mx\/storage\/2019\/01\/sonoraenequipo_opt.png","contentUrl":"https:\/\/www.sonoraenequipo.com.mx\/storage\/2019\/01\/sonoraenequipo_opt.png","width":375,"height":125,"caption":"Sonoraenequipo.com.mx"},"image":{"@id":"https:\/\/www.sonoraenequipo.com.mx\/#\/schema\/logo\/image\/"},"sameAs":["https:\/\/www.facebook.com\/SonoraEE\/","https:\/\/x.com\/sonoraenequipo","https:\/\/www.youtube.com\/channel\/UC338nW-lPEYmJQs4ZABQ1SQ"]},{"@type":"Person","@id":"https:\/\/www.sonoraenequipo.com.mx\/#\/schema\/person\/50102df0fb23a8fa9e8effad8fa81386","name":"enequipo","image":{"@type":"ImageObject","inLanguage":"es","@id":"https:\/\/www.sonoraenequipo.com.mx\/#\/schema\/person\/image\/","url":"https:\/\/secure.gravatar.com\/avatar\/049821681b589dabc0bc20695993ccebb09f5b5d4d790cd9251b97faac7c652b?s=96&d=blank&r=g","contentUrl":"https:\/\/secure.gravatar.com\/avatar\/049821681b589dabc0bc20695993ccebb09f5b5d4d790cd9251b97faac7c652b?s=96&d=blank&r=g","caption":"enequipo"},"sameAs":["https:\/\/www.facebook.com\/SonoraEE"]}]}},"jetpack_featured_media_url":"","_links":{"self":[{"href":"https:\/\/www.sonoraenequipo.com.mx\/api\/wp\/v2\/posts\/2973","targetHints":{"allow":["GET"]}}],"collection":[{"href":"https:\/\/www.sonoraenequipo.com.mx\/api\/wp\/v2\/posts"}],"about":[{"href":"https:\/\/www.sonoraenequipo.com.mx\/api\/wp\/v2\/types\/post"}],"author":[{"embeddable":true,"href":"https:\/\/www.sonoraenequipo.com.mx\/api\/wp\/v2\/users\/1"}],"replies":[{"embeddable":true,"href":"https:\/\/www.sonoraenequipo.com.mx\/api\/wp\/v2\/comments?post=2973"}],"version-history":[{"count":0,"href":"https:\/\/www.sonoraenequipo.com.mx\/api\/wp\/v2\/posts\/2973\/revisions"}],"wp:attachment":[{"href":"https:\/\/www.sonoraenequipo.com.mx\/api\/wp\/v2\/media?parent=2973"}],"wp:term":[{"taxonomy":"category","embeddable":true,"href":"https:\/\/www.sonoraenequipo.com.mx\/api\/wp\/v2\/categories?post=2973"},{"taxonomy":"post_tag","embeddable":true,"href":"https:\/\/www.sonoraenequipo.com.mx\/api\/wp\/v2\/tags?post=2973"}],"curies":[{"name":"wp","href":"https:\/\/api.w.org\/{rel}","templated":true}]}}