{"id":2976,"date":"2016-02-05T00:51:52","date_gmt":"2016-02-05T00:51:52","guid":{"rendered":"http:\/\/www.sonoraenequipo.com.mx\/?p=2976"},"modified":"2016-02-07T00:56:36","modified_gmt":"2016-02-07T00:56:36","slug":"culmina-cumple-con-hechos-en-tu-colonia-en-las-minitas","status":"publish","type":"post","link":"https:\/\/www.sonoraenequipo.com.mx\/culmina-cumple-con-hechos-en-tu-colonia-en-las-minitas\/","title":{"rendered":"Culmina \u201cCumple con Hechos en tu Colonia\u201d en Las Minitas"},"content":{"rendered":"<p>05022016. HERMOSILLO, SONORA.MX.\u2014 A trav\u00e9s de la jornada de servicios y atenci\u00f3n integral \u201cCumpliendo con Hechos en tu Colonia\u201d, en el sector de Las Minitas, el Ayuntamiento de Hermosillo retir\u00f3 cerca de mil toneladas de desechos, clausur\u00f3 4 basureros clandestinos de esta colonia y asentamientos aleda\u00f1os, mejor\u00f3 la imagen urbana y la se\u00f1alizaci\u00f3n de cruceros vialidades. <br \/>\nCon la representaci\u00f3n del Presidente Municipal, Manuel Ignacio Maloro Acosta Guti\u00e9rrez, el Secretario del Ayuntamiento, Jos\u00e9 Andr\u00e9s Suilo Orozco y la S\u00edndico, Angelina Mu\u00f1oz Fern\u00e1ndez, encabezaron el cierre de una semana de actividades de mejora de la imagen urbana que impact\u00f3, para bien, el entorno de 15 colonias de la zona poniente de la ciudad.<\/p>\n<p>Junto con los titulares de todas las dependencias municipales, ambos funcionarios colocaron ante el personal directivo, docentes alumnos y padres de familia de la primaria Nueva Creaci\u00f3n, en la Colonia Real del Carmen, la paleta de Hermosillo Limpio, en la que se advierte la sanci\u00f3n para quienes tiren basura en las cercan\u00edas del plantel.<\/p>\n<p>En ese lugar, y atendiendo una a\u00f1eja demanda, trabajadores de Servicios P\u00fablicos Municipales, Agua de Hermosillo, CIDUE y Alumbrado P\u00fablico resolvieron un grave problema de concentraci\u00f3n de aguas negras y acumulaci\u00f3n de basura que representaban no s\u00f3lo una mala imagen del sector, sino tambi\u00e9n un riesgo sanitario latente.<\/p>\n<p>El Secretario del Ayuntamiento revel\u00f3 que entre las acciones m\u00e1s representativas realizadas en Las Minitas y colonias aleda\u00f1as, se cuentan acciones de bacheo, la limpieza y clausura de 4 basureros clandestino y el retiro de m\u00e1s de mil toneladas de toda clase de desechos, que ya no afectar\u00e1n el entorno y la salud de los hermosillenses.<\/p>\n<p>Pidi\u00f3 a los beneficiados del programa \u00abCumple con Hechos en tu Colonia\u00bb que inici\u00f3 hace dos semanas en la colonia G\u00f3mez Mor\u00edn, que colaboren con el esfuerzo del Gobierno Municipal manteniendo de manera permanente su entorno libre de basura.<\/p>\n<p>Servidores p\u00fablicos y vecinos atestiguaron tambi\u00e9n el cambio en la calle Francisco C\u00e1\u00f1ez, la cual dej\u00f3 de ser una laguna enmontada y recuper\u00f3 su funci\u00f3n como vialidad, mientras que los terrenos contiguos recibieron una limpieza que los habitantes del sector agradecieron porque se trataba de espacios donde la maleza favorec\u00eda la actividad de asaltantes.<\/p>\n<p>El cierre de la jornada de acciones del \u00abCumple con Hechos en tu Colonia\u00bb se realiz\u00f3 en el Centro H\u00e1bitat Las Minitas, donde miles de personas tuvieron acceso a pr\u00e1cticamente todos los servicios que ofrecen las dependencias del Gobierno Municipal y disfrutaron de actividades deportivas y variedades art\u00edsticas.<\/p>\n<p>Los funcionarios de las distintas dependencias, regidores y la diputada local, Kity Guti\u00e9rrez Maz\u00f3n, se reunieron con los integrantes del Comit\u00e9 de Participaci\u00f3n Social (Compas) de la colonia para evaluar el trabajo realizado durante una semana, el cual incluy\u00f3 desmonte y limpieza de espacios p\u00fablicos, se\u00f1alizaci\u00f3n, mantenimiento de calles de terracer\u00eda, reparaci\u00f3n de fugas de agua y drenaje y atenci\u00f3n a mascotas.<\/p>\n","protected":false},"excerpt":{"rendered":"<p>05022016. HERMOSILLO, SONORA.MX.\u2014 A trav\u00e9s de la jornada de servicios y atenci\u00f3n integral \u201cCumpliendo con&#8230;<\/p>\n","protected":false},"author":1,"featured_media":2977,"comment_status":"open","ping_status":"open","sticky":false,"template":"","format":"standard","meta":{"_monsterinsights_skip_tracking":false,"_monsterinsights_sitenote_active":false,"_monsterinsights_sitenote_note":"","_monsterinsights_sitenote_category":0,"footnotes":""},"categories":[13,4],"tags":[],"class_list":["post"],"yoast_head":" \n<title>Sonora en Equipo. Culmina \u201cCumple con Hechos en tu Colonia\u201d en Las Minitas<\/title>\n<meta name=\"description\" content=\"05022016. HERMOSILLO, SONORA.MX.\u2014 A trav\u00e9s de la jornada de servicios y atenci\u00f3n integral \u201cCumpliendo con Hechos en tu Colonia\u201d, en el sector de Las En Sonora en Equipo publicamos toda la informaci\u00f3n de Sonora, M\u00e9xico y el Mundo de manera oportuna y busca que la libertad de expresi\u00f3n sea real. Visita nuestro medio informativo publicado desde Hermosillo, Sonora. %\" \/>\n<meta name=\"robots\" content=\"index, follow, max-snippet:-1, max-image-preview:large, max-video-preview:-1\" \/>\n<link rel=\"canonical\" href=\"https:\/\/www.sonoraenequipo.com.mx\/culmina-cumple-con-hechos-en-tu-colonia-en-las-minitas\/\" \/>\n<meta property=\"og:locale\" content=\"es_ES\" \/>\n<meta property=\"og:type\" content=\"article\" \/>\n<meta property=\"og:title\" content=\"Sonora en Equipo. Culmina \u201cCumple con Hechos en tu Colonia\u201d en Las Minitas\" \/>\n<meta property=\"og:description\" content=\"05022016. HERMOSILLO, SONORA.MX.\u2014 A trav\u00e9s de la jornada de servicios y atenci\u00f3n integral \u201cCumpliendo con Hechos en tu Colonia\u201d, en el sector de Las En Sonora en Equipo publicamos toda la informaci\u00f3n de Sonora, M\u00e9xico y el Mundo de manera oportuna y busca que la libertad de expresi\u00f3n sea real. Visita nuestro medio informativo publicado desde Hermosillo, Sonora. %\" \/>\n<meta property=\"og:url\" content=\"https:\/\/www.sonoraenequipo.com.mx\/culmina-cumple-con-hechos-en-tu-colonia-en-las-minitas\/\" \/>\n<meta property=\"og:site_name\" content=\"Sonora en Equipo.\" \/>\n<meta property=\"article:publisher\" content=\"https:\/\/www.facebook.com\/SonoraEE\/\" \/>\n<meta property=\"article:author\" content=\"https:\/\/www.facebook.com\/SonoraEE\" \/>\n<meta property=\"article:published_time\" content=\"2016-02-05T00:51:52+00:00\" \/>\n<meta property=\"article:modified_time\" content=\"2016-02-07T00:56:36+00:00\" \/>\n<meta property=\"og:image\" content=\"https:\/\/www.sonoraenequipo.com.mx\/storage\/2016\/02\/malorocolo_opt.jpg\" \/>\n\t<meta property=\"og:image:width\" content=\"368\" \/>\n\t<meta property=\"og:image:height\" content=\"262\" \/>\n\t<meta property=\"og:image:type\" content=\"image\/jpeg\" \/>\n<meta name=\"author\" content=\"enequipo\" \/>\n<meta name=\"twitter:card\" content=\"summary_large_image\" \/>\n<meta name=\"twitter:creator\" content=\"@sonoraenequipo\" \/>\n<meta name=\"twitter:site\" content=\"@sonoraenequipo\" \/>\n<meta name=\"twitter:label1\" content=\"Escrito por\" \/>\n\t<meta name=\"twitter:data1\" content=\"enequipo\" \/>\n\t<meta name=\"twitter:label2\" content=\"Tiempo de lectura\" \/>\n\t<meta name=\"twitter:data2\" content=\"3 minutos\" \/>\n<script type=\"application\/ld+json\" class=\"yoast-schema-graph\">{\"@context\":\"https:\/\/schema.org\",\"@graph\":[{\"@type\":\"Article\",\"@id\":\"https:\/\/www.sonoraenequipo.com.mx\/culmina-cumple-con-hechos-en-tu-colonia-en-las-minitas\/#article\",\"isPartOf\":{\"@id\":\"https:\/\/www.sonoraenequipo.com.mx\/culmina-cumple-con-hechos-en-tu-colonia-en-las-minitas\/\"},\"author\":{\"name\":\"enequipo\",\"@id\":\"https:\/\/www.sonoraenequipo.com.mx\/#\/schema\/person\/50102df0fb23a8fa9e8effad8fa81386\"},\"headline\":\"Culmina \u201cCumple con Hechos en tu Colonia\u201d en Las Minitas\",\"datePublished\":\"2016-02-05T00:51:52+00:00\",\"dateModified\":\"2016-02-07T00:56:36+00:00\",\"mainEntityOfPage\":{\"@id\":\"https:\/\/www.sonoraenequipo.com.mx\/culmina-cumple-con-hechos-en-tu-colonia-en-las-minitas\/\"},\"wordCount\":523,\"commentCount\":0,\"publisher\":{\"@id\":\"https:\/\/www.sonoraenequipo.com.mx\/#organization\"},\"image\":{\"@id\":\"https:\/\/www.sonoraenequipo.com.mx\/culmina-cumple-con-hechos-en-tu-colonia-en-las-minitas\/#primaryimage\"},\"thumbnailUrl\":\"https:\/\/www.sonoraenequipo.com.mx\/storage\/2016\/02\/malorocolo_opt.jpg\",\"articleSection\":[\"Destacadas\",\"Municipios\"],\"inLanguage\":\"es\",\"potentialAction\":[{\"@type\":\"CommentAction\",\"name\":\"Comment\",\"target\":[\"https:\/\/www.sonoraenequipo.com.mx\/culmina-cumple-con-hechos-en-tu-colonia-en-las-minitas\/#respond\"]}]},{\"@type\":\"WebPage\",\"@id\":\"https:\/\/www.sonoraenequipo.com.mx\/culmina-cumple-con-hechos-en-tu-colonia-en-las-minitas\/\",\"url\":\"https:\/\/www.sonoraenequipo.com.mx\/culmina-cumple-con-hechos-en-tu-colonia-en-las-minitas\/\",\"name\":\"Sonora en Equipo. Culmina \u201cCumple con Hechos en tu Colonia\u201d en Las Minitas\",\"isPartOf\":{\"@id\":\"https:\/\/www.sonoraenequipo.com.mx\/#website\"},\"primaryImageOfPage\":{\"@id\":\"https:\/\/www.sonoraenequipo.com.mx\/culmina-cumple-con-hechos-en-tu-colonia-en-las-minitas\/#primaryimage\"},\"image\":{\"@id\":\"https:\/\/www.sonoraenequipo.com.mx\/culmina-cumple-con-hechos-en-tu-colonia-en-las-minitas\/#primaryimage\"},\"thumbnailUrl\":\"https:\/\/www.sonoraenequipo.com.mx\/storage\/2016\/02\/malorocolo_opt.jpg\",\"datePublished\":\"2016-02-05T00:51:52+00:00\",\"dateModified\":\"2016-02-07T00:56:36+00:00\",\"description\":\"05022016. HERMOSILLO, SONORA.MX.\u2014 A trav\u00e9s de la jornada de servicios y atenci\u00f3n integral \u201cCumpliendo con Hechos en tu Colonia\u201d, en el sector de Las En Sonora en Equipo publicamos toda la informaci\u00f3n de Sonora, M\u00e9xico y el Mundo de manera oportuna y busca que la libertad de expresi\u00f3n sea real. Visita nuestro medio informativo publicado desde Hermosillo, Sonora. %\",\"breadcrumb\":{\"@id\":\"https:\/\/www.sonoraenequipo.com.mx\/culmina-cumple-con-hechos-en-tu-colonia-en-las-minitas\/#breadcrumb\"},\"inLanguage\":\"es\",\"potentialAction\":[{\"@type\":\"ReadAction\",\"target\":[\"https:\/\/www.sonoraenequipo.com.mx\/culmina-cumple-con-hechos-en-tu-colonia-en-las-minitas\/\"]}]},{\"@type\":\"ImageObject\",\"inLanguage\":\"es\",\"@id\":\"https:\/\/www.sonoraenequipo.com.mx\/culmina-cumple-con-hechos-en-tu-colonia-en-las-minitas\/#primaryimage\",\"url\":\"https:\/\/www.sonoraenequipo.com.mx\/storage\/2016\/02\/malorocolo_opt.jpg\",\"contentUrl\":\"https:\/\/www.sonoraenequipo.com.mx\/storage\/2016\/02\/malorocolo_opt.jpg\",\"width\":368,\"height\":262},{\"@type\":\"BreadcrumbList\",\"@id\":\"https:\/\/www.sonoraenequipo.com.mx\/culmina-cumple-con-hechos-en-tu-colonia-en-las-minitas\/#breadcrumb\",\"itemListElement\":[{\"@type\":\"ListItem\",\"position\":1,\"name\":\"Portada\",\"item\":\"https:\/\/www.sonoraenequipo.com.mx\/\"},{\"@type\":\"ListItem\",\"position\":2,\"name\":\"Culmina \u201cCumple con Hechos en tu Colonia\u201d en Las Minitas\"}]},{\"@type\":\"WebSite\",\"@id\":\"https:\/\/www.sonoraenequipo.com.mx\/#website\",\"url\":\"https:\/\/www.sonoraenequipo.com.mx\/\",\"name\":\"Sonora en Equipo.\",\"description\":\"Diario en l\u00ednea con Noticias desde Hermosillo, Sonora\",\"publisher\":{\"@id\":\"https:\/\/www.sonoraenequipo.com.mx\/#organization\"},\"potentialAction\":[{\"@type\":\"SearchAction\",\"target\":{\"@type\":\"EntryPoint\",\"urlTemplate\":\"https:\/\/www.sonoraenequipo.com.mx\/?s={search_term_string}\"},\"query-input\":{\"@type\":\"PropertyValueSpecification\",\"valueRequired\":true,\"valueName\":\"search_term_string\"}}],\"inLanguage\":\"es\"},{\"@type\":\"Organization\",\"@id\":\"https:\/\/www.sonoraenequipo.com.mx\/#organization\",\"name\":\"Sonoraenequipo.com.mx\",\"url\":\"https:\/\/www.sonoraenequipo.com.mx\/\",\"logo\":{\"@type\":\"ImageObject\",\"inLanguage\":\"es\",\"@id\":\"https:\/\/www.sonoraenequipo.com.mx\/#\/schema\/logo\/image\/\",\"url\":\"https:\/\/www.sonoraenequipo.com.mx\/storage\/2019\/01\/sonoraenequipo_opt.png\",\"contentUrl\":\"https:\/\/www.sonoraenequipo.com.mx\/storage\/2019\/01\/sonoraenequipo_opt.png\",\"width\":375,\"height\":125,\"caption\":\"Sonoraenequipo.com.mx\"},\"image\":{\"@id\":\"https:\/\/www.sonoraenequipo.com.mx\/#\/schema\/logo\/image\/\"},\"sameAs\":[\"https:\/\/www.facebook.com\/SonoraEE\/\",\"https:\/\/x.com\/sonoraenequipo\",\"https:\/\/www.youtube.com\/channel\/UC338nW-lPEYmJQs4ZABQ1SQ\"]},{\"@type\":\"Person\",\"@id\":\"https:\/\/www.sonoraenequipo.com.mx\/#\/schema\/person\/50102df0fb23a8fa9e8effad8fa81386\",\"name\":\"enequipo\",\"image\":{\"@type\":\"ImageObject\",\"inLanguage\":\"es\",\"@id\":\"https:\/\/www.sonoraenequipo.com.mx\/#\/schema\/person\/image\/\",\"url\":\"https:\/\/secure.gravatar.com\/avatar\/049821681b589dabc0bc20695993ccebb09f5b5d4d790cd9251b97faac7c652b?s=96&d=blank&r=g\",\"contentUrl\":\"https:\/\/secure.gravatar.com\/avatar\/049821681b589dabc0bc20695993ccebb09f5b5d4d790cd9251b97faac7c652b?s=96&d=blank&r=g\",\"caption\":\"enequipo\"},\"sameAs\":[\"https:\/\/www.facebook.com\/SonoraEE\"]}]}<\/script>\n ","yoast_head_json":{"title":"Sonora en Equipo. Culmina \u201cCumple con Hechos en tu Colonia\u201d en Las Minitas","description":"05022016. HERMOSILLO, SONORA.MX.\u2014 A trav\u00e9s de la jornada de servicios y atenci\u00f3n integral \u201cCumpliendo con Hechos en tu Colonia\u201d, en el sector de Las En Sonora en Equipo publicamos toda la informaci\u00f3n de Sonora, M\u00e9xico y el Mundo de manera oportuna y busca que la libertad de expresi\u00f3n sea real. Visita nuestro medio informativo publicado desde Hermosillo, Sonora. %","robots":{"index":"index","follow":"follow","max-snippet":"max-snippet:-1","max-image-preview":"max-image-preview:large","max-video-preview":"max-video-preview:-1"},"canonical":"https:\/\/www.sonoraenequipo.com.mx\/culmina-cumple-con-hechos-en-tu-colonia-en-las-minitas\/","og_locale":"es_ES","og_type":"article","og_title":"Sonora en Equipo. Culmina \u201cCumple con Hechos en tu Colonia\u201d en Las Minitas","og_description":"05022016. HERMOSILLO, SONORA.MX.\u2014 A trav\u00e9s de la jornada de servicios y atenci\u00f3n integral \u201cCumpliendo con Hechos en tu Colonia\u201d, en el sector de Las En Sonora en Equipo publicamos toda la informaci\u00f3n de Sonora, M\u00e9xico y el Mundo de manera oportuna y busca que la libertad de expresi\u00f3n sea real. Visita nuestro medio informativo publicado desde Hermosillo, Sonora. %","og_url":"https:\/\/www.sonoraenequipo.com.mx\/culmina-cumple-con-hechos-en-tu-colonia-en-las-minitas\/","og_site_name":"Sonora en Equipo.","article_publisher":"https:\/\/www.facebook.com\/SonoraEE\/","article_author":"https:\/\/www.facebook.com\/SonoraEE","article_published_time":"2016-02-05T00:51:52+00:00","article_modified_time":"2016-02-07T00:56:36+00:00","og_image":[{"width":368,"height":262,"url":"https:\/\/www.sonoraenequipo.com.mx\/storage\/2016\/02\/malorocolo_opt.jpg","type":"image\/jpeg"}],"author":"enequipo","twitter_card":"summary_large_image","twitter_creator":"@sonoraenequipo","twitter_site":"@sonoraenequipo","twitter_misc":{"Escrito por":"enequipo","Tiempo de lectura":"3 minutos"},"schema":{"@context":"https:\/\/schema.org","@graph":[{"@type":"Article","@id":"https:\/\/www.sonoraenequipo.com.mx\/culmina-cumple-con-hechos-en-tu-colonia-en-las-minitas\/#article","isPartOf":{"@id":"https:\/\/www.sonoraenequipo.com.mx\/culmina-cumple-con-hechos-en-tu-colonia-en-las-minitas\/"},"author":{"name":"enequipo","@id":"https:\/\/www.sonoraenequipo.com.mx\/#\/schema\/person\/50102df0fb23a8fa9e8effad8fa81386"},"headline":"Culmina \u201cCumple con Hechos en tu Colonia\u201d en Las Minitas","datePublished":"2016-02-05T00:51:52+00:00","dateModified":"2016-02-07T00:56:36+00:00","mainEntityOfPage":{"@id":"https:\/\/www.sonoraenequipo.com.mx\/culmina-cumple-con-hechos-en-tu-colonia-en-las-minitas\/"},"wordCount":523,"commentCount":0,"publisher":{"@id":"https:\/\/www.sonoraenequipo.com.mx\/#organization"},"image":{"@id":"https:\/\/www.sonoraenequipo.com.mx\/culmina-cumple-con-hechos-en-tu-colonia-en-las-minitas\/#primaryimage"},"thumbnailUrl":"https:\/\/www.sonoraenequipo.com.mx\/storage\/2016\/02\/malorocolo_opt.jpg","articleSection":["Destacadas","Municipios"],"inLanguage":"es","potentialAction":[{"@type":"CommentAction","name":"Comment","target":["https:\/\/www.sonoraenequipo.com.mx\/culmina-cumple-con-hechos-en-tu-colonia-en-las-minitas\/#respond"]}]},{"@type":"WebPage","@id":"https:\/\/www.sonoraenequipo.com.mx\/culmina-cumple-con-hechos-en-tu-colonia-en-las-minitas\/","url":"https:\/\/www.sonoraenequipo.com.mx\/culmina-cumple-con-hechos-en-tu-colonia-en-las-minitas\/","name":"Sonora en Equipo. Culmina \u201cCumple con Hechos en tu Colonia\u201d en Las Minitas","isPartOf":{"@id":"https:\/\/www.sonoraenequipo.com.mx\/#website"},"primaryImageOfPage":{"@id":"https:\/\/www.sonoraenequipo.com.mx\/culmina-cumple-con-hechos-en-tu-colonia-en-las-minitas\/#primaryimage"},"image":{"@id":"https:\/\/www.sonoraenequipo.com.mx\/culmina-cumple-con-hechos-en-tu-colonia-en-las-minitas\/#primaryimage"},"thumbnailUrl":"https:\/\/www.sonoraenequipo.com.mx\/storage\/2016\/02\/malorocolo_opt.jpg","datePublished":"2016-02-05T00:51:52+00:00","dateModified":"2016-02-07T00:56:36+00:00","description":"05022016. HERMOSILLO, SONORA.MX.\u2014 A trav\u00e9s de la jornada de servicios y atenci\u00f3n integral \u201cCumpliendo con Hechos en tu Colonia\u201d, en el sector de Las En Sonora en Equipo publicamos toda la informaci\u00f3n de Sonora, M\u00e9xico y el Mundo de manera oportuna y busca que la libertad de expresi\u00f3n sea real. Visita nuestro medio informativo publicado desde Hermosillo, Sonora. %","breadcrumb":{"@id":"https:\/\/www.sonoraenequipo.com.mx\/culmina-cumple-con-hechos-en-tu-colonia-en-las-minitas\/#breadcrumb"},"inLanguage":"es","potentialAction":[{"@type":"ReadAction","target":["https:\/\/www.sonoraenequipo.com.mx\/culmina-cumple-con-hechos-en-tu-colonia-en-las-minitas\/"]}]},{"@type":"ImageObject","inLanguage":"es","@id":"https:\/\/www.sonoraenequipo.com.mx\/culmina-cumple-con-hechos-en-tu-colonia-en-las-minitas\/#primaryimage","url":"https:\/\/www.sonoraenequipo.com.mx\/storage\/2016\/02\/malorocolo_opt.jpg","contentUrl":"https:\/\/www.sonoraenequipo.com.mx\/storage\/2016\/02\/malorocolo_opt.jpg","width":368,"height":262},{"@type":"BreadcrumbList","@id":"https:\/\/www.sonoraenequipo.com.mx\/culmina-cumple-con-hechos-en-tu-colonia-en-las-minitas\/#breadcrumb","itemListElement":[{"@type":"ListItem","position":1,"name":"Portada","item":"https:\/\/www.sonoraenequipo.com.mx\/"},{"@type":"ListItem","position":2,"name":"Culmina \u201cCumple con Hechos en tu Colonia\u201d en Las Minitas"}]},{"@type":"WebSite","@id":"https:\/\/www.sonoraenequipo.com.mx\/#website","url":"https:\/\/www.sonoraenequipo.com.mx\/","name":"Sonora en Equipo.","description":"Diario en l\u00ednea con Noticias desde Hermosillo, Sonora","publisher":{"@id":"https:\/\/www.sonoraenequipo.com.mx\/#organization"},"potentialAction":[{"@type":"SearchAction","target":{"@type":"EntryPoint","urlTemplate":"https:\/\/www.sonoraenequipo.com.mx\/?s={search_term_string}"},"query-input":{"@type":"PropertyValueSpecification","valueRequired":true,"valueName":"search_term_string"}}],"inLanguage":"es"},{"@type":"Organization","@id":"https:\/\/www.sonoraenequipo.com.mx\/#organization","name":"Sonoraenequipo.com.mx","url":"https:\/\/www.sonoraenequipo.com.mx\/","logo":{"@type":"ImageObject","inLanguage":"es","@id":"https:\/\/www.sonoraenequipo.com.mx\/#\/schema\/logo\/image\/","url":"https:\/\/www.sonoraenequipo.com.mx\/storage\/2019\/01\/sonoraenequipo_opt.png","contentUrl":"https:\/\/www.sonoraenequipo.com.mx\/storage\/2019\/01\/sonoraenequipo_opt.png","width":375,"height":125,"caption":"Sonoraenequipo.com.mx"},"image":{"@id":"https:\/\/www.sonoraenequipo.com.mx\/#\/schema\/logo\/image\/"},"sameAs":["https:\/\/www.facebook.com\/SonoraEE\/","https:\/\/x.com\/sonoraenequipo","https:\/\/www.youtube.com\/channel\/UC338nW-lPEYmJQs4ZABQ1SQ"]},{"@type":"Person","@id":"https:\/\/www.sonoraenequipo.com.mx\/#\/schema\/person\/50102df0fb23a8fa9e8effad8fa81386","name":"enequipo","image":{"@type":"ImageObject","inLanguage":"es","@id":"https:\/\/www.sonoraenequipo.com.mx\/#\/schema\/person\/image\/","url":"https:\/\/secure.gravatar.com\/avatar\/049821681b589dabc0bc20695993ccebb09f5b5d4d790cd9251b97faac7c652b?s=96&d=blank&r=g","contentUrl":"https:\/\/secure.gravatar.com\/avatar\/049821681b589dabc0bc20695993ccebb09f5b5d4d790cd9251b97faac7c652b?s=96&d=blank&r=g","caption":"enequipo"},"sameAs":["https:\/\/www.facebook.com\/SonoraEE"]}]}},"jetpack_featured_media_url":"https:\/\/www.sonoraenequipo.com.mx\/storage\/2016\/02\/malorocolo_opt.jpg","_links":{"self":[{"href":"https:\/\/www.sonoraenequipo.com.mx\/api\/wp\/v2\/posts\/2976","targetHints":{"allow":["GET"]}}],"collection":[{"href":"https:\/\/www.sonoraenequipo.com.mx\/api\/wp\/v2\/posts"}],"about":[{"href":"https:\/\/www.sonoraenequipo.com.mx\/api\/wp\/v2\/types\/post"}],"author":[{"embeddable":true,"href":"https:\/\/www.sonoraenequipo.com.mx\/api\/wp\/v2\/users\/1"}],"replies":[{"embeddable":true,"href":"https:\/\/www.sonoraenequipo.com.mx\/api\/wp\/v2\/comments?post=2976"}],"version-history":[{"count":0,"href":"https:\/\/www.sonoraenequipo.com.mx\/api\/wp\/v2\/posts\/2976\/revisions"}],"wp:featuredmedia":[{"embeddable":true,"href":"https:\/\/www.sonoraenequipo.com.mx\/api\/wp\/v2\/media\/2977"}],"wp:attachment":[{"href":"https:\/\/www.sonoraenequipo.com.mx\/api\/wp\/v2\/media?parent=2976"}],"wp:term":[{"taxonomy":"category","embeddable":true,"href":"https:\/\/www.sonoraenequipo.com.mx\/api\/wp\/v2\/categories?post=2976"},{"taxonomy":"post_tag","embeddable":true,"href":"https:\/\/www.sonoraenequipo.com.mx\/api\/wp\/v2\/tags?post=2976"}],"curies":[{"name":"wp","href":"https:\/\/api.w.org\/{rel}","templated":true}]}}