{"id":2979,"date":"2016-02-05T01:57:26","date_gmt":"2016-02-05T01:57:26","guid":{"rendered":"http:\/\/www.sonoraenequipo.com.mx\/?p=2979"},"modified":"2016-02-07T01:02:20","modified_gmt":"2016-02-07T01:02:20","slug":"integra-pri-en-sonora-su-comite-directivo-estatal-2015-2017","status":"publish","type":"post","link":"https:\/\/www.sonoraenequipo.com.mx\/integra-pri-en-sonora-su-comite-directivo-estatal-2015-2017\/","title":{"rendered":"Integra PRI en Sonora su comit\u00e9 directivo estatal 2015-2017"},"content":{"rendered":"<p>05022016.HERMOSILLO, SONORA.MX.\u2014 Perfiles con experiencia en el servicio p\u00fablico, empresarial, sector social y privado, en docencia y carrera partidista, se integraron al Comit\u00e9 Directivo del PRI en Sonora, que preside Gilberto Guti\u00e9rrez S\u00e1nchez junto a la Secretaria General, Andrea de la Mora Cruz, quienes le tomaron protesta para el periodo 2015-2017, ante la presencia de ex dirigentes del partido estatal y de los ex gobernadores Samuel Oca\u00f1a y Armando L\u00f3pez Nogales. <\/p>\n<p>En la Secretar\u00eda de Operaci\u00f3n Pol\u00edtica se design\u00f3 a Esteban Vanegas Monge, quien fue Presidente del Comit\u00e9 Municipal en Caborca y l\u00edder de Unidad Revolucionaria en ese municipio. A Christian Leyva Figueroa como Secretario de Acci\u00f3n Electoral, con experiencia en campa\u00f1as pol\u00edticas. Labor\u00f3 como jefe de oficina del Coordinador de la bancada priista en la 58 Legislatura en el Congreso del Estado.<\/p>\n<p>En la Secretar\u00eda de Organizaci\u00f3n se nombr\u00f3 a Uriel Silva Bours, ex regidor de Navojoa, empresario, consejero pol\u00edtico municipal y estatal. Como Secretario de Finanzas y Administraci\u00f3n, protest\u00f3 Juan Pablo Cubillas Labor\u00edn con experiencia en planeaci\u00f3n, negocios, docencia. Fue coordinador de J\u00f3venes con EPN en Sonora.<\/p>\n<p>En la Secretar\u00eda de Comunicaci\u00f3n Institucional se hace cargo, Alberto Guti\u00e9rrez Morales, quien fue Director General de radio por internet y revista La Chera. 2005-2007; Director General y concesionario de la estaci\u00f3n de radio XHHLL-FM 90.7. 1990-2005; coordinador del \u00e1rea de relaciones gubernamentales y an\u00e1lisis de contenido (Canal 13) 1983-1984 y Director General Telemax, 1996-1997.<\/p>\n<p>El regidor de Hermosillo Oscar Alberto Cano Jim\u00e9nez, ocupa la Secretar\u00eda de Vinculaci\u00f3n con la Sociedad Civil. El licenciado Ram\u00f3n \u00c1ngel Aguilar Soto es Secretario de Redes Ciudadanas. Fue regidor en Cajeme y Subdirector de Ejecuci\u00f3n Fiscal.<\/p>\n<p>La licenciada Sara Mar\u00eda Camargo Vega, es la Secretaria de Desarrollo Comunitario y fue regidora en Navojoa. La tambi\u00e9n licenciada Lourdes Soria Rivera, quien se desempe\u00f1\u00f3 como regidora en Hermosillo y ex coordinadora de la Cruzada del Hambre en la entidad y subdelegada de Sedesol se hace cargo de la Secretar\u00eda de Acci\u00f3n Ind\u00edgena.<\/p>\n<p>El historiador y cronista de Hermosillo, al navojoense Jos\u00e9 R\u00f3mulo F\u00e9lix Gast\u00e9lum, rindi\u00f3 protesta en la Secretar\u00eda de Cultura.<\/p>\n<p>El abogado Horacio Antonio Biebrich Tribolet, quien trabaj\u00f3 en la Direcci\u00f3n Jur\u00eddica Consultiva en Sociedad Hipotecaria Federal e integrante de la Asociaci\u00f3n Civil \u201cEctivismo\u201d, es el Secretario Jur\u00eddico y de Transparencia y a Sergio Ch\u00e1vez Castro en la Secretar\u00eda del Deporte.<\/p>\n<p>En la oficina de Presidencia colaboran los licenciados Arturo Valenzuela Gonz\u00e1lez y Beatriz Valdez Acu\u00f1a, en la secretar\u00eda particular y en la secretar\u00eda adjunta, respectivamente.<\/p>\n<p>El nuevo Comit\u00e9 Directivo Estatal es una mezcla de experiencia, laboriosidad, capacidad y juventud, comprometidos todos con el proyecto de gobierno de Claudia Pavlovich Arellano y bajo la orientaci\u00f3n del l\u00edder del CEN, Manlio Fabio Beltrones Rivera, dijo el presidente del CDE.<\/p>\n","protected":false},"excerpt":{"rendered":"<p>05022016.HERMOSILLO, SONORA.MX.\u2014 Perfiles con experiencia en el servicio p\u00fablico, empresarial, sector social y privado, en&#8230;<\/p>\n","protected":false},"author":1,"featured_media":0,"comment_status":"open","ping_status":"open","sticky":false,"template":"","format":"standard","meta":{"_monsterinsights_skip_tracking":false,"_monsterinsights_sitenote_active":false,"_monsterinsights_sitenote_note":"","_monsterinsights_sitenote_category":0,"footnotes":""},"categories":[13,22],"tags":[],"class_list":["post"],"yoast_head":" \n<title>Sonora en Equipo. Integra PRI en Sonora su comit\u00e9 directivo estatal 2015-2017<\/title>\n<meta name=\"description\" content=\"05022016.HERMOSILLO, SONORA.MX.\u2014 Perfiles con experiencia en el servicio p\u00fablico, empresarial, sector social y privado, en docencia y carrera partidista, En Sonora en Equipo publicamos toda la informaci\u00f3n de Sonora, M\u00e9xico y el Mundo de manera oportuna y busca que la libertad de expresi\u00f3n sea real. Visita nuestro medio informativo publicado desde Hermosillo, Sonora. %\" \/>\n<meta name=\"robots\" content=\"index, follow, max-snippet:-1, max-image-preview:large, max-video-preview:-1\" \/>\n<link rel=\"canonical\" href=\"https:\/\/www.sonoraenequipo.com.mx\/integra-pri-en-sonora-su-comite-directivo-estatal-2015-2017\/\" \/>\n<meta property=\"og:locale\" content=\"es_ES\" \/>\n<meta property=\"og:type\" content=\"article\" \/>\n<meta property=\"og:title\" content=\"Sonora en Equipo. Integra PRI en Sonora su comit\u00e9 directivo estatal 2015-2017\" \/>\n<meta property=\"og:description\" content=\"05022016.HERMOSILLO, SONORA.MX.\u2014 Perfiles con experiencia en el servicio p\u00fablico, empresarial, sector social y privado, en docencia y carrera partidista, En Sonora en Equipo publicamos toda la informaci\u00f3n de Sonora, M\u00e9xico y el Mundo de manera oportuna y busca que la libertad de expresi\u00f3n sea real. Visita nuestro medio informativo publicado desde Hermosillo, Sonora. %\" \/>\n<meta property=\"og:url\" content=\"https:\/\/www.sonoraenequipo.com.mx\/integra-pri-en-sonora-su-comite-directivo-estatal-2015-2017\/\" \/>\n<meta property=\"og:site_name\" content=\"Sonora en Equipo.\" \/>\n<meta property=\"article:publisher\" content=\"https:\/\/www.facebook.com\/SonoraEE\/\" \/>\n<meta property=\"article:author\" content=\"https:\/\/www.facebook.com\/SonoraEE\" \/>\n<meta property=\"article:published_time\" content=\"2016-02-05T01:57:26+00:00\" \/>\n<meta property=\"article:modified_time\" content=\"2016-02-07T01:02:20+00:00\" \/>\n<meta name=\"author\" content=\"enequipo\" \/>\n<meta name=\"twitter:card\" content=\"summary_large_image\" \/>\n<meta name=\"twitter:creator\" content=\"@sonoraenequipo\" \/>\n<meta name=\"twitter:site\" content=\"@sonoraenequipo\" \/>\n<meta name=\"twitter:label1\" content=\"Escrito por\" \/>\n\t<meta name=\"twitter:data1\" content=\"enequipo\" \/>\n\t<meta name=\"twitter:label2\" content=\"Tiempo de lectura\" \/>\n\t<meta name=\"twitter:data2\" content=\"3 minutos\" \/>\n<script type=\"application\/ld+json\" class=\"yoast-schema-graph\">{\"@context\":\"https:\/\/schema.org\",\"@graph\":[{\"@type\":\"Article\",\"@id\":\"https:\/\/www.sonoraenequipo.com.mx\/integra-pri-en-sonora-su-comite-directivo-estatal-2015-2017\/#article\",\"isPartOf\":{\"@id\":\"https:\/\/www.sonoraenequipo.com.mx\/integra-pri-en-sonora-su-comite-directivo-estatal-2015-2017\/\"},\"author\":{\"name\":\"enequipo\",\"@id\":\"https:\/\/www.sonoraenequipo.com.mx\/#\/schema\/person\/50102df0fb23a8fa9e8effad8fa81386\"},\"headline\":\"Integra PRI en Sonora su comit\u00e9 directivo estatal 2015-2017\",\"datePublished\":\"2016-02-05T01:57:26+00:00\",\"dateModified\":\"2016-02-07T01:02:20+00:00\",\"mainEntityOfPage\":{\"@id\":\"https:\/\/www.sonoraenequipo.com.mx\/integra-pri-en-sonora-su-comite-directivo-estatal-2015-2017\/\"},\"wordCount\":509,\"commentCount\":0,\"publisher\":{\"@id\":\"https:\/\/www.sonoraenequipo.com.mx\/#organization\"},\"articleSection\":[\"Destacadas\",\"Sonora\"],\"inLanguage\":\"es\",\"potentialAction\":[{\"@type\":\"CommentAction\",\"name\":\"Comment\",\"target\":[\"https:\/\/www.sonoraenequipo.com.mx\/integra-pri-en-sonora-su-comite-directivo-estatal-2015-2017\/#respond\"]}]},{\"@type\":\"WebPage\",\"@id\":\"https:\/\/www.sonoraenequipo.com.mx\/integra-pri-en-sonora-su-comite-directivo-estatal-2015-2017\/\",\"url\":\"https:\/\/www.sonoraenequipo.com.mx\/integra-pri-en-sonora-su-comite-directivo-estatal-2015-2017\/\",\"name\":\"Sonora en Equipo. Integra PRI en Sonora su comit\u00e9 directivo estatal 2015-2017\",\"isPartOf\":{\"@id\":\"https:\/\/www.sonoraenequipo.com.mx\/#website\"},\"datePublished\":\"2016-02-05T01:57:26+00:00\",\"dateModified\":\"2016-02-07T01:02:20+00:00\",\"description\":\"05022016.HERMOSILLO, SONORA.MX.\u2014 Perfiles con experiencia en el servicio p\u00fablico, empresarial, sector social y privado, en docencia y carrera partidista, En Sonora en Equipo publicamos toda la informaci\u00f3n de Sonora, M\u00e9xico y el Mundo de manera oportuna y busca que la libertad de expresi\u00f3n sea real. Visita nuestro medio informativo publicado desde Hermosillo, Sonora. %\",\"breadcrumb\":{\"@id\":\"https:\/\/www.sonoraenequipo.com.mx\/integra-pri-en-sonora-su-comite-directivo-estatal-2015-2017\/#breadcrumb\"},\"inLanguage\":\"es\",\"potentialAction\":[{\"@type\":\"ReadAction\",\"target\":[\"https:\/\/www.sonoraenequipo.com.mx\/integra-pri-en-sonora-su-comite-directivo-estatal-2015-2017\/\"]}]},{\"@type\":\"BreadcrumbList\",\"@id\":\"https:\/\/www.sonoraenequipo.com.mx\/integra-pri-en-sonora-su-comite-directivo-estatal-2015-2017\/#breadcrumb\",\"itemListElement\":[{\"@type\":\"ListItem\",\"position\":1,\"name\":\"Portada\",\"item\":\"https:\/\/www.sonoraenequipo.com.mx\/\"},{\"@type\":\"ListItem\",\"position\":2,\"name\":\"Integra PRI en Sonora su comit\u00e9 directivo estatal 2015-2017\"}]},{\"@type\":\"WebSite\",\"@id\":\"https:\/\/www.sonoraenequipo.com.mx\/#website\",\"url\":\"https:\/\/www.sonoraenequipo.com.mx\/\",\"name\":\"Sonora en Equipo.\",\"description\":\"Diario en l\u00ednea con Noticias desde Hermosillo, Sonora\",\"publisher\":{\"@id\":\"https:\/\/www.sonoraenequipo.com.mx\/#organization\"},\"potentialAction\":[{\"@type\":\"SearchAction\",\"target\":{\"@type\":\"EntryPoint\",\"urlTemplate\":\"https:\/\/www.sonoraenequipo.com.mx\/?s={search_term_string}\"},\"query-input\":{\"@type\":\"PropertyValueSpecification\",\"valueRequired\":true,\"valueName\":\"search_term_string\"}}],\"inLanguage\":\"es\"},{\"@type\":\"Organization\",\"@id\":\"https:\/\/www.sonoraenequipo.com.mx\/#organization\",\"name\":\"Sonoraenequipo.com.mx\",\"url\":\"https:\/\/www.sonoraenequipo.com.mx\/\",\"logo\":{\"@type\":\"ImageObject\",\"inLanguage\":\"es\",\"@id\":\"https:\/\/www.sonoraenequipo.com.mx\/#\/schema\/logo\/image\/\",\"url\":\"https:\/\/www.sonoraenequipo.com.mx\/storage\/2019\/01\/sonoraenequipo_opt.png\",\"contentUrl\":\"https:\/\/www.sonoraenequipo.com.mx\/storage\/2019\/01\/sonoraenequipo_opt.png\",\"width\":375,\"height\":125,\"caption\":\"Sonoraenequipo.com.mx\"},\"image\":{\"@id\":\"https:\/\/www.sonoraenequipo.com.mx\/#\/schema\/logo\/image\/\"},\"sameAs\":[\"https:\/\/www.facebook.com\/SonoraEE\/\",\"https:\/\/x.com\/sonoraenequipo\",\"https:\/\/www.youtube.com\/channel\/UC338nW-lPEYmJQs4ZABQ1SQ\"]},{\"@type\":\"Person\",\"@id\":\"https:\/\/www.sonoraenequipo.com.mx\/#\/schema\/person\/50102df0fb23a8fa9e8effad8fa81386\",\"name\":\"enequipo\",\"image\":{\"@type\":\"ImageObject\",\"inLanguage\":\"es\",\"@id\":\"https:\/\/www.sonoraenequipo.com.mx\/#\/schema\/person\/image\/\",\"url\":\"https:\/\/secure.gravatar.com\/avatar\/049821681b589dabc0bc20695993ccebb09f5b5d4d790cd9251b97faac7c652b?s=96&d=blank&r=g\",\"contentUrl\":\"https:\/\/secure.gravatar.com\/avatar\/049821681b589dabc0bc20695993ccebb09f5b5d4d790cd9251b97faac7c652b?s=96&d=blank&r=g\",\"caption\":\"enequipo\"},\"sameAs\":[\"https:\/\/www.facebook.com\/SonoraEE\"]}]}<\/script>\n ","yoast_head_json":{"title":"Sonora en Equipo. Integra PRI en Sonora su comit\u00e9 directivo estatal 2015-2017","description":"05022016.HERMOSILLO, SONORA.MX.\u2014 Perfiles con experiencia en el servicio p\u00fablico, empresarial, sector social y privado, en docencia y carrera partidista, En Sonora en Equipo publicamos toda la informaci\u00f3n de Sonora, M\u00e9xico y el Mundo de manera oportuna y busca que la libertad de expresi\u00f3n sea real. Visita nuestro medio informativo publicado desde Hermosillo, Sonora. %","robots":{"index":"index","follow":"follow","max-snippet":"max-snippet:-1","max-image-preview":"max-image-preview:large","max-video-preview":"max-video-preview:-1"},"canonical":"https:\/\/www.sonoraenequipo.com.mx\/integra-pri-en-sonora-su-comite-directivo-estatal-2015-2017\/","og_locale":"es_ES","og_type":"article","og_title":"Sonora en Equipo. Integra PRI en Sonora su comit\u00e9 directivo estatal 2015-2017","og_description":"05022016.HERMOSILLO, SONORA.MX.\u2014 Perfiles con experiencia en el servicio p\u00fablico, empresarial, sector social y privado, en docencia y carrera partidista, En Sonora en Equipo publicamos toda la informaci\u00f3n de Sonora, M\u00e9xico y el Mundo de manera oportuna y busca que la libertad de expresi\u00f3n sea real. Visita nuestro medio informativo publicado desde Hermosillo, Sonora. %","og_url":"https:\/\/www.sonoraenequipo.com.mx\/integra-pri-en-sonora-su-comite-directivo-estatal-2015-2017\/","og_site_name":"Sonora en Equipo.","article_publisher":"https:\/\/www.facebook.com\/SonoraEE\/","article_author":"https:\/\/www.facebook.com\/SonoraEE","article_published_time":"2016-02-05T01:57:26+00:00","article_modified_time":"2016-02-07T01:02:20+00:00","author":"enequipo","twitter_card":"summary_large_image","twitter_creator":"@sonoraenequipo","twitter_site":"@sonoraenequipo","twitter_misc":{"Escrito por":"enequipo","Tiempo de lectura":"3 minutos"},"schema":{"@context":"https:\/\/schema.org","@graph":[{"@type":"Article","@id":"https:\/\/www.sonoraenequipo.com.mx\/integra-pri-en-sonora-su-comite-directivo-estatal-2015-2017\/#article","isPartOf":{"@id":"https:\/\/www.sonoraenequipo.com.mx\/integra-pri-en-sonora-su-comite-directivo-estatal-2015-2017\/"},"author":{"name":"enequipo","@id":"https:\/\/www.sonoraenequipo.com.mx\/#\/schema\/person\/50102df0fb23a8fa9e8effad8fa81386"},"headline":"Integra PRI en Sonora su comit\u00e9 directivo estatal 2015-2017","datePublished":"2016-02-05T01:57:26+00:00","dateModified":"2016-02-07T01:02:20+00:00","mainEntityOfPage":{"@id":"https:\/\/www.sonoraenequipo.com.mx\/integra-pri-en-sonora-su-comite-directivo-estatal-2015-2017\/"},"wordCount":509,"commentCount":0,"publisher":{"@id":"https:\/\/www.sonoraenequipo.com.mx\/#organization"},"articleSection":["Destacadas","Sonora"],"inLanguage":"es","potentialAction":[{"@type":"CommentAction","name":"Comment","target":["https:\/\/www.sonoraenequipo.com.mx\/integra-pri-en-sonora-su-comite-directivo-estatal-2015-2017\/#respond"]}]},{"@type":"WebPage","@id":"https:\/\/www.sonoraenequipo.com.mx\/integra-pri-en-sonora-su-comite-directivo-estatal-2015-2017\/","url":"https:\/\/www.sonoraenequipo.com.mx\/integra-pri-en-sonora-su-comite-directivo-estatal-2015-2017\/","name":"Sonora en Equipo. Integra PRI en Sonora su comit\u00e9 directivo estatal 2015-2017","isPartOf":{"@id":"https:\/\/www.sonoraenequipo.com.mx\/#website"},"datePublished":"2016-02-05T01:57:26+00:00","dateModified":"2016-02-07T01:02:20+00:00","description":"05022016.HERMOSILLO, SONORA.MX.\u2014 Perfiles con experiencia en el servicio p\u00fablico, empresarial, sector social y privado, en docencia y carrera partidista, En Sonora en Equipo publicamos toda la informaci\u00f3n de Sonora, M\u00e9xico y el Mundo de manera oportuna y busca que la libertad de expresi\u00f3n sea real. Visita nuestro medio informativo publicado desde Hermosillo, Sonora. %","breadcrumb":{"@id":"https:\/\/www.sonoraenequipo.com.mx\/integra-pri-en-sonora-su-comite-directivo-estatal-2015-2017\/#breadcrumb"},"inLanguage":"es","potentialAction":[{"@type":"ReadAction","target":["https:\/\/www.sonoraenequipo.com.mx\/integra-pri-en-sonora-su-comite-directivo-estatal-2015-2017\/"]}]},{"@type":"BreadcrumbList","@id":"https:\/\/www.sonoraenequipo.com.mx\/integra-pri-en-sonora-su-comite-directivo-estatal-2015-2017\/#breadcrumb","itemListElement":[{"@type":"ListItem","position":1,"name":"Portada","item":"https:\/\/www.sonoraenequipo.com.mx\/"},{"@type":"ListItem","position":2,"name":"Integra PRI en Sonora su comit\u00e9 directivo estatal 2015-2017"}]},{"@type":"WebSite","@id":"https:\/\/www.sonoraenequipo.com.mx\/#website","url":"https:\/\/www.sonoraenequipo.com.mx\/","name":"Sonora en Equipo.","description":"Diario en l\u00ednea con Noticias desde Hermosillo, Sonora","publisher":{"@id":"https:\/\/www.sonoraenequipo.com.mx\/#organization"},"potentialAction":[{"@type":"SearchAction","target":{"@type":"EntryPoint","urlTemplate":"https:\/\/www.sonoraenequipo.com.mx\/?s={search_term_string}"},"query-input":{"@type":"PropertyValueSpecification","valueRequired":true,"valueName":"search_term_string"}}],"inLanguage":"es"},{"@type":"Organization","@id":"https:\/\/www.sonoraenequipo.com.mx\/#organization","name":"Sonoraenequipo.com.mx","url":"https:\/\/www.sonoraenequipo.com.mx\/","logo":{"@type":"ImageObject","inLanguage":"es","@id":"https:\/\/www.sonoraenequipo.com.mx\/#\/schema\/logo\/image\/","url":"https:\/\/www.sonoraenequipo.com.mx\/storage\/2019\/01\/sonoraenequipo_opt.png","contentUrl":"https:\/\/www.sonoraenequipo.com.mx\/storage\/2019\/01\/sonoraenequipo_opt.png","width":375,"height":125,"caption":"Sonoraenequipo.com.mx"},"image":{"@id":"https:\/\/www.sonoraenequipo.com.mx\/#\/schema\/logo\/image\/"},"sameAs":["https:\/\/www.facebook.com\/SonoraEE\/","https:\/\/x.com\/sonoraenequipo","https:\/\/www.youtube.com\/channel\/UC338nW-lPEYmJQs4ZABQ1SQ"]},{"@type":"Person","@id":"https:\/\/www.sonoraenequipo.com.mx\/#\/schema\/person\/50102df0fb23a8fa9e8effad8fa81386","name":"enequipo","image":{"@type":"ImageObject","inLanguage":"es","@id":"https:\/\/www.sonoraenequipo.com.mx\/#\/schema\/person\/image\/","url":"https:\/\/secure.gravatar.com\/avatar\/049821681b589dabc0bc20695993ccebb09f5b5d4d790cd9251b97faac7c652b?s=96&d=blank&r=g","contentUrl":"https:\/\/secure.gravatar.com\/avatar\/049821681b589dabc0bc20695993ccebb09f5b5d4d790cd9251b97faac7c652b?s=96&d=blank&r=g","caption":"enequipo"},"sameAs":["https:\/\/www.facebook.com\/SonoraEE"]}]}},"jetpack_featured_media_url":"","_links":{"self":[{"href":"https:\/\/www.sonoraenequipo.com.mx\/api\/wp\/v2\/posts\/2979","targetHints":{"allow":["GET"]}}],"collection":[{"href":"https:\/\/www.sonoraenequipo.com.mx\/api\/wp\/v2\/posts"}],"about":[{"href":"https:\/\/www.sonoraenequipo.com.mx\/api\/wp\/v2\/types\/post"}],"author":[{"embeddable":true,"href":"https:\/\/www.sonoraenequipo.com.mx\/api\/wp\/v2\/users\/1"}],"replies":[{"embeddable":true,"href":"https:\/\/www.sonoraenequipo.com.mx\/api\/wp\/v2\/comments?post=2979"}],"version-history":[{"count":0,"href":"https:\/\/www.sonoraenequipo.com.mx\/api\/wp\/v2\/posts\/2979\/revisions"}],"wp:attachment":[{"href":"https:\/\/www.sonoraenequipo.com.mx\/api\/wp\/v2\/media?parent=2979"}],"wp:term":[{"taxonomy":"category","embeddable":true,"href":"https:\/\/www.sonoraenequipo.com.mx\/api\/wp\/v2\/categories?post=2979"},{"taxonomy":"post_tag","embeddable":true,"href":"https:\/\/www.sonoraenequipo.com.mx\/api\/wp\/v2\/tags?post=2979"}],"curies":[{"name":"wp","href":"https:\/\/api.w.org\/{rel}","templated":true}]}}