{"id":2982,"date":"2016-02-06T01:02:29","date_gmt":"2016-02-06T01:02:29","guid":{"rendered":"http:\/\/www.sonoraenequipo.com.mx\/?p=2982"},"modified":"2016-02-07T01:04:54","modified_gmt":"2016-02-07T01:04:54","slug":"es-necesario-un-ajuste-al-gasto-publico-carstens","status":"publish","type":"post","link":"https:\/\/www.sonoraenequipo.com.mx\/es-necesario-un-ajuste-al-gasto-publico-carstens\/","title":{"rendered":"Es necesario un ajuste al gasto p\u00fablico: Carstens"},"content":{"rendered":"<p>CIUDAD DE M\u00c9XICO.MX.C\u00c9SAR BORBOZA.MILENIO.\u2014 El gobernador del Banco de M\u00e9xico (Banxico), Agust\u00edn Carstens, advirti\u00f3 que el impacto en las finanzas p\u00fablicas por el desplome del precio del petr\u00f3leo fue significativo, por lo que insisti\u00f3 en realizar un ajuste al gasto p\u00fablico para evitar un aumento en la tasa de inter\u00e9s del banco central. <\/p>\n<p>En una conferencia magistral en la Universidad Panamericana (UP), Carstens indic\u00f3 que el desplome de 70 por ciento en el precio del barril de crudo debe ser reflejado en otro ajuste al gasto porque el pa\u00eds tendr\u00e1 que enfrentar menores ingresos petroleros el pr\u00f3ximo a\u00f1o.<\/p>\n<p>En entrevista, Gabriel P\u00e9rez del Peral, director de la carrera de Econom\u00eda de la Universidad Panamericana (UP) y organizador de la pl\u00e1tica, coincidi\u00f3 con el funcionario que ante una disminuci\u00f3n de los ingresos petroleros es imperativo ajustar el gasto gubernamental para evitar un aumento en las tasas de inter\u00e9s.<\/p>\n<p>Pero advirti\u00f3 sobre el riesgo que implica que \u201cel d\u00e9ficit presupuestal sea financiado con Cetes de la Tesorer\u00eda, pues ante una problem\u00e1tica fiscal habr\u00eda presiones para subir la tasa de inter\u00e9s por la urgencia del gobierno por mayores recursos\u201d.<\/p>\n<p>El incremento restringir\u00eda los fondos prestables en el sistema financiero, lo que impactar\u00eda en la inversi\u00f3n y por ende en el crecimiento, y al final en el empleo, afirm\u00f3 P\u00e9rez del Peral.<\/p>\n<p>Carstens revel\u00f3 que el Banxico espera que los aumentos de la tasa de Estados Unidos se concreten hasta finales de a\u00f1o, en lugar de comenzar su tendencia ascendente de forma inmediata, a ra\u00edz del clima de volatilidad internacional.<\/p>\n<p>En este sentido, agreg\u00f3 que espera un repunte de la econom\u00eda mexicana por encima de 2.5 por ciento anual, al recibir un impulso adicional por el gasto en el consumo y la actividad industrial.<\/p>\n<p>El Banxico advirti\u00f3 esta semana sobre la necesidad de un ajuste de las finanzas p\u00fablicas, \u201cincluyendo a Pemex\u201d, en su decisi\u00f3n de pol\u00edtica monetaria, la cual mantuvo su tasa interbancaria en 3.25 por ciento.<\/p>\n<p>\u201cPor ello es fundamental mantener un marco macroecon\u00f3mico s\u00f3lido en nuestro pa\u00eds para absorber el choque a los ingresos p\u00fablicos que ha representado la ca\u00edda y el deterioro de las perspectivas del precio del petr\u00f3leo\u201d, se\u00f1al\u00f3 en un comunicado.<\/p>\n<p>Asimismo, el Banco de M\u00e9xico sostuvo que debe mantener su postura de pol\u00edtica monetaria a un ritmo pertinente, lo que apunta a mantenerse vigilantes a los subsecuentes aumentos de la tasa de inter\u00e9s de la Fed.<\/p>\n<p>La Secretar\u00eda de Hacienda implement\u00f3 desde 2015 una reducci\u00f3n de m\u00e1s de 200 millones de pesos al Presupuesto de Egresos de la Federaci\u00f3n ante la ca\u00edda del crudo, que comenz\u00f3 a mediados de 2014, ante una sobreoferta en el mercado y una ca\u00edda en la demanda de hidrocarburos.<\/p>\n<p>Banxico subast\u00f3 356 millones de d\u00f3lares con precio m\u00ednimo. En una primera puja se ofrecieron 195 millones, luego 5 y despu\u00e9s 156 millones de d\u00f3lares adicionales.<\/p>\n<p>En la primera y segunda subastas el precio del billete verde fue de 18.37, mientras que en la tercera se ubic\u00f3 en 18.46 pesos.<\/p>\n","protected":false},"excerpt":{"rendered":"<p>CIUDAD DE M\u00c9XICO.MX.C\u00c9SAR BORBOZA.MILENIO.\u2014 El gobernador del Banco de M\u00e9xico (Banxico), Agust\u00edn Carstens, advirti\u00f3 que&#8230;<\/p>\n","protected":false},"author":1,"featured_media":0,"comment_status":"open","ping_status":"open","sticky":false,"template":"","format":"standard","meta":{"_monsterinsights_skip_tracking":false,"_monsterinsights_sitenote_active":false,"_monsterinsights_sitenote_note":"","_monsterinsights_sitenote_category":0,"footnotes":""},"categories":[13,5],"tags":[],"class_list":["post"],"yoast_head":" \n<title>Sonora en Equipo. Es necesario un ajuste al gasto p\u00fablico: Carstens<\/title>\n<meta name=\"description\" content=\"CIUDAD DE M\u00c9XICO.MX.C\u00c9SAR BORBOZA.MILENIO.\u2014 El gobernador del Banco de M\u00e9xico (Banxico), Agust\u00edn Carstens, advirti\u00f3 que el impacto en las finanzas En Sonora en Equipo publicamos toda la informaci\u00f3n de Sonora, M\u00e9xico y el Mundo de manera oportuna y busca que la libertad de expresi\u00f3n sea real. Visita nuestro medio informativo publicado desde Hermosillo, Sonora. %\" \/>\n<meta name=\"robots\" content=\"index, follow, max-snippet:-1, max-image-preview:large, max-video-preview:-1\" \/>\n<link rel=\"canonical\" href=\"https:\/\/www.sonoraenequipo.com.mx\/es-necesario-un-ajuste-al-gasto-publico-carstens\/\" \/>\n<meta property=\"og:locale\" content=\"es_ES\" \/>\n<meta property=\"og:type\" content=\"article\" \/>\n<meta property=\"og:title\" content=\"Sonora en Equipo. Es necesario un ajuste al gasto p\u00fablico: Carstens\" \/>\n<meta property=\"og:description\" content=\"CIUDAD DE M\u00c9XICO.MX.C\u00c9SAR BORBOZA.MILENIO.\u2014 El gobernador del Banco de M\u00e9xico (Banxico), Agust\u00edn Carstens, advirti\u00f3 que el impacto en las finanzas En Sonora en Equipo publicamos toda la informaci\u00f3n de Sonora, M\u00e9xico y el Mundo de manera oportuna y busca que la libertad de expresi\u00f3n sea real. Visita nuestro medio informativo publicado desde Hermosillo, Sonora. %\" \/>\n<meta property=\"og:url\" content=\"https:\/\/www.sonoraenequipo.com.mx\/es-necesario-un-ajuste-al-gasto-publico-carstens\/\" \/>\n<meta property=\"og:site_name\" content=\"Sonora en Equipo.\" \/>\n<meta property=\"article:publisher\" content=\"https:\/\/www.facebook.com\/SonoraEE\/\" \/>\n<meta property=\"article:author\" content=\"https:\/\/www.facebook.com\/SonoraEE\" \/>\n<meta property=\"article:published_time\" content=\"2016-02-06T01:02:29+00:00\" \/>\n<meta property=\"article:modified_time\" content=\"2016-02-07T01:04:54+00:00\" \/>\n<meta name=\"author\" content=\"enequipo\" \/>\n<meta name=\"twitter:card\" content=\"summary_large_image\" \/>\n<meta name=\"twitter:creator\" content=\"@sonoraenequipo\" \/>\n<meta name=\"twitter:site\" content=\"@sonoraenequipo\" \/>\n<meta name=\"twitter:label1\" content=\"Escrito por\" \/>\n\t<meta name=\"twitter:data1\" content=\"enequipo\" \/>\n\t<meta name=\"twitter:label2\" content=\"Tiempo de lectura\" \/>\n\t<meta name=\"twitter:data2\" content=\"3 minutos\" \/>\n<script type=\"application\/ld+json\" class=\"yoast-schema-graph\">{\"@context\":\"https:\/\/schema.org\",\"@graph\":[{\"@type\":\"Article\",\"@id\":\"https:\/\/www.sonoraenequipo.com.mx\/es-necesario-un-ajuste-al-gasto-publico-carstens\/#article\",\"isPartOf\":{\"@id\":\"https:\/\/www.sonoraenequipo.com.mx\/es-necesario-un-ajuste-al-gasto-publico-carstens\/\"},\"author\":{\"name\":\"enequipo\",\"@id\":\"https:\/\/www.sonoraenequipo.com.mx\/#\/schema\/person\/50102df0fb23a8fa9e8effad8fa81386\"},\"headline\":\"Es necesario un ajuste al gasto p\u00fablico: Carstens\",\"datePublished\":\"2016-02-06T01:02:29+00:00\",\"dateModified\":\"2016-02-07T01:04:54+00:00\",\"mainEntityOfPage\":{\"@id\":\"https:\/\/www.sonoraenequipo.com.mx\/es-necesario-un-ajuste-al-gasto-publico-carstens\/\"},\"wordCount\":548,\"commentCount\":0,\"publisher\":{\"@id\":\"https:\/\/www.sonoraenequipo.com.mx\/#organization\"},\"articleSection\":[\"Destacadas\",\"Rep\u00fablica\"],\"inLanguage\":\"es\",\"potentialAction\":[{\"@type\":\"CommentAction\",\"name\":\"Comment\",\"target\":[\"https:\/\/www.sonoraenequipo.com.mx\/es-necesario-un-ajuste-al-gasto-publico-carstens\/#respond\"]}]},{\"@type\":\"WebPage\",\"@id\":\"https:\/\/www.sonoraenequipo.com.mx\/es-necesario-un-ajuste-al-gasto-publico-carstens\/\",\"url\":\"https:\/\/www.sonoraenequipo.com.mx\/es-necesario-un-ajuste-al-gasto-publico-carstens\/\",\"name\":\"Sonora en Equipo. Es necesario un ajuste al gasto p\u00fablico: Carstens\",\"isPartOf\":{\"@id\":\"https:\/\/www.sonoraenequipo.com.mx\/#website\"},\"datePublished\":\"2016-02-06T01:02:29+00:00\",\"dateModified\":\"2016-02-07T01:04:54+00:00\",\"description\":\"CIUDAD DE M\u00c9XICO.MX.C\u00c9SAR BORBOZA.MILENIO.\u2014 El gobernador del Banco de M\u00e9xico (Banxico), Agust\u00edn Carstens, advirti\u00f3 que el impacto en las finanzas En Sonora en Equipo publicamos toda la informaci\u00f3n de Sonora, M\u00e9xico y el Mundo de manera oportuna y busca que la libertad de expresi\u00f3n sea real. Visita nuestro medio informativo publicado desde Hermosillo, Sonora. %\",\"breadcrumb\":{\"@id\":\"https:\/\/www.sonoraenequipo.com.mx\/es-necesario-un-ajuste-al-gasto-publico-carstens\/#breadcrumb\"},\"inLanguage\":\"es\",\"potentialAction\":[{\"@type\":\"ReadAction\",\"target\":[\"https:\/\/www.sonoraenequipo.com.mx\/es-necesario-un-ajuste-al-gasto-publico-carstens\/\"]}]},{\"@type\":\"BreadcrumbList\",\"@id\":\"https:\/\/www.sonoraenequipo.com.mx\/es-necesario-un-ajuste-al-gasto-publico-carstens\/#breadcrumb\",\"itemListElement\":[{\"@type\":\"ListItem\",\"position\":1,\"name\":\"Portada\",\"item\":\"https:\/\/www.sonoraenequipo.com.mx\/\"},{\"@type\":\"ListItem\",\"position\":2,\"name\":\"Es necesario un ajuste al gasto p\u00fablico: Carstens\"}]},{\"@type\":\"WebSite\",\"@id\":\"https:\/\/www.sonoraenequipo.com.mx\/#website\",\"url\":\"https:\/\/www.sonoraenequipo.com.mx\/\",\"name\":\"Sonora en Equipo.\",\"description\":\"Diario en l\u00ednea con Noticias desde Hermosillo, Sonora\",\"publisher\":{\"@id\":\"https:\/\/www.sonoraenequipo.com.mx\/#organization\"},\"potentialAction\":[{\"@type\":\"SearchAction\",\"target\":{\"@type\":\"EntryPoint\",\"urlTemplate\":\"https:\/\/www.sonoraenequipo.com.mx\/?s={search_term_string}\"},\"query-input\":{\"@type\":\"PropertyValueSpecification\",\"valueRequired\":true,\"valueName\":\"search_term_string\"}}],\"inLanguage\":\"es\"},{\"@type\":\"Organization\",\"@id\":\"https:\/\/www.sonoraenequipo.com.mx\/#organization\",\"name\":\"Sonoraenequipo.com.mx\",\"url\":\"https:\/\/www.sonoraenequipo.com.mx\/\",\"logo\":{\"@type\":\"ImageObject\",\"inLanguage\":\"es\",\"@id\":\"https:\/\/www.sonoraenequipo.com.mx\/#\/schema\/logo\/image\/\",\"url\":\"https:\/\/www.sonoraenequipo.com.mx\/storage\/2019\/01\/sonoraenequipo_opt.png\",\"contentUrl\":\"https:\/\/www.sonoraenequipo.com.mx\/storage\/2019\/01\/sonoraenequipo_opt.png\",\"width\":375,\"height\":125,\"caption\":\"Sonoraenequipo.com.mx\"},\"image\":{\"@id\":\"https:\/\/www.sonoraenequipo.com.mx\/#\/schema\/logo\/image\/\"},\"sameAs\":[\"https:\/\/www.facebook.com\/SonoraEE\/\",\"https:\/\/x.com\/sonoraenequipo\",\"https:\/\/www.youtube.com\/channel\/UC338nW-lPEYmJQs4ZABQ1SQ\"]},{\"@type\":\"Person\",\"@id\":\"https:\/\/www.sonoraenequipo.com.mx\/#\/schema\/person\/50102df0fb23a8fa9e8effad8fa81386\",\"name\":\"enequipo\",\"image\":{\"@type\":\"ImageObject\",\"inLanguage\":\"es\",\"@id\":\"https:\/\/www.sonoraenequipo.com.mx\/#\/schema\/person\/image\/\",\"url\":\"https:\/\/secure.gravatar.com\/avatar\/049821681b589dabc0bc20695993ccebb09f5b5d4d790cd9251b97faac7c652b?s=96&d=blank&r=g\",\"contentUrl\":\"https:\/\/secure.gravatar.com\/avatar\/049821681b589dabc0bc20695993ccebb09f5b5d4d790cd9251b97faac7c652b?s=96&d=blank&r=g\",\"caption\":\"enequipo\"},\"sameAs\":[\"https:\/\/www.facebook.com\/SonoraEE\"]}]}<\/script>\n ","yoast_head_json":{"title":"Sonora en Equipo. Es necesario un ajuste al gasto p\u00fablico: Carstens","description":"CIUDAD DE M\u00c9XICO.MX.C\u00c9SAR BORBOZA.MILENIO.\u2014 El gobernador del Banco de M\u00e9xico (Banxico), Agust\u00edn Carstens, advirti\u00f3 que el impacto en las finanzas En Sonora en Equipo publicamos toda la informaci\u00f3n de Sonora, M\u00e9xico y el Mundo de manera oportuna y busca que la libertad de expresi\u00f3n sea real. Visita nuestro medio informativo publicado desde Hermosillo, Sonora. %","robots":{"index":"index","follow":"follow","max-snippet":"max-snippet:-1","max-image-preview":"max-image-preview:large","max-video-preview":"max-video-preview:-1"},"canonical":"https:\/\/www.sonoraenequipo.com.mx\/es-necesario-un-ajuste-al-gasto-publico-carstens\/","og_locale":"es_ES","og_type":"article","og_title":"Sonora en Equipo. Es necesario un ajuste al gasto p\u00fablico: Carstens","og_description":"CIUDAD DE M\u00c9XICO.MX.C\u00c9SAR BORBOZA.MILENIO.\u2014 El gobernador del Banco de M\u00e9xico (Banxico), Agust\u00edn Carstens, advirti\u00f3 que el impacto en las finanzas En Sonora en Equipo publicamos toda la informaci\u00f3n de Sonora, M\u00e9xico y el Mundo de manera oportuna y busca que la libertad de expresi\u00f3n sea real. Visita nuestro medio informativo publicado desde Hermosillo, Sonora. %","og_url":"https:\/\/www.sonoraenequipo.com.mx\/es-necesario-un-ajuste-al-gasto-publico-carstens\/","og_site_name":"Sonora en Equipo.","article_publisher":"https:\/\/www.facebook.com\/SonoraEE\/","article_author":"https:\/\/www.facebook.com\/SonoraEE","article_published_time":"2016-02-06T01:02:29+00:00","article_modified_time":"2016-02-07T01:04:54+00:00","author":"enequipo","twitter_card":"summary_large_image","twitter_creator":"@sonoraenequipo","twitter_site":"@sonoraenequipo","twitter_misc":{"Escrito por":"enequipo","Tiempo de lectura":"3 minutos"},"schema":{"@context":"https:\/\/schema.org","@graph":[{"@type":"Article","@id":"https:\/\/www.sonoraenequipo.com.mx\/es-necesario-un-ajuste-al-gasto-publico-carstens\/#article","isPartOf":{"@id":"https:\/\/www.sonoraenequipo.com.mx\/es-necesario-un-ajuste-al-gasto-publico-carstens\/"},"author":{"name":"enequipo","@id":"https:\/\/www.sonoraenequipo.com.mx\/#\/schema\/person\/50102df0fb23a8fa9e8effad8fa81386"},"headline":"Es necesario un ajuste al gasto p\u00fablico: Carstens","datePublished":"2016-02-06T01:02:29+00:00","dateModified":"2016-02-07T01:04:54+00:00","mainEntityOfPage":{"@id":"https:\/\/www.sonoraenequipo.com.mx\/es-necesario-un-ajuste-al-gasto-publico-carstens\/"},"wordCount":548,"commentCount":0,"publisher":{"@id":"https:\/\/www.sonoraenequipo.com.mx\/#organization"},"articleSection":["Destacadas","Rep\u00fablica"],"inLanguage":"es","potentialAction":[{"@type":"CommentAction","name":"Comment","target":["https:\/\/www.sonoraenequipo.com.mx\/es-necesario-un-ajuste-al-gasto-publico-carstens\/#respond"]}]},{"@type":"WebPage","@id":"https:\/\/www.sonoraenequipo.com.mx\/es-necesario-un-ajuste-al-gasto-publico-carstens\/","url":"https:\/\/www.sonoraenequipo.com.mx\/es-necesario-un-ajuste-al-gasto-publico-carstens\/","name":"Sonora en Equipo. Es necesario un ajuste al gasto p\u00fablico: Carstens","isPartOf":{"@id":"https:\/\/www.sonoraenequipo.com.mx\/#website"},"datePublished":"2016-02-06T01:02:29+00:00","dateModified":"2016-02-07T01:04:54+00:00","description":"CIUDAD DE M\u00c9XICO.MX.C\u00c9SAR BORBOZA.MILENIO.\u2014 El gobernador del Banco de M\u00e9xico (Banxico), Agust\u00edn Carstens, advirti\u00f3 que el impacto en las finanzas En Sonora en Equipo publicamos toda la informaci\u00f3n de Sonora, M\u00e9xico y el Mundo de manera oportuna y busca que la libertad de expresi\u00f3n sea real. Visita nuestro medio informativo publicado desde Hermosillo, Sonora. %","breadcrumb":{"@id":"https:\/\/www.sonoraenequipo.com.mx\/es-necesario-un-ajuste-al-gasto-publico-carstens\/#breadcrumb"},"inLanguage":"es","potentialAction":[{"@type":"ReadAction","target":["https:\/\/www.sonoraenequipo.com.mx\/es-necesario-un-ajuste-al-gasto-publico-carstens\/"]}]},{"@type":"BreadcrumbList","@id":"https:\/\/www.sonoraenequipo.com.mx\/es-necesario-un-ajuste-al-gasto-publico-carstens\/#breadcrumb","itemListElement":[{"@type":"ListItem","position":1,"name":"Portada","item":"https:\/\/www.sonoraenequipo.com.mx\/"},{"@type":"ListItem","position":2,"name":"Es necesario un ajuste al gasto p\u00fablico: Carstens"}]},{"@type":"WebSite","@id":"https:\/\/www.sonoraenequipo.com.mx\/#website","url":"https:\/\/www.sonoraenequipo.com.mx\/","name":"Sonora en Equipo.","description":"Diario en l\u00ednea con Noticias desde Hermosillo, Sonora","publisher":{"@id":"https:\/\/www.sonoraenequipo.com.mx\/#organization"},"potentialAction":[{"@type":"SearchAction","target":{"@type":"EntryPoint","urlTemplate":"https:\/\/www.sonoraenequipo.com.mx\/?s={search_term_string}"},"query-input":{"@type":"PropertyValueSpecification","valueRequired":true,"valueName":"search_term_string"}}],"inLanguage":"es"},{"@type":"Organization","@id":"https:\/\/www.sonoraenequipo.com.mx\/#organization","name":"Sonoraenequipo.com.mx","url":"https:\/\/www.sonoraenequipo.com.mx\/","logo":{"@type":"ImageObject","inLanguage":"es","@id":"https:\/\/www.sonoraenequipo.com.mx\/#\/schema\/logo\/image\/","url":"https:\/\/www.sonoraenequipo.com.mx\/storage\/2019\/01\/sonoraenequipo_opt.png","contentUrl":"https:\/\/www.sonoraenequipo.com.mx\/storage\/2019\/01\/sonoraenequipo_opt.png","width":375,"height":125,"caption":"Sonoraenequipo.com.mx"},"image":{"@id":"https:\/\/www.sonoraenequipo.com.mx\/#\/schema\/logo\/image\/"},"sameAs":["https:\/\/www.facebook.com\/SonoraEE\/","https:\/\/x.com\/sonoraenequipo","https:\/\/www.youtube.com\/channel\/UC338nW-lPEYmJQs4ZABQ1SQ"]},{"@type":"Person","@id":"https:\/\/www.sonoraenequipo.com.mx\/#\/schema\/person\/50102df0fb23a8fa9e8effad8fa81386","name":"enequipo","image":{"@type":"ImageObject","inLanguage":"es","@id":"https:\/\/www.sonoraenequipo.com.mx\/#\/schema\/person\/image\/","url":"https:\/\/secure.gravatar.com\/avatar\/049821681b589dabc0bc20695993ccebb09f5b5d4d790cd9251b97faac7c652b?s=96&d=blank&r=g","contentUrl":"https:\/\/secure.gravatar.com\/avatar\/049821681b589dabc0bc20695993ccebb09f5b5d4d790cd9251b97faac7c652b?s=96&d=blank&r=g","caption":"enequipo"},"sameAs":["https:\/\/www.facebook.com\/SonoraEE"]}]}},"jetpack_featured_media_url":"","_links":{"self":[{"href":"https:\/\/www.sonoraenequipo.com.mx\/api\/wp\/v2\/posts\/2982","targetHints":{"allow":["GET"]}}],"collection":[{"href":"https:\/\/www.sonoraenequipo.com.mx\/api\/wp\/v2\/posts"}],"about":[{"href":"https:\/\/www.sonoraenequipo.com.mx\/api\/wp\/v2\/types\/post"}],"author":[{"embeddable":true,"href":"https:\/\/www.sonoraenequipo.com.mx\/api\/wp\/v2\/users\/1"}],"replies":[{"embeddable":true,"href":"https:\/\/www.sonoraenequipo.com.mx\/api\/wp\/v2\/comments?post=2982"}],"version-history":[{"count":0,"href":"https:\/\/www.sonoraenequipo.com.mx\/api\/wp\/v2\/posts\/2982\/revisions"}],"wp:attachment":[{"href":"https:\/\/www.sonoraenequipo.com.mx\/api\/wp\/v2\/media?parent=2982"}],"wp:term":[{"taxonomy":"category","embeddable":true,"href":"https:\/\/www.sonoraenequipo.com.mx\/api\/wp\/v2\/categories?post=2982"},{"taxonomy":"post_tag","embeddable":true,"href":"https:\/\/www.sonoraenequipo.com.mx\/api\/wp\/v2\/tags?post=2982"}],"curies":[{"name":"wp","href":"https:\/\/api.w.org\/{rel}","templated":true}]}}