{"id":30206,"date":"2017-12-26T13:15:01","date_gmt":"2017-12-26T20:15:01","guid":{"rendered":"http:\/\/www.sonoraenequipo.com.mx\/?p=30206"},"modified":"2017-12-26T20:53:08","modified_gmt":"2017-12-27T03:53:08","slug":"seguiremos-construyendo-una-ciudad-las-familias-maloro-acosta","status":"publish","type":"post","link":"https:\/\/www.sonoraenequipo.com.mx\/seguiremos-construyendo-una-ciudad-las-familias-maloro-acosta\/","title":{"rendered":"Seguiremos construyendo una ciudad para las familias: Maloro Acosta"},"content":{"rendered":"<p>HERMOSILLO, SONORA. MX.\u2014 El Presidente Municipal Manuel Ignacio Maloro Acosta convoc\u00f3 a los integrantes de 200 Comit\u00e9s de Participaci\u00f3n Social de la ciudad a seguir prepar\u00e1ndose y creciendo como personas para vivir con dignidad y ser parte activa en la construcci\u00f3n de un mejor ambiente para sus familias.<\/p>\n<p> <\/p>\n<p><em>\u201cHablar para crecer es muy importante, y nosotros queremos seguir escuch\u00e1ndolos, porque esta ciudad va a crecer en la medida que ustedes quieran\u201d,<\/em> expres\u00f3 el mun\u00edcipe a quienes escucharon la conferencia motivacional sobre temas como Soluci\u00f3n de Conflictos, Manejo de la Ira, Negociaci\u00f3n y Mediaci\u00f3n.<\/p>\n<p>Maloro Acosta ofreci\u00f3 continuar los proyectos y obras emprendidas para proveer calidad de vida y seguridad a las familias hermosillenses, entre \u00e9stos la rehabilitaci\u00f3n de vialidades, el circuito de parques y las estrategias preventivas en materia de Seguridad P\u00fablica.<\/p>\n<p><em>\u201cQuiero decirles que estamos construyendo una ciudad para las familias y por eso me da mucho gusto que ya haya mil 200 Comit\u00e9s de Participaci\u00f3n Social con los que Hermosillo est\u00e1 en buenas manos\u201d,<\/em> asegur\u00f3 Maloro Acosta.<\/p>\n<p>Carlos Rodr\u00edguez Freanner, Director de Desarrollo Social del Ayuntamiento, explic\u00f3 que la capacitaci\u00f3n ofrecida a los COMPAS por parte de esta dependencia y DIF Hermosillo se dise\u00f1\u00f3 con el doble objetivo de mejorar la convivencia en las familias, al dotarlas de mejores herramientas de comunicaci\u00f3n, y para motivar a la participaci\u00f3n ciudadana en beneficio de la comunidad.<\/p>\n<p><em>\u201cTenemos que hacer equipo con los ciudadanos, ya no podemos seguir pensando en que los gobiernos anden por un lado y los ciudadanos por otro, la instrucci\u00f3n constante de Maloro ha sido escucharlos y trabajar juntos para encontrar soluciones\u201d,<\/em> enfatiz\u00f3.<\/p>\n<p>Durante la velada los asistentes conocieron el testimonio del se\u00f1or Franco Becerra, Presidente del Compas de la colonia Modelo, acerca de las experiencias que motivaron a los residentes a unirse para combatir los problemas de robo, vandalismo e inseguridad de los que eran v\u00edctimas.<\/p>\n<p>Relat\u00f3 que encontraron eco en el Gobierno Municipal que preside Maloro Acosta y poco a poco lograron cambiar el ambiente y consolidar sus estrategias de comunicaci\u00f3n entre residentes y con las autoridades.<\/p>\n<p>El conferencista internacional Rafael Ayala imparti\u00f3 la charla \u201cEntre Ciudadanos, hablar para crecer\u201d en la que comparti\u00f3 de manera amena y din\u00e1mica an\u00e9cdotas y t\u00e9cnicas para la interacci\u00f3n arm\u00f3nica entre los integrantes de la familia, as\u00ed como consejos para resolver conflictos.<\/p>\n<p>(Fecha de publicaci\u00f3n 26122017)<\/p>\n","protected":false},"excerpt":{"rendered":"<p>HERMOSILLO, SONORA. MX.\u2014 El Presidente Municipal Manuel Ignacio Maloro Acosta convoc\u00f3 a los integrantes de&#8230;<\/p>\n","protected":false},"author":1,"featured_media":30207,"comment_status":"open","ping_status":"open","sticky":false,"template":"","format":"standard","meta":{"_monsterinsights_skip_tracking":false,"_monsterinsights_sitenote_active":false,"_monsterinsights_sitenote_note":"","_monsterinsights_sitenote_category":0,"footnotes":""},"categories":[13,4],"tags":[],"class_list":["post"],"yoast_head":" \n<title>Sonora en Equipo. Seguiremos construyendo una ciudad para las familias: Maloro Acosta Destacadas<\/title>\n<meta name=\"description\" content=\"HERMOSILLO, SONORA. MX.\u2014 El Presidente Municipal Manuel Ignacio Maloro Acosta convoc\u00f3 a los integrantes de 200 Comit\u00e9s de Participaci\u00f3n Social de la En Sonora en Equipo publicamos toda la informaci\u00f3n de Sonora, M\u00e9xico y el Mundo de manera oportuna y busca que la libertad de expresi\u00f3n sea real. Visita nuestro medio informativo publicado desde Hermosillo, Sonora. %\" \/>\n<meta name=\"robots\" content=\"index, follow, max-snippet:-1, max-image-preview:large, max-video-preview:-1\" \/>\n<link rel=\"canonical\" href=\"https:\/\/www.sonoraenequipo.com.mx\/seguiremos-construyendo-una-ciudad-las-familias-maloro-acosta\/\" \/>\n<meta property=\"og:locale\" content=\"es_ES\" \/>\n<meta property=\"og:type\" content=\"article\" \/>\n<meta property=\"og:title\" content=\"Sonora en Equipo. Seguiremos construyendo una ciudad para las familias: Maloro Acosta Destacadas\" \/>\n<meta property=\"og:description\" content=\"HERMOSILLO, SONORA. MX.\u2014 El Presidente Municipal Manuel Ignacio Maloro Acosta convoc\u00f3 a los integrantes de 200 Comit\u00e9s de Participaci\u00f3n Social de la En Sonora en Equipo publicamos toda la informaci\u00f3n de Sonora, M\u00e9xico y el Mundo de manera oportuna y busca que la libertad de expresi\u00f3n sea real. Visita nuestro medio informativo publicado desde Hermosillo, Sonora. %\" \/>\n<meta property=\"og:url\" content=\"https:\/\/www.sonoraenequipo.com.mx\/seguiremos-construyendo-una-ciudad-las-familias-maloro-acosta\/\" \/>\n<meta property=\"og:site_name\" content=\"Sonora en Equipo.\" \/>\n<meta property=\"article:publisher\" content=\"https:\/\/www.facebook.com\/SonoraEE\/\" \/>\n<meta property=\"article:author\" content=\"https:\/\/www.facebook.com\/SonoraEE\" \/>\n<meta property=\"article:published_time\" content=\"2017-12-26T20:15:01+00:00\" \/>\n<meta property=\"article:modified_time\" content=\"2017-12-27T03:53:08+00:00\" \/>\n<meta property=\"og:image\" content=\"https:\/\/www.sonoraenequipo.com.mx\/storage\/2017\/12\/malor_seguira_opt.jpg\" \/>\n\t<meta property=\"og:image:width\" content=\"737\" \/>\n\t<meta property=\"og:image:height\" content=\"400\" \/>\n\t<meta property=\"og:image:type\" content=\"image\/jpeg\" \/>\n<meta name=\"author\" content=\"enequipo\" \/>\n<meta name=\"twitter:card\" content=\"summary_large_image\" \/>\n<meta name=\"twitter:creator\" content=\"@sonoraenequipo\" \/>\n<meta name=\"twitter:site\" content=\"@sonoraenequipo\" \/>\n<meta name=\"twitter:label1\" content=\"Escrito por\" \/>\n\t<meta name=\"twitter:data1\" content=\"enequipo\" \/>\n\t<meta name=\"twitter:label2\" content=\"Tiempo de lectura\" \/>\n\t<meta name=\"twitter:data2\" content=\"2 minutos\" \/>\n<script type=\"application\/ld+json\" class=\"yoast-schema-graph\">{\"@context\":\"https:\/\/schema.org\",\"@graph\":[{\"@type\":\"Article\",\"@id\":\"https:\/\/www.sonoraenequipo.com.mx\/seguiremos-construyendo-una-ciudad-las-familias-maloro-acosta\/#article\",\"isPartOf\":{\"@id\":\"https:\/\/www.sonoraenequipo.com.mx\/seguiremos-construyendo-una-ciudad-las-familias-maloro-acosta\/\"},\"author\":{\"name\":\"enequipo\",\"@id\":\"https:\/\/www.sonoraenequipo.com.mx\/#\/schema\/person\/50102df0fb23a8fa9e8effad8fa81386\"},\"headline\":\"Seguiremos construyendo una ciudad para las familias: Maloro Acosta\",\"datePublished\":\"2017-12-26T20:15:01+00:00\",\"dateModified\":\"2017-12-27T03:53:08+00:00\",\"mainEntityOfPage\":{\"@id\":\"https:\/\/www.sonoraenequipo.com.mx\/seguiremos-construyendo-una-ciudad-las-familias-maloro-acosta\/\"},\"wordCount\":420,\"commentCount\":0,\"publisher\":{\"@id\":\"https:\/\/www.sonoraenequipo.com.mx\/#organization\"},\"image\":{\"@id\":\"https:\/\/www.sonoraenequipo.com.mx\/seguiremos-construyendo-una-ciudad-las-familias-maloro-acosta\/#primaryimage\"},\"thumbnailUrl\":\"https:\/\/www.sonoraenequipo.com.mx\/storage\/2017\/12\/malor_seguira_opt.jpg\",\"articleSection\":[\"Destacadas\",\"Municipios\"],\"inLanguage\":\"es\",\"potentialAction\":[{\"@type\":\"CommentAction\",\"name\":\"Comment\",\"target\":[\"https:\/\/www.sonoraenequipo.com.mx\/seguiremos-construyendo-una-ciudad-las-familias-maloro-acosta\/#respond\"]}]},{\"@type\":\"WebPage\",\"@id\":\"https:\/\/www.sonoraenequipo.com.mx\/seguiremos-construyendo-una-ciudad-las-familias-maloro-acosta\/\",\"url\":\"https:\/\/www.sonoraenequipo.com.mx\/seguiremos-construyendo-una-ciudad-las-familias-maloro-acosta\/\",\"name\":\"Sonora en Equipo. Seguiremos construyendo una ciudad para las familias: Maloro Acosta Destacadas\",\"isPartOf\":{\"@id\":\"https:\/\/www.sonoraenequipo.com.mx\/#website\"},\"primaryImageOfPage\":{\"@id\":\"https:\/\/www.sonoraenequipo.com.mx\/seguiremos-construyendo-una-ciudad-las-familias-maloro-acosta\/#primaryimage\"},\"image\":{\"@id\":\"https:\/\/www.sonoraenequipo.com.mx\/seguiremos-construyendo-una-ciudad-las-familias-maloro-acosta\/#primaryimage\"},\"thumbnailUrl\":\"https:\/\/www.sonoraenequipo.com.mx\/storage\/2017\/12\/malor_seguira_opt.jpg\",\"datePublished\":\"2017-12-26T20:15:01+00:00\",\"dateModified\":\"2017-12-27T03:53:08+00:00\",\"description\":\"HERMOSILLO, SONORA. MX.\u2014 El Presidente Municipal Manuel Ignacio Maloro Acosta convoc\u00f3 a los integrantes de 200 Comit\u00e9s de Participaci\u00f3n Social de la En Sonora en Equipo publicamos toda la informaci\u00f3n de Sonora, M\u00e9xico y el Mundo de manera oportuna y busca que la libertad de expresi\u00f3n sea real. Visita nuestro medio informativo publicado desde Hermosillo, Sonora. %\",\"breadcrumb\":{\"@id\":\"https:\/\/www.sonoraenequipo.com.mx\/seguiremos-construyendo-una-ciudad-las-familias-maloro-acosta\/#breadcrumb\"},\"inLanguage\":\"es\",\"potentialAction\":[{\"@type\":\"ReadAction\",\"target\":[\"https:\/\/www.sonoraenequipo.com.mx\/seguiremos-construyendo-una-ciudad-las-familias-maloro-acosta\/\"]}]},{\"@type\":\"ImageObject\",\"inLanguage\":\"es\",\"@id\":\"https:\/\/www.sonoraenequipo.com.mx\/seguiremos-construyendo-una-ciudad-las-familias-maloro-acosta\/#primaryimage\",\"url\":\"https:\/\/www.sonoraenequipo.com.mx\/storage\/2017\/12\/malor_seguira_opt.jpg\",\"contentUrl\":\"https:\/\/www.sonoraenequipo.com.mx\/storage\/2017\/12\/malor_seguira_opt.jpg\",\"width\":737,\"height\":400},{\"@type\":\"BreadcrumbList\",\"@id\":\"https:\/\/www.sonoraenequipo.com.mx\/seguiremos-construyendo-una-ciudad-las-familias-maloro-acosta\/#breadcrumb\",\"itemListElement\":[{\"@type\":\"ListItem\",\"position\":1,\"name\":\"Portada\",\"item\":\"https:\/\/www.sonoraenequipo.com.mx\/\"},{\"@type\":\"ListItem\",\"position\":2,\"name\":\"Seguiremos construyendo una ciudad para las familias: Maloro Acosta\"}]},{\"@type\":\"WebSite\",\"@id\":\"https:\/\/www.sonoraenequipo.com.mx\/#website\",\"url\":\"https:\/\/www.sonoraenequipo.com.mx\/\",\"name\":\"Sonora en Equipo.\",\"description\":\"Diario en l\u00ednea con Noticias desde Hermosillo, Sonora\",\"publisher\":{\"@id\":\"https:\/\/www.sonoraenequipo.com.mx\/#organization\"},\"potentialAction\":[{\"@type\":\"SearchAction\",\"target\":{\"@type\":\"EntryPoint\",\"urlTemplate\":\"https:\/\/www.sonoraenequipo.com.mx\/?s={search_term_string}\"},\"query-input\":{\"@type\":\"PropertyValueSpecification\",\"valueRequired\":true,\"valueName\":\"search_term_string\"}}],\"inLanguage\":\"es\"},{\"@type\":\"Organization\",\"@id\":\"https:\/\/www.sonoraenequipo.com.mx\/#organization\",\"name\":\"Sonoraenequipo.com.mx\",\"url\":\"https:\/\/www.sonoraenequipo.com.mx\/\",\"logo\":{\"@type\":\"ImageObject\",\"inLanguage\":\"es\",\"@id\":\"https:\/\/www.sonoraenequipo.com.mx\/#\/schema\/logo\/image\/\",\"url\":\"https:\/\/www.sonoraenequipo.com.mx\/storage\/2019\/01\/sonoraenequipo_opt.png\",\"contentUrl\":\"https:\/\/www.sonoraenequipo.com.mx\/storage\/2019\/01\/sonoraenequipo_opt.png\",\"width\":375,\"height\":125,\"caption\":\"Sonoraenequipo.com.mx\"},\"image\":{\"@id\":\"https:\/\/www.sonoraenequipo.com.mx\/#\/schema\/logo\/image\/\"},\"sameAs\":[\"https:\/\/www.facebook.com\/SonoraEE\/\",\"https:\/\/x.com\/sonoraenequipo\",\"https:\/\/www.youtube.com\/channel\/UC338nW-lPEYmJQs4ZABQ1SQ\"]},{\"@type\":\"Person\",\"@id\":\"https:\/\/www.sonoraenequipo.com.mx\/#\/schema\/person\/50102df0fb23a8fa9e8effad8fa81386\",\"name\":\"enequipo\",\"image\":{\"@type\":\"ImageObject\",\"inLanguage\":\"es\",\"@id\":\"https:\/\/www.sonoraenequipo.com.mx\/#\/schema\/person\/image\/\",\"url\":\"https:\/\/secure.gravatar.com\/avatar\/049821681b589dabc0bc20695993ccebb09f5b5d4d790cd9251b97faac7c652b?s=96&d=blank&r=g\",\"contentUrl\":\"https:\/\/secure.gravatar.com\/avatar\/049821681b589dabc0bc20695993ccebb09f5b5d4d790cd9251b97faac7c652b?s=96&d=blank&r=g\",\"caption\":\"enequipo\"},\"sameAs\":[\"https:\/\/www.facebook.com\/SonoraEE\"]}]}<\/script>\n ","yoast_head_json":{"title":"Sonora en Equipo. Seguiremos construyendo una ciudad para las familias: Maloro Acosta Destacadas","description":"HERMOSILLO, SONORA. MX.\u2014 El Presidente Municipal Manuel Ignacio Maloro Acosta convoc\u00f3 a los integrantes de 200 Comit\u00e9s de Participaci\u00f3n Social de la En Sonora en Equipo publicamos toda la informaci\u00f3n de Sonora, M\u00e9xico y el Mundo de manera oportuna y busca que la libertad de expresi\u00f3n sea real. Visita nuestro medio informativo publicado desde Hermosillo, Sonora. %","robots":{"index":"index","follow":"follow","max-snippet":"max-snippet:-1","max-image-preview":"max-image-preview:large","max-video-preview":"max-video-preview:-1"},"canonical":"https:\/\/www.sonoraenequipo.com.mx\/seguiremos-construyendo-una-ciudad-las-familias-maloro-acosta\/","og_locale":"es_ES","og_type":"article","og_title":"Sonora en Equipo. Seguiremos construyendo una ciudad para las familias: Maloro Acosta Destacadas","og_description":"HERMOSILLO, SONORA. MX.\u2014 El Presidente Municipal Manuel Ignacio Maloro Acosta convoc\u00f3 a los integrantes de 200 Comit\u00e9s de Participaci\u00f3n Social de la En Sonora en Equipo publicamos toda la informaci\u00f3n de Sonora, M\u00e9xico y el Mundo de manera oportuna y busca que la libertad de expresi\u00f3n sea real. Visita nuestro medio informativo publicado desde Hermosillo, Sonora. %","og_url":"https:\/\/www.sonoraenequipo.com.mx\/seguiremos-construyendo-una-ciudad-las-familias-maloro-acosta\/","og_site_name":"Sonora en Equipo.","article_publisher":"https:\/\/www.facebook.com\/SonoraEE\/","article_author":"https:\/\/www.facebook.com\/SonoraEE","article_published_time":"2017-12-26T20:15:01+00:00","article_modified_time":"2017-12-27T03:53:08+00:00","og_image":[{"width":737,"height":400,"url":"https:\/\/www.sonoraenequipo.com.mx\/storage\/2017\/12\/malor_seguira_opt.jpg","type":"image\/jpeg"}],"author":"enequipo","twitter_card":"summary_large_image","twitter_creator":"@sonoraenequipo","twitter_site":"@sonoraenequipo","twitter_misc":{"Escrito por":"enequipo","Tiempo de lectura":"2 minutos"},"schema":{"@context":"https:\/\/schema.org","@graph":[{"@type":"Article","@id":"https:\/\/www.sonoraenequipo.com.mx\/seguiremos-construyendo-una-ciudad-las-familias-maloro-acosta\/#article","isPartOf":{"@id":"https:\/\/www.sonoraenequipo.com.mx\/seguiremos-construyendo-una-ciudad-las-familias-maloro-acosta\/"},"author":{"name":"enequipo","@id":"https:\/\/www.sonoraenequipo.com.mx\/#\/schema\/person\/50102df0fb23a8fa9e8effad8fa81386"},"headline":"Seguiremos construyendo una ciudad para las familias: Maloro Acosta","datePublished":"2017-12-26T20:15:01+00:00","dateModified":"2017-12-27T03:53:08+00:00","mainEntityOfPage":{"@id":"https:\/\/www.sonoraenequipo.com.mx\/seguiremos-construyendo-una-ciudad-las-familias-maloro-acosta\/"},"wordCount":420,"commentCount":0,"publisher":{"@id":"https:\/\/www.sonoraenequipo.com.mx\/#organization"},"image":{"@id":"https:\/\/www.sonoraenequipo.com.mx\/seguiremos-construyendo-una-ciudad-las-familias-maloro-acosta\/#primaryimage"},"thumbnailUrl":"https:\/\/www.sonoraenequipo.com.mx\/storage\/2017\/12\/malor_seguira_opt.jpg","articleSection":["Destacadas","Municipios"],"inLanguage":"es","potentialAction":[{"@type":"CommentAction","name":"Comment","target":["https:\/\/www.sonoraenequipo.com.mx\/seguiremos-construyendo-una-ciudad-las-familias-maloro-acosta\/#respond"]}]},{"@type":"WebPage","@id":"https:\/\/www.sonoraenequipo.com.mx\/seguiremos-construyendo-una-ciudad-las-familias-maloro-acosta\/","url":"https:\/\/www.sonoraenequipo.com.mx\/seguiremos-construyendo-una-ciudad-las-familias-maloro-acosta\/","name":"Sonora en Equipo. Seguiremos construyendo una ciudad para las familias: Maloro Acosta Destacadas","isPartOf":{"@id":"https:\/\/www.sonoraenequipo.com.mx\/#website"},"primaryImageOfPage":{"@id":"https:\/\/www.sonoraenequipo.com.mx\/seguiremos-construyendo-una-ciudad-las-familias-maloro-acosta\/#primaryimage"},"image":{"@id":"https:\/\/www.sonoraenequipo.com.mx\/seguiremos-construyendo-una-ciudad-las-familias-maloro-acosta\/#primaryimage"},"thumbnailUrl":"https:\/\/www.sonoraenequipo.com.mx\/storage\/2017\/12\/malor_seguira_opt.jpg","datePublished":"2017-12-26T20:15:01+00:00","dateModified":"2017-12-27T03:53:08+00:00","description":"HERMOSILLO, SONORA. MX.\u2014 El Presidente Municipal Manuel Ignacio Maloro Acosta convoc\u00f3 a los integrantes de 200 Comit\u00e9s de Participaci\u00f3n Social de la En Sonora en Equipo publicamos toda la informaci\u00f3n de Sonora, M\u00e9xico y el Mundo de manera oportuna y busca que la libertad de expresi\u00f3n sea real. Visita nuestro medio informativo publicado desde Hermosillo, Sonora. %","breadcrumb":{"@id":"https:\/\/www.sonoraenequipo.com.mx\/seguiremos-construyendo-una-ciudad-las-familias-maloro-acosta\/#breadcrumb"},"inLanguage":"es","potentialAction":[{"@type":"ReadAction","target":["https:\/\/www.sonoraenequipo.com.mx\/seguiremos-construyendo-una-ciudad-las-familias-maloro-acosta\/"]}]},{"@type":"ImageObject","inLanguage":"es","@id":"https:\/\/www.sonoraenequipo.com.mx\/seguiremos-construyendo-una-ciudad-las-familias-maloro-acosta\/#primaryimage","url":"https:\/\/www.sonoraenequipo.com.mx\/storage\/2017\/12\/malor_seguira_opt.jpg","contentUrl":"https:\/\/www.sonoraenequipo.com.mx\/storage\/2017\/12\/malor_seguira_opt.jpg","width":737,"height":400},{"@type":"BreadcrumbList","@id":"https:\/\/www.sonoraenequipo.com.mx\/seguiremos-construyendo-una-ciudad-las-familias-maloro-acosta\/#breadcrumb","itemListElement":[{"@type":"ListItem","position":1,"name":"Portada","item":"https:\/\/www.sonoraenequipo.com.mx\/"},{"@type":"ListItem","position":2,"name":"Seguiremos construyendo una ciudad para las familias: Maloro Acosta"}]},{"@type":"WebSite","@id":"https:\/\/www.sonoraenequipo.com.mx\/#website","url":"https:\/\/www.sonoraenequipo.com.mx\/","name":"Sonora en Equipo.","description":"Diario en l\u00ednea con Noticias desde Hermosillo, Sonora","publisher":{"@id":"https:\/\/www.sonoraenequipo.com.mx\/#organization"},"potentialAction":[{"@type":"SearchAction","target":{"@type":"EntryPoint","urlTemplate":"https:\/\/www.sonoraenequipo.com.mx\/?s={search_term_string}"},"query-input":{"@type":"PropertyValueSpecification","valueRequired":true,"valueName":"search_term_string"}}],"inLanguage":"es"},{"@type":"Organization","@id":"https:\/\/www.sonoraenequipo.com.mx\/#organization","name":"Sonoraenequipo.com.mx","url":"https:\/\/www.sonoraenequipo.com.mx\/","logo":{"@type":"ImageObject","inLanguage":"es","@id":"https:\/\/www.sonoraenequipo.com.mx\/#\/schema\/logo\/image\/","url":"https:\/\/www.sonoraenequipo.com.mx\/storage\/2019\/01\/sonoraenequipo_opt.png","contentUrl":"https:\/\/www.sonoraenequipo.com.mx\/storage\/2019\/01\/sonoraenequipo_opt.png","width":375,"height":125,"caption":"Sonoraenequipo.com.mx"},"image":{"@id":"https:\/\/www.sonoraenequipo.com.mx\/#\/schema\/logo\/image\/"},"sameAs":["https:\/\/www.facebook.com\/SonoraEE\/","https:\/\/x.com\/sonoraenequipo","https:\/\/www.youtube.com\/channel\/UC338nW-lPEYmJQs4ZABQ1SQ"]},{"@type":"Person","@id":"https:\/\/www.sonoraenequipo.com.mx\/#\/schema\/person\/50102df0fb23a8fa9e8effad8fa81386","name":"enequipo","image":{"@type":"ImageObject","inLanguage":"es","@id":"https:\/\/www.sonoraenequipo.com.mx\/#\/schema\/person\/image\/","url":"https:\/\/secure.gravatar.com\/avatar\/049821681b589dabc0bc20695993ccebb09f5b5d4d790cd9251b97faac7c652b?s=96&d=blank&r=g","contentUrl":"https:\/\/secure.gravatar.com\/avatar\/049821681b589dabc0bc20695993ccebb09f5b5d4d790cd9251b97faac7c652b?s=96&d=blank&r=g","caption":"enequipo"},"sameAs":["https:\/\/www.facebook.com\/SonoraEE"]}]}},"jetpack_featured_media_url":"https:\/\/www.sonoraenequipo.com.mx\/storage\/2017\/12\/malor_seguira_opt.jpg","_links":{"self":[{"href":"https:\/\/www.sonoraenequipo.com.mx\/api\/wp\/v2\/posts\/30206","targetHints":{"allow":["GET"]}}],"collection":[{"href":"https:\/\/www.sonoraenequipo.com.mx\/api\/wp\/v2\/posts"}],"about":[{"href":"https:\/\/www.sonoraenequipo.com.mx\/api\/wp\/v2\/types\/post"}],"author":[{"embeddable":true,"href":"https:\/\/www.sonoraenequipo.com.mx\/api\/wp\/v2\/users\/1"}],"replies":[{"embeddable":true,"href":"https:\/\/www.sonoraenequipo.com.mx\/api\/wp\/v2\/comments?post=30206"}],"version-history":[{"count":0,"href":"https:\/\/www.sonoraenequipo.com.mx\/api\/wp\/v2\/posts\/30206\/revisions"}],"wp:featuredmedia":[{"embeddable":true,"href":"https:\/\/www.sonoraenequipo.com.mx\/api\/wp\/v2\/media\/30207"}],"wp:attachment":[{"href":"https:\/\/www.sonoraenequipo.com.mx\/api\/wp\/v2\/media?parent=30206"}],"wp:term":[{"taxonomy":"category","embeddable":true,"href":"https:\/\/www.sonoraenequipo.com.mx\/api\/wp\/v2\/categories?post=30206"},{"taxonomy":"post_tag","embeddable":true,"href":"https:\/\/www.sonoraenequipo.com.mx\/api\/wp\/v2\/tags?post=30206"}],"curies":[{"name":"wp","href":"https:\/\/api.w.org\/{rel}","templated":true}]}}