{"id":30290,"date":"2017-12-29T18:10:35","date_gmt":"2017-12-30T01:10:35","guid":{"rendered":"http:\/\/www.sonoraenequipo.com.mx\/?p=30290"},"modified":"2017-12-29T21:01:31","modified_gmt":"2017-12-30T04:01:31","slug":"nino-3-anos-causa-peor-incendio-25-anos-nueva-york","status":"publish","type":"post","link":"https:\/\/www.sonoraenequipo.com.mx\/nino-3-anos-causa-peor-incendio-25-anos-nueva-york\/","title":{"rendered":"Ni\u00f1o de 3 a\u00f1os causa el peor incendio en 25 a\u00f1os en Nueva York"},"content":{"rendered":"<p>ESTADOS UNIDOS. \u2014 En este fr\u00edo amanecer del viernes 29 de diciembre, las autoridades buscaron una explicaci\u00f3n, un \u201cpor qu\u00e9\u201d detr\u00e1s de uno de los incendios m\u00e1s mort\u00edferos en la historia reciente de la ciudad de Nueva York.<\/p>\n<p> <\/p>\n<p>Comenz\u00f3 en la cocina en el primer piso de un apartamento del Bronx, provocado por un ni\u00f1o de 3 a\u00f1os y medio que jugaba con una estufa encendida, dijo el comisionado del Departamento de Bomberos de Nueva York, Daniel Nigro, seg\u00fan CNN.<\/p>\n<p>La madre se dio cuenta del incendio por los gritos de sus hijos. Sali\u00f3 corriendo del edificio con sus dos hijos dejando la puerta abierta, dijo Nigro.<\/p>\n<p><a href=\"http:\/\/www.sonoraenequipo.com.mx\/storage\/2017\/12\/nuevayork-incendio_opt.jpg\"><img loading=\"lazy\" decoding=\"async\" class=\"size-medium  x-left\" src=\"http:\/\/www.sonoraenequipo.com.mx\/storage\/2017\/12\/nuevayork-incendio_opt-300x202.jpg\" alt=\"\" width=\"300\" height=\"202\" \/><\/a>Sin embargo, no todos sus moradores tuvieron tiempo de salir.<\/p>\n<p>El fuego se extendi\u00f3 r\u00e1pidamente por las escaleras, que actu\u00f3 como una<em> \u201cchimenea\u201d,<\/em> dijo Nigro, y las personas que intentaban bajar las escaleras para salir, perecieron en el proceso.<\/p>\n<p><strong>Al menos 12 personas murieron, 4 de ellos ni\u00f1os.<\/strong><\/p>\n<p>Nigro dijo que no est\u00e1 seguro de que todos los detectores de humo estuvieran funcionando en el momento del incendio.<\/p>\n<p><em>\u201cEsto entristece a todo nuestro departamento en esta \u00e9poca del a\u00f1o\u201d,<\/em> dijo Nigro.<\/p>\n<p>El ni\u00f1o ten\u00eda una historia de jugar con las estufas, dijo Nigro. No es raro que los ni\u00f1os causen incendios, dijo, refiri\u00e9ndose a la educaci\u00f3n de los bomberos sobre este tema.<\/p>\n<p><strong>Edificio carbonizado<\/strong><\/p>\n<p>Veh\u00edculos de bomberos rodearon un edificio carbonizado en el Bronx este viernes por la ma\u00f1ana, horas despu\u00e9s de que el humo y las llamas atravesaron la estructura y causaron la muerte de al menos 12 personas.<\/p>\n<p><em>\u201cEsta tragedia es, sin lugar a dudas, hist\u00f3rica en su magnitud\u201d,<\/em> dijo en un tuit el comisionado de bomberos de la ciudad, Daniel Nigro.<\/p>\n<p><em>\u201cNuestros corazones est\u00e1n con todas las familias que perdieron a un ser querido aqu\u00ed y todos peleando por sus vidas\u201d.<\/em><\/p>\n<p>El alcalde Bill de Blasio dijo a CNN que se cree que el edificio de apartamentos tiene m\u00e1s de 100 a\u00f1os.<\/p>\n<p>En varios tuits De Blasio se refiri\u00f3 al fuego como <em>\u201cmortal\u201d<\/em> que rompi\u00f3 all\u00ed la <em>\u201cpeor tragedia de fuego en esta ciudad en al menos un cuarto de siglo\u201d.<\/p>\n<p><\/em>De Blasio tambi\u00e9n mencion\u00f3 que Debido a la r\u00e1pida respuesta de los bomberos neoyorkinos, <em>\u201cpor lo menos 12 personas fueron rescatadas\u201d.<\/p>\n<p><\/em><\/p>\n<p>(Fecha de publicaci\u00f3n 29122017)<\/p>\n","protected":false},"excerpt":{"rendered":"<p>ESTADOS UNIDOS. \u2014 En este fr\u00edo amanecer del viernes 29 de diciembre, las autoridades buscaron&#8230;<\/p>\n","protected":false},"author":1,"featured_media":30291,"comment_status":"open","ping_status":"open","sticky":false,"template":"","format":"standard","meta":{"_monsterinsights_skip_tracking":false,"_monsterinsights_sitenote_active":false,"_monsterinsights_sitenote_note":"","_monsterinsights_sitenote_category":0,"footnotes":""},"categories":[13,3],"tags":[],"class_list":["post"],"yoast_head":" \n<title>Sonora en Equipo. Ni\u00f1o de 3 a\u00f1os causa el peor incendio en 25 a\u00f1os en Nueva York Destacadas<\/title>\n<meta name=\"description\" content=\"ESTADOS UNIDOS. \u2014 En este fr\u00edo amanecer del viernes 29 de diciembre, las autoridades buscaron una explicaci\u00f3n, un \u201cpor qu\u00e9\u201d detr\u00e1s de uno de los incendios En Sonora en Equipo publicamos toda la informaci\u00f3n de Sonora, M\u00e9xico y el Mundo de manera oportuna y busca que la libertad de expresi\u00f3n sea real. Visita nuestro medio informativo publicado desde Hermosillo, Sonora. %\" \/>\n<meta name=\"robots\" content=\"index, follow, max-snippet:-1, max-image-preview:large, max-video-preview:-1\" \/>\n<link rel=\"canonical\" href=\"https:\/\/www.sonoraenequipo.com.mx\/nino-3-anos-causa-peor-incendio-25-anos-nueva-york\/\" \/>\n<meta property=\"og:locale\" content=\"es_ES\" \/>\n<meta property=\"og:type\" content=\"article\" \/>\n<meta property=\"og:title\" content=\"Sonora en Equipo. Ni\u00f1o de 3 a\u00f1os causa el peor incendio en 25 a\u00f1os en Nueva York Destacadas\" \/>\n<meta property=\"og:description\" content=\"ESTADOS UNIDOS. \u2014 En este fr\u00edo amanecer del viernes 29 de diciembre, las autoridades buscaron una explicaci\u00f3n, un \u201cpor qu\u00e9\u201d detr\u00e1s de uno de los incendios En Sonora en Equipo publicamos toda la informaci\u00f3n de Sonora, M\u00e9xico y el Mundo de manera oportuna y busca que la libertad de expresi\u00f3n sea real. Visita nuestro medio informativo publicado desde Hermosillo, Sonora. %\" \/>\n<meta property=\"og:url\" content=\"https:\/\/www.sonoraenequipo.com.mx\/nino-3-anos-causa-peor-incendio-25-anos-nueva-york\/\" \/>\n<meta property=\"og:site_name\" content=\"Sonora en Equipo.\" \/>\n<meta property=\"article:publisher\" content=\"https:\/\/www.facebook.com\/SonoraEE\/\" \/>\n<meta property=\"article:author\" content=\"https:\/\/www.facebook.com\/SonoraEE\" \/>\n<meta property=\"article:published_time\" content=\"2017-12-30T01:10:35+00:00\" \/>\n<meta property=\"article:modified_time\" content=\"2017-12-30T04:01:31+00:00\" \/>\n<meta property=\"og:image\" content=\"https:\/\/www.sonoraenequipo.com.mx\/storage\/2017\/12\/nyt-_opt.jpg\" \/>\n\t<meta property=\"og:image:width\" content=\"600\" \/>\n\t<meta property=\"og:image:height\" content=\"400\" \/>\n\t<meta property=\"og:image:type\" content=\"image\/jpeg\" \/>\n<meta name=\"author\" content=\"enequipo\" \/>\n<meta name=\"twitter:card\" content=\"summary_large_image\" \/>\n<meta name=\"twitter:creator\" content=\"@sonoraenequipo\" \/>\n<meta name=\"twitter:site\" content=\"@sonoraenequipo\" \/>\n<meta name=\"twitter:label1\" content=\"Escrito por\" \/>\n\t<meta name=\"twitter:data1\" content=\"enequipo\" \/>\n\t<meta name=\"twitter:label2\" content=\"Tiempo de lectura\" \/>\n\t<meta name=\"twitter:data2\" content=\"2 minutos\" \/>\n<script type=\"application\/ld+json\" class=\"yoast-schema-graph\">{\"@context\":\"https:\/\/schema.org\",\"@graph\":[{\"@type\":\"Article\",\"@id\":\"https:\/\/www.sonoraenequipo.com.mx\/nino-3-anos-causa-peor-incendio-25-anos-nueva-york\/#article\",\"isPartOf\":{\"@id\":\"https:\/\/www.sonoraenequipo.com.mx\/nino-3-anos-causa-peor-incendio-25-anos-nueva-york\/\"},\"author\":{\"name\":\"enequipo\",\"@id\":\"https:\/\/www.sonoraenequipo.com.mx\/#\/schema\/person\/50102df0fb23a8fa9e8effad8fa81386\"},\"headline\":\"Ni\u00f1o de 3 a\u00f1os causa el peor incendio en 25 a\u00f1os en Nueva York\",\"datePublished\":\"2017-12-30T01:10:35+00:00\",\"dateModified\":\"2017-12-30T04:01:31+00:00\",\"mainEntityOfPage\":{\"@id\":\"https:\/\/www.sonoraenequipo.com.mx\/nino-3-anos-causa-peor-incendio-25-anos-nueva-york\/\"},\"wordCount\":408,\"commentCount\":0,\"publisher\":{\"@id\":\"https:\/\/www.sonoraenequipo.com.mx\/#organization\"},\"image\":{\"@id\":\"https:\/\/www.sonoraenequipo.com.mx\/nino-3-anos-causa-peor-incendio-25-anos-nueva-york\/#primaryimage\"},\"thumbnailUrl\":\"https:\/\/www.sonoraenequipo.com.mx\/storage\/2017\/12\/nyt-_opt.jpg\",\"articleSection\":[\"Destacadas\",\"MUNDO\"],\"inLanguage\":\"es\",\"potentialAction\":[{\"@type\":\"CommentAction\",\"name\":\"Comment\",\"target\":[\"https:\/\/www.sonoraenequipo.com.mx\/nino-3-anos-causa-peor-incendio-25-anos-nueva-york\/#respond\"]}]},{\"@type\":\"WebPage\",\"@id\":\"https:\/\/www.sonoraenequipo.com.mx\/nino-3-anos-causa-peor-incendio-25-anos-nueva-york\/\",\"url\":\"https:\/\/www.sonoraenequipo.com.mx\/nino-3-anos-causa-peor-incendio-25-anos-nueva-york\/\",\"name\":\"Sonora en Equipo. Ni\u00f1o de 3 a\u00f1os causa el peor incendio en 25 a\u00f1os en Nueva York Destacadas\",\"isPartOf\":{\"@id\":\"https:\/\/www.sonoraenequipo.com.mx\/#website\"},\"primaryImageOfPage\":{\"@id\":\"https:\/\/www.sonoraenequipo.com.mx\/nino-3-anos-causa-peor-incendio-25-anos-nueva-york\/#primaryimage\"},\"image\":{\"@id\":\"https:\/\/www.sonoraenequipo.com.mx\/nino-3-anos-causa-peor-incendio-25-anos-nueva-york\/#primaryimage\"},\"thumbnailUrl\":\"https:\/\/www.sonoraenequipo.com.mx\/storage\/2017\/12\/nyt-_opt.jpg\",\"datePublished\":\"2017-12-30T01:10:35+00:00\",\"dateModified\":\"2017-12-30T04:01:31+00:00\",\"description\":\"ESTADOS UNIDOS. \u2014 En este fr\u00edo amanecer del viernes 29 de diciembre, las autoridades buscaron una explicaci\u00f3n, un \u201cpor qu\u00e9\u201d detr\u00e1s de uno de los incendios En Sonora en Equipo publicamos toda la informaci\u00f3n de Sonora, M\u00e9xico y el Mundo de manera oportuna y busca que la libertad de expresi\u00f3n sea real. Visita nuestro medio informativo publicado desde Hermosillo, Sonora. %\",\"breadcrumb\":{\"@id\":\"https:\/\/www.sonoraenequipo.com.mx\/nino-3-anos-causa-peor-incendio-25-anos-nueva-york\/#breadcrumb\"},\"inLanguage\":\"es\",\"potentialAction\":[{\"@type\":\"ReadAction\",\"target\":[\"https:\/\/www.sonoraenequipo.com.mx\/nino-3-anos-causa-peor-incendio-25-anos-nueva-york\/\"]}]},{\"@type\":\"ImageObject\",\"inLanguage\":\"es\",\"@id\":\"https:\/\/www.sonoraenequipo.com.mx\/nino-3-anos-causa-peor-incendio-25-anos-nueva-york\/#primaryimage\",\"url\":\"https:\/\/www.sonoraenequipo.com.mx\/storage\/2017\/12\/nyt-_opt.jpg\",\"contentUrl\":\"https:\/\/www.sonoraenequipo.com.mx\/storage\/2017\/12\/nyt-_opt.jpg\",\"width\":600,\"height\":400},{\"@type\":\"BreadcrumbList\",\"@id\":\"https:\/\/www.sonoraenequipo.com.mx\/nino-3-anos-causa-peor-incendio-25-anos-nueva-york\/#breadcrumb\",\"itemListElement\":[{\"@type\":\"ListItem\",\"position\":1,\"name\":\"Portada\",\"item\":\"https:\/\/www.sonoraenequipo.com.mx\/\"},{\"@type\":\"ListItem\",\"position\":2,\"name\":\"Ni\u00f1o de 3 a\u00f1os causa el peor incendio en 25 a\u00f1os en Nueva York\"}]},{\"@type\":\"WebSite\",\"@id\":\"https:\/\/www.sonoraenequipo.com.mx\/#website\",\"url\":\"https:\/\/www.sonoraenequipo.com.mx\/\",\"name\":\"Sonora en Equipo.\",\"description\":\"Diario en l\u00ednea con Noticias desde Hermosillo, Sonora\",\"publisher\":{\"@id\":\"https:\/\/www.sonoraenequipo.com.mx\/#organization\"},\"potentialAction\":[{\"@type\":\"SearchAction\",\"target\":{\"@type\":\"EntryPoint\",\"urlTemplate\":\"https:\/\/www.sonoraenequipo.com.mx\/?s={search_term_string}\"},\"query-input\":{\"@type\":\"PropertyValueSpecification\",\"valueRequired\":true,\"valueName\":\"search_term_string\"}}],\"inLanguage\":\"es\"},{\"@type\":\"Organization\",\"@id\":\"https:\/\/www.sonoraenequipo.com.mx\/#organization\",\"name\":\"Sonoraenequipo.com.mx\",\"url\":\"https:\/\/www.sonoraenequipo.com.mx\/\",\"logo\":{\"@type\":\"ImageObject\",\"inLanguage\":\"es\",\"@id\":\"https:\/\/www.sonoraenequipo.com.mx\/#\/schema\/logo\/image\/\",\"url\":\"https:\/\/www.sonoraenequipo.com.mx\/storage\/2019\/01\/sonoraenequipo_opt.png\",\"contentUrl\":\"https:\/\/www.sonoraenequipo.com.mx\/storage\/2019\/01\/sonoraenequipo_opt.png\",\"width\":375,\"height\":125,\"caption\":\"Sonoraenequipo.com.mx\"},\"image\":{\"@id\":\"https:\/\/www.sonoraenequipo.com.mx\/#\/schema\/logo\/image\/\"},\"sameAs\":[\"https:\/\/www.facebook.com\/SonoraEE\/\",\"https:\/\/x.com\/sonoraenequipo\",\"https:\/\/www.youtube.com\/channel\/UC338nW-lPEYmJQs4ZABQ1SQ\"]},{\"@type\":\"Person\",\"@id\":\"https:\/\/www.sonoraenequipo.com.mx\/#\/schema\/person\/50102df0fb23a8fa9e8effad8fa81386\",\"name\":\"enequipo\",\"image\":{\"@type\":\"ImageObject\",\"inLanguage\":\"es\",\"@id\":\"https:\/\/www.sonoraenequipo.com.mx\/#\/schema\/person\/image\/\",\"url\":\"https:\/\/secure.gravatar.com\/avatar\/049821681b589dabc0bc20695993ccebb09f5b5d4d790cd9251b97faac7c652b?s=96&d=blank&r=g\",\"contentUrl\":\"https:\/\/secure.gravatar.com\/avatar\/049821681b589dabc0bc20695993ccebb09f5b5d4d790cd9251b97faac7c652b?s=96&d=blank&r=g\",\"caption\":\"enequipo\"},\"sameAs\":[\"https:\/\/www.facebook.com\/SonoraEE\"]}]}<\/script>\n ","yoast_head_json":{"title":"Sonora en Equipo. Ni\u00f1o de 3 a\u00f1os causa el peor incendio en 25 a\u00f1os en Nueva York Destacadas","description":"ESTADOS UNIDOS. \u2014 En este fr\u00edo amanecer del viernes 29 de diciembre, las autoridades buscaron una explicaci\u00f3n, un \u201cpor qu\u00e9\u201d detr\u00e1s de uno de los incendios En Sonora en Equipo publicamos toda la informaci\u00f3n de Sonora, M\u00e9xico y el Mundo de manera oportuna y busca que la libertad de expresi\u00f3n sea real. Visita nuestro medio informativo publicado desde Hermosillo, Sonora. %","robots":{"index":"index","follow":"follow","max-snippet":"max-snippet:-1","max-image-preview":"max-image-preview:large","max-video-preview":"max-video-preview:-1"},"canonical":"https:\/\/www.sonoraenequipo.com.mx\/nino-3-anos-causa-peor-incendio-25-anos-nueva-york\/","og_locale":"es_ES","og_type":"article","og_title":"Sonora en Equipo. Ni\u00f1o de 3 a\u00f1os causa el peor incendio en 25 a\u00f1os en Nueva York Destacadas","og_description":"ESTADOS UNIDOS. \u2014 En este fr\u00edo amanecer del viernes 29 de diciembre, las autoridades buscaron una explicaci\u00f3n, un \u201cpor qu\u00e9\u201d detr\u00e1s de uno de los incendios En Sonora en Equipo publicamos toda la informaci\u00f3n de Sonora, M\u00e9xico y el Mundo de manera oportuna y busca que la libertad de expresi\u00f3n sea real. Visita nuestro medio informativo publicado desde Hermosillo, Sonora. %","og_url":"https:\/\/www.sonoraenequipo.com.mx\/nino-3-anos-causa-peor-incendio-25-anos-nueva-york\/","og_site_name":"Sonora en Equipo.","article_publisher":"https:\/\/www.facebook.com\/SonoraEE\/","article_author":"https:\/\/www.facebook.com\/SonoraEE","article_published_time":"2017-12-30T01:10:35+00:00","article_modified_time":"2017-12-30T04:01:31+00:00","og_image":[{"width":600,"height":400,"url":"https:\/\/www.sonoraenequipo.com.mx\/storage\/2017\/12\/nyt-_opt.jpg","type":"image\/jpeg"}],"author":"enequipo","twitter_card":"summary_large_image","twitter_creator":"@sonoraenequipo","twitter_site":"@sonoraenequipo","twitter_misc":{"Escrito por":"enequipo","Tiempo de lectura":"2 minutos"},"schema":{"@context":"https:\/\/schema.org","@graph":[{"@type":"Article","@id":"https:\/\/www.sonoraenequipo.com.mx\/nino-3-anos-causa-peor-incendio-25-anos-nueva-york\/#article","isPartOf":{"@id":"https:\/\/www.sonoraenequipo.com.mx\/nino-3-anos-causa-peor-incendio-25-anos-nueva-york\/"},"author":{"name":"enequipo","@id":"https:\/\/www.sonoraenequipo.com.mx\/#\/schema\/person\/50102df0fb23a8fa9e8effad8fa81386"},"headline":"Ni\u00f1o de 3 a\u00f1os causa el peor incendio en 25 a\u00f1os en Nueva York","datePublished":"2017-12-30T01:10:35+00:00","dateModified":"2017-12-30T04:01:31+00:00","mainEntityOfPage":{"@id":"https:\/\/www.sonoraenequipo.com.mx\/nino-3-anos-causa-peor-incendio-25-anos-nueva-york\/"},"wordCount":408,"commentCount":0,"publisher":{"@id":"https:\/\/www.sonoraenequipo.com.mx\/#organization"},"image":{"@id":"https:\/\/www.sonoraenequipo.com.mx\/nino-3-anos-causa-peor-incendio-25-anos-nueva-york\/#primaryimage"},"thumbnailUrl":"https:\/\/www.sonoraenequipo.com.mx\/storage\/2017\/12\/nyt-_opt.jpg","articleSection":["Destacadas","MUNDO"],"inLanguage":"es","potentialAction":[{"@type":"CommentAction","name":"Comment","target":["https:\/\/www.sonoraenequipo.com.mx\/nino-3-anos-causa-peor-incendio-25-anos-nueva-york\/#respond"]}]},{"@type":"WebPage","@id":"https:\/\/www.sonoraenequipo.com.mx\/nino-3-anos-causa-peor-incendio-25-anos-nueva-york\/","url":"https:\/\/www.sonoraenequipo.com.mx\/nino-3-anos-causa-peor-incendio-25-anos-nueva-york\/","name":"Sonora en Equipo. Ni\u00f1o de 3 a\u00f1os causa el peor incendio en 25 a\u00f1os en Nueva York Destacadas","isPartOf":{"@id":"https:\/\/www.sonoraenequipo.com.mx\/#website"},"primaryImageOfPage":{"@id":"https:\/\/www.sonoraenequipo.com.mx\/nino-3-anos-causa-peor-incendio-25-anos-nueva-york\/#primaryimage"},"image":{"@id":"https:\/\/www.sonoraenequipo.com.mx\/nino-3-anos-causa-peor-incendio-25-anos-nueva-york\/#primaryimage"},"thumbnailUrl":"https:\/\/www.sonoraenequipo.com.mx\/storage\/2017\/12\/nyt-_opt.jpg","datePublished":"2017-12-30T01:10:35+00:00","dateModified":"2017-12-30T04:01:31+00:00","description":"ESTADOS UNIDOS. \u2014 En este fr\u00edo amanecer del viernes 29 de diciembre, las autoridades buscaron una explicaci\u00f3n, un \u201cpor qu\u00e9\u201d detr\u00e1s de uno de los incendios En Sonora en Equipo publicamos toda la informaci\u00f3n de Sonora, M\u00e9xico y el Mundo de manera oportuna y busca que la libertad de expresi\u00f3n sea real. Visita nuestro medio informativo publicado desde Hermosillo, Sonora. %","breadcrumb":{"@id":"https:\/\/www.sonoraenequipo.com.mx\/nino-3-anos-causa-peor-incendio-25-anos-nueva-york\/#breadcrumb"},"inLanguage":"es","potentialAction":[{"@type":"ReadAction","target":["https:\/\/www.sonoraenequipo.com.mx\/nino-3-anos-causa-peor-incendio-25-anos-nueva-york\/"]}]},{"@type":"ImageObject","inLanguage":"es","@id":"https:\/\/www.sonoraenequipo.com.mx\/nino-3-anos-causa-peor-incendio-25-anos-nueva-york\/#primaryimage","url":"https:\/\/www.sonoraenequipo.com.mx\/storage\/2017\/12\/nyt-_opt.jpg","contentUrl":"https:\/\/www.sonoraenequipo.com.mx\/storage\/2017\/12\/nyt-_opt.jpg","width":600,"height":400},{"@type":"BreadcrumbList","@id":"https:\/\/www.sonoraenequipo.com.mx\/nino-3-anos-causa-peor-incendio-25-anos-nueva-york\/#breadcrumb","itemListElement":[{"@type":"ListItem","position":1,"name":"Portada","item":"https:\/\/www.sonoraenequipo.com.mx\/"},{"@type":"ListItem","position":2,"name":"Ni\u00f1o de 3 a\u00f1os causa el peor incendio en 25 a\u00f1os en Nueva York"}]},{"@type":"WebSite","@id":"https:\/\/www.sonoraenequipo.com.mx\/#website","url":"https:\/\/www.sonoraenequipo.com.mx\/","name":"Sonora en Equipo.","description":"Diario en l\u00ednea con Noticias desde Hermosillo, Sonora","publisher":{"@id":"https:\/\/www.sonoraenequipo.com.mx\/#organization"},"potentialAction":[{"@type":"SearchAction","target":{"@type":"EntryPoint","urlTemplate":"https:\/\/www.sonoraenequipo.com.mx\/?s={search_term_string}"},"query-input":{"@type":"PropertyValueSpecification","valueRequired":true,"valueName":"search_term_string"}}],"inLanguage":"es"},{"@type":"Organization","@id":"https:\/\/www.sonoraenequipo.com.mx\/#organization","name":"Sonoraenequipo.com.mx","url":"https:\/\/www.sonoraenequipo.com.mx\/","logo":{"@type":"ImageObject","inLanguage":"es","@id":"https:\/\/www.sonoraenequipo.com.mx\/#\/schema\/logo\/image\/","url":"https:\/\/www.sonoraenequipo.com.mx\/storage\/2019\/01\/sonoraenequipo_opt.png","contentUrl":"https:\/\/www.sonoraenequipo.com.mx\/storage\/2019\/01\/sonoraenequipo_opt.png","width":375,"height":125,"caption":"Sonoraenequipo.com.mx"},"image":{"@id":"https:\/\/www.sonoraenequipo.com.mx\/#\/schema\/logo\/image\/"},"sameAs":["https:\/\/www.facebook.com\/SonoraEE\/","https:\/\/x.com\/sonoraenequipo","https:\/\/www.youtube.com\/channel\/UC338nW-lPEYmJQs4ZABQ1SQ"]},{"@type":"Person","@id":"https:\/\/www.sonoraenequipo.com.mx\/#\/schema\/person\/50102df0fb23a8fa9e8effad8fa81386","name":"enequipo","image":{"@type":"ImageObject","inLanguage":"es","@id":"https:\/\/www.sonoraenequipo.com.mx\/#\/schema\/person\/image\/","url":"https:\/\/secure.gravatar.com\/avatar\/049821681b589dabc0bc20695993ccebb09f5b5d4d790cd9251b97faac7c652b?s=96&d=blank&r=g","contentUrl":"https:\/\/secure.gravatar.com\/avatar\/049821681b589dabc0bc20695993ccebb09f5b5d4d790cd9251b97faac7c652b?s=96&d=blank&r=g","caption":"enequipo"},"sameAs":["https:\/\/www.facebook.com\/SonoraEE"]}]}},"jetpack_featured_media_url":"https:\/\/www.sonoraenequipo.com.mx\/storage\/2017\/12\/nyt-_opt.jpg","_links":{"self":[{"href":"https:\/\/www.sonoraenequipo.com.mx\/api\/wp\/v2\/posts\/30290","targetHints":{"allow":["GET"]}}],"collection":[{"href":"https:\/\/www.sonoraenequipo.com.mx\/api\/wp\/v2\/posts"}],"about":[{"href":"https:\/\/www.sonoraenequipo.com.mx\/api\/wp\/v2\/types\/post"}],"author":[{"embeddable":true,"href":"https:\/\/www.sonoraenequipo.com.mx\/api\/wp\/v2\/users\/1"}],"replies":[{"embeddable":true,"href":"https:\/\/www.sonoraenequipo.com.mx\/api\/wp\/v2\/comments?post=30290"}],"version-history":[{"count":0,"href":"https:\/\/www.sonoraenequipo.com.mx\/api\/wp\/v2\/posts\/30290\/revisions"}],"wp:featuredmedia":[{"embeddable":true,"href":"https:\/\/www.sonoraenequipo.com.mx\/api\/wp\/v2\/media\/30291"}],"wp:attachment":[{"href":"https:\/\/www.sonoraenequipo.com.mx\/api\/wp\/v2\/media?parent=30290"}],"wp:term":[{"taxonomy":"category","embeddable":true,"href":"https:\/\/www.sonoraenequipo.com.mx\/api\/wp\/v2\/categories?post=30290"},{"taxonomy":"post_tag","embeddable":true,"href":"https:\/\/www.sonoraenequipo.com.mx\/api\/wp\/v2\/tags?post=30290"}],"curies":[{"name":"wp","href":"https:\/\/api.w.org\/{rel}","templated":true}]}}