{"id":30329,"date":"2017-12-30T15:20:41","date_gmt":"2017-12-30T22:20:41","guid":{"rendered":"http:\/\/www.sonoraenequipo.com.mx\/?p=30329"},"modified":"2017-12-30T20:26:00","modified_gmt":"2017-12-31T03:26:00","slug":"ahora-aseguran-las-parejas-deben-estar-menos-tiempo-juntas","status":"publish","type":"post","link":"https:\/\/www.sonoraenequipo.com.mx\/ahora-aseguran-las-parejas-deben-estar-menos-tiempo-juntas\/","title":{"rendered":"Ahora aseguran que las parejas deben estar menos tiempo juntas"},"content":{"rendered":"<p>CIUDAD DE M\u00c9XICO. MX.\u2014 Reducir el tiempo junto podr\u00eda ser ben\u00e9fico para la relaci\u00f3n, as\u00ed lo asegura el psiquiatra Scott Carroll.<\/p>\n<p> <\/p>\n<p>El tambi\u00e9n autor del libro Do not Settle: How to Marry the Man You Were for War, cree que la clave para un feliz comienzo de una relaci\u00f3n radica en verse dos veces por semana como m\u00e1ximo.<\/p>\n<p>Al verse tan poco, ambos tendr\u00e1n tiempo suficiente para desarrollar sentimientos m\u00e1s profundos que superar\u00e1n el enamoramiento superficial.<\/p>\n<p>Seg\u00fan el doctor Seth Meyers, psic\u00f3logo cl\u00ednico, ver a la pareja con demasiada frecuencia puede afectar la relaci\u00f3n a largo plazo.<\/p>\n<p><strong>Seg\u00fan Meyers:<\/strong><\/p>\n<p><em>\u201cEl problema con verse con demasiada frecuencia desde el principio crea una ilusi\u00f3n de intimidad y dependencia, a pesar de que cada persona sabe que lleva meses o incluso a\u00f1os conocer verdaderamente a alguien\u201d<\/em><\/p>\n<p>Adem\u00e1s, Meyers asegura que verse menos no deber\u00eda afectar para nada una relaci\u00f3n que realmente busque estar unida.<\/p>\n<p>(Fecha de publicaci\u00f3n 30122017)<\/p>\n","protected":false},"excerpt":{"rendered":"<p>CIUDAD DE M\u00c9XICO. MX.\u2014 Reducir el tiempo junto podr\u00eda ser ben\u00e9fico para la relaci\u00f3n, as\u00ed&#8230;<\/p>\n","protected":false},"author":1,"featured_media":30330,"comment_status":"open","ping_status":"open","sticky":false,"template":"","format":"standard","meta":{"_monsterinsights_skip_tracking":false,"_monsterinsights_sitenote_active":false,"_monsterinsights_sitenote_note":"","_monsterinsights_sitenote_category":0,"footnotes":""},"categories":[13,12],"tags":[],"class_list":["post"],"yoast_head":" \n<title>Sonora en Equipo. Ahora aseguran que las parejas deben estar menos tiempo juntas Destacadas<\/title>\n<meta name=\"description\" content=\"CIUDAD DE M\u00c9XICO. MX.\u2014 Reducir el tiempo junto podr\u00eda ser ben\u00e9fico para la relaci\u00f3n, as\u00ed lo asegura el psiquiatra Scott Carroll. El tambi\u00e9n autor del En Sonora en Equipo publicamos toda la informaci\u00f3n de Sonora, M\u00e9xico y el Mundo de manera oportuna y busca que la libertad de expresi\u00f3n sea real. Visita nuestro medio informativo publicado desde Hermosillo, Sonora. %\" \/>\n<meta name=\"robots\" content=\"index, follow, max-snippet:-1, max-image-preview:large, max-video-preview:-1\" \/>\n<link rel=\"canonical\" href=\"https:\/\/www.sonoraenequipo.com.mx\/ahora-aseguran-las-parejas-deben-estar-menos-tiempo-juntas\/\" \/>\n<meta property=\"og:locale\" content=\"es_ES\" \/>\n<meta property=\"og:type\" content=\"article\" \/>\n<meta property=\"og:title\" content=\"Sonora en Equipo. Ahora aseguran que las parejas deben estar menos tiempo juntas Destacadas\" \/>\n<meta property=\"og:description\" content=\"CIUDAD DE M\u00c9XICO. MX.\u2014 Reducir el tiempo junto podr\u00eda ser ben\u00e9fico para la relaci\u00f3n, as\u00ed lo asegura el psiquiatra Scott Carroll. El tambi\u00e9n autor del En Sonora en Equipo publicamos toda la informaci\u00f3n de Sonora, M\u00e9xico y el Mundo de manera oportuna y busca que la libertad de expresi\u00f3n sea real. Visita nuestro medio informativo publicado desde Hermosillo, Sonora. %\" \/>\n<meta property=\"og:url\" content=\"https:\/\/www.sonoraenequipo.com.mx\/ahora-aseguran-las-parejas-deben-estar-menos-tiempo-juntas\/\" \/>\n<meta property=\"og:site_name\" content=\"Sonora en Equipo.\" \/>\n<meta property=\"article:publisher\" content=\"https:\/\/www.facebook.com\/SonoraEE\/\" \/>\n<meta property=\"article:author\" content=\"https:\/\/www.facebook.com\/SonoraEE\" \/>\n<meta property=\"article:published_time\" content=\"2017-12-30T22:20:41+00:00\" \/>\n<meta property=\"article:modified_time\" content=\"2017-12-31T03:26:00+00:00\" \/>\n<meta property=\"og:image\" content=\"https:\/\/www.sonoraenequipo.com.mx\/storage\/2017\/12\/parejas-abrazadas.jpg\" \/>\n\t<meta property=\"og:image:width\" content=\"600\" \/>\n\t<meta property=\"og:image:height\" content=\"500\" \/>\n\t<meta property=\"og:image:type\" content=\"image\/jpeg\" \/>\n<meta name=\"author\" content=\"enequipo\" \/>\n<meta name=\"twitter:card\" content=\"summary_large_image\" \/>\n<meta name=\"twitter:creator\" content=\"@sonoraenequipo\" \/>\n<meta name=\"twitter:site\" content=\"@sonoraenequipo\" \/>\n<meta name=\"twitter:label1\" content=\"Escrito por\" \/>\n\t<meta name=\"twitter:data1\" content=\"enequipo\" \/>\n\t<meta name=\"twitter:label2\" content=\"Tiempo de lectura\" \/>\n\t<meta name=\"twitter:data2\" content=\"1 minuto\" \/>\n<script type=\"application\/ld+json\" class=\"yoast-schema-graph\">{\"@context\":\"https:\/\/schema.org\",\"@graph\":[{\"@type\":\"Article\",\"@id\":\"https:\/\/www.sonoraenequipo.com.mx\/ahora-aseguran-las-parejas-deben-estar-menos-tiempo-juntas\/#article\",\"isPartOf\":{\"@id\":\"https:\/\/www.sonoraenequipo.com.mx\/ahora-aseguran-las-parejas-deben-estar-menos-tiempo-juntas\/\"},\"author\":{\"name\":\"enequipo\",\"@id\":\"https:\/\/www.sonoraenequipo.com.mx\/#\/schema\/person\/50102df0fb23a8fa9e8effad8fa81386\"},\"headline\":\"Ahora aseguran que las parejas deben estar menos tiempo juntas\",\"datePublished\":\"2017-12-30T22:20:41+00:00\",\"dateModified\":\"2017-12-31T03:26:00+00:00\",\"mainEntityOfPage\":{\"@id\":\"https:\/\/www.sonoraenequipo.com.mx\/ahora-aseguran-las-parejas-deben-estar-menos-tiempo-juntas\/\"},\"wordCount\":185,\"commentCount\":0,\"publisher\":{\"@id\":\"https:\/\/www.sonoraenequipo.com.mx\/#organization\"},\"image\":{\"@id\":\"https:\/\/www.sonoraenequipo.com.mx\/ahora-aseguran-las-parejas-deben-estar-menos-tiempo-juntas\/#primaryimage\"},\"thumbnailUrl\":\"https:\/\/www.sonoraenequipo.com.mx\/storage\/2017\/12\/parejas-abrazadas.jpg\",\"articleSection\":[\"Destacadas\",\"Especiales\"],\"inLanguage\":\"es\",\"potentialAction\":[{\"@type\":\"CommentAction\",\"name\":\"Comment\",\"target\":[\"https:\/\/www.sonoraenequipo.com.mx\/ahora-aseguran-las-parejas-deben-estar-menos-tiempo-juntas\/#respond\"]}]},{\"@type\":\"WebPage\",\"@id\":\"https:\/\/www.sonoraenequipo.com.mx\/ahora-aseguran-las-parejas-deben-estar-menos-tiempo-juntas\/\",\"url\":\"https:\/\/www.sonoraenequipo.com.mx\/ahora-aseguran-las-parejas-deben-estar-menos-tiempo-juntas\/\",\"name\":\"Sonora en Equipo. Ahora aseguran que las parejas deben estar menos tiempo juntas Destacadas\",\"isPartOf\":{\"@id\":\"https:\/\/www.sonoraenequipo.com.mx\/#website\"},\"primaryImageOfPage\":{\"@id\":\"https:\/\/www.sonoraenequipo.com.mx\/ahora-aseguran-las-parejas-deben-estar-menos-tiempo-juntas\/#primaryimage\"},\"image\":{\"@id\":\"https:\/\/www.sonoraenequipo.com.mx\/ahora-aseguran-las-parejas-deben-estar-menos-tiempo-juntas\/#primaryimage\"},\"thumbnailUrl\":\"https:\/\/www.sonoraenequipo.com.mx\/storage\/2017\/12\/parejas-abrazadas.jpg\",\"datePublished\":\"2017-12-30T22:20:41+00:00\",\"dateModified\":\"2017-12-31T03:26:00+00:00\",\"description\":\"CIUDAD DE M\u00c9XICO. MX.\u2014 Reducir el tiempo junto podr\u00eda ser ben\u00e9fico para la relaci\u00f3n, as\u00ed lo asegura el psiquiatra Scott Carroll. El tambi\u00e9n autor del En Sonora en Equipo publicamos toda la informaci\u00f3n de Sonora, M\u00e9xico y el Mundo de manera oportuna y busca que la libertad de expresi\u00f3n sea real. Visita nuestro medio informativo publicado desde Hermosillo, Sonora. %\",\"breadcrumb\":{\"@id\":\"https:\/\/www.sonoraenequipo.com.mx\/ahora-aseguran-las-parejas-deben-estar-menos-tiempo-juntas\/#breadcrumb\"},\"inLanguage\":\"es\",\"potentialAction\":[{\"@type\":\"ReadAction\",\"target\":[\"https:\/\/www.sonoraenequipo.com.mx\/ahora-aseguran-las-parejas-deben-estar-menos-tiempo-juntas\/\"]}]},{\"@type\":\"ImageObject\",\"inLanguage\":\"es\",\"@id\":\"https:\/\/www.sonoraenequipo.com.mx\/ahora-aseguran-las-parejas-deben-estar-menos-tiempo-juntas\/#primaryimage\",\"url\":\"https:\/\/www.sonoraenequipo.com.mx\/storage\/2017\/12\/parejas-abrazadas.jpg\",\"contentUrl\":\"https:\/\/www.sonoraenequipo.com.mx\/storage\/2017\/12\/parejas-abrazadas.jpg\",\"width\":600,\"height\":500},{\"@type\":\"BreadcrumbList\",\"@id\":\"https:\/\/www.sonoraenequipo.com.mx\/ahora-aseguran-las-parejas-deben-estar-menos-tiempo-juntas\/#breadcrumb\",\"itemListElement\":[{\"@type\":\"ListItem\",\"position\":1,\"name\":\"Portada\",\"item\":\"https:\/\/www.sonoraenequipo.com.mx\/\"},{\"@type\":\"ListItem\",\"position\":2,\"name\":\"Ahora aseguran que las parejas deben estar menos tiempo juntas\"}]},{\"@type\":\"WebSite\",\"@id\":\"https:\/\/www.sonoraenequipo.com.mx\/#website\",\"url\":\"https:\/\/www.sonoraenequipo.com.mx\/\",\"name\":\"Sonora en Equipo.\",\"description\":\"Diario en l\u00ednea con Noticias desde Hermosillo, Sonora\",\"publisher\":{\"@id\":\"https:\/\/www.sonoraenequipo.com.mx\/#organization\"},\"potentialAction\":[{\"@type\":\"SearchAction\",\"target\":{\"@type\":\"EntryPoint\",\"urlTemplate\":\"https:\/\/www.sonoraenequipo.com.mx\/?s={search_term_string}\"},\"query-input\":{\"@type\":\"PropertyValueSpecification\",\"valueRequired\":true,\"valueName\":\"search_term_string\"}}],\"inLanguage\":\"es\"},{\"@type\":\"Organization\",\"@id\":\"https:\/\/www.sonoraenequipo.com.mx\/#organization\",\"name\":\"Sonoraenequipo.com.mx\",\"url\":\"https:\/\/www.sonoraenequipo.com.mx\/\",\"logo\":{\"@type\":\"ImageObject\",\"inLanguage\":\"es\",\"@id\":\"https:\/\/www.sonoraenequipo.com.mx\/#\/schema\/logo\/image\/\",\"url\":\"https:\/\/www.sonoraenequipo.com.mx\/storage\/2019\/01\/sonoraenequipo_opt.png\",\"contentUrl\":\"https:\/\/www.sonoraenequipo.com.mx\/storage\/2019\/01\/sonoraenequipo_opt.png\",\"width\":375,\"height\":125,\"caption\":\"Sonoraenequipo.com.mx\"},\"image\":{\"@id\":\"https:\/\/www.sonoraenequipo.com.mx\/#\/schema\/logo\/image\/\"},\"sameAs\":[\"https:\/\/www.facebook.com\/SonoraEE\/\",\"https:\/\/x.com\/sonoraenequipo\",\"https:\/\/www.youtube.com\/channel\/UC338nW-lPEYmJQs4ZABQ1SQ\"]},{\"@type\":\"Person\",\"@id\":\"https:\/\/www.sonoraenequipo.com.mx\/#\/schema\/person\/50102df0fb23a8fa9e8effad8fa81386\",\"name\":\"enequipo\",\"image\":{\"@type\":\"ImageObject\",\"inLanguage\":\"es\",\"@id\":\"https:\/\/www.sonoraenequipo.com.mx\/#\/schema\/person\/image\/\",\"url\":\"https:\/\/secure.gravatar.com\/avatar\/049821681b589dabc0bc20695993ccebb09f5b5d4d790cd9251b97faac7c652b?s=96&d=blank&r=g\",\"contentUrl\":\"https:\/\/secure.gravatar.com\/avatar\/049821681b589dabc0bc20695993ccebb09f5b5d4d790cd9251b97faac7c652b?s=96&d=blank&r=g\",\"caption\":\"enequipo\"},\"sameAs\":[\"https:\/\/www.facebook.com\/SonoraEE\"]}]}<\/script>\n ","yoast_head_json":{"title":"Sonora en Equipo. Ahora aseguran que las parejas deben estar menos tiempo juntas Destacadas","description":"CIUDAD DE M\u00c9XICO. MX.\u2014 Reducir el tiempo junto podr\u00eda ser ben\u00e9fico para la relaci\u00f3n, as\u00ed lo asegura el psiquiatra Scott Carroll. El tambi\u00e9n autor del En Sonora en Equipo publicamos toda la informaci\u00f3n de Sonora, M\u00e9xico y el Mundo de manera oportuna y busca que la libertad de expresi\u00f3n sea real. Visita nuestro medio informativo publicado desde Hermosillo, Sonora. %","robots":{"index":"index","follow":"follow","max-snippet":"max-snippet:-1","max-image-preview":"max-image-preview:large","max-video-preview":"max-video-preview:-1"},"canonical":"https:\/\/www.sonoraenequipo.com.mx\/ahora-aseguran-las-parejas-deben-estar-menos-tiempo-juntas\/","og_locale":"es_ES","og_type":"article","og_title":"Sonora en Equipo. Ahora aseguran que las parejas deben estar menos tiempo juntas Destacadas","og_description":"CIUDAD DE M\u00c9XICO. MX.\u2014 Reducir el tiempo junto podr\u00eda ser ben\u00e9fico para la relaci\u00f3n, as\u00ed lo asegura el psiquiatra Scott Carroll. El tambi\u00e9n autor del En Sonora en Equipo publicamos toda la informaci\u00f3n de Sonora, M\u00e9xico y el Mundo de manera oportuna y busca que la libertad de expresi\u00f3n sea real. Visita nuestro medio informativo publicado desde Hermosillo, Sonora. %","og_url":"https:\/\/www.sonoraenequipo.com.mx\/ahora-aseguran-las-parejas-deben-estar-menos-tiempo-juntas\/","og_site_name":"Sonora en Equipo.","article_publisher":"https:\/\/www.facebook.com\/SonoraEE\/","article_author":"https:\/\/www.facebook.com\/SonoraEE","article_published_time":"2017-12-30T22:20:41+00:00","article_modified_time":"2017-12-31T03:26:00+00:00","og_image":[{"width":600,"height":500,"url":"https:\/\/www.sonoraenequipo.com.mx\/storage\/2017\/12\/parejas-abrazadas.jpg","type":"image\/jpeg"}],"author":"enequipo","twitter_card":"summary_large_image","twitter_creator":"@sonoraenequipo","twitter_site":"@sonoraenequipo","twitter_misc":{"Escrito por":"enequipo","Tiempo de lectura":"1 minuto"},"schema":{"@context":"https:\/\/schema.org","@graph":[{"@type":"Article","@id":"https:\/\/www.sonoraenequipo.com.mx\/ahora-aseguran-las-parejas-deben-estar-menos-tiempo-juntas\/#article","isPartOf":{"@id":"https:\/\/www.sonoraenequipo.com.mx\/ahora-aseguran-las-parejas-deben-estar-menos-tiempo-juntas\/"},"author":{"name":"enequipo","@id":"https:\/\/www.sonoraenequipo.com.mx\/#\/schema\/person\/50102df0fb23a8fa9e8effad8fa81386"},"headline":"Ahora aseguran que las parejas deben estar menos tiempo juntas","datePublished":"2017-12-30T22:20:41+00:00","dateModified":"2017-12-31T03:26:00+00:00","mainEntityOfPage":{"@id":"https:\/\/www.sonoraenequipo.com.mx\/ahora-aseguran-las-parejas-deben-estar-menos-tiempo-juntas\/"},"wordCount":185,"commentCount":0,"publisher":{"@id":"https:\/\/www.sonoraenequipo.com.mx\/#organization"},"image":{"@id":"https:\/\/www.sonoraenequipo.com.mx\/ahora-aseguran-las-parejas-deben-estar-menos-tiempo-juntas\/#primaryimage"},"thumbnailUrl":"https:\/\/www.sonoraenequipo.com.mx\/storage\/2017\/12\/parejas-abrazadas.jpg","articleSection":["Destacadas","Especiales"],"inLanguage":"es","potentialAction":[{"@type":"CommentAction","name":"Comment","target":["https:\/\/www.sonoraenequipo.com.mx\/ahora-aseguran-las-parejas-deben-estar-menos-tiempo-juntas\/#respond"]}]},{"@type":"WebPage","@id":"https:\/\/www.sonoraenequipo.com.mx\/ahora-aseguran-las-parejas-deben-estar-menos-tiempo-juntas\/","url":"https:\/\/www.sonoraenequipo.com.mx\/ahora-aseguran-las-parejas-deben-estar-menos-tiempo-juntas\/","name":"Sonora en Equipo. Ahora aseguran que las parejas deben estar menos tiempo juntas Destacadas","isPartOf":{"@id":"https:\/\/www.sonoraenequipo.com.mx\/#website"},"primaryImageOfPage":{"@id":"https:\/\/www.sonoraenequipo.com.mx\/ahora-aseguran-las-parejas-deben-estar-menos-tiempo-juntas\/#primaryimage"},"image":{"@id":"https:\/\/www.sonoraenequipo.com.mx\/ahora-aseguran-las-parejas-deben-estar-menos-tiempo-juntas\/#primaryimage"},"thumbnailUrl":"https:\/\/www.sonoraenequipo.com.mx\/storage\/2017\/12\/parejas-abrazadas.jpg","datePublished":"2017-12-30T22:20:41+00:00","dateModified":"2017-12-31T03:26:00+00:00","description":"CIUDAD DE M\u00c9XICO. MX.\u2014 Reducir el tiempo junto podr\u00eda ser ben\u00e9fico para la relaci\u00f3n, as\u00ed lo asegura el psiquiatra Scott Carroll. El tambi\u00e9n autor del En Sonora en Equipo publicamos toda la informaci\u00f3n de Sonora, M\u00e9xico y el Mundo de manera oportuna y busca que la libertad de expresi\u00f3n sea real. Visita nuestro medio informativo publicado desde Hermosillo, Sonora. %","breadcrumb":{"@id":"https:\/\/www.sonoraenequipo.com.mx\/ahora-aseguran-las-parejas-deben-estar-menos-tiempo-juntas\/#breadcrumb"},"inLanguage":"es","potentialAction":[{"@type":"ReadAction","target":["https:\/\/www.sonoraenequipo.com.mx\/ahora-aseguran-las-parejas-deben-estar-menos-tiempo-juntas\/"]}]},{"@type":"ImageObject","inLanguage":"es","@id":"https:\/\/www.sonoraenequipo.com.mx\/ahora-aseguran-las-parejas-deben-estar-menos-tiempo-juntas\/#primaryimage","url":"https:\/\/www.sonoraenequipo.com.mx\/storage\/2017\/12\/parejas-abrazadas.jpg","contentUrl":"https:\/\/www.sonoraenequipo.com.mx\/storage\/2017\/12\/parejas-abrazadas.jpg","width":600,"height":500},{"@type":"BreadcrumbList","@id":"https:\/\/www.sonoraenequipo.com.mx\/ahora-aseguran-las-parejas-deben-estar-menos-tiempo-juntas\/#breadcrumb","itemListElement":[{"@type":"ListItem","position":1,"name":"Portada","item":"https:\/\/www.sonoraenequipo.com.mx\/"},{"@type":"ListItem","position":2,"name":"Ahora aseguran que las parejas deben estar menos tiempo juntas"}]},{"@type":"WebSite","@id":"https:\/\/www.sonoraenequipo.com.mx\/#website","url":"https:\/\/www.sonoraenequipo.com.mx\/","name":"Sonora en Equipo.","description":"Diario en l\u00ednea con Noticias desde Hermosillo, Sonora","publisher":{"@id":"https:\/\/www.sonoraenequipo.com.mx\/#organization"},"potentialAction":[{"@type":"SearchAction","target":{"@type":"EntryPoint","urlTemplate":"https:\/\/www.sonoraenequipo.com.mx\/?s={search_term_string}"},"query-input":{"@type":"PropertyValueSpecification","valueRequired":true,"valueName":"search_term_string"}}],"inLanguage":"es"},{"@type":"Organization","@id":"https:\/\/www.sonoraenequipo.com.mx\/#organization","name":"Sonoraenequipo.com.mx","url":"https:\/\/www.sonoraenequipo.com.mx\/","logo":{"@type":"ImageObject","inLanguage":"es","@id":"https:\/\/www.sonoraenequipo.com.mx\/#\/schema\/logo\/image\/","url":"https:\/\/www.sonoraenequipo.com.mx\/storage\/2019\/01\/sonoraenequipo_opt.png","contentUrl":"https:\/\/www.sonoraenequipo.com.mx\/storage\/2019\/01\/sonoraenequipo_opt.png","width":375,"height":125,"caption":"Sonoraenequipo.com.mx"},"image":{"@id":"https:\/\/www.sonoraenequipo.com.mx\/#\/schema\/logo\/image\/"},"sameAs":["https:\/\/www.facebook.com\/SonoraEE\/","https:\/\/x.com\/sonoraenequipo","https:\/\/www.youtube.com\/channel\/UC338nW-lPEYmJQs4ZABQ1SQ"]},{"@type":"Person","@id":"https:\/\/www.sonoraenequipo.com.mx\/#\/schema\/person\/50102df0fb23a8fa9e8effad8fa81386","name":"enequipo","image":{"@type":"ImageObject","inLanguage":"es","@id":"https:\/\/www.sonoraenequipo.com.mx\/#\/schema\/person\/image\/","url":"https:\/\/secure.gravatar.com\/avatar\/049821681b589dabc0bc20695993ccebb09f5b5d4d790cd9251b97faac7c652b?s=96&d=blank&r=g","contentUrl":"https:\/\/secure.gravatar.com\/avatar\/049821681b589dabc0bc20695993ccebb09f5b5d4d790cd9251b97faac7c652b?s=96&d=blank&r=g","caption":"enequipo"},"sameAs":["https:\/\/www.facebook.com\/SonoraEE"]}]}},"jetpack_featured_media_url":"https:\/\/www.sonoraenequipo.com.mx\/storage\/2017\/12\/parejas-abrazadas.jpg","_links":{"self":[{"href":"https:\/\/www.sonoraenequipo.com.mx\/api\/wp\/v2\/posts\/30329","targetHints":{"allow":["GET"]}}],"collection":[{"href":"https:\/\/www.sonoraenequipo.com.mx\/api\/wp\/v2\/posts"}],"about":[{"href":"https:\/\/www.sonoraenequipo.com.mx\/api\/wp\/v2\/types\/post"}],"author":[{"embeddable":true,"href":"https:\/\/www.sonoraenequipo.com.mx\/api\/wp\/v2\/users\/1"}],"replies":[{"embeddable":true,"href":"https:\/\/www.sonoraenequipo.com.mx\/api\/wp\/v2\/comments?post=30329"}],"version-history":[{"count":0,"href":"https:\/\/www.sonoraenequipo.com.mx\/api\/wp\/v2\/posts\/30329\/revisions"}],"wp:featuredmedia":[{"embeddable":true,"href":"https:\/\/www.sonoraenequipo.com.mx\/api\/wp\/v2\/media\/30330"}],"wp:attachment":[{"href":"https:\/\/www.sonoraenequipo.com.mx\/api\/wp\/v2\/media?parent=30329"}],"wp:term":[{"taxonomy":"category","embeddable":true,"href":"https:\/\/www.sonoraenequipo.com.mx\/api\/wp\/v2\/categories?post=30329"},{"taxonomy":"post_tag","embeddable":true,"href":"https:\/\/www.sonoraenequipo.com.mx\/api\/wp\/v2\/tags?post=30329"}],"curies":[{"name":"wp","href":"https:\/\/api.w.org\/{rel}","templated":true}]}}