{"id":30342,"date":"2017-12-30T17:30:22","date_gmt":"2017-12-31T00:30:22","guid":{"rendered":"http:\/\/www.sonoraenequipo.com.mx\/?p=30342"},"modified":"2017-12-30T20:58:19","modified_gmt":"2017-12-31T03:58:19","slug":"reaprehende-eeuu-carlos-villalobos-ex-secretario-padres","status":"publish","type":"post","link":"https:\/\/www.sonoraenequipo.com.mx\/reaprehende-eeuu-carlos-villalobos-ex-secretario-padres\/","title":{"rendered":"Reaprehende EEUU a Carlos Villalobos, ex Secretario de Padr\u00e9s"},"content":{"rendered":"<p>CIUDAD DE M\u00c9XICO. MX.\u2014 El ex Secretario de Guillermo Padr\u00e9s, Carlos Villalobos fue detenido este s\u00e1bado en Arizona, tras unas cuantas horas de liberaci\u00f3n, pues apenas ayer un juez le otorg\u00f3 la libertad porque no contaba con \u00f3rdenes de arreste vigentes, se\u00f1ala el portal del peri\u00f3dico Reforma.<\/p>\n<p> <\/p>\n<p>Villalobos se dispon\u00eda a trasladarse a Estados Unidos para pedir asilo pues argument\u00f3 ser un perseguido pol\u00edtico por parte del Gobierno de Sonora. Fue ah\u00ed cuando fue detenido por agentes del Servicio de Inmigraci\u00f3n y Control de Aduanas, y el permiso se fue negado por temas legales pendientes en M\u00e9xico.<\/p>\n<p>Carlos Villalobos es acusado de ser c\u00f3mplice del desfalco millonario que hizo Guillermo Padr\u00e9s durante su administraci\u00f3n en Sonora.<\/p>\n<p>(Fecha de publicaci\u00f3n 30122017)<\/p>\n","protected":false},"excerpt":{"rendered":"<p>CIUDAD DE M\u00c9XICO. MX.\u2014 El ex Secretario de Guillermo Padr\u00e9s, Carlos Villalobos fue detenido este&#8230;<\/p>\n","protected":false},"author":1,"featured_media":30343,"comment_status":"open","ping_status":"open","sticky":false,"template":"","format":"standard","meta":{"_monsterinsights_skip_tracking":false,"_monsterinsights_sitenote_active":false,"_monsterinsights_sitenote_note":"","_monsterinsights_sitenote_category":0,"footnotes":""},"categories":[13,22],"tags":[],"class_list":["post"],"yoast_head":" \n<title>Sonora en Equipo. Reaprehende EEUU a Carlos Villalobos, ex Secretario de Padr\u00e9s Destacadas<\/title>\n<meta name=\"description\" content=\"CIUDAD DE M\u00c9XICO. MX.\u2014 El ex Secretario de Guillermo Padr\u00e9s, Carlos Villalobos fue detenido este s\u00e1bado en Arizona, tras unas cuantas horas de liberaci\u00f3n, En Sonora en Equipo publicamos toda la informaci\u00f3n de Sonora, M\u00e9xico y el Mundo de manera oportuna y busca que la libertad de expresi\u00f3n sea real. Visita nuestro medio informativo publicado desde Hermosillo, Sonora. %\" \/>\n<meta name=\"robots\" content=\"index, follow, max-snippet:-1, max-image-preview:large, max-video-preview:-1\" \/>\n<link rel=\"canonical\" href=\"https:\/\/www.sonoraenequipo.com.mx\/reaprehende-eeuu-carlos-villalobos-ex-secretario-padres\/\" \/>\n<meta property=\"og:locale\" content=\"es_ES\" \/>\n<meta property=\"og:type\" content=\"article\" \/>\n<meta property=\"og:title\" content=\"Sonora en Equipo. Reaprehende EEUU a Carlos Villalobos, ex Secretario de Padr\u00e9s Destacadas\" \/>\n<meta property=\"og:description\" content=\"CIUDAD DE M\u00c9XICO. MX.\u2014 El ex Secretario de Guillermo Padr\u00e9s, Carlos Villalobos fue detenido este s\u00e1bado en Arizona, tras unas cuantas horas de liberaci\u00f3n, En Sonora en Equipo publicamos toda la informaci\u00f3n de Sonora, M\u00e9xico y el Mundo de manera oportuna y busca que la libertad de expresi\u00f3n sea real. Visita nuestro medio informativo publicado desde Hermosillo, Sonora. %\" \/>\n<meta property=\"og:url\" content=\"https:\/\/www.sonoraenequipo.com.mx\/reaprehende-eeuu-carlos-villalobos-ex-secretario-padres\/\" \/>\n<meta property=\"og:site_name\" content=\"Sonora en Equipo.\" \/>\n<meta property=\"article:publisher\" content=\"https:\/\/www.facebook.com\/SonoraEE\/\" \/>\n<meta property=\"article:author\" content=\"https:\/\/www.facebook.com\/SonoraEE\" \/>\n<meta property=\"article:published_time\" content=\"2017-12-31T00:30:22+00:00\" \/>\n<meta property=\"article:modified_time\" content=\"2017-12-31T03:58:19+00:00\" \/>\n<meta property=\"og:image\" content=\"https:\/\/www.sonoraenequipo.com.mx\/storage\/2017\/12\/carlosvillalobos_opt.jpg\" \/>\n\t<meta property=\"og:image:width\" content=\"702\" \/>\n\t<meta property=\"og:image:height\" content=\"400\" \/>\n\t<meta property=\"og:image:type\" content=\"image\/jpeg\" \/>\n<meta name=\"author\" content=\"enequipo\" \/>\n<meta name=\"twitter:card\" content=\"summary_large_image\" \/>\n<meta name=\"twitter:creator\" content=\"@sonoraenequipo\" \/>\n<meta name=\"twitter:site\" content=\"@sonoraenequipo\" \/>\n<meta name=\"twitter:label1\" content=\"Escrito por\" \/>\n\t<meta name=\"twitter:data1\" content=\"enequipo\" \/>\n\t<meta name=\"twitter:label2\" content=\"Tiempo de lectura\" \/>\n\t<meta name=\"twitter:data2\" content=\"1 minuto\" \/>\n<script type=\"application\/ld+json\" class=\"yoast-schema-graph\">{\"@context\":\"https:\/\/schema.org\",\"@graph\":[{\"@type\":\"Article\",\"@id\":\"https:\/\/www.sonoraenequipo.com.mx\/reaprehende-eeuu-carlos-villalobos-ex-secretario-padres\/#article\",\"isPartOf\":{\"@id\":\"https:\/\/www.sonoraenequipo.com.mx\/reaprehende-eeuu-carlos-villalobos-ex-secretario-padres\/\"},\"author\":{\"name\":\"enequipo\",\"@id\":\"https:\/\/www.sonoraenequipo.com.mx\/#\/schema\/person\/50102df0fb23a8fa9e8effad8fa81386\"},\"headline\":\"Reaprehende EEUU a Carlos Villalobos, ex Secretario de Padr\u00e9s\",\"datePublished\":\"2017-12-31T00:30:22+00:00\",\"dateModified\":\"2017-12-31T03:58:19+00:00\",\"mainEntityOfPage\":{\"@id\":\"https:\/\/www.sonoraenequipo.com.mx\/reaprehende-eeuu-carlos-villalobos-ex-secretario-padres\/\"},\"wordCount\":143,\"commentCount\":0,\"publisher\":{\"@id\":\"https:\/\/www.sonoraenequipo.com.mx\/#organization\"},\"image\":{\"@id\":\"https:\/\/www.sonoraenequipo.com.mx\/reaprehende-eeuu-carlos-villalobos-ex-secretario-padres\/#primaryimage\"},\"thumbnailUrl\":\"https:\/\/www.sonoraenequipo.com.mx\/storage\/2017\/12\/carlosvillalobos_opt.jpg\",\"articleSection\":[\"Destacadas\",\"Sonora\"],\"inLanguage\":\"es\",\"potentialAction\":[{\"@type\":\"CommentAction\",\"name\":\"Comment\",\"target\":[\"https:\/\/www.sonoraenequipo.com.mx\/reaprehende-eeuu-carlos-villalobos-ex-secretario-padres\/#respond\"]}]},{\"@type\":\"WebPage\",\"@id\":\"https:\/\/www.sonoraenequipo.com.mx\/reaprehende-eeuu-carlos-villalobos-ex-secretario-padres\/\",\"url\":\"https:\/\/www.sonoraenequipo.com.mx\/reaprehende-eeuu-carlos-villalobos-ex-secretario-padres\/\",\"name\":\"Sonora en Equipo. Reaprehende EEUU a Carlos Villalobos, ex Secretario de Padr\u00e9s Destacadas\",\"isPartOf\":{\"@id\":\"https:\/\/www.sonoraenequipo.com.mx\/#website\"},\"primaryImageOfPage\":{\"@id\":\"https:\/\/www.sonoraenequipo.com.mx\/reaprehende-eeuu-carlos-villalobos-ex-secretario-padres\/#primaryimage\"},\"image\":{\"@id\":\"https:\/\/www.sonoraenequipo.com.mx\/reaprehende-eeuu-carlos-villalobos-ex-secretario-padres\/#primaryimage\"},\"thumbnailUrl\":\"https:\/\/www.sonoraenequipo.com.mx\/storage\/2017\/12\/carlosvillalobos_opt.jpg\",\"datePublished\":\"2017-12-31T00:30:22+00:00\",\"dateModified\":\"2017-12-31T03:58:19+00:00\",\"description\":\"CIUDAD DE M\u00c9XICO. MX.\u2014 El ex Secretario de Guillermo Padr\u00e9s, Carlos Villalobos fue detenido este s\u00e1bado en Arizona, tras unas cuantas horas de liberaci\u00f3n, En Sonora en Equipo publicamos toda la informaci\u00f3n de Sonora, M\u00e9xico y el Mundo de manera oportuna y busca que la libertad de expresi\u00f3n sea real. Visita nuestro medio informativo publicado desde Hermosillo, Sonora. %\",\"breadcrumb\":{\"@id\":\"https:\/\/www.sonoraenequipo.com.mx\/reaprehende-eeuu-carlos-villalobos-ex-secretario-padres\/#breadcrumb\"},\"inLanguage\":\"es\",\"potentialAction\":[{\"@type\":\"ReadAction\",\"target\":[\"https:\/\/www.sonoraenequipo.com.mx\/reaprehende-eeuu-carlos-villalobos-ex-secretario-padres\/\"]}]},{\"@type\":\"ImageObject\",\"inLanguage\":\"es\",\"@id\":\"https:\/\/www.sonoraenequipo.com.mx\/reaprehende-eeuu-carlos-villalobos-ex-secretario-padres\/#primaryimage\",\"url\":\"https:\/\/www.sonoraenequipo.com.mx\/storage\/2017\/12\/carlosvillalobos_opt.jpg\",\"contentUrl\":\"https:\/\/www.sonoraenequipo.com.mx\/storage\/2017\/12\/carlosvillalobos_opt.jpg\",\"width\":702,\"height\":400},{\"@type\":\"BreadcrumbList\",\"@id\":\"https:\/\/www.sonoraenequipo.com.mx\/reaprehende-eeuu-carlos-villalobos-ex-secretario-padres\/#breadcrumb\",\"itemListElement\":[{\"@type\":\"ListItem\",\"position\":1,\"name\":\"Portada\",\"item\":\"https:\/\/www.sonoraenequipo.com.mx\/\"},{\"@type\":\"ListItem\",\"position\":2,\"name\":\"Reaprehende EEUU a Carlos Villalobos, ex Secretario de Padr\u00e9s\"}]},{\"@type\":\"WebSite\",\"@id\":\"https:\/\/www.sonoraenequipo.com.mx\/#website\",\"url\":\"https:\/\/www.sonoraenequipo.com.mx\/\",\"name\":\"Sonora en Equipo.\",\"description\":\"Diario en l\u00ednea con Noticias desde Hermosillo, Sonora\",\"publisher\":{\"@id\":\"https:\/\/www.sonoraenequipo.com.mx\/#organization\"},\"potentialAction\":[{\"@type\":\"SearchAction\",\"target\":{\"@type\":\"EntryPoint\",\"urlTemplate\":\"https:\/\/www.sonoraenequipo.com.mx\/?s={search_term_string}\"},\"query-input\":{\"@type\":\"PropertyValueSpecification\",\"valueRequired\":true,\"valueName\":\"search_term_string\"}}],\"inLanguage\":\"es\"},{\"@type\":\"Organization\",\"@id\":\"https:\/\/www.sonoraenequipo.com.mx\/#organization\",\"name\":\"Sonoraenequipo.com.mx\",\"url\":\"https:\/\/www.sonoraenequipo.com.mx\/\",\"logo\":{\"@type\":\"ImageObject\",\"inLanguage\":\"es\",\"@id\":\"https:\/\/www.sonoraenequipo.com.mx\/#\/schema\/logo\/image\/\",\"url\":\"https:\/\/www.sonoraenequipo.com.mx\/storage\/2019\/01\/sonoraenequipo_opt.png\",\"contentUrl\":\"https:\/\/www.sonoraenequipo.com.mx\/storage\/2019\/01\/sonoraenequipo_opt.png\",\"width\":375,\"height\":125,\"caption\":\"Sonoraenequipo.com.mx\"},\"image\":{\"@id\":\"https:\/\/www.sonoraenequipo.com.mx\/#\/schema\/logo\/image\/\"},\"sameAs\":[\"https:\/\/www.facebook.com\/SonoraEE\/\",\"https:\/\/x.com\/sonoraenequipo\",\"https:\/\/www.youtube.com\/channel\/UC338nW-lPEYmJQs4ZABQ1SQ\"]},{\"@type\":\"Person\",\"@id\":\"https:\/\/www.sonoraenequipo.com.mx\/#\/schema\/person\/50102df0fb23a8fa9e8effad8fa81386\",\"name\":\"enequipo\",\"image\":{\"@type\":\"ImageObject\",\"inLanguage\":\"es\",\"@id\":\"https:\/\/www.sonoraenequipo.com.mx\/#\/schema\/person\/image\/\",\"url\":\"https:\/\/secure.gravatar.com\/avatar\/049821681b589dabc0bc20695993ccebb09f5b5d4d790cd9251b97faac7c652b?s=96&d=blank&r=g\",\"contentUrl\":\"https:\/\/secure.gravatar.com\/avatar\/049821681b589dabc0bc20695993ccebb09f5b5d4d790cd9251b97faac7c652b?s=96&d=blank&r=g\",\"caption\":\"enequipo\"},\"sameAs\":[\"https:\/\/www.facebook.com\/SonoraEE\"]}]}<\/script>\n ","yoast_head_json":{"title":"Sonora en Equipo. Reaprehende EEUU a Carlos Villalobos, ex Secretario de Padr\u00e9s Destacadas","description":"CIUDAD DE M\u00c9XICO. MX.\u2014 El ex Secretario de Guillermo Padr\u00e9s, Carlos Villalobos fue detenido este s\u00e1bado en Arizona, tras unas cuantas horas de liberaci\u00f3n, En Sonora en Equipo publicamos toda la informaci\u00f3n de Sonora, M\u00e9xico y el Mundo de manera oportuna y busca que la libertad de expresi\u00f3n sea real. Visita nuestro medio informativo publicado desde Hermosillo, Sonora. %","robots":{"index":"index","follow":"follow","max-snippet":"max-snippet:-1","max-image-preview":"max-image-preview:large","max-video-preview":"max-video-preview:-1"},"canonical":"https:\/\/www.sonoraenequipo.com.mx\/reaprehende-eeuu-carlos-villalobos-ex-secretario-padres\/","og_locale":"es_ES","og_type":"article","og_title":"Sonora en Equipo. Reaprehende EEUU a Carlos Villalobos, ex Secretario de Padr\u00e9s Destacadas","og_description":"CIUDAD DE M\u00c9XICO. MX.\u2014 El ex Secretario de Guillermo Padr\u00e9s, Carlos Villalobos fue detenido este s\u00e1bado en Arizona, tras unas cuantas horas de liberaci\u00f3n, En Sonora en Equipo publicamos toda la informaci\u00f3n de Sonora, M\u00e9xico y el Mundo de manera oportuna y busca que la libertad de expresi\u00f3n sea real. Visita nuestro medio informativo publicado desde Hermosillo, Sonora. %","og_url":"https:\/\/www.sonoraenequipo.com.mx\/reaprehende-eeuu-carlos-villalobos-ex-secretario-padres\/","og_site_name":"Sonora en Equipo.","article_publisher":"https:\/\/www.facebook.com\/SonoraEE\/","article_author":"https:\/\/www.facebook.com\/SonoraEE","article_published_time":"2017-12-31T00:30:22+00:00","article_modified_time":"2017-12-31T03:58:19+00:00","og_image":[{"width":702,"height":400,"url":"https:\/\/www.sonoraenequipo.com.mx\/storage\/2017\/12\/carlosvillalobos_opt.jpg","type":"image\/jpeg"}],"author":"enequipo","twitter_card":"summary_large_image","twitter_creator":"@sonoraenequipo","twitter_site":"@sonoraenequipo","twitter_misc":{"Escrito por":"enequipo","Tiempo de lectura":"1 minuto"},"schema":{"@context":"https:\/\/schema.org","@graph":[{"@type":"Article","@id":"https:\/\/www.sonoraenequipo.com.mx\/reaprehende-eeuu-carlos-villalobos-ex-secretario-padres\/#article","isPartOf":{"@id":"https:\/\/www.sonoraenequipo.com.mx\/reaprehende-eeuu-carlos-villalobos-ex-secretario-padres\/"},"author":{"name":"enequipo","@id":"https:\/\/www.sonoraenequipo.com.mx\/#\/schema\/person\/50102df0fb23a8fa9e8effad8fa81386"},"headline":"Reaprehende EEUU a Carlos Villalobos, ex Secretario de Padr\u00e9s","datePublished":"2017-12-31T00:30:22+00:00","dateModified":"2017-12-31T03:58:19+00:00","mainEntityOfPage":{"@id":"https:\/\/www.sonoraenequipo.com.mx\/reaprehende-eeuu-carlos-villalobos-ex-secretario-padres\/"},"wordCount":143,"commentCount":0,"publisher":{"@id":"https:\/\/www.sonoraenequipo.com.mx\/#organization"},"image":{"@id":"https:\/\/www.sonoraenequipo.com.mx\/reaprehende-eeuu-carlos-villalobos-ex-secretario-padres\/#primaryimage"},"thumbnailUrl":"https:\/\/www.sonoraenequipo.com.mx\/storage\/2017\/12\/carlosvillalobos_opt.jpg","articleSection":["Destacadas","Sonora"],"inLanguage":"es","potentialAction":[{"@type":"CommentAction","name":"Comment","target":["https:\/\/www.sonoraenequipo.com.mx\/reaprehende-eeuu-carlos-villalobos-ex-secretario-padres\/#respond"]}]},{"@type":"WebPage","@id":"https:\/\/www.sonoraenequipo.com.mx\/reaprehende-eeuu-carlos-villalobos-ex-secretario-padres\/","url":"https:\/\/www.sonoraenequipo.com.mx\/reaprehende-eeuu-carlos-villalobos-ex-secretario-padres\/","name":"Sonora en Equipo. Reaprehende EEUU a Carlos Villalobos, ex Secretario de Padr\u00e9s Destacadas","isPartOf":{"@id":"https:\/\/www.sonoraenequipo.com.mx\/#website"},"primaryImageOfPage":{"@id":"https:\/\/www.sonoraenequipo.com.mx\/reaprehende-eeuu-carlos-villalobos-ex-secretario-padres\/#primaryimage"},"image":{"@id":"https:\/\/www.sonoraenequipo.com.mx\/reaprehende-eeuu-carlos-villalobos-ex-secretario-padres\/#primaryimage"},"thumbnailUrl":"https:\/\/www.sonoraenequipo.com.mx\/storage\/2017\/12\/carlosvillalobos_opt.jpg","datePublished":"2017-12-31T00:30:22+00:00","dateModified":"2017-12-31T03:58:19+00:00","description":"CIUDAD DE M\u00c9XICO. MX.\u2014 El ex Secretario de Guillermo Padr\u00e9s, Carlos Villalobos fue detenido este s\u00e1bado en Arizona, tras unas cuantas horas de liberaci\u00f3n, En Sonora en Equipo publicamos toda la informaci\u00f3n de Sonora, M\u00e9xico y el Mundo de manera oportuna y busca que la libertad de expresi\u00f3n sea real. Visita nuestro medio informativo publicado desde Hermosillo, Sonora. %","breadcrumb":{"@id":"https:\/\/www.sonoraenequipo.com.mx\/reaprehende-eeuu-carlos-villalobos-ex-secretario-padres\/#breadcrumb"},"inLanguage":"es","potentialAction":[{"@type":"ReadAction","target":["https:\/\/www.sonoraenequipo.com.mx\/reaprehende-eeuu-carlos-villalobos-ex-secretario-padres\/"]}]},{"@type":"ImageObject","inLanguage":"es","@id":"https:\/\/www.sonoraenequipo.com.mx\/reaprehende-eeuu-carlos-villalobos-ex-secretario-padres\/#primaryimage","url":"https:\/\/www.sonoraenequipo.com.mx\/storage\/2017\/12\/carlosvillalobos_opt.jpg","contentUrl":"https:\/\/www.sonoraenequipo.com.mx\/storage\/2017\/12\/carlosvillalobos_opt.jpg","width":702,"height":400},{"@type":"BreadcrumbList","@id":"https:\/\/www.sonoraenequipo.com.mx\/reaprehende-eeuu-carlos-villalobos-ex-secretario-padres\/#breadcrumb","itemListElement":[{"@type":"ListItem","position":1,"name":"Portada","item":"https:\/\/www.sonoraenequipo.com.mx\/"},{"@type":"ListItem","position":2,"name":"Reaprehende EEUU a Carlos Villalobos, ex Secretario de Padr\u00e9s"}]},{"@type":"WebSite","@id":"https:\/\/www.sonoraenequipo.com.mx\/#website","url":"https:\/\/www.sonoraenequipo.com.mx\/","name":"Sonora en Equipo.","description":"Diario en l\u00ednea con Noticias desde Hermosillo, Sonora","publisher":{"@id":"https:\/\/www.sonoraenequipo.com.mx\/#organization"},"potentialAction":[{"@type":"SearchAction","target":{"@type":"EntryPoint","urlTemplate":"https:\/\/www.sonoraenequipo.com.mx\/?s={search_term_string}"},"query-input":{"@type":"PropertyValueSpecification","valueRequired":true,"valueName":"search_term_string"}}],"inLanguage":"es"},{"@type":"Organization","@id":"https:\/\/www.sonoraenequipo.com.mx\/#organization","name":"Sonoraenequipo.com.mx","url":"https:\/\/www.sonoraenequipo.com.mx\/","logo":{"@type":"ImageObject","inLanguage":"es","@id":"https:\/\/www.sonoraenequipo.com.mx\/#\/schema\/logo\/image\/","url":"https:\/\/www.sonoraenequipo.com.mx\/storage\/2019\/01\/sonoraenequipo_opt.png","contentUrl":"https:\/\/www.sonoraenequipo.com.mx\/storage\/2019\/01\/sonoraenequipo_opt.png","width":375,"height":125,"caption":"Sonoraenequipo.com.mx"},"image":{"@id":"https:\/\/www.sonoraenequipo.com.mx\/#\/schema\/logo\/image\/"},"sameAs":["https:\/\/www.facebook.com\/SonoraEE\/","https:\/\/x.com\/sonoraenequipo","https:\/\/www.youtube.com\/channel\/UC338nW-lPEYmJQs4ZABQ1SQ"]},{"@type":"Person","@id":"https:\/\/www.sonoraenequipo.com.mx\/#\/schema\/person\/50102df0fb23a8fa9e8effad8fa81386","name":"enequipo","image":{"@type":"ImageObject","inLanguage":"es","@id":"https:\/\/www.sonoraenequipo.com.mx\/#\/schema\/person\/image\/","url":"https:\/\/secure.gravatar.com\/avatar\/049821681b589dabc0bc20695993ccebb09f5b5d4d790cd9251b97faac7c652b?s=96&d=blank&r=g","contentUrl":"https:\/\/secure.gravatar.com\/avatar\/049821681b589dabc0bc20695993ccebb09f5b5d4d790cd9251b97faac7c652b?s=96&d=blank&r=g","caption":"enequipo"},"sameAs":["https:\/\/www.facebook.com\/SonoraEE"]}]}},"jetpack_featured_media_url":"https:\/\/www.sonoraenequipo.com.mx\/storage\/2017\/12\/carlosvillalobos_opt.jpg","_links":{"self":[{"href":"https:\/\/www.sonoraenequipo.com.mx\/api\/wp\/v2\/posts\/30342","targetHints":{"allow":["GET"]}}],"collection":[{"href":"https:\/\/www.sonoraenequipo.com.mx\/api\/wp\/v2\/posts"}],"about":[{"href":"https:\/\/www.sonoraenequipo.com.mx\/api\/wp\/v2\/types\/post"}],"author":[{"embeddable":true,"href":"https:\/\/www.sonoraenequipo.com.mx\/api\/wp\/v2\/users\/1"}],"replies":[{"embeddable":true,"href":"https:\/\/www.sonoraenequipo.com.mx\/api\/wp\/v2\/comments?post=30342"}],"version-history":[{"count":0,"href":"https:\/\/www.sonoraenequipo.com.mx\/api\/wp\/v2\/posts\/30342\/revisions"}],"wp:featuredmedia":[{"embeddable":true,"href":"https:\/\/www.sonoraenequipo.com.mx\/api\/wp\/v2\/media\/30343"}],"wp:attachment":[{"href":"https:\/\/www.sonoraenequipo.com.mx\/api\/wp\/v2\/media?parent=30342"}],"wp:term":[{"taxonomy":"category","embeddable":true,"href":"https:\/\/www.sonoraenequipo.com.mx\/api\/wp\/v2\/categories?post=30342"},{"taxonomy":"post_tag","embeddable":true,"href":"https:\/\/www.sonoraenequipo.com.mx\/api\/wp\/v2\/tags?post=30342"}],"curies":[{"name":"wp","href":"https:\/\/api.w.org\/{rel}","templated":true}]}}