{"id":30345,"date":"2017-12-30T17:50:49","date_gmt":"2017-12-31T00:50:49","guid":{"rendered":"http:\/\/www.sonoraenequipo.com.mx\/?p=30345"},"modified":"2017-12-30T21:06:51","modified_gmt":"2017-12-31T04:06:51","slug":"titular-la-sep-otto-granados-roldan-le-entra-al-golpeteo-electoral-amlo","status":"publish","type":"post","link":"https:\/\/www.sonoraenequipo.com.mx\/titular-la-sep-otto-granados-roldan-le-entra-al-golpeteo-electoral-amlo\/","title":{"rendered":"El titular de la SEP, Otto Granados Roldan le entra al golpeteo electoral contra AMLO"},"content":{"rendered":"<p>CIUDAD DE M\u00c9XICO. MX. \u2014 Aunque sin nombrarlo directamente, Otto Granados, Secretario de Educaci\u00f3n, arremeti\u00f3 en Twitter contra Andr\u00e9s Manuel L\u00f3pez Obrador, a quien calific\u00f3 de <em>\u00aborate\u00bb<\/em> y con problemas de salud mental.<\/p>\n<p> <\/p>\n<p>Esta semana, de visita en Tabasco, L\u00f3pez Obrador anunci\u00f3 su compromiso de cancelar la reforma educativa y acordar un nuevo plan junto con el magisterio.<\/p>\n<p><em>\u00ab\u00bfEs posible debatir con un orate? \u00bfY as\u00ed sue\u00f1a con ser una opci\u00f3n? M\u00e1s all\u00e1 de sus problemas de senilidad y salud mental, le faltan ideas, argumentos, razones, hechos, datos duros y verificables, y le sobra demagogia, falsedad e inmoralidad\u00bb,<\/em> escribi\u00f3.<\/p>\n<p>En otro tuit hizo alusi\u00f3n al proceso electoral del pr\u00f3ximo a\u00f1o.<\/p>\n<p><em>\u00abEl orate me recuerda tanto la sabia admonici\u00f3n de Shakespeare cuando hace decir al Conde de Gloucester<\/em>: <em>\u201cdesgraciados los tiempos en que los locos llevan de la mano a los ciegos\u201d. Por M\u00e9xico, teng\u00e1moslo en cuenta en 2018&#8243;,<\/em> asegur\u00f3.<\/p>\n<p>Ante las cr\u00edticas que surgieron por su mensaje, Granados se justific\u00f3 bajo el argumento de que <em>\u00abhay que defender aquello en lo que se cree honestamente. Y el que calla otorga\u00bb.<\/em><\/p>\n<p>Asimismo, se manifest\u00f3 por defender a capa y espada la reforma educativa, a fin de que los ni\u00f1os mexicanos tengan acceso a una educaci\u00f3n de calidad.<\/p>\n<p><em>\u00abSe\u00f1or Secretario de Educaci\u00f3n le clonaron su cuenta?? O ya de plano entra a campa\u00f1a sin separarse de tan prestigiado cargo en el \u00e1rea de golpe\u00f3 y descontones&#8230; #SiJoseVasconcelosViviera\u00bb<\/em>, cuestion\u00f3 el diputado perredista, Guadalupe Acosta Naranjo.<\/p>\n<p>(Fecha de publicaci\u00f3n 30122017)<\/p>\n","protected":false},"excerpt":{"rendered":"<p>CIUDAD DE M\u00c9XICO. MX. \u2014 Aunque sin nombrarlo directamente, Otto Granados, Secretario de Educaci\u00f3n, arremeti\u00f3&#8230;<\/p>\n","protected":false},"author":1,"featured_media":30348,"comment_status":"open","ping_status":"open","sticky":false,"template":"","format":"standard","meta":{"_monsterinsights_skip_tracking":false,"_monsterinsights_sitenote_active":false,"_monsterinsights_sitenote_note":"","_monsterinsights_sitenote_category":0,"footnotes":""},"categories":[13,5],"tags":[],"class_list":["post"],"yoast_head":" \n<title>Sonora en Equipo. El titular de la SEP, Otto Granados Roldan le entra al golpeteo electoral contra AMLO Destacadas<\/title>\n<meta name=\"description\" content=\"CIUDAD DE M\u00c9XICO. MX. \u2014 Aunque sin nombrarlo directamente, Otto Granados, Secretario de Educaci\u00f3n, arremeti\u00f3 en Twitter contra Andr\u00e9s Manuel L\u00f3pez En Sonora en Equipo publicamos toda la informaci\u00f3n de Sonora, M\u00e9xico y el Mundo de manera oportuna y busca que la libertad de expresi\u00f3n sea real. Visita nuestro medio informativo publicado desde Hermosillo, Sonora. %\" \/>\n<meta name=\"robots\" content=\"index, follow, max-snippet:-1, max-image-preview:large, max-video-preview:-1\" \/>\n<link rel=\"canonical\" href=\"https:\/\/www.sonoraenequipo.com.mx\/titular-la-sep-otto-granados-roldan-le-entra-al-golpeteo-electoral-amlo\/\" \/>\n<meta property=\"og:locale\" content=\"es_ES\" \/>\n<meta property=\"og:type\" content=\"article\" \/>\n<meta property=\"og:title\" content=\"Sonora en Equipo. El titular de la SEP, Otto Granados Roldan le entra al golpeteo electoral contra AMLO Destacadas\" \/>\n<meta property=\"og:description\" content=\"CIUDAD DE M\u00c9XICO. MX. \u2014 Aunque sin nombrarlo directamente, Otto Granados, Secretario de Educaci\u00f3n, arremeti\u00f3 en Twitter contra Andr\u00e9s Manuel L\u00f3pez En Sonora en Equipo publicamos toda la informaci\u00f3n de Sonora, M\u00e9xico y el Mundo de manera oportuna y busca que la libertad de expresi\u00f3n sea real. Visita nuestro medio informativo publicado desde Hermosillo, Sonora. %\" \/>\n<meta property=\"og:url\" content=\"https:\/\/www.sonoraenequipo.com.mx\/titular-la-sep-otto-granados-roldan-le-entra-al-golpeteo-electoral-amlo\/\" \/>\n<meta property=\"og:site_name\" content=\"Sonora en Equipo.\" \/>\n<meta property=\"article:publisher\" content=\"https:\/\/www.facebook.com\/SonoraEE\/\" \/>\n<meta property=\"article:author\" content=\"https:\/\/www.facebook.com\/SonoraEE\" \/>\n<meta property=\"article:published_time\" content=\"2017-12-31T00:50:49+00:00\" \/>\n<meta property=\"article:modified_time\" content=\"2017-12-31T04:06:51+00:00\" \/>\n<meta property=\"og:image\" content=\"https:\/\/www.sonoraenequipo.com.mx\/storage\/2017\/12\/OTTO_opt.jpg\" \/>\n\t<meta property=\"og:image:width\" content=\"579\" \/>\n\t<meta property=\"og:image:height\" content=\"400\" \/>\n\t<meta property=\"og:image:type\" content=\"image\/jpeg\" \/>\n<meta name=\"author\" content=\"enequipo\" \/>\n<meta name=\"twitter:card\" content=\"summary_large_image\" \/>\n<meta name=\"twitter:creator\" content=\"@sonoraenequipo\" \/>\n<meta name=\"twitter:site\" content=\"@sonoraenequipo\" \/>\n<meta name=\"twitter:label1\" content=\"Escrito por\" \/>\n\t<meta name=\"twitter:data1\" content=\"enequipo\" \/>\n\t<meta name=\"twitter:label2\" content=\"Tiempo de lectura\" \/>\n\t<meta name=\"twitter:data2\" content=\"1 minuto\" \/>\n<script type=\"application\/ld+json\" class=\"yoast-schema-graph\">{\"@context\":\"https:\/\/schema.org\",\"@graph\":[{\"@type\":\"Article\",\"@id\":\"https:\/\/www.sonoraenequipo.com.mx\/titular-la-sep-otto-granados-roldan-le-entra-al-golpeteo-electoral-amlo\/#article\",\"isPartOf\":{\"@id\":\"https:\/\/www.sonoraenequipo.com.mx\/titular-la-sep-otto-granados-roldan-le-entra-al-golpeteo-electoral-amlo\/\"},\"author\":{\"name\":\"enequipo\",\"@id\":\"https:\/\/www.sonoraenequipo.com.mx\/#\/schema\/person\/50102df0fb23a8fa9e8effad8fa81386\"},\"headline\":\"El titular de la SEP, Otto Granados Roldan le entra al golpeteo electoral contra AMLO\",\"datePublished\":\"2017-12-31T00:50:49+00:00\",\"dateModified\":\"2017-12-31T04:06:51+00:00\",\"mainEntityOfPage\":{\"@id\":\"https:\/\/www.sonoraenequipo.com.mx\/titular-la-sep-otto-granados-roldan-le-entra-al-golpeteo-electoral-amlo\/\"},\"wordCount\":279,\"commentCount\":0,\"publisher\":{\"@id\":\"https:\/\/www.sonoraenequipo.com.mx\/#organization\"},\"image\":{\"@id\":\"https:\/\/www.sonoraenequipo.com.mx\/titular-la-sep-otto-granados-roldan-le-entra-al-golpeteo-electoral-amlo\/#primaryimage\"},\"thumbnailUrl\":\"https:\/\/www.sonoraenequipo.com.mx\/storage\/2017\/12\/OTTO_opt.jpg\",\"articleSection\":[\"Destacadas\",\"Rep\u00fablica\"],\"inLanguage\":\"es\",\"potentialAction\":[{\"@type\":\"CommentAction\",\"name\":\"Comment\",\"target\":[\"https:\/\/www.sonoraenequipo.com.mx\/titular-la-sep-otto-granados-roldan-le-entra-al-golpeteo-electoral-amlo\/#respond\"]}]},{\"@type\":\"WebPage\",\"@id\":\"https:\/\/www.sonoraenequipo.com.mx\/titular-la-sep-otto-granados-roldan-le-entra-al-golpeteo-electoral-amlo\/\",\"url\":\"https:\/\/www.sonoraenequipo.com.mx\/titular-la-sep-otto-granados-roldan-le-entra-al-golpeteo-electoral-amlo\/\",\"name\":\"Sonora en Equipo. El titular de la SEP, Otto Granados Roldan le entra al golpeteo electoral contra AMLO Destacadas\",\"isPartOf\":{\"@id\":\"https:\/\/www.sonoraenequipo.com.mx\/#website\"},\"primaryImageOfPage\":{\"@id\":\"https:\/\/www.sonoraenequipo.com.mx\/titular-la-sep-otto-granados-roldan-le-entra-al-golpeteo-electoral-amlo\/#primaryimage\"},\"image\":{\"@id\":\"https:\/\/www.sonoraenequipo.com.mx\/titular-la-sep-otto-granados-roldan-le-entra-al-golpeteo-electoral-amlo\/#primaryimage\"},\"thumbnailUrl\":\"https:\/\/www.sonoraenequipo.com.mx\/storage\/2017\/12\/OTTO_opt.jpg\",\"datePublished\":\"2017-12-31T00:50:49+00:00\",\"dateModified\":\"2017-12-31T04:06:51+00:00\",\"description\":\"CIUDAD DE M\u00c9XICO. MX. \u2014 Aunque sin nombrarlo directamente, Otto Granados, Secretario de Educaci\u00f3n, arremeti\u00f3 en Twitter contra Andr\u00e9s Manuel L\u00f3pez En Sonora en Equipo publicamos toda la informaci\u00f3n de Sonora, M\u00e9xico y el Mundo de manera oportuna y busca que la libertad de expresi\u00f3n sea real. Visita nuestro medio informativo publicado desde Hermosillo, Sonora. %\",\"breadcrumb\":{\"@id\":\"https:\/\/www.sonoraenequipo.com.mx\/titular-la-sep-otto-granados-roldan-le-entra-al-golpeteo-electoral-amlo\/#breadcrumb\"},\"inLanguage\":\"es\",\"potentialAction\":[{\"@type\":\"ReadAction\",\"target\":[\"https:\/\/www.sonoraenequipo.com.mx\/titular-la-sep-otto-granados-roldan-le-entra-al-golpeteo-electoral-amlo\/\"]}]},{\"@type\":\"ImageObject\",\"inLanguage\":\"es\",\"@id\":\"https:\/\/www.sonoraenequipo.com.mx\/titular-la-sep-otto-granados-roldan-le-entra-al-golpeteo-electoral-amlo\/#primaryimage\",\"url\":\"https:\/\/www.sonoraenequipo.com.mx\/storage\/2017\/12\/OTTO_opt.jpg\",\"contentUrl\":\"https:\/\/www.sonoraenequipo.com.mx\/storage\/2017\/12\/OTTO_opt.jpg\",\"width\":579,\"height\":400},{\"@type\":\"BreadcrumbList\",\"@id\":\"https:\/\/www.sonoraenequipo.com.mx\/titular-la-sep-otto-granados-roldan-le-entra-al-golpeteo-electoral-amlo\/#breadcrumb\",\"itemListElement\":[{\"@type\":\"ListItem\",\"position\":1,\"name\":\"Portada\",\"item\":\"https:\/\/www.sonoraenequipo.com.mx\/\"},{\"@type\":\"ListItem\",\"position\":2,\"name\":\"El titular de la SEP, Otto Granados Roldan le entra al golpeteo electoral contra AMLO\"}]},{\"@type\":\"WebSite\",\"@id\":\"https:\/\/www.sonoraenequipo.com.mx\/#website\",\"url\":\"https:\/\/www.sonoraenequipo.com.mx\/\",\"name\":\"Sonora en Equipo.\",\"description\":\"Diario en l\u00ednea con Noticias desde Hermosillo, Sonora\",\"publisher\":{\"@id\":\"https:\/\/www.sonoraenequipo.com.mx\/#organization\"},\"potentialAction\":[{\"@type\":\"SearchAction\",\"target\":{\"@type\":\"EntryPoint\",\"urlTemplate\":\"https:\/\/www.sonoraenequipo.com.mx\/?s={search_term_string}\"},\"query-input\":{\"@type\":\"PropertyValueSpecification\",\"valueRequired\":true,\"valueName\":\"search_term_string\"}}],\"inLanguage\":\"es\"},{\"@type\":\"Organization\",\"@id\":\"https:\/\/www.sonoraenequipo.com.mx\/#organization\",\"name\":\"Sonoraenequipo.com.mx\",\"url\":\"https:\/\/www.sonoraenequipo.com.mx\/\",\"logo\":{\"@type\":\"ImageObject\",\"inLanguage\":\"es\",\"@id\":\"https:\/\/www.sonoraenequipo.com.mx\/#\/schema\/logo\/image\/\",\"url\":\"https:\/\/www.sonoraenequipo.com.mx\/storage\/2019\/01\/sonoraenequipo_opt.png\",\"contentUrl\":\"https:\/\/www.sonoraenequipo.com.mx\/storage\/2019\/01\/sonoraenequipo_opt.png\",\"width\":375,\"height\":125,\"caption\":\"Sonoraenequipo.com.mx\"},\"image\":{\"@id\":\"https:\/\/www.sonoraenequipo.com.mx\/#\/schema\/logo\/image\/\"},\"sameAs\":[\"https:\/\/www.facebook.com\/SonoraEE\/\",\"https:\/\/x.com\/sonoraenequipo\",\"https:\/\/www.youtube.com\/channel\/UC338nW-lPEYmJQs4ZABQ1SQ\"]},{\"@type\":\"Person\",\"@id\":\"https:\/\/www.sonoraenequipo.com.mx\/#\/schema\/person\/50102df0fb23a8fa9e8effad8fa81386\",\"name\":\"enequipo\",\"image\":{\"@type\":\"ImageObject\",\"inLanguage\":\"es\",\"@id\":\"https:\/\/www.sonoraenequipo.com.mx\/#\/schema\/person\/image\/\",\"url\":\"https:\/\/secure.gravatar.com\/avatar\/049821681b589dabc0bc20695993ccebb09f5b5d4d790cd9251b97faac7c652b?s=96&d=blank&r=g\",\"contentUrl\":\"https:\/\/secure.gravatar.com\/avatar\/049821681b589dabc0bc20695993ccebb09f5b5d4d790cd9251b97faac7c652b?s=96&d=blank&r=g\",\"caption\":\"enequipo\"},\"sameAs\":[\"https:\/\/www.facebook.com\/SonoraEE\"]}]}<\/script>\n ","yoast_head_json":{"title":"Sonora en Equipo. El titular de la SEP, Otto Granados Roldan le entra al golpeteo electoral contra AMLO Destacadas","description":"CIUDAD DE M\u00c9XICO. MX. \u2014 Aunque sin nombrarlo directamente, Otto Granados, Secretario de Educaci\u00f3n, arremeti\u00f3 en Twitter contra Andr\u00e9s Manuel L\u00f3pez En Sonora en Equipo publicamos toda la informaci\u00f3n de Sonora, M\u00e9xico y el Mundo de manera oportuna y busca que la libertad de expresi\u00f3n sea real. Visita nuestro medio informativo publicado desde Hermosillo, Sonora. %","robots":{"index":"index","follow":"follow","max-snippet":"max-snippet:-1","max-image-preview":"max-image-preview:large","max-video-preview":"max-video-preview:-1"},"canonical":"https:\/\/www.sonoraenequipo.com.mx\/titular-la-sep-otto-granados-roldan-le-entra-al-golpeteo-electoral-amlo\/","og_locale":"es_ES","og_type":"article","og_title":"Sonora en Equipo. El titular de la SEP, Otto Granados Roldan le entra al golpeteo electoral contra AMLO Destacadas","og_description":"CIUDAD DE M\u00c9XICO. MX. \u2014 Aunque sin nombrarlo directamente, Otto Granados, Secretario de Educaci\u00f3n, arremeti\u00f3 en Twitter contra Andr\u00e9s Manuel L\u00f3pez En Sonora en Equipo publicamos toda la informaci\u00f3n de Sonora, M\u00e9xico y el Mundo de manera oportuna y busca que la libertad de expresi\u00f3n sea real. Visita nuestro medio informativo publicado desde Hermosillo, Sonora. %","og_url":"https:\/\/www.sonoraenequipo.com.mx\/titular-la-sep-otto-granados-roldan-le-entra-al-golpeteo-electoral-amlo\/","og_site_name":"Sonora en Equipo.","article_publisher":"https:\/\/www.facebook.com\/SonoraEE\/","article_author":"https:\/\/www.facebook.com\/SonoraEE","article_published_time":"2017-12-31T00:50:49+00:00","article_modified_time":"2017-12-31T04:06:51+00:00","og_image":[{"width":579,"height":400,"url":"https:\/\/www.sonoraenequipo.com.mx\/storage\/2017\/12\/OTTO_opt.jpg","type":"image\/jpeg"}],"author":"enequipo","twitter_card":"summary_large_image","twitter_creator":"@sonoraenequipo","twitter_site":"@sonoraenequipo","twitter_misc":{"Escrito por":"enequipo","Tiempo de lectura":"1 minuto"},"schema":{"@context":"https:\/\/schema.org","@graph":[{"@type":"Article","@id":"https:\/\/www.sonoraenequipo.com.mx\/titular-la-sep-otto-granados-roldan-le-entra-al-golpeteo-electoral-amlo\/#article","isPartOf":{"@id":"https:\/\/www.sonoraenequipo.com.mx\/titular-la-sep-otto-granados-roldan-le-entra-al-golpeteo-electoral-amlo\/"},"author":{"name":"enequipo","@id":"https:\/\/www.sonoraenequipo.com.mx\/#\/schema\/person\/50102df0fb23a8fa9e8effad8fa81386"},"headline":"El titular de la SEP, Otto Granados Roldan le entra al golpeteo electoral contra AMLO","datePublished":"2017-12-31T00:50:49+00:00","dateModified":"2017-12-31T04:06:51+00:00","mainEntityOfPage":{"@id":"https:\/\/www.sonoraenequipo.com.mx\/titular-la-sep-otto-granados-roldan-le-entra-al-golpeteo-electoral-amlo\/"},"wordCount":279,"commentCount":0,"publisher":{"@id":"https:\/\/www.sonoraenequipo.com.mx\/#organization"},"image":{"@id":"https:\/\/www.sonoraenequipo.com.mx\/titular-la-sep-otto-granados-roldan-le-entra-al-golpeteo-electoral-amlo\/#primaryimage"},"thumbnailUrl":"https:\/\/www.sonoraenequipo.com.mx\/storage\/2017\/12\/OTTO_opt.jpg","articleSection":["Destacadas","Rep\u00fablica"],"inLanguage":"es","potentialAction":[{"@type":"CommentAction","name":"Comment","target":["https:\/\/www.sonoraenequipo.com.mx\/titular-la-sep-otto-granados-roldan-le-entra-al-golpeteo-electoral-amlo\/#respond"]}]},{"@type":"WebPage","@id":"https:\/\/www.sonoraenequipo.com.mx\/titular-la-sep-otto-granados-roldan-le-entra-al-golpeteo-electoral-amlo\/","url":"https:\/\/www.sonoraenequipo.com.mx\/titular-la-sep-otto-granados-roldan-le-entra-al-golpeteo-electoral-amlo\/","name":"Sonora en Equipo. El titular de la SEP, Otto Granados Roldan le entra al golpeteo electoral contra AMLO Destacadas","isPartOf":{"@id":"https:\/\/www.sonoraenequipo.com.mx\/#website"},"primaryImageOfPage":{"@id":"https:\/\/www.sonoraenequipo.com.mx\/titular-la-sep-otto-granados-roldan-le-entra-al-golpeteo-electoral-amlo\/#primaryimage"},"image":{"@id":"https:\/\/www.sonoraenequipo.com.mx\/titular-la-sep-otto-granados-roldan-le-entra-al-golpeteo-electoral-amlo\/#primaryimage"},"thumbnailUrl":"https:\/\/www.sonoraenequipo.com.mx\/storage\/2017\/12\/OTTO_opt.jpg","datePublished":"2017-12-31T00:50:49+00:00","dateModified":"2017-12-31T04:06:51+00:00","description":"CIUDAD DE M\u00c9XICO. MX. \u2014 Aunque sin nombrarlo directamente, Otto Granados, Secretario de Educaci\u00f3n, arremeti\u00f3 en Twitter contra Andr\u00e9s Manuel L\u00f3pez En Sonora en Equipo publicamos toda la informaci\u00f3n de Sonora, M\u00e9xico y el Mundo de manera oportuna y busca que la libertad de expresi\u00f3n sea real. Visita nuestro medio informativo publicado desde Hermosillo, Sonora. %","breadcrumb":{"@id":"https:\/\/www.sonoraenequipo.com.mx\/titular-la-sep-otto-granados-roldan-le-entra-al-golpeteo-electoral-amlo\/#breadcrumb"},"inLanguage":"es","potentialAction":[{"@type":"ReadAction","target":["https:\/\/www.sonoraenequipo.com.mx\/titular-la-sep-otto-granados-roldan-le-entra-al-golpeteo-electoral-amlo\/"]}]},{"@type":"ImageObject","inLanguage":"es","@id":"https:\/\/www.sonoraenequipo.com.mx\/titular-la-sep-otto-granados-roldan-le-entra-al-golpeteo-electoral-amlo\/#primaryimage","url":"https:\/\/www.sonoraenequipo.com.mx\/storage\/2017\/12\/OTTO_opt.jpg","contentUrl":"https:\/\/www.sonoraenequipo.com.mx\/storage\/2017\/12\/OTTO_opt.jpg","width":579,"height":400},{"@type":"BreadcrumbList","@id":"https:\/\/www.sonoraenequipo.com.mx\/titular-la-sep-otto-granados-roldan-le-entra-al-golpeteo-electoral-amlo\/#breadcrumb","itemListElement":[{"@type":"ListItem","position":1,"name":"Portada","item":"https:\/\/www.sonoraenequipo.com.mx\/"},{"@type":"ListItem","position":2,"name":"El titular de la SEP, Otto Granados Roldan le entra al golpeteo electoral contra AMLO"}]},{"@type":"WebSite","@id":"https:\/\/www.sonoraenequipo.com.mx\/#website","url":"https:\/\/www.sonoraenequipo.com.mx\/","name":"Sonora en Equipo.","description":"Diario en l\u00ednea con Noticias desde Hermosillo, Sonora","publisher":{"@id":"https:\/\/www.sonoraenequipo.com.mx\/#organization"},"potentialAction":[{"@type":"SearchAction","target":{"@type":"EntryPoint","urlTemplate":"https:\/\/www.sonoraenequipo.com.mx\/?s={search_term_string}"},"query-input":{"@type":"PropertyValueSpecification","valueRequired":true,"valueName":"search_term_string"}}],"inLanguage":"es"},{"@type":"Organization","@id":"https:\/\/www.sonoraenequipo.com.mx\/#organization","name":"Sonoraenequipo.com.mx","url":"https:\/\/www.sonoraenequipo.com.mx\/","logo":{"@type":"ImageObject","inLanguage":"es","@id":"https:\/\/www.sonoraenequipo.com.mx\/#\/schema\/logo\/image\/","url":"https:\/\/www.sonoraenequipo.com.mx\/storage\/2019\/01\/sonoraenequipo_opt.png","contentUrl":"https:\/\/www.sonoraenequipo.com.mx\/storage\/2019\/01\/sonoraenequipo_opt.png","width":375,"height":125,"caption":"Sonoraenequipo.com.mx"},"image":{"@id":"https:\/\/www.sonoraenequipo.com.mx\/#\/schema\/logo\/image\/"},"sameAs":["https:\/\/www.facebook.com\/SonoraEE\/","https:\/\/x.com\/sonoraenequipo","https:\/\/www.youtube.com\/channel\/UC338nW-lPEYmJQs4ZABQ1SQ"]},{"@type":"Person","@id":"https:\/\/www.sonoraenequipo.com.mx\/#\/schema\/person\/50102df0fb23a8fa9e8effad8fa81386","name":"enequipo","image":{"@type":"ImageObject","inLanguage":"es","@id":"https:\/\/www.sonoraenequipo.com.mx\/#\/schema\/person\/image\/","url":"https:\/\/secure.gravatar.com\/avatar\/049821681b589dabc0bc20695993ccebb09f5b5d4d790cd9251b97faac7c652b?s=96&d=blank&r=g","contentUrl":"https:\/\/secure.gravatar.com\/avatar\/049821681b589dabc0bc20695993ccebb09f5b5d4d790cd9251b97faac7c652b?s=96&d=blank&r=g","caption":"enequipo"},"sameAs":["https:\/\/www.facebook.com\/SonoraEE"]}]}},"jetpack_featured_media_url":"https:\/\/www.sonoraenequipo.com.mx\/storage\/2017\/12\/OTTO_opt.jpg","_links":{"self":[{"href":"https:\/\/www.sonoraenequipo.com.mx\/api\/wp\/v2\/posts\/30345","targetHints":{"allow":["GET"]}}],"collection":[{"href":"https:\/\/www.sonoraenequipo.com.mx\/api\/wp\/v2\/posts"}],"about":[{"href":"https:\/\/www.sonoraenequipo.com.mx\/api\/wp\/v2\/types\/post"}],"author":[{"embeddable":true,"href":"https:\/\/www.sonoraenequipo.com.mx\/api\/wp\/v2\/users\/1"}],"replies":[{"embeddable":true,"href":"https:\/\/www.sonoraenequipo.com.mx\/api\/wp\/v2\/comments?post=30345"}],"version-history":[{"count":0,"href":"https:\/\/www.sonoraenequipo.com.mx\/api\/wp\/v2\/posts\/30345\/revisions"}],"wp:featuredmedia":[{"embeddable":true,"href":"https:\/\/www.sonoraenequipo.com.mx\/api\/wp\/v2\/media\/30348"}],"wp:attachment":[{"href":"https:\/\/www.sonoraenequipo.com.mx\/api\/wp\/v2\/media?parent=30345"}],"wp:term":[{"taxonomy":"category","embeddable":true,"href":"https:\/\/www.sonoraenequipo.com.mx\/api\/wp\/v2\/categories?post=30345"},{"taxonomy":"post_tag","embeddable":true,"href":"https:\/\/www.sonoraenequipo.com.mx\/api\/wp\/v2\/tags?post=30345"}],"curies":[{"name":"wp","href":"https:\/\/api.w.org\/{rel}","templated":true}]}}