{"id":33496,"date":"2018-03-13T15:15:16","date_gmt":"2018-03-13T22:15:16","guid":{"rendered":"http:\/\/www.sonoraenequipo.com.mx\/?p=33496"},"modified":"2018-03-13T18:16:57","modified_gmt":"2018-03-14T01:16:57","slug":"pongamos-alto-tipo-violencia-escolar-sonora-kitty-gutierrez-mazon","status":"publish","type":"post","link":"https:\/\/www.sonoraenequipo.com.mx\/pongamos-alto-tipo-violencia-escolar-sonora-kitty-gutierrez-mazon\/","title":{"rendered":"Pongamos un alto a todo tipo de violencia escolar en Sonora: Kitty Guti\u00e9rrez Maz\u00f3n"},"content":{"rendered":"<p>HERMOSILLO, SONORA. MX. \u2014 A fin de que se combatan de manera conjunta por autoridades estatales los actos violentos en las escuelas del estado, la diputada Kitty Guti\u00e9rrez Maz\u00f3n present\u00f3 este martes ante el pleno del Congreso local una Iniciativa de Ley para prevenir, atender y erradicar la violencia escolar en la entidad.<\/p>\n<p> <\/p>\n<p>La iniciativa presentada por la legisladora se denomina Ley para una Convivencia Libre de Violencia Escolar para el Estado de Sonora, la cual est\u00e1 compuesta de 54 art\u00edculos distribuidos en Ocho Cap\u00edtulos.<\/p>\n<p>Guti\u00e9rrez Maz\u00f3n explic\u00f3 que en el Cap\u00edtulo II de la iniciativa se establece que quienes deber\u00e1n aplicar esta Ley son el Titular del Poder Ejecutivo, los Secretarios de Educaci\u00f3n, Salud y Seguridad P\u00fablica, contando para ello con el apoyo de maestros y padres de familia.<\/p>\n<p>Mencion\u00f3 que, de acuerdo a la Organizaci\u00f3n para la Cooperaci\u00f3n y el Desarrollo Econ\u00f3micos (OCDE), nuestro pa\u00eds ocupa el primer lugar a nivel internacional en casos de violencia escolar en educaci\u00f3n b\u00e1sica.<\/p>\n<p>La violencia escolar se define como cualquier forma de actividad violenta dentro del marco escolar que incluye el acoso escolar, abuso verbal y el abuso f\u00edsico.<\/p>\n<p>En lo que va de la actual administraci\u00f3n, aqu\u00ed en Sonora se han reportado 21 casos de violencia escolar, de los cuales 9 se registraron en Hermosillo.<\/p>\n<p><em>\u201cDesafortunadamente la violencia escolar no s\u00f3lo se da entre alumnos, sino que en el peor de los casos se da entre alumnos y maestros y \u00e9stos con los alumnos\u201d<\/em>, se\u00f1al\u00f3 Guti\u00e9rrez Maz\u00f3n.<\/p>\n<p>Puso como ejemplo lo ocurrido recientemente en de la Secundaria Federal #3 en la ciudad de Obreg\u00f3n, donde tres alumnos fueron expulsados debido a que crearon una p\u00e1gina en redes sociales donde compartieron memes de car\u00e1cter ofensivos hacia maestros y alumnos del propio plantel.<\/p>\n<p>La legisladora expres\u00f3 que la violencia escolar constituye un fen\u00f3meno social que en los \u00faltimos a\u00f1os ha venido creciendo en todo el mundo, millones de ni\u00f1as, ni\u00f1os y j\u00f3venes han sido v\u00edctimas de alg\u00fan tipo de violencia escolar hacia su persona.<\/p>\n<p>Las razones que han dado origen a este fen\u00f3meno son varios -a\u00f1adi\u00f3-, desde la falta de atenci\u00f3n y cuidado de los padres hacia sus hijos, la falta de atenci\u00f3n o indiferencia por parte de las autoridades escolares, incluso de los maestros hacia dicho problema.<\/p>\n<p>Mencion\u00f3 que la exposici\u00f3n a los medios electr\u00f3nicos es otro factor, pues hoy en d\u00eda cualquier persona ya desde muy temprana edad tiene acceso a material violento en la televisi\u00f3n; adem\u00e1s de otros factores que hacen que la violencia escolar vaya en aumento, situaci\u00f3n que definitivamente no se puede permitir se siga dando.<\/p>\n<p><em>\u201cLa forma de violencia hacia el interior de las escuelas cada vez ha ido mutando y cada vez son m\u00e1s los medios mediante los cuales las ni\u00f1as, ni\u00f1os y los j\u00f3venes insultan, se burlan y ofenden a otros ni\u00f1os, siendo el uso del internet y las redes sociales los conductos que se han venido usando para maltratar verbal o psicol\u00f3gicamente a otras personas\u201d,<\/em> subray\u00f3.<\/p>\n<p>(Fecha de publicaci\u00f3n 13032018)<\/p>\n","protected":false},"excerpt":{"rendered":"<p>HERMOSILLO, SONORA. MX. \u2014 A fin de que se combatan de manera conjunta por autoridades&#8230;<\/p>\n","protected":false},"author":1,"featured_media":33497,"comment_status":"open","ping_status":"open","sticky":false,"template":"","format":"standard","meta":{"_monsterinsights_skip_tracking":false,"_monsterinsights_sitenote_active":false,"_monsterinsights_sitenote_note":"","_monsterinsights_sitenote_category":0,"footnotes":""},"categories":[13,22],"tags":[],"class_list":["post"],"yoast_head":" \n<title>Sonora en Equipo. Pongamos un alto a todo tipo de violencia escolar en Sonora: Kitty Guti\u00e9rrez Maz\u00f3n Destacadas<\/title>\n<meta name=\"description\" content=\"HERMOSILLO, SONORA. MX. \u2014 A fin de que se combatan de manera conjunta por autoridades estatales los actos violentos en las escuelas del estado, la En Sonora en Equipo publicamos toda la informaci\u00f3n de Sonora, M\u00e9xico y el Mundo de manera oportuna y busca que la libertad de expresi\u00f3n sea real. Visita nuestro medio informativo publicado desde Hermosillo, Sonora. %\" \/>\n<meta name=\"robots\" content=\"index, follow, max-snippet:-1, max-image-preview:large, max-video-preview:-1\" \/>\n<link rel=\"canonical\" href=\"https:\/\/www.sonoraenequipo.com.mx\/pongamos-alto-tipo-violencia-escolar-sonora-kitty-gutierrez-mazon\/\" \/>\n<meta property=\"og:locale\" content=\"es_ES\" \/>\n<meta property=\"og:type\" content=\"article\" \/>\n<meta property=\"og:title\" content=\"Sonora en Equipo. Pongamos un alto a todo tipo de violencia escolar en Sonora: Kitty Guti\u00e9rrez Maz\u00f3n Destacadas\" \/>\n<meta property=\"og:description\" content=\"HERMOSILLO, SONORA. MX. \u2014 A fin de que se combatan de manera conjunta por autoridades estatales los actos violentos en las escuelas del estado, la En Sonora en Equipo publicamos toda la informaci\u00f3n de Sonora, M\u00e9xico y el Mundo de manera oportuna y busca que la libertad de expresi\u00f3n sea real. Visita nuestro medio informativo publicado desde Hermosillo, Sonora. %\" \/>\n<meta property=\"og:url\" content=\"https:\/\/www.sonoraenequipo.com.mx\/pongamos-alto-tipo-violencia-escolar-sonora-kitty-gutierrez-mazon\/\" \/>\n<meta property=\"og:site_name\" content=\"Sonora en Equipo.\" \/>\n<meta property=\"article:publisher\" content=\"https:\/\/www.facebook.com\/SonoraEE\/\" \/>\n<meta property=\"article:author\" content=\"https:\/\/www.facebook.com\/SonoraEE\" \/>\n<meta property=\"article:published_time\" content=\"2018-03-13T22:15:16+00:00\" \/>\n<meta property=\"article:modified_time\" content=\"2018-03-14T01:16:57+00:00\" \/>\n<meta property=\"og:image\" content=\"https:\/\/www.sonoraenequipo.com.mx\/storage\/2018\/03\/guti\u00e9rrez_opt.jpg\" \/>\n\t<meta property=\"og:image:width\" content=\"675\" \/>\n\t<meta property=\"og:image:height\" content=\"450\" \/>\n\t<meta property=\"og:image:type\" content=\"image\/jpeg\" \/>\n<meta name=\"author\" content=\"enequipo\" \/>\n<meta name=\"twitter:card\" content=\"summary_large_image\" \/>\n<meta name=\"twitter:creator\" content=\"@sonoraenequipo\" \/>\n<meta name=\"twitter:site\" content=\"@sonoraenequipo\" \/>\n<meta name=\"twitter:label1\" content=\"Escrito por\" \/>\n\t<meta name=\"twitter:data1\" content=\"enequipo\" \/>\n\t<meta name=\"twitter:label2\" content=\"Tiempo de lectura\" \/>\n\t<meta name=\"twitter:data2\" content=\"3 minutos\" \/>\n<script type=\"application\/ld+json\" class=\"yoast-schema-graph\">{\"@context\":\"https:\/\/schema.org\",\"@graph\":[{\"@type\":\"Article\",\"@id\":\"https:\/\/www.sonoraenequipo.com.mx\/pongamos-alto-tipo-violencia-escolar-sonora-kitty-gutierrez-mazon\/#article\",\"isPartOf\":{\"@id\":\"https:\/\/www.sonoraenequipo.com.mx\/pongamos-alto-tipo-violencia-escolar-sonora-kitty-gutierrez-mazon\/\"},\"author\":{\"name\":\"enequipo\",\"@id\":\"https:\/\/www.sonoraenequipo.com.mx\/#\/schema\/person\/50102df0fb23a8fa9e8effad8fa81386\"},\"headline\":\"Pongamos un alto a todo tipo de violencia escolar en Sonora: Kitty Guti\u00e9rrez Maz\u00f3n\",\"datePublished\":\"2018-03-13T22:15:16+00:00\",\"dateModified\":\"2018-03-14T01:16:57+00:00\",\"mainEntityOfPage\":{\"@id\":\"https:\/\/www.sonoraenequipo.com.mx\/pongamos-alto-tipo-violencia-escolar-sonora-kitty-gutierrez-mazon\/\"},\"wordCount\":557,\"commentCount\":0,\"publisher\":{\"@id\":\"https:\/\/www.sonoraenequipo.com.mx\/#organization\"},\"image\":{\"@id\":\"https:\/\/www.sonoraenequipo.com.mx\/pongamos-alto-tipo-violencia-escolar-sonora-kitty-gutierrez-mazon\/#primaryimage\"},\"thumbnailUrl\":\"https:\/\/www.sonoraenequipo.com.mx\/storage\/2018\/03\/guti\u00e9rrez_opt.jpg\",\"articleSection\":[\"Destacadas\",\"Sonora\"],\"inLanguage\":\"es\",\"potentialAction\":[{\"@type\":\"CommentAction\",\"name\":\"Comment\",\"target\":[\"https:\/\/www.sonoraenequipo.com.mx\/pongamos-alto-tipo-violencia-escolar-sonora-kitty-gutierrez-mazon\/#respond\"]}]},{\"@type\":\"WebPage\",\"@id\":\"https:\/\/www.sonoraenequipo.com.mx\/pongamos-alto-tipo-violencia-escolar-sonora-kitty-gutierrez-mazon\/\",\"url\":\"https:\/\/www.sonoraenequipo.com.mx\/pongamos-alto-tipo-violencia-escolar-sonora-kitty-gutierrez-mazon\/\",\"name\":\"Sonora en Equipo. Pongamos un alto a todo tipo de violencia escolar en Sonora: Kitty Guti\u00e9rrez Maz\u00f3n Destacadas\",\"isPartOf\":{\"@id\":\"https:\/\/www.sonoraenequipo.com.mx\/#website\"},\"primaryImageOfPage\":{\"@id\":\"https:\/\/www.sonoraenequipo.com.mx\/pongamos-alto-tipo-violencia-escolar-sonora-kitty-gutierrez-mazon\/#primaryimage\"},\"image\":{\"@id\":\"https:\/\/www.sonoraenequipo.com.mx\/pongamos-alto-tipo-violencia-escolar-sonora-kitty-gutierrez-mazon\/#primaryimage\"},\"thumbnailUrl\":\"https:\/\/www.sonoraenequipo.com.mx\/storage\/2018\/03\/guti\u00e9rrez_opt.jpg\",\"datePublished\":\"2018-03-13T22:15:16+00:00\",\"dateModified\":\"2018-03-14T01:16:57+00:00\",\"description\":\"HERMOSILLO, SONORA. MX. \u2014 A fin de que se combatan de manera conjunta por autoridades estatales los actos violentos en las escuelas del estado, la En Sonora en Equipo publicamos toda la informaci\u00f3n de Sonora, M\u00e9xico y el Mundo de manera oportuna y busca que la libertad de expresi\u00f3n sea real. Visita nuestro medio informativo publicado desde Hermosillo, Sonora. %\",\"breadcrumb\":{\"@id\":\"https:\/\/www.sonoraenequipo.com.mx\/pongamos-alto-tipo-violencia-escolar-sonora-kitty-gutierrez-mazon\/#breadcrumb\"},\"inLanguage\":\"es\",\"potentialAction\":[{\"@type\":\"ReadAction\",\"target\":[\"https:\/\/www.sonoraenequipo.com.mx\/pongamos-alto-tipo-violencia-escolar-sonora-kitty-gutierrez-mazon\/\"]}]},{\"@type\":\"ImageObject\",\"inLanguage\":\"es\",\"@id\":\"https:\/\/www.sonoraenequipo.com.mx\/pongamos-alto-tipo-violencia-escolar-sonora-kitty-gutierrez-mazon\/#primaryimage\",\"url\":\"https:\/\/www.sonoraenequipo.com.mx\/storage\/2018\/03\/guti\u00e9rrez_opt.jpg\",\"contentUrl\":\"https:\/\/www.sonoraenequipo.com.mx\/storage\/2018\/03\/guti\u00e9rrez_opt.jpg\",\"width\":675,\"height\":450},{\"@type\":\"BreadcrumbList\",\"@id\":\"https:\/\/www.sonoraenequipo.com.mx\/pongamos-alto-tipo-violencia-escolar-sonora-kitty-gutierrez-mazon\/#breadcrumb\",\"itemListElement\":[{\"@type\":\"ListItem\",\"position\":1,\"name\":\"Portada\",\"item\":\"https:\/\/www.sonoraenequipo.com.mx\/\"},{\"@type\":\"ListItem\",\"position\":2,\"name\":\"Pongamos un alto a todo tipo de violencia escolar en Sonora: Kitty Guti\u00e9rrez Maz\u00f3n\"}]},{\"@type\":\"WebSite\",\"@id\":\"https:\/\/www.sonoraenequipo.com.mx\/#website\",\"url\":\"https:\/\/www.sonoraenequipo.com.mx\/\",\"name\":\"Sonora en Equipo.\",\"description\":\"Diario en l\u00ednea con Noticias desde Hermosillo, Sonora\",\"publisher\":{\"@id\":\"https:\/\/www.sonoraenequipo.com.mx\/#organization\"},\"potentialAction\":[{\"@type\":\"SearchAction\",\"target\":{\"@type\":\"EntryPoint\",\"urlTemplate\":\"https:\/\/www.sonoraenequipo.com.mx\/?s={search_term_string}\"},\"query-input\":{\"@type\":\"PropertyValueSpecification\",\"valueRequired\":true,\"valueName\":\"search_term_string\"}}],\"inLanguage\":\"es\"},{\"@type\":\"Organization\",\"@id\":\"https:\/\/www.sonoraenequipo.com.mx\/#organization\",\"name\":\"Sonoraenequipo.com.mx\",\"url\":\"https:\/\/www.sonoraenequipo.com.mx\/\",\"logo\":{\"@type\":\"ImageObject\",\"inLanguage\":\"es\",\"@id\":\"https:\/\/www.sonoraenequipo.com.mx\/#\/schema\/logo\/image\/\",\"url\":\"https:\/\/www.sonoraenequipo.com.mx\/storage\/2019\/01\/sonoraenequipo_opt.png\",\"contentUrl\":\"https:\/\/www.sonoraenequipo.com.mx\/storage\/2019\/01\/sonoraenequipo_opt.png\",\"width\":375,\"height\":125,\"caption\":\"Sonoraenequipo.com.mx\"},\"image\":{\"@id\":\"https:\/\/www.sonoraenequipo.com.mx\/#\/schema\/logo\/image\/\"},\"sameAs\":[\"https:\/\/www.facebook.com\/SonoraEE\/\",\"https:\/\/x.com\/sonoraenequipo\",\"https:\/\/www.youtube.com\/channel\/UC338nW-lPEYmJQs4ZABQ1SQ\"]},{\"@type\":\"Person\",\"@id\":\"https:\/\/www.sonoraenequipo.com.mx\/#\/schema\/person\/50102df0fb23a8fa9e8effad8fa81386\",\"name\":\"enequipo\",\"image\":{\"@type\":\"ImageObject\",\"inLanguage\":\"es\",\"@id\":\"https:\/\/www.sonoraenequipo.com.mx\/#\/schema\/person\/image\/\",\"url\":\"https:\/\/secure.gravatar.com\/avatar\/049821681b589dabc0bc20695993ccebb09f5b5d4d790cd9251b97faac7c652b?s=96&d=blank&r=g\",\"contentUrl\":\"https:\/\/secure.gravatar.com\/avatar\/049821681b589dabc0bc20695993ccebb09f5b5d4d790cd9251b97faac7c652b?s=96&d=blank&r=g\",\"caption\":\"enequipo\"},\"sameAs\":[\"https:\/\/www.facebook.com\/SonoraEE\"]}]}<\/script>\n ","yoast_head_json":{"title":"Sonora en Equipo. Pongamos un alto a todo tipo de violencia escolar en Sonora: Kitty Guti\u00e9rrez Maz\u00f3n Destacadas","description":"HERMOSILLO, SONORA. MX. \u2014 A fin de que se combatan de manera conjunta por autoridades estatales los actos violentos en las escuelas del estado, la En Sonora en Equipo publicamos toda la informaci\u00f3n de Sonora, M\u00e9xico y el Mundo de manera oportuna y busca que la libertad de expresi\u00f3n sea real. Visita nuestro medio informativo publicado desde Hermosillo, Sonora. %","robots":{"index":"index","follow":"follow","max-snippet":"max-snippet:-1","max-image-preview":"max-image-preview:large","max-video-preview":"max-video-preview:-1"},"canonical":"https:\/\/www.sonoraenequipo.com.mx\/pongamos-alto-tipo-violencia-escolar-sonora-kitty-gutierrez-mazon\/","og_locale":"es_ES","og_type":"article","og_title":"Sonora en Equipo. Pongamos un alto a todo tipo de violencia escolar en Sonora: Kitty Guti\u00e9rrez Maz\u00f3n Destacadas","og_description":"HERMOSILLO, SONORA. MX. \u2014 A fin de que se combatan de manera conjunta por autoridades estatales los actos violentos en las escuelas del estado, la En Sonora en Equipo publicamos toda la informaci\u00f3n de Sonora, M\u00e9xico y el Mundo de manera oportuna y busca que la libertad de expresi\u00f3n sea real. Visita nuestro medio informativo publicado desde Hermosillo, Sonora. %","og_url":"https:\/\/www.sonoraenequipo.com.mx\/pongamos-alto-tipo-violencia-escolar-sonora-kitty-gutierrez-mazon\/","og_site_name":"Sonora en Equipo.","article_publisher":"https:\/\/www.facebook.com\/SonoraEE\/","article_author":"https:\/\/www.facebook.com\/SonoraEE","article_published_time":"2018-03-13T22:15:16+00:00","article_modified_time":"2018-03-14T01:16:57+00:00","og_image":[{"width":675,"height":450,"url":"https:\/\/www.sonoraenequipo.com.mx\/storage\/2018\/03\/guti\u00e9rrez_opt.jpg","type":"image\/jpeg"}],"author":"enequipo","twitter_card":"summary_large_image","twitter_creator":"@sonoraenequipo","twitter_site":"@sonoraenequipo","twitter_misc":{"Escrito por":"enequipo","Tiempo de lectura":"3 minutos"},"schema":{"@context":"https:\/\/schema.org","@graph":[{"@type":"Article","@id":"https:\/\/www.sonoraenequipo.com.mx\/pongamos-alto-tipo-violencia-escolar-sonora-kitty-gutierrez-mazon\/#article","isPartOf":{"@id":"https:\/\/www.sonoraenequipo.com.mx\/pongamos-alto-tipo-violencia-escolar-sonora-kitty-gutierrez-mazon\/"},"author":{"name":"enequipo","@id":"https:\/\/www.sonoraenequipo.com.mx\/#\/schema\/person\/50102df0fb23a8fa9e8effad8fa81386"},"headline":"Pongamos un alto a todo tipo de violencia escolar en Sonora: Kitty Guti\u00e9rrez Maz\u00f3n","datePublished":"2018-03-13T22:15:16+00:00","dateModified":"2018-03-14T01:16:57+00:00","mainEntityOfPage":{"@id":"https:\/\/www.sonoraenequipo.com.mx\/pongamos-alto-tipo-violencia-escolar-sonora-kitty-gutierrez-mazon\/"},"wordCount":557,"commentCount":0,"publisher":{"@id":"https:\/\/www.sonoraenequipo.com.mx\/#organization"},"image":{"@id":"https:\/\/www.sonoraenequipo.com.mx\/pongamos-alto-tipo-violencia-escolar-sonora-kitty-gutierrez-mazon\/#primaryimage"},"thumbnailUrl":"https:\/\/www.sonoraenequipo.com.mx\/storage\/2018\/03\/guti\u00e9rrez_opt.jpg","articleSection":["Destacadas","Sonora"],"inLanguage":"es","potentialAction":[{"@type":"CommentAction","name":"Comment","target":["https:\/\/www.sonoraenequipo.com.mx\/pongamos-alto-tipo-violencia-escolar-sonora-kitty-gutierrez-mazon\/#respond"]}]},{"@type":"WebPage","@id":"https:\/\/www.sonoraenequipo.com.mx\/pongamos-alto-tipo-violencia-escolar-sonora-kitty-gutierrez-mazon\/","url":"https:\/\/www.sonoraenequipo.com.mx\/pongamos-alto-tipo-violencia-escolar-sonora-kitty-gutierrez-mazon\/","name":"Sonora en Equipo. Pongamos un alto a todo tipo de violencia escolar en Sonora: Kitty Guti\u00e9rrez Maz\u00f3n Destacadas","isPartOf":{"@id":"https:\/\/www.sonoraenequipo.com.mx\/#website"},"primaryImageOfPage":{"@id":"https:\/\/www.sonoraenequipo.com.mx\/pongamos-alto-tipo-violencia-escolar-sonora-kitty-gutierrez-mazon\/#primaryimage"},"image":{"@id":"https:\/\/www.sonoraenequipo.com.mx\/pongamos-alto-tipo-violencia-escolar-sonora-kitty-gutierrez-mazon\/#primaryimage"},"thumbnailUrl":"https:\/\/www.sonoraenequipo.com.mx\/storage\/2018\/03\/guti\u00e9rrez_opt.jpg","datePublished":"2018-03-13T22:15:16+00:00","dateModified":"2018-03-14T01:16:57+00:00","description":"HERMOSILLO, SONORA. MX. \u2014 A fin de que se combatan de manera conjunta por autoridades estatales los actos violentos en las escuelas del estado, la En Sonora en Equipo publicamos toda la informaci\u00f3n de Sonora, M\u00e9xico y el Mundo de manera oportuna y busca que la libertad de expresi\u00f3n sea real. Visita nuestro medio informativo publicado desde Hermosillo, Sonora. %","breadcrumb":{"@id":"https:\/\/www.sonoraenequipo.com.mx\/pongamos-alto-tipo-violencia-escolar-sonora-kitty-gutierrez-mazon\/#breadcrumb"},"inLanguage":"es","potentialAction":[{"@type":"ReadAction","target":["https:\/\/www.sonoraenequipo.com.mx\/pongamos-alto-tipo-violencia-escolar-sonora-kitty-gutierrez-mazon\/"]}]},{"@type":"ImageObject","inLanguage":"es","@id":"https:\/\/www.sonoraenequipo.com.mx\/pongamos-alto-tipo-violencia-escolar-sonora-kitty-gutierrez-mazon\/#primaryimage","url":"https:\/\/www.sonoraenequipo.com.mx\/storage\/2018\/03\/guti\u00e9rrez_opt.jpg","contentUrl":"https:\/\/www.sonoraenequipo.com.mx\/storage\/2018\/03\/guti\u00e9rrez_opt.jpg","width":675,"height":450},{"@type":"BreadcrumbList","@id":"https:\/\/www.sonoraenequipo.com.mx\/pongamos-alto-tipo-violencia-escolar-sonora-kitty-gutierrez-mazon\/#breadcrumb","itemListElement":[{"@type":"ListItem","position":1,"name":"Portada","item":"https:\/\/www.sonoraenequipo.com.mx\/"},{"@type":"ListItem","position":2,"name":"Pongamos un alto a todo tipo de violencia escolar en Sonora: Kitty Guti\u00e9rrez Maz\u00f3n"}]},{"@type":"WebSite","@id":"https:\/\/www.sonoraenequipo.com.mx\/#website","url":"https:\/\/www.sonoraenequipo.com.mx\/","name":"Sonora en Equipo.","description":"Diario en l\u00ednea con Noticias desde Hermosillo, Sonora","publisher":{"@id":"https:\/\/www.sonoraenequipo.com.mx\/#organization"},"potentialAction":[{"@type":"SearchAction","target":{"@type":"EntryPoint","urlTemplate":"https:\/\/www.sonoraenequipo.com.mx\/?s={search_term_string}"},"query-input":{"@type":"PropertyValueSpecification","valueRequired":true,"valueName":"search_term_string"}}],"inLanguage":"es"},{"@type":"Organization","@id":"https:\/\/www.sonoraenequipo.com.mx\/#organization","name":"Sonoraenequipo.com.mx","url":"https:\/\/www.sonoraenequipo.com.mx\/","logo":{"@type":"ImageObject","inLanguage":"es","@id":"https:\/\/www.sonoraenequipo.com.mx\/#\/schema\/logo\/image\/","url":"https:\/\/www.sonoraenequipo.com.mx\/storage\/2019\/01\/sonoraenequipo_opt.png","contentUrl":"https:\/\/www.sonoraenequipo.com.mx\/storage\/2019\/01\/sonoraenequipo_opt.png","width":375,"height":125,"caption":"Sonoraenequipo.com.mx"},"image":{"@id":"https:\/\/www.sonoraenequipo.com.mx\/#\/schema\/logo\/image\/"},"sameAs":["https:\/\/www.facebook.com\/SonoraEE\/","https:\/\/x.com\/sonoraenequipo","https:\/\/www.youtube.com\/channel\/UC338nW-lPEYmJQs4ZABQ1SQ"]},{"@type":"Person","@id":"https:\/\/www.sonoraenequipo.com.mx\/#\/schema\/person\/50102df0fb23a8fa9e8effad8fa81386","name":"enequipo","image":{"@type":"ImageObject","inLanguage":"es","@id":"https:\/\/www.sonoraenequipo.com.mx\/#\/schema\/person\/image\/","url":"https:\/\/secure.gravatar.com\/avatar\/049821681b589dabc0bc20695993ccebb09f5b5d4d790cd9251b97faac7c652b?s=96&d=blank&r=g","contentUrl":"https:\/\/secure.gravatar.com\/avatar\/049821681b589dabc0bc20695993ccebb09f5b5d4d790cd9251b97faac7c652b?s=96&d=blank&r=g","caption":"enequipo"},"sameAs":["https:\/\/www.facebook.com\/SonoraEE"]}]}},"jetpack_featured_media_url":"https:\/\/www.sonoraenequipo.com.mx\/storage\/2018\/03\/guti\u00e9rrez_opt.jpg","_links":{"self":[{"href":"https:\/\/www.sonoraenequipo.com.mx\/api\/wp\/v2\/posts\/33496","targetHints":{"allow":["GET"]}}],"collection":[{"href":"https:\/\/www.sonoraenequipo.com.mx\/api\/wp\/v2\/posts"}],"about":[{"href":"https:\/\/www.sonoraenequipo.com.mx\/api\/wp\/v2\/types\/post"}],"author":[{"embeddable":true,"href":"https:\/\/www.sonoraenequipo.com.mx\/api\/wp\/v2\/users\/1"}],"replies":[{"embeddable":true,"href":"https:\/\/www.sonoraenequipo.com.mx\/api\/wp\/v2\/comments?post=33496"}],"version-history":[{"count":0,"href":"https:\/\/www.sonoraenequipo.com.mx\/api\/wp\/v2\/posts\/33496\/revisions"}],"wp:featuredmedia":[{"embeddable":true,"href":"https:\/\/www.sonoraenequipo.com.mx\/api\/wp\/v2\/media\/33497"}],"wp:attachment":[{"href":"https:\/\/www.sonoraenequipo.com.mx\/api\/wp\/v2\/media?parent=33496"}],"wp:term":[{"taxonomy":"category","embeddable":true,"href":"https:\/\/www.sonoraenequipo.com.mx\/api\/wp\/v2\/categories?post=33496"},{"taxonomy":"post_tag","embeddable":true,"href":"https:\/\/www.sonoraenequipo.com.mx\/api\/wp\/v2\/tags?post=33496"}],"curies":[{"name":"wp","href":"https:\/\/api.w.org\/{rel}","templated":true}]}}