{"id":33499,"date":"2018-03-13T15:32:16","date_gmt":"2018-03-13T22:32:16","guid":{"rendered":"http:\/\/www.sonoraenequipo.com.mx\/?p=33499"},"modified":"2018-03-13T18:21:54","modified_gmt":"2018-03-14T01:21:54","slug":"pondra-acuerdo-ante-notario-publico-sustituir-juicio-testamentario-omar-guillen","status":"publish","type":"post","link":"https:\/\/www.sonoraenequipo.com.mx\/pondra-acuerdo-ante-notario-publico-sustituir-juicio-testamentario-omar-guillen\/","title":{"rendered":"Pondr\u00e1 un acuerdo ante notario p\u00fablico sustituir un juicio testamentario: Omar Guill\u00e9n"},"content":{"rendered":"<p>HERMOSILLO, SONORA. MX. \u2014 Una reforma al C\u00f3digo de Procedimientos Civiles de Sonora que permitir\u00e1 resolver los asuntos de herencias ante Notario P\u00fablico sin tener que recurrir a los juicios testamentarios, fue aprobada este martes el Pleno del Congreso del Estado.<\/p>\n<p> <\/p>\n<p><em>\u201cLas \u00faltimas iniciativas que hemos impulsado tienen que ver con la simplificaci\u00f3n de procesos, de tr\u00e1mites y de que impulsen la econom\u00eda de Sonora\u201d,<\/em> dijo el diputado Omar Guill\u00e9n, promotor de esta reforma.<\/p>\n<p>El legislador explic\u00f3 que, con esta reforma, en los temas que tienen que ver con una herencia, todos los herederos podr\u00e1n presentarse ante el notario p\u00fablico, y haciendo valer su mayor\u00eda de edad, en pleno goce de sus derechos, y estando de acuerdo con la designaci\u00f3n del albacea, van a poder protocolizar la partici\u00f3n de bienes y se va a poder inscribir en el registro p\u00fablico de la propiedad.<\/p>\n<p>A\u00f1adi\u00f3 que, si todos los herederos est\u00e1n de acuerdo, ya no hay necesidad de tramitar un juicio testamentario y llevar un proceso que puede durar de dos a seis a\u00f1os.<\/p>\n<p><em>\u201cAhora si se lleva este proceso ante un notario p\u00fablico, en un mes puede resolverse, con un notable ahorro en tiempo y evitando gastos\u201d,<\/em> se\u00f1al\u00f3 Omar Guill\u00e9n.<\/p>\n<p><em>\u201cEsto le da m\u00e1s movilidad a la econom\u00eda, esto va a ayudar mucho a que casos que en ocasiones no se tramitan de casas o de negocios porque los procesos son muy largos o muy costosos, nos va a permitir en el caso muy concreto de las sucesiones testamentarias, resolverlas de manera m\u00e1s r\u00e1pida\u201d,<\/em> subray\u00f3 el legislador.<\/p>\n<p>(Fecha de publicaci\u00f3n 13032018)<\/p>\n","protected":false},"excerpt":{"rendered":"<p>HERMOSILLO, SONORA. MX. \u2014 Una reforma al C\u00f3digo de Procedimientos Civiles de Sonora que permitir\u00e1&#8230;<\/p>\n","protected":false},"author":1,"featured_media":33500,"comment_status":"open","ping_status":"open","sticky":false,"template":"","format":"standard","meta":{"_monsterinsights_skip_tracking":false,"_monsterinsights_sitenote_active":false,"_monsterinsights_sitenote_note":"","_monsterinsights_sitenote_category":0,"footnotes":""},"categories":[13,22],"tags":[],"class_list":["post"],"yoast_head":" \n<title>Sonora en Equipo. Pondr\u00e1 un acuerdo ante notario p\u00fablico sustituir un juicio testamentario: Omar Guill\u00e9n Destacadas<\/title>\n<meta name=\"description\" content=\"HERMOSILLO, SONORA. MX. \u2014 Una reforma al C\u00f3digo de Procedimientos Civiles de Sonora que permitir\u00e1 resolver los asuntos de herencias ante Notario P\u00fablico En Sonora en Equipo publicamos toda la informaci\u00f3n de Sonora, M\u00e9xico y el Mundo de manera oportuna y busca que la libertad de expresi\u00f3n sea real. Visita nuestro medio informativo publicado desde Hermosillo, Sonora. %\" \/>\n<meta name=\"robots\" content=\"index, follow, max-snippet:-1, max-image-preview:large, max-video-preview:-1\" \/>\n<link rel=\"canonical\" href=\"https:\/\/www.sonoraenequipo.com.mx\/pondra-acuerdo-ante-notario-publico-sustituir-juicio-testamentario-omar-guillen\/\" \/>\n<meta property=\"og:locale\" content=\"es_ES\" \/>\n<meta property=\"og:type\" content=\"article\" \/>\n<meta property=\"og:title\" content=\"Sonora en Equipo. Pondr\u00e1 un acuerdo ante notario p\u00fablico sustituir un juicio testamentario: Omar Guill\u00e9n Destacadas\" \/>\n<meta property=\"og:description\" content=\"HERMOSILLO, SONORA. MX. \u2014 Una reforma al C\u00f3digo de Procedimientos Civiles de Sonora que permitir\u00e1 resolver los asuntos de herencias ante Notario P\u00fablico En Sonora en Equipo publicamos toda la informaci\u00f3n de Sonora, M\u00e9xico y el Mundo de manera oportuna y busca que la libertad de expresi\u00f3n sea real. Visita nuestro medio informativo publicado desde Hermosillo, Sonora. %\" \/>\n<meta property=\"og:url\" content=\"https:\/\/www.sonoraenequipo.com.mx\/pondra-acuerdo-ante-notario-publico-sustituir-juicio-testamentario-omar-guillen\/\" \/>\n<meta property=\"og:site_name\" content=\"Sonora en Equipo.\" \/>\n<meta property=\"article:publisher\" content=\"https:\/\/www.facebook.com\/SonoraEE\/\" \/>\n<meta property=\"article:author\" content=\"https:\/\/www.facebook.com\/SonoraEE\" \/>\n<meta property=\"article:published_time\" content=\"2018-03-13T22:32:16+00:00\" \/>\n<meta property=\"article:modified_time\" content=\"2018-03-14T01:21:54+00:00\" \/>\n<meta property=\"og:image\" content=\"https:\/\/www.sonoraenequipo.com.mx\/storage\/2018\/03\/omar_opt2.jpg\" \/>\n\t<meta property=\"og:image:width\" content=\"690\" \/>\n\t<meta property=\"og:image:height\" content=\"450\" \/>\n\t<meta property=\"og:image:type\" content=\"image\/jpeg\" \/>\n<meta name=\"author\" content=\"enequipo\" \/>\n<meta name=\"twitter:card\" content=\"summary_large_image\" \/>\n<meta name=\"twitter:creator\" content=\"@sonoraenequipo\" \/>\n<meta name=\"twitter:site\" content=\"@sonoraenequipo\" \/>\n<meta name=\"twitter:label1\" content=\"Escrito por\" \/>\n\t<meta name=\"twitter:data1\" content=\"enequipo\" \/>\n\t<meta name=\"twitter:label2\" content=\"Tiempo de lectura\" \/>\n\t<meta name=\"twitter:data2\" content=\"1 minuto\" \/>\n<script type=\"application\/ld+json\" class=\"yoast-schema-graph\">{\"@context\":\"https:\/\/schema.org\",\"@graph\":[{\"@type\":\"Article\",\"@id\":\"https:\/\/www.sonoraenequipo.com.mx\/pondra-acuerdo-ante-notario-publico-sustituir-juicio-testamentario-omar-guillen\/#article\",\"isPartOf\":{\"@id\":\"https:\/\/www.sonoraenequipo.com.mx\/pondra-acuerdo-ante-notario-publico-sustituir-juicio-testamentario-omar-guillen\/\"},\"author\":{\"name\":\"enequipo\",\"@id\":\"https:\/\/www.sonoraenequipo.com.mx\/#\/schema\/person\/50102df0fb23a8fa9e8effad8fa81386\"},\"headline\":\"Pondr\u00e1 un acuerdo ante notario p\u00fablico sustituir un juicio testamentario: Omar Guill\u00e9n\",\"datePublished\":\"2018-03-13T22:32:16+00:00\",\"dateModified\":\"2018-03-14T01:21:54+00:00\",\"mainEntityOfPage\":{\"@id\":\"https:\/\/www.sonoraenequipo.com.mx\/pondra-acuerdo-ante-notario-publico-sustituir-juicio-testamentario-omar-guillen\/\"},\"wordCount\":296,\"commentCount\":0,\"publisher\":{\"@id\":\"https:\/\/www.sonoraenequipo.com.mx\/#organization\"},\"image\":{\"@id\":\"https:\/\/www.sonoraenequipo.com.mx\/pondra-acuerdo-ante-notario-publico-sustituir-juicio-testamentario-omar-guillen\/#primaryimage\"},\"thumbnailUrl\":\"https:\/\/www.sonoraenequipo.com.mx\/storage\/2018\/03\/omar_opt2.jpg\",\"articleSection\":[\"Destacadas\",\"Sonora\"],\"inLanguage\":\"es\",\"potentialAction\":[{\"@type\":\"CommentAction\",\"name\":\"Comment\",\"target\":[\"https:\/\/www.sonoraenequipo.com.mx\/pondra-acuerdo-ante-notario-publico-sustituir-juicio-testamentario-omar-guillen\/#respond\"]}]},{\"@type\":\"WebPage\",\"@id\":\"https:\/\/www.sonoraenequipo.com.mx\/pondra-acuerdo-ante-notario-publico-sustituir-juicio-testamentario-omar-guillen\/\",\"url\":\"https:\/\/www.sonoraenequipo.com.mx\/pondra-acuerdo-ante-notario-publico-sustituir-juicio-testamentario-omar-guillen\/\",\"name\":\"Sonora en Equipo. Pondr\u00e1 un acuerdo ante notario p\u00fablico sustituir un juicio testamentario: Omar Guill\u00e9n Destacadas\",\"isPartOf\":{\"@id\":\"https:\/\/www.sonoraenequipo.com.mx\/#website\"},\"primaryImageOfPage\":{\"@id\":\"https:\/\/www.sonoraenequipo.com.mx\/pondra-acuerdo-ante-notario-publico-sustituir-juicio-testamentario-omar-guillen\/#primaryimage\"},\"image\":{\"@id\":\"https:\/\/www.sonoraenequipo.com.mx\/pondra-acuerdo-ante-notario-publico-sustituir-juicio-testamentario-omar-guillen\/#primaryimage\"},\"thumbnailUrl\":\"https:\/\/www.sonoraenequipo.com.mx\/storage\/2018\/03\/omar_opt2.jpg\",\"datePublished\":\"2018-03-13T22:32:16+00:00\",\"dateModified\":\"2018-03-14T01:21:54+00:00\",\"description\":\"HERMOSILLO, SONORA. MX. \u2014 Una reforma al C\u00f3digo de Procedimientos Civiles de Sonora que permitir\u00e1 resolver los asuntos de herencias ante Notario P\u00fablico En Sonora en Equipo publicamos toda la informaci\u00f3n de Sonora, M\u00e9xico y el Mundo de manera oportuna y busca que la libertad de expresi\u00f3n sea real. Visita nuestro medio informativo publicado desde Hermosillo, Sonora. %\",\"breadcrumb\":{\"@id\":\"https:\/\/www.sonoraenequipo.com.mx\/pondra-acuerdo-ante-notario-publico-sustituir-juicio-testamentario-omar-guillen\/#breadcrumb\"},\"inLanguage\":\"es\",\"potentialAction\":[{\"@type\":\"ReadAction\",\"target\":[\"https:\/\/www.sonoraenequipo.com.mx\/pondra-acuerdo-ante-notario-publico-sustituir-juicio-testamentario-omar-guillen\/\"]}]},{\"@type\":\"ImageObject\",\"inLanguage\":\"es\",\"@id\":\"https:\/\/www.sonoraenequipo.com.mx\/pondra-acuerdo-ante-notario-publico-sustituir-juicio-testamentario-omar-guillen\/#primaryimage\",\"url\":\"https:\/\/www.sonoraenequipo.com.mx\/storage\/2018\/03\/omar_opt2.jpg\",\"contentUrl\":\"https:\/\/www.sonoraenequipo.com.mx\/storage\/2018\/03\/omar_opt2.jpg\",\"width\":690,\"height\":450},{\"@type\":\"BreadcrumbList\",\"@id\":\"https:\/\/www.sonoraenequipo.com.mx\/pondra-acuerdo-ante-notario-publico-sustituir-juicio-testamentario-omar-guillen\/#breadcrumb\",\"itemListElement\":[{\"@type\":\"ListItem\",\"position\":1,\"name\":\"Portada\",\"item\":\"https:\/\/www.sonoraenequipo.com.mx\/\"},{\"@type\":\"ListItem\",\"position\":2,\"name\":\"Pondr\u00e1 un acuerdo ante notario p\u00fablico sustituir un juicio testamentario: Omar Guill\u00e9n\"}]},{\"@type\":\"WebSite\",\"@id\":\"https:\/\/www.sonoraenequipo.com.mx\/#website\",\"url\":\"https:\/\/www.sonoraenequipo.com.mx\/\",\"name\":\"Sonora en Equipo.\",\"description\":\"Diario en l\u00ednea con Noticias desde Hermosillo, Sonora\",\"publisher\":{\"@id\":\"https:\/\/www.sonoraenequipo.com.mx\/#organization\"},\"potentialAction\":[{\"@type\":\"SearchAction\",\"target\":{\"@type\":\"EntryPoint\",\"urlTemplate\":\"https:\/\/www.sonoraenequipo.com.mx\/?s={search_term_string}\"},\"query-input\":{\"@type\":\"PropertyValueSpecification\",\"valueRequired\":true,\"valueName\":\"search_term_string\"}}],\"inLanguage\":\"es\"},{\"@type\":\"Organization\",\"@id\":\"https:\/\/www.sonoraenequipo.com.mx\/#organization\",\"name\":\"Sonoraenequipo.com.mx\",\"url\":\"https:\/\/www.sonoraenequipo.com.mx\/\",\"logo\":{\"@type\":\"ImageObject\",\"inLanguage\":\"es\",\"@id\":\"https:\/\/www.sonoraenequipo.com.mx\/#\/schema\/logo\/image\/\",\"url\":\"https:\/\/www.sonoraenequipo.com.mx\/storage\/2019\/01\/sonoraenequipo_opt.png\",\"contentUrl\":\"https:\/\/www.sonoraenequipo.com.mx\/storage\/2019\/01\/sonoraenequipo_opt.png\",\"width\":375,\"height\":125,\"caption\":\"Sonoraenequipo.com.mx\"},\"image\":{\"@id\":\"https:\/\/www.sonoraenequipo.com.mx\/#\/schema\/logo\/image\/\"},\"sameAs\":[\"https:\/\/www.facebook.com\/SonoraEE\/\",\"https:\/\/x.com\/sonoraenequipo\",\"https:\/\/www.youtube.com\/channel\/UC338nW-lPEYmJQs4ZABQ1SQ\"]},{\"@type\":\"Person\",\"@id\":\"https:\/\/www.sonoraenequipo.com.mx\/#\/schema\/person\/50102df0fb23a8fa9e8effad8fa81386\",\"name\":\"enequipo\",\"image\":{\"@type\":\"ImageObject\",\"inLanguage\":\"es\",\"@id\":\"https:\/\/www.sonoraenequipo.com.mx\/#\/schema\/person\/image\/\",\"url\":\"https:\/\/secure.gravatar.com\/avatar\/049821681b589dabc0bc20695993ccebb09f5b5d4d790cd9251b97faac7c652b?s=96&d=blank&r=g\",\"contentUrl\":\"https:\/\/secure.gravatar.com\/avatar\/049821681b589dabc0bc20695993ccebb09f5b5d4d790cd9251b97faac7c652b?s=96&d=blank&r=g\",\"caption\":\"enequipo\"},\"sameAs\":[\"https:\/\/www.facebook.com\/SonoraEE\"]}]}<\/script>\n ","yoast_head_json":{"title":"Sonora en Equipo. Pondr\u00e1 un acuerdo ante notario p\u00fablico sustituir un juicio testamentario: Omar Guill\u00e9n Destacadas","description":"HERMOSILLO, SONORA. MX. \u2014 Una reforma al C\u00f3digo de Procedimientos Civiles de Sonora que permitir\u00e1 resolver los asuntos de herencias ante Notario P\u00fablico En Sonora en Equipo publicamos toda la informaci\u00f3n de Sonora, M\u00e9xico y el Mundo de manera oportuna y busca que la libertad de expresi\u00f3n sea real. Visita nuestro medio informativo publicado desde Hermosillo, Sonora. %","robots":{"index":"index","follow":"follow","max-snippet":"max-snippet:-1","max-image-preview":"max-image-preview:large","max-video-preview":"max-video-preview:-1"},"canonical":"https:\/\/www.sonoraenequipo.com.mx\/pondra-acuerdo-ante-notario-publico-sustituir-juicio-testamentario-omar-guillen\/","og_locale":"es_ES","og_type":"article","og_title":"Sonora en Equipo. Pondr\u00e1 un acuerdo ante notario p\u00fablico sustituir un juicio testamentario: Omar Guill\u00e9n Destacadas","og_description":"HERMOSILLO, SONORA. MX. \u2014 Una reforma al C\u00f3digo de Procedimientos Civiles de Sonora que permitir\u00e1 resolver los asuntos de herencias ante Notario P\u00fablico En Sonora en Equipo publicamos toda la informaci\u00f3n de Sonora, M\u00e9xico y el Mundo de manera oportuna y busca que la libertad de expresi\u00f3n sea real. Visita nuestro medio informativo publicado desde Hermosillo, Sonora. %","og_url":"https:\/\/www.sonoraenequipo.com.mx\/pondra-acuerdo-ante-notario-publico-sustituir-juicio-testamentario-omar-guillen\/","og_site_name":"Sonora en Equipo.","article_publisher":"https:\/\/www.facebook.com\/SonoraEE\/","article_author":"https:\/\/www.facebook.com\/SonoraEE","article_published_time":"2018-03-13T22:32:16+00:00","article_modified_time":"2018-03-14T01:21:54+00:00","og_image":[{"width":690,"height":450,"url":"https:\/\/www.sonoraenequipo.com.mx\/storage\/2018\/03\/omar_opt2.jpg","type":"image\/jpeg"}],"author":"enequipo","twitter_card":"summary_large_image","twitter_creator":"@sonoraenequipo","twitter_site":"@sonoraenequipo","twitter_misc":{"Escrito por":"enequipo","Tiempo de lectura":"1 minuto"},"schema":{"@context":"https:\/\/schema.org","@graph":[{"@type":"Article","@id":"https:\/\/www.sonoraenequipo.com.mx\/pondra-acuerdo-ante-notario-publico-sustituir-juicio-testamentario-omar-guillen\/#article","isPartOf":{"@id":"https:\/\/www.sonoraenequipo.com.mx\/pondra-acuerdo-ante-notario-publico-sustituir-juicio-testamentario-omar-guillen\/"},"author":{"name":"enequipo","@id":"https:\/\/www.sonoraenequipo.com.mx\/#\/schema\/person\/50102df0fb23a8fa9e8effad8fa81386"},"headline":"Pondr\u00e1 un acuerdo ante notario p\u00fablico sustituir un juicio testamentario: Omar Guill\u00e9n","datePublished":"2018-03-13T22:32:16+00:00","dateModified":"2018-03-14T01:21:54+00:00","mainEntityOfPage":{"@id":"https:\/\/www.sonoraenequipo.com.mx\/pondra-acuerdo-ante-notario-publico-sustituir-juicio-testamentario-omar-guillen\/"},"wordCount":296,"commentCount":0,"publisher":{"@id":"https:\/\/www.sonoraenequipo.com.mx\/#organization"},"image":{"@id":"https:\/\/www.sonoraenequipo.com.mx\/pondra-acuerdo-ante-notario-publico-sustituir-juicio-testamentario-omar-guillen\/#primaryimage"},"thumbnailUrl":"https:\/\/www.sonoraenequipo.com.mx\/storage\/2018\/03\/omar_opt2.jpg","articleSection":["Destacadas","Sonora"],"inLanguage":"es","potentialAction":[{"@type":"CommentAction","name":"Comment","target":["https:\/\/www.sonoraenequipo.com.mx\/pondra-acuerdo-ante-notario-publico-sustituir-juicio-testamentario-omar-guillen\/#respond"]}]},{"@type":"WebPage","@id":"https:\/\/www.sonoraenequipo.com.mx\/pondra-acuerdo-ante-notario-publico-sustituir-juicio-testamentario-omar-guillen\/","url":"https:\/\/www.sonoraenequipo.com.mx\/pondra-acuerdo-ante-notario-publico-sustituir-juicio-testamentario-omar-guillen\/","name":"Sonora en Equipo. Pondr\u00e1 un acuerdo ante notario p\u00fablico sustituir un juicio testamentario: Omar Guill\u00e9n Destacadas","isPartOf":{"@id":"https:\/\/www.sonoraenequipo.com.mx\/#website"},"primaryImageOfPage":{"@id":"https:\/\/www.sonoraenequipo.com.mx\/pondra-acuerdo-ante-notario-publico-sustituir-juicio-testamentario-omar-guillen\/#primaryimage"},"image":{"@id":"https:\/\/www.sonoraenequipo.com.mx\/pondra-acuerdo-ante-notario-publico-sustituir-juicio-testamentario-omar-guillen\/#primaryimage"},"thumbnailUrl":"https:\/\/www.sonoraenequipo.com.mx\/storage\/2018\/03\/omar_opt2.jpg","datePublished":"2018-03-13T22:32:16+00:00","dateModified":"2018-03-14T01:21:54+00:00","description":"HERMOSILLO, SONORA. MX. \u2014 Una reforma al C\u00f3digo de Procedimientos Civiles de Sonora que permitir\u00e1 resolver los asuntos de herencias ante Notario P\u00fablico En Sonora en Equipo publicamos toda la informaci\u00f3n de Sonora, M\u00e9xico y el Mundo de manera oportuna y busca que la libertad de expresi\u00f3n sea real. Visita nuestro medio informativo publicado desde Hermosillo, Sonora. %","breadcrumb":{"@id":"https:\/\/www.sonoraenequipo.com.mx\/pondra-acuerdo-ante-notario-publico-sustituir-juicio-testamentario-omar-guillen\/#breadcrumb"},"inLanguage":"es","potentialAction":[{"@type":"ReadAction","target":["https:\/\/www.sonoraenequipo.com.mx\/pondra-acuerdo-ante-notario-publico-sustituir-juicio-testamentario-omar-guillen\/"]}]},{"@type":"ImageObject","inLanguage":"es","@id":"https:\/\/www.sonoraenequipo.com.mx\/pondra-acuerdo-ante-notario-publico-sustituir-juicio-testamentario-omar-guillen\/#primaryimage","url":"https:\/\/www.sonoraenequipo.com.mx\/storage\/2018\/03\/omar_opt2.jpg","contentUrl":"https:\/\/www.sonoraenequipo.com.mx\/storage\/2018\/03\/omar_opt2.jpg","width":690,"height":450},{"@type":"BreadcrumbList","@id":"https:\/\/www.sonoraenequipo.com.mx\/pondra-acuerdo-ante-notario-publico-sustituir-juicio-testamentario-omar-guillen\/#breadcrumb","itemListElement":[{"@type":"ListItem","position":1,"name":"Portada","item":"https:\/\/www.sonoraenequipo.com.mx\/"},{"@type":"ListItem","position":2,"name":"Pondr\u00e1 un acuerdo ante notario p\u00fablico sustituir un juicio testamentario: Omar Guill\u00e9n"}]},{"@type":"WebSite","@id":"https:\/\/www.sonoraenequipo.com.mx\/#website","url":"https:\/\/www.sonoraenequipo.com.mx\/","name":"Sonora en Equipo.","description":"Diario en l\u00ednea con Noticias desde Hermosillo, Sonora","publisher":{"@id":"https:\/\/www.sonoraenequipo.com.mx\/#organization"},"potentialAction":[{"@type":"SearchAction","target":{"@type":"EntryPoint","urlTemplate":"https:\/\/www.sonoraenequipo.com.mx\/?s={search_term_string}"},"query-input":{"@type":"PropertyValueSpecification","valueRequired":true,"valueName":"search_term_string"}}],"inLanguage":"es"},{"@type":"Organization","@id":"https:\/\/www.sonoraenequipo.com.mx\/#organization","name":"Sonoraenequipo.com.mx","url":"https:\/\/www.sonoraenequipo.com.mx\/","logo":{"@type":"ImageObject","inLanguage":"es","@id":"https:\/\/www.sonoraenequipo.com.mx\/#\/schema\/logo\/image\/","url":"https:\/\/www.sonoraenequipo.com.mx\/storage\/2019\/01\/sonoraenequipo_opt.png","contentUrl":"https:\/\/www.sonoraenequipo.com.mx\/storage\/2019\/01\/sonoraenequipo_opt.png","width":375,"height":125,"caption":"Sonoraenequipo.com.mx"},"image":{"@id":"https:\/\/www.sonoraenequipo.com.mx\/#\/schema\/logo\/image\/"},"sameAs":["https:\/\/www.facebook.com\/SonoraEE\/","https:\/\/x.com\/sonoraenequipo","https:\/\/www.youtube.com\/channel\/UC338nW-lPEYmJQs4ZABQ1SQ"]},{"@type":"Person","@id":"https:\/\/www.sonoraenequipo.com.mx\/#\/schema\/person\/50102df0fb23a8fa9e8effad8fa81386","name":"enequipo","image":{"@type":"ImageObject","inLanguage":"es","@id":"https:\/\/www.sonoraenequipo.com.mx\/#\/schema\/person\/image\/","url":"https:\/\/secure.gravatar.com\/avatar\/049821681b589dabc0bc20695993ccebb09f5b5d4d790cd9251b97faac7c652b?s=96&d=blank&r=g","contentUrl":"https:\/\/secure.gravatar.com\/avatar\/049821681b589dabc0bc20695993ccebb09f5b5d4d790cd9251b97faac7c652b?s=96&d=blank&r=g","caption":"enequipo"},"sameAs":["https:\/\/www.facebook.com\/SonoraEE"]}]}},"jetpack_featured_media_url":"https:\/\/www.sonoraenequipo.com.mx\/storage\/2018\/03\/omar_opt2.jpg","_links":{"self":[{"href":"https:\/\/www.sonoraenequipo.com.mx\/api\/wp\/v2\/posts\/33499","targetHints":{"allow":["GET"]}}],"collection":[{"href":"https:\/\/www.sonoraenequipo.com.mx\/api\/wp\/v2\/posts"}],"about":[{"href":"https:\/\/www.sonoraenequipo.com.mx\/api\/wp\/v2\/types\/post"}],"author":[{"embeddable":true,"href":"https:\/\/www.sonoraenequipo.com.mx\/api\/wp\/v2\/users\/1"}],"replies":[{"embeddable":true,"href":"https:\/\/www.sonoraenequipo.com.mx\/api\/wp\/v2\/comments?post=33499"}],"version-history":[{"count":0,"href":"https:\/\/www.sonoraenequipo.com.mx\/api\/wp\/v2\/posts\/33499\/revisions"}],"wp:featuredmedia":[{"embeddable":true,"href":"https:\/\/www.sonoraenequipo.com.mx\/api\/wp\/v2\/media\/33500"}],"wp:attachment":[{"href":"https:\/\/www.sonoraenequipo.com.mx\/api\/wp\/v2\/media?parent=33499"}],"wp:term":[{"taxonomy":"category","embeddable":true,"href":"https:\/\/www.sonoraenequipo.com.mx\/api\/wp\/v2\/categories?post=33499"},{"taxonomy":"post_tag","embeddable":true,"href":"https:\/\/www.sonoraenequipo.com.mx\/api\/wp\/v2\/tags?post=33499"}],"curies":[{"name":"wp","href":"https:\/\/api.w.org\/{rel}","templated":true}]}}