{"id":33509,"date":"2018-03-13T17:48:38","date_gmt":"2018-03-14T00:48:38","guid":{"rendered":"http:\/\/www.sonoraenequipo.com.mx\/?p=33509"},"modified":"2018-03-13T18:36:32","modified_gmt":"2018-03-14T01:36:32","slug":"sonora-los-estados-mas-crecen-generar-empleos-gobernadora-pavlovich","status":"publish","type":"post","link":"https:\/\/www.sonoraenequipo.com.mx\/sonora-los-estados-mas-crecen-generar-empleos-gobernadora-pavlovich\/","title":{"rendered":"Sonora entre los estados que m\u00e1s crecen en generar empleos: Gobernadora Pavlovich"},"content":{"rendered":"<p>HERMOSILLO, SONORA. MX. \u2014 Sonora est\u00e1 dentro de los cinco estados con m\u00e1s crecimiento en generaci\u00f3n de empleos, inform\u00f3 la Gobernadora Claudia Pavlovich Arellano durante de la Sexta Feria Nacional del Empleo para Mujeres 2018.<\/p>\n<p> <\/p>\n<p>Acompa\u00f1ada por el Secretario del Trabajo y Previsi\u00f3n Social, Roberto Campa Cifri\u00e1n, la Gobernadora Pavlovich resalt\u00f3 que Sonora crece al 5 por ciento anual y tiene una tasa de desempleo del 3.4 por ciento, por lo que se ubica entre los cinco estados con m\u00e1s crecimiento en el pa\u00eds.<\/p>\n<p><em>\u201cHemos crecido a base de mucho esfuerzo, se han creado en mi administraci\u00f3n m\u00e1s de 52 mil empleos; barrimos la casa, pusimos orden y le entramos con todo al trabajo, con todas las ganas y la voluntad de ver a las mujeres sonorenses salir adelante\u201d<\/em>, afirm\u00f3.<\/p>\n<p>En la Feria Nacional del Empleo se promueve la estabilidad familiar, destac\u00f3, y en esta ocasi\u00f3n se ofertaron 5 mil 200 empleos, se beneficiaron 58 familias con 24 proyectos productivos y se entregaron 120 becas de capacitaci\u00f3n y 13 actas de Bienes en Propiedad.<\/p>\n<p><em>\u201cEstos proyectos productivos que estamos entregando es para que ustedes trabajen, se auto empleen y puedan emplear a otros, pero tambi\u00e9n est\u00e1n todas estas empresas de la mano con el gobierno ofreci\u00e9ndoles un empleo digno, bien remunerado y que les ofrece Seguridad Social\u201d<\/em>, enfatiz\u00f3.<\/p>\n<p>Roberto Campa Cifri\u00e1n, Secretario del Trabajo y Previsi\u00f3n Social, recalc\u00f3 la coordinaci\u00f3n de la administraci\u00f3n de la Gobernadora Pavlovich para trabajar de la mano con el gobierno federal y alcanzar la meta de generar 4 millones de empleos al concluir el mandato del Presidente Enrique Pe\u00f1a Nieto.<\/p>\n<p><em>\u201cEl \u00faltimo dato del Instituto Mexicano del Seguro Social, es que en febrero en Sonora se crearon siete mil 877 nuevos puestos de trabajo y esta es una cifra muy importante y suma a lo que estamos haciendo en el pa\u00eds donde se generaron m\u00e1s de 160 mil empleos en febrero\u201d<\/em>, se\u00f1al\u00f3.<\/p>\n<p>La labor al frente de Sonora de la Gobernadora Pavlovich ha sido reconocida a nivel nacional, subray\u00f3, d\u00e1ndose a notar como un ejemplo a seguir.<\/p>\n<p><em>\u201cSonora se distingue por tener una mujer Gobernadora, pero Claudia Pavlovich no se distingue s\u00f3lo por ser mujer, se distingue en el concierto nacional por ser una gran Gobernadora\u201d,<\/em> asegur\u00f3.<\/p>\n<p>Presentes: Horacio Valenzuela Ibarra, Secretario del Trabajo; Alejandro Elizalde Liz\u00e1rraga, Subsecretario de Promoci\u00f3n del Empleo y Productividad; Angelina Mu\u00f1oz Fern\u00e1ndez, alcaldesa de Hermosillo.<\/p>\n<p>Adem\u00e1s, Fernando Maldonado Hern\u00e1ndez, Subsecretario de Empleo y Productividad Laboral de la STPS; H\u00e9ctor Oswaldo Mu\u00f1oz Osc\u00f3s, Coordinador General del Servicio Nacional del Empleo; Jos\u00e9 Ram\u00f3n Becheret Ruiz, Delegado del Trabajo.<\/p>\n<p>Monte Alejandro Rubido Garc\u00eda, titular de la Unidad de Delegaciones Federales del Trabajo, y las beneficiarias Elide Delgado Villegas y Miriam Valeria Peralta Ripalda.<\/p>\n<p>(Fecha de publicaci\u00f3n 13032018)<\/p>\n","protected":false},"excerpt":{"rendered":"<p>HERMOSILLO, SONORA. MX. \u2014 Sonora est\u00e1 dentro de los cinco estados con m\u00e1s crecimiento en&#8230;<\/p>\n","protected":false},"author":1,"featured_media":33510,"comment_status":"open","ping_status":"open","sticky":false,"template":"","format":"standard","meta":{"_monsterinsights_skip_tracking":false,"_monsterinsights_sitenote_active":false,"_monsterinsights_sitenote_note":"","_monsterinsights_sitenote_category":0,"footnotes":""},"categories":[5,1],"tags":[],"class_list":["post"],"yoast_head":" \n<title>Sonora en Equipo. Sonora entre los estados que m\u00e1s crecen en generar empleos: Gobernadora Pavlovich Sin categorizar<\/title>\n<meta name=\"description\" content=\"HERMOSILLO, SONORA. MX. \u2014 Sonora est\u00e1 dentro de los cinco estados con m\u00e1s crecimiento en generaci\u00f3n de empleos, inform\u00f3 la Gobernadora Claudia Pavlovich En Sonora en Equipo publicamos toda la informaci\u00f3n de Sonora, M\u00e9xico y el Mundo de manera oportuna y busca que la libertad de expresi\u00f3n sea real. Visita nuestro medio informativo publicado desde Hermosillo, Sonora. %\" \/>\n<meta name=\"robots\" content=\"index, follow, max-snippet:-1, max-image-preview:large, max-video-preview:-1\" \/>\n<link rel=\"canonical\" href=\"https:\/\/www.sonoraenequipo.com.mx\/sonora-los-estados-mas-crecen-generar-empleos-gobernadora-pavlovich\/\" \/>\n<meta property=\"og:locale\" content=\"es_ES\" \/>\n<meta property=\"og:type\" content=\"article\" \/>\n<meta property=\"og:title\" content=\"Sonora en Equipo. Sonora entre los estados que m\u00e1s crecen en generar empleos: Gobernadora Pavlovich Sin categorizar\" \/>\n<meta property=\"og:description\" content=\"HERMOSILLO, SONORA. MX. \u2014 Sonora est\u00e1 dentro de los cinco estados con m\u00e1s crecimiento en generaci\u00f3n de empleos, inform\u00f3 la Gobernadora Claudia Pavlovich En Sonora en Equipo publicamos toda la informaci\u00f3n de Sonora, M\u00e9xico y el Mundo de manera oportuna y busca que la libertad de expresi\u00f3n sea real. Visita nuestro medio informativo publicado desde Hermosillo, Sonora. %\" \/>\n<meta property=\"og:url\" content=\"https:\/\/www.sonoraenequipo.com.mx\/sonora-los-estados-mas-crecen-generar-empleos-gobernadora-pavlovich\/\" \/>\n<meta property=\"og:site_name\" content=\"Sonora en Equipo.\" \/>\n<meta property=\"article:publisher\" content=\"https:\/\/www.facebook.com\/SonoraEE\/\" \/>\n<meta property=\"article:author\" content=\"https:\/\/www.facebook.com\/SonoraEE\" \/>\n<meta property=\"article:published_time\" content=\"2018-03-14T00:48:38+00:00\" \/>\n<meta property=\"article:modified_time\" content=\"2018-03-14T01:36:32+00:00\" \/>\n<meta property=\"og:image\" content=\"https:\/\/www.sonoraenequipo.com.mx\/storage\/2018\/03\/sonorageneramasempleo_opt.jpg\" \/>\n\t<meta property=\"og:image:width\" content=\"676\" \/>\n\t<meta property=\"og:image:height\" content=\"450\" \/>\n\t<meta property=\"og:image:type\" content=\"image\/jpeg\" \/>\n<meta name=\"author\" content=\"enequipo\" \/>\n<meta name=\"twitter:card\" content=\"summary_large_image\" \/>\n<meta name=\"twitter:creator\" content=\"@sonoraenequipo\" \/>\n<meta name=\"twitter:site\" content=\"@sonoraenequipo\" \/>\n<meta name=\"twitter:label1\" content=\"Escrito por\" \/>\n\t<meta name=\"twitter:data1\" content=\"enequipo\" \/>\n\t<meta name=\"twitter:label2\" content=\"Tiempo de lectura\" \/>\n\t<meta name=\"twitter:data2\" content=\"2 minutos\" \/>\n<script type=\"application\/ld+json\" class=\"yoast-schema-graph\">{\"@context\":\"https:\/\/schema.org\",\"@graph\":[{\"@type\":\"Article\",\"@id\":\"https:\/\/www.sonoraenequipo.com.mx\/sonora-los-estados-mas-crecen-generar-empleos-gobernadora-pavlovich\/#article\",\"isPartOf\":{\"@id\":\"https:\/\/www.sonoraenequipo.com.mx\/sonora-los-estados-mas-crecen-generar-empleos-gobernadora-pavlovich\/\"},\"author\":{\"name\":\"enequipo\",\"@id\":\"https:\/\/www.sonoraenequipo.com.mx\/#\/schema\/person\/50102df0fb23a8fa9e8effad8fa81386\"},\"headline\":\"Sonora entre los estados que m\u00e1s crecen en generar empleos: Gobernadora Pavlovich\",\"datePublished\":\"2018-03-14T00:48:38+00:00\",\"dateModified\":\"2018-03-14T01:36:32+00:00\",\"mainEntityOfPage\":{\"@id\":\"https:\/\/www.sonoraenequipo.com.mx\/sonora-los-estados-mas-crecen-generar-empleos-gobernadora-pavlovich\/\"},\"wordCount\":488,\"commentCount\":0,\"publisher\":{\"@id\":\"https:\/\/www.sonoraenequipo.com.mx\/#organization\"},\"image\":{\"@id\":\"https:\/\/www.sonoraenequipo.com.mx\/sonora-los-estados-mas-crecen-generar-empleos-gobernadora-pavlovich\/#primaryimage\"},\"thumbnailUrl\":\"https:\/\/www.sonoraenequipo.com.mx\/storage\/2018\/03\/sonorageneramasempleo_opt.jpg\",\"articleSection\":[\"Rep\u00fablica\",\"Sin categorizar\"],\"inLanguage\":\"es\",\"potentialAction\":[{\"@type\":\"CommentAction\",\"name\":\"Comment\",\"target\":[\"https:\/\/www.sonoraenequipo.com.mx\/sonora-los-estados-mas-crecen-generar-empleos-gobernadora-pavlovich\/#respond\"]}]},{\"@type\":\"WebPage\",\"@id\":\"https:\/\/www.sonoraenequipo.com.mx\/sonora-los-estados-mas-crecen-generar-empleos-gobernadora-pavlovich\/\",\"url\":\"https:\/\/www.sonoraenequipo.com.mx\/sonora-los-estados-mas-crecen-generar-empleos-gobernadora-pavlovich\/\",\"name\":\"Sonora en Equipo. Sonora entre los estados que m\u00e1s crecen en generar empleos: Gobernadora Pavlovich Sin categorizar\",\"isPartOf\":{\"@id\":\"https:\/\/www.sonoraenequipo.com.mx\/#website\"},\"primaryImageOfPage\":{\"@id\":\"https:\/\/www.sonoraenequipo.com.mx\/sonora-los-estados-mas-crecen-generar-empleos-gobernadora-pavlovich\/#primaryimage\"},\"image\":{\"@id\":\"https:\/\/www.sonoraenequipo.com.mx\/sonora-los-estados-mas-crecen-generar-empleos-gobernadora-pavlovich\/#primaryimage\"},\"thumbnailUrl\":\"https:\/\/www.sonoraenequipo.com.mx\/storage\/2018\/03\/sonorageneramasempleo_opt.jpg\",\"datePublished\":\"2018-03-14T00:48:38+00:00\",\"dateModified\":\"2018-03-14T01:36:32+00:00\",\"description\":\"HERMOSILLO, SONORA. MX. \u2014 Sonora est\u00e1 dentro de los cinco estados con m\u00e1s crecimiento en generaci\u00f3n de empleos, inform\u00f3 la Gobernadora Claudia Pavlovich En Sonora en Equipo publicamos toda la informaci\u00f3n de Sonora, M\u00e9xico y el Mundo de manera oportuna y busca que la libertad de expresi\u00f3n sea real. Visita nuestro medio informativo publicado desde Hermosillo, Sonora. %\",\"breadcrumb\":{\"@id\":\"https:\/\/www.sonoraenequipo.com.mx\/sonora-los-estados-mas-crecen-generar-empleos-gobernadora-pavlovich\/#breadcrumb\"},\"inLanguage\":\"es\",\"potentialAction\":[{\"@type\":\"ReadAction\",\"target\":[\"https:\/\/www.sonoraenequipo.com.mx\/sonora-los-estados-mas-crecen-generar-empleos-gobernadora-pavlovich\/\"]}]},{\"@type\":\"ImageObject\",\"inLanguage\":\"es\",\"@id\":\"https:\/\/www.sonoraenequipo.com.mx\/sonora-los-estados-mas-crecen-generar-empleos-gobernadora-pavlovich\/#primaryimage\",\"url\":\"https:\/\/www.sonoraenequipo.com.mx\/storage\/2018\/03\/sonorageneramasempleo_opt.jpg\",\"contentUrl\":\"https:\/\/www.sonoraenequipo.com.mx\/storage\/2018\/03\/sonorageneramasempleo_opt.jpg\",\"width\":676,\"height\":450},{\"@type\":\"BreadcrumbList\",\"@id\":\"https:\/\/www.sonoraenequipo.com.mx\/sonora-los-estados-mas-crecen-generar-empleos-gobernadora-pavlovich\/#breadcrumb\",\"itemListElement\":[{\"@type\":\"ListItem\",\"position\":1,\"name\":\"Portada\",\"item\":\"https:\/\/www.sonoraenequipo.com.mx\/\"},{\"@type\":\"ListItem\",\"position\":2,\"name\":\"Sonora entre los estados que m\u00e1s crecen en generar empleos: Gobernadora Pavlovich\"}]},{\"@type\":\"WebSite\",\"@id\":\"https:\/\/www.sonoraenequipo.com.mx\/#website\",\"url\":\"https:\/\/www.sonoraenequipo.com.mx\/\",\"name\":\"Sonora en Equipo.\",\"description\":\"Diario en l\u00ednea con Noticias desde Hermosillo, Sonora\",\"publisher\":{\"@id\":\"https:\/\/www.sonoraenequipo.com.mx\/#organization\"},\"potentialAction\":[{\"@type\":\"SearchAction\",\"target\":{\"@type\":\"EntryPoint\",\"urlTemplate\":\"https:\/\/www.sonoraenequipo.com.mx\/?s={search_term_string}\"},\"query-input\":{\"@type\":\"PropertyValueSpecification\",\"valueRequired\":true,\"valueName\":\"search_term_string\"}}],\"inLanguage\":\"es\"},{\"@type\":\"Organization\",\"@id\":\"https:\/\/www.sonoraenequipo.com.mx\/#organization\",\"name\":\"Sonoraenequipo.com.mx\",\"url\":\"https:\/\/www.sonoraenequipo.com.mx\/\",\"logo\":{\"@type\":\"ImageObject\",\"inLanguage\":\"es\",\"@id\":\"https:\/\/www.sonoraenequipo.com.mx\/#\/schema\/logo\/image\/\",\"url\":\"https:\/\/www.sonoraenequipo.com.mx\/storage\/2019\/01\/sonoraenequipo_opt.png\",\"contentUrl\":\"https:\/\/www.sonoraenequipo.com.mx\/storage\/2019\/01\/sonoraenequipo_opt.png\",\"width\":375,\"height\":125,\"caption\":\"Sonoraenequipo.com.mx\"},\"image\":{\"@id\":\"https:\/\/www.sonoraenequipo.com.mx\/#\/schema\/logo\/image\/\"},\"sameAs\":[\"https:\/\/www.facebook.com\/SonoraEE\/\",\"https:\/\/x.com\/sonoraenequipo\",\"https:\/\/www.youtube.com\/channel\/UC338nW-lPEYmJQs4ZABQ1SQ\"]},{\"@type\":\"Person\",\"@id\":\"https:\/\/www.sonoraenequipo.com.mx\/#\/schema\/person\/50102df0fb23a8fa9e8effad8fa81386\",\"name\":\"enequipo\",\"image\":{\"@type\":\"ImageObject\",\"inLanguage\":\"es\",\"@id\":\"https:\/\/www.sonoraenequipo.com.mx\/#\/schema\/person\/image\/\",\"url\":\"https:\/\/secure.gravatar.com\/avatar\/049821681b589dabc0bc20695993ccebb09f5b5d4d790cd9251b97faac7c652b?s=96&d=blank&r=g\",\"contentUrl\":\"https:\/\/secure.gravatar.com\/avatar\/049821681b589dabc0bc20695993ccebb09f5b5d4d790cd9251b97faac7c652b?s=96&d=blank&r=g\",\"caption\":\"enequipo\"},\"sameAs\":[\"https:\/\/www.facebook.com\/SonoraEE\"]}]}<\/script>\n ","yoast_head_json":{"title":"Sonora en Equipo. Sonora entre los estados que m\u00e1s crecen en generar empleos: Gobernadora Pavlovich Sin categorizar","description":"HERMOSILLO, SONORA. MX. \u2014 Sonora est\u00e1 dentro de los cinco estados con m\u00e1s crecimiento en generaci\u00f3n de empleos, inform\u00f3 la Gobernadora Claudia Pavlovich En Sonora en Equipo publicamos toda la informaci\u00f3n de Sonora, M\u00e9xico y el Mundo de manera oportuna y busca que la libertad de expresi\u00f3n sea real. Visita nuestro medio informativo publicado desde Hermosillo, Sonora. %","robots":{"index":"index","follow":"follow","max-snippet":"max-snippet:-1","max-image-preview":"max-image-preview:large","max-video-preview":"max-video-preview:-1"},"canonical":"https:\/\/www.sonoraenequipo.com.mx\/sonora-los-estados-mas-crecen-generar-empleos-gobernadora-pavlovich\/","og_locale":"es_ES","og_type":"article","og_title":"Sonora en Equipo. Sonora entre los estados que m\u00e1s crecen en generar empleos: Gobernadora Pavlovich Sin categorizar","og_description":"HERMOSILLO, SONORA. MX. \u2014 Sonora est\u00e1 dentro de los cinco estados con m\u00e1s crecimiento en generaci\u00f3n de empleos, inform\u00f3 la Gobernadora Claudia Pavlovich En Sonora en Equipo publicamos toda la informaci\u00f3n de Sonora, M\u00e9xico y el Mundo de manera oportuna y busca que la libertad de expresi\u00f3n sea real. Visita nuestro medio informativo publicado desde Hermosillo, Sonora. %","og_url":"https:\/\/www.sonoraenequipo.com.mx\/sonora-los-estados-mas-crecen-generar-empleos-gobernadora-pavlovich\/","og_site_name":"Sonora en Equipo.","article_publisher":"https:\/\/www.facebook.com\/SonoraEE\/","article_author":"https:\/\/www.facebook.com\/SonoraEE","article_published_time":"2018-03-14T00:48:38+00:00","article_modified_time":"2018-03-14T01:36:32+00:00","og_image":[{"width":676,"height":450,"url":"https:\/\/www.sonoraenequipo.com.mx\/storage\/2018\/03\/sonorageneramasempleo_opt.jpg","type":"image\/jpeg"}],"author":"enequipo","twitter_card":"summary_large_image","twitter_creator":"@sonoraenequipo","twitter_site":"@sonoraenequipo","twitter_misc":{"Escrito por":"enequipo","Tiempo de lectura":"2 minutos"},"schema":{"@context":"https:\/\/schema.org","@graph":[{"@type":"Article","@id":"https:\/\/www.sonoraenequipo.com.mx\/sonora-los-estados-mas-crecen-generar-empleos-gobernadora-pavlovich\/#article","isPartOf":{"@id":"https:\/\/www.sonoraenequipo.com.mx\/sonora-los-estados-mas-crecen-generar-empleos-gobernadora-pavlovich\/"},"author":{"name":"enequipo","@id":"https:\/\/www.sonoraenequipo.com.mx\/#\/schema\/person\/50102df0fb23a8fa9e8effad8fa81386"},"headline":"Sonora entre los estados que m\u00e1s crecen en generar empleos: Gobernadora Pavlovich","datePublished":"2018-03-14T00:48:38+00:00","dateModified":"2018-03-14T01:36:32+00:00","mainEntityOfPage":{"@id":"https:\/\/www.sonoraenequipo.com.mx\/sonora-los-estados-mas-crecen-generar-empleos-gobernadora-pavlovich\/"},"wordCount":488,"commentCount":0,"publisher":{"@id":"https:\/\/www.sonoraenequipo.com.mx\/#organization"},"image":{"@id":"https:\/\/www.sonoraenequipo.com.mx\/sonora-los-estados-mas-crecen-generar-empleos-gobernadora-pavlovich\/#primaryimage"},"thumbnailUrl":"https:\/\/www.sonoraenequipo.com.mx\/storage\/2018\/03\/sonorageneramasempleo_opt.jpg","articleSection":["Rep\u00fablica","Sin categorizar"],"inLanguage":"es","potentialAction":[{"@type":"CommentAction","name":"Comment","target":["https:\/\/www.sonoraenequipo.com.mx\/sonora-los-estados-mas-crecen-generar-empleos-gobernadora-pavlovich\/#respond"]}]},{"@type":"WebPage","@id":"https:\/\/www.sonoraenequipo.com.mx\/sonora-los-estados-mas-crecen-generar-empleos-gobernadora-pavlovich\/","url":"https:\/\/www.sonoraenequipo.com.mx\/sonora-los-estados-mas-crecen-generar-empleos-gobernadora-pavlovich\/","name":"Sonora en Equipo. Sonora entre los estados que m\u00e1s crecen en generar empleos: Gobernadora Pavlovich Sin categorizar","isPartOf":{"@id":"https:\/\/www.sonoraenequipo.com.mx\/#website"},"primaryImageOfPage":{"@id":"https:\/\/www.sonoraenequipo.com.mx\/sonora-los-estados-mas-crecen-generar-empleos-gobernadora-pavlovich\/#primaryimage"},"image":{"@id":"https:\/\/www.sonoraenequipo.com.mx\/sonora-los-estados-mas-crecen-generar-empleos-gobernadora-pavlovich\/#primaryimage"},"thumbnailUrl":"https:\/\/www.sonoraenequipo.com.mx\/storage\/2018\/03\/sonorageneramasempleo_opt.jpg","datePublished":"2018-03-14T00:48:38+00:00","dateModified":"2018-03-14T01:36:32+00:00","description":"HERMOSILLO, SONORA. MX. \u2014 Sonora est\u00e1 dentro de los cinco estados con m\u00e1s crecimiento en generaci\u00f3n de empleos, inform\u00f3 la Gobernadora Claudia Pavlovich En Sonora en Equipo publicamos toda la informaci\u00f3n de Sonora, M\u00e9xico y el Mundo de manera oportuna y busca que la libertad de expresi\u00f3n sea real. Visita nuestro medio informativo publicado desde Hermosillo, Sonora. %","breadcrumb":{"@id":"https:\/\/www.sonoraenequipo.com.mx\/sonora-los-estados-mas-crecen-generar-empleos-gobernadora-pavlovich\/#breadcrumb"},"inLanguage":"es","potentialAction":[{"@type":"ReadAction","target":["https:\/\/www.sonoraenequipo.com.mx\/sonora-los-estados-mas-crecen-generar-empleos-gobernadora-pavlovich\/"]}]},{"@type":"ImageObject","inLanguage":"es","@id":"https:\/\/www.sonoraenequipo.com.mx\/sonora-los-estados-mas-crecen-generar-empleos-gobernadora-pavlovich\/#primaryimage","url":"https:\/\/www.sonoraenequipo.com.mx\/storage\/2018\/03\/sonorageneramasempleo_opt.jpg","contentUrl":"https:\/\/www.sonoraenequipo.com.mx\/storage\/2018\/03\/sonorageneramasempleo_opt.jpg","width":676,"height":450},{"@type":"BreadcrumbList","@id":"https:\/\/www.sonoraenequipo.com.mx\/sonora-los-estados-mas-crecen-generar-empleos-gobernadora-pavlovich\/#breadcrumb","itemListElement":[{"@type":"ListItem","position":1,"name":"Portada","item":"https:\/\/www.sonoraenequipo.com.mx\/"},{"@type":"ListItem","position":2,"name":"Sonora entre los estados que m\u00e1s crecen en generar empleos: Gobernadora Pavlovich"}]},{"@type":"WebSite","@id":"https:\/\/www.sonoraenequipo.com.mx\/#website","url":"https:\/\/www.sonoraenequipo.com.mx\/","name":"Sonora en Equipo.","description":"Diario en l\u00ednea con Noticias desde Hermosillo, Sonora","publisher":{"@id":"https:\/\/www.sonoraenequipo.com.mx\/#organization"},"potentialAction":[{"@type":"SearchAction","target":{"@type":"EntryPoint","urlTemplate":"https:\/\/www.sonoraenequipo.com.mx\/?s={search_term_string}"},"query-input":{"@type":"PropertyValueSpecification","valueRequired":true,"valueName":"search_term_string"}}],"inLanguage":"es"},{"@type":"Organization","@id":"https:\/\/www.sonoraenequipo.com.mx\/#organization","name":"Sonoraenequipo.com.mx","url":"https:\/\/www.sonoraenequipo.com.mx\/","logo":{"@type":"ImageObject","inLanguage":"es","@id":"https:\/\/www.sonoraenequipo.com.mx\/#\/schema\/logo\/image\/","url":"https:\/\/www.sonoraenequipo.com.mx\/storage\/2019\/01\/sonoraenequipo_opt.png","contentUrl":"https:\/\/www.sonoraenequipo.com.mx\/storage\/2019\/01\/sonoraenequipo_opt.png","width":375,"height":125,"caption":"Sonoraenequipo.com.mx"},"image":{"@id":"https:\/\/www.sonoraenequipo.com.mx\/#\/schema\/logo\/image\/"},"sameAs":["https:\/\/www.facebook.com\/SonoraEE\/","https:\/\/x.com\/sonoraenequipo","https:\/\/www.youtube.com\/channel\/UC338nW-lPEYmJQs4ZABQ1SQ"]},{"@type":"Person","@id":"https:\/\/www.sonoraenequipo.com.mx\/#\/schema\/person\/50102df0fb23a8fa9e8effad8fa81386","name":"enequipo","image":{"@type":"ImageObject","inLanguage":"es","@id":"https:\/\/www.sonoraenequipo.com.mx\/#\/schema\/person\/image\/","url":"https:\/\/secure.gravatar.com\/avatar\/049821681b589dabc0bc20695993ccebb09f5b5d4d790cd9251b97faac7c652b?s=96&d=blank&r=g","contentUrl":"https:\/\/secure.gravatar.com\/avatar\/049821681b589dabc0bc20695993ccebb09f5b5d4d790cd9251b97faac7c652b?s=96&d=blank&r=g","caption":"enequipo"},"sameAs":["https:\/\/www.facebook.com\/SonoraEE"]}]}},"jetpack_featured_media_url":"https:\/\/www.sonoraenequipo.com.mx\/storage\/2018\/03\/sonorageneramasempleo_opt.jpg","_links":{"self":[{"href":"https:\/\/www.sonoraenequipo.com.mx\/api\/wp\/v2\/posts\/33509","targetHints":{"allow":["GET"]}}],"collection":[{"href":"https:\/\/www.sonoraenequipo.com.mx\/api\/wp\/v2\/posts"}],"about":[{"href":"https:\/\/www.sonoraenequipo.com.mx\/api\/wp\/v2\/types\/post"}],"author":[{"embeddable":true,"href":"https:\/\/www.sonoraenequipo.com.mx\/api\/wp\/v2\/users\/1"}],"replies":[{"embeddable":true,"href":"https:\/\/www.sonoraenequipo.com.mx\/api\/wp\/v2\/comments?post=33509"}],"version-history":[{"count":0,"href":"https:\/\/www.sonoraenequipo.com.mx\/api\/wp\/v2\/posts\/33509\/revisions"}],"wp:featuredmedia":[{"embeddable":true,"href":"https:\/\/www.sonoraenequipo.com.mx\/api\/wp\/v2\/media\/33510"}],"wp:attachment":[{"href":"https:\/\/www.sonoraenequipo.com.mx\/api\/wp\/v2\/media?parent=33509"}],"wp:term":[{"taxonomy":"category","embeddable":true,"href":"https:\/\/www.sonoraenequipo.com.mx\/api\/wp\/v2\/categories?post=33509"},{"taxonomy":"post_tag","embeddable":true,"href":"https:\/\/www.sonoraenequipo.com.mx\/api\/wp\/v2\/tags?post=33509"}],"curies":[{"name":"wp","href":"https:\/\/api.w.org\/{rel}","templated":true}]}}