{"id":33512,"date":"2018-03-13T16:55:02","date_gmt":"2018-03-13T23:55:02","guid":{"rendered":"http:\/\/www.sonoraenequipo.com.mx\/?p=33512"},"modified":"2018-03-13T18:43:08","modified_gmt":"2018-03-14T01:43:08","slug":"impulsa-secretaria-economia-vinculacion-sectores-productivos-escuelas-2","status":"publish","type":"post","link":"https:\/\/www.sonoraenequipo.com.mx\/impulsa-secretaria-economia-vinculacion-sectores-productivos-escuelas-2\/","title":{"rendered":"Impulsa Secretar\u00eda de Econom\u00eda vinculaci\u00f3n sectores productivos &#8211; escuelas"},"content":{"rendered":"<p>HERMOSILLO, SONORA. MX. \u2014 Para dar continuidad al trabajo conjunto entre Gobierno del Estado, empresas y sector educativo, las secretar\u00edas de Econom\u00eda y de Educaci\u00f3n presentaron un estudio para mejorar la oferta educativa conforme a la demanda del mercado.<\/p>\n<p> <\/p>\n<p>Jorge Vidal Ahumada, Secretario de Econom\u00eda, destac\u00f3 la importancia de crear \u201ctrajes a la medida\u201d para las empresas y que los profesionistas egresados tengan m\u00e1s oportunidades laborales.<\/p>\n<p><em>\u201cBuscamos llegar a conclusiones muy objetivas de estar alineando lo que es la parte educativa con la parte empresarial, a fin de no tener limitantes en la parte de la generaci\u00f3n de recursos humanos\u201d,<\/em> resalt\u00f3.<\/p>\n<p>Como parte de la Coalici\u00f3n por la Educaci\u00f3n creada por la Gobernadora Claudia Pavlovich se realiz\u00f3 esta reuni\u00f3n, la cual se suma a distintos proyectos de la Secretar\u00eda de Econom\u00eda, como J\u00f3venes con Talento y J\u00f3venes Especialistas, dirigidos a mejorar el capital humano que egresa de las universidades.<\/p>\n<p>Armando Cece\u00f1a Salido, Subsecretario de Desarrollo Econ\u00f3mico y responsable del proyecto, explic\u00f3 que el estudio se basa en las carreras que ofrecen las instituciones educativas p\u00fablicas y privadas en Sonora y su comparaci\u00f3n con las necesidades del sector empresarial.<\/p>\n<p><em>\u201cTomamos el sector automotriz, el sector aeroespacial y el el\u00e9ctrico-electr\u00f3nico, las demandas que tienen ellos y la estamos ubicando por regi\u00f3n, qu\u00e9 ofrecen las universidades y las instituciones educativas en cada una de las regiones del estado y qu\u00e9 demanda en esas regiones la industria que est\u00e1 focalizada ah\u00ed mismo\u201d<\/em>, detall\u00f3.<\/p>\n<p>Ante representantes de distintas empresas, present\u00f3 estad\u00edsticas, gr\u00e1ficas y datos de la oferta educativa de las universidades de Sonora y las necesidades empresariales, y al final de la reuni\u00f3n los empresarios enriquecieron el estudio.<\/p>\n<p>Por ejemplo, se detect\u00f3 que en casi todo el estado hay demanda para T\u00e9cnico Superior Universitario (TSU) en Mantenimiento Industrial, pero esta carrera s\u00f3lo se ofrece en San Luis R\u00edo Colorado, Nogales y Hermosillo, pero no en el sur del estado.<\/p>\n<p>On\u00e9simo Mariscales Delgadillo, Subsecretario de Educaci\u00f3n Media Superior y Superior, inform\u00f3 que la semana pasada se reunieron con directivos de instituciones educativas, quienes revisan sus planes y programas de estudio para saber qu\u00e9 tipo de TSU o qu\u00e9 ingenier\u00edas se requieren o deben impulsar.<\/p>\n<p>A\u00f1adi\u00f3 que hace un par de semanas se aprob\u00f3 crear la Ingenier\u00eda Aeroespacial para el Instituto Tecnol\u00f3gico de Hermosillo (ITH), una carrera que tiene una gran demanda en el estado.<\/p>\n<p>Mariscales Delgadillo adelant\u00f3 que pr\u00f3ximamente realizar\u00e1n una nueva reuni\u00f3n con directivos de las instituciones educativas para presentarles las opiniones de los empresarios, a fin de que analicen modificar, ampliar o mejorar sus planes de estudio.<\/p>\n<p>Presentes: representantes de las empresas: TE connectivity, Magna, GPI, Figeac Aero M\u00e9xico, Maquilas Tetakawi, Argonaut Gold, Grupo M\u00e9xico, Latecore, Zuma Energ\u00eda, AT Engine, Bacanora Minerals, Novutek y Comulink.<\/p>\n<p>(Fecha de publicaci\u00f3n 13032018)<\/p>\n","protected":false},"excerpt":{"rendered":"<p>HERMOSILLO, SONORA. MX. \u2014 Para dar continuidad al trabajo conjunto entre Gobierno del Estado, empresas&#8230;<\/p>\n","protected":false},"author":1,"featured_media":33513,"comment_status":"open","ping_status":"open","sticky":false,"template":"","format":"standard","meta":{"_monsterinsights_skip_tracking":false,"_monsterinsights_sitenote_active":false,"_monsterinsights_sitenote_note":"","_monsterinsights_sitenote_category":0,"footnotes":""},"categories":[1,22],"tags":[],"class_list":["post"],"yoast_head":" \n<title>Sonora en Equipo. Impulsa Secretar\u00eda de Econom\u00eda vinculaci\u00f3n sectores productivos - escuelas Sin categorizar<\/title>\n<meta name=\"description\" content=\"HERMOSILLO, SONORA. MX. \u2014 Para dar continuidad al trabajo conjunto entre Gobierno del Estado, empresas y sector educativo, las secretar\u00edas de Econom\u00eda y En Sonora en Equipo publicamos toda la informaci\u00f3n de Sonora, M\u00e9xico y el Mundo de manera oportuna y busca que la libertad de expresi\u00f3n sea real. Visita nuestro medio informativo publicado desde Hermosillo, Sonora. %\" \/>\n<meta name=\"robots\" content=\"index, follow, max-snippet:-1, max-image-preview:large, max-video-preview:-1\" \/>\n<link rel=\"canonical\" href=\"https:\/\/www.sonoraenequipo.com.mx\/impulsa-secretaria-economia-vinculacion-sectores-productivos-escuelas-2\/\" \/>\n<meta property=\"og:locale\" content=\"es_ES\" \/>\n<meta property=\"og:type\" content=\"article\" \/>\n<meta property=\"og:title\" content=\"Sonora en Equipo. Impulsa Secretar\u00eda de Econom\u00eda vinculaci\u00f3n sectores productivos - escuelas Sin categorizar\" \/>\n<meta property=\"og:description\" content=\"HERMOSILLO, SONORA. MX. \u2014 Para dar continuidad al trabajo conjunto entre Gobierno del Estado, empresas y sector educativo, las secretar\u00edas de Econom\u00eda y En Sonora en Equipo publicamos toda la informaci\u00f3n de Sonora, M\u00e9xico y el Mundo de manera oportuna y busca que la libertad de expresi\u00f3n sea real. Visita nuestro medio informativo publicado desde Hermosillo, Sonora. %\" \/>\n<meta property=\"og:url\" content=\"https:\/\/www.sonoraenequipo.com.mx\/impulsa-secretaria-economia-vinculacion-sectores-productivos-escuelas-2\/\" \/>\n<meta property=\"og:site_name\" content=\"Sonora en Equipo.\" \/>\n<meta property=\"article:publisher\" content=\"https:\/\/www.facebook.com\/SonoraEE\/\" \/>\n<meta property=\"article:author\" content=\"https:\/\/www.facebook.com\/SonoraEE\" \/>\n<meta property=\"article:published_time\" content=\"2018-03-13T23:55:02+00:00\" \/>\n<meta property=\"article:modified_time\" content=\"2018-03-14T01:43:08+00:00\" \/>\n<meta property=\"og:image\" content=\"https:\/\/www.sonoraenequipo.com.mx\/storage\/2018\/03\/impulsaSE_opt1.jpg\" \/>\n\t<meta property=\"og:image:width\" content=\"675\" \/>\n\t<meta property=\"og:image:height\" content=\"450\" \/>\n\t<meta property=\"og:image:type\" content=\"image\/jpeg\" \/>\n<meta name=\"author\" content=\"enequipo\" \/>\n<meta name=\"twitter:card\" content=\"summary_large_image\" \/>\n<meta name=\"twitter:creator\" content=\"@sonoraenequipo\" \/>\n<meta name=\"twitter:site\" content=\"@sonoraenequipo\" \/>\n<meta name=\"twitter:label1\" content=\"Escrito por\" \/>\n\t<meta name=\"twitter:data1\" content=\"enequipo\" \/>\n\t<meta name=\"twitter:label2\" content=\"Tiempo de lectura\" \/>\n\t<meta name=\"twitter:data2\" content=\"2 minutos\" \/>\n<script type=\"application\/ld+json\" class=\"yoast-schema-graph\">{\"@context\":\"https:\/\/schema.org\",\"@graph\":[{\"@type\":\"Article\",\"@id\":\"https:\/\/www.sonoraenequipo.com.mx\/impulsa-secretaria-economia-vinculacion-sectores-productivos-escuelas-2\/#article\",\"isPartOf\":{\"@id\":\"https:\/\/www.sonoraenequipo.com.mx\/impulsa-secretaria-economia-vinculacion-sectores-productivos-escuelas-2\/\"},\"author\":{\"name\":\"enequipo\",\"@id\":\"https:\/\/www.sonoraenequipo.com.mx\/#\/schema\/person\/50102df0fb23a8fa9e8effad8fa81386\"},\"headline\":\"Impulsa Secretar\u00eda de Econom\u00eda vinculaci\u00f3n sectores productivos &#8211; escuelas\",\"datePublished\":\"2018-03-13T23:55:02+00:00\",\"dateModified\":\"2018-03-14T01:43:08+00:00\",\"mainEntityOfPage\":{\"@id\":\"https:\/\/www.sonoraenequipo.com.mx\/impulsa-secretaria-economia-vinculacion-sectores-productivos-escuelas-2\/\"},\"wordCount\":504,\"commentCount\":0,\"publisher\":{\"@id\":\"https:\/\/www.sonoraenequipo.com.mx\/#organization\"},\"image\":{\"@id\":\"https:\/\/www.sonoraenequipo.com.mx\/impulsa-secretaria-economia-vinculacion-sectores-productivos-escuelas-2\/#primaryimage\"},\"thumbnailUrl\":\"https:\/\/www.sonoraenequipo.com.mx\/storage\/2018\/03\/impulsaSE_opt1.jpg\",\"articleSection\":[\"Sin categorizar\",\"Sonora\"],\"inLanguage\":\"es\",\"potentialAction\":[{\"@type\":\"CommentAction\",\"name\":\"Comment\",\"target\":[\"https:\/\/www.sonoraenequipo.com.mx\/impulsa-secretaria-economia-vinculacion-sectores-productivos-escuelas-2\/#respond\"]}]},{\"@type\":\"WebPage\",\"@id\":\"https:\/\/www.sonoraenequipo.com.mx\/impulsa-secretaria-economia-vinculacion-sectores-productivos-escuelas-2\/\",\"url\":\"https:\/\/www.sonoraenequipo.com.mx\/impulsa-secretaria-economia-vinculacion-sectores-productivos-escuelas-2\/\",\"name\":\"Sonora en Equipo. Impulsa Secretar\u00eda de Econom\u00eda vinculaci\u00f3n sectores productivos - escuelas Sin categorizar\",\"isPartOf\":{\"@id\":\"https:\/\/www.sonoraenequipo.com.mx\/#website\"},\"primaryImageOfPage\":{\"@id\":\"https:\/\/www.sonoraenequipo.com.mx\/impulsa-secretaria-economia-vinculacion-sectores-productivos-escuelas-2\/#primaryimage\"},\"image\":{\"@id\":\"https:\/\/www.sonoraenequipo.com.mx\/impulsa-secretaria-economia-vinculacion-sectores-productivos-escuelas-2\/#primaryimage\"},\"thumbnailUrl\":\"https:\/\/www.sonoraenequipo.com.mx\/storage\/2018\/03\/impulsaSE_opt1.jpg\",\"datePublished\":\"2018-03-13T23:55:02+00:00\",\"dateModified\":\"2018-03-14T01:43:08+00:00\",\"description\":\"HERMOSILLO, SONORA. MX. \u2014 Para dar continuidad al trabajo conjunto entre Gobierno del Estado, empresas y sector educativo, las secretar\u00edas de Econom\u00eda y En Sonora en Equipo publicamos toda la informaci\u00f3n de Sonora, M\u00e9xico y el Mundo de manera oportuna y busca que la libertad de expresi\u00f3n sea real. Visita nuestro medio informativo publicado desde Hermosillo, Sonora. %\",\"breadcrumb\":{\"@id\":\"https:\/\/www.sonoraenequipo.com.mx\/impulsa-secretaria-economia-vinculacion-sectores-productivos-escuelas-2\/#breadcrumb\"},\"inLanguage\":\"es\",\"potentialAction\":[{\"@type\":\"ReadAction\",\"target\":[\"https:\/\/www.sonoraenequipo.com.mx\/impulsa-secretaria-economia-vinculacion-sectores-productivos-escuelas-2\/\"]}]},{\"@type\":\"ImageObject\",\"inLanguage\":\"es\",\"@id\":\"https:\/\/www.sonoraenequipo.com.mx\/impulsa-secretaria-economia-vinculacion-sectores-productivos-escuelas-2\/#primaryimage\",\"url\":\"https:\/\/www.sonoraenequipo.com.mx\/storage\/2018\/03\/impulsaSE_opt1.jpg\",\"contentUrl\":\"https:\/\/www.sonoraenequipo.com.mx\/storage\/2018\/03\/impulsaSE_opt1.jpg\",\"width\":675,\"height\":450},{\"@type\":\"BreadcrumbList\",\"@id\":\"https:\/\/www.sonoraenequipo.com.mx\/impulsa-secretaria-economia-vinculacion-sectores-productivos-escuelas-2\/#breadcrumb\",\"itemListElement\":[{\"@type\":\"ListItem\",\"position\":1,\"name\":\"Portada\",\"item\":\"https:\/\/www.sonoraenequipo.com.mx\/\"},{\"@type\":\"ListItem\",\"position\":2,\"name\":\"Impulsa Secretar\u00eda de Econom\u00eda vinculaci\u00f3n sectores productivos &#8211; escuelas\"}]},{\"@type\":\"WebSite\",\"@id\":\"https:\/\/www.sonoraenequipo.com.mx\/#website\",\"url\":\"https:\/\/www.sonoraenequipo.com.mx\/\",\"name\":\"Sonora en Equipo.\",\"description\":\"Diario en l\u00ednea con Noticias desde Hermosillo, Sonora\",\"publisher\":{\"@id\":\"https:\/\/www.sonoraenequipo.com.mx\/#organization\"},\"potentialAction\":[{\"@type\":\"SearchAction\",\"target\":{\"@type\":\"EntryPoint\",\"urlTemplate\":\"https:\/\/www.sonoraenequipo.com.mx\/?s={search_term_string}\"},\"query-input\":{\"@type\":\"PropertyValueSpecification\",\"valueRequired\":true,\"valueName\":\"search_term_string\"}}],\"inLanguage\":\"es\"},{\"@type\":\"Organization\",\"@id\":\"https:\/\/www.sonoraenequipo.com.mx\/#organization\",\"name\":\"Sonoraenequipo.com.mx\",\"url\":\"https:\/\/www.sonoraenequipo.com.mx\/\",\"logo\":{\"@type\":\"ImageObject\",\"inLanguage\":\"es\",\"@id\":\"https:\/\/www.sonoraenequipo.com.mx\/#\/schema\/logo\/image\/\",\"url\":\"https:\/\/www.sonoraenequipo.com.mx\/storage\/2019\/01\/sonoraenequipo_opt.png\",\"contentUrl\":\"https:\/\/www.sonoraenequipo.com.mx\/storage\/2019\/01\/sonoraenequipo_opt.png\",\"width\":375,\"height\":125,\"caption\":\"Sonoraenequipo.com.mx\"},\"image\":{\"@id\":\"https:\/\/www.sonoraenequipo.com.mx\/#\/schema\/logo\/image\/\"},\"sameAs\":[\"https:\/\/www.facebook.com\/SonoraEE\/\",\"https:\/\/x.com\/sonoraenequipo\",\"https:\/\/www.youtube.com\/channel\/UC338nW-lPEYmJQs4ZABQ1SQ\"]},{\"@type\":\"Person\",\"@id\":\"https:\/\/www.sonoraenequipo.com.mx\/#\/schema\/person\/50102df0fb23a8fa9e8effad8fa81386\",\"name\":\"enequipo\",\"image\":{\"@type\":\"ImageObject\",\"inLanguage\":\"es\",\"@id\":\"https:\/\/www.sonoraenequipo.com.mx\/#\/schema\/person\/image\/\",\"url\":\"https:\/\/secure.gravatar.com\/avatar\/049821681b589dabc0bc20695993ccebb09f5b5d4d790cd9251b97faac7c652b?s=96&d=blank&r=g\",\"contentUrl\":\"https:\/\/secure.gravatar.com\/avatar\/049821681b589dabc0bc20695993ccebb09f5b5d4d790cd9251b97faac7c652b?s=96&d=blank&r=g\",\"caption\":\"enequipo\"},\"sameAs\":[\"https:\/\/www.facebook.com\/SonoraEE\"]}]}<\/script>\n ","yoast_head_json":{"title":"Sonora en Equipo. Impulsa Secretar\u00eda de Econom\u00eda vinculaci\u00f3n sectores productivos - escuelas Sin categorizar","description":"HERMOSILLO, SONORA. MX. \u2014 Para dar continuidad al trabajo conjunto entre Gobierno del Estado, empresas y sector educativo, las secretar\u00edas de Econom\u00eda y En Sonora en Equipo publicamos toda la informaci\u00f3n de Sonora, M\u00e9xico y el Mundo de manera oportuna y busca que la libertad de expresi\u00f3n sea real. Visita nuestro medio informativo publicado desde Hermosillo, Sonora. %","robots":{"index":"index","follow":"follow","max-snippet":"max-snippet:-1","max-image-preview":"max-image-preview:large","max-video-preview":"max-video-preview:-1"},"canonical":"https:\/\/www.sonoraenequipo.com.mx\/impulsa-secretaria-economia-vinculacion-sectores-productivos-escuelas-2\/","og_locale":"es_ES","og_type":"article","og_title":"Sonora en Equipo. Impulsa Secretar\u00eda de Econom\u00eda vinculaci\u00f3n sectores productivos - escuelas Sin categorizar","og_description":"HERMOSILLO, SONORA. MX. \u2014 Para dar continuidad al trabajo conjunto entre Gobierno del Estado, empresas y sector educativo, las secretar\u00edas de Econom\u00eda y En Sonora en Equipo publicamos toda la informaci\u00f3n de Sonora, M\u00e9xico y el Mundo de manera oportuna y busca que la libertad de expresi\u00f3n sea real. Visita nuestro medio informativo publicado desde Hermosillo, Sonora. %","og_url":"https:\/\/www.sonoraenequipo.com.mx\/impulsa-secretaria-economia-vinculacion-sectores-productivos-escuelas-2\/","og_site_name":"Sonora en Equipo.","article_publisher":"https:\/\/www.facebook.com\/SonoraEE\/","article_author":"https:\/\/www.facebook.com\/SonoraEE","article_published_time":"2018-03-13T23:55:02+00:00","article_modified_time":"2018-03-14T01:43:08+00:00","og_image":[{"width":675,"height":450,"url":"https:\/\/www.sonoraenequipo.com.mx\/storage\/2018\/03\/impulsaSE_opt1.jpg","type":"image\/jpeg"}],"author":"enequipo","twitter_card":"summary_large_image","twitter_creator":"@sonoraenequipo","twitter_site":"@sonoraenequipo","twitter_misc":{"Escrito por":"enequipo","Tiempo de lectura":"2 minutos"},"schema":{"@context":"https:\/\/schema.org","@graph":[{"@type":"Article","@id":"https:\/\/www.sonoraenequipo.com.mx\/impulsa-secretaria-economia-vinculacion-sectores-productivos-escuelas-2\/#article","isPartOf":{"@id":"https:\/\/www.sonoraenequipo.com.mx\/impulsa-secretaria-economia-vinculacion-sectores-productivos-escuelas-2\/"},"author":{"name":"enequipo","@id":"https:\/\/www.sonoraenequipo.com.mx\/#\/schema\/person\/50102df0fb23a8fa9e8effad8fa81386"},"headline":"Impulsa Secretar\u00eda de Econom\u00eda vinculaci\u00f3n sectores productivos &#8211; escuelas","datePublished":"2018-03-13T23:55:02+00:00","dateModified":"2018-03-14T01:43:08+00:00","mainEntityOfPage":{"@id":"https:\/\/www.sonoraenequipo.com.mx\/impulsa-secretaria-economia-vinculacion-sectores-productivos-escuelas-2\/"},"wordCount":504,"commentCount":0,"publisher":{"@id":"https:\/\/www.sonoraenequipo.com.mx\/#organization"},"image":{"@id":"https:\/\/www.sonoraenequipo.com.mx\/impulsa-secretaria-economia-vinculacion-sectores-productivos-escuelas-2\/#primaryimage"},"thumbnailUrl":"https:\/\/www.sonoraenequipo.com.mx\/storage\/2018\/03\/impulsaSE_opt1.jpg","articleSection":["Sin categorizar","Sonora"],"inLanguage":"es","potentialAction":[{"@type":"CommentAction","name":"Comment","target":["https:\/\/www.sonoraenequipo.com.mx\/impulsa-secretaria-economia-vinculacion-sectores-productivos-escuelas-2\/#respond"]}]},{"@type":"WebPage","@id":"https:\/\/www.sonoraenequipo.com.mx\/impulsa-secretaria-economia-vinculacion-sectores-productivos-escuelas-2\/","url":"https:\/\/www.sonoraenequipo.com.mx\/impulsa-secretaria-economia-vinculacion-sectores-productivos-escuelas-2\/","name":"Sonora en Equipo. Impulsa Secretar\u00eda de Econom\u00eda vinculaci\u00f3n sectores productivos - escuelas Sin categorizar","isPartOf":{"@id":"https:\/\/www.sonoraenequipo.com.mx\/#website"},"primaryImageOfPage":{"@id":"https:\/\/www.sonoraenequipo.com.mx\/impulsa-secretaria-economia-vinculacion-sectores-productivos-escuelas-2\/#primaryimage"},"image":{"@id":"https:\/\/www.sonoraenequipo.com.mx\/impulsa-secretaria-economia-vinculacion-sectores-productivos-escuelas-2\/#primaryimage"},"thumbnailUrl":"https:\/\/www.sonoraenequipo.com.mx\/storage\/2018\/03\/impulsaSE_opt1.jpg","datePublished":"2018-03-13T23:55:02+00:00","dateModified":"2018-03-14T01:43:08+00:00","description":"HERMOSILLO, SONORA. MX. \u2014 Para dar continuidad al trabajo conjunto entre Gobierno del Estado, empresas y sector educativo, las secretar\u00edas de Econom\u00eda y En Sonora en Equipo publicamos toda la informaci\u00f3n de Sonora, M\u00e9xico y el Mundo de manera oportuna y busca que la libertad de expresi\u00f3n sea real. Visita nuestro medio informativo publicado desde Hermosillo, Sonora. %","breadcrumb":{"@id":"https:\/\/www.sonoraenequipo.com.mx\/impulsa-secretaria-economia-vinculacion-sectores-productivos-escuelas-2\/#breadcrumb"},"inLanguage":"es","potentialAction":[{"@type":"ReadAction","target":["https:\/\/www.sonoraenequipo.com.mx\/impulsa-secretaria-economia-vinculacion-sectores-productivos-escuelas-2\/"]}]},{"@type":"ImageObject","inLanguage":"es","@id":"https:\/\/www.sonoraenequipo.com.mx\/impulsa-secretaria-economia-vinculacion-sectores-productivos-escuelas-2\/#primaryimage","url":"https:\/\/www.sonoraenequipo.com.mx\/storage\/2018\/03\/impulsaSE_opt1.jpg","contentUrl":"https:\/\/www.sonoraenequipo.com.mx\/storage\/2018\/03\/impulsaSE_opt1.jpg","width":675,"height":450},{"@type":"BreadcrumbList","@id":"https:\/\/www.sonoraenequipo.com.mx\/impulsa-secretaria-economia-vinculacion-sectores-productivos-escuelas-2\/#breadcrumb","itemListElement":[{"@type":"ListItem","position":1,"name":"Portada","item":"https:\/\/www.sonoraenequipo.com.mx\/"},{"@type":"ListItem","position":2,"name":"Impulsa Secretar\u00eda de Econom\u00eda vinculaci\u00f3n sectores productivos &#8211; escuelas"}]},{"@type":"WebSite","@id":"https:\/\/www.sonoraenequipo.com.mx\/#website","url":"https:\/\/www.sonoraenequipo.com.mx\/","name":"Sonora en Equipo.","description":"Diario en l\u00ednea con Noticias desde Hermosillo, Sonora","publisher":{"@id":"https:\/\/www.sonoraenequipo.com.mx\/#organization"},"potentialAction":[{"@type":"SearchAction","target":{"@type":"EntryPoint","urlTemplate":"https:\/\/www.sonoraenequipo.com.mx\/?s={search_term_string}"},"query-input":{"@type":"PropertyValueSpecification","valueRequired":true,"valueName":"search_term_string"}}],"inLanguage":"es"},{"@type":"Organization","@id":"https:\/\/www.sonoraenequipo.com.mx\/#organization","name":"Sonoraenequipo.com.mx","url":"https:\/\/www.sonoraenequipo.com.mx\/","logo":{"@type":"ImageObject","inLanguage":"es","@id":"https:\/\/www.sonoraenequipo.com.mx\/#\/schema\/logo\/image\/","url":"https:\/\/www.sonoraenequipo.com.mx\/storage\/2019\/01\/sonoraenequipo_opt.png","contentUrl":"https:\/\/www.sonoraenequipo.com.mx\/storage\/2019\/01\/sonoraenequipo_opt.png","width":375,"height":125,"caption":"Sonoraenequipo.com.mx"},"image":{"@id":"https:\/\/www.sonoraenequipo.com.mx\/#\/schema\/logo\/image\/"},"sameAs":["https:\/\/www.facebook.com\/SonoraEE\/","https:\/\/x.com\/sonoraenequipo","https:\/\/www.youtube.com\/channel\/UC338nW-lPEYmJQs4ZABQ1SQ"]},{"@type":"Person","@id":"https:\/\/www.sonoraenequipo.com.mx\/#\/schema\/person\/50102df0fb23a8fa9e8effad8fa81386","name":"enequipo","image":{"@type":"ImageObject","inLanguage":"es","@id":"https:\/\/www.sonoraenequipo.com.mx\/#\/schema\/person\/image\/","url":"https:\/\/secure.gravatar.com\/avatar\/049821681b589dabc0bc20695993ccebb09f5b5d4d790cd9251b97faac7c652b?s=96&d=blank&r=g","contentUrl":"https:\/\/secure.gravatar.com\/avatar\/049821681b589dabc0bc20695993ccebb09f5b5d4d790cd9251b97faac7c652b?s=96&d=blank&r=g","caption":"enequipo"},"sameAs":["https:\/\/www.facebook.com\/SonoraEE"]}]}},"jetpack_featured_media_url":"https:\/\/www.sonoraenequipo.com.mx\/storage\/2018\/03\/impulsaSE_opt1.jpg","_links":{"self":[{"href":"https:\/\/www.sonoraenequipo.com.mx\/api\/wp\/v2\/posts\/33512","targetHints":{"allow":["GET"]}}],"collection":[{"href":"https:\/\/www.sonoraenequipo.com.mx\/api\/wp\/v2\/posts"}],"about":[{"href":"https:\/\/www.sonoraenequipo.com.mx\/api\/wp\/v2\/types\/post"}],"author":[{"embeddable":true,"href":"https:\/\/www.sonoraenequipo.com.mx\/api\/wp\/v2\/users\/1"}],"replies":[{"embeddable":true,"href":"https:\/\/www.sonoraenequipo.com.mx\/api\/wp\/v2\/comments?post=33512"}],"version-history":[{"count":0,"href":"https:\/\/www.sonoraenequipo.com.mx\/api\/wp\/v2\/posts\/33512\/revisions"}],"wp:featuredmedia":[{"embeddable":true,"href":"https:\/\/www.sonoraenequipo.com.mx\/api\/wp\/v2\/media\/33513"}],"wp:attachment":[{"href":"https:\/\/www.sonoraenequipo.com.mx\/api\/wp\/v2\/media?parent=33512"}],"wp:term":[{"taxonomy":"category","embeddable":true,"href":"https:\/\/www.sonoraenequipo.com.mx\/api\/wp\/v2\/categories?post=33512"},{"taxonomy":"post_tag","embeddable":true,"href":"https:\/\/www.sonoraenequipo.com.mx\/api\/wp\/v2\/tags?post=33512"}],"curies":[{"name":"wp","href":"https:\/\/api.w.org\/{rel}","templated":true}]}}